{"id":50342,"date":"2022-04-02T05:00:17","date_gmt":"2022-04-02T08:00:17","guid":{"rendered":"http:\/\/aarquiteta.com.br\/?p=50342"},"modified":"2024-09-15T08:40:01","modified_gmt":"2024-09-15T11:40:01","slug":"o-que-e-torneira-gourmet","status":"publish","type":"post","link":"https:\/\/www.aarquiteta.com.br\/blog\/o-que-e-torneira-gourmet\/","title":{"rendered":"Torneira Gourmet &#8211; Dicas de como usar em sua cozinha."},"content":{"rendered":"<p>Torneira Gourmet, Febre entre os Arquitetos nos novos projetos, conquista e <strong>encanta por sua beleza, impon\u00eancia e funcionalidades<\/strong>.<\/p><p>Elas despertam paix\u00e3o por onde passa e torna-se o <strong>centro das aten\u00e7\u00f5es<\/strong> na <a href=\"https:\/\/www.aarquiteta.com.br\/blog\/decoracao\/ambientes-na-decoracao\/decoracao-de-cozinha\/\">cozinha<\/a> al\u00e9m de <strong>prometer facilitar a vida das donas de casa.<\/strong><\/p><h2>Por que o nome Torneira Gourmet?<\/h2><p>Em suma, em compara\u00e7\u00e3o com as torneiras tradicionais, a torneira Gourmet \u00e9 apenas um modelo de torneira mais refinado.<\/p><p>Tem um design mais requintado e inspira-se nas cozinhas industriais, onde a torneira necessita de ser mais regul\u00e1vel e dur\u00e1vel.<\/p><h2>Para que serve uma Torneira Gourmet?<\/h2><div class=\"jss168\">Comparada com a torneira tradicional, a torneira gourmet \u00e9 um modelo mais refinado.<\/div><div class=\"jss168\">A maioria dos modelos de torneiras gourmet, al\u00e9m de possu\u00edrem duas v\u00e1lvulas, mudam de um lado para o outro, sendo uma mola para estender a mangueira ligada \u00e0 torneira.<\/div><p><img decoding=\"async\" class=\"size-full wp-image-7453 aligncenter\" src=\"https:\/\/www.aarquiteta.com.br\/blog\/wp-content\/uploads\/2016\/03\/torneira-gourmet-01.jpg\" alt=\"torneira-gourmet-01\" width=\"616\" height=\"369\" title=\"\" srcset=\"https:\/\/www.aarquiteta.com.br\/blog\/wp-content\/uploads\/2016\/03\/torneira-gourmet-01.jpg 616w, https:\/\/www.aarquiteta.com.br\/blog\/wp-content\/uploads\/2016\/03\/torneira-gourmet-01-150x90.jpg 150w\" sizes=\"(max-width: 616px) 100vw, 616px\" \/><\/p><p>Mas ser\u00e1 que as torneiras gourmet ficam bem em todo tipo de cozinha?<\/p><p>Por apresentar <strong>dimens\u00f5es e design diferenciados<\/strong> \u00e9 importante pensarmos o <a href=\"https:\/\/www.aarquiteta.com.br\/blog\/?s=PROJETO\">projeto<\/a> com correto posicionamento das torneiras gourmet de forma a <strong>promovermos a valoriza\u00e7\u00e3o da cozinha <\/strong>com um todo.<\/p><p>Cozinhas em ilha, pela localiza\u00e7\u00e3o central da pia costumam proporcionar um maior grau de <strong>destaque a pe\u00e7a,<\/strong> dando um charme especial a pia, que geralmente tamb\u00e9m \u00e9 gourmet.<\/p><p><img decoding=\"async\" class=\"size-full wp-image-7454 aligncenter\" src=\"https:\/\/www.aarquiteta.com.br\/blog\/wp-content\/uploads\/2016\/03\/torneira-gourmet-02.jpg\" alt=\"torneira-gourmet-02\" width=\"736\" height=\"420\" title=\"\" srcset=\"https:\/\/www.aarquiteta.com.br\/blog\/wp-content\/uploads\/2016\/03\/torneira-gourmet-02.jpg 736w, https:\/\/www.aarquiteta.com.br\/blog\/wp-content\/uploads\/2016\/03\/torneira-gourmet-02-696x397.jpg 696w, https:\/\/www.aarquiteta.com.br\/blog\/wp-content\/uploads\/2016\/03\/torneira-gourmet-02-150x86.jpg 150w\" sizes=\"(max-width: 736px) 100vw, 736px\" \/><\/p><p>Em bancadas de formato linear recostadas em <a href=\"https:\/\/www.aarquiteta.com.br\/blog\/?s=PAREDE\">parede<\/a> com arm\u00e1rios instalados sobre a pia, s\u00e3o necess\u00e1rios alguns <strong>cuidados b\u00e1sicos<\/strong> para que a <strong>altura dos arm\u00e1rios n\u00e3o &#8220;sufoquem a torneira gourmet<\/strong>&#8221; dando aquela <strong>sensa\u00e7\u00e3o de achatamento,<\/strong> perdendo assim a suntuosidade natural que elas apresentam.<\/p><p>Nesses casos <strong>verifique o tamanho do modelo escolhido <\/strong>e o local a ser instalada.<\/p><p>A dist\u00e2ncia da pia at\u00e9 o arm\u00e1rio superior deve ser <strong>proporcional e compat\u00edvel <\/strong>com o modelo escolhido.<\/p><p>Verifique tamb\u00e9m se para a mesma torneira gourmet h\u00e1 diferentes tamanhos e altura, pois sei que as maiores s\u00e3o as mais cobi\u00e7adas, mas \u00e9 melhor optarmos por um modelo de altura menor que seja proporcionalmente compat\u00edvel com o local do que ofuscarmos a beleza do nosso objeto de desejo.<\/p><p><img decoding=\"async\" class=\"alignnone wp-image-7455 size-medium\" src=\"https:\/\/www.aarquiteta.com.br\/blog\/wp-content\/uploads\/2016\/03\/torneira-gourmet-desenh0-01-300x300.jpg\" alt=\"torneira-gourmet-desenh0-01\" width=\"300\" height=\"300\" title=\"\"> <img decoding=\"async\" class=\"alignnone size-medium wp-image-7456\" src=\"https:\/\/www.aarquiteta.com.br\/blog\/wp-content\/uploads\/2016\/03\/torneira-gourmet-desenho-02-300x298.jpg\" alt=\"torneira-gourmet-desenho-02\" width=\"300\" height=\"298\" title=\"\"><\/p><p>Al\u00e9m do tamanho, outra situa\u00e7\u00e3o que pode causar desvaloriza\u00e7\u00e3o da torneira gourmet \u00e9 o tom de fundo adotado no revestimento da parede.<\/p><p>Alguns tons de pastilhas ou cer\u00e2micas podem \u201c<strong>ofuscar o brilho\u201d<\/strong> da sua <a href=\"https:\/\/www.aarquiteta.com.br\/blog\/cursos-de-arquitetura-e-decoracao\/curso-de-gerenciamento-de-obras\">obra<\/a> de arte.<\/p><p>Busque por op\u00e7\u00f5es que contrastem e n\u00e3o apaguem ou <strong>roubem a aten\u00e7\u00e3o<\/strong> que seria <strong>da torneira<\/strong>. Uma <strong>ilumina\u00e7\u00e3o especial<\/strong> direcionada sobre a torneira, al\u00e9m de ajudar na ilumina\u00e7\u00e3o, tamb\u00e9m <strong>ajuda na valoriza\u00e7\u00e3o da pe\u00e7a<\/strong>.<\/p><p><img decoding=\"async\" class=\"wp-image-7457 size-full aligncenter\" src=\"https:\/\/www.aarquiteta.com.br\/blog\/wp-content\/uploads\/2016\/03\/torneira-gourmet-com-especificacoes01.jpg\" alt=\"torneira-gourmet-com-especificacoes01\" width=\"640\" height=\"629\" title=\"\" srcset=\"https:\/\/www.aarquiteta.com.br\/blog\/wp-content\/uploads\/2016\/03\/torneira-gourmet-com-especificacoes01.jpg 640w, https:\/\/www.aarquiteta.com.br\/blog\/wp-content\/uploads\/2016\/03\/torneira-gourmet-com-especificacoes01-150x147.jpg 150w\" sizes=\"(max-width: 640px) 100vw, 640px\" \/><\/p><p><strong>Aten\u00e7\u00e3o:<\/strong> Uma m\u00e1 escolha do revestimento de fundo, tamanho e modelo da pe\u00e7a, e pouca ilumina\u00e7\u00e3o pode <strong>comprometer a beleza<\/strong> da torneira gourmet <strong>n\u00e3o justificando assim o investimento<\/strong>.<\/p><h2>Modelos de torneira gourmet com filtro<\/h2><p>Encontradas em diversas marcas, sugiro que antes de sair comprando a primeira, a mais bonita ou a mais barata, <strong>pesquise e verifique a qualidade e as funcionalidades <\/strong>de cada modelo para ter certeza de ter escolhido o modelo que melhor venha lhe atender.<\/p><p><img decoding=\"async\" class=\"size-full wp-image-7458 aligncenter\" src=\"https:\/\/www.aarquiteta.com.br\/blog\/wp-content\/uploads\/2016\/03\/torneiras-gourmet-cromada-com-filtro-informacoes02.png\" alt=\"torneiras-gourmet-cromada-com-filtro-informacoes02\" width=\"627\" height=\"265\" title=\"\" srcset=\"https:\/\/www.aarquiteta.com.br\/blog\/wp-content\/uploads\/2016\/03\/torneiras-gourmet-cromada-com-filtro-informacoes02.png 627w, https:\/\/www.aarquiteta.com.br\/blog\/wp-content\/uploads\/2016\/03\/torneiras-gourmet-cromada-com-filtro-informacoes02-150x63.png 150w\" sizes=\"(max-width: 627px) 100vw, 627px\" \/><\/p><p>Al\u00e9m do quesito<strong> mobilidade<\/strong> que facilita a limpeza da pr\u00f3pria pia e\/ou de alimentos, e ainda do abastecimento de utens\u00edlios sobre a pia,\u00a0<strong>existem modelos<\/strong> que oferecem <strong>ducha extensiva flex\u00edvel de longo alcance<\/strong> com <strong>jato spray de alta performance,<\/strong> misturador com <strong>\u00e1gua quente<\/strong>\u00a0(alguns modelos com sa\u00edda na mesma torneira com <strong>controle gradual de temperatura<\/strong>)\u00a0e\u00a0<strong>sa\u00edda independente para \u00e1gua filtrada,<\/strong> onde o filtro pode ser instalado <strong>sob a pia,<\/strong> proporcionando mais espa\u00e7o livre sobre a\u00a0mesma.<\/p><p><img decoding=\"async\" class=\"wp-image-7459 size-large aligncenter\" src=\"https:\/\/www.aarquiteta.com.br\/blog\/wp-content\/uploads\/2016\/03\/torneiras-gourmet-cromada-com-filtro-informacoes-1024x1024.jpg\" alt=\"torneiras-gourmet-cromada-com-filtro-informacoes\" width=\"960\" height=\"960\" title=\"\" srcset=\"https:\/\/www.aarquiteta.com.br\/blog\/wp-content\/uploads\/2016\/03\/torneiras-gourmet-cromada-com-filtro-informacoes-1024x1024.jpg 1024w, https:\/\/www.aarquiteta.com.br\/blog\/wp-content\/uploads\/2016\/03\/torneiras-gourmet-cromada-com-filtro-informacoes-696x696.jpg 696w, https:\/\/www.aarquiteta.com.br\/blog\/wp-content\/uploads\/2016\/03\/torneiras-gourmet-cromada-com-filtro-informacoes-96x96.jpg 96w, https:\/\/www.aarquiteta.com.br\/blog\/wp-content\/uploads\/2016\/03\/torneiras-gourmet-cromada-com-filtro-informacoes-150x150.jpg 150w, https:\/\/www.aarquiteta.com.br\/blog\/wp-content\/uploads\/2016\/03\/torneiras-gourmet-cromada-com-filtro-informacoes.jpg 1341w\" sizes=\"(max-width: 960px) 100vw, 960px\" \/><\/p><h2>Torneira Gourmet monocomando<\/h2><p>As torneiras gourmet que possuem <strong>mecanismo de monocomando<\/strong> proporcionam praticidade e conforto facilitando o manuseio durante o uso.<\/p><p>Alguns modelos possuem <strong>fun\u00e7\u00e3o anti respingo e acionamento<\/strong> que promove <strong>economia de \u00e1gua<\/strong> com <strong>arejadores redutores de volume<\/strong>, al\u00e9m de disponibilizar dois tipos de jato: <strong>concentrado e spray<\/strong>.<\/p><p style=\"text-align: center;\"><a href=\"https:\/\/www.aarquiteta.com.br\/blog\/wp-content\/uploads\/2016\/03\/caracteristicas-tecnicas-torneira-gourmet.jpg\"><img decoding=\"async\" class=\"wp-image-7451 size-large aligncenter\" src=\"https:\/\/www.aarquiteta.com.br\/blog\/wp-content\/uploads\/2016\/03\/caracteristicas-tecnicas-torneira-gourmet-1024x488.jpg\" alt=\"caracteristicas-tecnicas-torneira-gourmet\" width=\"960\" height=\"458\" title=\"\" srcset=\"https:\/\/www.aarquiteta.com.br\/blog\/wp-content\/uploads\/2016\/03\/caracteristicas-tecnicas-torneira-gourmet-1024x488.jpg 1024w, https:\/\/www.aarquiteta.com.br\/blog\/wp-content\/uploads\/2016\/03\/caracteristicas-tecnicas-torneira-gourmet-696x332.jpg 696w, https:\/\/www.aarquiteta.com.br\/blog\/wp-content\/uploads\/2016\/03\/caracteristicas-tecnicas-torneira-gourmet-150x72.jpg 150w, https:\/\/www.aarquiteta.com.br\/blog\/wp-content\/uploads\/2016\/03\/caracteristicas-tecnicas-torneira-gourmet.jpg 1212w\" sizes=\"(max-width: 960px) 100vw, 960px\" \/><\/a><\/p><h2>Instala\u00e7\u00e3o da torneira gourmet<\/h2><p><strong>Aten\u00e7\u00e3o na hora da instala\u00e7\u00e3o<\/strong>, apesar de n\u00e3o ser uma novidade t\u00e3o recente no mercado, n\u00e3o s\u00e3o todos os profissionais de obra que tem como especialidade a instala\u00e7\u00e3o deste tipo de torneira.<\/p><p>Elas <strong>exigem instala\u00e7\u00e3o especial<\/strong>\u00a0e a falta de conhecimento especializado pode causar danos e preju\u00edzos irrepar\u00e1veis a pe\u00e7a.<\/p><p><img decoding=\"async\" class=\"wp-image-7460 size-full aligncenter\" src=\"https:\/\/www.aarquiteta.com.br\/blog\/wp-content\/uploads\/2016\/03\/torneira-gourmet-especificacoes02.jpg\" alt=\"torneira-gourmet-especificacoes02\" width=\"1024\" height=\"1024\" title=\"\" srcset=\"https:\/\/www.aarquiteta.com.br\/blog\/wp-content\/uploads\/2016\/03\/torneira-gourmet-especificacoes02.jpg 1024w, https:\/\/www.aarquiteta.com.br\/blog\/wp-content\/uploads\/2016\/03\/torneira-gourmet-especificacoes02-696x696.jpg 696w, https:\/\/www.aarquiteta.com.br\/blog\/wp-content\/uploads\/2016\/03\/torneira-gourmet-especificacoes02-96x96.jpg 96w, https:\/\/www.aarquiteta.com.br\/blog\/wp-content\/uploads\/2016\/03\/torneira-gourmet-especificacoes02-150x150.jpg 150w\" sizes=\"(max-width: 1024px) 100vw, 1024px\" \/><\/p><h3>Pre\u00e7os de torneiras gourmet<\/h3><p>Os <strong>pre\u00e7os variam<\/strong> conforme <strong>modelo e marca.<\/strong><\/p><p>\u00c9 poss\u00edvel comprar em lojas f\u00edsicas ou sites na internet, inclusive internacionais como Aliexpress.<\/p><p>N\u00e3o se assuste!<\/p><p>\u00c9 preciso muita pesquisa para economizar, pois, h\u00e1 muita variedade de modelos e pre\u00e7os.<\/p><p>Claro que uma torneira especial como as gourmet tamb\u00e9m possui um valor de investimento de acordo, muitas vezes superior ao encontrado em uma torneira comum.<\/p><p><strong>Mas quem resiste ao charme de uma torneira gourmet?\u00a0<\/strong>Gostou?<\/p><p>Para fazer o download de alguns modelos das torneiras gourmet do mercado, <strong>basta clicar no link abaixo.<\/strong><\/p><p><strong><a href=\"https:\/\/www.aarquiteta.com.br\/blog\/wp-content\/uploads\/torneiras-gourmet-a-arquiteta.zip\">&gt;&gt;&gt; Receber Modelos Torneira Gourmet &gt;&gt;&gt;<\/a><\/strong><\/p><h3><strong>Modelos de torneiras gourmet\u00a0<\/strong><\/h3><p><a href=\"https:\/\/www.aarquiteta.com.br\/blog\/wp-content\/uploads\/2016\/03\/torneira-gourmet-prata-exemplo01.png\"><img decoding=\"async\" class=\"alignnone size-full wp-image-7461\" src=\"https:\/\/www.aarquiteta.com.br\/blog\/wp-content\/uploads\/2016\/03\/torneira-gourmet-prata-exemplo01.png\" alt=\"torneira-gourmet-prata-exemplo01\" width=\"320\" height=\"502\" title=\"\" srcset=\"https:\/\/www.aarquiteta.com.br\/blog\/wp-content\/uploads\/2016\/03\/torneira-gourmet-prata-exemplo01.png 320w, https:\/\/www.aarquiteta.com.br\/blog\/wp-content\/uploads\/2016\/03\/torneira-gourmet-prata-exemplo01-150x235.png 150w\" sizes=\"(max-width: 320px) 100vw, 320px\" \/><\/a> <a href=\"https:\/\/www.aarquiteta.com.br\/blog\/wp-content\/uploads\/2016\/03\/torneira-gourmet-prata-exemplo02.png\"><img decoding=\"async\" class=\"alignnone size-medium wp-image-7462\" src=\"https:\/\/www.aarquiteta.com.br\/blog\/wp-content\/uploads\/2016\/03\/torneira-gourmet-prata-exemplo02-209x300.png\" alt=\"torneira-gourmet-prata-exemplo02\" width=\"209\" height=\"300\" title=\"\"><\/a> <a href=\"https:\/\/www.aarquiteta.com.br\/blog\/wp-content\/uploads\/2016\/03\/torneira-gourmet-cromada-exemplo-2.jpg\"><img decoding=\"async\" class=\"alignnone size-medium wp-image-7466\" src=\"https:\/\/www.aarquiteta.com.br\/blog\/wp-content\/uploads\/2016\/03\/torneira-gourmet-cromada-exemplo-2-204x300.jpg\" alt=\"torneira-gourmet-cromada-exemplo 2\" width=\"204\" height=\"300\" title=\"\"><\/a><a href=\"https:\/\/www.aarquiteta.com.br\/blog\/wp-content\/uploads\/2016\/03\/torneira-gourmet-cromada-com-filtro-exemplo01.png\"><img decoding=\"async\" class=\"alignnone size-medium wp-image-7464\" src=\"https:\/\/www.aarquiteta.com.br\/blog\/wp-content\/uploads\/2016\/03\/torneira-gourmet-cromada-com-filtro-exemplo01-300x244.png\" alt=\"torneira-gourmet-cromada-com-filtro-exemplo01\" width=\"300\" height=\"244\" title=\"\"><\/a><a href=\"https:\/\/www.aarquiteta.com.br\/blog\/wp-content\/uploads\/2016\/03\/torneira-gourmet-cromada-exemplo.jpg\"><img decoding=\"async\" class=\"alignnone size-medium wp-image-7467\" src=\"https:\/\/www.aarquiteta.com.br\/blog\/wp-content\/uploads\/2016\/03\/torneira-gourmet-cromada-exemplo-200x300.jpg\" alt=\"torneira-gourmet-cromada-exemplo\" width=\"200\" height=\"300\" title=\"\"><\/a><a href=\"https:\/\/www.aarquiteta.com.br\/blog\/wp-content\/uploads\/2016\/03\/torneira-gourmet-prata-exemplo03.png\"><img decoding=\"async\" class=\"alignnone size-medium wp-image-7463\" src=\"https:\/\/www.aarquiteta.com.br\/blog\/wp-content\/uploads\/2016\/03\/torneira-gourmet-prata-exemplo03-300x244.png\" alt=\"torneira-gourmet-prata-exemplo03\" width=\"300\" height=\"244\" title=\"\"><\/a>\u00a0 <a href=\"https:\/\/www.aarquiteta.com.br\/blog\/wp-content\/uploads\/2016\/03\/torneira-gourmet-cromada-com-filtro-exemplo02.jpg\"><img decoding=\"async\" class=\"alignnone size-medium wp-image-7465\" src=\"https:\/\/www.aarquiteta.com.br\/blog\/wp-content\/uploads\/2016\/03\/torneira-gourmet-cromada-com-filtro-exemplo02-292x300.jpg\" alt=\"torneira-gourmet-cromada-com-filtro-exemplo02\" width=\"292\" height=\"300\" title=\"\"><\/a><\/p><h2><\/h2><p>Assista a resenha da minha Torneira Gourmet Kraus KPF2730:<\/p><p><iframe src=\"https:\/\/www.youtube.com\/embed\/gMvmUJPiUW0\" width=\"560\" height=\"315\" frameborder=\"0\" allowfullscreen=\"allowfullscreen\"><\/iframe><\/p><h3><strong>E a\u00ed, gostou do artigo sobre Torneira Gourmet?<\/strong><\/h3><p><strong>Ent\u00e3o compartilhe com os amigos!<\/strong><\/p><p>Ent\u00e3o compartilhe com os amigos e\u00a0n\u00e3o se esque\u00e7a de me deixar saber nos coment\u00e1rios se sua fam\u00edlia aprovou!<\/p><p>Se voc\u00ea quiser ver outras receitas deliciosas como esta deslize a tela para baixo e confira as del\u00edcias que separamos para voc\u00ea:<\/p><div id='gallery-1' class='gallery galleryid-50342 gallery-columns-3 gallery-size-thumbnail'><figure class='gallery-item'>\t\t\t<div class='gallery-icon landscape'>\t\t\t\t<a href='https:\/\/www.aarquiteta.com.br\/blog\/crepioca-de-espinafre-fit\/'><img decoding=\"async\" width=\"128\" height=\"79\" src=\"https:\/\/www.aarquiteta.com.br\/blog\/wp-content\/uploads\/2022\/03\/crepioca-de-espinafre-fit.jpg\" class=\"attachment-thumbnail size-thumbnail\" alt=\"crepioca de espinafre fit\" aria-describedby=\"gallery-1-46974\" srcset=\"https:\/\/www.aarquiteta.com.br\/blog\/wp-content\/uploads\/2022\/03\/crepioca-de-espinafre-fit.jpg 765w, https:\/\/www.aarquiteta.com.br\/blog\/wp-content\/uploads\/2022\/03\/crepioca-de-espinafre-fit-696x430.jpg 696w, https:\/\/www.aarquiteta.com.br\/blog\/wp-content\/uploads\/2022\/03\/crepioca-de-espinafre-fit-150x93.jpg 150w\" sizes=\"(max-width: 128px) 100vw, 128px\" title=\"\"><\/a>\t\t\t<\/div>\t\t\t\t<figcaption class='wp-caption-text gallery-caption' id='gallery-1-46974'>\t\t\t\tBrigadeiro de Colher com Kit Kat &#8211; As crian\u00e7as v\u00e3o pirar!\t\t\t\t<\/figcaption><\/figure><figure class='gallery-item'>\t\t\t<div class='gallery-icon landscape'>\t\t\t\t<a href='https:\/\/www.aarquiteta.com.br\/blog\/mousse-de-maracuja-com-iogurte\/'><img decoding=\"async\" width=\"128\" height=\"90\" src=\"https:\/\/www.aarquiteta.com.br\/blog\/wp-content\/uploads\/2021\/11\/mousse-de-maracuja-com-iogurte.jpg\" class=\"attachment-thumbnail size-thumbnail\" alt=\"Mousse de Maracuj\u00e1 Fit - Gostosa e Saud\u00e1vel!\" aria-describedby=\"gallery-1-35754\" srcset=\"https:\/\/www.aarquiteta.com.br\/blog\/wp-content\/uploads\/2021\/11\/mousse-de-maracuja-com-iogurte.jpg 730w, https:\/\/www.aarquiteta.com.br\/blog\/wp-content\/uploads\/2021\/11\/mousse-de-maracuja-com-iogurte-696x491.jpg 696w, https:\/\/www.aarquiteta.com.br\/blog\/wp-content\/uploads\/2021\/11\/mousse-de-maracuja-com-iogurte-150x106.jpg 150w\" sizes=\"(max-width: 128px) 100vw, 128px\" title=\"\"><\/a>\t\t\t<\/div>\t\t\t\t<figcaption class='wp-caption-text gallery-caption' id='gallery-1-35754'>\t\t\t\tMousse de Maracuj\u00e1 Fit &#8211; Gostosa e Saud\u00e1vel!\t\t\t\t<\/figcaption><\/figure><figure class='gallery-item'>\t\t\t<div class='gallery-icon landscape'>\t\t\t\t<a href='https:\/\/www.aarquiteta.com.br\/blog\/receita-de-barrinha-de-cereal-de-linhaca-2\/'><img decoding=\"async\" width=\"128\" height=\"85\" src=\"https:\/\/www.aarquiteta.com.br\/blog\/wp-content\/uploads\/2022\/03\/Receita-de-Barrinha-de-Cereal-de-Linhaca.jpg\" class=\"attachment-thumbnail size-thumbnail\" alt=\"Receita de Barrinha de Cereal de Linha\u00e7a\" aria-describedby=\"gallery-1-50119\" srcset=\"https:\/\/www.aarquiteta.com.br\/blog\/wp-content\/uploads\/2022\/03\/Receita-de-Barrinha-de-Cereal-de-Linhaca.jpg 1200w, https:\/\/www.aarquiteta.com.br\/blog\/wp-content\/uploads\/2022\/03\/Receita-de-Barrinha-de-Cereal-de-Linhaca-1024x683.jpg 1024w, https:\/\/www.aarquiteta.com.br\/blog\/wp-content\/uploads\/2022\/03\/Receita-de-Barrinha-de-Cereal-de-Linhaca-696x464.jpg 696w, https:\/\/www.aarquiteta.com.br\/blog\/wp-content\/uploads\/2022\/03\/Receita-de-Barrinha-de-Cereal-de-Linhaca-150x100.jpg 150w\" sizes=\"(max-width: 128px) 100vw, 128px\" title=\"\"><\/a>\t\t\t<\/div>\t\t\t\t<figcaption class='wp-caption-text gallery-caption' id='gallery-1-50119'>\t\t\t\tReceita de Barrinha de Cereal de Linha\u00e7a\t\t\t\t<\/figcaption><\/figure><figure class='gallery-item'>\t\t\t<div class='gallery-icon landscape'>\t\t\t\t<a href='https:\/\/www.aarquiteta.com.br\/blog\/receita-de-barrinha-de-cereal-de-aveia-com-castanhas-2\/'><img decoding=\"async\" width=\"128\" height=\"85\" src=\"https:\/\/www.aarquiteta.com.br\/blog\/wp-content\/uploads\/2022\/03\/Receita-de-Barrinha-de-Cereal-de-Aveia-com-Castanhas.jpg\" class=\"attachment-thumbnail size-thumbnail\" alt=\"Receita de Barrinha de Cereal de Aveia com Castanhas\" aria-describedby=\"gallery-1-50134\" srcset=\"https:\/\/www.aarquiteta.com.br\/blog\/wp-content\/uploads\/2022\/03\/Receita-de-Barrinha-de-Cereal-de-Aveia-com-Castanhas.jpg 1200w, https:\/\/www.aarquiteta.com.br\/blog\/wp-content\/uploads\/2022\/03\/Receita-de-Barrinha-de-Cereal-de-Aveia-com-Castanhas-1024x683.jpg 1024w, https:\/\/www.aarquiteta.com.br\/blog\/wp-content\/uploads\/2022\/03\/Receita-de-Barrinha-de-Cereal-de-Aveia-com-Castanhas-696x464.jpg 696w, https:\/\/www.aarquiteta.com.br\/blog\/wp-content\/uploads\/2022\/03\/Receita-de-Barrinha-de-Cereal-de-Aveia-com-Castanhas-150x100.jpg 150w\" sizes=\"(max-width: 128px) 100vw, 128px\" title=\"\"><\/a>\t\t\t<\/div>\t\t\t\t<figcaption class='wp-caption-text gallery-caption' id='gallery-1-50134'>\t\t\t\tReceita de Barrinha de Cereal de Aveia com Castanhas\t\t\t\t<\/figcaption><\/figure><figure class='gallery-item'>\t\t\t<div class='gallery-icon landscape'>\t\t\t\t<a href='https:\/\/www.aarquiteta.com.br\/blog\/receita-de-cookies-de-amendoim-2\/'><img decoding=\"async\" width=\"128\" height=\"85\" src=\"https:\/\/www.aarquiteta.com.br\/blog\/wp-content\/uploads\/2022\/03\/Receita-de-Cookies-de-Amendoim-.jpg\" class=\"attachment-thumbnail size-thumbnail\" alt=\"Receita de Cookies de Amendoim - Sem gl\u00faten!\" aria-describedby=\"gallery-1-50125\" srcset=\"https:\/\/www.aarquiteta.com.br\/blog\/wp-content\/uploads\/2022\/03\/Receita-de-Cookies-de-Amendoim-.jpg 1200w, https:\/\/www.aarquiteta.com.br\/blog\/wp-content\/uploads\/2022\/03\/Receita-de-Cookies-de-Amendoim--1024x683.jpg 1024w, https:\/\/www.aarquiteta.com.br\/blog\/wp-content\/uploads\/2022\/03\/Receita-de-Cookies-de-Amendoim--696x464.jpg 696w, https:\/\/www.aarquiteta.com.br\/blog\/wp-content\/uploads\/2022\/03\/Receita-de-Cookies-de-Amendoim--150x100.jpg 150w\" sizes=\"(max-width: 128px) 100vw, 128px\" title=\"\"><\/a>\t\t\t<\/div>\t\t\t\t<figcaption class='wp-caption-text gallery-caption' id='gallery-1-50125'>\t\t\t\tReceita de Cookies de Amendoim &#8211; Sem gl\u00faten!\t\t\t\t<\/figcaption><\/figure><figure class='gallery-item'>\t\t\t<div class='gallery-icon landscape'>\t\t\t\t<a href='https:\/\/www.aarquiteta.com.br\/blog\/receita-de-cookies-de-banana-e-amendoim-2\/'><img decoding=\"async\" width=\"128\" height=\"85\" src=\"https:\/\/www.aarquiteta.com.br\/blog\/wp-content\/uploads\/2022\/03\/Receita-de-Cookies-de-Banana-e-Amendoim-.jpg\" class=\"attachment-thumbnail size-thumbnail\" alt=\"Receita de Cookies de Banana e Amendoim\" aria-describedby=\"gallery-1-50113\" srcset=\"https:\/\/www.aarquiteta.com.br\/blog\/wp-content\/uploads\/2022\/03\/Receita-de-Cookies-de-Banana-e-Amendoim-.jpg 1200w, https:\/\/www.aarquiteta.com.br\/blog\/wp-content\/uploads\/2022\/03\/Receita-de-Cookies-de-Banana-e-Amendoim--1024x683.jpg 1024w, https:\/\/www.aarquiteta.com.br\/blog\/wp-content\/uploads\/2022\/03\/Receita-de-Cookies-de-Banana-e-Amendoim--696x464.jpg 696w, https:\/\/www.aarquiteta.com.br\/blog\/wp-content\/uploads\/2022\/03\/Receita-de-Cookies-de-Banana-e-Amendoim--150x100.jpg 150w\" sizes=\"(max-width: 128px) 100vw, 128px\" title=\"\"><\/a>\t\t\t<\/div>\t\t\t\t<figcaption class='wp-caption-text gallery-caption' id='gallery-1-50113'>\t\t\t\tReceita de Cookies de Banana e Amendoim \t\t\t\t<\/figcaption><\/figure>\t\t<\/div><h5>Se voc\u00ea gosta de cozinhar que tal come\u00e7ar a decorar?<\/h5><p>Assista este v\u00eddeo abaixo e aprenda estas <a href=\"https:\/\/br.pinterest.com\/aarquitetapinterest\/_created\/\" target=\"_blank\" rel=\"noopener\">dicas valiosas<\/a> para transformar sua casa!<\/p><p><iframe title=\"Decore f\u00e1cil \u2014 10 coisas que voc\u00ea deve evitar ao m\u00e1ximo na decora\u00e7\u00e3o da sua casa!\" width=\"696\" height=\"392\" src=\"https:\/\/www.youtube.com\/embed\/Q4PUm6-3L-0?feature=oembed\" frameborder=\"0\" allow=\"accelerometer; autoplay; clipboard-write; encrypted-media; gyroscope; picture-in-picture; web-share\" allowfullscreen><\/iframe><\/p><h3>\u25baVeja mais!<\/h3><p>Quer mais dicas ent\u00e3o confira alguns dos nossos artigos sobre:<\/p><ul><li><a href=\"https:\/\/www.aarquiteta.com.br\/decoracao\/\" target=\"_blank\" rel=\"noopener\">Decora\u00e7\u00e3o<\/a><\/li><li><a href=\"https:\/\/www.aarquiteta.com.br\/blog\/casa-e-jardim\/\" target=\"_blank\" rel=\"noopener\">Casa e Jardim<\/a><\/li><li><a href=\"https:\/\/www.aarquiteta.com.br\/blog\/arquitetura\/mundo-arquitetura\/\" target=\"_blank\" rel=\"noopener\">Mundo Arquitetura<\/a><\/li><\/ul>","protected":false},"excerpt":{"rendered":"<p>Torneira Gourmet, Febre entre os Arquitetos nos novos projetos, conquista e encanta por sua beleza, impon\u00eancia e funcionalidades.Elas despertam paix\u00e3o por onde passa e torna-se o centro das aten\u00e7\u00f5es na cozinha al\u00e9m de prometer facilitar a vida das donas de casa.Por que o nome Torneira Gourmet?Em suma, em compara\u00e7\u00e3o com as torneiras tradicionais, a torneira [&hellip;]<\/p>\n","protected":false},"author":102,"featured_media":10135,"comment_status":"open","ping_status":"closed","sticky":false,"template":"","format":"standard","meta":{"footnotes":""},"categories":[18754,1484],"tags":[13020,13018,13019],"class_list":["post-50342","post","type-post","status-publish","format-standard","has-post-thumbnail","category-decoracao-de-cozinha","category-decoracao","tag-como-escolher-modelos-de-torneira-gourmet","tag-modelos-de-torneira-gourmet","tag-tipos-modelos-de-torneira-gourmet"],"_wp_attached_file":null,"_wp_attachment_metadata":null,"_wp_attachment_context":null,"_wp_attachment_is_custom_header":null,"geo_longitude":null,"geo_public":null,"geo_latitude":null,"_publicize_done_external":null,"_wpas_done_3897181":null,"publicize_twitter_user":null,"_wpas_done_3897175":null,"_wpas_skip_3897181":null,"_wpas_skip_3897175":null,"_wpas_skip_3924723":null,"_wpas_mess":null,"_wpas_done_3924723":null,"wps_subtitle":"Confira as melhores dicas de Decora\u00e7\u00e3o que separamos para voc\u00ea decorar sua casa e deix\u00e1-la ainda mais aconchegante!","_links":{"self":[{"href":"https:\/\/www.aarquiteta.com.br\/blog\/wp-json\/wp\/v2\/posts\/50342","targetHints":{"allow":["GET"]}}],"collection":[{"href":"https:\/\/www.aarquiteta.com.br\/blog\/wp-json\/wp\/v2\/posts"}],"about":[{"href":"https:\/\/www.aarquiteta.com.br\/blog\/wp-json\/wp\/v2\/types\/post"}],"author":[{"embeddable":true,"href":"https:\/\/www.aarquiteta.com.br\/blog\/wp-json\/wp\/v2\/users\/102"}],"replies":[{"embeddable":true,"href":"https:\/\/www.aarquiteta.com.br\/blog\/wp-json\/wp\/v2\/comments?post=50342"}],"version-history":[{"count":0,"href":"https:\/\/www.aarquiteta.com.br\/blog\/wp-json\/wp\/v2\/posts\/50342\/revisions"}],"wp:featuredmedia":[{"embeddable":true,"href":"https:\/\/www.aarquiteta.com.br\/blog\/wp-json\/wp\/v2\/media\/10135"}],"wp:attachment":[{"href":"https:\/\/www.aarquiteta.com.br\/blog\/wp-json\/wp\/v2\/media?parent=50342"}],"wp:term":[{"taxonomy":"category","embeddable":true,"href":"https:\/\/www.aarquiteta.com.br\/blog\/wp-json\/wp\/v2\/categories?post=50342"},{"taxonomy":"post_tag","embeddable":true,"href":"https:\/\/www.aarquiteta.com.br\/blog\/wp-json\/wp\/v2\/tags?post=50342"}],"curies":[{"name":"wp","href":"https:\/\/api.w.org\/{rel}","templated":true}]}}