{"id":50274,"date":"2022-04-25T02:00:39","date_gmt":"2022-04-25T05:00:39","guid":{"rendered":"http:\/\/aarquiteta.com.br\/?p=50274"},"modified":"2024-09-15T08:39:56","modified_gmt":"2024-09-15T11:39:56","slug":"guarda-roupa-casal","status":"publish","type":"post","link":"https:\/\/www.aarquiteta.com.br\/blog\/guarda-roupa-casal\/","title":{"rendered":"Guarda-Roupa Casal &#8211; 9 dicas para escolher o modelo ideal!"},"content":{"rendered":"<p>Guarda-Roupa Casal- 9 dicas para escolher o modelo ideal! Aprenda a como n\u00e3o cair em ciladas na hora de comprar seu guarda-roupa e tenha um <a href=\"https:\/\/www.aarquiteta.com.br\/blog\/home-decor\/acessorios-para-decoracao\/armarios-e-aparadores\/\" class=\"ilj-generated-link\">arm\u00e1rio<\/a> bonito e funcional como voc\u00ea sempre sonhou!<\/p><p>Confira 9 dicas de como escolher o guarda-roupas ideal e acerte na compra do seu m\u00f3vel! O guarda-roupa faz parte do mobili\u00e1rio de uma <a href=\"https:\/\/www.aarquiteta.com.br\/blog\/casa-e-jardim\/\" class=\"ilj-generated-link\">casa<\/a>, \u00e9 essencial para a organiza\u00e7\u00e3o do nosso dia-a-dia.<\/p><p><img decoding=\"async\" class=\"wp-image-50277 size-full\" title=\"Guarda-Roupa Casal - 9 dicas de como escolher o guarda-roupa ideal!\" src=\"https:\/\/www.aarquiteta.com.br\/blog\/wp-content\/uploads\/2022\/04\/como-escolher-Guarda-Roupa-Casal-.jpg\" alt=\"Guarda-Roupa Casal - 9 dicas de como escolher o guarda-roupa ideal!\" width=\"1200\" height=\"800\" srcset=\"https:\/\/www.aarquiteta.com.br\/blog\/wp-content\/uploads\/2022\/04\/como-escolher-Guarda-Roupa-Casal-.jpg 1200w, https:\/\/www.aarquiteta.com.br\/blog\/wp-content\/uploads\/2022\/04\/como-escolher-Guarda-Roupa-Casal--1024x683.jpg 1024w, https:\/\/www.aarquiteta.com.br\/blog\/wp-content\/uploads\/2022\/04\/como-escolher-Guarda-Roupa-Casal--696x464.jpg 696w, https:\/\/www.aarquiteta.com.br\/blog\/wp-content\/uploads\/2022\/04\/como-escolher-Guarda-Roupa-Casal--150x100.jpg 150w\" sizes=\"(max-width: 1200px) 100vw, 1200px\" \/><\/p><p>Sua fun\u00e7\u00e3o consiste em se alcan\u00e7ar um layout interno que ofere\u00e7a espa\u00e7o de <strong>armazenamento e funcionalidade<\/strong>, al\u00e9m da beleza, j\u00e1 que ningu\u00e9m quer ter um mostro de 2&#215;2 m no quarto.<\/p><p>Na hora de adquirir um guarda-roupa fique atento a <strong>distribui\u00e7\u00e3o de prateleiras, gaveteiros, cabideiros e poss\u00edveis sapateiras.<\/strong><\/p><p>Por isso, escolha fique atento a estas dicas de como acertar na escolha do modelo de guarda-roupa certo para o seu dormit\u00f3rio ou closet.<\/p><p>Se voc\u00ea estiver para casar este \u00e9 o artigo ideal para voc\u00ea, veja a seguir <strong>como escolher o guarda-roupa casal ideal para o seu quarto:<\/strong><\/p><h2><a href=\"https:\/\/amzn.to\/3qyD9P3\" target=\"_blank\" rel=\"noopener\">Guarda roupa Casal \u2014 9 dicas de como escolher o guarda-roupas ideal!<\/a><\/h2><p>Antes de sair a ca\u00e7a do seu novo guarda-roupas casal atente-de a estas dicas e n\u00e3o erre na hora de comprar o seu arm\u00e1rio dos sonhos, confira as 5 dicas a seguir:<\/p><h2>1 \u2014 Tamanho do quarto:<\/h2><p>Antes de comprar um guarda-roupa para sua casa, verifique quanto espa\u00e7o interno voc\u00ea tem em seu quarto.<\/p><p>Me\u00e7a com a ajuda de uma <a href=\"https:\/\/amzn.to\/3qsMZCf\" target=\"_blank\" rel=\"noopener\">trena<\/a>, as dimens\u00f5es internas do seu dormit\u00f3rio e coloque tudo em um papel. Se poss\u00edvel fa\u00e7a uma <a href=\"https:\/\/www.aarquiteta.com.br\/blog\/planta-baixa-o-que-e\/\" target=\"_blank\" rel=\"noopener\">planta-baixa<\/a>, ou seja, um desenho simples, com as medidas da cama, criado-mudo, rack de TV, penteadeira e poltronas.<\/p><figure id=\"attachment_9111\" aria-describedby=\"caption-attachment-9111\" style=\"width: 603px\" class=\"wp-caption aligncenter\"><a href=\"https:\/\/amzn.to\/3qyD9P3\" target=\"_blank\" rel=\"noopener\"><img decoding=\"async\" class=\"wp-image-9111 size-full\" title=\"Guarda-Roupa Casal - 9 dicas de como escolher o guarda-roupa ideal!\" src=\"https:\/\/www.aarquiteta.com.br\/blog\/wp-content\/uploads\/2016\/09\/projeto-executivo-quarto.png\" alt=\"Guarda-Roupa Casal - 9 dicas de como escolher o guarda-roupa ideal!\" width=\"603\" height=\"583\" srcset=\"https:\/\/www.aarquiteta.com.br\/blog\/wp-content\/uploads\/2016\/09\/projeto-executivo-quarto.png 603w, https:\/\/www.aarquiteta.com.br\/blog\/wp-content\/uploads\/2016\/09\/projeto-executivo-quarto-150x145.png 150w\" sizes=\"(max-width: 603px) 100vw, 603px\" \/><\/a><figcaption id=\"caption-attachment-9111\" class=\"wp-caption-text\"><a href=\"https:\/\/amzn.to\/3qyD9P3\" target=\"_blank\" rel=\"noopener\">Guarda-roupa &#8211; 9 dicas de como escolher o guarda-roupas ideal!<\/a><\/figcaption><\/figure><p>Nunca esque\u00e7a de pensar no espa\u00e7o de circula\u00e7\u00e3o entre os m\u00f3veis, afinal voc\u00ea precisa circular no dormit\u00f3rio para acessar a cama, por isso fique atento principalmente a <strong>abertura das portas<\/strong> do guarda-roupa.<\/p><p>Por isso antes de pensar em algum modelo em espec\u00edfico de guarda-roupa, <strong>antecipe-se em verificar o local onde ele ficar\u00e1 acomodado<\/strong> no quarto, pois assim voc\u00ea poder\u00e1 a pensar no pr\u00f3ximo item desta lista:<\/p><h2><a href=\"https:\/\/amzn.to\/3qyD9P3\" target=\"_blank\" rel=\"noopener\">2 \u2014 Guarda roupa modulado casal:<\/a><\/h2><p>Agora que voc\u00ea j\u00e1 sabe o local exato onde ficar\u00e1 o seu guarda-roupa, podemos avan\u00e7ar em outras quest\u00f5es. Seu guarda roupa deve ser de portas de abrir ou de correr (deslizar)?<\/p><h3>Guarda roupa casal <a href=\"https:\/\/amzn.to\/3qyD9P3\" target=\"_blank\" rel=\"noopener\">porta de correr<\/a>:<\/h3><p>N\u00e3o \u00e9 novidade que atualmente existe no mercado v\u00e1rios modelos de guarda-roupas, preste aten\u00e7\u00e3o qual o <strong>tipo de abertura de portas<\/strong> do <a href=\"https:\/\/amzn.to\/3qyD9P3\" target=\"_blank\" rel=\"noopener\">guarda-roupa<\/a> que voc\u00ea precisar\u00e1 adquirir.<\/p>[amazon table=&#8221;83104&#8243;]<p>Ao posicionar seu quarto roupas ao lado de uma cama, por exemplo, tenha em mente que a porta do seu arm\u00e1rio deve abrir totalmente sem esbarrar ou bater em criado-mudo ou qualquer outro m\u00f3vel, ou objeto que esteja no quarto.<\/p><figure id=\"attachment_49152\" aria-describedby=\"caption-attachment-49152\" style=\"width: 700px\" class=\"wp-caption aligncenter\"><a href=\"https:\/\/amzn.to\/356q08q\" target=\"_blank\" rel=\"noopener\"><img decoding=\"async\" class=\"wp-image-49152 size-full\" title=\"Guarda-Roupa Casal - 9 dicas de como escolher o guarda-roupa ideal!\" src=\"https:\/\/www.aarquiteta.com.br\/blog\/wp-content\/uploads\/2022\/03\/Dicas-de-como-organizar-seu-guarda-roupa.4.jpg\" alt=\"Guarda-Roupa Casal - 9 dicas de como escolher o guarda-roupa ideal!\" width=\"700\" height=\"400\" srcset=\"https:\/\/www.aarquiteta.com.br\/blog\/wp-content\/uploads\/2022\/03\/Dicas-de-como-organizar-seu-guarda-roupa.4.jpg 700w, https:\/\/www.aarquiteta.com.br\/blog\/wp-content\/uploads\/2022\/03\/Dicas-de-como-organizar-seu-guarda-roupa.4-696x398.jpg 696w, https:\/\/www.aarquiteta.com.br\/blog\/wp-content\/uploads\/2022\/03\/Dicas-de-como-organizar-seu-guarda-roupa.4-150x86.jpg 150w\" sizes=\"(max-width: 700px) 100vw, 700px\" \/><\/a><figcaption id=\"caption-attachment-49152\" class=\"wp-caption-text\">Guarda-roupa &#8211; 9 dicas de como escolher o guarda-roupas ideal!<\/figcaption><\/figure><p>A \u00e1rea m\u00ednima de circula\u00e7\u00e3o entre o guarda-roupa casal e a cama dever ser confort\u00e1veis 60 cent\u00edmetros, menos que isso, a circula\u00e7\u00e3o come\u00e7a a ficar comprometida:<\/p><p><img decoding=\"async\" class=\"aligncenter wp-image-27041 size-full\" title=\"Guarda-Roupa Casal - 9 dicas de como escolher o guarda-roupa ideal!\" src=\"https:\/\/www.aarquiteta.com.br\/blog\/wp-content\/uploads\/2019\/08\/quarto-560x348.jpg\" alt=\"Guarda-Roupa Casal - 9 dicas de como escolher o guarda-roupa ideal!\" width=\"560\" height=\"348\" srcset=\"https:\/\/www.aarquiteta.com.br\/blog\/wp-content\/uploads\/2019\/08\/quarto-560x348.jpg 560w, https:\/\/www.aarquiteta.com.br\/blog\/wp-content\/uploads\/2019\/08\/quarto-560x348-150x93.jpg 150w\" sizes=\"(max-width: 560px) 100vw, 560px\" \/><\/p><p>Visto que voc\u00ea j\u00e1 sabe o espa\u00e7o determinado que o guarda-roupa casal ir\u00e1 ocupar e calculou o espa\u00e7o da abertura de portas, ent\u00e3o voc\u00ea j\u00e1 conseguir\u00e1 ter uma ideia de que tipo de porta voc\u00ea deve adotar para o seu guarda-roupa.<\/p><p>Se seu quarto tiver espa\u00e7o para a abertura de um porta completa. D\u00ea sempre <a href=\"https:\/\/amzn.to\/3LcKrQx\" target=\"_blank\" rel=\"noopener\">preferencia para as portas de abrir,<\/a> elas s\u00e3o mais pr\u00e1ticas e precisam de menos manuten\u00e7\u00e3o ou reparos que as portas de correr.<\/p><p>Uma porta de correr com ferragens de baixa qualidade pode ter pouco tempo de vida \u00fatil, agora se voc\u00ea tem um quarto pequeno e quer otimizar o espa\u00e7o, um <a href=\"https:\/\/amzn.to\/3tBR5Kk\" target=\"_blank\" rel=\"noopener\">guarda-roupa com portas de correr<\/a> ser\u00e1 fundamental.<\/p><p>Evite guarda-roupas com muitos recortes, d\u00ea prefer\u00eancia a <a href=\"https:\/\/amzn.to\/356q08q\" target=\"_blank\" rel=\"noopener\">guarda-roupa com layout externo mais limpo<\/a>, ou seja, com menos portas e gaveteiros externos:<\/p><figure id=\"attachment_49245\" aria-describedby=\"caption-attachment-49245\" style=\"width: 1023px\" class=\"wp-caption aligncenter\"><a href=\"https:\/\/amzn.to\/356q08q\" target=\"_blank\" rel=\"noopener\"><img decoding=\"async\" class=\"wp-image-49245 size-full\" title=\"Guarda-Roupa Casal - 9 dicas de como escolher o guarda-roupa ideal!\" src=\"https:\/\/www.aarquiteta.com.br\/blog\/wp-content\/uploads\/2022\/01\/guarda-roupa.jpg\" alt=\"Guarda-Roupa Casal - 9 dicas de como escolher o guarda-roupa ideal!\" width=\"1023\" height=\"799\" srcset=\"https:\/\/www.aarquiteta.com.br\/blog\/wp-content\/uploads\/2022\/01\/guarda-roupa.jpg 1023w, https:\/\/www.aarquiteta.com.br\/blog\/wp-content\/uploads\/2022\/01\/guarda-roupa-696x544.jpg 696w, https:\/\/www.aarquiteta.com.br\/blog\/wp-content\/uploads\/2022\/01\/guarda-roupa-150x117.jpg 150w\" sizes=\"(max-width: 1023px) 100vw, 1023px\" \/><\/a><figcaption id=\"caption-attachment-49245\" class=\"wp-caption-text\"><a href=\"https:\/\/amzn.to\/356q08q\" target=\"_blank\" rel=\"noopener\">Guarda-roupa &#8211; 9 dicas de como escolher o guarda-roupas ideal! Evite portas recortas e gaveteiros com acesso externo!<\/a><\/figcaption><\/figure><p>Portas lisas e inteiri\u00e7as que v\u00e3o desde o piso at\u00e9 o teto s\u00e3o mais elegantes e d\u00e3o uma sensa\u00e7\u00e3o de p\u00e9-direito, (altura do piso at\u00e9 o teto) mais longo, o que evitar achatar o ambiente.<\/p><h3><a href=\"https:\/\/amzn.to\/356q08q\" target=\"_blank\" rel=\"noopener\">3 \u2014 Guarda roupa 6 portas espelho:<\/a><\/h3><p>Ao projetar um dormit\u00f3rio n\u00e3o devemos nos esquecer do local onde posicionarmos o espelho. Espelhos fazem parte da funcionalidade de um quarto. Quem pode se vestir, trocar ou se arrumar sem conferir no espelho como roupa que voc\u00ea vestiu ficou em voc\u00ea?<\/p><figure id=\"attachment_41268\" aria-describedby=\"caption-attachment-41268\" style=\"width: 700px\" class=\"wp-caption aligncenter\"><a href=\"https:\/\/amzn.to\/3L8dUes\" target=\"_blank\" rel=\"noopener\"><img decoding=\"async\" class=\"wp-image-41268 size-full\" title=\"Guarda-Roupa Casal - 9 dicas de como escolher o guarda-roupa ideal!\" src=\"https:\/\/www.aarquiteta.com.br\/blog\/wp-content\/uploads\/2022\/01\/Dicas-de-como-escolher-guarda-roupas-de-casal.jpg\" alt=\"Guarda-Roupa Casal - 9 dicas de como escolher o guarda-roupa ideal!\" width=\"700\" height=\"400\" srcset=\"https:\/\/www.aarquiteta.com.br\/blog\/wp-content\/uploads\/2022\/01\/Dicas-de-como-escolher-guarda-roupas-de-casal.jpg 700w, https:\/\/www.aarquiteta.com.br\/blog\/wp-content\/uploads\/2022\/01\/Dicas-de-como-escolher-guarda-roupas-de-casal-696x398.jpg 696w, https:\/\/www.aarquiteta.com.br\/blog\/wp-content\/uploads\/2022\/01\/Dicas-de-como-escolher-guarda-roupas-de-casal-150x86.jpg 150w\" sizes=\"(max-width: 700px) 100vw, 700px\" \/><\/a><figcaption id=\"caption-attachment-41268\" class=\"wp-caption-text\"><a href=\"https:\/\/amzn.to\/3L8dUes\" target=\"_blank\" rel=\"noopener\">Guarda-roupa &#8211; 9 dicas de como escolher o guarda-roupas ideal!<\/a><\/figcaption><\/figure><p>Por isso \u00e9 sempre uma boa ideia voc\u00ea escolher um <a href=\"https:\/\/amzn.to\/3L8dUes\" target=\"_blank\" rel=\"noopener\">guarda-roupa com espelho embutido,<\/a> principalmente se seu quarto for pequeno, pois, ele ajudar\u00e1 na sensa\u00e7\u00e3o de amplia\u00e7\u00e3o de um ambiente.<\/p><p>Dessa forma voc\u00ea combina a utilidade com praticidade ao ter um espelho embutido em seu arm\u00e1rio, al\u00e9m de valorizar a decora\u00e7\u00e3o do seu quarto, o espelho deixa o ambiente mais bonito e elegante.<\/p><p>Aten\u00e7\u00e3o! Se poss\u00edvel sempre que voc\u00ea decidir adquirir um guarda-roupa com espelhos, posicione-o em um local no quarto onde o espelho n\u00e3o reflita sua imagem deitado na cama, esta \u00e9 uma dica\u00a0 que o <a href=\"https:\/\/www.aarquiteta.com.br\/blog\/feng-shui\/\" target=\"_blank\" rel=\"noopener\">feng-shui aconselha para voc\u00ea<\/a> ter um sono tranquilo e reparador.<\/p><h2><a href=\"https:\/\/amzn.to\/3L8dUes\" target=\"_blank\" rel=\"noopener\">Como arrumar guarda roupa?<\/a><\/h2><p>Manter um guarda-roupa organizado nem sempre \u00e9 tarefa simples, mas \u00e9 possivel deix\u00e1-lo organizado e cheiroso do jeito que todas n\u00f3s gostamos!<\/p><h3>Sonhar com guarda roupa:<\/h3><p>Voc\u00ea n\u00e3o precisa mais sonhar com guarda roupa dos seus sonhos organizado de maneira profissional. Seja voc\u00ea mesma a sua personal organizer!<\/p><h3>Guarda roupa organizado &#8211; <a href=\"https:\/\/go.hotmart.com\/L71606651A?dp=1\" target=\"_blank\" rel=\"noopener\">Que tal come\u00e7ar a organizar<\/a>?<\/h3><p>Com este <a href=\"https:\/\/go.hotmart.com\/L71606651A?dp=1\" target=\"_blank\" rel=\"noopener\">passo a passo<\/a> voc\u00ea conseguir\u00e1 organizar o seu ambiente eficazmente, otimizando e deixando os espa\u00e7os funcionais.<\/p><p>Aprender\u00e1 desde o in\u00edcio do processo da organiza\u00e7\u00e3o, passando pela (auto) an\u00e1lise, at\u00e9 o que se deve guardar em gavetas, o que pendurar em cabides, <a href=\"https:\/\/go.hotmart.com\/L71606651A?dp=1\" target=\"_blank\" rel=\"noopener\">como organizar os diversos acess\u00f3rios<\/a>, entre outros.<\/p><p><a style=\"font-weight: bold; background-color: initial;\" href=\"https:\/\/go.hotmart.com\/L71606651A?dp=1\" target=\"_blank\" rel=\"noopener\"><img decoding=\"async\" class=\"wp-image-60349 size-full\" src=\"https:\/\/www.aarquiteta.com.br\/blog\/wp-content\/uploads\/2022\/06\/curso-de-organizacao-closet.jpg\" alt=\"curso de organiza\u00e7\u00e3o closet\" width=\"700\" height=\"400\" title=\"\" srcset=\"https:\/\/www.aarquiteta.com.br\/blog\/wp-content\/uploads\/2022\/06\/curso-de-organizacao-closet.jpg 700w, https:\/\/www.aarquiteta.com.br\/blog\/wp-content\/uploads\/2022\/06\/curso-de-organizacao-closet-696x398.jpg 696w, https:\/\/www.aarquiteta.com.br\/blog\/wp-content\/uploads\/2022\/06\/curso-de-organizacao-closet-150x86.jpg 150w\" sizes=\"(max-width: 700px) 100vw, 700px\" \/><\/a><\/p><p><a href=\"https:\/\/go.hotmart.com\/L71606651A?dp=1\" target=\"_blank\" rel=\"noopener\">Curso de organiza\u00e7\u00e3o closet\u00a0 por HARMONIZATTA<\/a><\/p><p>Inclu\u00edmos fotos para te ajudar em todo o processo da organiza\u00e7\u00e3o, com o uso de organizadores pr\u00f3prios, pois al\u00e9m de deixar tudo em ordem, eles trazem facilidade e otimiza\u00e7\u00e3o para os espa\u00e7os.<\/p><p><a href=\"https:\/\/go.hotmart.com\/L71606651A?dp=1\" target=\"_blank\" rel=\"noopener\">ORGANIZA\u00c7\u00c3O<\/a> n\u00e3o \u00e9 luxo e sim QUALIDADE DE VIDA!<\/p><h3>4 \u2014 Guarda roupa casal grande:<\/h3><p>Quando o assunto s\u00e3o as <a href=\"https:\/\/www.aarquiteta.com.br\/blog\/?s=CORES\">cores<\/a> de um m\u00f3vel em casa \u00e9 sempre importante que o mobili\u00e1rio seja harmonioso na composi\u00e7\u00e3o do ambiente.<\/p><h4>Cores claras geram sensa\u00e7\u00e3o de amplitude:<\/h4><p>De uma forma bem pr\u00e1tica e sem segredos, procure adorar cores neutras para que a composi\u00e7\u00e3o com os outros elementos do quarto seja coordenada, e em especial <a href=\"https:\/\/amzn.to\/3IEeVJz\" target=\"_blank\" rel=\"noopener\">d\u00ea prefer\u00eancia por cores claras<\/a>, pois a luz sempre refletir\u00e1 melhor em cores claras, dando tamb\u00e9m uma sensa\u00e7\u00e3o de amplitude.<\/p><figure id=\"attachment_10340\" aria-describedby=\"caption-attachment-10340\" style=\"width: 1200px\" class=\"wp-caption aligncenter\"><img decoding=\"async\" class=\"wp-image-10340\" title=\"Guarda-Roupa Casal - 9 dicas de como escolher o guarda-roupa ideal!\" src=\"https:\/\/www.aarquiteta.com.br\/blog\/wp-content\/uploads\/2017\/05\/curso-3dsmax-bruna-zilio-quarto-dormitorio.jpg\" alt=\"Guarda-Roupa Casal - 9 dicas de como escolher o guarda-roupa ideal!\" width=\"1200\" height=\"800\" srcset=\"https:\/\/www.aarquiteta.com.br\/blog\/wp-content\/uploads\/2017\/05\/curso-3dsmax-bruna-zilio-quarto-dormitorio.jpg 2000w, https:\/\/www.aarquiteta.com.br\/blog\/wp-content\/uploads\/2017\/05\/curso-3dsmax-bruna-zilio-quarto-dormitorio-1024x682.jpg 1024w, https:\/\/www.aarquiteta.com.br\/blog\/wp-content\/uploads\/2017\/05\/curso-3dsmax-bruna-zilio-quarto-dormitorio-696x464.jpg 696w, https:\/\/www.aarquiteta.com.br\/blog\/wp-content\/uploads\/2017\/05\/curso-3dsmax-bruna-zilio-quarto-dormitorio-150x100.jpg 150w\" sizes=\"(max-width: 1200px) 100vw, 1200px\" \/><figcaption id=\"caption-attachment-10340\" class=\"wp-caption-text\">Guarda-roupa &#8211; 9 dicas de como escolher o guarda-roupas ideal! Evite arm\u00e1rio na cabeceira da cama!<\/figcaption><\/figure><p>Evite se poss\u00edvel utilizar guarda-roupas na cabeceira da cama, al\u00e9m de deixar a decora\u00e7\u00e3o do quarto pesado, conforme o Feng-Shui isso tamb\u00e9m pode prejudicar o seu sono.<\/p><p><span style=\"font-size: 22px; font-weight: bold; color: #2b2b2b;\">5 \u2014 Guarda roupa planejado &#8211; Espa\u00e7o interno:<\/span><\/p><p>Se voc\u00ea chegou at\u00e9 aqui na escolha do seu guarda-roupas n\u00e3o se esque\u00e7a do principal, o layout da distribui\u00e7\u00e3o interna do armazenamento das roupas no guarda-roupa.<\/p><p>Um arm\u00e1rio pode ser bonito por fora, ter espelhos e combinar com a decora\u00e7\u00e3o, mas se a distribui\u00e7\u00e3o de prateleiras, gaveteiros, cabideiros n\u00e3o for bem pensado, voc\u00ea voltar\u00e1 a estaca zero.<\/p><figure id=\"attachment_40276\" aria-describedby=\"caption-attachment-40276\" style=\"width: 700px\" class=\"wp-caption aligncenter\"><img decoding=\"async\" class=\"wp-image-40276 size-full\" title=\"Guarda-Roupa Casal - 9 dicas e como escolher o guarda-roupa ideal!\" src=\"https:\/\/www.aarquiteta.com.br\/blog\/wp-content\/uploads\/2022\/01\/iluminacao-closet.jpg\" alt=\"\" width=\"700\" height=\"400\" srcset=\"https:\/\/www.aarquiteta.com.br\/blog\/wp-content\/uploads\/2022\/01\/iluminacao-closet.jpg 700w, https:\/\/www.aarquiteta.com.br\/blog\/wp-content\/uploads\/2022\/01\/iluminacao-closet-696x398.jpg 696w, https:\/\/www.aarquiteta.com.br\/blog\/wp-content\/uploads\/2022\/01\/iluminacao-closet-150x86.jpg 150w\" sizes=\"(max-width: 700px) 100vw, 700px\" \/><figcaption id=\"caption-attachment-40276\" class=\"wp-caption-text\">Guarda-roupa &#8211; 9 dicas de como escolher o guarda-roupas ideal!<\/figcaption><\/figure><p>Antes de determinar se seu guarda-roupa ter\u00e1 mais cabideiros do que gaveteiros pense na forma como voc\u00ea guarda suas roupas no dia-a-dia.<\/p><p>Pense nisto:<\/p><ul><li>Roupas armazenadas em cabideiros podem ser mais facilmente localizadas do que roupas em gaveteiros.<\/li><li>Roupas em prateleiras amassam com mais frequ\u00eancia do que roupas em cabideiros ou gaveteiros.<\/li><\/ul><p>Por isso repense como voc\u00ea organiza suas roupas no arm\u00e1rio e com base nisto procure encontrar um guarda-roupa que atenta a esta necessidade.<\/p>[amazon table=&#8221;83086&#8243;]<p>Infelizmente no mercado de m\u00f3veis pre-fabricados cada vez menos se encontram variedade de op\u00e7\u00f5es de layout interno do guarda-roupa, por isso se voc\u00ea puder investir um pouco mais pense na possibilidade de mandar elaborar um guarda-roupa que atenda as suas necessidades, valer\u00e1 muito a pena.<\/p><p>A qualidade de um m\u00f3vel feito em especial para voc\u00ea \u00e9 maior que um guarda-roupas que veio pronto de f\u00e1brica.<\/p><h3>6 \u2014 Ilumina\u00e7\u00e3o interna:<\/h3><p>Agora que as quest\u00f5es pr\u00e1ticas foram discutidas, sempre \u00e9 bom pensar em um guarda-roupa com <a href=\"https:\/\/www.aarquiteta.com.br\/blog\/?s=ILUMINA%C3%87%C3%83O\">ilumina\u00e7\u00e3o<\/a> interna. Muitos dos m\u00f3veis que voc\u00ea manda fazer podem vir com este conforto embutido, no entanto, voc\u00ea tamb\u00e9m pode pensar nesta possibilidade, no maior esquema DIY, fa\u00e7a voc\u00ea mesmo.<\/p><p>Aqui no blog temos artigos de como utilizar a fita de LED para criar ilumina\u00e7\u00e3o interna para um guarda-roupa muito f\u00e1cil e barato de se realizar, fica a dica para esta problem\u00e1tica.<\/p><figure id=\"attachment_32785\" aria-describedby=\"caption-attachment-32785\" style=\"width: 730px\" class=\"wp-caption aligncenter\"><img decoding=\"async\" class=\"wp-image-32785 size-full\" src=\"https:\/\/www.aarquiteta.com.br\/blog\/wp-content\/uploads\/2020\/03\/Arm\u00e1rio_com_ilumina\u00e7\u00e3o_de_fita_led_capa.jpg\" alt=\"\" width=\"730\" height=\"515\" title=\"\" srcset=\"https:\/\/www.aarquiteta.com.br\/blog\/wp-content\/uploads\/2020\/03\/Arm\u00e1rio_com_ilumina\u00e7\u00e3o_de_fita_led_capa.jpg 730w, https:\/\/www.aarquiteta.com.br\/blog\/wp-content\/uploads\/2020\/03\/Arm\u00e1rio_com_ilumina\u00e7\u00e3o_de_fita_led_capa-696x491.jpg 696w, https:\/\/www.aarquiteta.com.br\/blog\/wp-content\/uploads\/2020\/03\/Arm\u00e1rio_com_ilumina\u00e7\u00e3o_de_fita_led_capa-150x106.jpg 150w\" sizes=\"(max-width: 730px) 100vw, 730px\" \/><figcaption id=\"caption-attachment-32785\" class=\"wp-caption-text\">Guarda-roupa &#8211; 9 dicas de como escolher o guarda-roupas ideal!<\/figcaption><\/figure><p>Quem divide o quarto com algu\u00e9m sabe como \u00e9 chato precisar acender a luz geral do quarto no meio da noite ao se procurar uma pe\u00e7a no guarda-roupa, n\u00e3o \u00e9 mesmo?<\/p><p>A ilumina\u00e7\u00e3o neste caso n\u00e3o \u00e9 essencial, mas quando o assunto \u00e9 decora\u00e7\u00e3o, este blog se sente na obriga\u00e7\u00e3o de abordar todas as op\u00e7\u00f5es para o seu leitor.<\/p><h3>7 \u2014 Ventila\u00e7\u00e3o:<\/h3><p>Quem nunca abriu o guarda-roupas e de repente percebeu que o perfume da lavagem das pe\u00e7as simplesmente desapareceu, ou pior, o cheiro de mofo tomou conta das suas roupas todas?<\/p><p>Se voc\u00ea \u00e9 do tipo exigente e j\u00e1 enfrentou problemas com microorganismos que causam o cheiro do mofo em seu guarda-roupa, n\u00e3o deixe de pensar na possibilidade de verificar algum vazamento pr\u00f3ximo \u00e0 <a href=\"https:\/\/www.aarquiteta.com.br\/blog\/?s=PAREDE\">parede<\/a> do quarto, que possa estar causando este problema, melhor prevenir para evitar maiores preju\u00edzos.<\/p><figure id=\"attachment_46295\" aria-describedby=\"caption-attachment-46295\" style=\"width: 450px\" class=\"wp-caption aligncenter\"><img decoding=\"async\" class=\"wp-image-46295 size-full\" src=\"https:\/\/www.aarquiteta.com.br\/blog\/wp-content\/uploads\/2022\/03\/closet-ventilado.jpg\" alt=\"\" width=\"450\" height=\"600\" title=\"\" srcset=\"https:\/\/www.aarquiteta.com.br\/blog\/wp-content\/uploads\/2022\/03\/closet-ventilado.jpg 450w, https:\/\/www.aarquiteta.com.br\/blog\/wp-content\/uploads\/2022\/03\/closet-ventilado-150x200.jpg 150w\" sizes=\"(max-width: 450px) 100vw, 450px\" \/><figcaption id=\"caption-attachment-46295\" class=\"wp-caption-text\">Guarda-roupa &#8211; 9 dicas de como escolher o guarda-roupas ideal!<\/figcaption><\/figure><p>Se seu quarto fica em local onde n\u00e3o bate Sol suficiente para eliminar a presen\u00e7a de microrganismos, uma estrat\u00e9gia para ajudar na ventila\u00e7\u00e3o interna dos arm\u00e1rios \u00e9 for\u00e7ar a circula\u00e7\u00e3o de ar utilizando portas projetadas com frestas ou pequenas fendas, do tipo veneziana, para permitir a circula\u00e7\u00e3o de ar.<\/p><h3>\u2014 Dicas B\u00f4nus:<\/h3><h3>Como manter a limpeza do guarda-roupa?<\/h3><p>Se voc\u00ea enfrenta problemas com mofo, confira estes artigos que elaborei pensando em como eliminar de uma vez por todas este problema no seu guarda-roupa:<\/p><ul><li>Cheiro de Mofo &#8211; 7 dicas para um guarda-roupas perfumado!<\/li><li><a class=\"row-title\" href=\"https:\/\/www.aarquiteta.com.br\/blog\/receitas-de-limpeza-com-bicarbonato-de-sodio\/\" target=\"_blank\" rel=\"noopener\" label=\"\u201cReceitas de Limpeza com Bicarbonato de S\u00f3dio - Economize produtos de limpeza!\u201d (Editar)\">Receitas de Limpeza com Bicarbonato de S\u00f3dio &#8211; Economize produtos de limpeza!<\/a><\/li><li><a class=\"row-title\" href=\"https:\/\/www.aarquiteta.com.br\/blog\/receitas-de-limpeza-com-vinagre\/\" target=\"_blank\" rel=\"noopener\" label=\"\u201cReceitas de Limpeza com Vinagre - Chega de esfrega, esfrega!\u201d (Editar)\">Receitas de Limpeza com Vinagre &#8211; Chega de esfrega, esfrega!<\/a><\/li><li><a class=\"row-title\" href=\"https:\/\/www.aarquiteta.com.br\/blog\/receitas-de-limpeza-com-limao\/\" target=\"_blank\" rel=\"noopener\" label=\"\u201cReceitas de Limpeza com Lim\u00e3o - Al\u00e9m de limpo, cheiroso!\u201d (Editar)\">Receitas de Limpeza com Lim\u00e3o &#8211; Al\u00e9m de limpo, cheiroso!<\/a><\/li><\/ul><h3>\u2014 Como organizar guarda roupa pequeno?<\/h3><p>Agora que voc\u00ea j\u00e1 sabe como escolher o seu guarda-roupa na hora de comprar, confira estes artigos que elaborei pensando em te ajudar na organiza\u00e7\u00e3o e produ\u00e7\u00e3o de um closet e de m\u00f3veis planejados:<\/p><ul><li>Arruma\u00e7\u00e3o do Closet &#8211; Dicas de como ganhar espa\u00e7o no arm\u00e1rio!<\/li><li>Closet &#8211; Como fazer um closet para seu quarto!<\/li><li>Closet pequeno &#8211; 10 dicas para desenvolver!<\/li><li><a class=\"row-title\" href=\"https:\/\/www.aarquiteta.com.br\/blog\/moveis-planejados-como-comprar\/\" target=\"_blank\" rel=\"noopener\" label=\"\u201cM\u00f3veis Planejados - Como economizar na hora de comprar?\u201d (Editar)\">M\u00f3veis Planejados &#8211; Como economizar na hora de comprar?<\/a><\/li><li><a class=\"row-title\" href=\"https:\/\/www.aarquiteta.com.br\/blog\/iluminacao-para-armarios\/\" target=\"_blank\" rel=\"noopener\" label=\"\u201cIlumina\u00e7\u00e3o para Arm\u00e1rios - Dicas para escolher a melhor LED!\u201d (Editar)\">Ilumina\u00e7\u00e3o para Arm\u00e1rios &#8211; Dicas para escolher a melhor LED!<\/a><\/li><\/ul><h3><a href=\"https:\/\/go.hotmart.com\/L72308754E?dp=1\" target=\"_blank\" rel=\"noopener\">Organiza\u00e7\u00e3o Residencial<\/a>: organize sua casa voc\u00ea mesma!<\/h3><h4>Como organizar guarda roupa?<\/h4><p>Voc\u00ea esta cansada de tentar organizar a casa, mas n\u00e3o conseguir? Quer organizar definitivamente e eficiente, e acabar de vez com a bagun\u00e7a?<\/p><p>Pois \u00e9, com as <a href=\"https:\/\/go.hotmart.com\/L72308754E?dp=1\" target=\"_blank\" rel=\"noopener\">t\u00e9cnicas certas de organiza\u00e7\u00e3o<\/a> voc\u00ea consegue organizar sua casa de uma vez por todas e ter tempo para o que realmente importa!<\/p><p>Se eu te disser que isso \u00e9 poss\u00edvel voc\u00ea acredita? Quer saber mais? Vem comigo, que <a href=\"https:\/\/go.hotmart.com\/L72308754E?dp=1\" target=\"_blank\" rel=\"noopener\">eu te mostro!\u00a0<\/a><\/p><figure id=\"attachment_60332\" aria-describedby=\"caption-attachment-60332\" style=\"width: 700px\" class=\"wp-caption aligncenter\"><a href=\"https:\/\/go.hotmart.com\/L72308754E?dp=1\" target=\"_blank\" rel=\"noopener\"><img decoding=\"async\" class=\"wp-image-60332 size-full\" src=\"https:\/\/www.aarquiteta.com.br\/blog\/wp-content\/uploads\/2022\/06\/curso-de-organizacao-residencial.jpg\" alt=\"curso de organiza\u00e7\u00e3o residencial\" width=\"700\" height=\"400\" title=\"\" srcset=\"https:\/\/www.aarquiteta.com.br\/blog\/wp-content\/uploads\/2022\/06\/curso-de-organizacao-residencial.jpg 700w, https:\/\/www.aarquiteta.com.br\/blog\/wp-content\/uploads\/2022\/06\/curso-de-organizacao-residencial-696x398.jpg 696w, https:\/\/www.aarquiteta.com.br\/blog\/wp-content\/uploads\/2022\/06\/curso-de-organizacao-residencial-150x86.jpg 150w\" sizes=\"(max-width: 700px) 100vw, 700px\" \/><\/a><figcaption id=\"caption-attachment-60332\" class=\"wp-caption-text\"><a href=\"https:\/\/go.hotmart.com\/L72308754E?dp=1\" target=\"_blank\" rel=\"noopener\">Curso de organiza\u00e7\u00e3o residencial para todos por Gabi de Santi &#8211; Personal Organizer<\/a><\/figcaption><\/figure><p>E a\u00ed, gostou das dicas do artigo? Ent\u00e3o deslize a tela para baixo e confira <strong><a href=\"https:\/\/www.aarquiteta.com.br\">mais dicas<\/a><\/strong>, al\u00e9m dos nossos <strong><a href=\"http:\/\/www.aarquiteta.com.br\">Cursos e Treinamentos<\/a><\/strong>\u00a0e n\u00e3o se esque\u00e7a de compartilhar com os amigos!<\/p><p>Quer receber conte\u00fados exclusivos sobre <strong>casa, jardim, decora\u00e7\u00e3o, arquitetura, educa\u00e7\u00e3o financeira e muito mais<\/strong>? Ent\u00e3o, inscreva-se agora mesmo no nosso <strong><a href=\"https:\/\/t.me\/aarquitetablog\" target=\"_blank\" rel=\"noopener\">Canal do Telegram<\/a>!<\/strong> \ud83e\udd29\ud83d\udc68\u200d\ud83d\udc69\u200d\ud83d\udc67\u200d\ud83d\udc66<\/p><p>Aqui, voc\u00ea ter\u00e1 acesso a artigos, dicas e inspira\u00e7\u00f5es para <strong>transformar sua casa em um lar dos sonhos<\/strong>, cuidar do seu jardim com carinho, aprender sobre finan\u00e7as pessoais e muito mais. \ud83d\udcda\ud83d\udcb0<\/p><p>N\u00e3o perca mais tempo e junte-se a n\u00f3s para receber conte\u00fados exclusivos e se manter sempre atualizado! \ud83d\udce2\ud83c\udfe0\ud83c\udf3f\ud83c\udfe6. Ingresse <strong><a href=\"https:\/\/t.me\/aarquitetablog\" target=\"_blank\" rel=\"noopener\">aqui<\/a> <\/strong>no Canal da <strong>Arquiteta Blog por Luciana Paix\u00e3o!<\/strong> \ud83d\udc95<\/p>","protected":false},"excerpt":{"rendered":"<p>Guarda-Roupa Casal- 9 dicas para escolher o modelo ideal! Aprenda a como n\u00e3o cair em ciladas na hora de comprar seu guarda-roupa e tenha um arm\u00e1rio bonito e funcional como voc\u00ea sempre sonhou!Confira 9 dicas de como escolher o guarda-roupas ideal e acerte na compra do seu m\u00f3vel! O guarda-roupa faz parte do mobili\u00e1rio de [&hellip;]<\/p>\n","protected":false},"author":102,"featured_media":50277,"comment_status":"closed","ping_status":"closed","sticky":false,"template":"","format":"standard","meta":{"footnotes":""},"categories":[1484,18756,20341,18766],"tags":[11515],"class_list":["post-50274","post","type-post","status-publish","format-standard","has-post-thumbnail","category-decoracao","category-decoracao-de-dormitorio","category-moveis","category-produtos","tag-dicas-de-como-escolher-guarda-roupas-de-casal"],"_wp_attached_file":null,"_wp_attachment_metadata":null,"_wp_attachment_context":null,"_wp_attachment_is_custom_header":null,"geo_longitude":null,"geo_public":null,"geo_latitude":null,"_publicize_done_external":null,"_wpas_done_3897181":null,"publicize_twitter_user":null,"_wpas_done_3897175":null,"_wpas_skip_3897181":null,"_wpas_skip_3897175":null,"_wpas_skip_3924723":null,"_wpas_mess":null,"_wpas_done_3924723":null,"wps_subtitle":"Aprenda a como n\u00e3o cair em ciladas na hora de comprar seu guarda-roupa e tenha um arm\u00e1rio bonito e funcional como voc\u00ea sempre sonhou!","_links":{"self":[{"href":"https:\/\/www.aarquiteta.com.br\/blog\/wp-json\/wp\/v2\/posts\/50274","targetHints":{"allow":["GET"]}}],"collection":[{"href":"https:\/\/www.aarquiteta.com.br\/blog\/wp-json\/wp\/v2\/posts"}],"about":[{"href":"https:\/\/www.aarquiteta.com.br\/blog\/wp-json\/wp\/v2\/types\/post"}],"author":[{"embeddable":true,"href":"https:\/\/www.aarquiteta.com.br\/blog\/wp-json\/wp\/v2\/users\/102"}],"replies":[{"embeddable":true,"href":"https:\/\/www.aarquiteta.com.br\/blog\/wp-json\/wp\/v2\/comments?post=50274"}],"version-history":[{"count":0,"href":"https:\/\/www.aarquiteta.com.br\/blog\/wp-json\/wp\/v2\/posts\/50274\/revisions"}],"wp:featuredmedia":[{"embeddable":true,"href":"https:\/\/www.aarquiteta.com.br\/blog\/wp-json\/wp\/v2\/media\/50277"}],"wp:attachment":[{"href":"https:\/\/www.aarquiteta.com.br\/blog\/wp-json\/wp\/v2\/media?parent=50274"}],"wp:term":[{"taxonomy":"category","embeddable":true,"href":"https:\/\/www.aarquiteta.com.br\/blog\/wp-json\/wp\/v2\/categories?post=50274"},{"taxonomy":"post_tag","embeddable":true,"href":"https:\/\/www.aarquiteta.com.br\/blog\/wp-json\/wp\/v2\/tags?post=50274"}],"curies":[{"name":"wp","href":"https:\/\/api.w.org\/{rel}","templated":true}]}}