{"id":49944,"date":"2022-04-01T09:00:41","date_gmt":"2022-04-01T12:00:41","guid":{"rendered":"http:\/\/aarquiteta.com.br\/?p=49944"},"modified":"2026-09-01T16:02:30","modified_gmt":"2026-09-01T19:02:30","slug":"como-escolher-a-cadeira-ideal-para-voce","status":"publish","type":"post","link":"https:\/\/www.aarquiteta.com.br\/blog\/como-escolher-a-cadeira-ideal-para-voce\/","title":{"rendered":"Como escolher uma cadeira ideal para a sua necessidade."},"content":{"rendered":"<p><img decoding=\"async\" class=\"alignnone size-full wp-image-44982\" src=\"https:\/\/www.aarquiteta.com.br\/blog\/wp-content\/uploads\/2022\/03\/Dicas-de-cadeiras-giratorias-para-sua-casa..jpg\" alt=\"Caracter\u00edsticas ideais para cadeiras girat\u00f3rias para sua casa\" width=\"700\" height=\"400\" title=\"\" srcset=\"https:\/\/www.aarquiteta.com.br\/blog\/wp-content\/uploads\/2022\/03\/Dicas-de-cadeiras-giratorias-para-sua-casa..jpg 700w, https:\/\/www.aarquiteta.com.br\/blog\/wp-content\/uploads\/2022\/03\/Dicas-de-cadeiras-giratorias-para-sua-casa.-696x398.jpg 696w, https:\/\/www.aarquiteta.com.br\/blog\/wp-content\/uploads\/2022\/03\/Dicas-de-cadeiras-giratorias-para-sua-casa.-150x86.jpg 150w\" sizes=\"(max-width: 700px) 100vw, 700px\" \/><\/p>\n<p>A cadeira \u00e9 um dos m\u00f3veis dom\u00e9sticos mais importantes.<\/p>\n<p>As cadeiras s\u00e3o \u00f3timas porque proporcionam um lugar para sentar e relaxar. Eles tamb\u00e9m v\u00eam em muitos estilos e tipos.<\/p>\n<p>Um dos tipos mais populares de cadeiras \u00e9 a cadeira de balan\u00e7o.<\/p>\n<p>As cadeiras de balan\u00e7o s\u00e3o \u00f3timas para colocar as crian\u00e7as para dormir ou proporcionar um \u00f3timo lugar para relaxar e ler.<\/p>\n<p>Cadeiras de balan\u00e7o tamb\u00e9m v\u00eam em muitos estilos e pre\u00e7os diferentes.<\/p>\n<p>Esta cadeira existe desde os tempos antigos e ainda est\u00e1 em uso hoje.<\/p>\n<p>Cadeiras s\u00e3o usadas em todos os c\u00f4modos da casa para diversos fins.<\/p>\n<p>Eles podem fornecer assentos na cozinha, escrit\u00f3rio, quarto e sala de estar.<\/p>\n<p>A cadeira consegue deixar o ambiente mais confort\u00e1vel e convidativo.<\/p>\n<p>\u00c9 importante ter uma cadeira que seja resistente, confort\u00e1vel, bonita e funcional.<\/p>\n<h2>Cadeira: O que considerar?<\/h2>\n<p>Considere os seguintes pontos ao escolher uma cadeira confort\u00e1vel para seu escrit\u00f3rio em casa:<\/p>\n<p>Ao sentar-se na cadeira, a pessoa ainda deve ser capaz de se sentir bem.<\/p>\n<p>Sentar em uma cadeira muito dura ou muito macia pode ser desconfort\u00e1vel.<\/p>\n<p>Certifique-se de que a cadeira pode ser ajustada. Os apoios de bra\u00e7os devem ser ajust\u00e1veis para que seus bra\u00e7os e seus ombros n\u00e3o fiquem desconfort\u00e1veis podendo assim gerar dores com o pouco tempo de uso.<\/p>\n<h6><em>\u261e Cart\u00e3o de Cr\u00e9dito Santander SX &#8211; O cart\u00e3o do Estudante Universit\u00e1rio do Brasiiil!<\/em><\/h6>\n<p><em>Se voc\u00ea \u00e9 estudante universit\u00e1rio e est\u00e1 precisando de um <strong>cart\u00e3o de cr\u00e9dito<\/strong> voltado para as suas necessidades financeiras, <strong>sem comprova\u00e7\u00e3o de renda<\/strong> e com possibilidade de conseguir <strong>zero de taxa de anuidade<\/strong>, O Banco Santander tem o cart\u00e3o de cr\u00e9dito ideal para voc\u00ea!<\/em><\/p>\n<figure id=\"attachment_52327\" aria-describedby=\"caption-attachment-52327\" style=\"width: 1200px\" class=\"wp-caption aligncenter\"><a href=\"https:\/\/www.aarquiteta.com.br\/blog\/como-solicitar-cartao-de-credito-santander\/\" target=\"_blank\" rel=\"noopener\"><img decoding=\"async\" class=\"wp-image-52327 size-full\" title=\"Cart\u00e3o de Cr\u00e9dito Santander SX - O Cart\u00e3o do Estudante Universit\u00e1rio!\" src=\"https:\/\/www.aarquiteta.com.br\/blog\/wp-content\/uploads\/2022\/04\/cartao-de-credito-santander-sx.jpg\" alt=\"Cart\u00e3o de Cr\u00e9dito Santander SX - O Cart\u00e3o do Estudante Universit\u00e1rio!\" width=\"1200\" height=\"800\" srcset=\"https:\/\/www.aarquiteta.com.br\/blog\/wp-content\/uploads\/2022\/04\/cartao-de-credito-santander-sx.jpg 1200w, https:\/\/www.aarquiteta.com.br\/blog\/wp-content\/uploads\/2022\/04\/cartao-de-credito-santander-sx-1024x683.jpg 1024w, https:\/\/www.aarquiteta.com.br\/blog\/wp-content\/uploads\/2022\/04\/cartao-de-credito-santander-sx-696x464.jpg 696w, https:\/\/www.aarquiteta.com.br\/blog\/wp-content\/uploads\/2022\/04\/cartao-de-credito-santander-sx-150x100.jpg 150w\" sizes=\"(max-width: 1200px) 100vw, 1200px\" \/><\/a><figcaption id=\"caption-attachment-52327\" class=\"wp-caption-text\">Cart\u00e3o de Cr\u00e9dito Santander SX &#8211; O Cart\u00e3o do Estudante Universit\u00e1rio! <a href=\"https:\/\/www.aarquiteta.com.br\/blog\/como-solicitar-cartao-de-credito-santander\/\">Clique para saber mais!\u00a0<\/a> Veja como \u00e9 f\u00e1cil!<\/figcaption><\/figure>\n<p>&nbsp;<\/p>\n<h2>Tipos de cadeiras.<\/h2>\n<p>Seja para poder esticar-se ap\u00f3s um longo dia de trabalho, sentar-se para jantar em fam\u00edlia ou sacudir seu beb\u00ea para dormir \u00e0 noite.<\/p>\n<p>Talvez este seja apenas um acento decorativo que pode completar a est\u00e9tica da sua sala de estar.<\/p>\n<p>Seja qual for o motivo, uma cadeira nunca \u00e9 apenas uma cadeira.<\/p>\n<p>\u00c9 a forma. Sua fun\u00e7\u00e3o.<\/p>\n<p>Esta \u00e9 uma necessidade da fam\u00edlia e merece aten\u00e7\u00e3o.<\/p>\n<p>Existem centenas de op\u00e7\u00f5es para escolher, e o importante \u00e9 estudar antes de investir.<\/p>\n<p>Al\u00e9m disso, comprar conscientemente e avaliar suas prefer\u00eancias pessoais \u00e9 a chave para pesquisar de maneira inteligente.<\/p>\n<h6><em>\u261e Financiamento Imobili\u00e1rio:<\/em><\/h6>\n<p><em>Casa, apartamento, novo ou usado, a <a href=\"https:\/\/www.caixa.gov.br\/Paginas\/home-caixa.aspx\" target=\"_blank\" rel=\"noopener\">Caixa Econ\u00f4mica<\/a> tem a <strong>linha de cr\u00e9dito<\/strong> ideal para voc\u00ea!\u00a0\u00a0<\/em><em>O Sonho da casa pr\u00f3pria pode estar mais perto de se tornar realidade do que voc\u00ea imagina:<\/em><\/p>\n<figure id=\"attachment_53083\" aria-describedby=\"caption-attachment-53083\" style=\"width: 1920px\" class=\"wp-caption aligncenter\"><a href=\"https:\/\/www.aarquiteta.com.br\/blog\/financiamento-imobiliario-caixa-economica\/\" target=\"_blank\" rel=\"noopener\"><img decoding=\"async\" class=\"wp-image-53083 size-full\" title=\"Financiamento de Im\u00f3vel - Financie sua casa pela Caixa Econ\u00f4mica!\" src=\"https:\/\/www.aarquiteta.com.br\/blog\/wp-content\/uploads\/2022\/04\/financiamento-mobiliario-caixa-economica.jpg\" alt=\"Financiamento de Im\u00f3vel - Financie sua casa pela Caixa Econ\u00f4mica!\" width=\"1920\" height=\"1080\" srcset=\"https:\/\/www.aarquiteta.com.br\/blog\/wp-content\/uploads\/2022\/04\/financiamento-mobiliario-caixa-economica.jpg 1920w, https:\/\/www.aarquiteta.com.br\/blog\/wp-content\/uploads\/2022\/04\/financiamento-mobiliario-caixa-economica-1024x576.jpg 1024w, https:\/\/www.aarquiteta.com.br\/blog\/wp-content\/uploads\/2022\/04\/financiamento-mobiliario-caixa-economica-696x392.jpg 696w, https:\/\/www.aarquiteta.com.br\/blog\/wp-content\/uploads\/2022\/04\/financiamento-mobiliario-caixa-economica-150x84.jpg 150w\" sizes=\"(max-width: 1920px) 100vw, 1920px\" \/><\/a><figcaption id=\"caption-attachment-53083\" class=\"wp-caption-text\"><a href=\"https:\/\/www.aarquiteta.com.br\/blog\/financiamento-imobiliario-caixa-economica\/\" target=\"_blank\" rel=\"noopener\">Financie sua casa pela Caixa Econ\u00f4mica! Clique aqui e veja como \u00e9 f\u00e1cil!<\/a><\/figcaption><\/figure>\n<p>&nbsp;<\/p>\n<h2>Exemplos de cadeira<\/h2>\n<figure id=\"attachment_34771\" aria-describedby=\"caption-attachment-34771\" style=\"width: 683px\" class=\"wp-caption alignnone\"><a href=\"https:\/\/www.aarquiteta.com.br\/blog\/wp-content\/uploads\/2021\/10\/armchair-2-1575574937.jpg\"><img decoding=\"async\" class=\"wp-image-34771 size-large\" title=\"Poltrona Armchair\" src=\"https:\/\/www.aarquiteta.com.br\/blog\/wp-content\/uploads\/2021\/10\/armchair-2-1575574937-683x1024.jpg\" alt=\"\" width=\"683\" height=\"1024\" srcset=\"https:\/\/www.aarquiteta.com.br\/blog\/wp-content\/uploads\/2021\/10\/armchair-2-1575574937-683x1024.jpg 683w, https:\/\/www.aarquiteta.com.br\/blog\/wp-content\/uploads\/2021\/10\/armchair-2-1575574937-696x1044.jpg 696w, https:\/\/www.aarquiteta.com.br\/blog\/wp-content\/uploads\/2021\/10\/armchair-2-1575574937-150x225.jpg 150w, https:\/\/www.aarquiteta.com.br\/blog\/wp-content\/uploads\/2021\/10\/armchair-2-1575574937.jpg 980w\" sizes=\"(max-width: 683px) 100vw, 683px\" \/><\/a><figcaption id=\"caption-attachment-34771\" class=\"wp-caption-text\">ARMCHAIR: O nome do outro estilo j\u00e1 diz tudo. A poltrona \u00e9 uma cadeira de acento projetada com pain\u00e9is laterais independentes para formar uma estrutura para descansar os bra\u00e7os.<\/figcaption><\/figure>\n<figure id=\"attachment_34772\" aria-describedby=\"caption-attachment-34772\" style=\"width: 683px\" class=\"wp-caption alignnone\"><a href=\"https:\/\/www.aarquiteta.com.br\/blog\/wp-content\/uploads\/2021\/10\/barrel-chair-1575497441.jpg\"><img decoding=\"async\" class=\"wp-image-34772 size-large\" title=\"Cadeira circular\" src=\"https:\/\/www.aarquiteta.com.br\/blog\/wp-content\/uploads\/2021\/10\/barrel-chair-1575497441-683x1024.jpg\" alt=\"\" width=\"683\" height=\"1024\" srcset=\"https:\/\/www.aarquiteta.com.br\/blog\/wp-content\/uploads\/2021\/10\/barrel-chair-1575497441-683x1024.jpg 683w, https:\/\/www.aarquiteta.com.br\/blog\/wp-content\/uploads\/2021\/10\/barrel-chair-1575497441-696x1044.jpg 696w, https:\/\/www.aarquiteta.com.br\/blog\/wp-content\/uploads\/2021\/10\/barrel-chair-1575497441-150x225.jpg 150w, https:\/\/www.aarquiteta.com.br\/blog\/wp-content\/uploads\/2021\/10\/barrel-chair-1575497441.jpg 980w\" sizes=\"(max-width: 683px) 100vw, 683px\" \/><\/a><figcaption id=\"caption-attachment-34772\" class=\"wp-caption-text\">O design circular s\u00f3lido da cadeira balde \u00e9 espa\u00e7oso, luxuoso e extremamente confort\u00e1vel e \u00e9 feito de pe\u00e7as grandes. Muitas vers\u00f5es modernas do projeto n\u00e3o t\u00eam pernas, embora as cadeiras baldes venham em v\u00e1rios estilos e estofados.<\/figcaption><\/figure>\n<p><a href=\"https:\/\/www.aarquiteta.com.br\/blog\/wp-content\/uploads\/2021\/10\/armchair-2-1575574937.jpg\">\u00a0<\/a> <a href=\"https:\/\/www.aarquiteta.com.br\/blog\/wp-content\/uploads\/2021\/10\/barrel-chair-1575497441.jpg\">\u00a0<\/a><\/p>\n<figure id=\"attachment_34773\" aria-describedby=\"caption-attachment-34773\" style=\"width: 683px\" class=\"wp-caption alignnone\"><a href=\"https:\/\/www.aarquiteta.com.br\/blog\/wp-content\/uploads\/2021\/10\/chesterfield-chair-1575575117.jpg\"><img decoding=\"async\" class=\"wp-image-34773 size-large\" title=\"Cadeira Chesterfield\" src=\"https:\/\/www.aarquiteta.com.br\/blog\/wp-content\/uploads\/2021\/10\/chesterfield-chair-1575575117-683x1024.jpg\" alt=\"\" width=\"683\" height=\"1024\" srcset=\"https:\/\/www.aarquiteta.com.br\/blog\/wp-content\/uploads\/2021\/10\/chesterfield-chair-1575575117-683x1024.jpg 683w, https:\/\/www.aarquiteta.com.br\/blog\/wp-content\/uploads\/2021\/10\/chesterfield-chair-1575575117-696x1044.jpg 696w, https:\/\/www.aarquiteta.com.br\/blog\/wp-content\/uploads\/2021\/10\/chesterfield-chair-1575575117-150x225.jpg 150w, https:\/\/www.aarquiteta.com.br\/blog\/wp-content\/uploads\/2021\/10\/chesterfield-chair-1575575117.jpg 980w\" sizes=\"(max-width: 683px) 100vw, 683px\" \/><\/a><figcaption id=\"caption-attachment-34773\" class=\"wp-caption-text\">Confort\u00e1vel, feito sob medida e inegavelmente sexy, diz-se que o estilo Chesterfield foi realizado depois que o quarto conde de Chesterfield encomendou um sof\u00e1 de estilo semelhante no s\u00e9culo XVIII. As cadeiras que aparecem atr\u00e1s do sof\u00e1 t\u00eam as mesmas caracter\u00edsticas definidoras: apoios de bra\u00e7os enrolados, tufos de bot\u00f5es e acabamento em cabe\u00e7a de prego.<\/figcaption><\/figure>\n<p><a href=\"https:\/\/www.aarquiteta.com.br\/blog\/wp-content\/uploads\/2021\/10\/chesterfield-chair-1575575117.jpg\">\u00a0<\/a><\/p>\n<figure id=\"attachment_34774\" aria-describedby=\"caption-attachment-34774\" style=\"width: 681px\" class=\"wp-caption alignnone\"><a href=\"https:\/\/www.aarquiteta.com.br\/blog\/wp-content\/uploads\/2021\/10\/club-chair-2-1575574780.jpg\"><img decoding=\"async\" class=\"wp-image-34774 size-large\" title=\"Poltrona club\" src=\"https:\/\/www.aarquiteta.com.br\/blog\/wp-content\/uploads\/2021\/10\/club-chair-2-1575574780-681x1024.jpg\" alt=\"\" width=\"681\" height=\"1024\" srcset=\"https:\/\/www.aarquiteta.com.br\/blog\/wp-content\/uploads\/2021\/10\/club-chair-2-1575574780-681x1024.jpg 681w, https:\/\/www.aarquiteta.com.br\/blog\/wp-content\/uploads\/2021\/10\/club-chair-2-1575574780-696x1046.jpg 696w, https:\/\/www.aarquiteta.com.br\/blog\/wp-content\/uploads\/2021\/10\/club-chair-2-1575574780-150x225.jpg 150w, https:\/\/www.aarquiteta.com.br\/blog\/wp-content\/uploads\/2021\/10\/club-chair-2-1575574780.jpg 980w\" sizes=\"(max-width: 681px) 100vw, 681px\" \/><\/a><figcaption id=\"caption-attachment-34774\" class=\"wp-caption-text\">As poltronas espa\u00e7osas e luxuosas, geralmente vendidas em couro, s\u00e3o um cl\u00e1ssico mobili\u00e1rio de sala desenhado com curvas arredondadas para otimizar o conforto.<\/figcaption><\/figure>\n<p><a href=\"https:\/\/www.aarquiteta.com.br\/blog\/wp-content\/uploads\/2021\/10\/club-chair-2-1575574780.jpg\">\u00a0<\/a><\/p>\n<figure id=\"attachment_34775\" aria-describedby=\"caption-attachment-34775\" style=\"width: 600px\" class=\"wp-caption alignnone\"><a href=\"https:\/\/www.aarquiteta.com.br\/blog\/wp-content\/uploads\/2021\/10\/desk-chair-1575497438.jpeg\"><img decoding=\"async\" class=\"wp-image-34775 size-full\" title=\"Cadeira de escrit\u00f3rio\" src=\"https:\/\/www.aarquiteta.com.br\/blog\/wp-content\/uploads\/2021\/10\/desk-chair-1575497438.jpeg\" alt=\"\" width=\"600\" height=\"900\" srcset=\"https:\/\/www.aarquiteta.com.br\/blog\/wp-content\/uploads\/2021\/10\/desk-chair-1575497438.jpeg 600w, https:\/\/www.aarquiteta.com.br\/blog\/wp-content\/uploads\/2021\/10\/desk-chair-1575497438-150x225.jpeg 150w\" sizes=\"(max-width: 600px) 100vw, 600px\" \/><\/a><figcaption id=\"caption-attachment-34775\" class=\"wp-caption-text\">Embora existam muitos tipos de mesas no mercado, elas geralmente s\u00e3o ergonomicamente projetadas com rodas, reguladores de altura e assentos girat\u00f3rios.<\/figcaption><\/figure>\n<p><a href=\"https:\/\/www.aarquiteta.com.br\/blog\/wp-content\/uploads\/2021\/10\/desk-chair-1575497438.jpeg\">\u00a0<\/a><\/p>\n<figure id=\"attachment_34776\" aria-describedby=\"caption-attachment-34776\" style=\"width: 683px\" class=\"wp-caption alignnone\"><a href=\"https:\/\/www.aarquiteta.com.br\/blog\/wp-content\/uploads\/2021\/10\/egg-chair2-1575497625.jpg\"><img decoding=\"async\" class=\"wp-image-34776 size-large\" title=\"Cadeira oval tipo egg\" src=\"https:\/\/www.aarquiteta.com.br\/blog\/wp-content\/uploads\/2021\/10\/egg-chair2-1575497625-683x1024.jpg\" alt=\"\" width=\"683\" height=\"1024\" srcset=\"https:\/\/www.aarquiteta.com.br\/blog\/wp-content\/uploads\/2021\/10\/egg-chair2-1575497625-683x1024.jpg 683w, https:\/\/www.aarquiteta.com.br\/blog\/wp-content\/uploads\/2021\/10\/egg-chair2-1575497625-696x1044.jpg 696w, https:\/\/www.aarquiteta.com.br\/blog\/wp-content\/uploads\/2021\/10\/egg-chair2-1575497625-150x225.jpg 150w, https:\/\/www.aarquiteta.com.br\/blog\/wp-content\/uploads\/2021\/10\/egg-chair2-1575497625.jpg 980w\" sizes=\"(max-width: 683px) 100vw, 683px\" \/><\/a><figcaption id=\"caption-attachment-34776\" class=\"wp-caption-text\">Originalmente projetada por Arne Jacobsen para o SAS Royal Hotel em Copenhagen, a amada cadeira oval fica em uma base girat\u00f3ria e \u00e9 conhecida por seu encosto redondo liso e design de poltrona com asas.<\/figcaption><\/figure>\n<p><a href=\"https:\/\/www.aarquiteta.com.br\/blog\/wp-content\/uploads\/2021\/10\/egg-chair2-1575497625.jpg\">\u00a0<\/a><\/p>\n<figure id=\"attachment_34777\" aria-describedby=\"caption-attachment-34777\" style=\"width: 683px\" class=\"wp-caption alignnone\"><a href=\"https:\/\/www.aarquiteta.com.br\/blog\/wp-content\/uploads\/2021\/10\/loveseat-target-1575575428.jpg\"><img decoding=\"async\" class=\"wp-image-34777 size-large\" title=\"cadeira 2 pessoas\" src=\"https:\/\/www.aarquiteta.com.br\/blog\/wp-content\/uploads\/2021\/10\/loveseat-target-1575575428-683x1024.jpg\" alt=\"\" width=\"683\" height=\"1024\" srcset=\"https:\/\/www.aarquiteta.com.br\/blog\/wp-content\/uploads\/2021\/10\/loveseat-target-1575575428-683x1024.jpg 683w, https:\/\/www.aarquiteta.com.br\/blog\/wp-content\/uploads\/2021\/10\/loveseat-target-1575575428-696x1044.jpg 696w, https:\/\/www.aarquiteta.com.br\/blog\/wp-content\/uploads\/2021\/10\/loveseat-target-1575575428-150x225.jpg 150w, https:\/\/www.aarquiteta.com.br\/blog\/wp-content\/uploads\/2021\/10\/loveseat-target-1575575428.jpg 980w\" sizes=\"(max-width: 683px) 100vw, 683px\" \/><\/a><figcaption id=\"caption-attachment-34777\" class=\"wp-caption-text\">Perfeita para passar bons momentos com seus entes queridos &#8211; ou sair sozinho &#8211; a poltrona \u00e9 como um h\u00edbrido perfeito entre um sof\u00e1 e uma cadeira. Os sof\u00e1s de dois lugares v\u00eam em v\u00e1rios estilos, do moderno ao luxuoso tradicional.<\/figcaption><\/figure>\n<p><a href=\"https:\/\/www.aarquiteta.com.br\/blog\/wp-content\/uploads\/2021\/10\/loveseat-target-1575575428.jpg\">\u00a0<\/a><\/p>\n<figure id=\"attachment_34778\" aria-describedby=\"caption-attachment-34778\" style=\"width: 683px\" class=\"wp-caption alignnone\"><a href=\"https:\/\/www.aarquiteta.com.br\/blog\/wp-content\/uploads\/2021\/10\/recliner-chair-1575497441.jpg\"><img decoding=\"async\" class=\"wp-image-34778 size-large\" title=\"Poltrona reclin\u00e1vel\" src=\"https:\/\/www.aarquiteta.com.br\/blog\/wp-content\/uploads\/2021\/10\/recliner-chair-1575497441-683x1024.jpg\" alt=\"\" width=\"683\" height=\"1024\" srcset=\"https:\/\/www.aarquiteta.com.br\/blog\/wp-content\/uploads\/2021\/10\/recliner-chair-1575497441-683x1024.jpg 683w, https:\/\/www.aarquiteta.com.br\/blog\/wp-content\/uploads\/2021\/10\/recliner-chair-1575497441-696x1044.jpg 696w, https:\/\/www.aarquiteta.com.br\/blog\/wp-content\/uploads\/2021\/10\/recliner-chair-1575497441-150x225.jpg 150w, https:\/\/www.aarquiteta.com.br\/blog\/wp-content\/uploads\/2021\/10\/recliner-chair-1575497441.jpg 980w\" sizes=\"(max-width: 683px) 100vw, 683px\" \/><\/a><figcaption id=\"caption-attachment-34778\" class=\"wp-caption-text\">Embora alguns historiadores afirmem que Napole\u00e3o Bonaparte foi a primeira pessoa a possuir uma poltrona reclin\u00e1vel, esta pe\u00e7a cl\u00e1ssica de mobili\u00e1rio passou por muitas itera\u00e7\u00f5es na hist\u00f3ria. A poltrona reclin\u00e1vel foi projetada para ser inclinada para tr\u00e1s e geralmente possui um apoio para os p\u00e9s que se estende conforme a mesma se inclina.<\/figcaption><\/figure>\n<p><a href=\"https:\/\/www.aarquiteta.com.br\/blog\/wp-content\/uploads\/2021\/10\/recliner-chair-1575497441.jpg\">\u00a0<\/a><\/p>\n<figure id=\"attachment_34779\" aria-describedby=\"caption-attachment-34779\" style=\"width: 532px\" class=\"wp-caption alignnone\"><a href=\"https:\/\/www.aarquiteta.com.br\/blog\/wp-content\/uploads\/2021\/10\/tulip-chair-1575497438.jpg\"><img decoding=\"async\" class=\"wp-image-34779 size-full\" title=\"Cadeira estilo tulipa\" src=\"https:\/\/www.aarquiteta.com.br\/blog\/wp-content\/uploads\/2021\/10\/tulip-chair-1575497438.jpg\" alt=\"\" width=\"532\" height=\"800\" srcset=\"https:\/\/www.aarquiteta.com.br\/blog\/wp-content\/uploads\/2021\/10\/tulip-chair-1575497438.jpg 532w, https:\/\/www.aarquiteta.com.br\/blog\/wp-content\/uploads\/2021\/10\/tulip-chair-1575497438-150x226.jpg 150w\" sizes=\"(max-width: 532px) 100vw, 532px\" \/><\/a><figcaption id=\"caption-attachment-34779\" class=\"wp-caption-text\">Esta cadeira medieval projetada por Eeroarinen foi projetada para ser usada com uma mesa tipo tulipa complementar e sua base \u00fanica tem um charme elegante e elegante.<\/figcaption><\/figure>\n<p><a href=\"https:\/\/www.aarquiteta.com.br\/blog\/wp-content\/uploads\/2021\/10\/tulip-chair-1575497438.jpg\">\u00a0<\/a><\/p>\n<figure id=\"attachment_34780\" aria-describedby=\"caption-attachment-34780\" style=\"width: 683px\" class=\"wp-caption alignnone\"><a href=\"https:\/\/www.aarquiteta.com.br\/blog\/wp-content\/uploads\/2021\/10\/wassily-chair-2-1575575728.jpg\"><img decoding=\"async\" class=\"wp-image-34780 size-large\" title=\"CAdeira modelo Wassily\" src=\"https:\/\/www.aarquiteta.com.br\/blog\/wp-content\/uploads\/2021\/10\/wassily-chair-2-1575575728-683x1024.jpg\" alt=\"\" width=\"683\" height=\"1024\" srcset=\"https:\/\/www.aarquiteta.com.br\/blog\/wp-content\/uploads\/2021\/10\/wassily-chair-2-1575575728-683x1024.jpg 683w, https:\/\/www.aarquiteta.com.br\/blog\/wp-content\/uploads\/2021\/10\/wassily-chair-2-1575575728-696x1044.jpg 696w, https:\/\/www.aarquiteta.com.br\/blog\/wp-content\/uploads\/2021\/10\/wassily-chair-2-1575575728-150x225.jpg 150w, https:\/\/www.aarquiteta.com.br\/blog\/wp-content\/uploads\/2021\/10\/wassily-chair-2-1575575728.jpg 980w\" sizes=\"(max-width: 683px) 100vw, 683px\" \/><\/a><figcaption id=\"caption-attachment-34780\" class=\"wp-caption-text\">A\u00a0 Wassily de Marcel Breuer \u00e9 considerada a primeira cadeira de design com uma estrutura de a\u00e7o tubular. Embora existam muitas r\u00e9plicas, a maioria dos modelos tem acabamento em cromo polido com tiras de couro ou tecido.<\/figcaption><\/figure>\n<p><a href=\"https:\/\/www.aarquiteta.com.br\/blog\/wp-content\/uploads\/2021\/10\/wassily-chair-2-1575575728.jpg\">\u00a0<\/a><\/p>\n<figure id=\"attachment_34781\" aria-describedby=\"caption-attachment-34781\" style=\"width: 429px\" class=\"wp-caption alignnone\"><a href=\"https:\/\/www.aarquiteta.com.br\/blog\/wp-content\/uploads\/2021\/10\/windsor-chair-1575568796.png\"><img decoding=\"async\" class=\"wp-image-34781 size-full\" title=\"Cadeira tipo sela\" src=\"https:\/\/www.aarquiteta.com.br\/blog\/wp-content\/uploads\/2021\/10\/windsor-chair-1575568796.png\" alt=\"\" width=\"429\" height=\"645\" srcset=\"https:\/\/www.aarquiteta.com.br\/blog\/wp-content\/uploads\/2021\/10\/windsor-chair-1575568796.png 429w, https:\/\/www.aarquiteta.com.br\/blog\/wp-content\/uploads\/2021\/10\/windsor-chair-1575568796-150x226.png 150w\" sizes=\"(max-width: 429px) 100vw, 429px\" \/><\/a><figcaption id=\"caption-attachment-34781\" class=\"wp-caption-text\">O assento de sela afundado, o design de madeira maci\u00e7a, o encosto e as pernas arredondados s\u00e3o apenas algumas das caracter\u00edsticas t\u00edpicas das cadeiras Windsor. Ela inspirou muitas itera\u00e7\u00f5es modernas e \u00e9 frequentemente usada em restaurantes.<\/figcaption><\/figure>\n<p>&nbsp;<\/p>\n<h5>Faltou algum ingrediente para a receita?<\/h5>\n<p><em>N\u00e3o se preocupe! Fa\u00e7a suas compras pela internet!<\/em><\/p>\n<p><em>E se voc\u00ea tiver<strong> Cart\u00e3o de Cr\u00e9dito<\/strong> voc\u00ea ainda pode utiliz\u00e1-lo para realizar suas c<strong>ompras pela internet.<\/strong> \u00a0<\/em><\/p>\n<p><em>J\u00e1 conhece o Cart\u00e3o Atacad\u00e3o? Confira o Cart\u00e3o de Cr\u00e9dito da maior rede atacadista de alimentos. Aproveite as<a href=\"https:\/\/www.aarquiteta.com.br\/blog\/como-solicitar-cartao-atacadao\/\" target=\"_blank\" rel=\"noopener\"> vantagens exclusivas<\/a> e pe\u00e7a j\u00e1 o seu!<\/em><\/p>\n<figure id=\"attachment_52493\" aria-describedby=\"caption-attachment-52493\" style=\"width: 1000px\" class=\"wp-caption aligncenter\"><a href=\"https:\/\/www.aarquiteta.com.br\/blog\/como-solicitar-cartao-atacadao\/\" target=\"_blank\" rel=\"noopener\"><img decoding=\"async\" class=\"wp-image-52493 size-full\" title=\"Cart\u00e3o Atacad\u00e3o - Cr\u00e9dito para comprar e prazo para pagar!\" src=\"https:\/\/www.aarquiteta.com.br\/blog\/wp-content\/uploads\/2021\/10\/cartao-atacadao-1.jpg\" alt=\"Cart\u00e3o Atacad\u00e3o - Cr\u00e9dito para comprar e prazo para pagar!\" width=\"1000\" height=\"250\" srcset=\"https:\/\/www.aarquiteta.com.br\/blog\/wp-content\/uploads\/2021\/10\/cartao-atacadao-1.jpg 1000w, https:\/\/www.aarquiteta.com.br\/blog\/wp-content\/uploads\/2021\/10\/cartao-atacadao-1-696x174.jpg 696w, https:\/\/www.aarquiteta.com.br\/blog\/wp-content\/uploads\/2021\/10\/cartao-atacadao-1-150x38.jpg 150w\" sizes=\"(max-width: 1000px) 100vw, 1000px\" \/><\/a><figcaption id=\"caption-attachment-52493\" class=\"wp-caption-text\"><a href=\"https:\/\/www.aarquiteta.com.br\/blog\/como-solicitar-cartao-atacadao\/\" target=\"_blank\" rel=\"noopener\">Cart\u00e3o Atacad\u00e3o &#8211; Cr\u00e9dito para comprar e prazo para pagar! Clique para saber mais!<\/a><\/figcaption><\/figure>\n<p>&nbsp;<\/p>\n<figure id=\"attachment_34782\" aria-describedby=\"caption-attachment-34782\" style=\"width: 683px\" class=\"wp-caption alignnone\"><a href=\"https:\/\/www.aarquiteta.com.br\/blog\/wp-content\/uploads\/2021\/10\/wingback-chair-1575497792.jpg\"><img decoding=\"async\" class=\"wp-image-34782 size-large\" title=\"Cadeira tipo assento asa\" src=\"https:\/\/www.aarquiteta.com.br\/blog\/wp-content\/uploads\/2021\/10\/wingback-chair-1575497792-683x1024.jpg\" alt=\"\" width=\"683\" height=\"1024\" srcset=\"https:\/\/www.aarquiteta.com.br\/blog\/wp-content\/uploads\/2021\/10\/wingback-chair-1575497792-683x1024.jpg 683w, https:\/\/www.aarquiteta.com.br\/blog\/wp-content\/uploads\/2021\/10\/wingback-chair-1575497792-696x1044.jpg 696w, https:\/\/www.aarquiteta.com.br\/blog\/wp-content\/uploads\/2021\/10\/wingback-chair-1575497792-150x225.jpg 150w, https:\/\/www.aarquiteta.com.br\/blog\/wp-content\/uploads\/2021\/10\/wingback-chair-1575497792.jpg 980w\" sizes=\"(max-width: 683px) 100vw, 683px\" \/><\/a><figcaption id=\"caption-attachment-34782\" class=\"wp-caption-text\">Este estilo de acento &#8211; do cl\u00e1ssico ao moderno &#8211; \u00e9 marcada por seus pain\u00e9is laterais personalizados, que se estendem desde o encosto (geralmente alto).<\/figcaption><\/figure>\n<p><a href=\"https:\/\/www.aarquiteta.com.br\/blog\/wp-content\/uploads\/2021\/10\/wingback-chair-1575497792.jpg\">\u00a0<\/a><\/p>\n<figure id=\"attachment_34783\" aria-describedby=\"caption-attachment-34783\" style=\"width: 683px\" class=\"wp-caption alignnone\"><a href=\"https:\/\/www.aarquiteta.com.br\/blog\/wp-content\/uploads\/2021\/10\/wishbone-chair-1575497438.jpeg\"><img decoding=\"async\" class=\"wp-image-34783 size-large\" title=\"Cadeira do tipo enconsto curvo\" src=\"https:\/\/www.aarquiteta.com.br\/blog\/wp-content\/uploads\/2021\/10\/wishbone-chair-1575497438-683x1024.jpeg\" alt=\"\" width=\"683\" height=\"1024\" srcset=\"https:\/\/www.aarquiteta.com.br\/blog\/wp-content\/uploads\/2021\/10\/wishbone-chair-1575497438-683x1024.jpeg 683w, https:\/\/www.aarquiteta.com.br\/blog\/wp-content\/uploads\/2021\/10\/wishbone-chair-1575497438-696x1043.jpeg 696w, https:\/\/www.aarquiteta.com.br\/blog\/wp-content\/uploads\/2021\/10\/wishbone-chair-1575497438-150x225.jpeg 150w, https:\/\/www.aarquiteta.com.br\/blog\/wp-content\/uploads\/2021\/10\/wishbone-chair-1575497438.jpeg 734w\" sizes=\"(max-width: 683px) 100vw, 683px\" \/><\/a><figcaption id=\"caption-attachment-34783\" class=\"wp-caption-text\">Esta cadeira desenhada por Hans Wegner \u00e9 marcada por um encosto curvo vapor e um assento tecido \u00e0 m\u00e3o. O seu design \u00e9 inspirado na cadeira Ming. O design \u00e9 requintado e o encosto arredondado \u00e9 muito confort\u00e1vel.<\/figcaption><\/figure>\n<p>Gostou do artigo com\u00a0 ideias\u00a0 sobre cadeiras?<\/p>\n<p>Ent\u00e3o deslize a tela para baixo e<a href=\"https:\/\/br.pinterest.com\/aarquitetapinterest\/_created\/\" target=\"_blank\" rel=\"noopener\"> confira mais dicas<\/a> como esta e n\u00e3o se esque\u00e7a de compartilhar com os amigos!<\/p>\n<p>Quer mais dicas sobre o mundo da Arquitetura e Decora\u00e7\u00e3o, ent\u00e3o confira alguns dos nossos artigos em:<\/p>\n<ul>\n<li><a href=\"https:\/\/www.aarquiteta.com.br\/blog\/paisagismo\/\" target=\"_blank\" rel=\"noopener\">Casa e Jardim<\/a><\/li>\n<li><a href=\"https:\/\/www.aarquiteta.com.br\/blog\/arquitetura\/mundo-arquitetura\/\" target=\"_blank\" rel=\"noopener\">Mundo Arquitetura<\/a><\/li>\n<li><a href=\"https:\/\/www.aarquiteta.com.br\/decoracao\/\" target=\"_blank\" rel=\"noopener\">Decora\u00e7\u00e3o\u00a0<\/a>&nbsp;\n<p>&nbsp;<\/li>\n<\/ul>\n","protected":false},"excerpt":{"rendered":"<p>A cadeira \u00e9 um dos m\u00f3veis dom\u00e9sticos mais importantes. As cadeiras s\u00e3o \u00f3timas porque proporcionam um lugar para sentar e relaxar. Eles tamb\u00e9m v\u00eam em muitos estilos e tipos. Um dos tipos mais populares de cadeiras \u00e9 a cadeira de balan\u00e7o. As cadeiras de balan\u00e7o s\u00e3o \u00f3timas para colocar as crian\u00e7as para dormir ou proporcionar [&hellip;]<\/p>\n","protected":false},"author":102,"featured_media":34785,"comment_status":"closed","ping_status":"closed","sticky":false,"template":"","format":"standard","meta":{"footnotes":""},"categories":[1484,18754],"tags":[2097,1681,9149],"class_list":["post-49944","post","type-post","status-publish","format-standard","has-post-thumbnail","category-decoracao","category-decoracao-de-cozinha","tag-cadeira","tag-como-escolher-cadeira","tag-dicas-para-cadeira"],"_wp_attached_file":null,"_wp_attachment_metadata":null,"_wp_attachment_context":null,"_wp_attachment_is_custom_header":null,"geo_longitude":null,"geo_public":null,"geo_latitude":null,"_publicize_done_external":null,"_wpas_done_3897181":null,"publicize_twitter_user":null,"_wpas_done_3897175":null,"_wpas_skip_3897181":null,"_wpas_skip_3897175":null,"_wpas_skip_3924723":null,"_wpas_mess":null,"_wpas_done_3924723":null,"wps_subtitle":"Confira as melhores dicas de Decora\u00e7\u00e3o que separamos para voc\u00ea decorar sua casa e deix\u00e1-la ainda mais aconchegante!","_links":{"self":[{"href":"https:\/\/www.aarquiteta.com.br\/blog\/wp-json\/wp\/v2\/posts\/49944","targetHints":{"allow":["GET"]}}],"collection":[{"href":"https:\/\/www.aarquiteta.com.br\/blog\/wp-json\/wp\/v2\/posts"}],"about":[{"href":"https:\/\/www.aarquiteta.com.br\/blog\/wp-json\/wp\/v2\/types\/post"}],"author":[{"embeddable":true,"href":"https:\/\/www.aarquiteta.com.br\/blog\/wp-json\/wp\/v2\/users\/102"}],"replies":[{"embeddable":true,"href":"https:\/\/www.aarquiteta.com.br\/blog\/wp-json\/wp\/v2\/comments?post=49944"}],"version-history":[{"count":2,"href":"https:\/\/www.aarquiteta.com.br\/blog\/wp-json\/wp\/v2\/posts\/49944\/revisions"}],"predecessor-version":[{"id":157927,"href":"https:\/\/www.aarquiteta.com.br\/blog\/wp-json\/wp\/v2\/posts\/49944\/revisions\/157927"}],"wp:featuredmedia":[{"embeddable":true,"href":"https:\/\/www.aarquiteta.com.br\/blog\/wp-json\/wp\/v2\/media\/34785"}],"wp:attachment":[{"href":"https:\/\/www.aarquiteta.com.br\/blog\/wp-json\/wp\/v2\/media?parent=49944"}],"wp:term":[{"taxonomy":"category","embeddable":true,"href":"https:\/\/www.aarquiteta.com.br\/blog\/wp-json\/wp\/v2\/categories?post=49944"},{"taxonomy":"post_tag","embeddable":true,"href":"https:\/\/www.aarquiteta.com.br\/blog\/wp-json\/wp\/v2\/tags?post=49944"}],"curies":[{"name":"wp","href":"https:\/\/api.w.org\/{rel}","templated":true}]}}