{"id":49933,"date":"2022-04-01T01:00:49","date_gmt":"2022-04-01T04:00:49","guid":{"rendered":"http:\/\/aarquiteta.com.br\/?p=49933"},"modified":"2024-09-13T17:42:25","modified_gmt":"2024-09-13T20:42:25","slug":"o-que-e-um-loft","status":"publish","type":"post","link":"https:\/\/www.aarquiteta.com.br\/blog\/o-que-e-um-loft\/","title":{"rendered":"LOFT &#8211; O guia definitivo de como decorar!"},"content":{"rendered":"<p>Loft o que \u00e9 e como decorar? Confira como reconhecer um Loft e apaixone-se por esta maneira de morar!<\/p><h2>O que \u00e9 um Loft?<\/h2><p>A palavra Loft no dicion\u00e1rio refere-se a uma sala ou espa\u00e7o diretamente sob o telhado de uma casa ou outro edif\u00edcio usado para fins residenciais ou comerciais.<\/p><p>Outro significado da palavra \u00e9 uma grande \u00e1rea aberta em um armaz\u00e9m, f\u00e1brica ou outro grande edif\u00edcio convertido em um espa\u00e7o vital.<\/p><p>Nos Estados Unidos, o termo loft \u00e9 usado para descrever o n\u00edvel superior de um edif\u00edcio &#8211; diretamente sob o telhado. No Reino Unido, no entanto, nada mais \u00e9 do que um espa\u00e7o de armazenamento sob o teto, e uma escada que geralmente leva a ele.<\/p><p>No entanto, o s\u00f3t\u00e3o tem muitos usos como espa\u00e7o. Isso inclui <a href=\"https:\/\/www.aarquiteta.com.br\/blog\/?s=ESCRITORIO\">escrit\u00f3rios<\/a>, espa\u00e7os residenciais, est\u00fadios de cinema e fotografia, clubes de dan\u00e7a, academias, CrossFit, lojas de varejo e muito mais. Propriet\u00e1rios ou inquilinos tamb\u00e9m podem ajustar e adaptar seus espa\u00e7os.<\/p><h2>De onde surgiram os Lofts?<\/h2><p>O conceito Loft surgiu na convers\u00e3o de antigos edif\u00edcios como galp\u00f5es de f\u00e1bricas, por exemplo, em espa\u00e7os altamente criativos transformados em moradia enquanto funcionava como ateli\u00ea com uso profissional.<\/p><figure id=\"attachment_34683\" aria-describedby=\"caption-attachment-34683\" style=\"width: 1200px\" class=\"wp-caption aligncenter\"><a href=\"https:\/\/www.aarquiteta.com.br\/blog\/wp-content\/uploads\/2021\/09\/old-school-loft-1.jpg\"><img decoding=\"async\" class=\"wp-image-34683 size-full\" title=\"O guia definitivo para O QUE \u00e9 UM LOFT.\" src=\"https:\/\/www.aarquiteta.com.br\/blog\/wp-content\/uploads\/2021\/09\/old-school-loft-1.jpg\" alt=\"O guia definitivo para O QUE \u00e9 UM LOFT.\" width=\"1200\" height=\"675\" srcset=\"https:\/\/www.aarquiteta.com.br\/blog\/wp-content\/uploads\/2021\/09\/old-school-loft-1.jpg 1200w, https:\/\/www.aarquiteta.com.br\/blog\/wp-content\/uploads\/2021\/09\/old-school-loft-1-1024x576.jpg 1024w, https:\/\/www.aarquiteta.com.br\/blog\/wp-content\/uploads\/2021\/09\/old-school-loft-1-696x392.jpg 696w, https:\/\/www.aarquiteta.com.br\/blog\/wp-content\/uploads\/2021\/09\/old-school-loft-1-150x84.jpg 150w\" sizes=\"(max-width: 1200px) 100vw, 1200px\" \/><\/a><figcaption id=\"caption-attachment-34683\" class=\"wp-caption-text\">Foto: Pinterest<\/figcaption><\/figure><p>Os artistas foram os primeiros a abra\u00e7arem essa forma de morar e trabalhar em um mesmo lugar,.<\/p><p>Com a criatividade intelectual que lhes s\u00e3o peculiares, artistas, designers e arquitetos ressignificaram o conceito de morar e trabalhar no mesmo espa\u00e7o com decora\u00e7\u00f5es altamente atraentes, o que fez com que os americanos procurassem por im\u00f3veis que pudessem ser transformados em loft.<\/p><p>A explos\u00e3o pela busca acelerada por esses espa\u00e7os tornou os antigos galp\u00f5es de f\u00e1bricas, escolas desativas e at\u00e9 mesmo frigor\u00edficos, em um artigo raro.<\/p><p>O que fez com o que valor desses im\u00f3veis subissem de valor, e tamb\u00e9m pela escassez das \u00e1reas industriais para serem transformadas em residenciais j\u00e1 que os gestores das cidades reurbanizaram as \u00e1reas ditas como industriais em residenciais.<\/p><h2>Como se caracteriza um Loft?<\/h2><p>De origem industrial um loft tem carateristas bem peculiares.<\/p><ul><li>Planta Livre;<\/li><li>Espa\u00e7os Integrados;<\/li><li>P\u00e9 direito duplo;<\/li><li>Mezanino;<\/li><li>Amplas janelas para entrada da <a href=\"https:\/\/www.aarquiteta.com.br\/blog\/?s=ILUMINA%C3%87%C3%83O\">ilumina\u00e7\u00e3o<\/a> natural;<\/li><li>Instala\u00e7\u00f5es (el\u00e9tricas e hidr\u00e1ulicas) aparentes;<\/li><li>Utiliza\u00e7\u00e3o das Estruturas, materiais e texturas rusticas tamb\u00e9m aparentes.<\/li><\/ul><figure id=\"attachment_34670\" aria-describedby=\"caption-attachment-34670\" style=\"width: 730px\" class=\"wp-caption aligncenter\"><a href=\"https:\/\/www.aarquiteta.com.br\/blog\/wp-content\/uploads\/2021\/09\/Loft-tipo-industrial.jpg\"><img decoding=\"async\" class=\"wp-image-34670 size-full\" title=\"Loft Industrial\" src=\"https:\/\/www.aarquiteta.com.br\/blog\/wp-content\/uploads\/2021\/09\/Loft-tipo-industrial.jpg\" alt=\"O guia definitivo para O QUE \u00e9 UM LOFT.\" width=\"730\" height=\"716\" srcset=\"https:\/\/www.aarquiteta.com.br\/blog\/wp-content\/uploads\/2021\/09\/Loft-tipo-industrial.jpg 730w, https:\/\/www.aarquiteta.com.br\/blog\/wp-content\/uploads\/2021\/09\/Loft-tipo-industrial-696x683.jpg 696w, https:\/\/www.aarquiteta.com.br\/blog\/wp-content\/uploads\/2021\/09\/Loft-tipo-industrial-150x147.jpg 150w\" sizes=\"(max-width: 730px) 100vw, 730px\" \/><\/a><figcaption id=\"caption-attachment-34670\" class=\"wp-caption-text\">Foto: Pinterest<\/figcaption><\/figure><p>Esses itens todos combinados a um bom projeto, acabou caindo no gosto das pessoas que tamb\u00e9m se identificaram com esse novo modo de morar e trabalhar.<\/p><p>Especialmente as pessoas solteiras, estudantes e at\u00e9 mesmo o mundo empresarial.<\/p><p>Empres\u00e1rios passaram a se interessar mais e mais por Lofts de modo a t\u00ea-lo at\u00e9 mesmo como segunda moradia, para aqueles que vivem longe de suas familias e <a href=\"https:\/\/www.aarquiteta.com.br\/blog\/?s=CASAS\">casas<\/a> originais.<\/p><p>Com a expans\u00e3o da procura\u00a0 e a escassez gerada pela falta de espa\u00e7os abandonados, o mercado imobili\u00e1rio criou um <a href=\"https:\/\/www.aarquiteta.com.br\/blog\/?s=NICHO\">nicho<\/a> espec\u00edfico para atender aos interessados. E passou-se ent\u00e3o a oferecer novas constru\u00e7\u00f5es, mas com caracter\u00edsticas de um Loft original.<\/p><p>O bum imobili\u00e1rio elevou os pre\u00e7os dos lofts no mercado, deixando-o mais caro que muito <a href=\"https:\/\/www.aarquiteta.com.br\/blog\/?s=APARTAMENTO\">apartamento<\/a> de \u00e1rea maior e com mais estrutura.<\/p><h2>Por que escolher um loft?<\/h2><p>Com o tempo os lofts representaram um estilo descolado de se viver, atraindo as pessoas pelo jeito todo especial de se morar.<\/p><p>Os benef\u00edcios de um loft incluem:<\/p><ul><li>Praticidade e sensa\u00e7\u00e3o de liberdade: Ambientes abertos de uso integrado, para quem n\u00e3o tem muito tempo para cuidar da casa;<\/li><li>Divis\u00e3o de ambientes com mobili\u00e1rio, j\u00e1 que n\u00e3o h\u00e1 divis\u00f5es dos ambientes por paredes;<\/li><li>Muita ilumina\u00e7\u00e3o natural: Gerando ambientes mais sustent\u00e1veis com a redu\u00e7\u00e3o do uso da energia el\u00e9trica;<\/li><li>Redu\u00e7\u00e3o de custos com manuten\u00e7\u00f5es: devido \u00e0 exposi\u00e7\u00e3o das infraestruturas o tempo de reparo \u00e9 menor e gerando economia at\u00e9 mesmo os custos dos quebra-quebra.<\/li><\/ul><h2><strong>Como escolher um Loft?<\/strong><\/h2><p>Primeiramente voc\u00ea deve ficar atento as caracter\u00edsticas apresentadas no \u2018item\u2019 anterior, a semelhan\u00e7a entre alguns im\u00f3veis oferecidos s\u00e3o at\u00e9 atraentes no mercado, mas elas n\u00e3o correspondem de fato as caracter\u00edsticas prim\u00e1rias de um loft.<\/p><p>Realizar pesquisa sobre Lofts \u00e9 sempre uma boa pedida antes de sair buscando o seu im\u00f3vel as pressas.<\/p><h2>Loft Moderno \u2014 Como diferenciar um Loft de uma Kitnet?<\/h2><p>Loft \u00e9 um espa\u00e7o inspirado nas antigas \u00e1reas de gal\u00f5es abandonados sido convertido em moradia com as carateristas apresentadas anteriormente.<\/p><h2>N\u00e3o confunda Loft com Kitnet<\/h2><p><strong>Qual a diferen\u00e7a entre loft\u00a0e\u00a0kitnet?<\/strong><\/p><p>J\u00e1 a Kitnet geralmente s\u00e3o apartamentos muito pequenos com poucas divis\u00f3rias internas, exceto o banheiro e de \u00e1rea de at\u00e9 50m2.<\/p><p>A kitnet \u00e9 essencialmente um c\u00f4modo que serve de quarto e sala simultaneamente, possui um banheiro e uma pequen\u00edssima cozinha separada algumas vezes por um balc\u00e3o que serve de mesa, quando n\u00e3o se tem espa\u00e7o para uma.<\/p><figure id=\"attachment_34672\" aria-describedby=\"caption-attachment-34672\" style=\"width: 700px\" class=\"wp-caption aligncenter\"><a href=\"https:\/\/www.aarquiteta.com.br\/blog\/wp-content\/uploads\/2021\/09\/kitnet.jpg\"><img decoding=\"async\" class=\"wp-image-34672 size-full\" title=\"Kitnet decorada\" src=\"https:\/\/www.aarquiteta.com.br\/blog\/wp-content\/uploads\/2021\/09\/kitnet.jpg\" alt=\"O guia definitivo para O QUE \u00e9 UM LOFT.\" width=\"700\" height=\"846\" srcset=\"https:\/\/www.aarquiteta.com.br\/blog\/wp-content\/uploads\/2021\/09\/kitnet.jpg 700w, https:\/\/www.aarquiteta.com.br\/blog\/wp-content\/uploads\/2021\/09\/kitnet-696x841.jpg 696w, https:\/\/www.aarquiteta.com.br\/blog\/wp-content\/uploads\/2021\/09\/kitnet-150x181.jpg 150w\" sizes=\"(max-width: 700px) 100vw, 700px\" \/><\/a><figcaption id=\"caption-attachment-34672\" class=\"wp-caption-text\">Foto: Pinterest<\/figcaption><\/figure><p>No entanto, atualmente, devido \u00e0 alta criatividade dos designers, as kitnets voltaram a chamar a aten\u00e7\u00e3o daqueles que precisam apenas morar sozinho, sendo o trabalhado realizado em outro lugar.<\/p><p>Assim como Lofts as kitnets trazem tamb\u00e9m um novo conceito de se morar, pois, elas se aproximam muito do conceito minimalista, j\u00e1 que a ideia \u00e9 viver somente com o necess\u00e1rio sem ac\u00famulo de itens n\u00e3o essenciais.<\/p><p>Uma kit net pode sim, ser um local agrad\u00e1vel de se viver, <strong>projetos de kitket<\/strong> vem sendo cada vez mais solicitados por arquitetos que vem com solu\u00e7\u00f5es incr\u00edveis para quem quer morar bem, com conforto em um ambiente com uma boa decora\u00e7\u00e3o.<\/p><h2>Como decorar?<\/h2><p>Assim como a kitnet a ideia \u00e9 viver com o essencial.<\/p><p>Adotar uma decora\u00e7\u00e3o minimalista \u00e9 uma boa solu\u00e7\u00e3o para deixar o espa\u00e7o ainda mais leve e elegante livres de exageros na decora\u00e7\u00e3o adequando-o \u00e0 disposi\u00e7\u00e3o dos elementos para garantir maior fluidez do espa\u00e7o.<\/p><figure id=\"attachment_34673\" aria-describedby=\"caption-attachment-34673\" style=\"width: 1186px\" class=\"wp-caption aligncenter\"><a href=\"https:\/\/www.aarquiteta.com.br\/blog\/wp-content\/uploads\/2021\/09\/loft-mezanino.jpg\"><img decoding=\"async\" class=\"wp-image-34673\" title=\"Kitnet minimalista\" src=\"https:\/\/www.aarquiteta.com.br\/blog\/wp-content\/uploads\/2021\/09\/loft-mezanino.jpg\" alt=\"\" width=\"1186\" height=\"600\" srcset=\"https:\/\/www.aarquiteta.com.br\/blog\/wp-content\/uploads\/2021\/09\/loft-mezanino.jpg 1200w, https:\/\/www.aarquiteta.com.br\/blog\/wp-content\/uploads\/2021\/09\/loft-mezanino-1024x518.jpg 1024w, https:\/\/www.aarquiteta.com.br\/blog\/wp-content\/uploads\/2021\/09\/loft-mezanino-696x352.jpg 696w, https:\/\/www.aarquiteta.com.br\/blog\/wp-content\/uploads\/2021\/09\/loft-mezanino-150x76.jpg 150w\" sizes=\"(max-width: 1186px) 100vw, 1186px\" \/><\/a><figcaption id=\"caption-attachment-34673\" class=\"wp-caption-text\">Foto: Pinterest<\/figcaption><\/figure><p>Se seu Loft tem pouca \u00e1rea \u00e9 preciso sempre ter consci\u00eancia do tamanho dos m\u00f3veis, mesas e sof\u00e1s s\u00e3o os mais preocupantes, por isso na hora da compra verifique os seus tamanhos para que eles n\u00e3o ocupem mais espa\u00e7o do que o necess\u00e1rio, deixando o ambiente pesado e desconfort\u00e1vel.<\/p><p>Mobili\u00e1rio com mais de uma fun\u00e7\u00e3o pode ser a solu\u00e7\u00e3o que voc\u00ea precisava para ganhar uma \u00e1rea multifuncional. M\u00f3veis modulares podem ajudar, algumas empresas oferecem ainda o projeto para ajudar o morador a comprar os m\u00f3veis certos para pequenos espa\u00e7os.<\/p><p>Um loft aconchegante requer aten\u00e7\u00e3o na hora de decora\u00e7\u00e3o, pois o risco de tentar combinar todos os ambientes individualizadamente possam deixar a decora\u00e7\u00e3o confusa.<\/p><h2><strong>Dicas para o Loft: <\/strong><\/h2><ul><li>Procure deixar a decora\u00e7\u00e3o menos mon\u00f3tona poss\u00edvel escolhendo elementos que causam impacto visual sofisticadamente.<\/li><li>Adote uma cartela de cores que possa equilibrar o ambiente com cores, mas sem pesar ou deix\u00e1-lo neutro demais.<\/li><\/ul><figure id=\"attachment_34675\" aria-describedby=\"caption-attachment-34675\" style=\"width: 1200px\" class=\"wp-caption aligncenter\"><a href=\"https:\/\/www.aarquiteta.com.br\/blog\/wp-content\/uploads\/2021\/09\/loft-janelas.jpg\"><img decoding=\"async\" class=\"wp-image-34675 size-full\" title=\"Loft Decoracao Minimalista\" src=\"https:\/\/www.aarquiteta.com.br\/blog\/wp-content\/uploads\/2021\/09\/loft-janelas.jpg\" alt=\"\" width=\"1200\" height=\"511\" srcset=\"https:\/\/www.aarquiteta.com.br\/blog\/wp-content\/uploads\/2021\/09\/loft-janelas.jpg 1200w, https:\/\/www.aarquiteta.com.br\/blog\/wp-content\/uploads\/2021\/09\/loft-janelas-1024x436.jpg 1024w, https:\/\/www.aarquiteta.com.br\/blog\/wp-content\/uploads\/2021\/09\/loft-janelas-696x296.jpg 696w, https:\/\/www.aarquiteta.com.br\/blog\/wp-content\/uploads\/2021\/09\/loft-janelas-150x64.jpg 150w\" sizes=\"(max-width: 1200px) 100vw, 1200px\" \/><\/a><figcaption id=\"caption-attachment-34675\" class=\"wp-caption-text\">Foto: Pinterest<\/figcaption><\/figure><ul><li>Mistura de mat\u00e9rias podem tamb\u00e9m ajudar a equilibrar o ambiente especialmente em pisos, bancadas, tapetes, cortinas, tecido e mantas de sof\u00e1, almofadas.<\/li><li>Integra\u00e7\u00e3o \u00e9 a palavra-chave, quando nos referimos a um Loft, por isso aposte em elementos que integre todos os ambientes para deixar o espa\u00e7o mais aconchegante.<\/li><li>Para n\u00e3o deixar os ambientes sem uma liga\u00e7\u00e3o entre eles, crie pontos de apoio, como uma bancada para fazer a liga\u00e7\u00e3o de uma sala e uma cozinha, por exemplo.<\/li><li>E se o seu Loft possuir uma vista externa maravilhosa traga-a para dentro, deixando livre o acesso at\u00e9 as janelas, assim seu Loft ficar\u00e1 ainda mais interessante. As visitas v\u00e3o amar.<\/li><\/ul><figure id=\"attachment_34676\" aria-describedby=\"caption-attachment-34676\" style=\"width: 739px\" class=\"wp-caption aligncenter\"><a href=\"https:\/\/www.aarquiteta.com.br\/blog\/wp-content\/uploads\/2021\/09\/Loft-com-vista-exterior.jpg\"><img decoding=\"async\" class=\"wp-image-34676 size-full\" title=\"Loft com vista exterior\" src=\"https:\/\/www.aarquiteta.com.br\/blog\/wp-content\/uploads\/2021\/09\/Loft-com-vista-exterior.jpg\" alt=\"\" width=\"739\" height=\"741\" srcset=\"https:\/\/www.aarquiteta.com.br\/blog\/wp-content\/uploads\/2021\/09\/Loft-com-vista-exterior.jpg 739w, https:\/\/www.aarquiteta.com.br\/blog\/wp-content\/uploads\/2021\/09\/Loft-com-vista-exterior-696x698.jpg 696w, https:\/\/www.aarquiteta.com.br\/blog\/wp-content\/uploads\/2021\/09\/Loft-com-vista-exterior-96x96.jpg 96w, https:\/\/www.aarquiteta.com.br\/blog\/wp-content\/uploads\/2021\/09\/Loft-com-vista-exterior-150x150.jpg 150w\" sizes=\"(max-width: 739px) 100vw, 739px\" \/><\/a><figcaption id=\"caption-attachment-34676\" class=\"wp-caption-text\">Fonte: Pinterest<\/figcaption><\/figure><p>Ficou curioso para saber o que \u00e9 um <a href=\"https:\/\/www.aarquiteta.com.br\/blog\/o-que-e-um-mezanino\/\" target=\"_blank\" rel=\"noopener\"><strong>Mezanino<\/strong><\/a> confira <a href=\"https:\/\/www.aarquiteta.com.br\/blog\/o-que-e-um-mezanino\/\" target=\"_blank\" rel=\"noopener\"><strong>neste artigo as dicas<\/strong><\/a> e veja os lindos mezaninos que separamos para voc\u00ea.<\/p><p><a href=\"https:\/\/www.aarquiteta.com.br\/decoracao\/\" target=\"_blank\" rel=\"noopener\">\u00a0<\/a><\/p>","protected":false},"excerpt":{"rendered":"<p>Loft o que \u00e9 e como decorar? Confira como reconhecer um Loft e apaixone-se por esta maneira de morar!O que \u00e9 um Loft?A palavra Loft no dicion\u00e1rio refere-se a uma sala ou espa\u00e7o diretamente sob o telhado de uma casa ou outro edif\u00edcio usado para fins residenciais ou comerciais.Outro significado da palavra \u00e9 uma grande [&hellip;]<\/p>\n","protected":false},"author":102,"featured_media":49936,"comment_status":"closed","ping_status":"closed","sticky":false,"template":"","format":"standard","meta":{"footnotes":""},"categories":[18792],"tags":[9136,1870,9137],"class_list":["post-49933","post","type-post","status-publish","format-standard","has-post-thumbnail","category-decoracao-de-apartamento","tag-como-decorar-loft","tag-loft","tag-o-que-e-loft"],"_wp_attached_file":null,"_wp_attachment_metadata":null,"_wp_attachment_context":null,"_wp_attachment_is_custom_header":null,"geo_longitude":null,"geo_public":null,"geo_latitude":null,"_publicize_done_external":null,"_wpas_done_3897181":null,"publicize_twitter_user":null,"_wpas_done_3897175":null,"_wpas_skip_3897181":null,"_wpas_skip_3897175":null,"_wpas_skip_3924723":null,"_wpas_mess":null,"_wpas_done_3924723":null,"wps_subtitle":"Confira as dicas de Decora\u00e7\u00e3o que separamos para os amantes da \u00e1rea da Constru\u00e7\u00e3o Civil mais amada do Brasil!","_links":{"self":[{"href":"https:\/\/www.aarquiteta.com.br\/blog\/wp-json\/wp\/v2\/posts\/49933","targetHints":{"allow":["GET"]}}],"collection":[{"href":"https:\/\/www.aarquiteta.com.br\/blog\/wp-json\/wp\/v2\/posts"}],"about":[{"href":"https:\/\/www.aarquiteta.com.br\/blog\/wp-json\/wp\/v2\/types\/post"}],"author":[{"embeddable":true,"href":"https:\/\/www.aarquiteta.com.br\/blog\/wp-json\/wp\/v2\/users\/102"}],"replies":[{"embeddable":true,"href":"https:\/\/www.aarquiteta.com.br\/blog\/wp-json\/wp\/v2\/comments?post=49933"}],"version-history":[{"count":0,"href":"https:\/\/www.aarquiteta.com.br\/blog\/wp-json\/wp\/v2\/posts\/49933\/revisions"}],"wp:featuredmedia":[{"embeddable":true,"href":"https:\/\/www.aarquiteta.com.br\/blog\/wp-json\/wp\/v2\/media\/49936"}],"wp:attachment":[{"href":"https:\/\/www.aarquiteta.com.br\/blog\/wp-json\/wp\/v2\/media?parent=49933"}],"wp:term":[{"taxonomy":"category","embeddable":true,"href":"https:\/\/www.aarquiteta.com.br\/blog\/wp-json\/wp\/v2\/categories?post=49933"},{"taxonomy":"post_tag","embeddable":true,"href":"https:\/\/www.aarquiteta.com.br\/blog\/wp-json\/wp\/v2\/tags?post=49933"}],"curies":[{"name":"wp","href":"https:\/\/api.w.org\/{rel}","templated":true}]}}