{"id":498,"date":"2022-02-03T15:06:01","date_gmt":"2022-02-03T18:06:01","guid":{"rendered":"http:\/\/aarquitetadicas.wordpress.com\/?p=498"},"modified":"2024-06-28T12:36:19","modified_gmt":"2024-06-28T15:36:19","slug":"maquete-eletronica-3d-como-cobrar","status":"publish","type":"post","link":"https:\/\/www.aarquiteta.com.br\/blog\/maquete-eletronica-3d-como-cobrar\/","title":{"rendered":"Maquete Eletr\u00f4nica: Como or\u00e7ar uma imagem 3D?"},"content":{"rendered":"<p style=\"text-align: justify;\">O post de hoje \u00e9 tamb\u00e9m \u00e9 uma dica sobre uma d\u00favida que veio l\u00e1 da nossa p\u00e1gina do Facebook:\u00a0 sobre como or\u00e7ar projetos de <a href=\"https:\/\/www.aarquiteta.com.br\/curso-3ds-max-vray-pos-3d\/\" target=\"_blank\" rel=\"noopener\">imagens 3D<\/a>.<\/p>\n<h2>Maquete Eletr\u00f4nica: Como or\u00e7ar uma imagem 3D?<\/h2>\n<p style=\"text-align: justify;\">O que \u00e9 necess\u00e1rio para or\u00e7ar uma<a href=\"https:\/\/www.aarquiteta.com.br\/curso-3ds-max-vray-pos-3d\/\" target=\"_blank\" rel=\"noopener\"> imagem 3D<\/a> de maquete eletr\u00f4nica e come\u00e7ar certo desde j\u00e1?<\/p>\n<p><img decoding=\"async\" class=\"wp-image-34832 size-full\" style=\"font-weight: bold; background-color: initial; color: #767676;\" title=\"Maquete Eletr\u00f4nica: Como or\u00e7ar uma imagem 3D? \" src=\"https:\/\/www.aarquiteta.com.br\/blog\/wp-content\/uploads\/2013\/07\/VRAY-03.jpg\" alt=\"Maquete Eletr\u00f4nica: Como or\u00e7ar uma imagem 3D? \" width=\"1134\" height=\"1280\" srcset=\"https:\/\/www.aarquiteta.com.br\/blog\/wp-content\/uploads\/2013\/07\/VRAY-03.jpg 1134w, https:\/\/www.aarquiteta.com.br\/blog\/wp-content\/uploads\/2013\/07\/VRAY-03-1024x1156.jpg 1024w, https:\/\/www.aarquiteta.com.br\/blog\/wp-content\/uploads\/2013\/07\/VRAY-03-696x786.jpg 696w, https:\/\/www.aarquiteta.com.br\/blog\/wp-content\/uploads\/2013\/07\/VRAY-03-150x169.jpg 150w\" sizes=\"(max-width: 1134px) 100vw, 1134px\" \/><\/p>\n<p>Maquete Eletr\u00f4nica: Como or\u00e7ar uma imagem 3D?<\/p>\n<h3 style=\"text-align: justify;\"><strong>O PRE\u00c7O DA IMAGEM DA MAQUETE ELETR\u00d4NICA LEVA EM CONTA OS SEGUINTES FATORES:<\/strong><\/h3>\n<ul>\n<li style=\"text-align: justify;\">&#8211; A metragem quadrada do projeto, tamanho da \u00e1rea;<\/li>\n<li style=\"text-align: justify;\">&#8211; Quantidade de detalhamento que se deseja alcan\u00e7ar;<\/li>\n<li style=\"text-align: justify;\">&#8211; Quantidade de rendering , o rendering principal, o outros de imagens para mostrar detalhes conforme desejado;<\/li>\n<li style=\"text-align: justify;\">&#8211;\u00a0 Quantidade de informa\u00e7\u00f5es fornecidas pelo cliente para facilitar o trabalho;<\/li>\n<li style=\"text-align: justify;\">&#8211;\u00a0 Grau de dificuldade.<\/li>\n<\/ul>\n<h3 style=\"text-align: justify;\"><em><strong>MATERIAL B\u00c1SICO QUE DEVE SER FORNECIDO PARA O OR\u00c7AMENTO\u00a0DA IMAGEM:<\/strong><\/em><\/h3>\n<ol>\n<li style=\"text-align: justify;\">&#8211;\u00a0 Arquivo do projeto em <a href=\"https:\/\/www.aarquiteta.com.br\/curso-autocad-completo\/\" target=\"_blank\" rel=\"noopener\">CAD<\/a>, com planta baixa, eleva\u00e7\u00f5es, corte e todas as<br \/>\ninforma\u00e7\u00f5es que possam ser \u00fateis para a <a href=\"https:\/\/www.aarquiteta.com.br\/curso-3ds-max-vray-pos-3d\/\" target=\"_blank\" rel=\"noopener\">realiza\u00e7\u00e3o da imagem volum\u00e9trica<\/a> que<br \/>\nse deseja produzir;<\/li>\n<li style=\"text-align: justify;\">&#8211; Memorial descritivo contendo os materiais a serem aplicados ao piso, paredes e \u00a0outros lugares da cena, tipo de janela, porta, vidros, cores, texturas e id\u00e9ia do\u00a0paisagismo, planta do paisagismo, se a imagem for interna, descri\u00e7\u00e3o do\u00a0mobili\u00e1rio (por exemplo, mesa, cadeiras, sof\u00e1s, equipamentos eletr\u00f4nicos) e\u00a0complementos (tecidos, tapetes, objetos de adorno)<\/li>\n<li style=\"text-align: justify;\">&#8211; No caso de externas, as fotos do local em alta defini\u00e7\u00e3o, de diversos \u00e2ngulos e a descri\u00e7\u00e3o do inserimento da constru\u00e7\u00e3o na imagem, escolhendo de qual \u00e2ngulo a imagem deve ser visualizada.<\/li>\n<\/ol>\n<h3 style=\"text-align: justify;\"><em><strong>ETAPAS DO TRABALHO:<\/strong><\/em><\/h3>\n<ul>\n<li style=\"text-align: justify;\">1. Recebimento e confer\u00eancia dos dados fornecidos e pedido de dados\u00a0complementares se necess\u00e1rio;<\/li>\n<li style=\"text-align: justify;\">2. Envio do or\u00e7amento;<\/li>\n<li style=\"text-align: justify;\">3. Inicio da modelagem com apresenta\u00e7\u00e3o do projeto volum\u00e9trico no \u00e2ngulo escolhido, a imagem ser\u00e1 gerada sem textura e com um render.<br \/>\nPrim\u00e1rio para confer\u00eancia do \u00e2ngulo e do modelo, esta imagem se assemelha a um croqui;<\/li>\n<li style=\"text-align: justify;\">4. Texturiza\u00e7\u00e3o e ilumina\u00e7\u00e3o conferem-se nessa etapa se as texturas concordam e se a ilumina\u00e7\u00e3o corresponde \u00e0 ambienta\u00e7\u00e3o desejada;<\/li>\n<li style=\"text-align: justify;\">5. Por \u00faltimo s\u00e3o inseridos os elementos de humaniza\u00e7\u00e3o da imagem e\u00a0detalhes de ambienta\u00e7\u00e3o, como \u00e1rvores, carros, pessoas, planos de fundo.<\/li>\n<\/ul>\n<h3 style=\"text-align: justify;\"><em><strong>EXPLICA\u00c7\u00d5ES E MODIFICA\u00c7\u00d5ES POSS\u00cdVEIS NAS 5 ETAPAS DE\u00a0TRABALHO INCLUSAS NO VALOR DO OR\u00c7AMENTO:<\/strong><\/em><\/h3>\n<p style=\"text-align: justify;\">1. Quanto maior o n\u00famero de informa\u00e7\u00f5es fornecidas melhor o resultado, a qualidade das informa\u00e7\u00f5es fornecidas influ\u00eancia no pre\u00e7o e no tempo estipulado para realiza\u00e7\u00e3o do trabalho;<\/p>\n<p style=\"text-align: justify;\">2. A an\u00e1lise dos dados, pedidos de informa\u00e7\u00f5es complementares e envio do or\u00e7amento leva no m\u00e1ximo uma semana;<\/p>\n<p style=\"text-align: justify;\">3. Ap\u00f3s a aprova\u00e7\u00e3o do or\u00e7amento, a imagem volum\u00e9trica ser\u00e1 entregue em 3 dias,\u00a0ao analisar a imagem volum\u00e9trica o cliente tem direito de pedir uma modifica\u00e7\u00e3o\u00a0no \u00e2ngulo da imagem;<\/p>\n<p style=\"text-align: justify;\">4. A imagem com textura e ilumina\u00e7\u00e3o ser\u00e1 entregue em 3 dias ap\u00f3s a aprova\u00e7\u00e3o da imagem volum\u00e9trica definitiva; feita a an\u00e1lise da textura e ilumina\u00e7\u00e3o o cliente pode pedir uma modifica\u00e7\u00e3o e rela\u00e7\u00e3o a estes itens;<\/p>\n<p style=\"text-align: justify;\">5. Ap\u00f3s a aprova\u00e7\u00e3o da imagem com textura e ilumina\u00e7\u00e3o; \u00e9 realizado o trabalho\u00a0de <a href=\"https:\/\/www.aarquiteta.com.br\/curso-de-planta-humanizada-em-corel-draw\/\" target=\"_blank\" rel=\"noopener\">humaniza\u00e7\u00e3o<\/a>, o cliente recebe uma imagem <a href=\"https:\/\/www.aarquiteta.com.br\/curso-de-planta-humanizada-em-corel-draw\/\" target=\"_blank\" rel=\"noopener\">humanizada<\/a> em render simples\u00a0para conferir os m\u00f3veis, objetos, cores, nesta etapa o cliente tem direito a uma\u00a0modifica\u00e7\u00e3o relativa a estes itens; ap\u00f3s aprova\u00e7\u00e3o do render simples da imagem\u00a0humanizada, o cliente recebe o rendering final em 3 dias.<\/p>\n<h3 style=\"text-align: justify;\"><em><strong>PARA CRIA\u00c7\u00c3O DE ANIMA\u00c7\u00c3O VIRTUAL:<\/strong><\/em><\/h3>\n<p><img decoding=\"async\" class=\"alignnone wp-image-42264 size-full\" title=\"maquete eletronica virtual interativa\" src=\"https:\/\/www.aarquiteta.com.br\/blog\/wp-content\/uploads\/2013\/07\/shapespark-metaverso.jpg\" alt=\"Maquete Eletr\u00f4nica: Como or\u00e7ar uma imagem 3D? \" width=\"1200\" height=\"597\" srcset=\"https:\/\/www.aarquiteta.com.br\/blog\/wp-content\/uploads\/2013\/07\/shapespark-metaverso.jpg 1200w, https:\/\/www.aarquiteta.com.br\/blog\/wp-content\/uploads\/2013\/07\/shapespark-metaverso-1024x509.jpg 1024w, https:\/\/www.aarquiteta.com.br\/blog\/wp-content\/uploads\/2013\/07\/shapespark-metaverso-696x346.jpg 696w, https:\/\/www.aarquiteta.com.br\/blog\/wp-content\/uploads\/2013\/07\/shapespark-metaverso-150x75.jpg 150w\" sizes=\"(max-width: 1200px) 100vw, 1200px\" \/><\/p>\n<p><a title=\"\" href=\"https:\/\/projetos3d.shapespark.com\/metaverso_room_01\/\" target=\"_blank\" rel=\"noopener\"><img style=\"max-width: 850px;\" alt=\"\" width=\"100%\" \/><\/a><br \/>\nClique para testar <a target=\"_blank\" rel=\"noopener\">Teste projeto 3D interativo<\/a><\/p>\n<p><a><img decoding=\"async\" src=\"https:\/\/projetos3d.shapespark.com\/metaverso_room_01\/\" alt=\"\" border=\"0\" title=\"\"><\/a>Ser\u00e1 necess\u00e1rio saber qual ser\u00e1 o caminho que a c\u00e2mera dever\u00e1 percorrer: come\u00e7a em X lugar e terminar\u00e1 em Y lugar.<\/p>\n<p style=\"text-align: justify;\">Se ter\u00e1 <a href=\"https:\/\/www.aarquiteta.com.br\/curso-lumion-3d\/\" target=\"_blank\" rel=\"noopener\">edi\u00e7\u00e3o do v\u00eddeo<\/a>, evitando elipses (lugares onde n\u00e3o tem necessidade de mostrar ).<\/p>\n<p style=\"text-align: justify;\">Tempo em m\u00e9dia da dura\u00e7\u00e3o deste v\u00eddeo e que formato de entrega \u00e9 necess\u00e1rio.<\/p>\n<h2 style=\"text-align: justify;\"><em><strong>FORMAS DE PAGAMENTO:<\/strong><\/em><\/h2>\n<p style=\"text-align: justify;\">O trabalho ser\u00e1 iniciado com o pagamento de30% do valor total or\u00e7ado.<\/p>\n<p style=\"text-align: justify;\">Na entrega ser\u00e3o pagos os outros 30% mais um pagamento agendado ou em cheque dos 40% restantes.<\/p>\n<p style=\"text-align: justify;\">Durante a execu\u00e7\u00e3o do trabalho caso o cliente deseje mais modifica\u00e7\u00f5es que aquelas j\u00e1\u00a0estabelecidas em cada etapa, e inclusas no pre\u00e7o inicial, estas modifica\u00e7\u00f5es ser\u00e3o\u00a0cobradas \u00e1 parte.<\/p>\n<p>&nbsp;<\/p>\n","protected":false},"excerpt":{"rendered":"<p>O post de hoje \u00e9 tamb\u00e9m \u00e9 uma dica sobre uma d\u00favida que veio l\u00e1 da nossa p\u00e1gina do Facebook:\u00a0 sobre como or\u00e7ar projetos de imagens 3D. Maquete Eletr\u00f4nica: Como or\u00e7ar uma imagem 3D? O que \u00e9 necess\u00e1rio para or\u00e7ar uma imagem 3D de maquete eletr\u00f4nica e come\u00e7ar certo desde j\u00e1? Maquete Eletr\u00f4nica: Como or\u00e7ar [&hellip;]<\/p>\n","protected":false},"author":20,"featured_media":42261,"comment_status":"closed","ping_status":"closed","sticky":false,"template":"","format":"standard","meta":{"footnotes":""},"categories":[33397,14],"tags":[45,60,96],"class_list":["post-498","post","type-post","status-publish","format-standard","has-post-thumbnail","category-cursos-de-arquitetura-e-decoracao","category-maquete-eletronica","tag-como-cobrar-por-um-trabalho-de-imagem-em-3d","tag-curso-de-maquete-eletronica","tag-o-que-e-necessario-para-orcar-um-3d"],"_wp_attached_file":null,"_wp_attachment_metadata":null,"_wp_attachment_context":null,"_wp_attachment_is_custom_header":null,"geo_longitude":null,"geo_public":"0","geo_latitude":null,"_publicize_done_external":{"facebook":{"758048921":true}},"_wpas_done_3897181":"1","publicize_twitter_user":"A_Arquiteta","_wpas_done_3897175":"1","_wpas_skip_3897181":"1","_wpas_skip_3897175":"1","_wpas_skip_3924723":"1","_wpas_mess":null,"_wpas_done_3924723":"1","wps_subtitle":"Gostaria de saber como obter informa\u00e7\u00f5es de como or\u00e7ar uma maquete eletr\u00f4nica? Ent\u00e3o acompanhe as dicas essenciais neste post.","_links":{"self":[{"href":"https:\/\/www.aarquiteta.com.br\/blog\/wp-json\/wp\/v2\/posts\/498","targetHints":{"allow":["GET"]}}],"collection":[{"href":"https:\/\/www.aarquiteta.com.br\/blog\/wp-json\/wp\/v2\/posts"}],"about":[{"href":"https:\/\/www.aarquiteta.com.br\/blog\/wp-json\/wp\/v2\/types\/post"}],"author":[{"embeddable":true,"href":"https:\/\/www.aarquiteta.com.br\/blog\/wp-json\/wp\/v2\/users\/20"}],"replies":[{"embeddable":true,"href":"https:\/\/www.aarquiteta.com.br\/blog\/wp-json\/wp\/v2\/comments?post=498"}],"version-history":[{"count":0,"href":"https:\/\/www.aarquiteta.com.br\/blog\/wp-json\/wp\/v2\/posts\/498\/revisions"}],"wp:featuredmedia":[{"embeddable":true,"href":"https:\/\/www.aarquiteta.com.br\/blog\/wp-json\/wp\/v2\/media\/42261"}],"wp:attachment":[{"href":"https:\/\/www.aarquiteta.com.br\/blog\/wp-json\/wp\/v2\/media?parent=498"}],"wp:term":[{"taxonomy":"category","embeddable":true,"href":"https:\/\/www.aarquiteta.com.br\/blog\/wp-json\/wp\/v2\/categories?post=498"},{"taxonomy":"post_tag","embeddable":true,"href":"https:\/\/www.aarquiteta.com.br\/blog\/wp-json\/wp\/v2\/tags?post=498"}],"curies":[{"name":"wp","href":"https:\/\/api.w.org\/{rel}","templated":true}]}}