{"id":49249,"date":"2022-03-25T15:06:24","date_gmt":"2022-03-25T18:06:24","guid":{"rendered":"http:\/\/aarquiteta.com.br\/?p=49249"},"modified":"2024-09-15T08:39:50","modified_gmt":"2024-09-15T11:39:50","slug":"como-escolher-fogao-4-bocas","status":"publish","type":"post","link":"https:\/\/www.aarquiteta.com.br\/blog\/como-escolher-fogao-4-bocas\/","title":{"rendered":"Fog\u00e3o 4 Bocas &#8211; 8 Dicas para escolher o melhor fog\u00e3o para sua cozinha!"},"content":{"rendered":"<p><a href=\"https:\/\/amzn.to\/3qAxY1j\" target=\"_blank\" rel=\"noopener\"><img decoding=\"async\" class=\"wp-image-49270 size-full\" title=\"Fog\u00e3o 4 Bocas - 8 Dicas para escolher o melhor fog\u00e3o para sua cozinha!\" src=\"https:\/\/www.aarquiteta.com.br\/blog\/wp-content\/uploads\/2022\/03\/Electrolux-COOKTOP-A-GAS-KE5TP-COM-MESA-DE-VIDRO-PRETA.jpg\" alt=\"Fog\u00e3o 4 Bocas - 8 Dicas para escolher o melhor fog\u00e3o para sua cozinha!\" width=\"1200\" height=\"800\" srcset=\"https:\/\/www.aarquiteta.com.br\/blog\/wp-content\/uploads\/2022\/03\/Electrolux-COOKTOP-A-GAS-KE5TP-COM-MESA-DE-VIDRO-PRETA.jpg 1200w, https:\/\/www.aarquiteta.com.br\/blog\/wp-content\/uploads\/2022\/03\/Electrolux-COOKTOP-A-GAS-KE5TP-COM-MESA-DE-VIDRO-PRETA-1024x683.jpg 1024w, https:\/\/www.aarquiteta.com.br\/blog\/wp-content\/uploads\/2022\/03\/Electrolux-COOKTOP-A-GAS-KE5TP-COM-MESA-DE-VIDRO-PRETA-696x464.jpg 696w, https:\/\/www.aarquiteta.com.br\/blog\/wp-content\/uploads\/2022\/03\/Electrolux-COOKTOP-A-GAS-KE5TP-COM-MESA-DE-VIDRO-PRETA-150x100.jpg 150w\" sizes=\"(max-width: 1200px) 100vw, 1200px\" \/><\/a><\/p><p>Fog\u00e3o 4 Bocas, conhe\u00e7a as 8<strong>\u00a0Dicas para escolher o melhor fog\u00e3o<\/strong>, e descubra as vantagens de cada modelo na hora de escolher o melhor fog\u00e3o ideal para sua casa e sua fam\u00edlia!<\/p><p>Se tem um eletrodom\u00e9stico que \u00e9 praticamente\u00a0imposs\u00edvel n\u00e3o ter em nossa casa, este \u00e9 o Fog\u00e3o!<\/p><p>Com o fog\u00e3o preparamos nossos alimentos, aquecemos bebidas, fazemos nossos bolos, assados, sobremesas\u00a0 e tudo mais que rege nossa sobreviv\u00eancia e vida social, j\u00e1 que n\u00e3o \u00e9 novidade para ningu\u00e9m que a vida de uma casa gira em torno da <a href=\"https:\/\/www.aarquiteta.com.br\/blog\/decoracao\/ambientes-na-decoracao\/decoracao-de-cozinha\/\">cozinha<\/a>.<\/p><p>O fog\u00e3o tornou-se objeto indispens\u00e1vel no bom funcionamento de uma casa, e se voc\u00ea est\u00e1 pensando em adquirir um <strong>fog\u00e3o de 4 bocas<\/strong> e est\u00e1 perdido em rela\u00e7\u00e3o a qual modelo comprar, confira estas dicas que preparamos para voc\u00ea <strong>acertar na hora de comprar o seu fog\u00e3o novo!<\/strong><\/p><p>Descubra se vale a pena comprar um fog\u00e3o, um cooktop, ou ainda um forno el\u00e9trico!<\/p><h2>Fog\u00e3o 4 Bocas \u2014 Como escolher o fog\u00e3o ideal para sua cozinha?<\/h2><p>Antigamente o fog\u00e3o que encontr\u00e1vamos nas <a href=\"https:\/\/www.aarquiteta.com.br\/blog\/?s=CASAS\">casas<\/a> das pessoas era o fog\u00e3o de 6 bocas, que foi lentamente substitu\u00eddo pelo fog\u00e3o de 5 bocas, no entanto, para quem possui uma cozinha pequena em casa a melhor op\u00e7\u00e3o para a solu\u00e7\u00e3o de falta de espa\u00e7o \u00e9 o Fog\u00e3o de 4 bocas!<\/p><p id=\"title\" class=\"a-size-large a-spacing-none\"><a href=\"https:\/\/amzn.to\/3NlNmIE\" target=\"_blank\" rel=\"noopener\"><span id=\"productTitle\" class=\"a-size-large product-title-word-break\">Fog\u00e3o 4 Bocas Electrolux Prata Autom\u00e1tico com Forno de 70L e Vidro Interno Remov\u00edvel (52LXU) Bivolt:<\/span><\/a><\/p><figure id=\"attachment_49271\" aria-describedby=\"caption-attachment-49271\" style=\"width: 1000px\" class=\"wp-caption aligncenter\"><a href=\"https:\/\/amzn.to\/3NlNmIE\" target=\"_blank\" rel=\"noopener\"><img decoding=\"async\" class=\"wp-image-49271 size-full\" title=\"Fog\u00e3o 4 Bocas - 8 Dicas para escolher o melhor fog\u00e3o para sua cozinha!\" src=\"https:\/\/www.aarquiteta.com.br\/blog\/wp-content\/uploads\/2022\/03\/Fogao-4-Bocas-Electrolux-Prata-Automatico-com-Forno-de-70L-e-Vidro-Interno-Removivel-52LXU-Bivolt.jpg\" alt=\"Fog\u00e3o 4 Bocas - 8 Dicas para escolher o melhor fog\u00e3o para sua cozinha!\" width=\"1000\" height=\"1000\" srcset=\"https:\/\/www.aarquiteta.com.br\/blog\/wp-content\/uploads\/2022\/03\/Fogao-4-Bocas-Electrolux-Prata-Automatico-com-Forno-de-70L-e-Vidro-Interno-Removivel-52LXU-Bivolt.jpg 1000w, https:\/\/www.aarquiteta.com.br\/blog\/wp-content\/uploads\/2022\/03\/Fogao-4-Bocas-Electrolux-Prata-Automatico-com-Forno-de-70L-e-Vidro-Interno-Removivel-52LXU-Bivolt-696x696.jpg 696w, https:\/\/www.aarquiteta.com.br\/blog\/wp-content\/uploads\/2022\/03\/Fogao-4-Bocas-Electrolux-Prata-Automatico-com-Forno-de-70L-e-Vidro-Interno-Removivel-52LXU-Bivolt-96x96.jpg 96w, https:\/\/www.aarquiteta.com.br\/blog\/wp-content\/uploads\/2022\/03\/Fogao-4-Bocas-Electrolux-Prata-Automatico-com-Forno-de-70L-e-Vidro-Interno-Removivel-52LXU-Bivolt-150x150.jpg 150w\" sizes=\"(max-width: 1000px) 100vw, 1000px\" \/><\/a><figcaption id=\"caption-attachment-49271\" class=\"wp-caption-text\"><a href=\"https:\/\/amzn.to\/3NlNmIE\" target=\"_blank\" rel=\"noopener\">Fog\u00e3o 4 Bocas Electrolux Prata Autom\u00e1tico com Forno de 70L e Vidro Interno Remov\u00edvel (52LXU) Bivolt &#8211; Clique para saber mais!<\/a><\/figcaption><\/figure><p>Um fog\u00e3o de 4 bocas ocupa mesmo espa\u00e7o, contudo ele n\u00e3o deixa de cumprir a miss\u00e3o de realizar os <strong>melhores pratos no menor tempo de cozimento<\/strong> poss\u00edvel, afinal na correria do nosso dia-a-dia, ningu\u00e9m quer perder horas na cozinha, n\u00e3o \u00e9 mesmo?<\/p><h3>1 \u2014 Modelos de fog\u00e3o 4 bocas:<\/h3><p>Atualmente no mercado de fog\u00f5es existem 2 categorias de fog\u00e3o: o<strong> fog\u00e3o de <a href=\"https:\/\/www.aarquiteta.com.br\/blog\/?s=PISO\">piso<\/a> e o fog\u00e3o de embutir,<\/strong> pois, o que se caracteriza um fog\u00e3o \u00e9 a presen\u00e7a dos acendedores e do forno.<\/p><p>J\u00e1 os <strong>cooktops,<\/strong> sejam eles <strong>el\u00e9tricos<\/strong> ou por <strong>indu\u00e7\u00e3o<\/strong> n\u00e3o s\u00e3o considerados propriamente um fog\u00e3o, mas um eletrodom\u00e9stico de cozimento tal qual como um fog\u00e3o tradicional.<\/p><p id=\"title\" class=\"a-size-large a-spacing-none\"><a href=\"https:\/\/amzn.to\/3D9j3jE\" target=\"_blank\" rel=\"noopener\"><span id=\"productTitle\" class=\"a-size-large product-title-word-break\">Fog\u00e3o 4 Bocas Electrolux Preto Autom\u00e1tico com Mesa de Vidro e Porta Full Glass (52LPV) Bivolt:<\/span><\/a><\/p><figure id=\"attachment_49272\" aria-describedby=\"caption-attachment-49272\" style=\"width: 844px\" class=\"wp-caption aligncenter\"><a href=\"https:\/\/amzn.to\/3D9j3jE\" target=\"_blank\" rel=\"noopener\"><img decoding=\"async\" class=\"wp-image-49272 size-full\" title=\"Fog\u00e3o 4 Bocas - 8 Dicas para escolher o melhor fog\u00e3o para sua cozinha!\" src=\"https:\/\/www.aarquiteta.com.br\/blog\/wp-content\/uploads\/2022\/03\/Fogao-4-Bocas-Electrolux-Preto-Automatico-com-Mesa-de-Vidro-e-Porta-Full-Glass-52LPV-Bivolt.jpg\" alt=\"Fog\u00e3o 4 Bocas - 8 Dicas para escolher o melhor fog\u00e3o para sua cozinha!\" width=\"844\" height=\"930\" srcset=\"https:\/\/www.aarquiteta.com.br\/blog\/wp-content\/uploads\/2022\/03\/Fogao-4-Bocas-Electrolux-Preto-Automatico-com-Mesa-de-Vidro-e-Porta-Full-Glass-52LPV-Bivolt.jpg 844w, https:\/\/www.aarquiteta.com.br\/blog\/wp-content\/uploads\/2022\/03\/Fogao-4-Bocas-Electrolux-Preto-Automatico-com-Mesa-de-Vidro-e-Porta-Full-Glass-52LPV-Bivolt-696x767.jpg 696w, https:\/\/www.aarquiteta.com.br\/blog\/wp-content\/uploads\/2022\/03\/Fogao-4-Bocas-Electrolux-Preto-Automatico-com-Mesa-de-Vidro-e-Porta-Full-Glass-52LPV-Bivolt-150x165.jpg 150w\" sizes=\"(max-width: 844px) 100vw, 844px\" \/><\/a><figcaption id=\"caption-attachment-49272\" class=\"wp-caption-text\"><a href=\"https:\/\/amzn.to\/3D9j3jE\" target=\"_blank\" rel=\"noopener\">Fog\u00e3o 4 Bocas Electrolux Preto Autom\u00e1tico com Mesa de Vidro e Porta Full Glass (52LPV) Bivolt &#8211; Clique para saber mais<\/a>!<\/figcaption><\/figure><p>&nbsp;<\/p><p>Estruturalmente, podemos encontrar modelos de fog\u00e3o com <strong>acabamento na linha branca<\/strong> ou em <strong>a\u00e7o inoxid\u00e1vel<\/strong>, j\u00e1 em rela\u00e7\u00e3o ao tampo de cozimento podemos encontrar modelos com acabamento em <strong>in\u00f3x em alto brilho<\/strong> e o <strong>vidro temperado preto.<\/strong><\/p><p>Atualmente ainda podemos encontrar alguns modelos de <strong>fog\u00e3o <a href=\"https:\/\/www.aarquiteta.com.br\/blog\/?s=RETRO\">retr\u00f4<\/a><\/strong> que utilizam do colorido utilizado antigamente para contrastar com o preto e o branco mais utilizado atualmente nas casas das pessoas.<\/p><h4>Vantagens entre o fog\u00e3o de piso e o de embutir:<\/h4><p>Para se utilizar o <strong>fog\u00e3o de embutir<\/strong> \u00e9 necess\u00e1rio investir em um <strong>arm\u00e1rio planejado<\/strong>, por isso \u00e9 muito importante antes de adquirir um fog\u00e3o j\u00e1 ter em mente o tipo de cozinha que ser\u00e1 utilizada na casa.<\/p><p>No arm\u00e1rio de <strong>embutir<\/strong> somente <strong>caber\u00e1 exatamente o fog\u00e3o projetado para o arm\u00e1rio,<\/strong> o mesmo n\u00e3o acontece com uma cozinha com <a href=\"https:\/\/www.aarquiteta.com.br\/blog\/moveis-planejados-em-apartamentos-pequenos\/\" target=\"_blank\" rel=\"noopener\">arm\u00e1rios pr\u00e9-fabricados<\/a>, j\u00e1 que o v\u00e3o onde ficar\u00e1 instalado o fog\u00e3o ficar\u00e1 aberto, possibilitando a instala\u00e7\u00e3o de qualquer tipo de fog\u00e3o entre um m\u00f3vel e outro.<\/p><p id=\"title\" class=\"a-size-large a-spacing-none\"><a href=\"https:\/\/amzn.to\/3wEi1uH\" target=\"_blank\" rel=\"noopener\"><span id=\"productTitle\" class=\"a-size-large product-title-word-break\">Fog\u00e3o<\/span><span id=\"productTitle\" class=\"a-size-large product-title-word-break\"> 4<\/span><span id=\"productTitle\" class=\"a-size-large product-title-word-break\"><\/span><span id=\"productTitle\" class=\"a-size-large product-title-word-break\"> Bocas Electrolux Prata Autom\u00e1tico com Grill e Tripla Chama (56EXT) Bivolt:<\/span><\/a><\/p><figure id=\"attachment_49266\" aria-describedby=\"caption-attachment-49266\" style=\"width: 1000px\" class=\"wp-caption aligncenter\"><a href=\"https:\/\/amzn.to\/3wEi1uH\" target=\"_blank\" rel=\"noopener\"><img decoding=\"async\" class=\"wp-image-49266 size-full\" title=\"Fog\u00e3o 4 Bocas - 8 Dicas para escolher o melhor fog\u00e3o para sua cozinha!\" src=\"https:\/\/www.aarquiteta.com.br\/blog\/wp-content\/uploads\/2022\/03\/Fogao-4-Bocas-Electrolux-Prata-Automatico-com-Grill-e-Tripla-Chama-56EXT-Bivolt.jpg\" alt=\"Fog\u00e3o 4 Bocas - 8 Dicas para escolher o melhor fog\u00e3o para sua cozinha!\" width=\"1000\" height=\"900\" srcset=\"https:\/\/www.aarquiteta.com.br\/blog\/wp-content\/uploads\/2022\/03\/Fogao-4-Bocas-Electrolux-Prata-Automatico-com-Grill-e-Tripla-Chama-56EXT-Bivolt.jpg 1000w, https:\/\/www.aarquiteta.com.br\/blog\/wp-content\/uploads\/2022\/03\/Fogao-4-Bocas-Electrolux-Prata-Automatico-com-Grill-e-Tripla-Chama-56EXT-Bivolt-696x626.jpg 696w, https:\/\/www.aarquiteta.com.br\/blog\/wp-content\/uploads\/2022\/03\/Fogao-4-Bocas-Electrolux-Prata-Automatico-com-Grill-e-Tripla-Chama-56EXT-Bivolt-150x135.jpg 150w\" sizes=\"(max-width: 1000px) 100vw, 1000px\" \/><\/a><figcaption id=\"caption-attachment-49266\" class=\"wp-caption-text\"><a href=\"https:\/\/amzn.to\/3wEi1uH\" target=\"_blank\" rel=\"noopener\">Fog\u00e3o 4 Bocas Electrolux Prata Autom\u00e1tico com Grill e Tripla Chama (56EXT) Bivolt: Clique para saber mais!<\/a><\/figcaption><\/figure><p>Outra vantagem do <strong>fog\u00e3o de piso<\/strong> \u00e9 que ele geralmente <strong>custa mais barato<\/strong> e voc\u00ea pode remov\u00ea-lo para outro lugar caso queira mudar de casa e utilizar o mesmo fog\u00e3o sob o mesmo sistema e condi\u00e7\u00f5es do arm\u00e1rio pr\u00e9-fabricado.<\/p><p>Alguns modelos de fog\u00e3o de piso possuem um espa\u00e7o na parte inferior para armazenamento de formas de bolos e panelas.<\/p><p>Uma vantagem da maioria dos fog\u00f5es \u00e9 que ele possui as bocas do fog\u00e3o e o <strong>forno a g\u00e1s embutido<\/strong>, n\u00e3o sendo necess\u00e1rio se preocupar em investir em forno el\u00e9trico adicional j\u00e1 que o forno j\u00e1 vem embutido no fog\u00e3o.<\/p><h4>Fog\u00e3o de 4 bocas, linha branca:<\/h4><p>De car\u00e1ter popular, a vantagem de se adquirir um fog\u00e3o da linha branca dos eletrodom\u00e9sticos \u00e9 que eles <strong>s\u00e3o mais em conta<\/strong> quando comparados a outras linhas, atualmente os produtos de linha branca tiveram seus<strong> impostos ainda reduzidos<\/strong> para facilitar o acesso a esses eletrodom\u00e9sticos.<\/p><p id=\"title\" class=\"a-size-large a-spacing-none\"><a href=\"https:\/\/amzn.to\/3IBTn04\" target=\"_blank\" rel=\"noopener\"><span id=\"productTitle\" class=\"a-size-large product-title-word-break\">Fog\u00e3o 4 Bocas Electrolux Branco Autom\u00e1tico com Forno de 70L e Vidro Interno Remov\u00edvel (52LBS) Bivolt:<\/span><\/a><\/p><figure id=\"attachment_49267\" aria-describedby=\"caption-attachment-49267\" style=\"width: 563px\" class=\"wp-caption aligncenter\"><a href=\"https:\/\/amzn.to\/3IBTn04\" target=\"_blank\" rel=\"noopener\"><img decoding=\"async\" class=\"wp-image-49267 size-full\" title=\"Fog\u00e3o 4 Bocas - 8 Dicas para escolher o melhor fog\u00e3o para sua cozinha!\" src=\"https:\/\/www.aarquiteta.com.br\/blog\/wp-content\/uploads\/2022\/03\/Fogao-4-Bocas-Electrolux-Branco-Automatico-com-Forno-de-70L-e-Vidro-Interno-Removivel-52LBS-Bivolt.jpg\" alt=\"Fog\u00e3o 4 Bocas - 8 Dicas para escolher o melhor fog\u00e3o para sua cozinha!\" width=\"563\" height=\"926\" srcset=\"https:\/\/www.aarquiteta.com.br\/blog\/wp-content\/uploads\/2022\/03\/Fogao-4-Bocas-Electrolux-Branco-Automatico-com-Forno-de-70L-e-Vidro-Interno-Removivel-52LBS-Bivolt.jpg 563w, https:\/\/www.aarquiteta.com.br\/blog\/wp-content\/uploads\/2022\/03\/Fogao-4-Bocas-Electrolux-Branco-Automatico-com-Forno-de-70L-e-Vidro-Interno-Removivel-52LBS-Bivolt-150x247.jpg 150w\" sizes=\"(max-width: 563px) 100vw, 563px\" \/><\/a><figcaption id=\"caption-attachment-49267\" class=\"wp-caption-text\"><a href=\"https:\/\/amzn.to\/3IBTn04\" target=\"_blank\" rel=\"noopener\">Fog\u00e3o 4 Bocas Electrolux Branco Autom\u00e1tico com Forno de 70L e Vidro Interno Remov\u00edvel (52LBS) Bivolt Clique para saber mais!<\/a><\/figcaption><\/figure><p>&nbsp;<\/p><p>Ainda assim os produtos da linha branca possuem Design atraente e ficam lindos em uma cozinha decorada e bem organizada!\u00a0Vale muito o investimento!<\/p><h2>Fog\u00e3o 4 Bocas \u2014 N\u00e3o erre na hora de comprar!<\/h2><h3>2 \u2014 Tampos, queimadores e grades:<\/h3><p>Com a evolu\u00e7\u00e3o no design dos fog\u00f5es n\u00e3o foi somente a estrutura em si do fog\u00e3o que mudou, se ele era de embutir ou de piso. Os queimadores tamb\u00e9m ganharam uma nova cara.<\/p><figure id=\"attachment_49264\" aria-describedby=\"caption-attachment-49264\" style=\"width: 811px\" class=\"wp-caption aligncenter\"><a href=\"https:\/\/amzn.to\/36JcAzI\" target=\"_blank\" rel=\"noopener\"><img decoding=\"async\" class=\"wp-image-49264 size-full\" title=\"Fog\u00e3o 4 Bocas - 8 Dicas para escolher o melhor fog\u00e3o para sua cozinha!\" src=\"https:\/\/www.aarquiteta.com.br\/blog\/wp-content\/uploads\/2022\/03\/fogao-em-tampo-de-vidro-electrolux.jpg\" alt=\"Fog\u00e3o 4 Bocas - 8 Dicas para escolher o melhor fog\u00e3o para sua cozinha!\" width=\"811\" height=\"858\" srcset=\"https:\/\/www.aarquiteta.com.br\/blog\/wp-content\/uploads\/2022\/03\/fogao-em-tampo-de-vidro-electrolux.jpg 811w, https:\/\/www.aarquiteta.com.br\/blog\/wp-content\/uploads\/2022\/03\/fogao-em-tampo-de-vidro-electrolux-696x736.jpg 696w, https:\/\/www.aarquiteta.com.br\/blog\/wp-content\/uploads\/2022\/03\/fogao-em-tampo-de-vidro-electrolux-150x159.jpg 150w\" sizes=\"(max-width: 811px) 100vw, 811px\" \/><\/a><figcaption id=\"caption-attachment-49264\" class=\"wp-caption-text\"><a href=\"https:\/\/amzn.to\/36JcAzI\" target=\"_blank\" rel=\"noopener\">Fog\u00e3o 4 Bocas Electrolux Prata Autom\u00e1tico com Mesa de Vidro e Porta Full Glass (52LSV) Bivolt Clique para saber mais!<\/a><\/figcaption><\/figure><h4>Qual o melhor tampo (mesa) para um fog\u00e3o?<\/h4><p>Atualmente s\u00e3o fabricados fog\u00f5es com tampo em vidro temperado. Os <strong>fog\u00f5es em tampo de vidro<\/strong> al\u00e9m de serem mais bonitos, pois n\u00e3o riscam como os modelos em inox, n\u00e3o perdem o brilho e s\u00e3o mais f\u00e1ceis de limpar.<\/p><h4>Qual o melhor queimador (boca) para um fog\u00e3o?<\/h4><p>Os fog\u00f5es com os melhores <strong>queimadores<\/strong> s\u00e3o encontrados em fog\u00e3o com <strong>tampo de vidro,<\/strong> muitos desses modelos s\u00e3o produzidos parcialmente em a\u00e7o com acabamento em inox e pintura preta.<\/p><p>Os <strong>queimadores<\/strong> em <strong>pintura preta s\u00e3o melhores,<\/strong> haja visto que, os acendedores em acabamento em in\u00f3x mancham com mais facilidade por isso d\u00e3o mais trabalho na hora da limpeza.<\/p><h4>Qual a melhor grade para um fog\u00e3o?<\/h4><p>Uma vantagem dos novos fog\u00f5es com tampa em vidro \u00e9 que os novos modelos v\u00eam com <strong>grade com pintura preta<\/strong>, haja visto que, as grades em acabamento em in\u00f3x tamb\u00e9m mancham com mais facilidade e d\u00e3o mais trabalho na hora da limpeza.<\/p><figure id=\"attachment_49263\" aria-describedby=\"caption-attachment-49263\" style=\"width: 1000px\" class=\"wp-caption aligncenter\"><a href=\"https:\/\/amzn.to\/36jrs8l\" target=\"_blank\" rel=\"noopener\"><img decoding=\"async\" class=\"wp-image-49263 size-full\" title=\"Fog\u00e3o 4 Bocas - 8 Dicas para escolher o melhor fog\u00e3o para sua cozinha!\" src=\"https:\/\/www.aarquiteta.com.br\/blog\/wp-content\/uploads\/2022\/03\/queimadores-electrolux-em-pintura-preta.jpg\" alt=\"Fog\u00e3o 4 Bocas - 8 Dicas para escolher o melhor fog\u00e3o para sua cozinha!\" width=\"1000\" height=\"570\" srcset=\"https:\/\/www.aarquiteta.com.br\/blog\/wp-content\/uploads\/2022\/03\/queimadores-electrolux-em-pintura-preta.jpg 1000w, https:\/\/www.aarquiteta.com.br\/blog\/wp-content\/uploads\/2022\/03\/queimadores-electrolux-em-pintura-preta-696x397.jpg 696w, https:\/\/www.aarquiteta.com.br\/blog\/wp-content\/uploads\/2022\/03\/queimadores-electrolux-em-pintura-preta-150x86.jpg 150w\" sizes=\"(max-width: 1000px) 100vw, 1000px\" \/><\/a><figcaption id=\"caption-attachment-49263\" class=\"wp-caption-text\"><a href=\"https:\/\/amzn.to\/36jrs8l\" target=\"_blank\" rel=\"noopener\">Fog\u00e3o 4 Bocas Electrolux Prata Autom\u00e1tico com Mesa de Vidro e Porta Full Glass (52LSV) Bivolt Clique para saber mais!<\/a><\/figcaption><\/figure><h3>3 \u2014 Acendimento:<\/h3><p>Existem dois tipos de acendimento do fogo, dispon\u00edveis no mercado, <strong>o autom\u00e1tico e o super autom\u00e1tico:<\/strong><\/p><p>A diferen\u00e7a entre eles \u00e9 que, com o\u00a0<b>acendimento<\/b> autom\u00e1tico, \u00e9 preciso apenas apertar um bot\u00e3o que dispara a corrente el\u00e9trica para come\u00e7ar o fogo em simult\u00e2neo, em que gira outro controle do acendimento do fog\u00e3o para liberar o g\u00e1s.<\/p><p>J\u00e1 nos fog\u00f5es superautom\u00e1ticos \u00e9 s\u00f3 apertar um bot\u00e3o para ligar e desligar que o fogo acende automaticamente mais r\u00e1pido e com apenas um comando manual.<\/p><p id=\"title\" class=\"a-size-large a-spacing-none\"><a href=\"https:\/\/amzn.to\/3tBCuOP\" target=\"_blank\" rel=\"noopener\"><span id=\"productTitle\" class=\"a-size-large product-title-word-break\">Forno El\u00e9trico de Embutir Electrolux com 59 Litros Preto (OE60M) 127V<\/span><\/a>:<\/p><figure id=\"attachment_49269\" aria-describedby=\"caption-attachment-49269\" style=\"width: 1000px\" class=\"wp-caption aligncenter\"><a href=\"https:\/\/amzn.to\/3tBCuOP\" target=\"_blank\" rel=\"noopener\"><img decoding=\"async\" class=\"wp-image-49269 size-full\" title=\"Fog\u00e3o 4 Bocas - 8 Dicas para escolher o melhor fog\u00e3o para sua cozinha!\" src=\"https:\/\/www.aarquiteta.com.br\/blog\/wp-content\/uploads\/2022\/03\/Forno-Eletrico-de-Embutir-Electrolux-com-59-Litros-Preto-OE60M-127V.jpg\" alt=\"Fog\u00e3o 4 Bocas - 8 Dicas para escolher o melhor fog\u00e3o para sua cozinha!\" width=\"1000\" height=\"572\" srcset=\"https:\/\/www.aarquiteta.com.br\/blog\/wp-content\/uploads\/2022\/03\/Forno-Eletrico-de-Embutir-Electrolux-com-59-Litros-Preto-OE60M-127V.jpg 1000w, https:\/\/www.aarquiteta.com.br\/blog\/wp-content\/uploads\/2022\/03\/Forno-Eletrico-de-Embutir-Electrolux-com-59-Litros-Preto-OE60M-127V-696x398.jpg 696w, https:\/\/www.aarquiteta.com.br\/blog\/wp-content\/uploads\/2022\/03\/Forno-Eletrico-de-Embutir-Electrolux-com-59-Litros-Preto-OE60M-127V-150x86.jpg 150w\" sizes=\"(max-width: 1000px) 100vw, 1000px\" \/><\/a><figcaption id=\"caption-attachment-49269\" class=\"wp-caption-text\"><a href=\"https:\/\/amzn.to\/3tBCuOP\" target=\"_blank\" rel=\"noopener\">Forno El\u00e9trico de Embutir Electrolux com 59 Litros Preto (OE60M) 127V &#8211; Clique para saber mais!<\/a><\/figcaption><\/figure><h2>Fog\u00e3o ou Cooktop \u2014 Qual vantagens e desvantagens?<\/h2><p>Um fog\u00e3o ou um cooktop? Na hora de planejar a cozinha \u00e9 necess\u00e1rio saber bem as diferen\u00e7as entre eles, pois cada uma delas equivale a um investimento que ser\u00e1 necess\u00e1rio ser considerado na hora e comprar:<\/p><h3>4 \u2014 Forno a g\u00e1s ou Forno el\u00e9trico:<\/h3><p>Outra forma de <strong>economizar espa\u00e7o<\/strong> na cozinha \u00e9 utilizar os cooktops, por\u00e9m, assim como o fog\u00e3o embutido, \u00e9 preciso anteriormente inclu\u00ed-lo no <strong>planejamento da cozinha<\/strong> para que a <a href=\"https:\/\/www.aarquiteta.com.br\/blog\/?s=BANCADA\">bancada<\/a> possua o tamanho ideal para o seu cooktop.<\/p><p><a href=\"https:\/\/amzn.to\/36rSpq7\" target=\"_blank\" rel=\"noopener\"><span id=\"productTitle\" class=\"a-size-large product-title-word-break\">Forno de Embutir a G\u00e1s Brastemp 78 Litros Cor Inox Espelhado com Grill e Timer Touch &#8211; BOA84AR 220V<\/span><\/a><\/p><figure id=\"attachment_44707\" aria-describedby=\"caption-attachment-44707\" style=\"width: 700px\" class=\"wp-caption aligncenter\"><a href=\"https:\/\/amzn.to\/36rSpq7\" target=\"_blank\" rel=\"noopener\"><img decoding=\"async\" class=\"wp-image-44707 size-full\" title=\"Fog\u00e3o 4 Bocas - 8 Dicas para escolher o melhor fog\u00e3o para sua cozinha!\" src=\"https:\/\/www.aarquiteta.com.br\/blog\/wp-content\/uploads\/2022\/02\/Como-decorar-a-cozinha-com-armario-preto.jpg\" alt=\"Fog\u00e3o 4 Bocas - 8 Dicas para escolher o melhor fog\u00e3o para sua cozinha!\" width=\"700\" height=\"400\" srcset=\"https:\/\/www.aarquiteta.com.br\/blog\/wp-content\/uploads\/2022\/02\/Como-decorar-a-cozinha-com-armario-preto.jpg 700w, https:\/\/www.aarquiteta.com.br\/blog\/wp-content\/uploads\/2022\/02\/Como-decorar-a-cozinha-com-armario-preto-696x398.jpg 696w, https:\/\/www.aarquiteta.com.br\/blog\/wp-content\/uploads\/2022\/02\/Como-decorar-a-cozinha-com-armario-preto-150x86.jpg 150w\" sizes=\"(max-width: 700px) 100vw, 700px\" \/><\/a><figcaption id=\"caption-attachment-44707\" class=\"wp-caption-text\"><a href=\"https:\/\/amzn.to\/36rSpq7\" target=\"_blank\" rel=\"noopener\">Clique para saber mais!<\/a><\/figcaption><\/figure><p>Com o cooktop voc\u00ea pode ter a op\u00e7\u00e3o de criar <strong>projetos de cozinha<\/strong> planejada mais <strong>sofisticados,<\/strong> como, por exemplo, uma cozinha com <strong>bancada em ilha, <\/strong>criando um <strong>layout diferenciado<\/strong> para sua casa, especialmente em <strong>conceito aberto.<\/strong><\/p><p>No entanto, uma <strong>desvantagem<\/strong> de se optar por um cooktop \u00e9 que ser\u00e1 necess\u00e1rio investir em um <strong>forno el\u00e9trico,<\/strong> j\u00e1 que no cooktop <strong>n\u00e3o acompanha o forno embutido<\/strong>, um investimento a mais que dever\u00e1 ser colocado no or\u00e7amento da reforma da cozinha!<\/p><p><a href=\"https:\/\/amzn.to\/3qAxY1j\" target=\"_blank\" rel=\"noopener\">Electrolux COOKTOP A G\u00c1S KE5TP COM MESA DE VIDRO PRETA BIVOLT:<\/a><\/p><figure id=\"attachment_49268\" aria-describedby=\"caption-attachment-49268\" style=\"width: 1000px\" class=\"wp-caption aligncenter\"><a href=\"https:\/\/amzn.to\/3qAxY1j\" target=\"_blank\" rel=\"noopener\"><img decoding=\"async\" class=\"wp-image-49268 size-full\" title=\"Fog\u00e3o 4 Bocas - 8 Dicas para escolher o melhor fog\u00e3o para sua cozinha!\" src=\"https:\/\/www.aarquiteta.com.br\/blog\/wp-content\/uploads\/2022\/03\/Electrolux-COOKTOP-A-GAS-KE5TP-COM-MESA-DE-VIDRO-PRETA-BIVOLT.jpg\" alt=\"Fog\u00e3o 4 Bocas - 8 Dicas para escolher o melhor fog\u00e3o para sua cozinha!\" width=\"1000\" height=\"1000\" srcset=\"https:\/\/www.aarquiteta.com.br\/blog\/wp-content\/uploads\/2022\/03\/Electrolux-COOKTOP-A-GAS-KE5TP-COM-MESA-DE-VIDRO-PRETA-BIVOLT.jpg 1000w, https:\/\/www.aarquiteta.com.br\/blog\/wp-content\/uploads\/2022\/03\/Electrolux-COOKTOP-A-GAS-KE5TP-COM-MESA-DE-VIDRO-PRETA-BIVOLT-696x696.jpg 696w, https:\/\/www.aarquiteta.com.br\/blog\/wp-content\/uploads\/2022\/03\/Electrolux-COOKTOP-A-GAS-KE5TP-COM-MESA-DE-VIDRO-PRETA-BIVOLT-96x96.jpg 96w, https:\/\/www.aarquiteta.com.br\/blog\/wp-content\/uploads\/2022\/03\/Electrolux-COOKTOP-A-GAS-KE5TP-COM-MESA-DE-VIDRO-PRETA-BIVOLT-150x150.jpg 150w\" sizes=\"(max-width: 1000px) 100vw, 1000px\" \/><\/a><figcaption id=\"caption-attachment-49268\" class=\"wp-caption-text\"><a href=\"https:\/\/amzn.to\/3qAxY1j\" target=\"_blank\" rel=\"noopener\">Electrolux COOKTOP A G\u00c1S KE5TP COM MESA DE VIDRO PRETA BIVOLT &#8211; Clique para saber mais!<\/a><\/figcaption><\/figure><h3>5 \u2014 <a href=\"https:\/\/amzn.to\/3uoTS8D\" target=\"_blank\" rel=\"noopener\">Fog\u00e3o 4 bocas com forno duplo<\/a>:<\/h3><p>Mais uma vantagem que o fog\u00e3o apresenta em rela\u00e7\u00e3o ao cooktop \u00e9 a possibilidade de se investir em um <strong>fog\u00e3o com forno duplo<\/strong>, onde \u00e9 poss\u00edvel assar duas receitas em simult\u00e2neo, sem que elas estejam no mesmo ambiente interno do forno.<\/p><p>Voc\u00ea pode assar um frango em um forno enquanto assa um bolo no outro forno, sem perder o potencial da chama do fog\u00e3o e sem transfer\u00eancia de odores:<\/p><p id=\"title\" class=\"a-size-large a-spacing-none\"><strong><span id=\"productTitle\" class=\"a-size-large product-title-word-break\"><a href=\"https:\/\/amzn.to\/3uoTS8D\" target=\"_blank\" rel=\"noopener\">Fog\u00e3o 4 Bocas Electrolux Prata Autom\u00e1tico com 2 Fornos e Tripla Chama (56DXQ)<\/a>:<\/span><\/strong><\/p><figure id=\"attachment_49265\" aria-describedby=\"caption-attachment-49265\" style=\"width: 596px\" class=\"wp-caption aligncenter\"><a href=\"https:\/\/amzn.to\/3uoTS8D\" target=\"_blank\" rel=\"noopener\"><img decoding=\"async\" class=\"wp-image-49265 size-full\" title=\"Fog\u00e3o 4 Bocas - 8 Dicas para escolher o melhor fog\u00e3o para sua cozinha!\" src=\"https:\/\/www.aarquiteta.com.br\/blog\/wp-content\/uploads\/2022\/03\/Fogao-4-Bocas-Electrolux-Prata-Automatico-com-2-Fornos-e-Tripla-Chama-56DXQ-220V.jpg\" alt=\"Fog\u00e3o 4 Bocas - 8 Dicas para escolher o melhor fog\u00e3o para sua cozinha!\" width=\"596\" height=\"910\" srcset=\"https:\/\/www.aarquiteta.com.br\/blog\/wp-content\/uploads\/2022\/03\/Fogao-4-Bocas-Electrolux-Prata-Automatico-com-2-Fornos-e-Tripla-Chama-56DXQ-220V.jpg 596w, https:\/\/www.aarquiteta.com.br\/blog\/wp-content\/uploads\/2022\/03\/Fogao-4-Bocas-Electrolux-Prata-Automatico-com-2-Fornos-e-Tripla-Chama-56DXQ-220V-150x229.jpg 150w\" sizes=\"(max-width: 596px) 100vw, 596px\" \/><\/a><figcaption id=\"caption-attachment-49265\" class=\"wp-caption-text\"><a href=\"https:\/\/amzn.to\/3uoTS8D\" target=\"_blank\" rel=\"noopener\">Fog\u00e3o 4 Bocas Electrolux Prata Autom\u00e1tico com 2 Fornos e Tripla Chama (56DXQ) 220V &#8211; Clique para saber mais!<\/a><\/figcaption><\/figure><h3>6- Fog\u00e3o retr\u00f4 &#8211; O melhor de uma \u00e9poca!<\/h3><p>Se voc\u00ea for como eu um saudosista dos m\u00f3veis antigos, voc\u00ea tamb\u00e9m pode escolher o melhor do mundo da decora\u00e7\u00e3o retr\u00f4 para ousar na decora\u00e7\u00e3o de sua casa, eu separei algumas sugest\u00f5es para voc\u00ea brincar com seu imagin\u00e1rio.<\/p><p>Que tal um modelo desses na sua cozinha, j\u00e1 pensou? Fa\u00e7am suas escolhas!<\/p><p><a href=\"https:\/\/amzn.to\/3NlsiBS\" target=\"_blank\" rel=\"noopener\">Fog\u00e3o A Gas Gemini 2 Q Tampa De Vidro Branco G\u00e1s Glp<\/a>:<\/p><figure id=\"attachment_49305\" aria-describedby=\"caption-attachment-49305\" style=\"width: 516px\" class=\"wp-caption aligncenter\"><a href=\"https:\/\/amzn.to\/3NlsiBS\" target=\"_blank\" rel=\"noopener\"><img decoding=\"async\" class=\"wp-image-49305 size-full\" title=\"Fog\u00e3o 4 Bocas - 8 Dicas para escolher o melhor fog\u00e3o para sua cozinha!\" src=\"https:\/\/www.aarquiteta.com.br\/blog\/wp-content\/uploads\/2022\/03\/Fogao-A-Gas-Gemini-2-Q-Tampa-De-Vidro-Branco-Gas-Glp.jpg\" alt=\"Fog\u00e3o 4 Bocas - 8 Dicas para escolher o melhor fog\u00e3o para sua cozinha!\" width=\"516\" height=\"953\" srcset=\"https:\/\/www.aarquiteta.com.br\/blog\/wp-content\/uploads\/2022\/03\/Fogao-A-Gas-Gemini-2-Q-Tampa-De-Vidro-Branco-Gas-Glp.jpg 516w, https:\/\/www.aarquiteta.com.br\/blog\/wp-content\/uploads\/2022\/03\/Fogao-A-Gas-Gemini-2-Q-Tampa-De-Vidro-Branco-Gas-Glp-150x277.jpg 150w\" sizes=\"(max-width: 516px) 100vw, 516px\" \/><\/a><figcaption id=\"caption-attachment-49305\" class=\"wp-caption-text\"><a href=\"https:\/\/amzn.to\/3NlsiBS\" target=\"_blank\" rel=\"noopener\">Fog\u00e3o A Gas Gemini 2 Q Tampa De Vidro Branco G\u00e1s Glp: &#8211; Clique para saber mais!<\/a><\/figcaption><\/figure><p id=\"title\" class=\"a-size-large a-spacing-none\"><a href=\"https:\/\/amzn.to\/37S5rgZ\" target=\"_blank\" rel=\"noopener\"><span id=\"productTitle\" class=\"a-size-large product-title-word-break\">Fog\u00e3o Gemini 2 Bocas Preto<\/span><\/a>:<\/p><figure id=\"attachment_49302\" aria-describedby=\"caption-attachment-49302\" style=\"width: 1000px\" class=\"wp-caption aligncenter\"><a href=\"https:\/\/amzn.to\/3ujnX9y\" target=\"_blank\" rel=\"noopener\"><img decoding=\"async\" class=\"wp-image-49302 size-full\" title=\"Fog\u00e3o 4 Bocas - 8 Dicas para escolher o melhor fog\u00e3o para sua cozinha!\" src=\"https:\/\/www.aarquiteta.com.br\/blog\/wp-content\/uploads\/2022\/03\/fogao-retro-preto.jpg\" alt=\"Fog\u00e3o 4 Bocas - 8 Dicas para escolher o melhor fog\u00e3o para sua cozinha!\" width=\"1000\" height=\"1000\" srcset=\"https:\/\/www.aarquiteta.com.br\/blog\/wp-content\/uploads\/2022\/03\/fogao-retro-preto.jpg 1000w, https:\/\/www.aarquiteta.com.br\/blog\/wp-content\/uploads\/2022\/03\/fogao-retro-preto-696x696.jpg 696w, https:\/\/www.aarquiteta.com.br\/blog\/wp-content\/uploads\/2022\/03\/fogao-retro-preto-96x96.jpg 96w, https:\/\/www.aarquiteta.com.br\/blog\/wp-content\/uploads\/2022\/03\/fogao-retro-preto-150x150.jpg 150w\" sizes=\"(max-width: 1000px) 100vw, 1000px\" \/><\/a><figcaption id=\"caption-attachment-49302\" class=\"wp-caption-text\"><a href=\"https:\/\/amzn.to\/3ujnX9y\" target=\"_blank\" rel=\"noopener\">Fog\u00e3o Gemini 2 Bocas Preto: &#8211; Clique para saber mais!<\/a><\/figcaption><\/figure><p>&nbsp;<\/p><h3>7 \u2014 Dica B\u00f4nus: Como manter seu Fog\u00e3o sempre limpo?<\/h3><p><a href=\"https:\/\/www.aarquiteta.com.br\/blog\/feng-shui\/\" target=\"_blank\" rel=\"noopener\">Segundo o Feng-shui<\/a> um fog\u00e3o sempre limpinho \u00e9 o primeiro passo para se alcan\u00e7ar a prosperidade!<\/p><p>Se voc\u00ea que deixar seu fog\u00e3o sempre limpinho, confira estes artigos de limpeza que elaborei, onde eu ensino como limpar seu fog\u00e3o sem precisar ficar no esfrega, esfrega!<\/p><ul><li><a class=\"row-title\" href=\"https:\/\/www.aarquiteta.com.br\/blog\/receitas-de-limpeza-com-bicarbonato-de-sodio\/\" target=\"_blank\" rel=\"noopener\" label=\"\u201cReceitas de Limpeza com Bicarbonato de S\u00f3dio - Economize produtos de limpeza!\u201d (Editar)\">Receitas de Limpeza com Bicarbonato de S\u00f3dio &#8211; Economize produtos de limpeza!<\/a><\/li><li><a class=\"row-title\" href=\"https:\/\/www.aarquiteta.com.br\/blog\/receitas-de-limpeza-com-vinagre\/\" target=\"_blank\" rel=\"noopener\" label=\"\u201cReceitas de Limpeza com Vinagre - Chega de esfrega, esfrega!\u201d (Editar)\">Receitas de Limpeza com Vinagre &#8211; Chega de esfrega, esfrega!<\/a><\/li><li><a class=\"row-title\" href=\"https:\/\/www.aarquiteta.com.br\/blog\/receitas-de-limpeza-com-limao\/\" target=\"_blank\" rel=\"noopener\" label=\"\u201cReceitas de Limpeza com Lim\u00e3o - Al\u00e9m de limpo, cheiroso!\u201d (Editar)\">Receitas de Limpeza com Lim\u00e3o &#8211; Al\u00e9m de limpo, cheiroso!<\/a><\/li><\/ul><h3>8 \u2014 Dica B\u00f4nus: Como fazer uma cozinha planejada!<\/h3><p>Agora que voc\u00ea j\u00e1 sabe como escolher o seu fog\u00e3o, confira estes artigos que elaborei pensando em te ajudar na elabora\u00e7\u00e3o de um projeto de cozinha com m\u00f3veis planejados:<\/p><ul><li><a class=\"row-title\" href=\"https:\/\/www.aarquiteta.com.br\/blog\/moveis-planejados-como-comprar\/\" target=\"_blank\" rel=\"noopener\" label=\"\u201cM\u00f3veis Planejados - Como economizar na hora de comprar?\u201d (Editar)\">M\u00f3veis Planejados &#8211; Como economizar na hora de comprar?<\/a><\/li><li><a class=\"row-title\" href=\"https:\/\/www.aarquiteta.com.br\/blog\/moveis-planejados-em-apartamentos-pequenos\/\" target=\"_blank\" rel=\"noopener\" label=\"\u201cDicas de m\u00f3veis planejados em apartamentos pequenos.\u201d (Editar)\">Dicas de m\u00f3veis planejados em apartamentos pequenos.<\/a><\/li><li><a class=\"row-title\" href=\"https:\/\/www.aarquiteta.com.br\/blog\/moveis-planejados-para-apartamentos\/\" target=\"_blank\" rel=\"noopener\" label=\"\u201cM\u00f3veis planejados para apartamentos: Dicas para quem est\u00e1 reformando!\u201d (Editar)\">M\u00f3veis planejados para apartamentos: Dicas para quem est\u00e1 reformando!<\/a><\/li><li><a class=\"row-title\" href=\"https:\/\/www.aarquiteta.com.br\/blog\/etapas-de-uma-reforma-de-apartamento\/\" target=\"_blank\" rel=\"noopener\" label=\"\u201cAs 13 etapas de uma reforma de apartamento - Descubra onde come\u00e7ar!\u201d (Editar)\">As 13 etapas de uma reforma de apartamento &#8211; Descubra onde come\u00e7ar!<\/a><\/li><li><a class=\"row-title\" href=\"https:\/\/www.aarquiteta.com.br\/blog\/como-decorar-a-cozinha-com-armario-preto\/\" target=\"_blank\" rel=\"noopener\" label=\"\u201cComo decorar a cozinha com arm\u00e1rio preto.\u201d (Editar)\">Como decorar a cozinha com arm\u00e1rio preto.<\/a><\/li><li><a class=\"row-title\" href=\"https:\/\/www.aarquiteta.com.br\/blog\/iluminacao-para-armarios\/\" target=\"_blank\" rel=\"noopener\" label=\"\u201cIlumina\u00e7\u00e3o para Arm\u00e1rios - Dicas para escolher a melhor LED!\u201d (Editar)\">Ilumina\u00e7\u00e3o para Arm\u00e1rios &#8211; Dicas para escolher a melhor LED!<\/a><\/li><\/ul><p><strong>Gostou das dicas sobre como escolher o fog\u00e3o 4 bocas, ideal para sua cozinha?<\/strong><\/p><p>Quer mais dicas sobre o mundo da Arquitetura e Decora\u00e7\u00e3o, ent\u00e3o confira alguns dos nossos artigos em:<\/p><ul><li><a href=\"https:\/\/www.aarquiteta.com.br\/blog\/paisagismo\/\" target=\"_blank\" rel=\"noopener\">Casa e Jardim<\/a><\/li><li><a href=\"https:\/\/www.aarquiteta.com.br\/blog\/arquitetura\/mundo-arquitetura\/\" target=\"_blank\" rel=\"noopener\">Mundo Arquitetura<\/a><\/li><li><a href=\"https:\/\/www.aarquiteta.com.br\/decoracao\/\" target=\"_blank\" rel=\"noopener\">Decora\u00e7\u00e3o<\/a><\/li><\/ul>","protected":false},"excerpt":{"rendered":"<p>Fog\u00e3o 4 Bocas, conhe\u00e7a as 8\u00a0Dicas para escolher o melhor fog\u00e3o, e descubra as vantagens de cada modelo na hora de escolher o melhor fog\u00e3o ideal para sua casa e sua fam\u00edlia!Se tem um eletrodom\u00e9stico que \u00e9 praticamente\u00a0imposs\u00edvel n\u00e3o ter em nossa casa, este \u00e9 o Fog\u00e3o!Com o fog\u00e3o preparamos nossos alimentos, aquecemos bebidas, fazemos [&hellip;]<\/p>\n","protected":false},"author":102,"featured_media":49270,"comment_status":"open","ping_status":"closed","sticky":false,"template":"","format":"standard","meta":{"footnotes":""},"categories":[18767,18766],"tags":[15946,15947,15948,15949,15950,15951,15952,15953],"class_list":["post-49249","post","type-post","status-publish","format-standard","has-post-thumbnail","category-eletrodomesticos","category-produtos","tag-como-comprar-fogao","tag-como-escolher-um-fogao","tag-escolher-fogao-ou-cooktop","tag-fogao-4-bocas-inox","tag-fogao-4-bocas-linha-branca","tag-forno-eletrico-ou-forno-a-gas","tag-qual-o-melhor-fogao","tag-qual-o-melhor-forno-eletrico"],"_wp_attached_file":null,"_wp_attachment_metadata":null,"_wp_attachment_context":null,"_wp_attachment_is_custom_header":null,"geo_longitude":null,"geo_public":null,"geo_latitude":null,"_publicize_done_external":null,"_wpas_done_3897181":null,"publicize_twitter_user":null,"_wpas_done_3897175":null,"_wpas_skip_3897181":null,"_wpas_skip_3897175":null,"_wpas_skip_3924723":null,"_wpas_mess":null,"_wpas_done_3924723":null,"wps_subtitle":"Aprenda a como n\u00e3o cair em ciladas na hora de comprar seu fog\u00e3o e tenha uma cozinha linda o e funcional como voc\u00ea sempre sonhou!","_links":{"self":[{"href":"https:\/\/www.aarquiteta.com.br\/blog\/wp-json\/wp\/v2\/posts\/49249","targetHints":{"allow":["GET"]}}],"collection":[{"href":"https:\/\/www.aarquiteta.com.br\/blog\/wp-json\/wp\/v2\/posts"}],"about":[{"href":"https:\/\/www.aarquiteta.com.br\/blog\/wp-json\/wp\/v2\/types\/post"}],"author":[{"embeddable":true,"href":"https:\/\/www.aarquiteta.com.br\/blog\/wp-json\/wp\/v2\/users\/102"}],"replies":[{"embeddable":true,"href":"https:\/\/www.aarquiteta.com.br\/blog\/wp-json\/wp\/v2\/comments?post=49249"}],"version-history":[{"count":0,"href":"https:\/\/www.aarquiteta.com.br\/blog\/wp-json\/wp\/v2\/posts\/49249\/revisions"}],"wp:featuredmedia":[{"embeddable":true,"href":"https:\/\/www.aarquiteta.com.br\/blog\/wp-json\/wp\/v2\/media\/49270"}],"wp:attachment":[{"href":"https:\/\/www.aarquiteta.com.br\/blog\/wp-json\/wp\/v2\/media?parent=49249"}],"wp:term":[{"taxonomy":"category","embeddable":true,"href":"https:\/\/www.aarquiteta.com.br\/blog\/wp-json\/wp\/v2\/categories?post=49249"},{"taxonomy":"post_tag","embeddable":true,"href":"https:\/\/www.aarquiteta.com.br\/blog\/wp-json\/wp\/v2\/tags?post=49249"}],"curies":[{"name":"wp","href":"https:\/\/api.w.org\/{rel}","templated":true}]}}