{"id":46255,"date":"2022-03-14T15:06:12","date_gmt":"2022-03-14T18:06:12","guid":{"rendered":"http:\/\/aarquiteta.com.br\/?p=46255"},"modified":"2022-06-14T14:29:40","modified_gmt":"2022-06-14T17:29:40","slug":"planta-para-ar-condicionado","status":"publish","type":"post","link":"https:\/\/www.aarquiteta.com.br\/blog\/planta-para-ar-condicionado\/","title":{"rendered":"Ar Condicionado &#8211; As 6 melhores plantas para ambientes climatizados!"},"content":{"rendered":"<p><img decoding=\"async\" class=\"aligncenter wp-image-46259 size-full\" title=\"Ar Condicionado - As 6 melhores plantas para ambientes climatizados!\" src=\"https:\/\/www.aarquiteta.com.br\/blog\/wp-content\/uploads\/2022\/03\/aglomena-1200x800-1.jpg\" alt=\"Ar Condicionado - As 6 melhores plantas para ambientes climatizados!\" width=\"1200\" height=\"800\" srcset=\"https:\/\/www.aarquiteta.com.br\/blog\/wp-content\/uploads\/2022\/03\/aglomena-1200x800-1.jpg 1200w, https:\/\/www.aarquiteta.com.br\/blog\/wp-content\/uploads\/2022\/03\/aglomena-1200x800-1-1024x683.jpg 1024w, https:\/\/www.aarquiteta.com.br\/blog\/wp-content\/uploads\/2022\/03\/aglomena-1200x800-1-696x464.jpg 696w, https:\/\/www.aarquiteta.com.br\/blog\/wp-content\/uploads\/2022\/03\/aglomena-1200x800-1-150x100.jpg 150w\" sizes=\"(max-width: 1200px) 100vw, 1200px\" \/><\/p>\n<p>Ar Condicionado \u2014 As 6 melhores esp\u00e9cies de plantas para ambientes climatizados!<\/p>\n<p>Todo mundo sabe que uma boa decora\u00e7\u00e3o pede um paisagismo acolhedor, do tipo que transforma um ambiente muitas vezes c\u00e1lido,\u00a0 em um lugar aconchegante e agrad\u00e1vel de estar.<\/p>\n<p>No entanto, nas grandes cidades, o uso do ar-condicionado pode ser um problema para quem gosta de ter sempre uma verdinha por perto.<\/p>\n<p>Por isso, confira neste artigo as 6 melhores plantas para ambientes com ar condicionado e surpreenda-se com a \u00faltima!<\/p>\n<h2>Planta para Ar Condicionado \u2014 As 6 melhores para ambientes climatizados!<\/h2>\n<p>Uma planta para ser resistente a um ambiente climatizado com ar-condicionado, precisa ter algumas caracter\u00edsticas espec\u00edficas como, por exemplo, a colora\u00e7\u00e3o de suas folhas.<\/p>\n<p>Geralmente as plantas com folhas com um tom de verde mais escuro e com folhagem mais grossa, suportam ambientes mais hostis com pouca ilumina\u00e7\u00e3o, ventila\u00e7\u00e3o e at\u00e9 mesmo com escassez de regas.<\/p>\n<p>Contudo, n\u00e3o se iluda, pois, nenhuma planta sobrevive a um local totalmente escuro, sem o m\u00ednimo de \u00e1gua.<\/p>\n<p>Se voc\u00ea est\u00e1 em busca de plantas resistentes para um ambiente climatizado, ent\u00e3o tome nota das <strong>6 melhores plantas para ambientes que utilizam ar condicionado<\/strong> que separamos para voc\u00ea!<\/p>\n<h3>1 \u2014 Sansevi\u00e9ria:<\/h3>\n<p><span data-offset-key=\"6nha8-0-0\">O ar-condicionado \u00e9 um \u00f3timo aliado para criarmos um ambiente fresco e agrad\u00e1vel para n\u00f3s, os humanos, claro. No entanto, seus efeitos para as plantas pode ser devastador!<\/span><br \/>\n<span data-offset-key=\"c4pv7-0-0\">\u00a0<\/span><\/p>\n<p><span data-offset-key=\"75n67-0-0\">N\u00e3o \u00e9 toda planta que se adapta a ambientes fechados, com temperaturas baixas e, o mais importante, sem a umidade do ar.\u00a0<\/span><\/p>\n<p>No entanto, a\u00a0 Sansevi\u00e9ria conhecida como Espada de S\u00e3o Jorge \u00e9 realmente uma guerreira.<\/p>\n<figure id=\"attachment_36364\" aria-describedby=\"caption-attachment-36364\" style=\"width: 721px\" class=\"wp-caption aligncenter\"><img decoding=\"async\" class=\"wp-image-36364 size-full\" title=\"Ar Condicionado - As 6 melhores plantas para ambientes climatizados!\" src=\"https:\/\/www.aarquiteta.com.br\/blog\/wp-content\/uploads\/2021\/11\/Sansevieria.jpg\" alt=\"Ar Condicionado - As 6 melhores plantas para ambientes climatizados!\" width=\"721\" height=\"794\" srcset=\"https:\/\/www.aarquiteta.com.br\/blog\/wp-content\/uploads\/2021\/11\/Sansevieria.jpg 721w, https:\/\/www.aarquiteta.com.br\/blog\/wp-content\/uploads\/2021\/11\/Sansevieria-696x766.jpg 696w, https:\/\/www.aarquiteta.com.br\/blog\/wp-content\/uploads\/2021\/11\/Sansevieria-150x165.jpg 150w\" sizes=\"(max-width: 721px) 100vw, 721px\" \/><figcaption id=\"caption-attachment-36364\" class=\"wp-caption-text\">Ar Condicionado &#8211; As 6 melhores plantas para ambientes climatizados!<\/figcaption><\/figure>\n<p><span data-offset-key=\"4hgel-0-0\">A Sansevi\u00e9ria \u00e9 origin\u00e1ria da \u00c1frica e da \u00c1sia, e atende sob os nomes comuns de Espada-de-S\u00e3o-Jorge, lan\u00e7a de S\u00e3o Jorge, Espada de Ogum, entre outros.<\/span><\/p>\n<p><span data-offset-key=\"9dlih-0-0\">Muito utilizada para ambientes internas, ela \u00e9 muito adapt\u00e1vel a ambientes com atmosfera seca e\/ou aquecida, suporta incid\u00eancia de luz pobre e resite a longos dias com falta de rega.<\/span><\/p>\n<p><span data-offset-key=\"bauen-0-0\">Classificada como uma planta purificadora do ar, a Sansevi\u00e9ria \u00e9 muito resistente devido espessura de suas folhas, que armazenam muita \u00e1gua, o que faz com que elas resistem ao meio ambiente mais hostil.<\/span><\/p>\n<p>Em uma situa\u00e7\u00e3o de abandono, elas s\u00e3o as \u00faltimas plantas a morrerem em um jardim e mesmo assim custam a dar o seu \u00faltimo suspiro.<\/p>\n<h3>Pare! Voc\u00ea quer ver dicas de decora\u00e7\u00e3o?<\/h3>\n<p>N\u00e3o deixe de visitar a <a href=\"https:\/\/www.aarquiteta.com.br\/decoracao\/\" target=\"_blank\" rel=\"noopener\">categoria Decora\u00e7\u00e3o<\/a> e redecore sua casa com bom gosto e sem gastar muito!<\/p>\n<div class=\"youtube-embed\" data-video_id=\"Q4PUm6-3L-0\"><iframe title=\"Decore f\u00e1cil \u2014 10 coisas que voc\u00ea deve evitar ao m\u00e1ximo na decora\u00e7\u00e3o da sua casa!\" width=\"696\" height=\"392\" src=\"https:\/\/www.youtube.com\/embed\/Q4PUm6-3L-0?feature=oembed&#038;enablejsapi=1\" frameborder=\"0\" allow=\"accelerometer; autoplay; clipboard-write; encrypted-media; gyroscope; picture-in-picture; web-share\" allowfullscreen><\/iframe><\/div>\n<h3>2- Zamioculcas zamiifolia:<\/h3>\n<p><span data-offset-key=\"bjqhm-0-0\">Da fam\u00edlia das Ar\u00e1ceas (popularmente conhecida de <\/span><span data-offset-key=\"bjqhm-0-1\">Zamioculcas<\/span><span data-offset-key=\"bjqhm-0-2\">\u00a0ou ZZ) \u00e9 uma planta origin\u00e1ria da Tanz\u00e2nia, na \u00c1frica.<\/span><\/p>\n<figure id=\"attachment_36235\" aria-describedby=\"caption-attachment-36235\" style=\"width: 451px\" class=\"wp-caption aligncenter\"><img decoding=\"async\" class=\"wp-image-36235 size-full\" title=\"Ar Condicionado - As 6 melhores plantas para ambientes climatizados!\" src=\"https:\/\/www.aarquiteta.com.br\/blog\/wp-content\/uploads\/2021\/11\/zamioculca.jpg\" alt=\"Ar Condicionado - As 6 melhores plantas para ambientes climatizados!\" width=\"451\" height=\"580\" \/><figcaption id=\"caption-attachment-36235\" class=\"wp-caption-text\">Ar Condicionado &#8211; As 6 melhores plantas para ambientes climatizados!<\/figcaption><\/figure>\n<p>Ela se adapta bem a ambientes internos e de pouca luz, \u00e9 muito resistente e dur\u00e1vel, com suas folhas duras que chegam a se confundir com uma planta de pl\u00e1stico, ela resiste como ningu\u00e9m a um ar-condicionado.<\/p>\n<p>Pode ser colocada inclusive em ambientes com pouqu\u00edssima ilumina\u00e7\u00e3o como corredores e hall de entrada.<\/p>\n<p>Contudo, como ela faz parte das esp\u00e9cies das suculentas, ela n\u00e3o gosta de ra\u00edzes \u00famidas ou encharcadas, por isso somente regue a planta quando a terra estiver completamente seca.<\/p>\n<h3>3 \u2014 Pacov\u00e1<\/h3>\n<p>O Pacov\u00e1 \u00e9\u00a0 uma \u00f3tima planta para prote\u00e7\u00e3o dos ambientes, pois ele absorve a energia negativa e tamb\u00e9m ajuda a elimin\u00e1-las. Perfeita para ambientes com uso de ar-condicionado.<\/p>\n<p>De folhas grandes e de um verde bem escuro, o Pacov\u00e1, tamb\u00e9m faz parte da turma valente que encara o ar condicionado sem grandes sofrimentos.<\/p>\n<figure id=\"attachment_46229\" aria-describedby=\"caption-attachment-46229\" style=\"width: 500px\" class=\"wp-caption aligncenter\"><img decoding=\"async\" class=\"wp-image-46229 size-full\" title=\"Plantas para Ar-Condicionado - As 6 melhores para ambientes climatizados!\" src=\"https:\/\/www.aarquiteta.com.br\/blog\/wp-content\/uploads\/2022\/03\/pacova-planta.jpg\" alt=\"Plantas para Ar-Condicionado - As 6 melhores para ambientes climatizados!\" width=\"500\" height=\"500\" srcset=\"https:\/\/www.aarquiteta.com.br\/blog\/wp-content\/uploads\/2022\/03\/pacova-planta.jpg 500w, https:\/\/www.aarquiteta.com.br\/blog\/wp-content\/uploads\/2022\/03\/pacova-planta-96x96.jpg 96w, https:\/\/www.aarquiteta.com.br\/blog\/wp-content\/uploads\/2022\/03\/pacova-planta-150x150.jpg 150w\" sizes=\"(max-width: 500px) 100vw, 500px\" \/><figcaption id=\"caption-attachment-46229\" class=\"wp-caption-text\">Plantas para Ar-Condicionado &#8211; As 6 melhores para ambientes climatizados!<\/figcaption><\/figure>\n<p>No entanto, como todas as plantas, \u00e9 obrigat\u00f3rio a incid\u00eancia de luz solar sobre as folhas. Sem o m\u00ednimo de luz solar, nenhuma planta consegue realizar a fotoss\u00edntese, por tanto certamente ela n\u00e3o sobrevir\u00e1.<\/p>\n<p>Nada de\u00a0colocar seu Pacov\u00e1 em locais de sombra se voc\u00ea quiser um pacov\u00e1 verde e feliz.<\/p>\n<h2>Ar Condicionado \u2014 As 6 melhores plantas para ambientes climatizados!<\/h2>\n<h3>4 \u2014 Peper\u00f4mia-filodendro<\/h3>\n<p>Para quem deseja ter uma planta pendente em casa utilizando o ar condicionado, esta esp\u00e9cie \u00e9 uma valentona!<\/p>\n<figure id=\"attachment_46235\" aria-describedby=\"caption-attachment-46235\" style=\"width: 681px\" class=\"wp-caption aligncenter\"><img decoding=\"async\" class=\"wp-image-46235 size-full\" src=\"https:\/\/www.aarquiteta.com.br\/blog\/wp-content\/uploads\/2022\/03\/Peperomia-filodendro-planta.jpg\" alt=\"\" width=\"681\" height=\"681\" title=\"\" srcset=\"https:\/\/www.aarquiteta.com.br\/blog\/wp-content\/uploads\/2022\/03\/Peperomia-filodendro-planta.jpg 681w, https:\/\/www.aarquiteta.com.br\/blog\/wp-content\/uploads\/2022\/03\/Peperomia-filodendro-planta-96x96.jpg 96w, https:\/\/www.aarquiteta.com.br\/blog\/wp-content\/uploads\/2022\/03\/Peperomia-filodendro-planta-150x150.jpg 150w\" sizes=\"(max-width: 681px) 100vw, 681px\" \/><figcaption id=\"caption-attachment-46235\" class=\"wp-caption-text\">Ar Condicionado &#8211; As 6 melhores plantas para ambientes climatizados!<\/figcaption><\/figure>\n<p>Dona de bonitas folhas de bordas em verde-claro, a peper\u00f4mia-filodendro aguenta at\u00e9 mesmo uma quantidade de regas menor que as outras plantas.\u00a0 No entanto, n\u00e3o gostam de Sol direto em suas folhagens e apreciam um solo pouco \u00famido.<\/p>\n<h3>5 \u2014 Aglomena:<\/h3>\n<p>Se voc\u00ea estiver precisando de uma planta para um lugar com pouca ilumina\u00e7\u00e3o, janelas ou at\u00e9 mesmo com cortinas fechadas, esta planta \u00e9 ideal para voc\u00ea.<\/p>\n<figure id=\"attachment_46241\" aria-describedby=\"caption-attachment-46241\" style=\"width: 800px\" class=\"wp-caption alignnone\"><img decoding=\"async\" class=\"wp-image-46241 size-full\" src=\"https:\/\/www.aarquiteta.com.br\/blog\/wp-content\/uploads\/2022\/03\/aglomenta-planta.jpg\" alt=\"\" width=\"800\" height=\"533\" title=\"\" srcset=\"https:\/\/www.aarquiteta.com.br\/blog\/wp-content\/uploads\/2022\/03\/aglomenta-planta.jpg 800w, https:\/\/www.aarquiteta.com.br\/blog\/wp-content\/uploads\/2022\/03\/aglomenta-planta-696x464.jpg 696w, https:\/\/www.aarquiteta.com.br\/blog\/wp-content\/uploads\/2022\/03\/aglomenta-planta-150x100.jpg 150w\" sizes=\"(max-width: 800px) 100vw, 800px\" \/><figcaption id=\"caption-attachment-46241\" class=\"wp-caption-text\">Plantas para Ar-Condicionado &#8211; As 6 melhores para ambientes climatizados!<\/figcaption><\/figure>\n<p>Este g\u00eanero \u00e9 conhecido por se dar bem com pouca incid\u00eancia de pouca luz e por possuem varia\u00e7\u00f5es de cores que v\u00e3o desde folhagens em tom de rosa at\u00e9 varia\u00e7\u00f5es com um padr\u00e3o rajado de verde em uma superf\u00edcie quase prateada.<\/p>\n<h3>Phalaenopsis hybrid:<\/h3>\n<p>E que tal uma flor para esta lista?<\/p>\n<p><img decoding=\"async\" class=\"wp-image-46246\" src=\"https:\/\/www.aarquiteta.com.br\/blog\/wp-content\/uploads\/2022\/03\/orquidea-phalaenopsis-planta-300x169.jpg\" alt=\"\" width=\"1200\" height=\"675\" title=\"\"><\/p>\n<p>Esta orqu\u00eddea hibrida consegue suportar o frio seco do ar-condicionado como nenhuma outra flor! A dica \u00e9 sempre buscar por Orqu\u00eddeas desta esp\u00e9cie com caules mais grossos, assim a flor resistir\u00e1 ainda mais tempo seco dos ambientes climatizados.<\/p>\n<h3><strong>E a\u00ed, gostou do artigo sobre Planta para Ar Condicionado &#8211; As 6 melhores para ambientes climatizados?<\/strong><\/h3>\n<p>Ent\u00e3o deslize a tela para baixo e<a href=\"https:\/\/br.pinterest.com\/aarquitetapinterest\/_created\/\" target=\"_blank\" rel=\"noopener\"> confira mais dicas<\/a> como esta e n\u00e3o se esque\u00e7a de compartilhar com os amigos!<\/p>\n<p>Quer mais dicas sobre o mundo da Arquitetura e Decora\u00e7\u00e3o, ent\u00e3o confira alguns dos nossos artigos em:<\/p>\n<ul>\n<li><a href=\"https:\/\/www.aarquiteta.com.br\/blog\/paisagismo\/\" target=\"_blank\" rel=\"noopener\">Casa e Jardim<\/a><\/li>\n<li><a href=\"https:\/\/www.aarquiteta.com.br\/blog\/arquitetura\/mundo-arquitetura\/\" target=\"_blank\" rel=\"noopener\">Mundo Arquitetura<\/a><\/li>\n<li><a href=\"https:\/\/www.aarquiteta.com.br\/decoracao\/\" target=\"_blank\" rel=\"noopener\">Decora\u00e7\u00e3o<\/a><\/li>\n<\/ul>\n","protected":false},"excerpt":{"rendered":"<p>Ar Condicionado \u2014 As 6 melhores esp\u00e9cies de plantas para ambientes climatizados! Todo mundo sabe que uma boa decora\u00e7\u00e3o pede um paisagismo acolhedor, do tipo que transforma um ambiente muitas vezes c\u00e1lido,\u00a0 em um lugar aconchegante e agrad\u00e1vel de estar. No entanto, nas grandes cidades, o uso do ar-condicionado pode ser um problema para quem [&hellip;]<\/p>\n","protected":false},"author":102,"featured_media":46259,"comment_status":"open","ping_status":"closed","sticky":false,"template":"","format":"standard","meta":{"footnotes":""},"categories":[10005,9612],"tags":[15395,15396,15397],"class_list":["post-46255","post","type-post","status-publish","format-standard","has-post-thumbnail","category-casa-e-jardim","category-jardinagem","tag-como-escolher-planta-para-ar-condicionado","tag-especies-de-planta-para-ar-condicionado","tag-plantas-para-ar-condicionado"],"_wp_attached_file":null,"_wp_attachment_metadata":null,"_wp_attachment_context":null,"_wp_attachment_is_custom_header":null,"geo_longitude":null,"geo_public":null,"geo_latitude":null,"_publicize_done_external":null,"_wpas_done_3897181":null,"publicize_twitter_user":null,"_wpas_done_3897175":null,"_wpas_skip_3897181":null,"_wpas_skip_3897175":null,"_wpas_skip_3924723":null,"_wpas_mess":null,"_wpas_done_3924723":null,"wps_subtitle":"Buscando Plantas para Ar-Condicionado? Confira 6 esp\u00e9cies que resistem ao clima seco de um ambiente climatizado. Surpreenda-se com a \u00faltima!","_links":{"self":[{"href":"https:\/\/www.aarquiteta.com.br\/blog\/wp-json\/wp\/v2\/posts\/46255","targetHints":{"allow":["GET"]}}],"collection":[{"href":"https:\/\/www.aarquiteta.com.br\/blog\/wp-json\/wp\/v2\/posts"}],"about":[{"href":"https:\/\/www.aarquiteta.com.br\/blog\/wp-json\/wp\/v2\/types\/post"}],"author":[{"embeddable":true,"href":"https:\/\/www.aarquiteta.com.br\/blog\/wp-json\/wp\/v2\/users\/102"}],"replies":[{"embeddable":true,"href":"https:\/\/www.aarquiteta.com.br\/blog\/wp-json\/wp\/v2\/comments?post=46255"}],"version-history":[{"count":0,"href":"https:\/\/www.aarquiteta.com.br\/blog\/wp-json\/wp\/v2\/posts\/46255\/revisions"}],"wp:featuredmedia":[{"embeddable":true,"href":"https:\/\/www.aarquiteta.com.br\/blog\/wp-json\/wp\/v2\/media\/46259"}],"wp:attachment":[{"href":"https:\/\/www.aarquiteta.com.br\/blog\/wp-json\/wp\/v2\/media?parent=46255"}],"wp:term":[{"taxonomy":"category","embeddable":true,"href":"https:\/\/www.aarquiteta.com.br\/blog\/wp-json\/wp\/v2\/categories?post=46255"},{"taxonomy":"post_tag","embeddable":true,"href":"https:\/\/www.aarquiteta.com.br\/blog\/wp-json\/wp\/v2\/tags?post=46255"}],"curies":[{"name":"wp","href":"https:\/\/api.w.org\/{rel}","templated":true}]}}