{"id":45051,"date":"2023-03-23T12:00:59","date_gmt":"2023-03-23T15:00:59","guid":{"rendered":"http:\/\/aarquiteta.com.br\/?p=45051"},"modified":"2024-07-03T12:30:24","modified_gmt":"2024-07-03T15:30:24","slug":"sofa-em-l","status":"publish","type":"post","link":"https:\/\/www.aarquiteta.com.br\/blog\/sofa-em-l\/","title":{"rendered":"Sof\u00e1 em &#8220;L&#8221;: Descubra as vantagens e como escolher o ideal"},"content":{"rendered":"<div class=\"group w-full text-gray-800 dark:text-gray-100 border-b border-black\/10 dark:border-gray-900\/50 bg-gray-50 dark:bg-[#444654]\">\n<div class=\"text-base gap-4 md:gap-6 md:max-w-2xl lg:max-w-2xl xl:max-w-3xl p-4 md:py-6 flex lg:px-0 m-auto\">\n<div class=\"relative flex w-[calc(100%-50px)] flex-col gap-1 md:gap-3 lg:w-[calc(100%-115px)]\">\n<div class=\"flex flex-grow flex-col gap-3\">\n<div class=\"min-h-[20px] flex flex-col items-start gap-4 whitespace-pre-wrap\">\n<div class=\"markdown prose w-full break-words dark:prose-invert dark\">\n<p>Encontre dicas essenciais para escolher o sof\u00e1 em &#8220;L&#8221; perfeito para sua casa, aproveitando o espa\u00e7o e garantindo o m\u00e1ximo de conforto e estilo.<\/p>\n<p>Se voc\u00ea est\u00e1 procurando um sof\u00e1 confort\u00e1vel e elegante para sua sala de estar, n\u00e3o precisa procurar mais al\u00e9m de um sof\u00e1 em L. Com sua forma \u00fanica, esses sof\u00e1s s\u00e3o perfeitos para proporcionar um espa\u00e7o de assento confort\u00e1vel para sua fam\u00edlia e amigos, al\u00e9m de adicionar um toque de estilo \u00e0 sua casa.<\/p>\n<p>Neste artigo, exploraremos tudo o que voc\u00ea precisa saber sobre sof\u00e1s em L, desde suas vantagens e desvantagens at\u00e9 como escolher o sof\u00e1 em L perfeito para sua casa.<\/p>\n<h2>Vantagens do sof\u00e1 em L<\/h2>\n<p><img decoding=\"async\" class=\"alignnone wp-image-45056 size-full\" title=\"Sof\u00e1 em L - Como projetar uma sala em ''L''?\" src=\"https:\/\/www.aarquiteta.com.br\/blog\/wp-content\/uploads\/2022\/03\/Dicas-para-organizar-a-sala-em-L-4.jpg\" alt=\"Sof\u00e1 em L - Como projetar uma sala em ''L''?\" width=\"700\" height=\"400\" srcset=\"https:\/\/www.aarquiteta.com.br\/blog\/wp-content\/uploads\/2022\/03\/Dicas-para-organizar-a-sala-em-L-4.jpg 700w, https:\/\/www.aarquiteta.com.br\/blog\/wp-content\/uploads\/2022\/03\/Dicas-para-organizar-a-sala-em-L-4-696x398.jpg 696w, https:\/\/www.aarquiteta.com.br\/blog\/wp-content\/uploads\/2022\/03\/Dicas-para-organizar-a-sala-em-L-4-150x86.jpg 150w\" sizes=\"(max-width: 700px) 100vw, 700px\" \/><\/p>\n<ul>\n<li>Maior espa\u00e7o de assento: Com sua forma \u00fanica, um sof\u00e1 em L oferece mais espa\u00e7o de assento do que um sof\u00e1 tradicional, permitindo que mais pessoas se sentem confortavelmente.<\/li>\n<li>Configura\u00e7\u00f5es flex\u00edveis: Um sof\u00e1 em L pode ser posicionado de v\u00e1rias maneiras diferentes, tornando-o uma escolha vers\u00e1til para qualquer sala de estar.<\/li>\n<li>Estilo: Com uma variedade de designs, materiais e cores dispon\u00edveis, um sof\u00e1 em L pode se tornar o destaque da sua sala de estar.<\/li>\n<li>Conforto: Sof\u00e1s em L geralmente oferecem um maior conforto, com mais espa\u00e7o para esticar as pernas e relaxar.<\/li>\n<\/ul>\n<h2>Desvantagens do sof\u00e1 em L<\/h2>\n<ul>\n<li>Tamanho: Sof\u00e1s em L geralmente ocupam mais espa\u00e7o do que um sof\u00e1 tradicional, sendo importante medir sua sala de estar para garantir que voc\u00ea tenha espa\u00e7o suficiente.<\/li>\n<li>Custo: Sof\u00e1s em L costumam ser mais caros do que um sof\u00e1 tradicional devido ao seu tamanho e design personalizado.<\/li>\n<li>Limita\u00e7\u00f5es de espa\u00e7o: Em algumas salas de estar, pode ser dif\u00edcil encontrar um espa\u00e7o adequado para um sof\u00e1 em L sem bloquear portas ou janelas.<\/li>\n<\/ul>\n<h2>Como escolher o sof\u00e1 em L perfeito para sua casa<\/h2>\n<ul>\n<li>Tamanho: Me\u00e7a sua sala de estar para garantir que o sof\u00e1 em L escolhido se encaixe adequadamente. Lembre-se de considerar a profundidade do sof\u00e1 e o espa\u00e7o necess\u00e1rio para andar ao redor dele.<\/li>\n<li>Configura\u00e7\u00e3o: Decida como voc\u00ea gostaria de posicionar seu sof\u00e1 em L em sua sala de estar. Certifique-se de que haja espa\u00e7o suficiente para acessar portas e janelas sem obstruir o caminho.<\/li>\n<li>Estilo: Escolha um estilo de sof\u00e1 em L que complemente o design da sua sala de estar. Existem muitas op\u00e7\u00f5es diferentes dispon\u00edveis, desde sof\u00e1s modernos e elegantes at\u00e9 designs mais tradicionais.<\/li>\n<li>Material: Escolha um material de sof\u00e1 em L que atenda \u00e0s suas necessidades e prefer\u00eancias pessoais. Tecidos como veludo e couro s\u00e3o populares para sof\u00e1s em L devido \u00e0 sua durabilidade e apar\u00eancia atraente.<\/li>\n<li>Cor: Escolha uma cor que combine com a decora\u00e7\u00e3o da sua sala de estar e que seja dur\u00e1vel o suficiente para resistir a manchas e desgaste di\u00e1rio.<\/li>\n<\/ul>\n<h2>Como cuidar do seu sof\u00e1 em L<\/h2>\n<p><img decoding=\"async\" class=\"alignnone wp-image-45055 size-full\" title=\"Escolha um sof\u00e1 em ''L''\" src=\"https:\/\/www.aarquiteta.com.br\/blog\/wp-content\/uploads\/2022\/03\/Dicas-para-organizar-a-sala-em-L-3.jpg\" alt=\"Escolha um sof\u00e1 em ''L''\" width=\"700\" height=\"400\" srcset=\"https:\/\/www.aarquiteta.com.br\/blog\/wp-content\/uploads\/2022\/03\/Dicas-para-organizar-a-sala-em-L-3.jpg 700w, https:\/\/www.aarquiteta.com.br\/blog\/wp-content\/uploads\/2022\/03\/Dicas-para-organizar-a-sala-em-L-3-696x398.jpg 696w, https:\/\/www.aarquiteta.com.br\/blog\/wp-content\/uploads\/2022\/03\/Dicas-para-organizar-a-sala-em-L-3-150x86.jpg 150w\" sizes=\"(max-width: 700px) 100vw, 700px\" \/><\/p>\n<ul>\n<li>Limpeza regular: Aspire seu sof\u00e1 em L regularmente para remover poeira e detritos. Limpe manchas imediatamente com um pano \u00famido.<\/li>\n<li>Prote\u00e7\u00e3o: Proteja seu sof\u00e1 em L de raios solares diretos para evitar desbotamento e desgaste excessivo.<\/li>\n<\/ul>\n<\/div>\n<\/div>\n<\/div>\n<div class=\"flex justify-between\"><\/div>\n<\/div>\n<\/div>\n<\/div>\n<div class=\"group w-full text-gray-800 dark:text-gray-100 border-b border-black\/10 dark:border-gray-900\/50 bg-gray-50 dark:bg-[#444654]\">\n<div class=\"text-base gap-4 md:gap-6 md:max-w-2xl lg:max-w-2xl xl:max-w-3xl p-4 md:py-6 flex lg:px-0 m-auto\">\n<div class=\"relative flex w-[calc(100%-50px)] flex-col gap-1 md:gap-3 lg:w-[calc(100%-115px)]\">\n<div class=\"flex flex-grow flex-col gap-3\">\n<div class=\"min-h-[20px] flex flex-col items-start gap-4 whitespace-pre-wrap\">\n<div class=\"markdown prose w-full break-words dark:prose-invert dark\">\n<ul>\n<li>Virar almofadas: Vire as almofadas do seu sof\u00e1 em L regularmente para evitar que uma \u00e1rea espec\u00edfica seja usada em excesso e para manter uma apar\u00eancia uniforme.<\/li>\n<li>Tratamento de couro: Se voc\u00ea escolheu um sof\u00e1 em L de couro, trate-o regularmente com produtos de limpeza e hidrata\u00e7\u00e3o de couro para evitar rachaduras e desbotamento.<\/li>\n<li>Prote\u00e7\u00e3o contra animais de estima\u00e7\u00e3o: Se voc\u00ea tem animais de estima\u00e7\u00e3o em casa, considere proteger seu sof\u00e1 em L com capas de prote\u00e7\u00e3o ou escolha um material mais resistente a arranh\u00f5es e manchas.<\/li>\n<\/ul>\n<h2>Como combinar um sof\u00e1 em L com sua decora\u00e7\u00e3o.<\/h2>\n<ul>\n<li>Cores complementares: Escolha cores que complementem a decora\u00e7\u00e3o existente da sua sala de estar. Por exemplo, se suas paredes s\u00e3o azuis, um sof\u00e1 em L cinza pode complementar bem.<\/li>\n<li>Estilo de decora\u00e7\u00e3o: Certifique-se de que o estilo do seu sof\u00e1 em L combine com o estilo geral da sua decora\u00e7\u00e3o. Por exemplo, se voc\u00ea tem uma decora\u00e7\u00e3o moderna, um sof\u00e1 em L de design moderno pode complementar bem.<\/li>\n<li>Adicione almofadas e mantas: Adicione almofadas e mantas coloridas ou estampadas ao seu sof\u00e1 em L para torn\u00e1-lo mais aconchegante e complementar a decora\u00e7\u00e3o da sua sala de estar.<\/li>\n<\/ul>\n<h2>Conclus\u00e3o<\/h2>\n<p><img decoding=\"async\" class=\"alignnone wp-image-45054 size-full\" title=\"Tudo em seu lugar adequado\" src=\"https:\/\/www.aarquiteta.com.br\/blog\/wp-content\/uploads\/2022\/03\/Dicas-para-organizar-a-sala-em-L-2.jpg\" alt=\"Tudo em seu lugar adequado\" width=\"700\" height=\"400\" srcset=\"https:\/\/www.aarquiteta.com.br\/blog\/wp-content\/uploads\/2022\/03\/Dicas-para-organizar-a-sala-em-L-2.jpg 700w, https:\/\/www.aarquiteta.com.br\/blog\/wp-content\/uploads\/2022\/03\/Dicas-para-organizar-a-sala-em-L-2-696x398.jpg 696w, https:\/\/www.aarquiteta.com.br\/blog\/wp-content\/uploads\/2022\/03\/Dicas-para-organizar-a-sala-em-L-2-150x86.jpg 150w\" sizes=\"(max-width: 700px) 100vw, 700px\" \/><\/p>\n<p>Um sof\u00e1 em L pode ser uma \u00f3tima escolha para sua sala de estar, oferecendo mais espa\u00e7o de assento, flexibilidade na configura\u00e7\u00e3o e estilo personalizado. No entanto, \u00e9 importante considerar as desvantagens, como o tamanho e custo, antes de escolher um sof\u00e1 em L para sua casa.<\/p>\n<p>Ao escolher o sof\u00e1 em L perfeito para sua casa, lembre-se de medir sua sala de estar, escolher um estilo e material que atenda \u00e0s suas necessidades e cuidar dele regularmente para mant\u00ea-lo em bom estado.<\/p>\n<h2>Perguntas frequentes sobre Sof\u00e1 em L.<\/h2>\n<ol>\n<li>\n<h3>O sof\u00e1 em L \u00e9 adequado para salas de estar pequenas?<\/h3>\n<\/li>\n<\/ol>\n<ul>\n<li>Depende do tamanho da sala de estar e do tamanho do sof\u00e1 em L escolhido. \u00c9 importante medir a sala de estar e escolher um sof\u00e1 em L que se encaixe adequadamente.<\/li>\n<\/ul>\n<ol start=\"2\">\n<li>\n<h3>Qual \u00e9 o pre\u00e7o m\u00e9dio de um sof\u00e1 em L?<\/h3>\n<\/li>\n<\/ol>\n<ul>\n<li>O pre\u00e7o m\u00e9dio de um sof\u00e1 em L pode variar bastante, dependendo do tamanho, material e estilo escolhidos. Espere pagar entre R$ 2.500 e R$ 5.000 em m\u00e9dia.<\/li>\n<\/ul>\n<ol start=\"3\">\n<li>\n<h3>Como escolher a cor certa para um sof\u00e1 em L?<\/h3>\n<\/li>\n<\/ol>\n<ul>\n<li>Escolha uma cor que combine com a decora\u00e7\u00e3o existente da sua sala de estar e que seja dur\u00e1vel o suficiente para resistir a manchas e desgaste di\u00e1rio.<\/li>\n<\/ul>\n<ol start=\"4\">\n<li>\n<h3>Como limpar um sof\u00e1 em L?<\/h3>\n<\/li>\n<\/ol>\n<ul>\n<li>Aspire regularmente e limpe manchas imediatamente com um pano \u00famido. Se voc\u00ea tiver um sof\u00e1 em L de couro, trate-o regularmente com produtos de limpeza e hidrata\u00e7\u00e3o de couro.<\/li>\n<\/ul>\n<ol start=\"5\">\n<li>\n<h3>Qual \u00e9 o tamanho padr\u00e3o de um sof\u00e1 em L?<\/h3>\n<\/li>\n<\/ol>\n<ul>\n<li>N\u00e3o existe um tamanho padr\u00e3o para um sof\u00e1 em L, mas \u00e9 importante medir sua sala de estar para escolher um tamanho que se encaixe adequadamente. O tamanho pode variar dependendo do fabricante e do modelo escolhido. \u00c9 importante medir o espa\u00e7o dispon\u00edvel e escolher um sof\u00e1 em L que n\u00e3o seja muito grande para a sala de estar.<\/li>\n<\/ul>\n<\/div>\n<\/div>\n<\/div>\n<div class=\"flex justify-between\"><\/div>\n<\/div>\n<\/div>\n<\/div>\n<div class=\"group w-full text-gray-800 dark:text-gray-100 border-b border-black\/10 dark:border-gray-900\/50 bg-gray-50 dark:bg-[#444654]\">\n<div class=\"text-base gap-4 md:gap-6 md:max-w-2xl lg:max-w-2xl xl:max-w-3xl p-4 md:py-6 flex lg:px-0 m-auto\">\n<div class=\"relative flex w-[calc(100%-50px)] flex-col gap-1 md:gap-3 lg:w-[calc(100%-115px)]\">\n<div class=\"flex flex-grow flex-col gap-3\">\n<div class=\"min-h-[20px] flex flex-col items-start gap-4 whitespace-pre-wrap\">\n<div class=\"markdown prose w-full break-words dark:prose-invert dark\">\n<ol start=\"6\">\n<li>\n<h3>Qual \u00e9 o melhor material para um sof\u00e1 em L?<\/h3>\n<\/li>\n<\/ol>\n<ul>\n<li>O melhor material para um sof\u00e1 em L depende das suas necessidades e prefer\u00eancias pessoais. Tecidos como veludo e couro s\u00e3o populares para sof\u00e1s em L devido \u00e0 sua durabilidade e apar\u00eancia atraente. Considere suas necessidades de conforto e facilidade de limpeza ao escolher o material para o seu sof\u00e1 em L.<\/li>\n<\/ul>\n<ol start=\"7\">\n<li>\n<h3>O sof\u00e1 em L pode ser usado como cama?<\/h3>\n<\/li>\n<\/ol>\n<ul>\n<li>Alguns modelos de sof\u00e1s em L conseguem se transformar em uma cama, tornando-o uma op\u00e7\u00e3o vers\u00e1til para uma sala de estar ou um quarto de h\u00f3spedes. Verifique com o fabricante ou vendedor antes de comprar para determinar se o sof\u00e1 em L escolhido pode ser usado como cama.<\/li>\n<\/ul>\n<\/div>\n<\/div>\n<\/div>\n<\/div>\n<\/div>\n<\/div>\n<h3><strong>E a\u00ed, gostou do artigo sobre Sof\u00e1 em L \u2014 Como projetar uma sala em &#8221;L&#8221;?<\/strong><\/h3>\n<p>Ent\u00e3o deslize a tela para baixo e<a href=\"https:\/\/br.pinterest.com\/aarquitetapinterest\/_created\/\" target=\"_blank\" rel=\"noopener\"> confira mais dicas<\/a> como esta e n\u00e3o se esque\u00e7a de compartilhar com os amigos!<\/p>\n<p>Quer mais dicas sobre o mundo da Arquitetura e Decora\u00e7\u00e3o? Ent\u00e3o decore f\u00e1cil sem mist\u00e9rios, confira alguns dos nossos artigos em:<\/p>\n<ul>\n<li style=\"list-style-type: none;\">\n<ul>\n<li><a href=\"https:\/\/www.aarquiteta.com.br\/blog\/paisagismo\/\" target=\"_blank\" rel=\"noopener\">Casa e Jardim<\/a><\/li>\n<li><a href=\"https:\/\/www.aarquiteta.com.br\/blog\/arquitetura\/mundo-arquitetura\/\" target=\"_blank\" rel=\"noopener\">Mundo Arquitetura<\/a><\/li>\n<li><a href=\"https:\/\/www.aarquiteta.com.br\/decoracao\/\" target=\"_blank\" rel=\"noopener\">Decora\u00e7\u00e3o<br \/>\n<\/a><\/li>\n<\/ul>\n<\/li>\n<\/ul>\n<p>&nbsp;<\/p>\n","protected":false},"excerpt":{"rendered":"<p>Encontre dicas essenciais para escolher o sof\u00e1 em &#8220;L&#8221; perfeito para sua casa, aproveitando o espa\u00e7o e garantindo o m\u00e1ximo de conforto e estilo. Se voc\u00ea est\u00e1 procurando um sof\u00e1 confort\u00e1vel e elegante para sua sala de estar, n\u00e3o precisa procurar mais al\u00e9m de um sof\u00e1 em L. Com sua forma \u00fanica, esses sof\u00e1s s\u00e3o [&hellip;]<\/p>\n","protected":false},"author":102,"featured_media":45057,"comment_status":"closed","ping_status":"closed","sticky":false,"template":"","format":"standard","meta":{"footnotes":""},"categories":[1484,18751,35382],"tags":[3966,27677,14417,23546,14418,14419,27678,27671,27676,27672,27675,27680,27670,27682,27681,27674,27673,27679],"class_list":["post-45051","post","type-post","status-publish","format-standard","has-post-thumbnail","category-decoracao","category-decoracao-sala-de-estar","category-sofas-e-poltronas","tag-decoracao-de-interiores","tag-design-de-sala-de-estar","tag-dicas-para-organizar-a-sala-em-l","tag-moveis-para-sala","tag-organizar-a-sala-em-l","tag-sala-em-l","tag-sofa-confortavel","tag-sofa-de-canto","tag-sofa-de-couro","tag-sofa-de-dois-lugares","tag-sofa-de-tecido","tag-sofa-de-tres-lugares","tag-sofa-em-l","tag-sofa-em-l-grande","tag-sofa-em-l-pequeno","tag-sofa-modular","tag-sofa-retratil","tag-sofas-modernos"],"_wp_attached_file":null,"_wp_attachment_metadata":null,"_wp_attachment_context":null,"_wp_attachment_is_custom_header":null,"geo_longitude":null,"geo_public":null,"geo_latitude":null,"_publicize_done_external":null,"_wpas_done_3897181":null,"publicize_twitter_user":null,"_wpas_done_3897175":null,"_wpas_skip_3897181":null,"_wpas_skip_3897175":null,"_wpas_skip_3924723":null,"_wpas_mess":null,"_wpas_done_3924723":null,"wps_subtitle":"Encontre dicas essenciais para escolher o sof\u00e1 em \u201cL\u201d perfeito para sua casa, aproveitando o espa\u00e7o e garantindo o m\u00e1ximo de conforto e estilo.","_links":{"self":[{"href":"https:\/\/www.aarquiteta.com.br\/blog\/wp-json\/wp\/v2\/posts\/45051","targetHints":{"allow":["GET"]}}],"collection":[{"href":"https:\/\/www.aarquiteta.com.br\/blog\/wp-json\/wp\/v2\/posts"}],"about":[{"href":"https:\/\/www.aarquiteta.com.br\/blog\/wp-json\/wp\/v2\/types\/post"}],"author":[{"embeddable":true,"href":"https:\/\/www.aarquiteta.com.br\/blog\/wp-json\/wp\/v2\/users\/102"}],"replies":[{"embeddable":true,"href":"https:\/\/www.aarquiteta.com.br\/blog\/wp-json\/wp\/v2\/comments?post=45051"}],"version-history":[{"count":0,"href":"https:\/\/www.aarquiteta.com.br\/blog\/wp-json\/wp\/v2\/posts\/45051\/revisions"}],"wp:featuredmedia":[{"embeddable":true,"href":"https:\/\/www.aarquiteta.com.br\/blog\/wp-json\/wp\/v2\/media\/45057"}],"wp:attachment":[{"href":"https:\/\/www.aarquiteta.com.br\/blog\/wp-json\/wp\/v2\/media?parent=45051"}],"wp:term":[{"taxonomy":"category","embeddable":true,"href":"https:\/\/www.aarquiteta.com.br\/blog\/wp-json\/wp\/v2\/categories?post=45051"},{"taxonomy":"post_tag","embeddable":true,"href":"https:\/\/www.aarquiteta.com.br\/blog\/wp-json\/wp\/v2\/tags?post=45051"}],"curies":[{"name":"wp","href":"https:\/\/api.w.org\/{rel}","templated":true}]}}