{"id":44842,"date":"2023-03-20T12:00:11","date_gmt":"2023-03-20T15:00:11","guid":{"rendered":"http:\/\/aarquiteta.com.br\/?p=44842"},"modified":"2023-07-18T13:07:44","modified_gmt":"2023-07-18T16:07:44","slug":"sala-de-estar-e-jantar-integradas-dicas-de-decoracao-e-organizacao","status":"publish","type":"post","link":"https:\/\/www.aarquiteta.com.br\/blog\/sala-de-estar-e-jantar-integradas-dicas-de-decoracao-e-organizacao\/","title":{"rendered":"Sala de Estar e Jantar Integradas: Design Moderno e Pr\u00e1tico"},"content":{"rendered":"<p>Descubra dicas incr\u00edveis para otimizar seu espa\u00e7o e criar ambientes aconchegantes e funcionais.<\/p>\n<p>A integra\u00e7\u00e3o da <strong>sala de estar e jantar<\/strong> tem se tornado cada vez mais popular em projetos de interiores, tanto em casas quanto em apartamentos. Essa tend\u00eancia reflete a busca por ambientes mais funcionais e aconchegantes, que proporcionem maior intera\u00e7\u00e3o social e melhor aproveitamento dos espa\u00e7os dispon\u00edveis.<\/p>\n<h3><img decoding=\"async\" class=\"alignnone wp-image-44961 size-full\" style=\"text-align: center; color: #222222; font-family: Verdana, BlinkMacSystemFont, -apple-system, 'Segoe UI', Roboto, Oxygen, Ubuntu, Cantarell, 'Open Sans', 'Helvetica Neue', sans-serif; font-size: 15px;\" title=\"Sala de Estar e Jantar integradas - Como decorar ambientes integrados?\" src=\"https:\/\/www.aarquiteta.com.br\/blog\/wp-content\/uploads\/2022\/03\/Dicas-de-como-fazer-uma-sala-com-dois-ambientes.2.jpg\" alt=\"Sala de Estar e Jantar integradas - Como decorar ambientes integrados?\" width=\"700\" height=\"400\" srcset=\"https:\/\/www.aarquiteta.com.br\/blog\/wp-content\/uploads\/2022\/03\/Dicas-de-como-fazer-uma-sala-com-dois-ambientes.2.jpg 700w, https:\/\/www.aarquiteta.com.br\/blog\/wp-content\/uploads\/2022\/03\/Dicas-de-como-fazer-uma-sala-com-dois-ambientes.2-696x398.jpg 696w, https:\/\/www.aarquiteta.com.br\/blog\/wp-content\/uploads\/2022\/03\/Dicas-de-como-fazer-uma-sala-com-dois-ambientes.2-150x86.jpg 150w\" sizes=\"(max-width: 700px) 100vw, 700px\" \/><\/h3>\n<p>Sala de Estar e Jantar Integradas: Design Moderno e Pr\u00e1tico.<\/p>\n<h2><strong>Benef\u00edcios da integra\u00e7\u00e3o<\/strong><\/h2>\n<h3><strong>Economia de espa\u00e7o<\/strong><\/h3>\n<p>Uma das principais vantagens de integrar esses dois ambientes \u00e9 a economia de espa\u00e7o. Com a elimina\u00e7\u00e3o de paredes e a disposi\u00e7\u00e3o mais inteligente dos m\u00f3veis, voc\u00ea pode aproveitar melhor cada cent\u00edmetro do seu lar, tornando-o mais amplo e confort\u00e1vel.<\/p>\n<h3><strong>Estilo e design<\/strong><\/h3>\n<p>A integra\u00e7\u00e3o da sala de estar e jantar permite uma maior flexibilidade na hora de escolher a decora\u00e7\u00e3o. Com menos barreiras f\u00edsicas, \u00e9 poss\u00edvel criar um ambiente harmonioso e agrad\u00e1vel, que reflita a personalidade dos moradores.<\/p>\n<h3><strong>Maior intera\u00e7\u00e3o social<\/strong><\/h3>\n<p>Com a integra\u00e7\u00e3o das salas, a intera\u00e7\u00e3o entre os moradores e convidados se torna muito mais flu\u00edda e din\u00e2mica, facilitando a conviv\u00eancia e a troca de experi\u00eancias no dia a dia.<\/p>\n<figure id=\"attachment_44963\" aria-describedby=\"caption-attachment-44963\" style=\"width: 700px\" class=\"wp-caption alignnone\"><img decoding=\"async\" class=\"wp-image-44963 size-full\" title=\"Sala de Estar e Jantar integradas - Como decorar ambientes integrados?\" src=\"https:\/\/www.aarquiteta.com.br\/blog\/wp-content\/uploads\/2022\/03\/Dicas-de-como-fazer-uma-sala-com-dois-ambientes.3.jpg\" alt=\"Sala de Estar e Jantar integradas - Como decorar ambientes integrados?\" width=\"700\" height=\"400\" srcset=\"https:\/\/www.aarquiteta.com.br\/blog\/wp-content\/uploads\/2022\/03\/Dicas-de-como-fazer-uma-sala-com-dois-ambientes.3.jpg 700w, https:\/\/www.aarquiteta.com.br\/blog\/wp-content\/uploads\/2022\/03\/Dicas-de-como-fazer-uma-sala-com-dois-ambientes.3-696x398.jpg 696w, https:\/\/www.aarquiteta.com.br\/blog\/wp-content\/uploads\/2022\/03\/Dicas-de-como-fazer-uma-sala-com-dois-ambientes.3-150x86.jpg 150w\" sizes=\"(max-width: 700px) 100vw, 700px\" \/><figcaption id=\"caption-attachment-44963\" class=\"wp-caption-text\">Sala de Estar e Jantar integradas &#8211; Como decorar ambientes integrados?<\/figcaption><\/figure>\n<h2><strong>Dicas para integrar com sucesso.<\/strong><\/h2>\n<h3><strong>Delimita\u00e7\u00e3o de \u00e1reas<\/strong><\/h3>\n<p>Mesmo com a integra\u00e7\u00e3o, \u00e9 importante delimitar as \u00e1reas de cada ambiente. Algumas estrat\u00e9gias para isso incluem:<\/p>\n<h3><strong>Uso de cores e texturas.<\/strong><\/h3>\n<p>Utilize cores e texturas diferentes no piso, paredes ou m\u00f3veis para criar uma divis\u00e3o visual entre os ambientes. Isso ajudar\u00e1 a manter a organiza\u00e7\u00e3o e a funcionalidade do espa\u00e7o.<\/p>\n<h3><strong>M\u00f3veis funcionais<\/strong><\/h3>\n<p>M\u00f3veis como estantes, aparadores e sof\u00e1s podem servir como divis\u00f3rias entre a sala de estar e jantar. Al\u00e9m disso, eles tamb\u00e9m contribuem para a organiza\u00e7\u00e3o e decora\u00e7\u00e3o do ambiente.<\/p>\n<h3><strong>Ilumina\u00e7\u00e3o<\/strong><\/h3>\n<p>A ilumina\u00e7\u00e3o \u00e9 um elemento crucial na delimita\u00e7\u00e3o dos espa\u00e7os. Utilize diferentes tipos de ilumina\u00e7\u00e3o, como pendentes, lustres e lumin\u00e1rias, para destacar as \u00e1reas de estar e jantar.<\/p>\n<h3><strong>Estilos de decora\u00e7\u00e3o<\/strong><\/h3>\n<p>Ao integrar a sala de estar e jantar, \u00e9 poss\u00edvel explorar diversos estilos de decora\u00e7\u00e3o, como:<\/p>\n<h3><strong>Moderno<\/strong><\/h3>\n<p>Para um estilo moderno, aposte em linhas retas, cores neutras e materiais como vidro e metal. M\u00f3veis planejados tamb\u00e9m s\u00e3o uma \u00f3tima op\u00e7\u00e3o para otimizar o espa\u00e7o e garantir uma decora\u00e7\u00e3o contempor\u00e2nea.<\/p>\n<h3><strong>R\u00fastico<\/strong><\/h3>\n<p>O estilo r\u00fastico combina elementos naturais como madeira, pedra e fibras, criando um ambiente aconchegante e acolhedor. Para conseguir esse efeito, invista em m\u00f3veis de madeira, tecidos naturais e objetos de decora\u00e7\u00e3o com texturas r\u00fasticas.<\/p>\n<h3><strong>Industrial<\/strong><\/h3>\n<p>O estilo industrial, inspirado nos lofts nova-iorquinos, utiliza materiais como concreto, tijolos aparentes e metal para criar um ambiente despojado e urbano.<\/p>\n<p>Lumin\u00e1rias pendentes, m\u00f3veis de metal e paredes de tijolo s\u00e3o algumas das caracter\u00edsticas desse estilo.<\/p>\n<p><img decoding=\"async\" class=\"alignnone wp-image-44964 size-full\" title=\"Sala de Estar e Jantar Integradas: Design Moderno e Pr\u00e1tico\" src=\"https:\/\/www.aarquiteta.com.br\/blog\/wp-content\/uploads\/2022\/03\/Dicas-de-como-fazer-uma-sala-com-dois-ambientes.4.jpg\" alt=\"Sala de Estar e Jantar Integradas: Design Moderno e Pr\u00e1tico\" width=\"700\" height=\"400\" srcset=\"https:\/\/www.aarquiteta.com.br\/blog\/wp-content\/uploads\/2022\/03\/Dicas-de-como-fazer-uma-sala-com-dois-ambientes.4.jpg 700w, https:\/\/www.aarquiteta.com.br\/blog\/wp-content\/uploads\/2022\/03\/Dicas-de-como-fazer-uma-sala-com-dois-ambientes.4-696x398.jpg 696w, https:\/\/www.aarquiteta.com.br\/blog\/wp-content\/uploads\/2022\/03\/Dicas-de-como-fazer-uma-sala-com-dois-ambientes.4-150x86.jpg 150w\" sizes=\"(max-width: 700px) 100vw, 700px\" \/><\/p>\n<h2><strong>Erros comuns a evitar<\/strong><\/h2>\n<p>Ao integrar a sala de estar e jantar, fique atento a alguns erros comuns que podem comprometer o resultado do seu projeto:<\/p>\n<ol>\n<li>N\u00e3o delimitar os espa\u00e7os adequadamente, o que pode causar confus\u00e3o e desorganiza\u00e7\u00e3o.<\/li>\n<li>Utilizar m\u00f3veis muito grandes ou mal posicionados, dificultando a circula\u00e7\u00e3o e a funcionalidade do ambiente.<\/li>\n<li>Exagerar na quantidade de objetos de decora\u00e7\u00e3o, deixando o espa\u00e7o sobrecarregado e pouco funcional.<\/li>\n<li>Ignorar a ilumina\u00e7\u00e3o, fundamental para criar um ambiente aconchegante e bem dividido.<\/li>\n<\/ol>\n<h2><strong>Conclus\u00e3o<\/strong><\/h2>\n<p>Integrar a sala de estar e jantar pode ser uma excelente op\u00e7\u00e3o para otimizar o espa\u00e7o e promover uma maior intera\u00e7\u00e3o social.<\/p>\n<p>Com planejamento, criatividade e aten\u00e7\u00e3o aos detalhes, voc\u00ea pode criar um ambiente bonito, funcional e agrad\u00e1vel para desfrutar com sua fam\u00edlia e amigos.<\/p>\n<p>Seguindo essas dicas e ideias, voc\u00ea poder\u00e1 criar uma sala de estar e jantar integradas que seja n\u00e3o apenas bonita e estilosa, mas tamb\u00e9m funcional, acess\u00edvel e adaptada \u00e0s necessidades de todos os moradores e convidados.<\/p>\n<p>Com planejamento, criatividade e aten\u00e7\u00e3o aos detalhes, seu lar se tornar\u00e1 um espa\u00e7o verdadeiramente acolhedor, agrad\u00e1vel e convidativo para compartilhar momentos especiais com a fam\u00edlia e amigos.<\/p>\n<h2><strong>Perguntas frequentes<\/strong><\/h2>\n<p><strong>\u00c9 poss\u00edvel integrar a sala de estar e jantar em ambientes pequenos?<\/strong><\/p>\n<p>Sim, a integra\u00e7\u00e3o \u00e9 especialmente ben\u00e9fica em ambientes pequenos, pois ajuda a aproveitar melhor o espa\u00e7o e criar uma sensa\u00e7\u00e3o de amplitude.<\/p>\n<h3><strong>Como posso dividir a sala de estar e jantar sem construir paredes?<\/strong><\/h3>\n<p>Utilize m\u00f3veis como estantes, aparadores e sof\u00e1s para criar uma divis\u00e3o visual e funcional entre os ambientes. Al\u00e9m disso, voc\u00ea pode usar cores, texturas e ilumina\u00e7\u00e3o diferentes para delimitar as \u00e1reas.<\/p>\n<h3><strong>Posso misturar estilos de decora\u00e7\u00e3o na sala de estar e jantar integradas?<\/strong><\/h3>\n<p>Sim, \u00e9 poss\u00edvel misturar estilos de decora\u00e7\u00e3o, desde que haja harmonia e equil\u00edbrio entre os elementos. Evite exagerar na quantidade de objetos e cores para n\u00e3o sobrecarregar o ambiente.<\/p>\n<h3><strong>Como escolher a ilumina\u00e7\u00e3o adequada para uma sala de estar e jantar integradas?<\/strong><\/h3>\n<p>A ilumina\u00e7\u00e3o deve ser pensada segundo as atividades realizadas em cada \u00e1rea. Na sala de jantar, invista em pendentes ou lustres para criar um clima aconchegante.<\/p>\n<p>J\u00e1 na sala de estar, opte por lumin\u00e1rias e abajures que proporcionem uma luz mais suave e indireta.<\/p>\n<h3><strong>Quais s\u00e3o as tend\u00eancias de decora\u00e7\u00e3o para salas de estar e jantar integradas? <\/strong><\/h3>\n<p>Algumas tend\u00eancias de decora\u00e7\u00e3o para salas de estar e jantar integradas incluem:<\/p>\n<ul>\n<li>Uso de cores vibrantes e contrastantes, para dar personalidade ao ambiente.<\/li>\n<li>M\u00f3veis multifuncionais, que otimizam o espa\u00e7o e facilitam a organiza\u00e7\u00e3o.<\/li>\n<li>Biophilic design, que tem em vista trazer elementos da natureza para dentro de casa, utilizando plantas, madeira e outras texturas naturais.<\/li>\n<li>Paredes e objetos de arte como pontos focais, que acrescentam sofistica\u00e7\u00e3o e estilo aos ambientes.<\/li>\n<li>Sustentabilidade na escolha dos materiais e objetos de decora\u00e7\u00e3o, priorizando o uso de materiais reciclados, reutilizados ou de baixo impacto ambiental.<\/li>\n<\/ul>\n<h2>E a\u00ed, gostou do artigo sobre Sala de Estar e Jantar Integradas: Design Moderno e Pr\u00e1tico?<\/h2>\n<p>Ent\u00e3o deslize a tela para baixo e<a href=\"https:\/\/br.pinterest.com\/aarquitetapinterest\/_created\/\" target=\"_blank\" rel=\"noopener\"> confira mais dicas<\/a> como esta e n\u00e3o se esque\u00e7a de compartilhar com os amigos!<\/p>\n<p>Quer mais dicas sobre o mundo da Arquitetura e Decora\u00e7\u00e3o? Ent\u00e3o decore f\u00e1cil sem mist\u00e9rios, confira alguns dos nossos artigos em:<\/p>\n<ul>\n<li style=\"list-style-type: none;\">\n<ul>\n<li><a href=\"https:\/\/www.aarquiteta.com.br\/blog\/paisagismo\/\" target=\"_blank\" rel=\"noopener\">Casa e Jardim<\/a><\/li>\n<li><a href=\"https:\/\/www.aarquiteta.com.br\/blog\/arquitetura\/mundo-arquitetura\/\" target=\"_blank\" rel=\"noopener\">Mundo Arquitetura<\/a><\/li>\n<li><a href=\"https:\/\/www.aarquiteta.com.br\/decoracao\/\" target=\"_blank\" rel=\"noopener\">Decora\u00e7\u00e3o<br \/>\n<\/a><\/li>\n<\/ul>\n<\/li>\n<\/ul>\n<p>&nbsp;<\/p>\n","protected":false},"excerpt":{"rendered":"<p>Descubra dicas incr\u00edveis para otimizar seu espa\u00e7o e criar ambientes aconchegantes e funcionais. A integra\u00e7\u00e3o da sala de estar e jantar tem se tornado cada vez mais popular em projetos de interiores, tanto em casas quanto em apartamentos. Essa tend\u00eancia reflete a busca por ambientes mais funcionais e aconchegantes, que proporcionem maior intera\u00e7\u00e3o social e [&hellip;]<\/p>\n","protected":false},"author":102,"featured_media":44960,"comment_status":"closed","ping_status":"closed","sticky":false,"template":"","format":"standard","meta":{"footnotes":""},"categories":[18751],"tags":[27762,27765,27763,27764,27761],"class_list":["post-44842","post","type-post","status-publish","format-standard","has-post-thumbnail","category-decoracao-sala-de-estar","tag-cores-sala-estar-jantar-integrada","tag-decoracao-sala-estar-jantar-integrada","tag-iluminacao-sala-estar-jantar-integrada","tag-moveis-sala-estar-jantar-integrada","tag-pisos-sala-estar-jantar-integrada"],"_wp_attached_file":null,"_wp_attachment_metadata":null,"_wp_attachment_context":null,"_wp_attachment_is_custom_header":null,"geo_longitude":null,"geo_public":null,"geo_latitude":null,"_publicize_done_external":null,"_wpas_done_3897181":null,"publicize_twitter_user":null,"_wpas_done_3897175":null,"_wpas_skip_3897181":null,"_wpas_skip_3897175":null,"_wpas_skip_3924723":null,"_wpas_mess":null,"_wpas_done_3924723":null,"wps_subtitle":"Descubra dicas incr\u00edveis para otimizar seu espa\u00e7o e criar ambientes aconchegantes e funcionais.","_links":{"self":[{"href":"https:\/\/www.aarquiteta.com.br\/blog\/wp-json\/wp\/v2\/posts\/44842","targetHints":{"allow":["GET"]}}],"collection":[{"href":"https:\/\/www.aarquiteta.com.br\/blog\/wp-json\/wp\/v2\/posts"}],"about":[{"href":"https:\/\/www.aarquiteta.com.br\/blog\/wp-json\/wp\/v2\/types\/post"}],"author":[{"embeddable":true,"href":"https:\/\/www.aarquiteta.com.br\/blog\/wp-json\/wp\/v2\/users\/102"}],"replies":[{"embeddable":true,"href":"https:\/\/www.aarquiteta.com.br\/blog\/wp-json\/wp\/v2\/comments?post=44842"}],"version-history":[{"count":0,"href":"https:\/\/www.aarquiteta.com.br\/blog\/wp-json\/wp\/v2\/posts\/44842\/revisions"}],"wp:featuredmedia":[{"embeddable":true,"href":"https:\/\/www.aarquiteta.com.br\/blog\/wp-json\/wp\/v2\/media\/44960"}],"wp:attachment":[{"href":"https:\/\/www.aarquiteta.com.br\/blog\/wp-json\/wp\/v2\/media?parent=44842"}],"wp:term":[{"taxonomy":"category","embeddable":true,"href":"https:\/\/www.aarquiteta.com.br\/blog\/wp-json\/wp\/v2\/categories?post=44842"},{"taxonomy":"post_tag","embeddable":true,"href":"https:\/\/www.aarquiteta.com.br\/blog\/wp-json\/wp\/v2\/tags?post=44842"}],"curies":[{"name":"wp","href":"https:\/\/api.w.org\/{rel}","templated":true}]}}