{"id":4448,"date":"2014-12-19T08:43:04","date_gmt":"2014-12-19T11:43:04","guid":{"rendered":"http:\/\/aarquiteta.com.br\/?p=4448"},"modified":"2024-09-04T17:21:17","modified_gmt":"2024-09-04T20:21:17","slug":"exercicio-prova-sketchup-e-v-ray-de-willian-lakner-eugenio","status":"publish","type":"post","link":"https:\/\/www.aarquiteta.com.br\/blog\/exercicio-prova-sketchup-e-v-ray-de-willian-lakner-eugenio\/","title":{"rendered":"Exerc\u00edcio Prova SketchUp e V-Ray"},"content":{"rendered":"<p>O ano nem terminou, mas ainda tenho mais exerc\u00edcios prova de alunos para postar.<\/p><p>E mais uma vez impressionada fiquei com o exerc\u00edcio prova de\u00a0<a href=\"https:\/\/www.facebook.com\/willian.lakner\" target=\"_blank\" rel=\"noopener\">WILLIAN LAKNER EUGENIO<\/a>\u00a0que adquiriu o\u00a0<a href=\"https:\/\/www.aarquiteta.com.br\/formacao-arquitetura-premium-novo-pacote-8\/\" target=\"_blank\" rel=\"noopener\">FORMA\u00c7\u00c3O ARQUITETURA PREMIUM<\/a>. Mas como no Pacote tem 8 Curso ele nos enviou os exerc\u00edcios de\u00a0<a href=\"https:\/\/www.aarquiteta.com.br\/curso-de-sketchup-pro-render-vray\/\" target=\"_blank\" rel=\"noopener\">SKETCHUP PRO + RENDER V-RAY<\/a>.<\/p><p>Olha como ele, com sua dedica\u00e7\u00e3o conseguiu elaborar lindas imagens!!<\/p><p><a href=\"https:\/\/www.aarquiteta.com.br\/blog\/wp-content\/uploads\/2014\/12\/01-exercicio-prova-sketchup-vray-aarquiteta.jpg\"><img decoding=\"async\" class=\"aligncenter size-large wp-image-4449\" src=\"https:\/\/www.aarquiteta.com.br\/blog\/wp-content\/uploads\/2014\/12\/01-exercicio-prova-sketchup-vray-aarquiteta-1024x768.jpg\" alt=\"sketchup\" width=\"660\" height=\"495\" title=\"\" srcset=\"https:\/\/www.aarquiteta.com.br\/blog\/wp-content\/uploads\/2014\/12\/01-exercicio-prova-sketchup-vray-aarquiteta-1024x768.jpg 1024w, https:\/\/www.aarquiteta.com.br\/blog\/wp-content\/uploads\/2014\/12\/01-exercicio-prova-sketchup-vray-aarquiteta-696x522.jpg 696w, https:\/\/www.aarquiteta.com.br\/blog\/wp-content\/uploads\/2014\/12\/01-exercicio-prova-sketchup-vray-aarquiteta-150x113.jpg 150w, https:\/\/www.aarquiteta.com.br\/blog\/wp-content\/uploads\/2014\/12\/01-exercicio-prova-sketchup-vray-aarquiteta.jpg 1500w\" sizes=\"(max-width: 660px) 100vw, 660px\" \/><\/a><\/p><p><a href=\"https:\/\/www.aarquiteta.com.br\/blog\/wp-content\/uploads\/2014\/12\/02-exercicio-prova-sketchup-vray-aarquiteta.jpg\"><img decoding=\"async\" class=\"aligncenter size-large wp-image-4450\" src=\"https:\/\/www.aarquiteta.com.br\/blog\/wp-content\/uploads\/2014\/12\/02-exercicio-prova-sketchup-vray-aarquiteta-1024x768.jpg\" alt=\"sketchup 2\" width=\"660\" height=\"495\" title=\"\" srcset=\"https:\/\/www.aarquiteta.com.br\/blog\/wp-content\/uploads\/2014\/12\/02-exercicio-prova-sketchup-vray-aarquiteta-1024x768.jpg 1024w, https:\/\/www.aarquiteta.com.br\/blog\/wp-content\/uploads\/2014\/12\/02-exercicio-prova-sketchup-vray-aarquiteta-696x522.jpg 696w, https:\/\/www.aarquiteta.com.br\/blog\/wp-content\/uploads\/2014\/12\/02-exercicio-prova-sketchup-vray-aarquiteta-150x113.jpg 150w, https:\/\/www.aarquiteta.com.br\/blog\/wp-content\/uploads\/2014\/12\/02-exercicio-prova-sketchup-vray-aarquiteta.jpg 1500w\" sizes=\"(max-width: 660px) 100vw, 660px\" \/><\/a><\/p><p><a href=\"https:\/\/www.aarquiteta.com.br\/blog\/wp-content\/uploads\/2014\/12\/03-exercicio-prova-sketchup-vray-aarquiteta.jpg\"><img decoding=\"async\" class=\"aligncenter size-large wp-image-4451\" src=\"https:\/\/www.aarquiteta.com.br\/blog\/wp-content\/uploads\/2014\/12\/03-exercicio-prova-sketchup-vray-aarquiteta-1024x442.jpg\" alt=\"vray\" width=\"660\" height=\"284\" title=\"\" srcset=\"https:\/\/www.aarquiteta.com.br\/blog\/wp-content\/uploads\/2014\/12\/03-exercicio-prova-sketchup-vray-aarquiteta-1024x442.jpg 1024w, https:\/\/www.aarquiteta.com.br\/blog\/wp-content\/uploads\/2014\/12\/03-exercicio-prova-sketchup-vray-aarquiteta-696x301.jpg 696w, https:\/\/www.aarquiteta.com.br\/blog\/wp-content\/uploads\/2014\/12\/03-exercicio-prova-sketchup-vray-aarquiteta-150x65.jpg 150w, https:\/\/www.aarquiteta.com.br\/blog\/wp-content\/uploads\/2014\/12\/03-exercicio-prova-sketchup-vray-aarquiteta.jpg 1500w\" sizes=\"(max-width: 660px) 100vw, 660px\" \/><\/a><\/p><p><a href=\"https:\/\/www.aarquiteta.com.br\/blog\/wp-content\/uploads\/2014\/12\/04-exercicio-prova-sketchup-vray-aarquiteta.jpg\"><img decoding=\"async\" class=\"aligncenter size-large wp-image-4452\" src=\"https:\/\/www.aarquiteta.com.br\/blog\/wp-content\/uploads\/2014\/12\/04-exercicio-prova-sketchup-vray-aarquiteta-1024x442.jpg\" alt=\"v-ray\" width=\"660\" height=\"284\" title=\"\" srcset=\"https:\/\/www.aarquiteta.com.br\/blog\/wp-content\/uploads\/2014\/12\/04-exercicio-prova-sketchup-vray-aarquiteta-1024x442.jpg 1024w, https:\/\/www.aarquiteta.com.br\/blog\/wp-content\/uploads\/2014\/12\/04-exercicio-prova-sketchup-vray-aarquiteta-696x301.jpg 696w, https:\/\/www.aarquiteta.com.br\/blog\/wp-content\/uploads\/2014\/12\/04-exercicio-prova-sketchup-vray-aarquiteta-150x65.jpg 150w, https:\/\/www.aarquiteta.com.br\/blog\/wp-content\/uploads\/2014\/12\/04-exercicio-prova-sketchup-vray-aarquiteta.jpg 1500w\" sizes=\"(max-width: 660px) 100vw, 660px\" \/><\/a><\/p><p>&nbsp;<\/p><p>Para quem que n\u00e3o sabe a <a href=\"https:\/\/www.aarquiteta.com.br\/formacao-arquitetura-premium-novo-pacote-8\/\" target=\"_blank\" rel=\"noopener\">FORMA\u00c7\u00c3O ARQUITETURA PREMIUM<\/a>tem 8 cursos, e n\u00e3o \u00e9 dado apenas um certificado para tudo.<\/p><p>Cada curso tem seu certificado. Aqui no mural voc\u00eas v\u00e3o ver que tem aluno que aparece mais de uma vez, por fazer a Forma\u00e7\u00e3o.<\/p><p>Se ainda tem d\u00favida sobre como conseguir o seu certificado acesse o<a href=\"https:\/\/www.aarquiteta.com.br\/blog\/carreira-profissional\/certificacao-de-conclusao-abed\/\" target=\"_blank\" rel=\"noopener\"> <strong>LINK <\/strong><\/a>e saiba tudo como a certifica\u00e7\u00e3o dos cursos!<\/p><p>Acesse a <a href=\"https:\/\/www.aarquiteta.com.br\/loja\"><strong>NOSSA LOJA DE CURSOS<\/strong><\/a> e conhe\u00e7a outros cursos que podem dar um UP em sua carreira e em seu curr\u00edculo!<\/p><p>Continuem me acompanhe no blog, pois temos sempre\u00a0 muita informa\u00e7\u00e3o curso de arquitetura online gratuito e em DVD para voc\u00ea que quer manter informado no mundo da Arquitetura.<\/p><p>Para acompanhar meu trabalho e ficar por dentro das dicas da A Arquiteta, bem como de novos <a href=\"https:\/\/www.aarquiteta.com.br\/blog\/cursos-de-arquitetura-e-decoracao\/cursos-livres-de-arquitetura\/\" class=\"ilj-generated-link\">cursos livres<\/a> para arquitetura, tutoriais e e-books, voc\u00ea pode se inscrever em nosso site <strong>assinando o informativo <\/strong>no nosso blog no rodap\u00e9 do nosso site.<\/p><p>Voc\u00ea receber\u00e1 material com dicas exclusivas e gratuitas de cursos para arquitetura a dist\u00e2ncia com exclusividade em seu e-mail, seremos seu guia do estudante!<\/p><div class=\"mceTemp\"><\/div>","protected":false},"excerpt":{"rendered":"<p>O ano nem terminou, mas ainda tenho mais exerc\u00edcios prova de alunos para postar.E mais uma vez impressionada fiquei com o exerc\u00edcio prova de\u00a0WILLIAN LAKNER EUGENIO\u00a0que adquiriu o\u00a0FORMA\u00c7\u00c3O ARQUITETURA PREMIUM. Mas como no Pacote tem 8 Curso ele nos enviou os exerc\u00edcios de\u00a0SKETCHUP PRO + RENDER V-RAY.Olha como ele, com sua dedica\u00e7\u00e3o conseguiu elaborar lindas [&hellip;]<\/p>\n","protected":false},"author":20,"featured_media":8001,"comment_status":"closed","ping_status":"closed","sticky":false,"template":"","format":"standard","meta":{"footnotes":""},"categories":[779],"tags":[20,136,137,288,60,446,675,68,718,205,476,92,105],"class_list":["post-4448","post","type-post","status-publish","format-standard","has-post-thumbnail","category-trabalhos-de-arquitetura-alunos-a-arquiteta","tag-3d","tag-arquiteto","tag-arquitetura","tag-arquitetura-moderna","tag-curso-de-maquete-eletronica","tag-curso-de-sketchup","tag-curso-de-sketchup-gratis","tag-curso-em-dvd","tag-cursos-livres","tag-decoracao-de-ambientes","tag-iluminacao","tag-maquete-eletronica-2","tag-plugins-para-sketchup"],"_wp_attached_file":null,"_wp_attachment_metadata":null,"_wp_attachment_context":null,"_wp_attachment_is_custom_header":null,"geo_longitude":null,"geo_public":null,"geo_latitude":null,"_publicize_done_external":null,"_wpas_done_3897181":null,"publicize_twitter_user":null,"_wpas_done_3897175":null,"_wpas_skip_3897181":null,"_wpas_skip_3897175":null,"_wpas_skip_3924723":null,"_wpas_mess":null,"_wpas_done_3924723":null,"wps_subtitle":"","_links":{"self":[{"href":"https:\/\/www.aarquiteta.com.br\/blog\/wp-json\/wp\/v2\/posts\/4448","targetHints":{"allow":["GET"]}}],"collection":[{"href":"https:\/\/www.aarquiteta.com.br\/blog\/wp-json\/wp\/v2\/posts"}],"about":[{"href":"https:\/\/www.aarquiteta.com.br\/blog\/wp-json\/wp\/v2\/types\/post"}],"author":[{"embeddable":true,"href":"https:\/\/www.aarquiteta.com.br\/blog\/wp-json\/wp\/v2\/users\/20"}],"replies":[{"embeddable":true,"href":"https:\/\/www.aarquiteta.com.br\/blog\/wp-json\/wp\/v2\/comments?post=4448"}],"version-history":[{"count":0,"href":"https:\/\/www.aarquiteta.com.br\/blog\/wp-json\/wp\/v2\/posts\/4448\/revisions"}],"wp:featuredmedia":[{"embeddable":true,"href":"https:\/\/www.aarquiteta.com.br\/blog\/wp-json\/wp\/v2\/media\/8001"}],"wp:attachment":[{"href":"https:\/\/www.aarquiteta.com.br\/blog\/wp-json\/wp\/v2\/media?parent=4448"}],"wp:term":[{"taxonomy":"category","embeddable":true,"href":"https:\/\/www.aarquiteta.com.br\/blog\/wp-json\/wp\/v2\/categories?post=4448"},{"taxonomy":"post_tag","embeddable":true,"href":"https:\/\/www.aarquiteta.com.br\/blog\/wp-json\/wp\/v2\/tags?post=4448"}],"curies":[{"name":"wp","href":"https:\/\/api.w.org\/{rel}","templated":true}]}}