{"id":42939,"date":"2022-03-28T11:01:13","date_gmt":"2022-03-28T14:01:13","guid":{"rendered":"http:\/\/aarquiteta.com.br\/?p=42939"},"modified":"2024-09-15T08:38:49","modified_gmt":"2024-09-15T11:38:49","slug":"como-escolher-uma-penteadeira","status":"publish","type":"post","link":"https:\/\/www.aarquiteta.com.br\/blog\/como-escolher-uma-penteadeira\/","title":{"rendered":"Penteadeira &#8211; 6 dicas para escolher o modelo dos sonhos perfeito!"},"content":{"rendered":"<p>Penteadeira &#8211; 6 dicas para escolher o modelo dos sonhos perfeito! Confira os modelos de penteadeiras e como voc\u00ea pode projetar e mandar fazer a sua penteadeira dos sonhos!<\/p><p>Atualmente uma penteadeira, \u00e9 um m\u00f3vel essencialmente feminino, e com o passar do tempo, as penteadeiras se tornaram o sonho de toda mulher.<\/p><p><img decoding=\"async\" class=\"aligncenter wp-image-50081 size-full\" title=\"Penteadeira - Como escolher ou projetar uma penteadeira para seu quarto?\" src=\"https:\/\/www.aarquiteta.com.br\/blog\/wp-content\/uploads\/2022\/03\/como-escolher-penteadeira.jpg\" alt=\"Penteadeira - Como escolher ou projetar uma penteadeira para seu quarto?\" width=\"1200\" height=\"800\" srcset=\"https:\/\/www.aarquiteta.com.br\/blog\/wp-content\/uploads\/2022\/03\/como-escolher-penteadeira.jpg 1200w, https:\/\/www.aarquiteta.com.br\/blog\/wp-content\/uploads\/2022\/03\/como-escolher-penteadeira-1024x683.jpg 1024w, https:\/\/www.aarquiteta.com.br\/blog\/wp-content\/uploads\/2022\/03\/como-escolher-penteadeira-696x464.jpg 696w, https:\/\/www.aarquiteta.com.br\/blog\/wp-content\/uploads\/2022\/03\/como-escolher-penteadeira-150x100.jpg 150w\" sizes=\"(max-width: 1200px) 100vw, 1200px\" \/><\/p><p>N\u00e3o importa o modelo, tamanho ou n\u00edvel de vaidade que uma mulher possa ter, em algum momento de sua vida, ela j\u00e1 desejou ou sonhou em ter a sua pr\u00f3pria penteadeira que a ajude a guardar seus acess\u00f3rios de maneira organizada e com f\u00e1cil acesso.<\/p><p>Ela \u00e9 especialmente utilizada pelas mulheres para aplicar maquiagem, pentear os cabelos, preparar-se para uma festa, ou mesmo para o dia-a-dia, onde ela possa manter os seus objetos organizados.<\/p><p>Uma boa penteadeira al\u00e9m de bonita, deve ser funcional, atendendo as mulheres em todas as suas necessidades, e n\u00e3o tendo somente a fun\u00e7\u00e3o de embelezar seu closet ou <a href=\"https:\/\/www.aarquiteta.com.br\/blog\/?s=quarto\">quarto<\/a>.<\/p><p>Neste artigo listarei\u00a0 as fun\u00e7\u00f5es que toda penteadeira, independente do estilo, deve ter para fazer valer 100% o investimento neste m\u00f3vel, afinal de contas, penteadeiras n\u00e3o s\u00e3o muito baratas, principalmente se voc\u00ea mandar fazer uma com um <a href=\"https:\/\/www.aarquiteta.com.br\/blog\/?s=PROJETO\">projeto<\/a> exclusivo que atenda a todas as suas necessidades.<\/p>[amazon table=&#8221;83113&#8243;]<h2>Hist\u00f3ria da penteadeira:<\/h2><p><img decoding=\"async\" class=\"alignnone size-full wp-image-76800\" src=\"https:\/\/www.aarquiteta.com.br\/blog\/wp-content\/uploads\/2023\/03\/penteadeira10.jpg\" alt=\"Penteadeira - 6 dicas para escolher o modelo dos sonhos perfeito!\" width=\"698\" height=\"467\" title=\"\" srcset=\"https:\/\/www.aarquiteta.com.br\/blog\/wp-content\/uploads\/2023\/03\/penteadeira10.jpg 698w, https:\/\/www.aarquiteta.com.br\/blog\/wp-content\/uploads\/2023\/03\/penteadeira10-696x466.jpg 696w, https:\/\/www.aarquiteta.com.br\/blog\/wp-content\/uploads\/2023\/03\/penteadeira10-150x100.jpg 150w\" sizes=\"(max-width: 698px) 100vw, 698px\" \/><\/p><p>As penteadeiras come\u00e7aram a ser popularizadas pela alta burguesia europeia no s\u00e9culo XVII. Sua estrutura \u00e9 foi pensada como nas mesas masculinas de barbear das barbearias, que possuem espelho e uma superf\u00edcie de apoio para acomodar objetos.<\/p><p>Elas foram criadas de modo a guardar acess\u00f3rios, perfumes, cosm\u00e9ticos e outros itens do dia-a-dia, e muitas vezes s\u00e3o instalados em <a href=\"https:\/\/www.aarquiteta.com.br\/blog\/?s=quarto\">quartos<\/a> ou salas privadas, sua fun\u00e7\u00e3o \u00e9 proteger a privacidade da mulher enquanto ela se prepara para as fun\u00e7\u00f5es do dia-a-dia.<\/p><p>As penteadeiras s\u00e3o <strong>\u00f3timas op\u00e7\u00f5es para ajudar na decora\u00e7\u00e3o<\/strong> de um quarto, e o melhor \u00e9 que voc\u00ea pode fazer uma penteadeira do jeito que voc\u00ea quiser!<\/p><p>Ent\u00e3o, neste artigo, al\u00e9m de apontar os <strong>elementos estruturais essenciais de uma penteadeira,<\/strong> trouxemos tamb\u00e9m alguns <strong>modelos para voc\u00ea se inspirar<\/strong> e come\u00e7ar a pensar no projeto da sua ou adquirir um modelo pronto em uma loja de m\u00f3veis!<\/p><h2>Quais s\u00e3o os estilos de penteadeira?<\/h2><p><img decoding=\"async\" class=\"alignnone size-full wp-image-72878\" src=\"https:\/\/www.aarquiteta.com.br\/blog\/wp-content\/uploads\/2022\/12\/COMODA-COM-PENTEADEIRA.jpg\" alt=\"COMODA COM PENTEADEIRA\" width=\"1499\" height=\"1500\" title=\"\" srcset=\"https:\/\/www.aarquiteta.com.br\/blog\/wp-content\/uploads\/2022\/12\/COMODA-COM-PENTEADEIRA.jpg 1499w, https:\/\/www.aarquiteta.com.br\/blog\/wp-content\/uploads\/2022\/12\/COMODA-COM-PENTEADEIRA-1024x1025.jpg 1024w, https:\/\/www.aarquiteta.com.br\/blog\/wp-content\/uploads\/2022\/12\/COMODA-COM-PENTEADEIRA-696x696.jpg 696w, https:\/\/www.aarquiteta.com.br\/blog\/wp-content\/uploads\/2022\/12\/COMODA-COM-PENTEADEIRA-96x96.jpg 96w, https:\/\/www.aarquiteta.com.br\/blog\/wp-content\/uploads\/2022\/12\/COMODA-COM-PENTEADEIRA-150x150.jpg 150w\" sizes=\"(max-width: 1499px) 100vw, 1499px\" \/><\/p><p>Atualmente voc\u00ea pode encontrar no mercado alguns modelos disponiveis no mercado, dentre eles est\u00e3o os modelos que voc\u00ea encontra a pronta entrega em uma loja de m\u00f3veis, por exemplo, muitos deles com configura\u00e7\u00f5es de constru\u00e7\u00e3o baseadas no estilo penteadeira de cada \u00e9poca.<\/p><p>Alguns destes modelos possuem estilos \u00fanicos que podem ajudar na decora\u00e7\u00e3o da sua casa, em especial no seu quarto ou closet.<\/p><p>Como sabemos que cada mulher possui seu estilo, listamos abaixo alguns modelos que podem te ajudar na tarefa de escolher uma penteadeira conforme o seu perfil.<\/p>[amazon table=&#8221;82988&#8243;]<h3>1 \u2014 Penteadeira Vintage: Estilo Proven\u00e7al:<\/h3><p>As penteadeiras com design vintage s\u00e3o perfeitas para quem prefere um <strong>estilo mais rom\u00e2ntico<\/strong>, voc\u00ea encontra esse modelo de m\u00f3vel com espelho, gaveteiro e banco.<\/p><p>Dispon\u00edveis em v\u00e1rias <a href=\"https:\/\/www.aarquiteta.com.br\/blog\/?s=CORES\">cores<\/a> um modelo colorido pode ser uma \u00f3tima op\u00e7\u00e3o para quebrar o tom mon\u00f3tono com cores neutras de um ambiente, sem contar que ela trar\u00e1 mais divers\u00e3o ao ambiente, essa adi\u00e7\u00e3o de cor faz com que a pe\u00e7a traga mais leveza ao espa\u00e7o!<\/p><p><img decoding=\"async\" class=\"aligncenter wp-image-42943 size-full\" title=\"Penteadeira vPenteadeira - Como escolher ou projetar uma penteadeira para seu quarto?intage com espelho\" src=\"https:\/\/www.aarquiteta.com.br\/blog\/wp-content\/uploads\/2022\/02\/Dicas-de-modelos-de-penteadeira2.jpg\" alt=\"Penteadeira - Como escolher ou projetar uma penteadeira para seu quarto?\" width=\"700\" height=\"400\" srcset=\"https:\/\/www.aarquiteta.com.br\/blog\/wp-content\/uploads\/2022\/02\/Dicas-de-modelos-de-penteadeira2.jpg 700w, https:\/\/www.aarquiteta.com.br\/blog\/wp-content\/uploads\/2022\/02\/Dicas-de-modelos-de-penteadeira2-696x398.jpg 696w, https:\/\/www.aarquiteta.com.br\/blog\/wp-content\/uploads\/2022\/02\/Dicas-de-modelos-de-penteadeira2-150x86.jpg 150w\" sizes=\"(max-width: 700px) 100vw, 700px\" \/><\/p><p>Voc\u00ea tamb\u00e9m pode encontrar penteadeiras com acabamentos que podem criar um clima elegante, como, por exemplo, os puxadores em dourado, que conferem um toque de eleg\u00e2ncia \u00e0 decora\u00e7\u00e3o.<\/p><p><img decoding=\"async\" class=\"wp-image-42944 size-full aligncenter\" title=\"Penteadeira colorida \u00e9 tudo\" src=\"https:\/\/www.aarquiteta.com.br\/blog\/wp-content\/uploads\/2022\/02\/Dicas-de-modelos-de-penteadeira3.jpg\" alt=\"Penteadeira colorida \u00e9 tudo\" width=\"700\" height=\"400\" srcset=\"https:\/\/www.aarquiteta.com.br\/blog\/wp-content\/uploads\/2022\/02\/Dicas-de-modelos-de-penteadeira3.jpg 700w, https:\/\/www.aarquiteta.com.br\/blog\/wp-content\/uploads\/2022\/02\/Dicas-de-modelos-de-penteadeira3-696x398.jpg 696w, https:\/\/www.aarquiteta.com.br\/blog\/wp-content\/uploads\/2022\/02\/Dicas-de-modelos-de-penteadeira3-150x86.jpg 150w\" sizes=\"(max-width: 700px) 100vw, 700px\" \/><\/p><p>Dito isso, penteadeiras coloridas podem ser encontradas nos estilos mais modernos ou cl\u00e1ssicos, em diversos tamanhos e modelos!<\/p><p>No entanto, lembre-se de pensar bem a cor para ter certeza de que ela n\u00e3o ir\u00e1 destoar no seu espa\u00e7o, por isso fique atenta e veja se ela combinar\u00e1 com o restante da decora\u00e7\u00e3o.<\/p><h3>2 \u2014 Penteadeira Camarim: Luzes com muito glamour:<\/h3><p>A penteadeira camarim saiu das coxias dos teatros e invadiu o espa\u00e7o \u00edntimo de muitas mulheres, que al\u00e9m de praticidade buscavam tamb\u00e9m o glamour na hora da arruma\u00e7\u00e3o.<\/p><p>A <strong>penteadeira camarim<\/strong> \u00e9 aquele modelo de m\u00f3vel que possui <strong><a href=\"https:\/\/www.aarquiteta.com.br\/blog\/?s=ILUMINA%C3%87%C3%83O\">ilumina\u00e7\u00e3o<\/a> ao redor do espelho,<\/strong> para quem adora se maquiar, essa penteadeira \u00e9 uma excelente op\u00e7\u00e3o, pois se trata de um dos melhores modelos com espelho.<\/p><h4 class=\"a-size-mini a-spacing-none a-color-base s-line-clamp-2\"><span class=\"a-size-medium a-color-base a-text-normal\">Penteadeira <a href=\"https:\/\/amzn.to\/3iHnZTj\" target=\"_blank\" rel=\"noopener\">Com Banqueta Camarim Luxo Luz de Led Branco Acetinado:<\/a><\/span><\/h4><figure id=\"attachment_50025\" aria-describedby=\"caption-attachment-50025\" style=\"width: 822px\" class=\"wp-caption aligncenter\"><a href=\"https:\/\/amzn.to\/3iHnZTj\" target=\"_blank\" rel=\"noopener\"><img decoding=\"async\" class=\"wp-image-50025 size-full\" src=\"https:\/\/www.aarquiteta.com.br\/blog\/wp-content\/uploads\/2022\/03\/Penteadeira-Com-Banqueta-Camarim-Luxo-Luz-de-Led-Branco-Acetinado.jpg\" alt=\"\" width=\"822\" height=\"868\" title=\"\" srcset=\"https:\/\/www.aarquiteta.com.br\/blog\/wp-content\/uploads\/2022\/03\/Penteadeira-Com-Banqueta-Camarim-Luxo-Luz-de-Led-Branco-Acetinado.jpg 822w, https:\/\/www.aarquiteta.com.br\/blog\/wp-content\/uploads\/2022\/03\/Penteadeira-Com-Banqueta-Camarim-Luxo-Luz-de-Led-Branco-Acetinado-696x735.jpg 696w, https:\/\/www.aarquiteta.com.br\/blog\/wp-content\/uploads\/2022\/03\/Penteadeira-Com-Banqueta-Camarim-Luxo-Luz-de-Led-Branco-Acetinado-150x158.jpg 150w\" sizes=\"(max-width: 822px) 100vw, 822px\" \/><\/a><figcaption id=\"caption-attachment-50025\" class=\"wp-caption-text\"><a href=\"https:\/\/amzn.to\/3iHnZTj\" target=\"_blank\" rel=\"noopener\">Penteadeira Com Banqueta Camarim Luxo Luz de Led Branco Acetinado\u00a0 &#8211; Clique para saber mais!<\/a><\/figcaption><\/figure><p>Enfim, nada melhor que ilumina\u00e7\u00e3o extra, n\u00e9? Geralmente \u00e9 o modelo que mais chama a aten\u00e7\u00e3o em um ambiente.<\/p><h3>3 \u2014 Penteadeira Moderna: Design e Funcionalidade:<\/h3><p>A penteadeira moderna re\u00fane em um \u00fanico m\u00f3vel a ess\u00eancia da penteadeira convencional, mas com um toque mais contempor\u00e2neo.<\/p><p><strong>Prateiras embutidas<\/strong> que ficam atr\u00e1s do espelho ajudam na organiza\u00e7\u00e3o de objetos, tais como: colares, faixas de cabelo, todo e qualquer objeto de uso pessoal feminino que quando mal armazenado pode emaranhar e acabar enroscando e por consequ\u00eancia se rompendo.<\/p><figure id=\"attachment_50081\" aria-describedby=\"caption-attachment-50081\" style=\"width: 1200px\" class=\"wp-caption aligncenter\"><img decoding=\"async\" class=\"wp-image-50081 size-full\" src=\"https:\/\/www.aarquiteta.com.br\/blog\/wp-content\/uploads\/2022\/03\/como-escolher-penteadeira.jpg\" alt=\"Penteadeira - Como escolher ou projetar uma penteadeira para seu quarto?\" width=\"1200\" height=\"800\" title=\"\" srcset=\"https:\/\/www.aarquiteta.com.br\/blog\/wp-content\/uploads\/2022\/03\/como-escolher-penteadeira.jpg 1200w, https:\/\/www.aarquiteta.com.br\/blog\/wp-content\/uploads\/2022\/03\/como-escolher-penteadeira-1024x683.jpg 1024w, https:\/\/www.aarquiteta.com.br\/blog\/wp-content\/uploads\/2022\/03\/como-escolher-penteadeira-696x464.jpg 696w, https:\/\/www.aarquiteta.com.br\/blog\/wp-content\/uploads\/2022\/03\/como-escolher-penteadeira-150x100.jpg 150w\" sizes=\"(max-width: 1200px) 100vw, 1200px\" \/><figcaption id=\"caption-attachment-50081\" class=\"wp-caption-text\">Como escolher ou projetar uma penteadeira para seu quarto?<\/figcaption><\/figure><p>S\u00e3o modelos previamente pensados e projetados especialmente na fase da marcenaria de um closet ou quarto de vestir, com previs\u00e3o de pontos de energia el\u00e9trica para a ilumina\u00e7\u00e3o.<\/p><p>As penteadeiras modernas est\u00e3o sendo pensadas de modo a integrar o trabalho da marcen\u00e1ria de um dormit\u00f3rio, veja este exemplo a cima:<\/p><p>A penteadeira est\u00e1 integrada ao m\u00f3vel da TV fazendo uma \u00fanica composi\u00e7\u00e3o de espa\u00e7o.<\/p><h2>Como escolher ou projetar uma penteadeira para seu quarto?<\/h2><p>O que deve ter no projeto de uma<strong> penteadeira dos sonhos?\u00a0<\/strong>Uma penteadeira completa consiste na presen\u00e7a de elementos funcionais como:<\/p><h3>1 \u2014 Espelho:<\/h3><p>Todas hemos de concordar que uma penteadeira sem espelho, \u00e9 qualquer coisa, menos uma penteadeira, pois a ess\u00eancia deste m\u00f3vel, pede um espelho para ajudar-nos na produ\u00e7\u00e3o da imagem no dia-a-dia.<\/p><p>A pranteadeira deve possuir um espelho grande embutido no m\u00f3vel, que reflita todo plano americano de quem a utilizada, e ainda possuir espelhos de apoio com lente de aumento ou de aproxima\u00e7\u00e3o.<\/p><h3>2 \u2014 Ilumina\u00e7\u00e3o:<\/h3><p>Penteadeiras com espelho, mas sem uma boa ilumina\u00e7\u00e3o condizente n\u00e3o auxiliam em nada quem a utiliza, na hora de arrumar para sair, por exemplo. Uma ilumina\u00e7\u00e3o forte e brilhante com direcionamento focal ajuda muito na hora da elabora\u00e7\u00e3o da maquiagem, pois uma m\u00e1 ilumina\u00e7\u00e3o nessas horas podem comprometer a produ\u00e7\u00e3o feminina.<\/p><p><img decoding=\"async\" class=\"aligncenter wp-image-40274 size-full\" src=\"https:\/\/www.aarquiteta.com.br\/blog\/wp-content\/uploads\/2022\/01\/penteadeira.jpg\" alt=\"\" width=\"1104\" height=\"735\" title=\"\" srcset=\"https:\/\/www.aarquiteta.com.br\/blog\/wp-content\/uploads\/2022\/01\/penteadeira.jpg 1104w, https:\/\/www.aarquiteta.com.br\/blog\/wp-content\/uploads\/2022\/01\/penteadeira-1024x682.jpg 1024w, https:\/\/www.aarquiteta.com.br\/blog\/wp-content\/uploads\/2022\/01\/penteadeira-696x463.jpg 696w, https:\/\/www.aarquiteta.com.br\/blog\/wp-content\/uploads\/2022\/01\/penteadeira-150x100.jpg 150w\" sizes=\"(max-width: 1104px) 100vw, 1104px\" \/><\/p><h3>3 \u2014 Gaveteiro:<\/h3><p>Al\u00e9m da mesa superior que serve de apoio durante o uso de uma penteadeira \u00e9 muito importante que existam tamb\u00e9m gaveteiros para acomodar objetos e acess\u00f3rios.<\/p><p>A ideia \u00e9 que os objetos com mais demanda de uso fiquem em exposi\u00e7\u00e3o ou ao menos em local de f\u00e1cil localiza\u00e7\u00e3o e os objetos que s\u00e3o menos utilizados possam ficar armazenados nas gavetas.<\/p><p>Dependendo do tamanho da penteadeira \u00e9 poss\u00edvel projetar at\u00e9 3 gavetas.<\/p><h3>4 \u2014 Prateleiras:<\/h3><p>Nos projetos mais modernos de marcenaria as prateleiras ficam geralmente escondidas atr\u00e1s do espelho, onde \u00e9 poss\u00edvel melhor armazenar acess\u00f3rios que fiquem pendurados como os colares, correntes de pesco\u00e7o e outros acess\u00f3rios.<\/p><p>\u00c9 uma solu\u00e7\u00e3o muito pr\u00e1tica que ajuda muito a organizar e acessar os objetos na hora de maior pressa no dia-a-dia.<\/p><h3><a href=\"https:\/\/amzn.to\/3NqFMML\" target=\"_blank\" rel=\"noopener\">5 \u2014 Nichos embutidos a mesa:<\/a><\/h3><p>Os nichos s\u00e3o pequenas esp\u00e9cies de colmeia onde podem ser armazenados bijuterias, pulseiras, rel\u00f3gios e \u00f3culos.<\/p><figure id=\"attachment_50060\" aria-describedby=\"caption-attachment-50060\" style=\"width: 1000px\" class=\"wp-caption aligncenter\"><a href=\"https:\/\/amzn.to\/3NqFMML\" target=\"_blank\" rel=\"noopener\"><img decoding=\"async\" class=\"wp-image-50060 size-full\" src=\"https:\/\/www.aarquiteta.com.br\/blog\/wp-content\/uploads\/2022\/03\/Penteadeira-Com-Banqueta-Camarim-Luxo.jpg\" alt=\"\" width=\"1000\" height=\"1000\" title=\"\" srcset=\"https:\/\/www.aarquiteta.com.br\/blog\/wp-content\/uploads\/2022\/03\/Penteadeira-Com-Banqueta-Camarim-Luxo.jpg 1000w, https:\/\/www.aarquiteta.com.br\/blog\/wp-content\/uploads\/2022\/03\/Penteadeira-Com-Banqueta-Camarim-Luxo-696x696.jpg 696w, https:\/\/www.aarquiteta.com.br\/blog\/wp-content\/uploads\/2022\/03\/Penteadeira-Com-Banqueta-Camarim-Luxo-96x96.jpg 96w, https:\/\/www.aarquiteta.com.br\/blog\/wp-content\/uploads\/2022\/03\/Penteadeira-Com-Banqueta-Camarim-Luxo-150x150.jpg 150w\" sizes=\"(max-width: 1000px) 100vw, 1000px\" \/><\/a><figcaption id=\"caption-attachment-50060\" class=\"wp-caption-text\"><a href=\"https:\/\/amzn.to\/3NqFMML\" target=\"_blank\" rel=\"noopener\">Clique para saber mais!<\/a><\/figcaption><\/figure><p>Devem ser projetados de modo a manter a vista os objetos para f\u00e1cil localiza\u00e7\u00e3o e acesso, \u00e9 muito comum utilizar um tampo de vidro transparente para facilitar a identifica\u00e7\u00e3o dos objetos.<\/p><h3><a href=\"https:\/\/amzn.to\/36QiaQS\" target=\"_blank\" rel=\"noopener\">6 \u2014 Cadeira para penteadeira:<\/a><\/h3><p>Para que voc\u00ea se acomode e utilize a sua penteadeira confortavelmente escolha alguns modelos de puff e cadeira ou banqueta para voc\u00ea utilizar com conforto na hora de fazer uma sua maquiagem.<\/p><p>Fa\u00e7a uma boa composi\u00e7\u00e3o utilize mantas peludinhas ou almofadas que d\u00e3o um ar de eleg\u00e2ncia, em fim escolha uma acento que mais combine com voc\u00ea ou com seu quarto:<\/p><p>Os modelos de <a href=\"https:\/\/amzn.to\/36QiaQS\" target=\"_blank\" rel=\"noopener\">Cadeira Eames<\/a> s\u00e3o bem-vindos na composi\u00e7\u00e3o com as penteadeiras:<\/p><figure id=\"attachment_50079\" aria-describedby=\"caption-attachment-50079\" style=\"width: 975px\" class=\"wp-caption aligncenter\"><a href=\"https:\/\/amzn.to\/36QiaQS\" target=\"_blank\" rel=\"noopener\"><img decoding=\"async\" class=\"wp-image-50079 size-full\" title=\"Penteadeira - 6 dicas para escolher o modelo dos sonhos perfeito!\" src=\"https:\/\/www.aarquiteta.com.br\/blog\/wp-content\/uploads\/2022\/03\/Mobly-Conjunto-com-2-Cadeiras-Eames-Eiffel-Premium-Base-Madeira-Transparente-2683-042382-2.jpg\" alt=\"Penteadeira - 6 dicas para escolher o modelo dos sonhos perfeito!\" width=\"975\" height=\"975\" srcset=\"https:\/\/www.aarquiteta.com.br\/blog\/wp-content\/uploads\/2022\/03\/Mobly-Conjunto-com-2-Cadeiras-Eames-Eiffel-Premium-Base-Madeira-Transparente-2683-042382-2.jpg 975w, https:\/\/www.aarquiteta.com.br\/blog\/wp-content\/uploads\/2022\/03\/Mobly-Conjunto-com-2-Cadeiras-Eames-Eiffel-Premium-Base-Madeira-Transparente-2683-042382-2-696x696.jpg 696w, https:\/\/www.aarquiteta.com.br\/blog\/wp-content\/uploads\/2022\/03\/Mobly-Conjunto-com-2-Cadeiras-Eames-Eiffel-Premium-Base-Madeira-Transparente-2683-042382-2-96x96.jpg 96w, https:\/\/www.aarquiteta.com.br\/blog\/wp-content\/uploads\/2022\/03\/Mobly-Conjunto-com-2-Cadeiras-Eames-Eiffel-Premium-Base-Madeira-Transparente-2683-042382-2-150x150.jpg 150w\" sizes=\"(max-width: 975px) 100vw, 975px\" \/><\/a><figcaption id=\"caption-attachment-50079\" class=\"wp-caption-text\"><a href=\"https:\/\/amzn.to\/36QiaQS\" target=\"_blank\" rel=\"noopener\">Cadeira Eames DSW &#8211; Incolor &#8211; Madeira clara Clique para saber mais!<\/a><\/figcaption><\/figure><h3><a href=\"https:\/\/amzn.to\/3qyD9P3\" target=\"_blank\" rel=\"noopener\">Qual o tamanho de penteadeira ideal?<\/a><\/h3><p>O tamanho da sua penteadeira vai depender do espa\u00e7o que voc\u00ea tem em seu quarto ou closet.<\/p><p>Antes de comprar uma penteadeira para sua casa, verifique quanto espa\u00e7o interno voc\u00ea tem em seu quarto ou closet.<\/p><figure id=\"attachment_9111\" aria-describedby=\"caption-attachment-9111\" style=\"width: 603px\" class=\"wp-caption aligncenter\"><a href=\"https:\/\/amzn.to\/3qyD9P3\" target=\"_blank\" rel=\"noopener\"><img decoding=\"async\" class=\"wp-image-9111 size-full\" title=\"Guarda-roupa - 9 dicas de como escolher o guarda-roupas ideal!\" src=\"https:\/\/www.aarquiteta.com.br\/blog\/wp-content\/uploads\/2016\/09\/projeto-executivo-quarto.png\" alt=\"Guarda-roupa - 9 dicas de como escolher o guarda-roupas ideal!\" width=\"603\" height=\"583\" srcset=\"https:\/\/www.aarquiteta.com.br\/blog\/wp-content\/uploads\/2016\/09\/projeto-executivo-quarto.png 603w, https:\/\/www.aarquiteta.com.br\/blog\/wp-content\/uploads\/2016\/09\/projeto-executivo-quarto-150x145.png 150w\" sizes=\"(max-width: 603px) 100vw, 603px\" \/><\/a><figcaption id=\"caption-attachment-9111\" class=\"wp-caption-text\"><a href=\"https:\/\/amzn.to\/3qyD9P3\" target=\"_blank\" rel=\"noopener\">Guarda-roupa &#8211; 9 dicas de como escolher o guarda-roupas ideal!<\/a><\/figcaption><\/figure><p>Nunca esque\u00e7a de pensar no espa\u00e7o de circula\u00e7\u00e3o entre os m\u00f3veis, afinal voc\u00ea precisa circular no dormit\u00f3rio para acessar a cama.<\/p><p>Por isso antes de pensar em algum modelo em espec\u00edfico de penteadeira, <strong>antecipe-se em verificar o local onde ela ficar\u00e1 acomodada<\/strong> no quarto.<\/p><p>A \u00e1rea m\u00ednima de circula\u00e7\u00e3o entre guarda-roupa, cama e penteadeiras dever ser confort\u00e1veis 60 cent\u00edmetros, menos que isso, a circula\u00e7\u00e3o come\u00e7a a ficar comprometida:<\/p><p><img decoding=\"async\" class=\"aligncenter wp-image-27041 size-full\" src=\"https:\/\/www.aarquiteta.com.br\/blog\/wp-content\/uploads\/2019\/08\/quarto-560x348.jpg\" alt=\"\" width=\"560\" height=\"348\" title=\"\" srcset=\"https:\/\/www.aarquiteta.com.br\/blog\/wp-content\/uploads\/2019\/08\/quarto-560x348.jpg 560w, https:\/\/www.aarquiteta.com.br\/blog\/wp-content\/uploads\/2019\/08\/quarto-560x348-150x93.jpg 150w\" sizes=\"(max-width: 560px) 100vw, 560px\" \/><\/p><p>Me\u00e7a com a ajuda de uma <a href=\"https:\/\/amzn.to\/3qsMZCf\" target=\"_blank\" rel=\"noopener\">trena<\/a>, as dimens\u00f5es internas do seu dormit\u00f3rio e coloque tudo em um papel. Se poss\u00edvel fa\u00e7a uma <a href=\"https:\/\/www.aarquiteta.com.br\/blog\/planta-baixa-o-que-e\/\" target=\"_blank\" rel=\"noopener\">planta-baixa<\/a>, ou seja, um desenho simples, com as medidas da cama, criado-mudo, rack de TV.<\/p><p>Verifique tamb\u00e9m as dimens\u00f5es do m\u00f3vel e veja se ela cabe perfeitamente em seu quarto, s\u00f3 depois, com todas essas informa\u00e7\u00f5es verificadas realize a compra da sua pentedeaira dos sonhos!<\/p><figure id=\"attachment_50062\" aria-describedby=\"caption-attachment-50062\" style=\"width: 956px\" class=\"wp-caption aligncenter\"><a href=\"https:\/\/amzn.to\/3NsNlTl\" target=\"_blank\" rel=\"noopener\"><img decoding=\"async\" class=\"wp-image-50062 size-full\" title=\"Penteadeira - 6 dicas para escolher o modelo dos sonhos perfeito!\" src=\"https:\/\/www.aarquiteta.com.br\/blog\/wp-content\/uploads\/2022\/03\/Penteadeira-Ditalia-7-Gav.-Pe-80-Branco-c-Kit-Luz-Camarim.jpg\" alt=\"Penteadeira - 6 dicas para escolher o modelo dos sonhos perfeito!\" width=\"956\" height=\"708\" srcset=\"https:\/\/www.aarquiteta.com.br\/blog\/wp-content\/uploads\/2022\/03\/Penteadeira-Ditalia-7-Gav.-Pe-80-Branco-c-Kit-Luz-Camarim.jpg 956w, https:\/\/www.aarquiteta.com.br\/blog\/wp-content\/uploads\/2022\/03\/Penteadeira-Ditalia-7-Gav.-Pe-80-Branco-c-Kit-Luz-Camarim-696x515.jpg 696w, https:\/\/www.aarquiteta.com.br\/blog\/wp-content\/uploads\/2022\/03\/Penteadeira-Ditalia-7-Gav.-Pe-80-Branco-c-Kit-Luz-Camarim-150x111.jpg 150w\" sizes=\"(max-width: 956px) 100vw, 956px\" \/><\/a><figcaption id=\"caption-attachment-50062\" class=\"wp-caption-text\"><a href=\"https:\/\/amzn.to\/3NsNlTl\" target=\"_blank\" rel=\"noopener\">Clique para saber mais!<\/a><\/figcaption><\/figure><p>&nbsp;<\/p><h3>Cansado da desordem nos arm\u00e1rios? <a href=\"https:\/\/go.hotmart.com\/L71606651A?dp=1\" target=\"_blank\" rel=\"noopener\">Que tal organizar<\/a>?<\/h3><p>Com este <a href=\"https:\/\/go.hotmart.com\/L71606651A?dp=1\" target=\"_blank\" rel=\"noopener\">passo a passo<\/a> voc\u00ea conseguir\u00e1 organizar o seu ambiente eficazmente, otimizando e deixando os espa\u00e7os funcionais.<\/p><p>Aprender\u00e1 desde o in\u00edcio do processo da organiza\u00e7\u00e3o, passando pela (auto) an\u00e1lise, at\u00e9 o que se deve guardar em gavetas, o que pendurar em cabides, <a href=\"https:\/\/go.hotmart.com\/L71606651A?dp=1\" target=\"_blank\" rel=\"noopener\">como organizar os diversos acess\u00f3rios<\/a>, entre outros.<\/p><p><a style=\"font-weight: bold; background-color: initial;\" href=\"https:\/\/go.hotmart.com\/L71606651A?dp=1\" target=\"_blank\" rel=\"noopener\"><img decoding=\"async\" class=\"wp-image-60349 size-full\" src=\"https:\/\/www.aarquiteta.com.br\/blog\/wp-content\/uploads\/2022\/06\/curso-de-organizacao-closet.jpg\" alt=\"curso de organiza\u00e7\u00e3o closet\" width=\"700\" height=\"400\" title=\"\" srcset=\"https:\/\/www.aarquiteta.com.br\/blog\/wp-content\/uploads\/2022\/06\/curso-de-organizacao-closet.jpg 700w, https:\/\/www.aarquiteta.com.br\/blog\/wp-content\/uploads\/2022\/06\/curso-de-organizacao-closet-696x398.jpg 696w, https:\/\/www.aarquiteta.com.br\/blog\/wp-content\/uploads\/2022\/06\/curso-de-organizacao-closet-150x86.jpg 150w\" sizes=\"(max-width: 700px) 100vw, 700px\" \/><\/a><\/p><p><a href=\"https:\/\/go.hotmart.com\/L71606651A?dp=1\" target=\"_blank\" rel=\"noopener\">Curso de organiza\u00e7\u00e3o closet\u00a0 por HARMONIZATTA<\/a><\/p><p>Inclu\u00edmos fotos para te ajudar em todo o processo da organiza\u00e7\u00e3o, com o uso de organizadores pr\u00f3prios, pois al\u00e9m de deixar tudo em ordem, eles trazem facilidade e otimiza\u00e7\u00e3o para os espa\u00e7os.<\/p><p><a href=\"https:\/\/go.hotmart.com\/L71606651A?dp=1\" target=\"_blank\" rel=\"noopener\">ORGANIZA\u00c7\u00c3O<\/a> n\u00e3o \u00e9 luxo e sim QUALIDADE DE VIDA!<\/p><h2>Confira agora 4 modelos de penteadeira para voc\u00ea se inspirar e adquirir a sua hoje!<\/h2><p>Confira a seguir 4 modelos de penteadeira para voc\u00ea se inspirar e caprichar na realiza\u00e7\u00e3o do seu projeto.<\/p><h4 class=\"a-size-mini a-spacing-none a-color-base s-line-clamp-2\"><span class=\"a-size-medium a-color-base a-text-normal\">1 \u2014 Penteadeira<a href=\"https:\/\/amzn.to\/3NtKMAb\" target=\"_blank\" rel=\"noopener\">\u00a0Camarim com Espelho 7 Gavetas Diamante Espresso M\u00f3veis Branco:<\/a><\/span><\/h4><figure id=\"attachment_50024\" aria-describedby=\"caption-attachment-50024\" style=\"width: 500px\" class=\"wp-caption aligncenter\"><a href=\"https:\/\/amzn.to\/3NtKMAb\" target=\"_blank\" rel=\"noopener\"><img decoding=\"async\" class=\"wp-image-50024 size-full\" src=\"https:\/\/www.aarquiteta.com.br\/blog\/wp-content\/uploads\/2022\/03\/Penteadeira-Camarim-com-Espelho-7-Gavetas-Diamante-Espresso-Moveis-Branco.jpg\" alt=\"\" width=\"500\" height=\"500\" title=\"\" srcset=\"https:\/\/www.aarquiteta.com.br\/blog\/wp-content\/uploads\/2022\/03\/Penteadeira-Camarim-com-Espelho-7-Gavetas-Diamante-Espresso-Moveis-Branco.jpg 500w, https:\/\/www.aarquiteta.com.br\/blog\/wp-content\/uploads\/2022\/03\/Penteadeira-Camarim-com-Espelho-7-Gavetas-Diamante-Espresso-Moveis-Branco-96x96.jpg 96w, https:\/\/www.aarquiteta.com.br\/blog\/wp-content\/uploads\/2022\/03\/Penteadeira-Camarim-com-Espelho-7-Gavetas-Diamante-Espresso-Moveis-Branco-150x150.jpg 150w\" sizes=\"(max-width: 500px) 100vw, 500px\" \/><\/a><figcaption id=\"caption-attachment-50024\" class=\"wp-caption-text\"><a href=\"https:\/\/amzn.to\/3NtKMAb\" target=\"_blank\" rel=\"noopener\">Penteadeira 4 Gavetas 3 Nichos Nova Mobile Branco &#8211; Clique para saber mais!<\/a><\/figcaption><\/figure><p>&nbsp;<\/p><h4 class=\"a-size-mini a-spacing-none a-color-base s-line-clamp-2\"><span class=\"a-size-medium a-color-base a-text-normal\">2 \u2014 Penteadeira<a href=\"https:\/\/amzn.to\/3wOCRYe\" target=\"_blank\" rel=\"noopener\">\u00a04 Gavetas 3 Nichos Nova Mobile Branco:<\/a><\/span><\/h4><figure id=\"attachment_50027\" aria-describedby=\"caption-attachment-50027\" style=\"width: 1200px\" class=\"wp-caption aligncenter\"><a href=\"https:\/\/amzn.to\/3wOCRYe\" target=\"_blank\" rel=\"noopener\"><img decoding=\"async\" class=\"wp-image-50027 size-full\" src=\"https:\/\/www.aarquiteta.com.br\/blog\/wp-content\/uploads\/2022\/03\/Penteadeira-4-Gavetas-3-Nichos-Nova-Mobile-Branco.jpg\" alt=\"\" width=\"1200\" height=\"1200\" title=\"\" srcset=\"https:\/\/www.aarquiteta.com.br\/blog\/wp-content\/uploads\/2022\/03\/Penteadeira-4-Gavetas-3-Nichos-Nova-Mobile-Branco.jpg 1200w, https:\/\/www.aarquiteta.com.br\/blog\/wp-content\/uploads\/2022\/03\/Penteadeira-4-Gavetas-3-Nichos-Nova-Mobile-Branco-1024x1024.jpg 1024w, https:\/\/www.aarquiteta.com.br\/blog\/wp-content\/uploads\/2022\/03\/Penteadeira-4-Gavetas-3-Nichos-Nova-Mobile-Branco-696x696.jpg 696w, https:\/\/www.aarquiteta.com.br\/blog\/wp-content\/uploads\/2022\/03\/Penteadeira-4-Gavetas-3-Nichos-Nova-Mobile-Branco-96x96.jpg 96w, https:\/\/www.aarquiteta.com.br\/blog\/wp-content\/uploads\/2022\/03\/Penteadeira-4-Gavetas-3-Nichos-Nova-Mobile-Branco-150x150.jpg 150w\" sizes=\"(max-width: 1200px) 100vw, 1200px\" \/><\/a><figcaption id=\"caption-attachment-50027\" class=\"wp-caption-text\"><a href=\"https:\/\/amzn.to\/3wOCRYe\" target=\"_blank\" rel=\"noopener\">Penteadeira 4 Gavetas 3 Nichos Nova Mobile Branco &#8211; Clique para saber mais!<\/a><\/figcaption><\/figure><p>&nbsp;<\/p><h4 class=\"a-size-mini a-spacing-none a-color-base s-line-clamp-2\"><span class=\"a-size-medium a-color-base a-text-normal\">3 \u2014 Penteadeira <a href=\"https:\/\/amzn.to\/3IJm8ba\" target=\"_blank\" rel=\"noopener\">Camarim com Espelho e Led Prisma Tigus Baby Branco:<\/a><\/span><\/h4><figure id=\"attachment_50026\" aria-describedby=\"caption-attachment-50026\" style=\"width: 500px\" class=\"wp-caption aligncenter\"><a href=\"https:\/\/amzn.to\/3IJm8ba\" target=\"_blank\" rel=\"noopener\"><img decoding=\"async\" class=\"wp-image-50026 size-full\" src=\"https:\/\/www.aarquiteta.com.br\/blog\/wp-content\/uploads\/2022\/03\/Penteadeira-Camarim-com-Espelho-e-Led-Prisma-Tigus-Baby-Branco.jpg\" alt=\"\" width=\"500\" height=\"500\" title=\"\" srcset=\"https:\/\/www.aarquiteta.com.br\/blog\/wp-content\/uploads\/2022\/03\/Penteadeira-Camarim-com-Espelho-e-Led-Prisma-Tigus-Baby-Branco.jpg 500w, https:\/\/www.aarquiteta.com.br\/blog\/wp-content\/uploads\/2022\/03\/Penteadeira-Camarim-com-Espelho-e-Led-Prisma-Tigus-Baby-Branco-96x96.jpg 96w, https:\/\/www.aarquiteta.com.br\/blog\/wp-content\/uploads\/2022\/03\/Penteadeira-Camarim-com-Espelho-e-Led-Prisma-Tigus-Baby-Branco-150x150.jpg 150w\" sizes=\"(max-width: 500px) 100vw, 500px\" \/><\/a><figcaption id=\"caption-attachment-50026\" class=\"wp-caption-text\"><a href=\"https:\/\/amzn.to\/3IJm8ba\" target=\"_blank\" rel=\"noopener\">Penteadeira Camarim com Espelho e Led Prisma Tigus Baby Branco &#8211; Clique para saber mais!<\/a><\/figcaption><\/figure><p>&nbsp;<\/p><h4 class=\"a-size-mini a-spacing-none a-color-base s-line-clamp-2\"><span class=\"a-size-medium a-color-base a-text-normal\">4 \u2014 <a href=\"https:\/\/amzn.to\/36LaXBD\" target=\"_blank\" rel=\"noopener\">Penteadeira <\/a><\/span><a href=\"https:\/\/amzn.to\/36LaXBD\" target=\"_blank\" rel=\"noopener\"><span id=\"productTitle\" class=\"a-size-large product-title-word-break\">camarim completa mesa penteadeira off white pro<\/span><\/a><\/h4><figure id=\"attachment_50068\" aria-describedby=\"caption-attachment-50068\" style=\"width: 500px\" class=\"wp-caption aligncenter\"><a href=\"https:\/\/amzn.to\/36LaXBD\" target=\"_blank\" rel=\"noopener\"><img decoding=\"async\" class=\"wp-image-50068 size-full\" src=\"https:\/\/www.aarquiteta.com.br\/blog\/wp-content\/uploads\/2022\/03\/penteadeira-camarim-completa-mesa-penteadeira-off-white-pro.jpg\" alt=\"\" width=\"500\" height=\"490\" title=\"\" srcset=\"https:\/\/www.aarquiteta.com.br\/blog\/wp-content\/uploads\/2022\/03\/penteadeira-camarim-completa-mesa-penteadeira-off-white-pro.jpg 500w, https:\/\/www.aarquiteta.com.br\/blog\/wp-content\/uploads\/2022\/03\/penteadeira-camarim-completa-mesa-penteadeira-off-white-pro-150x147.jpg 150w\" sizes=\"(max-width: 500px) 100vw, 500px\" \/><\/a><figcaption id=\"caption-attachment-50068\" class=\"wp-caption-text\"><a href=\"https:\/\/amzn.to\/36LaXBD\" target=\"_blank\" rel=\"noopener\">penteadeira camarim completa mesa penteadeira off white pro &#8211; Clique para saber mais!<\/a><\/figcaption><\/figure><h3>\u2014 Dica B\u00f4nus: Como fazer m\u00f3veis planejados!<\/h3><p>Agora que voc\u00ea j\u00e1 sabe como projetar uma penteadeira, confira estes artigos que elaborei pensando em te ajudar na elabora\u00e7\u00e3o de um projeto de m\u00f3veis planejados para cozinha:<\/p><ul><li><a class=\"row-title\" href=\"https:\/\/www.aarquiteta.com.br\/blog\/moveis-planejados-como-comprar\/\" target=\"_blank\" rel=\"noopener\" label=\"\u201cM\u00f3veis Planejados - Como economizar na hora de comprar?\u201d (Editar)\">M\u00f3veis Planejados &#8211; Como economizar na hora de comprar?<\/a><\/li><li><a class=\"row-title\" href=\"https:\/\/www.aarquiteta.com.br\/blog\/moveis-planejados-em-apartamentos-pequenos\/\" target=\"_blank\" rel=\"noopener\" label=\"\u201cDicas de m\u00f3veis planejados em apartamentos pequenos.\u201d (Editar)\">Dicas de m\u00f3veis planejados em apartamentos pequenos.<\/a><\/li><li><a class=\"row-title\" href=\"https:\/\/www.aarquiteta.com.br\/blog\/moveis-planejados-para-apartamentos\/\" target=\"_blank\" rel=\"noopener\" label=\"\u201cM\u00f3veis planejados para apartamentos: Dicas para quem est\u00e1 reformando!\u201d (Editar)\">M\u00f3veis planejados para apartamentos: Dicas para quem est\u00e1 reformando!<\/a><\/li><li><a class=\"row-title\" href=\"https:\/\/www.aarquiteta.com.br\/blog\/etapas-de-uma-reforma-de-apartamento\/\" target=\"_blank\" rel=\"noopener\" label=\"\u201cAs 13 etapas de uma reforma de apartamento - Descubra onde come\u00e7ar!\u201d (Editar)\">As 13 etapas de uma reforma de apartamento &#8211; Descubra onde come\u00e7ar!<\/a><\/li><li><a class=\"row-title\" href=\"https:\/\/www.aarquiteta.com.br\/blog\/como-decorar-a-cozinha-com-armario-preto\/\" target=\"_blank\" rel=\"noopener\" label=\"\u201cComo decorar a cozinha com arm\u00e1rio preto.\u201d (Editar)\">Como decorar a cozinha com arm\u00e1rio preto.<\/a><\/li><li><a class=\"row-title\" href=\"https:\/\/www.aarquiteta.com.br\/blog\/iluminacao-para-armarios\/\" target=\"_blank\" rel=\"noopener\" label=\"\u201cIlumina\u00e7\u00e3o para Arm\u00e1rios - Dicas para escolher a melhor LED!\u201d (Editar)\">Ilumina\u00e7\u00e3o para Arm\u00e1rios &#8211; Dicas para escolher a melhor LED!<\/a><\/li><li>Como decorar pequenos espa\u00e7os? Truques e macetes!<\/li><li><a class=\"row-title\" href=\"https:\/\/www.aarquiteta.com.br\/blog\/como-escolher-guarda-roupa\/\" target=\"_blank\" rel=\"noopener\" label=\"\u201cGuarda-roupa - 9 dicas de como escolher o guarda-roupas ideal!\u201d (Editar)\">Guarda-roupa &#8211; 9 dicas de como escolher o guarda-roupas ideal!<\/a><\/li><\/ul><h4><a href=\"https:\/\/go.hotmart.com\/L72308754E?dp=1\" target=\"_blank\" rel=\"noopener\">Organiza\u00e7\u00e3o Residencial<\/a>: organize sua casa voc\u00ea mesma!<\/h4><p>Voc\u00ea esta cansada de tentar organizar a casa, mas n\u00e3o conseguir? Quer organizar definitivamente e eficiente, e acabar de vez com a bagun\u00e7a?<\/p><p>Pois \u00e9, com as <a href=\"https:\/\/go.hotmart.com\/L72308754E?dp=1\" target=\"_blank\" rel=\"noopener\">t\u00e9cnicas certas de organiza\u00e7\u00e3o<\/a> voc\u00ea consegue organizar sua casa de uma vez por todas e ter tempo para o que realmente importa!<\/p><p>Se eu te disser que isso \u00e9 poss\u00edvel voc\u00ea acredita? Quer saber mais? Vem comigo, que <a href=\"https:\/\/go.hotmart.com\/L72308754E?dp=1\" target=\"_blank\" rel=\"noopener\">eu te mostro!\u00a0<\/a><\/p><figure id=\"attachment_60332\" aria-describedby=\"caption-attachment-60332\" style=\"width: 700px\" class=\"wp-caption aligncenter\"><a href=\"https:\/\/go.hotmart.com\/L72308754E?dp=1\" target=\"_blank\" rel=\"noopener\"><img decoding=\"async\" class=\"wp-image-60332 size-full\" src=\"https:\/\/www.aarquiteta.com.br\/blog\/wp-content\/uploads\/2022\/06\/curso-de-organizacao-residencial.jpg\" alt=\"curso de organiza\u00e7\u00e3o residencial\" width=\"700\" height=\"400\" title=\"\" srcset=\"https:\/\/www.aarquiteta.com.br\/blog\/wp-content\/uploads\/2022\/06\/curso-de-organizacao-residencial.jpg 700w, https:\/\/www.aarquiteta.com.br\/blog\/wp-content\/uploads\/2022\/06\/curso-de-organizacao-residencial-696x398.jpg 696w, https:\/\/www.aarquiteta.com.br\/blog\/wp-content\/uploads\/2022\/06\/curso-de-organizacao-residencial-150x86.jpg 150w\" sizes=\"(max-width: 700px) 100vw, 700px\" \/><\/a><figcaption id=\"caption-attachment-60332\" class=\"wp-caption-text\"><a href=\"https:\/\/go.hotmart.com\/L72308754E?dp=1\" target=\"_blank\" rel=\"noopener\">Curso de organiza\u00e7\u00e3o residencial para todos por Gabi de Santi &#8211; Personal Organizer<\/a><\/figcaption><\/figure><p>E a\u00ed, gostou das dicas do artigo? Ent\u00e3o deslize a tela para baixo e confira <strong><a href=\"https:\/\/www.aarquiteta.com.br\">mais dicas<\/a><\/strong>, al\u00e9m dos nossos <strong><a href=\"http:\/\/www.aarquiteta.com.br\">Cursos e Treinamentos<\/a><\/strong>\u00a0e n\u00e3o se esque\u00e7a de compartilhar com os amigos!<\/p><p>Quer receber conte\u00fados exclusivos sobre <strong>casa, jardim, decora\u00e7\u00e3o, arquitetura, educa\u00e7\u00e3o financeira e muito mais<\/strong>? Ent\u00e3o, inscreva-se agora mesmo no nosso <strong><a href=\"https:\/\/t.me\/aarquitetablog\" target=\"_blank\" rel=\"noopener\">Canal do Telegram<\/a>!<\/strong> \ud83e\udd29\ud83d\udc68\u200d\ud83d\udc69\u200d\ud83d\udc67\u200d\ud83d\udc66<\/p><p>Aqui, voc\u00ea ter\u00e1 acesso a artigos, dicas e inspira\u00e7\u00f5es para <strong>transformar sua casa em um lar dos sonhos<\/strong>, cuidar do seu jardim com carinho, aprender sobre finan\u00e7as pessoais e muito mais. \ud83d\udcda\ud83d\udcb0<\/p><p>N\u00e3o perca mais tempo e junte-se a n\u00f3s para receber conte\u00fados exclusivos e se manter sempre atualizado! \ud83d\udce2\ud83c\udfe0\ud83c\udf3f\ud83c\udfe6. Ingresse <strong><a href=\"https:\/\/t.me\/aarquitetablog\" target=\"_blank\" rel=\"noopener\">aqui<\/a> <\/strong>no Canal da <strong>Arquiteta Blog por Luciana Paix\u00e3o!<\/strong> \ud83d\udc95<\/p>","protected":false},"excerpt":{"rendered":"<p>Penteadeira &#8211; 6 dicas para escolher o modelo dos sonhos perfeito! Confira os modelos de penteadeiras e como voc\u00ea pode projetar e mandar fazer a sua penteadeira dos sonhos!Atualmente uma penteadeira, \u00e9 um m\u00f3vel essencialmente feminino, e com o passar do tempo, as penteadeiras se tornaram o sonho de toda mulher.N\u00e3o importa o modelo, tamanho [&hellip;]<\/p>\n","protected":false},"author":102,"featured_media":50081,"comment_status":"closed","ping_status":"closed","sticky":false,"template":"","format":"standard","meta":{"footnotes":""},"categories":[1484,18756,18766],"tags":[12743,23856,12744,12745,23866,23861,23847,23873,23860,23853,23859,23850,23867,23874,23872,23875,23858,23871,23857,23869,23851,23848,23876,23880,23879,23862,23852,23870,23865,23854,23878,23863,23864,23855,23849,23868,23877],"class_list":["post-42939","post","type-post","status-publish","format-standard","has-post-thumbnail","category-decoracao","category-decoracao-de-dormitorio","category-produtos","tag-dicas-de-modelos-de-penteadeira","tag-guarda-roupa-com-penteadeira","tag-modelos-de-penteadeira","tag-penteadeira","tag-penteadeira-antiga","tag-penteadeira-branca","tag-penteadeira-camarim","tag-penteadeira-camarim-com-led","tag-penteadeira-camarim-pequena","tag-penteadeira-camarim-suspensa","tag-penteadeira-com-escrivaninha","tag-penteadeira-com-espelho","tag-penteadeira-com-espelho-e-luz","tag-penteadeira-com-gavetas","tag-penteadeira-com-led","tag-penteadeira-com-luzes","tag-penteadeira-de-maquiagem","tag-penteadeira-de-parede","tag-penteadeira-e-escrivaninha","tag-penteadeira-em-l","tag-penteadeira-escrivaninha","tag-penteadeira-infantil","tag-penteadeira-infantil-com-espelho","tag-penteadeira-maquiagem","tag-penteadeira-para-maquiagem","tag-penteadeira-para-quarto","tag-penteadeira-pequena","tag-penteadeira-pequena-com-espelho","tag-penteadeira-planejada","tag-penteadeira-preta","tag-penteadeira-provencal","tag-penteadeira-retro","tag-penteadeira-rosa","tag-penteadeira-simples","tag-penteadeira-suspensa","tag-penteadeira-suspensa-camarim","tag-penteadeira-vintage"],"_wp_attached_file":null,"_wp_attachment_metadata":null,"_wp_attachment_context":null,"_wp_attachment_is_custom_header":null,"geo_longitude":null,"geo_public":null,"geo_latitude":null,"_publicize_done_external":null,"_wpas_done_3897181":null,"publicize_twitter_user":null,"_wpas_done_3897175":null,"_wpas_skip_3897181":null,"_wpas_skip_3897175":null,"_wpas_skip_3924723":null,"_wpas_mess":null,"_wpas_done_3924723":null,"wps_subtitle":"Confira os modelos de penteadeiras e como voc\u00ea pode projetar e mandar fazer a sua penteadeira dos sonhos!","_links":{"self":[{"href":"https:\/\/www.aarquiteta.com.br\/blog\/wp-json\/wp\/v2\/posts\/42939","targetHints":{"allow":["GET"]}}],"collection":[{"href":"https:\/\/www.aarquiteta.com.br\/blog\/wp-json\/wp\/v2\/posts"}],"about":[{"href":"https:\/\/www.aarquiteta.com.br\/blog\/wp-json\/wp\/v2\/types\/post"}],"author":[{"embeddable":true,"href":"https:\/\/www.aarquiteta.com.br\/blog\/wp-json\/wp\/v2\/users\/102"}],"replies":[{"embeddable":true,"href":"https:\/\/www.aarquiteta.com.br\/blog\/wp-json\/wp\/v2\/comments?post=42939"}],"version-history":[{"count":0,"href":"https:\/\/www.aarquiteta.com.br\/blog\/wp-json\/wp\/v2\/posts\/42939\/revisions"}],"wp:featuredmedia":[{"embeddable":true,"href":"https:\/\/www.aarquiteta.com.br\/blog\/wp-json\/wp\/v2\/media\/50081"}],"wp:attachment":[{"href":"https:\/\/www.aarquiteta.com.br\/blog\/wp-json\/wp\/v2\/media?parent=42939"}],"wp:term":[{"taxonomy":"category","embeddable":true,"href":"https:\/\/www.aarquiteta.com.br\/blog\/wp-json\/wp\/v2\/categories?post=42939"},{"taxonomy":"post_tag","embeddable":true,"href":"https:\/\/www.aarquiteta.com.br\/blog\/wp-json\/wp\/v2\/tags?post=42939"}],"curies":[{"name":"wp","href":"https:\/\/api.w.org\/{rel}","templated":true}]}}