{"id":42865,"date":"2022-02-10T19:10:58","date_gmt":"2022-02-10T22:10:58","guid":{"rendered":"http:\/\/aarquiteta.com.br\/?p=42865"},"modified":"2024-09-15T08:38:49","modified_gmt":"2024-09-15T11:38:49","slug":"decoracao-minimalista-quente-como-aplicar","status":"publish","type":"post","link":"https:\/\/www.aarquiteta.com.br\/blog\/decoracao-minimalista-quente-como-aplicar\/","title":{"rendered":"Decora\u00e7\u00e3o Minimalista &#8211; Aplique o minimalismo quente no seu projeto!"},"content":{"rendered":"<p><img decoding=\"async\" class=\"size-full wp-image-42867\" src=\"https:\/\/www.aarquiteta.com.br\/blog\/wp-content\/uploads\/2022\/02\/Decoracao-Minimalista-Aplique-o-minimalismo-quente-no-seu-projeto.jpg\" alt=\"Decora\u00e7\u00e3o Minimalista - Aplique o minimalismo quente no seu projeto!\" width=\"700\" height=\"400\" title=\"\" srcset=\"https:\/\/www.aarquiteta.com.br\/blog\/wp-content\/uploads\/2022\/02\/Decoracao-Minimalista-Aplique-o-minimalismo-quente-no-seu-projeto.jpg 700w, https:\/\/www.aarquiteta.com.br\/blog\/wp-content\/uploads\/2022\/02\/Decoracao-Minimalista-Aplique-o-minimalismo-quente-no-seu-projeto-696x398.jpg 696w, https:\/\/www.aarquiteta.com.br\/blog\/wp-content\/uploads\/2022\/02\/Decoracao-Minimalista-Aplique-o-minimalismo-quente-no-seu-projeto-150x86.jpg 150w\" sizes=\"(max-width: 700px) 100vw, 700px\" \/><\/p><p id=\"warm-minimalism-what-is-it-and-how-to-implement-it\" class=\"jsx-3692753319 jsx-2566528898 c--main-600\">Decora\u00e7\u00e3o Minimalista quente, confira como aplicar este estilo de decora\u00e7\u00e3o no seu <a href=\"https:\/\/www.aarquiteta.com.br\/blog\/?s=PROJETO\">projeto<\/a> e apaixone-se por ele!<\/p><div class=\"article-info mtb--normal lh--1-5 c--main-800 d--flex ai--center\">Veja porque o minimalismo quente est\u00e1 se tornando uma tend\u00eancia na decora\u00e7\u00e3o e aprenda como aplic\u00e1-lo em sua casa.<\/div><h2 class=\"article-info mtb--normal lh--1-5 c--main-800 d--flex ai--center\"><span style=\"font-size: 24px; font-weight: bold;\">Decora\u00e7\u00e3o Minimalista \u2014 Menos \u00e9 mais!<\/span><\/h2><p>A base do minimalismo como o conhecemos hoje \u00e9 o famoso: <strong>menos \u00e9 mais!<\/strong><\/p><p>Essa filosofia provou ser bem-sucedida em muitos lares, pois grandes feitos podem ser alcan\u00e7ados com apenas alguns elementos. Funciona tanto pela est\u00e9tica como pela praticidade que proporciona.<\/p><p>Para muitos, no entanto, a falta de certos elementos pode fazer com que o minimalismo pare\u00e7a frio ou chato.<\/p><div><span style=\"font-size: 22px; font-weight: bold;\">O que \u00e9 minimalismo frio ou tradicional?<\/span><\/div><div class=\"excerpt-image d--flex jsx-3361092747\"><div><p>Eis que com o passar dos anos, o minimalismo tradicional, apelidado de minimalismo frio evoluiu para o que chamamos<strong> minimalismo quente, <\/strong>pois ele emergiu essencialmente das m\u00e3os de especialistas em decora\u00e7\u00e3o e design, e n\u00e3o da <a href=\"https:\/\/www.aarquiteta.com.br\/blog\/?s=ARQUITETURA\">arquitetura<\/a> aplicada de maneira mais abrangente.<\/p><figure id=\"attachment_42872\" aria-describedby=\"caption-attachment-42872\" style=\"width: 1100px\" class=\"wp-caption aligncenter\"><img decoding=\"async\" class=\"wp-image-42872\" title=\"Decora\u00e7\u00e3o Minimalista - Aplique o minimalismo quente no seu projeto!\" src=\"https:\/\/www.aarquiteta.com.br\/blog\/wp-content\/uploads\/2022\/02\/minimalismo-frio.jpg\" alt=\"Decora\u00e7\u00e3o Minimalista - Aplique o minimalismo quente no seu projeto!\" width=\"1100\" height=\"733\" srcset=\"https:\/\/www.aarquiteta.com.br\/blog\/wp-content\/uploads\/2022\/02\/minimalismo-frio.jpg 768w, https:\/\/www.aarquiteta.com.br\/blog\/wp-content\/uploads\/2022\/02\/minimalismo-frio-696x464.jpg 696w, https:\/\/www.aarquiteta.com.br\/blog\/wp-content\/uploads\/2022\/02\/minimalismo-frio-150x100.jpg 150w\" sizes=\"(max-width: 1100px) 100vw, 1100px\" \/><figcaption id=\"caption-attachment-42872\" class=\"wp-caption-text\">Decora\u00e7\u00e3o Minimalista &#8211; Aplique o minimalismo quente no seu projeto!<\/figcaption><\/figure><h3>Por que o minimalismo quente \u00e9 uma tend\u00eancia?<\/h3><p>O minimalismo quente \u00e9 uma tend\u00eancia por uma raz\u00e3o bem convincente: pois ele pretende <strong>cuidar do meio ambiente.<\/strong><\/p><p>Atualmente, ele vem do encontro do desejo de preservar nossos recursos naturais, o que vem de encontro a muitos estilos de decora\u00e7\u00e3o que s\u00e3o justamente atra\u00eddos por esse movimento.<\/p><figure id=\"attachment_41990\" aria-describedby=\"caption-attachment-41990\" style=\"width: 1100px\" class=\"wp-caption aligncenter\"><img decoding=\"async\" class=\"wp-image-41990\" title=\"Decora\u00e7\u00e3o Minimalista - Como aplicar o minimalismo quente no seu projeto!\" src=\"https:\/\/www.aarquiteta.com.br\/blog\/wp-content\/uploads\/2022\/01\/Como-decorar-apartamento-no-estilo-escandinavo3.jpg\" alt=\"Decorar seu apartamento com estilo escandinavo requer claridade nos espa\u00e7os\" width=\"1100\" height=\"629\" srcset=\"https:\/\/www.aarquiteta.com.br\/blog\/wp-content\/uploads\/2022\/01\/Como-decorar-apartamento-no-estilo-escandinavo3.jpg 700w, https:\/\/www.aarquiteta.com.br\/blog\/wp-content\/uploads\/2022\/01\/Como-decorar-apartamento-no-estilo-escandinavo3-696x398.jpg 696w, https:\/\/www.aarquiteta.com.br\/blog\/wp-content\/uploads\/2022\/01\/Como-decorar-apartamento-no-estilo-escandinavo3-150x86.jpg 150w\" sizes=\"(max-width: 1100px) 100vw, 1100px\" \/><figcaption id=\"caption-attachment-41990\" class=\"wp-caption-text\">Decora\u00e7\u00e3o Minimalista &#8211; Como aplicar o minimalismo quente no seu projeto!<\/figcaption><\/figure><p>Nesse sentido, <strong>o uso de <a href=\"https:\/\/www.aarquiteta.com.br\/blog\/?s=MADEIRA\">madeira<\/a> e outros materiais reutiliz\u00e1veis \u200b\u200be recicl\u00e1veis \u200b\u200b<\/strong>d\u00e3o vida a esse <strong>novo estilo minimalista.<\/strong><\/p><p>\u00c9 aqui que encontramos uma <strong>segunda raz\u00e3o para a ascens\u00e3o deste estilo,<\/strong> que tem a ver com a <strong>durabilidade destas mat\u00e9rias-primas. <\/strong><\/p><p>As economias de m\u00e9dio a longo prazo s\u00e3o evidentes sendo geradas pela renova\u00e7\u00e3o de cada casa com elementos de qualidade.<\/p><figure id=\"attachment_42873\" aria-describedby=\"caption-attachment-42873\" style=\"width: 1100px\" class=\"wp-caption aligncenter\"><img decoding=\"async\" class=\"wp-image-42873\" src=\"https:\/\/www.aarquiteta.com.br\/blog\/wp-content\/uploads\/2022\/02\/o-minimalisto-quente.jpg\" alt=\"Decora\u00e7\u00e3o Minimalista - Aplique o minimalismo quente no seu projeto!\" width=\"1100\" height=\"733\" title=\"\" srcset=\"https:\/\/www.aarquiteta.com.br\/blog\/wp-content\/uploads\/2022\/02\/o-minimalisto-quente.jpg 768w, https:\/\/www.aarquiteta.com.br\/blog\/wp-content\/uploads\/2022\/02\/o-minimalisto-quente-696x464.jpg 696w, https:\/\/www.aarquiteta.com.br\/blog\/wp-content\/uploads\/2022\/02\/o-minimalisto-quente-150x100.jpg 150w\" sizes=\"(max-width: 1100px) 100vw, 1100px\" \/><figcaption id=\"caption-attachment-42873\" class=\"wp-caption-text\">Decora\u00e7\u00e3o Minimalista &#8211; Aplique o minimalismo quente no seu projeto!<\/figcaption><\/figure><p>Por fim, voltando \u00e0s origens da tend\u00eancia, outro motivo pelo qual o minimalismo quente vem conquistando o cora\u00e7\u00e3o de muitos, tem a ver com o sentimento, a sensa\u00e7\u00e3o que a utiliza\u00e7\u00e3o desses materiais causam \u00e0 primeira vista.<\/p><figure id=\"attachment_27454\" aria-describedby=\"caption-attachment-27454\" style=\"width: 733px\" class=\"wp-caption aligncenter\"><img decoding=\"async\" class=\"wp-image-27454\" title=\"Decora\u00e7\u00e3o Minimalista - Como aplicar o minimalismo quente no seu projeto!\" src=\"https:\/\/www.aarquiteta.com.br\/blog\/wp-content\/uploads\/2019\/08\/pinterest2.jpg\" alt=\"Decora\u00e7\u00e3o Minimalista - Como aplicar o minimalismo quente no seu projeto!\" width=\"733\" height=\"1100\" srcset=\"https:\/\/www.aarquiteta.com.br\/blog\/wp-content\/uploads\/2019\/08\/pinterest2.jpg 400w, https:\/\/www.aarquiteta.com.br\/blog\/wp-content\/uploads\/2019\/08\/pinterest2-150x225.jpg 150w\" sizes=\"(max-width: 733px) 100vw, 733px\" \/><figcaption id=\"caption-attachment-27454\" class=\"wp-caption-text\">Decora\u00e7\u00e3o Minimalista &#8211; Como aplicar o minimalismo quente no seu projeto!<\/figcaption><\/figure><p>O minimalismo quente vem de como voc\u00ea se sente sobre estar em contato com alguns materiais, <a href=\"https:\/\/www.aarquiteta.com.br\/blog\/?s=CORES\">cores<\/a> e acabamentos.<\/p><p>Sem d\u00favida, as pessoas mais interessadas neste estilo s\u00e3o os amantes da natureza e ambientalistas.<\/p><p><iframe title=\"Decore f\u00e1cil: O que \u00e9 decora\u00e7\u00e3o de ambientes?\" width=\"696\" height=\"392\" src=\"https:\/\/www.youtube.com\/embed\/9PjhGXgCGLU?feature=oembed\" frameborder=\"0\" allow=\"accelerometer; autoplay; clipboard-write; encrypted-media; gyroscope; picture-in-picture; web-share\" allowfullscreen><\/iframe><\/p><h2>Decora\u00e7\u00e3o Minimalista &#8211; Como aplicar o minimalismo quente no seu projeto?<\/h2><p>Se voc\u00ea achou interessante este novo conceito minimalista aplicado a <a href=\"https:\/\/www.aarquiteta.com.br\/blog\/cursos-de-arquitetura-e-decoracao\/curso-de-decoracao-de-interiores\/\">decora\u00e7\u00e3o de interiores<\/a> que descrevemos at\u00e9 aqui e deseja implement\u00e1-lo em sua casa, temos algumas dicas neste artigo para voc\u00ea aplic\u00e1-lo em sua casa, apartamento ou\u00a0 escrit\u00f3rio. Veja!<\/p><h3>1 \u2014 Estilo misto:<\/h3><p>A base do <a href=\"https:\/\/www.aarquiteta.com.br\/blog\/arquitetura-minimalista\/\" target=\"_blank\" rel=\"noopener\">minimalismo<\/a> \u00e9 que menos \u00e9 mais. A partir daqui, voc\u00ea pode misturar estilos que seguem essa filosofia, como <a href=\"https:\/\/www.aarquiteta.com.br\/blog\/design-escandinavo\/\" target=\"_blank\" rel=\"noopener\">escandinavo,<\/a> mediterr\u00e2neo e japon\u00eas.<\/p><p>Seja qual for a sua escolha, lembre-se que \u00e9 importante voltar ao b\u00e1sico e evitar exagerar e deixar para tr\u00e1s elementos decorativos ou m\u00f3veis desnecess\u00e1rios.<\/p><figure id=\"attachment_41988\" aria-describedby=\"caption-attachment-41988\" style=\"width: 1100px\" class=\"wp-caption aligncenter\"><img decoding=\"async\" class=\"wp-image-41988\" title=\"Decora\u00e7\u00e3o Minimalista - Como aplicar o minimalismo quente no seu projeto!\" src=\"https:\/\/www.aarquiteta.com.br\/blog\/wp-content\/uploads\/2022\/01\/Como-decorar-apartamento-no-estilo-escandinavo.jpg\" alt=\"Decora\u00e7\u00e3o Minimalista - Como aplicar o minimalismo quente no seu projeto!\" width=\"1100\" height=\"629\" srcset=\"https:\/\/www.aarquiteta.com.br\/blog\/wp-content\/uploads\/2022\/01\/Como-decorar-apartamento-no-estilo-escandinavo.jpg 700w, https:\/\/www.aarquiteta.com.br\/blog\/wp-content\/uploads\/2022\/01\/Como-decorar-apartamento-no-estilo-escandinavo-696x398.jpg 696w, https:\/\/www.aarquiteta.com.br\/blog\/wp-content\/uploads\/2022\/01\/Como-decorar-apartamento-no-estilo-escandinavo-150x86.jpg 150w\" sizes=\"(max-width: 1100px) 100vw, 1100px\" \/><figcaption id=\"caption-attachment-41988\" class=\"wp-caption-text\">Decora\u00e7\u00e3o Minimalista &#8211; Como aplicar o minimalismo quente no seu projeto!<\/figcaption><\/figure><p>Cores como nude ou caf\u00e9 claro s\u00e3o ideais nessa ideia, tons neutros funcionam muito bem quando voc\u00ea as combina com o branco tradicional.<\/p><h3>2 \u2014 Madeira,\u00a0 o melhor material:<\/h3><p>A madeira desempenha um papel importante no minimalismo quente e, embora existam outras op\u00e7\u00f5es, podemos dizer que \u00e9 o material principal para essa tend\u00eancia de decora\u00e7\u00e3o.<\/p><p>No entanto, n\u00e3o estamos falando de nenhuma madeira em espec\u00edfico. Procure op\u00e7\u00f5es tamb\u00e9m entre os materiais de reciclagem que mantenham a apar\u00eancia mais natural em tom e textura.<\/p><figure id=\"attachment_40215\" aria-describedby=\"caption-attachment-40215\" style=\"width: 1100px\" class=\"wp-caption aligncenter\"><img decoding=\"async\" class=\"wp-image-40215\" title=\"Decora\u00e7\u00e3o Minimalista - Como aplicar o minimalismo quente no seu projeto!\" src=\"https:\/\/www.aarquiteta.com.br\/blog\/wp-content\/uploads\/2022\/01\/aconchego-sala-de-jantar.png\" alt=\"Aconchego sala de jantar\" width=\"1100\" height=\"629\" srcset=\"https:\/\/www.aarquiteta.com.br\/blog\/wp-content\/uploads\/2022\/01\/aconchego-sala-de-jantar.png 700w, https:\/\/www.aarquiteta.com.br\/blog\/wp-content\/uploads\/2022\/01\/aconchego-sala-de-jantar-696x398.png 696w, https:\/\/www.aarquiteta.com.br\/blog\/wp-content\/uploads\/2022\/01\/aconchego-sala-de-jantar-150x86.png 150w\" sizes=\"(max-width: 1100px) 100vw, 1100px\" \/><figcaption id=\"caption-attachment-40215\" class=\"wp-caption-text\">Decora\u00e7\u00e3o Minimalista &#8211; Como aplicar o minimalismo quente no seu projeto!<\/figcaption><\/figure><p>Por exemplo, usar m\u00f3veis de cores claras, acess\u00f3rios ou acabamentos em madeira pode iluminar um espa\u00e7o com mais efici\u00eancia.<\/p><p>Visualmente, sua casa ficar\u00e1 mais aconchegante e acolhedora.<\/p><p>A madeira complementa os acess\u00f3rios t\u00eaxteis naturais, como mantas de l\u00e3, tapetes de algod\u00e3o, vime, vime ou l\u00e2mpadas de fibra, como juta.<\/p><p>O uso de cores como ocre, areia ou marrom em tais elementos \u00e9 essencial.<\/p><h3>3 \u2014 Escolha uma parede como ponto focal:<\/h3><p>Para adicionar calor extra \u00e0 sua decora\u00e7\u00e3o, voc\u00ea pode optar por uma parede de destaque. Trata-se de decorar uma parede para destac\u00e1-la sem ofuscar a decora\u00e7\u00e3o geral e sobrecarregar o espa\u00e7o.<\/p><p>Geralmente \u00e9 deixado de lado em face de outras necessidades, mas ao fazer isso voc\u00ea pode conseguir algo especial.<\/p><figure id=\"attachment_26928\" aria-describedby=\"caption-attachment-26928\" style=\"width: 1100px\" class=\"wp-caption aligncenter\"><img decoding=\"async\" class=\"wp-image-26928\" src=\"https:\/\/www.aarquiteta.com.br\/blog\/wp-content\/uploads\/2019\/07\/sala_com_paredes_de_pedra.jpg\" alt=\"\" width=\"1100\" height=\"822\" title=\"\" srcset=\"https:\/\/www.aarquiteta.com.br\/blog\/wp-content\/uploads\/2019\/07\/sala_com_paredes_de_pedra.jpg 972w, https:\/\/www.aarquiteta.com.br\/blog\/wp-content\/uploads\/2019\/07\/sala_com_paredes_de_pedra-696x520.jpg 696w, https:\/\/www.aarquiteta.com.br\/blog\/wp-content\/uploads\/2019\/07\/sala_com_paredes_de_pedra-150x112.jpg 150w\" sizes=\"(max-width: 1100px) 100vw, 1100px\" \/><figcaption id=\"caption-attachment-26928\" class=\"wp-caption-text\">Decora\u00e7\u00e3o Minimalista &#8211; Como aplicar o minimalismo quente no seu projeto!<\/figcaption><\/figure><p>Contraste as paredes com um m\u00f3vel de madeira natural proeminente e use uma camada de fundo que pode ser elaborada em madeira, micro-cimento ou outras aplica\u00e7\u00f5es em texturas.<\/p><p><img decoding=\"async\" class=\"aligncenter size-full wp-image-34612\" src=\"https:\/\/www.aarquiteta.com.br\/blog\/wp-content\/uploads\/2021\/09\/Espelho-com-moldura-de-madeira-de-demolicao.jpg\" alt=\"\" width=\"528\" height=\"710\" title=\"\" srcset=\"https:\/\/www.aarquiteta.com.br\/blog\/wp-content\/uploads\/2021\/09\/Espelho-com-moldura-de-madeira-de-demolicao.jpg 528w, https:\/\/www.aarquiteta.com.br\/blog\/wp-content\/uploads\/2021\/09\/Espelho-com-moldura-de-madeira-de-demolicao-150x202.jpg 150w\" sizes=\"(max-width: 528px) 100vw, 528px\" \/><\/p><p>Voc\u00ea tamb\u00e9m pode pendurar algumas pinturas minimalistas ou um grande espelho. Experimente! Tenho certeza que s\u00f3 com essas estas dicas iniciais voc\u00ea j\u00e1 alcan\u00e7ar\u00e1 um excelente resultado! Boa sorte!<\/p><\/div><pre><em><span class=\"author-info\"> Refer\u00eancia: Inspirado no texto de Decortips.<\/span><\/em><\/pre><h2>Voc\u00ea gostou das dicas sobre Decora\u00e7\u00e3o Minimalista?<\/h2><p>Ent\u00e3o deslize a tela para baixo e<a href=\"https:\/\/br.pinterest.com\/aarquitetapinterest\/_created\/\" target=\"_blank\" rel=\"noopener\"> confira mais dicas<\/a> como esta e n\u00e3o se esque\u00e7a de compartilhar com os amigos!<\/p><p>Quer mais dicas sobre o mundo da Arquitetura e Decora\u00e7\u00e3o? Ent\u00e3o decore f\u00e1cil sem mist\u00e9rios, confira alguns dos nossos artigos em:<\/p><ul><li style=\"list-style-type: none;\"><ul><li><a href=\"https:\/\/www.aarquiteta.com.br\/blog\/paisagismo\/\" target=\"_blank\" rel=\"noopener\">Casa e Jardim<\/a><\/li><li><a href=\"https:\/\/www.aarquiteta.com.br\/blog\/arquitetura\/mundo-arquitetura\/\" target=\"_blank\" rel=\"noopener\">Mundo Arquitetura<\/a><\/li><li><a href=\"https:\/\/www.aarquiteta.com.br\/decoracao\/\" target=\"_blank\" rel=\"noopener\">Decora\u00e7\u00e3o<br \/>\n<\/a><\/li><\/ul><\/li><\/ul><p>&nbsp;<\/p><\/div>","protected":false},"excerpt":{"rendered":"<p>Decora\u00e7\u00e3o Minimalista quente, confira como aplicar este estilo de decora\u00e7\u00e3o no seu projeto e apaixone-se por ele!Veja porque o minimalismo quente est\u00e1 se tornando uma tend\u00eancia na decora\u00e7\u00e3o e aprenda como aplic\u00e1-lo em sua casa.Decora\u00e7\u00e3o Minimalista \u2014 Menos \u00e9 mais!A base do minimalismo como o conhecemos hoje \u00e9 o famoso: menos \u00e9 mais!Essa filosofia provou [&hellip;]<\/p>\n","protected":false},"author":102,"featured_media":42867,"comment_status":"open","ping_status":"closed","sticky":false,"template":"","format":"standard","meta":{"footnotes":""},"categories":[18803],"tags":[8501,2275,12914,12915,12918,12917],"class_list":["post-42865","post","type-post","status-publish","format-standard","has-post-thumbnail","category-estilo-minimalista-na-decoracao","tag-decoracao-escandinava","tag-decoracao-minimalista","tag-decoracao-minimalista-fria","tag-decoracao-minimalista-quente","tag-decoracao-minimalista-tradicional","tag-o-que-e-minimalismo"],"_wp_attached_file":null,"_wp_attachment_metadata":null,"_wp_attachment_context":null,"_wp_attachment_is_custom_header":null,"geo_longitude":null,"geo_public":null,"geo_latitude":null,"_publicize_done_external":null,"_wpas_done_3897181":null,"publicize_twitter_user":null,"_wpas_done_3897175":null,"_wpas_skip_3897181":null,"_wpas_skip_3897175":null,"_wpas_skip_3924723":null,"_wpas_mess":null,"_wpas_done_3924723":null,"wps_subtitle":"Conhe\u00e7a os conceitos da Decora\u00e7\u00e3o Minimalista Quente e descubra como aplic\u00e1-la no seu projeto!","_links":{"self":[{"href":"https:\/\/www.aarquiteta.com.br\/blog\/wp-json\/wp\/v2\/posts\/42865","targetHints":{"allow":["GET"]}}],"collection":[{"href":"https:\/\/www.aarquiteta.com.br\/blog\/wp-json\/wp\/v2\/posts"}],"about":[{"href":"https:\/\/www.aarquiteta.com.br\/blog\/wp-json\/wp\/v2\/types\/post"}],"author":[{"embeddable":true,"href":"https:\/\/www.aarquiteta.com.br\/blog\/wp-json\/wp\/v2\/users\/102"}],"replies":[{"embeddable":true,"href":"https:\/\/www.aarquiteta.com.br\/blog\/wp-json\/wp\/v2\/comments?post=42865"}],"version-history":[{"count":0,"href":"https:\/\/www.aarquiteta.com.br\/blog\/wp-json\/wp\/v2\/posts\/42865\/revisions"}],"wp:featuredmedia":[{"embeddable":true,"href":"https:\/\/www.aarquiteta.com.br\/blog\/wp-json\/wp\/v2\/media\/42867"}],"wp:attachment":[{"href":"https:\/\/www.aarquiteta.com.br\/blog\/wp-json\/wp\/v2\/media?parent=42865"}],"wp:term":[{"taxonomy":"category","embeddable":true,"href":"https:\/\/www.aarquiteta.com.br\/blog\/wp-json\/wp\/v2\/categories?post=42865"},{"taxonomy":"post_tag","embeddable":true,"href":"https:\/\/www.aarquiteta.com.br\/blog\/wp-json\/wp\/v2\/tags?post=42865"}],"curies":[{"name":"wp","href":"https:\/\/api.w.org\/{rel}","templated":true}]}}