{"id":427,"date":"2022-01-09T12:00:55","date_gmt":"2022-01-09T15:00:55","guid":{"rendered":"http:\/\/aarquitetadicas.wordpress.com\/?p=427"},"modified":"2024-09-04T17:15:44","modified_gmt":"2024-09-04T20:15:44","slug":"como-calcular-taxa-de-ocupacao","status":"publish","type":"post","link":"https:\/\/www.aarquiteta.com.br\/blog\/como-calcular-taxa-de-ocupacao\/","title":{"rendered":"Taxa de Ocupa\u00e7\u00e3o e \u00cdndice de Aproveitamento &#8211; Como calcular no seu projeto?"},"content":{"rendered":"<p>Quando se trata de <a href=\"https:\/\/www.aarquiteta.com.br\/blog\/carreira-de-arquitetura\/desenvolvimento-de-projetos-de-arquitetura\/projetos-de-arquitetura-como-fazer\/\" class=\"ilj-generated-link\">projetos de arquitetura<\/a>, \u00e9 importante levar em considera\u00e7\u00e3o muitos fatores diferentes para garantir o sucesso do projeto. Uma dessas considera\u00e7\u00f5es importantes \u00e9 a taxa de ocupa\u00e7\u00e3o.<\/p><p>Mas, afinal, o que \u00e9 a taxa de ocupa\u00e7\u00e3o em um projeto de arquitetura e como ela pode impactar o sucesso do seu projeto? Neste artigo, vamos explorar o que \u00e9 a taxa de ocupa\u00e7\u00e3o, como ela \u00e9 calculada e como ela pode afetar o sucesso de seu projeto.<\/p><h2>O que \u00e9 a Taxa de Ocupa\u00e7\u00e3o em um Projeto de Arquitetura?<\/h2><p>A taxa de ocupa\u00e7\u00e3o em um projeto de arquitetura \u00e9 uma medida da quantidade de espa\u00e7o constru\u00eddo em rela\u00e7\u00e3o \u00e0 \u00e1rea total do terreno.<\/p><p>\u00c9 calculado como a rela\u00e7\u00e3o entre a \u00e1rea constru\u00edda e a \u00e1rea total do terreno.<\/p><p>Por exemplo, se uma edifica\u00e7\u00e3o tem uma \u00e1rea constru\u00edda de 1000 metros quadrados e um terreno com uma \u00e1rea total de 2000 metros quadrados, a taxa de ocupa\u00e7\u00e3o seria de 50%.<\/p><h2>Como a Taxa de Ocupa\u00e7\u00e3o \u00e9 Calculada?<\/h2><p>A taxa de ocupa\u00e7\u00e3o \u00e9 geralmente calculada como a rela\u00e7\u00e3o entre a \u00e1rea constru\u00edda e a \u00e1rea total do terreno.<\/p><p>A \u00e1rea constru\u00edda inclui a \u00e1rea total de todos os edif\u00edcios e estruturas constru\u00eddas no terreno, enquanto a \u00e1rea total do terreno \u00e9 a \u00e1rea total do terreno onde a edifica\u00e7\u00e3o est\u00e1 localizada.<\/p><h3>Como a Taxa de Ocupa\u00e7\u00e3o Pode Impactar o Sucesso do Seu Projeto de Arquitetura?<\/h3><p>A taxa de ocupa\u00e7\u00e3o pode ter um impacto significativo no sucesso de um projeto de arquitetura.<\/p><p>Se a taxa de ocupa\u00e7\u00e3o for muito alta, pode significar que o espa\u00e7o dispon\u00edvel no terreno est\u00e1 sendo maximizado e que o projeto est\u00e1 sendo otimizado para o uso do espa\u00e7o.<\/p><p>Por outro lado, se a taxa de ocupa\u00e7\u00e3o for muito baixa, pode indicar que h\u00e1 espa\u00e7o desperdi\u00e7ado no terreno e que o projeto n\u00e3o est\u00e1 aproveitando todo o potencial do terreno.<\/p><p>Al\u00e9m disso, a taxa de ocupa\u00e7\u00e3o tamb\u00e9m pode afetar as regulamenta\u00e7\u00f5es urbanas e de constru\u00e7\u00e3o em vigor.<\/p><p>Em muitos lugares, h\u00e1 leis e regulamentos que limitam a taxa de ocupa\u00e7\u00e3o permitida em um determinado terreno.<\/p><p>Se o projeto de arquitetura ultrapassar esses limites de taxa de ocupa\u00e7\u00e3o, pode haver san\u00e7\u00f5es ou mesmo a necessidade de fazer mudan\u00e7as no projeto.<\/p><p>Al\u00e9m disso, a taxa de ocupa\u00e7\u00e3o tamb\u00e9m pode impactar a funcionalidade e a apar\u00eancia do projeto.<\/p><p>Se a taxa de ocupa\u00e7\u00e3o for muito alta, pode resultar em edif\u00edcios superlotados e espa\u00e7os confinados, o que pode afetar negativamente a experi\u00eancia dos usu\u00e1rios.<\/p><p>Por outro lado, se a taxa de ocupa\u00e7\u00e3o for muito baixa, pode resultar em espa\u00e7os vazios e desaproveitados, o que pode afetar negativamente a apar\u00eancia e a funcionalidade do projeto.<\/p><h2 style=\"text-align: justify;\"><a href=\"https:\/\/www.aarquiteta.com.br\/curso-de-arquitetura\/\" target=\"_blank\" rel=\"noopener\">Taxa de Ocupa\u00e7\u00e3o e \u00cdndice de Aproveitamento \u2014 Considera\u00e7\u00f5es:<\/a><\/h2><p><img decoding=\"async\" class=\"alignnone wp-image-6572 size-full\" src=\"https:\/\/www.aarquiteta.com.br\/blog\/wp-content\/uploads\/2015\/11\/taxa-de-ocupacao-e-indice-de-aproveitamento-como-calcular-e1643280637305.jpg\" alt=\"taxa de ocupa\u00e7\u00e3o e indice de aproveitamento\" width=\"700\" height=\"494\" title=\"\"><\/p><p><span style=\"font-weight: 400;\">Para o c\u00e1lculo de \u00e1reas de um projeto, seja ela constru\u00e7\u00e3o nova ou regulariza\u00e7\u00e3o, o mais importante que devemos sempre considerar 3 <\/span><span style=\"font-weight: 400;\">t\u00f3picos:<\/span><\/p><h3><b><\/b>1 \u2014 \u00c1rea coberta:<\/h3><h4><b>Toda<\/b><span style=\"font-weight: 400;\">\u00a0\u00e1rea coberta<\/span><b> CONTA<\/b><span style=\"font-weight: 400;\"> como \u00e1rea constru\u00edda. <\/span><\/h4><h4><span style=\"font-weight: 400;\">N\u00e3o importa qual ambiente ou qual pavimento seja,\u00a0se existe uma cobertura sobre ela, ent\u00e3o contabiliza-se para o quadro de \u00e1reas. \u00a0<\/span><\/h4><h4><span style=\"font-weight: 400;\">Exceto pavimentos com p\u00e9 direito duplo, a\u00ed voc\u00ea conta a \u00e1rea uma vez s\u00f3.<\/span><\/h4><h3>2 \u2014 Beiral:<span style=\"font-weight: 400;\"> \u00a0\u00a0<\/span><\/h3><p><span style=\"font-weight: 400;\">Beiral <\/span><b>de at\u00e9 1,00 m<\/b><span style=\"font-weight: 400;\"> de largura <\/span><b>N\u00c3O CONTABILIZA<\/b><span style=\"font-weight: 400;\"> como \u00e1rea constru\u00edda, portanto n\u00e3o entra para o <a href=\"https:\/\/www.aarquiteta.com.br\/blog\/home-decor\/quadros-e-posteres\/\" class=\"ilj-generated-link\">quadro<\/a> de \u00e1reas. <\/span><\/p><p><span style=\"font-weight: 400;\">Contudo, se o beiral passar de 1,00 m ao fazer o c\u00e1lculo de \u00e1reas, voc\u00ea deve fazer o contorno do per\u00edmetro da edifica\u00e7\u00e3o n\u00e3o pelo extremo externo da parede, mas sim pelo <\/span><b>contorno da cobertura<\/b><span style=\"font-weight: 400;\">, ou seja, a proje\u00e7\u00e3o do beiral.<\/span><\/p><p><span style=\"font-weight: 400;\"> Na maioria das prefeituras que trabalhei funcionou assim. <\/span><\/p><h3>3 \u2014 O c\u00f3digo de obras:<\/h3><p><span style=\"font-weight: 400;\">Antes de se iniciar um projeto, voc\u00ea deve <\/span><b>consultar o<\/b> <b>C\u00f3digo de Obras da cidade<\/b><span style=\"font-weight: 400;\">, pois <\/span>c<b><span style=\"font-weight: 400;\">ada <a href=\"https:\/\/www.aarquiteta.com.br\/blog\/carreira-de-arquitetura\/desenvolvimento-de-projetos-de-arquitetura\/projetos-de-prefeitura-arquitetura-como-fazer\/\" class=\"ilj-generated-link\">prefeitura<\/a> tem o seu c\u00f3digo de obras, com suas caracter\u00edsticas e exig\u00eancias pr\u00f3prias regidas por um plano diretor.<\/span><\/b><\/p><p><b><span style=\"font-weight: 400;\"> Por isso, ao ler o <span style=\"color: #0000ff;\"><a style=\"color: #0000ff;\" href=\"https:\/\/amzn.to\/3t5eMtT\" target=\"_blank\" rel=\"noopener\">e-book<\/a><\/span> consulte as particularidades da sua cidade ou regi\u00e3o<\/span><\/b><b>.<\/b><\/p><h4>NOTA: Cada Prefeitura, um c\u00f3digo de obras:<\/h4><p>Temos muitas prefeituras municipais em nosso pa\u00eds<span style=\"font-weight: 400;\">, portanto seria leviano afirmar que todas trabalham da mesma maneira.<\/span><\/p><p>Cada prefeitura tem seu procedimento padr\u00e3o<span style=\"font-weight: 400;\">, suas leis e seus c\u00f3digos de obras.<\/span><\/p><p><span style=\"font-weight: 400;\">Sabemos por experi\u00eancia profissional que <\/span><b>existe o procedimento m\u00ednimo a ser atendid<\/b><span style=\"font-weight: 400;\"><strong>o<\/strong> para se aprovar um <a href=\"https:\/\/www.aarquiteta.com.br\/blog\/carreira-de-arquitetura\/desenvolvimento-de-projetos-de-arquitetura\/projetos-de-prefeitura-arquitetura-como-fazer\/\" class=\"ilj-generated-link\">projeto de prefeitura<\/a>, seja ele qual for: constru\u00e7\u00e3o, regulariza\u00e7\u00e3o, etc. <\/span><\/p><p><span style=\"font-weight: 400;\">S\u00e3o esses m\u00ednimos que discorremos ao longo das p\u00e1ginas do <\/span><span style=\"color: #0000ff;\"><b><a href=\"https:\/\/www.aarquiteta.com.br\/e-book-projetos-de-prefeitura\/\" target=\"_blank\" rel=\"noopener\"><span style=\"color: #0000ff;\">e-book Projetos de Prefeitura<\/span>.<\/a><\/b><\/span><\/p><h2>Taxa de Ocupa\u00e7\u00e3o e \u00cdndice de Aproveitamento \u2014 \u00c1rea comput\u00e1vel x \u00c1rea n\u00e3o comput\u00e1vel?<\/h2><p><span style=\"font-weight: 400;\">Nesse campo <\/span><b>estar\u00e3o indicadas<\/b><span style=\"font-weight: 400;\"> quais s\u00e3o as \u00e1reas do lote, assim como:<\/span><\/p><p>As \u00e1reas a construir, a reformar, a acrescer e\/ou a demolir, coeficiente de aproveitamento, taxa de ocupa\u00e7\u00e3o,<span style=\"font-weight: 400;\">\u00a0entre outras \u00e1reas do seu projeto.<\/span><\/p><p><span style=\"font-weight: 400;\">As \u00e1reas s\u00e3o indicadas por pavimentos sendo separadas por <\/span><b>\u00e1reas comput\u00e1veis e n\u00e3o comput\u00e1veis:<\/b><\/p><p><iframe style=\"width: 120px; height: 240px;\" src=\"\/\/ws-na.amazon-adsystem.com\/widgets\/q?ServiceVersion=20070822&amp;OneJS=1&amp;Operation=GetAdHtml&amp;MarketPlace=BR&amp;source=ss&amp;ref=as_ss_li_til&amp;ad_type=product_link&amp;tracking_id=aarquiteta-20&amp;language=pt_BR&amp;marketplace=amazon&amp;region=BR&amp;placement=8561453443&amp;asins=8561453443&amp;linkId=270820f75c42ca0a4acd8d41c495df99&amp;show_border=true&amp;link_opens_in_new_window=true\" frameborder=\"0\" marginwidth=\"0\" marginheight=\"0\" scrolling=\"no\" sandbox=\"allow-popups allow-scripts allow-modals allow-forms allow-same-origin\"><\/iframe><\/p><p><span style=\"font-weight: 400;\">Voc\u00ea pode criar o seu quadro como voc\u00ea preferir, <\/span><b>o importante \u00e9 que voc\u00ea separe as \u00e1reas corretamente.<\/b><\/p><p>Para isso \u00e9 necess\u00e1rio indicar as 2 categorias de uso de \u00e1rea:<\/p><figure id=\"attachment_6565\" aria-describedby=\"caption-attachment-6565\" style=\"width: 800px\" class=\"wp-caption aligncenter\"><a href=\"https:\/\/www.aarquiteta.com.br\/blog\/wp-content\/uploads\/2014\/04\/quadro-de-areas.jpg\"><img decoding=\"async\" class=\"wp-image-6565\" title=\"Taxa de Ocupa\u00e7\u00e3o e \u00cdndice Aproveitamento - Como calcular o seu projeto?\" src=\"https:\/\/www.aarquiteta.com.br\/blog\/wp-content\/uploads\/2014\/04\/quadro-de-areas.jpg\" alt=\"Taxa de Ocupa\u00e7\u00e3o e \u00cdndice Aproveitamento - Como calcular o seu projeto?\" width=\"800\" height=\"463\" srcset=\"https:\/\/www.aarquiteta.com.br\/blog\/wp-content\/uploads\/2014\/04\/quadro-de-areas.jpg 1193w, https:\/\/www.aarquiteta.com.br\/blog\/wp-content\/uploads\/2014\/04\/quadro-de-areas-1024x593.jpg 1024w, https:\/\/www.aarquiteta.com.br\/blog\/wp-content\/uploads\/2014\/04\/quadro-de-areas-696x403.jpg 696w, https:\/\/www.aarquiteta.com.br\/blog\/wp-content\/uploads\/2014\/04\/quadro-de-areas-150x87.jpg 150w\" sizes=\"(max-width: 800px) 100vw, 800px\" \/><\/a><figcaption id=\"caption-attachment-6565\" class=\"wp-caption-text\">Imagem: Acervo pessoal: www.aarquiteta.com.br\/curso-de-arquitetura\/<\/figcaption><\/figure><h3>1 \u2014 \u00c1reas comput\u00e1veis<span style=\"font-weight: 400;\">: <\/span><\/h3><p><span style=\"font-weight: 400;\">S\u00e3o as <\/span><b>\u00e1reas habit\u00e1veis<\/b><span style=\"font-weight: 400;\">, \u00e1rea onde costumamos usar o ambiente.<\/span><\/p><p><span style=\"font-weight: 400;\">S\u00e3o as \u00e1reas dos pavimentos, lembrando que Garagem Coberta tamb\u00e9m entra nessa contagem.<\/span><\/p><h3>2 \u2014 As \u00e1reas n\u00e3o comput\u00e1veis<span style=\"font-weight: 400;\">:<\/span><\/h3><p><span style=\"font-weight: 400;\">S\u00e3o as \u00e1reas de <\/span><b>obras complementares<\/b><span style=\"font-weight: 400;\">, como piscina e casa de m\u00e1quinas.<\/span><\/p><p><span style=\"font-weight: 400;\">Nesse local tamb\u00e9m ser\u00e3o anotados os \u00edndices urban\u00edsticos como as <\/span><b>taxas de ocupa\u00e7\u00e3o e coeficiente ou \u00edndice de aproveitamento.<\/b><\/p><p><span style=\"font-weight: 400;\">Para facilitar a verifica\u00e7\u00e3o do c\u00e1lculo de \u00e1reas \u00e9 necess\u00e1rio preparar um memorial de \u00e1reas, como esse memorial de c\u00e1lculo de \u00e1reas, por exemplo:<\/span><\/p><p>&nbsp;<\/p><figure id=\"attachment_6566\" aria-describedby=\"caption-attachment-6566\" style=\"width: 900px\" class=\"wp-caption aligncenter\"><a href=\"https:\/\/www.aarquiteta.com.br\/blog\/wp-content\/uploads\/2014\/04\/memorial-calculo-de-areas.jpg\"><img decoding=\"async\" class=\"wp-image-6566\" title=\"Taxa de Ocupa\u00e7\u00e3o e \u00cdndice Aproveitamento - Como calcular o seu projeto?\" src=\"https:\/\/www.aarquiteta.com.br\/blog\/wp-content\/uploads\/2014\/04\/memorial-calculo-de-areas.jpg\" alt=\"Taxa de Ocupa\u00e7\u00e3o e \u00cdndice Aproveitamento - Como calcular o seu projeto?\" width=\"900\" height=\"651\" srcset=\"https:\/\/www.aarquiteta.com.br\/blog\/wp-content\/uploads\/2014\/04\/memorial-calculo-de-areas.jpg 1057w, https:\/\/www.aarquiteta.com.br\/blog\/wp-content\/uploads\/2014\/04\/memorial-calculo-de-areas-1024x741.jpg 1024w, https:\/\/www.aarquiteta.com.br\/blog\/wp-content\/uploads\/2014\/04\/memorial-calculo-de-areas-696x504.jpg 696w, https:\/\/www.aarquiteta.com.br\/blog\/wp-content\/uploads\/2014\/04\/memorial-calculo-de-areas-150x109.jpg 150w\" sizes=\"(max-width: 900px) 100vw, 900px\" \/><\/a><figcaption id=\"caption-attachment-6566\" class=\"wp-caption-text\"><a href=\"https:\/\/amzn.to\/3t5eMtT\" target=\"_blank\" rel=\"noopener\">Imagem: Acervo pessoal: www.aarquiteta.com.br\/curso-de-arquitetura\/<\/a><\/figcaption><\/figure><p>&nbsp;<\/p><p><span style=\"font-weight: 400;\">Com esse esquema voc\u00ea consegue <\/span><b>separar e visualizar as \u00e1reas<\/b><span style=\"font-weight: 400;\"> visualmente, o que facilitar\u00e1 o correto preenchimento do quadro de \u00e1reas no selo prefeitura.<\/span><\/p><p><span style=\"font-weight: 400;\">Ent\u00e3o vamos l\u00e1, voltaremos aos c\u00e1lculos de \u00e1reas:<\/span><\/p><h2>Taxa de Ocupa\u00e7\u00e3o e \u00cdndice de Aproveitamento:<\/h2><h3>Como calcular taxa de ocupa\u00e7\u00e3o?<\/h3><p><span style=\"font-weight: 400;\">Para calcular <\/span><b>TO (taxa de ocupa\u00e7\u00e3o) <\/b>deve-se utilizar <span style=\"font-weight: 400;\">uma <\/span><b>regrinha b\u00e1sica<\/b><span style=\"font-weight: 400;\"> muito f\u00e1cil de ser guardada.<\/span><\/p><p><span style=\"font-weight: 400;\">Com essa <\/span><b>f\u00f3rmula<\/b><span style=\"font-weight: 400;\"> voc\u00ea consegue realizar os c\u00e1lculos e inseri-los no quadro de \u00e1reas:<\/span><\/p><p style=\"margin: 0cm 0cm 0.0001pt; text-align: center;\" align=\"center\"><strong><u><span style=\"font-size: 14.0pt; font-family: 'Minion Pro','serif';\">TO = \u00c1REA TOTAL CONSTRU\u00cdDA DO PAV. T\u00c9RREO<\/span><\/u><\/strong><\/p><p style=\"margin: 0cm 0cm 0.0001pt; text-align: center;\" align=\"center\"><strong><span style=\"font-size: 14.0pt; font-family: 'Minion Pro','serif';\">\u00c1REA TOTAL DO LOTE<\/span><\/strong><\/p><h3>Como calcular o \u00edndice ou coeficiente de aproveitamento?<\/h3><p><b><span style=\"font-weight: 400;\">Para calcular\u00a0 o <\/span>IA (\u00edndice de aproveitamento) ou CA (coeficiente de aproveitamento)<\/b> deve-se tamb\u00e9m utilizar outra <b>regrinha b\u00e1sica<span style=\"font-weight: 400;\"> muito f\u00e1cil de ser guardada.<\/span><\/b><\/p><p><span style=\"font-weight: 400;\">Com essa <\/span><b>f\u00f3rmula<\/b><span style=\"font-weight: 400;\"> voc\u00ea consegue realizar os c\u00e1lculos e inseri-los no quadro de \u00e1reas:<\/span><\/p><p style=\"margin: 0cm; margin-bottom: .0001pt; text-align: center;\" align=\"center\"><strong><u><span style=\"font-size: 14.0pt; font-family: 'Minion Pro','serif';\">CA = \u00c1REA \u00daTIL TOTAL CONSTRU\u00cdDA<\/span><\/u><\/strong><\/p><p style=\"margin: 0cm; margin-bottom: .0001pt; text-align: center;\" align=\"center\"><strong><span style=\"font-size: 14.0pt; font-family: 'Minion Pro','serif';\">\u00c1REA TOTAL DO LOTE<\/span><\/strong><\/p><h4><strong>Aten\u00e7\u00e3o:<\/strong><\/h4><p><span style=\"font-weight: 400;\">1 \u2014 Para esses c\u00e1lculos s\u00f3 entram na contagem as \u00e1reas comput\u00e1veis.\u00a0<\/span><span style=\"font-weight: 400;\">As \u00e1reas n\u00e3o comput\u00e1veis como piscina e casa de m\u00e1quinas <strong>N\u00c3O.<\/strong><\/span><\/p><p><span style=\"font-weight: 400;\">2 \u2014 Subsolos tamb\u00e9m n\u00e3o entram na contagem do CA, pois, ele est\u00e1 <\/span><b>abaixo do n\u00edvel<\/b><span style=\"font-weight: 400;\"> da rua e <\/span><b>CA \u00e9<\/b><span style=\"font-weight: 400;\"> sobre o aproveitamento <\/span><b>a partir do n\u00edvel da rua<\/b><span style=\"font-weight: 400;\">.<\/span><\/p><p>Agora voc\u00ea j\u00e1 sabe como calcular o\u00a0<b>coeficiente de aproveitamento e a taxa de ocupa\u00e7\u00e3o de seu projeto.<\/b><\/p><p>Esse artigo faz parte do livro O pequeno grande guia de aprova\u00e7\u00e3o de projetos de prefeitura.<\/p><p>Voc\u00ea pode encontrar o livro na Amazon e ou nas melhores livrarias.<\/p><p><span style=\"font-weight: 400;\">Bons estudos, bons projetos e \u00f3timos neg\u00f3cios!<\/span><\/p><ul><li>Aproveite e aprenda tamb\u00e9m a calcular a <a href=\"https:\/\/www.aarquiteta.com.br\/blog\/como-calcular-o-quadro-de-iluminacao-e-ventilacao\/\" target=\"_blank\" rel=\"noopener\">Ilumina\u00e7\u00e3o e Ventila\u00e7\u00e3o &#8211; Aprenda como calcular o quadro de Ilumina\u00e7\u00e3o do seu projeto!<\/a><\/li><\/ul><p><iframe src=\"https:\/\/www.youtube.com\/embed\/gYl6bPqn3y4\" width=\"560\" height=\"315\" frameborder=\"0\" allowfullscreen=\"allowfullscreen\"><\/iframe>G<\/p><h3>Conclus\u00e3o:<\/h3><p>Em resumo, a taxa de ocupa\u00e7\u00e3o \u00e9 uma considera\u00e7\u00e3o importante ao planejar um projeto de arquitetura.<\/p><p>Ela pode ter um impacto significativo no sucesso do projeto, desde as regulamenta\u00e7\u00f5es urbanas e de constru\u00e7\u00e3o at\u00e9 a funcionalidade e a apar\u00eancia do projeto.<\/p><p>\u00c9 importante levar em considera\u00e7\u00e3o a taxa de ocupa\u00e7\u00e3o desde o in\u00edcio do processo de planejamento do projeto para garantir o sucesso e a efici\u00eancia do projeto final.<\/p><h3><strong>Gostou do artigo sobre <\/strong>Taxa de Ocupa\u00e7\u00e3o e \u00cdndice de Aproveitamento<strong>?<\/strong><\/h3><p><span id=\"Entao_compartilhe_com_os_amigos\" class=\"ez-toc-section\"><\/span><span id=\"Entao_compartilhe_com_os_amigos\" class=\"ez-toc-section\"><\/span><strong>Ent\u00e3o compartilhe com os amigos!<\/strong><\/p><p>Em fim, n\u00e3o se esque\u00e7a de me deixar saber nos coment\u00e1rios o que voc\u00ea achou do artigo.<\/p><p>At\u00e9 a pr\u00f3xima dica!<\/p><h3><span id=\"%E2%96%BAVeja_mais_dicas_em\" class=\"ez-toc-section\"><\/span><span id=\"%E2%96%BAVeja_mais_dicas_em\" class=\"ez-toc-section\"><\/span>\u25baVeja mais dicas em:<\/h3><p>Quer mais dicas ent\u00e3o confira alguns dos nossos artigos sobre:<\/p><ul><li><a href=\"https:\/\/www.aarquiteta.com.br\/decoracao\/\" target=\"_blank\" rel=\"noopener\">Decora\u00e7\u00e3o<\/a><\/li><li><a href=\"https:\/\/www.aarquiteta.com.br\/blog\/paisagismo\/\" target=\"_blank\" rel=\"noopener\">Casa e Jardim<\/a><\/li><li><a href=\"https:\/\/www.aarquiteta.com.br\/blog\/arquitetura\/mundo-arquitetura\/\" target=\"_blank\" rel=\"noopener\">Mundo Arquitetura<\/a><\/li><\/ul>","protected":false},"excerpt":{"rendered":"<p>Quando se trata de projetos de arquitetura, \u00e9 importante levar em considera\u00e7\u00e3o muitos fatores diferentes para garantir o sucesso do projeto. Uma dessas considera\u00e7\u00f5es importantes \u00e9 a taxa de ocupa\u00e7\u00e3o.Mas, afinal, o que \u00e9 a taxa de ocupa\u00e7\u00e3o em um projeto de arquitetura e como ela pode impactar o sucesso do seu projeto? Neste artigo, [&hellip;]<\/p>\n","protected":false},"author":102,"featured_media":6572,"comment_status":"open","ping_status":"open","sticky":false,"template":"","format":"standard","meta":{"footnotes":""},"categories":[1507,16],"tags":[9207,9210,64,75,9209,965,9208],"class_list":["post-427","post","type-post","status-publish","format-standard","has-post-thumbnail","category-arquitetura","category-projetos-de-prefeitura-arquitetura-como-fazer","tag-calculo-ocupacao","tag-coeficiente-de-aproveitamento","tag-curso-de-projetos-de-prefeitura","tag-e-book-projetos-prefeitura","tag-indice-de-aproveitamento","tag-projetos-de-prefeitura","tag-taxa-de-ocupacao"],"_wp_attached_file":null,"_wp_attachment_metadata":null,"_wp_attachment_context":null,"_wp_attachment_is_custom_header":null,"geo_longitude":null,"geo_public":"0","geo_latitude":null,"_publicize_done_external":{"facebook":{"758048921":true}},"_wpas_done_3897181":"1","publicize_twitter_user":"A_Arquiteta","_wpas_done_3897175":"1","_wpas_skip_3897181":"1","_wpas_skip_3897175":"1","_wpas_skip_3924723":"1","_wpas_mess":null,"_wpas_done_3924723":"1","wps_subtitle":"Desenvolvendo projeto de arquitetura? Aprenda como calcular Taxa de Ocupa\u00e7\u00e3o e \u00cdndice de Aproveitamento do seu projeto e n\u00e3o erre nunca mais!","_links":{"self":[{"href":"https:\/\/www.aarquiteta.com.br\/blog\/wp-json\/wp\/v2\/posts\/427","targetHints":{"allow":["GET"]}}],"collection":[{"href":"https:\/\/www.aarquiteta.com.br\/blog\/wp-json\/wp\/v2\/posts"}],"about":[{"href":"https:\/\/www.aarquiteta.com.br\/blog\/wp-json\/wp\/v2\/types\/post"}],"author":[{"embeddable":true,"href":"https:\/\/www.aarquiteta.com.br\/blog\/wp-json\/wp\/v2\/users\/102"}],"replies":[{"embeddable":true,"href":"https:\/\/www.aarquiteta.com.br\/blog\/wp-json\/wp\/v2\/comments?post=427"}],"version-history":[{"count":0,"href":"https:\/\/www.aarquiteta.com.br\/blog\/wp-json\/wp\/v2\/posts\/427\/revisions"}],"wp:featuredmedia":[{"embeddable":true,"href":"https:\/\/www.aarquiteta.com.br\/blog\/wp-json\/wp\/v2\/media\/6572"}],"wp:attachment":[{"href":"https:\/\/www.aarquiteta.com.br\/blog\/wp-json\/wp\/v2\/media?parent=427"}],"wp:term":[{"taxonomy":"category","embeddable":true,"href":"https:\/\/www.aarquiteta.com.br\/blog\/wp-json\/wp\/v2\/categories?post=427"},{"taxonomy":"post_tag","embeddable":true,"href":"https:\/\/www.aarquiteta.com.br\/blog\/wp-json\/wp\/v2\/tags?post=427"}],"curies":[{"name":"wp","href":"https:\/\/api.w.org\/{rel}","templated":true}]}}