{"id":42099,"date":"2022-02-01T19:10:15","date_gmt":"2022-02-01T22:10:15","guid":{"rendered":"http:\/\/aarquiteta.com.br\/?p=42099"},"modified":"2022-06-28T08:17:39","modified_gmt":"2022-06-28T11:17:39","slug":"como-organizar-closets","status":"publish","type":"post","link":"https:\/\/www.aarquiteta.com.br\/blog\/como-organizar-closets\/","title":{"rendered":"Como organizar closets &#8211; Dicas de como ganhar espa\u00e7o no arm\u00e1rio!"},"content":{"rendered":"<p><img decoding=\"async\" class=\"aligncenter size-full wp-image-42124\" src=\"https:\/\/www.aarquiteta.com.br\/blog\/wp-content\/uploads\/2022\/02\/Arrumacao-do-Closet-Dicas-de-como-ganhar-espaco-no-armario.jpg\" alt=\"\" width=\"700\" height=\"400\" title=\"\" srcset=\"https:\/\/www.aarquiteta.com.br\/blog\/wp-content\/uploads\/2022\/02\/Arrumacao-do-Closet-Dicas-de-como-ganhar-espaco-no-armario.jpg 700w, https:\/\/www.aarquiteta.com.br\/blog\/wp-content\/uploads\/2022\/02\/Arrumacao-do-Closet-Dicas-de-como-ganhar-espaco-no-armario-696x398.jpg 696w, https:\/\/www.aarquiteta.com.br\/blog\/wp-content\/uploads\/2022\/02\/Arrumacao-do-Closet-Dicas-de-como-ganhar-espaco-no-armario-150x86.jpg 150w\" sizes=\"(max-width: 700px) 100vw, 700px\" \/><\/p>\n<p>Como organizar closets<\/p>\n<p>O guarda-roupa \u00e9 parte essencial de todo quarto. \u00c9 nele que guardamos nossas roupas, acess\u00f3rios e at\u00e9 mesmo roupas de cama.<\/p>\n<p>As dicas e truques que daremos neste artigo ajudar\u00e3o voc\u00ea a ganhar mais espa\u00e7o no arm\u00e1rio e ainda dar-lhe a organiza\u00e7\u00e3o que ele precisa.<\/p>\n<h2>Como organizar closets \u2014 Dicas de como ganhar espa\u00e7o no arm\u00e1rio!<\/h2>\n<p>Confira a seguir dicas e truques essenciais para obter mais espa\u00e7o no arm\u00e1rio:<\/p>\n<h3>1. Passo 1 \u2014 Elabore uma escolha:<\/h3>\n<p>Se voc\u00ea precisa de mais espa\u00e7o no guarda-roupa, a primeira coisa que voc\u00ea deve fazer \u00e9 se sentar na frente dele e escolher o que deseja manter e o que deseja descartar.<\/p>\n<figure id=\"attachment_42114\" aria-describedby=\"caption-attachment-42114\" style=\"width: 1200px\" class=\"wp-caption aligncenter\"><img decoding=\"async\" class=\"wp-image-42114 size-full\" title=\"Como organizar closets - Dicas de como ganhar espa\u00e7o no arm\u00e1rio!\" src=\"https:\/\/www.aarquiteta.com.br\/blog\/wp-content\/uploads\/2022\/02\/dobra-de-camisa.jpg\" alt=\"Como organizar closets - Dicas de como ganhar espa\u00e7o no arm\u00e1rio!\" width=\"1200\" height=\"630\" srcset=\"https:\/\/www.aarquiteta.com.br\/blog\/wp-content\/uploads\/2022\/02\/dobra-de-camisa.jpg 1200w, https:\/\/www.aarquiteta.com.br\/blog\/wp-content\/uploads\/2022\/02\/dobra-de-camisa-1024x538.jpg 1024w, https:\/\/www.aarquiteta.com.br\/blog\/wp-content\/uploads\/2022\/02\/dobra-de-camisa-696x365.jpg 696w, https:\/\/www.aarquiteta.com.br\/blog\/wp-content\/uploads\/2022\/02\/dobra-de-camisa-150x79.jpg 150w\" sizes=\"(max-width: 1200px) 100vw, 1200px\" \/><figcaption id=\"caption-attachment-42114\" class=\"wp-caption-text\">Como organizar closets &#8211; Dicas de como ganhar espa\u00e7o no arm\u00e1rio!<\/figcaption><\/figure>\n<p>Isso pode ser dif\u00edcil para algumas pessoas, especialmente aquelas que tendem a acumular muitas pe\u00e7as, no entanto, \u00e9 importante lembrar que menos \u00e9 sempre mais.<\/p>\n<p>Essa \u00e9 a primeira dica para as pessoas que desejam organizar a casa eliminando algumas roupas e acess\u00f3rios muitas vezes in\u00fateis.<\/p>\n<h3>2. Fa\u00e7a um plano:<\/h3>\n<p>Antes de come\u00e7ar a colocar o resto de suas roupas no arm\u00e1rio, recomendamos que voc\u00ea d\u00ea uma olhada em cada pe\u00e7a de roupa que tem e fa\u00e7a um plano.<\/p>\n<p>Dependendo da fun\u00e7\u00e3o do seu guarda-roupa, voc\u00ea pode organizar suas roupas de diferentes maneiras. Depende de voc\u00ea, do seu estilo e, claro, da vibe que voc\u00ea quer dar ao espa\u00e7o.<\/p>\n<h3>3. Enrole suas roupas:<\/h3>\n<p>Uma das melhores dicas para ganhar mais espa\u00e7o no arm\u00e1rio \u00e9 enrolar as roupas para que elas ocupem menos espa\u00e7o no arm\u00e1rio.<\/p>\n<p>Principalmente no caso das camisetas, esse truque tamb\u00e9m evita que elas enruguem facilmente. N\u00e3o se preocupe se este m\u00e9todo n\u00e3o te soar bem.<\/p>\n<figure id=\"attachment_42122\" aria-describedby=\"caption-attachment-42122\" style=\"width: 1200px\" class=\"wp-caption aligncenter\"><img decoding=\"async\" class=\"wp-image-42122 size-full\" title=\"Como organizar closets - Dicas de como ganhar espa\u00e7o no arm\u00e1rio!\" src=\"https:\/\/www.aarquiteta.com.br\/blog\/wp-content\/uploads\/2022\/02\/camiseta-enrolada-1.jpg\" alt=\"Como organizar closets - Dicas de como ganhar espa\u00e7o no arm\u00e1rio!\" width=\"1200\" height=\"630\" srcset=\"https:\/\/www.aarquiteta.com.br\/blog\/wp-content\/uploads\/2022\/02\/camiseta-enrolada-1.jpg 1200w, https:\/\/www.aarquiteta.com.br\/blog\/wp-content\/uploads\/2022\/02\/camiseta-enrolada-1-1024x538.jpg 1024w, https:\/\/www.aarquiteta.com.br\/blog\/wp-content\/uploads\/2022\/02\/camiseta-enrolada-1-696x365.jpg 696w, https:\/\/www.aarquiteta.com.br\/blog\/wp-content\/uploads\/2022\/02\/camiseta-enrolada-1-150x79.jpg 150w\" sizes=\"(max-width: 1200px) 100vw, 1200px\" \/><figcaption id=\"caption-attachment-42122\" class=\"wp-caption-text\">Como organizar closets &#8211; Dicas de como ganhar espa\u00e7o no arm\u00e1rio!<\/figcaption><\/figure>\n<p>Voc\u00ea tamb\u00e9m pode dobr\u00e1-los em um quadrado como a maioria das pessoas faz. No entanto, se voc\u00ea fizer isso, coloque-os verticalmente na gaveta.<\/p>\n<p>Assim eles ocupar\u00e3o menos espa\u00e7o e voc\u00ea poder\u00e1 ver todas as op\u00e7\u00f5es que tem na hora de escolher o que vestir.<\/p>\n<h2>Como organizar closets?<\/h2>\n<p>Voc\u00ea esta cansada de tentar organizar a casa, mas n\u00e3o conseguir? Quer organizar definitivamente e eficiente, e acabar de vez com a bagun\u00e7a?<\/p>\n<p>Pois \u00e9, com as <a href=\"https:\/\/go.hotmart.com\/L72308754E?dp=1\" target=\"_blank\" rel=\"noopener\">t\u00e9cnicas certas de organiza\u00e7\u00e3o<\/a> voc\u00ea consegue organizar sua casa de uma vez por todas e ter tempo para o que realmente importa!<\/p>\n<p>Se eu te disser que isso \u00e9 poss\u00edvel voc\u00ea acredita? Quer saber mais? Vem comigo, que <a href=\"https:\/\/go.hotmart.com\/L72308754E?dp=1\" target=\"_blank\" rel=\"noopener\">eu te mostro!\u00a0<\/a><\/p>\n<figure id=\"attachment_60332\" aria-describedby=\"caption-attachment-60332\" style=\"width: 700px\" class=\"wp-caption aligncenter\"><a href=\"https:\/\/go.hotmart.com\/L72308754E?dp=1\" target=\"_blank\" rel=\"noopener\"><img decoding=\"async\" class=\"wp-image-60332 size-full\" src=\"https:\/\/www.aarquiteta.com.br\/blog\/wp-content\/uploads\/2022\/06\/curso-de-organizacao-residencial.jpg\" alt=\"curso de organiza\u00e7\u00e3o residencial\" width=\"700\" height=\"400\" title=\"\" srcset=\"https:\/\/www.aarquiteta.com.br\/blog\/wp-content\/uploads\/2022\/06\/curso-de-organizacao-residencial.jpg 700w, https:\/\/www.aarquiteta.com.br\/blog\/wp-content\/uploads\/2022\/06\/curso-de-organizacao-residencial-696x398.jpg 696w, https:\/\/www.aarquiteta.com.br\/blog\/wp-content\/uploads\/2022\/06\/curso-de-organizacao-residencial-150x86.jpg 150w\" sizes=\"(max-width: 700px) 100vw, 700px\" \/><\/a><figcaption id=\"caption-attachment-60332\" class=\"wp-caption-text\"><a href=\"https:\/\/go.hotmart.com\/L72308754E?dp=1\" target=\"_blank\" rel=\"noopener\">Curso de organiza\u00e7\u00e3o residencial para todos por Gabi de Santi &#8211; Personal Organizer<\/a><\/figcaption><\/figure>\n<p>&nbsp;<\/p>\n<h3>4. Use Caixas ou Divis\u00f3rias:<\/h3>\n<p>Usar divis\u00f3rias, caixas ou cestos para separar as roupas lhe dar\u00e1 mais espa\u00e7o no arm\u00e1rio, dependendo do tipo, cor ou formato. Ao fazer isso, seu guarda-roupa ficar\u00e1 bagun\u00e7ado porque cada pe\u00e7a de roupa ou acess\u00f3rio tem seu pr\u00f3prio lugar espec\u00edfico. O truque aqui \u00e9 lembrar de coloc\u00e1-los de volta no lugar para evitar confus\u00e3o.<\/p>\n<figure id=\"attachment_42117\" aria-describedby=\"caption-attachment-42117\" style=\"width: 775px\" class=\"wp-caption aligncenter\"><img decoding=\"async\" class=\"wp-image-42117 size-full\" title=\"Como organizar closets - Dicas de como ganhar espa\u00e7o no arm\u00e1rio!\" src=\"https:\/\/www.aarquiteta.com.br\/blog\/wp-content\/uploads\/2022\/02\/camisera-enrolada.png\" alt=\"Como organizar closets - Dicas de como ganhar espa\u00e7o no arm\u00e1rio!\" width=\"775\" height=\"477\" srcset=\"https:\/\/www.aarquiteta.com.br\/blog\/wp-content\/uploads\/2022\/02\/camisera-enrolada.png 775w, https:\/\/www.aarquiteta.com.br\/blog\/wp-content\/uploads\/2022\/02\/camisera-enrolada-696x428.png 696w, https:\/\/www.aarquiteta.com.br\/blog\/wp-content\/uploads\/2022\/02\/camisera-enrolada-150x92.png 150w\" sizes=\"(max-width: 775px) 100vw, 775px\" \/><figcaption id=\"caption-attachment-42117\" class=\"wp-caption-text\">Arruma\u00e7\u00e3o do Closet &#8211; Dicas de como ganhar espa\u00e7o no arm\u00e1rio!<\/figcaption><\/figure>\n<p>Se voc\u00ea tiver espa\u00e7o suficiente embaixo da cama, voc\u00ea pode coloc\u00e1-la tamb\u00e9m. Isso lhe far\u00e1 com que voc\u00ea ganha um espa\u00e7o a mais no arm\u00e1rio.<br \/>\nVoc\u00ea tamb\u00e9m pode fazer a mesma coisa em cima do seu arm\u00e1rio (se n\u00e3o atingir o teto).<\/p>\n<p>5. Organize as bolsas:<\/p>\n<p>As bolsas s\u00e3o um dos acess\u00f3rios que mais ocupam espa\u00e7o no arm\u00e1rio, n\u00e3o importa onde elas estejam guardadas. Para evitar que ocupem espa\u00e7o desnecess\u00e1rio, voc\u00ea pode guardar uma dentro do outra.<\/p>\n<figure id=\"attachment_42118\" aria-describedby=\"caption-attachment-42118\" style=\"width: 1024px\" class=\"wp-caption aligncenter\"><img decoding=\"async\" class=\"size-full wp-image-42118\" src=\"https:\/\/www.aarquiteta.com.br\/blog\/wp-content\/uploads\/2022\/02\/como-guardar-bolsas.jpg\" alt=\"Arruma\u00e7\u00e3o do Closet - Dicas de como ganhar espa\u00e7o no arm\u00e1rio!\" width=\"1024\" height=\"449\" title=\"\" srcset=\"https:\/\/www.aarquiteta.com.br\/blog\/wp-content\/uploads\/2022\/02\/como-guardar-bolsas.jpg 1024w, https:\/\/www.aarquiteta.com.br\/blog\/wp-content\/uploads\/2022\/02\/como-guardar-bolsas-696x305.jpg 696w, https:\/\/www.aarquiteta.com.br\/blog\/wp-content\/uploads\/2022\/02\/como-guardar-bolsas-150x66.jpg 150w\" sizes=\"(max-width: 1024px) 100vw, 1024px\" \/><figcaption id=\"caption-attachment-42118\" class=\"wp-caption-text\">Arruma\u00e7\u00e3o do Closet &#8211; Dicas de como ganhar espa\u00e7o no arm\u00e1rio!<\/figcaption><\/figure>\n<p>Voc\u00ea s\u00f3 precisa lembrar qual bolsa colocou na outra para n\u00e3o perder tempo procurando.<\/p>\n<h3>6. Coloque um organizador atr\u00e1s da porta:<\/h3>\n<p>Uma das melhores ideias para conseguir ganhar mais espa\u00e7o dentro do closet\u00a0 \u00e9 instalar um organizador de roupas, ou melhor, de sapatos!<\/p>\n<figure id=\"attachment_42119\" aria-describedby=\"caption-attachment-42119\" style=\"width: 1200px\" class=\"wp-caption aligncenter\"><img decoding=\"async\" class=\"size-full wp-image-42119\" src=\"https:\/\/www.aarquiteta.com.br\/blog\/wp-content\/uploads\/2022\/02\/sapateira-atras-da-porta.jpg\" alt=\"Arruma\u00e7\u00e3o do Closet - Dicas de como ganhar espa\u00e7o no arm\u00e1rio!\" width=\"1200\" height=\"1200\" title=\"\" srcset=\"https:\/\/www.aarquiteta.com.br\/blog\/wp-content\/uploads\/2022\/02\/sapateira-atras-da-porta.jpg 1200w, https:\/\/www.aarquiteta.com.br\/blog\/wp-content\/uploads\/2022\/02\/sapateira-atras-da-porta-1024x1024.jpg 1024w, https:\/\/www.aarquiteta.com.br\/blog\/wp-content\/uploads\/2022\/02\/sapateira-atras-da-porta-696x696.jpg 696w, https:\/\/www.aarquiteta.com.br\/blog\/wp-content\/uploads\/2022\/02\/sapateira-atras-da-porta-96x96.jpg 96w, https:\/\/www.aarquiteta.com.br\/blog\/wp-content\/uploads\/2022\/02\/sapateira-atras-da-porta-150x150.jpg 150w\" sizes=\"(max-width: 1200px) 100vw, 1200px\" \/><figcaption id=\"caption-attachment-42119\" class=\"wp-caption-text\">Arruma\u00e7\u00e3o do Closet &#8211; Dicas de como ganhar espa\u00e7o no arm\u00e1rio!<\/figcaption><\/figure>\n<p>Esses organizadores s\u00e3o perfeitos para guardar os seus sapatos. Como resultado, isso libera espa\u00e7o no arm\u00e1rio principal.<\/p>\n<h2>Como organizar closets &#8211; Dicas de como ganhar espa\u00e7o no arm\u00e1rio!<\/h2>\n<h3>7. D\u00ea preferencia aos cabideiros as prateleiras:<\/h3>\n<p>\u00c0s vezes, mudar a forma e a estrutura do seu guarda-roupa \u00e9 imposs\u00edvel, n\u00e3o importa o quanto voc\u00ea tente. Se puder, use mais trilhos do que cabides, pois os trilhos comportam mais roupas do que os cabides.<\/p>\n<figure id=\"attachment_42120\" aria-describedby=\"caption-attachment-42120\" style=\"width: 768px\" class=\"wp-caption aligncenter\"><img decoding=\"async\" class=\"size-full wp-image-42120\" src=\"https:\/\/www.aarquiteta.com.br\/blog\/wp-content\/uploads\/2022\/02\/cabideiro-padronizado.jpeg\" alt=\"Arruma\u00e7\u00e3o do Closet - Dicas de como ganhar espa\u00e7o no arm\u00e1rio!\" width=\"768\" height=\"1024\" title=\"\" srcset=\"https:\/\/www.aarquiteta.com.br\/blog\/wp-content\/uploads\/2022\/02\/cabideiro-padronizado.jpeg 768w, https:\/\/www.aarquiteta.com.br\/blog\/wp-content\/uploads\/2022\/02\/cabideiro-padronizado-696x928.jpeg 696w, https:\/\/www.aarquiteta.com.br\/blog\/wp-content\/uploads\/2022\/02\/cabideiro-padronizado-640x853.jpeg 640w, https:\/\/www.aarquiteta.com.br\/blog\/wp-content\/uploads\/2022\/02\/cabideiro-padronizado-150x200.jpeg 150w\" sizes=\"(max-width: 768px) 100vw, 768px\" \/><figcaption id=\"caption-attachment-42120\" class=\"wp-caption-text\">Arruma\u00e7\u00e3o do Closet &#8211; Dicas de como ganhar espa\u00e7o no arm\u00e1rio!<\/figcaption><\/figure>\n<p><span style=\"font-size: 22px; font-weight: bold;\">8. Instale prateleiras remov\u00edveis:<\/span><\/p>\n<p>Um grande erro que muitas pessoas cometem em seus arm\u00e1rios \u00e9 ignorar a \u00e1rea de maleiro do arm\u00e1rio. Ao negligenciar a \u00e1rea, voc\u00ea est\u00e1 desperdi\u00e7ando muito espa\u00e7o de armazenamento \u00fatil.<\/p>\n<figure id=\"attachment_42123\" aria-describedby=\"caption-attachment-42123\" style=\"width: 1100px\" class=\"wp-caption aligncenter\"><img decoding=\"async\" class=\"wp-image-42123\" src=\"https:\/\/www.aarquiteta.com.br\/blog\/wp-content\/uploads\/2022\/02\/maleiro-organizado.jpg\" alt=\"\" width=\"1100\" height=\"733\" title=\"\" srcset=\"https:\/\/www.aarquiteta.com.br\/blog\/wp-content\/uploads\/2022\/02\/maleiro-organizado.jpg 500w, https:\/\/www.aarquiteta.com.br\/blog\/wp-content\/uploads\/2022\/02\/maleiro-organizado-150x100.jpg 150w\" sizes=\"(max-width: 1100px) 100vw, 1100px\" \/><figcaption id=\"caption-attachment-42123\" class=\"wp-caption-text\">Arruma\u00e7\u00e3o do Closet &#8211; Dicas de como ganhar espa\u00e7o no arm\u00e1rio!<\/figcaption><\/figure>\n<p>Assim, colocar prateleiras remov\u00edveis \u00e9 a melhor op\u00e7\u00e3o. Voc\u00ea pode guardar todos os seus cal\u00e7ados nessas prateleiras e guardar tudo em uma ou mais gavetas.<\/p>\n<h3>9. O cabide que voc\u00ea usa \u00e9 importante!<\/h3>\n<p>Devido a seu formato, usar o mesmo tipo de cabides para todo o arm\u00e1rio ganhar\u00e1 espa\u00e7o. Acredite ou n\u00e3o, usar diferentes tipos de cabides desperdi\u00e7a espa\u00e7o.<\/p>\n<p>Evite os cabides de madeira e adote cabides mais finos e padronize-o para al\u00e9m de ganhar espa\u00e7o interno, deixar os seus arm\u00e1rios com o aspecto visual muito\u00a0 organizado.<\/p>\n<h3>Cansado da desordem nos arm\u00e1rios? <a href=\"https:\/\/go.hotmart.com\/L71606651A?dp=1\" target=\"_blank\" rel=\"noopener\">Que tal organizar<\/a>?<\/h3>\n<p>Com este <a href=\"https:\/\/go.hotmart.com\/L71606651A?dp=1\" target=\"_blank\" rel=\"noopener\">passo a passo<\/a> voc\u00ea conseguir\u00e1 organizar o seu ambiente eficazmente, otimizando e deixando os espa\u00e7os funcionais.<\/p>\n<p>Aprender\u00e1 desde o in\u00edcio do processo da organiza\u00e7\u00e3o, passando pela (auto) an\u00e1lise, at\u00e9 o que se deve guardar em gavetas, o que pendurar em cabides, <a href=\"https:\/\/go.hotmart.com\/L71606651A?dp=1\" target=\"_blank\" rel=\"noopener\">como organizar os diversos acess\u00f3rios<\/a>, entre outros.<\/p>\n<p><a style=\"font-weight: bold; background-color: initial;\" href=\"https:\/\/go.hotmart.com\/L71606651A?dp=1\" target=\"_blank\" rel=\"noopener\"><img decoding=\"async\" class=\"wp-image-60349 size-full\" src=\"https:\/\/www.aarquiteta.com.br\/blog\/wp-content\/uploads\/2022\/06\/curso-de-organizacao-closet.jpg\" alt=\"curso de organiza\u00e7\u00e3o closet\" width=\"700\" height=\"400\" title=\"\" srcset=\"https:\/\/www.aarquiteta.com.br\/blog\/wp-content\/uploads\/2022\/06\/curso-de-organizacao-closet.jpg 700w, https:\/\/www.aarquiteta.com.br\/blog\/wp-content\/uploads\/2022\/06\/curso-de-organizacao-closet-696x398.jpg 696w, https:\/\/www.aarquiteta.com.br\/blog\/wp-content\/uploads\/2022\/06\/curso-de-organizacao-closet-150x86.jpg 150w\" sizes=\"(max-width: 700px) 100vw, 700px\" \/><\/a><\/p>\n<p><a href=\"https:\/\/go.hotmart.com\/L71606651A?dp=1\" target=\"_blank\" rel=\"noopener\">Curso de organiza\u00e7\u00e3o closet\u00a0 por HARMONIZATTA<\/a><\/p>\n<p>Inclu\u00edmos fotos para te ajudar em todo o processo da organiza\u00e7\u00e3o, com o uso de organizadores pr\u00f3prios, pois al\u00e9m de deixar tudo em ordem, eles trazem facilidade e otimiza\u00e7\u00e3o para os espa\u00e7os.<\/p>\n<p><a href=\"https:\/\/go.hotmart.com\/L71606651A?dp=1\" target=\"_blank\" rel=\"noopener\">ORGANIZA\u00c7\u00c3O<\/a> n\u00e3o \u00e9 luxo e sim QUALIDADE DE VIDA!<\/p>\n<pre>Inspirado no texto original de Decortips.<\/pre>\n<h2><strong>E a\u00ed, gostou do artigo sobre como organizar closets?<\/strong><\/h2>\n<p>Ent\u00e3o deslize a tela para baixo e<a href=\"https:\/\/br.pinterest.com\/aarquitetapinterest\/_created\/\" target=\"_blank\" rel=\"noopener\"> confira mais dicas<\/a> como esta e n\u00e3o se esque\u00e7a de compartilhar com os amigos!<\/p>\n<p>Quer mais dicas sobre o mundo da Arquitetura e Decora\u00e7\u00e3o? Ent\u00e3o decore f\u00e1cil sem mist\u00e9rios, confira alguns dos nossos artigos em:<\/p>\n<ul>\n<li style=\"list-style-type: none;\">\n<ul>\n<li><a href=\"https:\/\/www.aarquiteta.com.br\/blog\/paisagismo\/\" target=\"_blank\" rel=\"noopener\">Casa e Jardim<\/a><\/li>\n<li><a href=\"https:\/\/www.aarquiteta.com.br\/blog\/arquitetura\/mundo-arquitetura\/\" target=\"_blank\" rel=\"noopener\">Mundo Arquitetura<\/a><\/li>\n<li><a href=\"https:\/\/www.aarquiteta.com.br\/decoracao\/\" target=\"_blank\" rel=\"noopener\">Decora\u00e7\u00e3o<br \/>\n<\/a><\/li>\n<\/ul>\n<\/li>\n<\/ul>\n<p>&nbsp;<\/p>\n","protected":false},"excerpt":{"rendered":"<p>Como organizar closets O guarda-roupa \u00e9 parte essencial de todo quarto. \u00c9 nele que guardamos nossas roupas, acess\u00f3rios e at\u00e9 mesmo roupas de cama. As dicas e truques que daremos neste artigo ajudar\u00e3o voc\u00ea a ganhar mais espa\u00e7o no arm\u00e1rio e ainda dar-lhe a organiza\u00e7\u00e3o que ele precisa. Como organizar closets \u2014 Dicas de como [&hellip;]<\/p>\n","protected":false},"author":102,"featured_media":42124,"comment_status":"open","ping_status":"closed","sticky":false,"template":"","format":"standard","meta":{"footnotes":""},"categories":[18785,19106],"tags":[12929,12930,12931,12932],"class_list":["post-42099","post","type-post","status-publish","format-standard","has-post-thumbnail","category-decoracao-de-closet","category-organizacao-e-armazenamento","tag-arrumacao-do-closet","tag-como-arrumar-o-closet","tag-como-ganhar-espaco-no-armario","tag-como-organizar-o-guarda-roupas"],"_wp_attached_file":null,"_wp_attachment_metadata":null,"_wp_attachment_context":null,"_wp_attachment_is_custom_header":null,"geo_longitude":null,"geo_public":null,"geo_latitude":null,"_publicize_done_external":null,"_wpas_done_3897181":null,"publicize_twitter_user":null,"_wpas_done_3897175":null,"_wpas_skip_3897181":null,"_wpas_skip_3897175":null,"_wpas_skip_3924723":null,"_wpas_mess":null,"_wpas_done_3924723":null,"wps_subtitle":"Comece o ano organizado! Confira as dicas de arruma\u00e7\u00e3o do Closet e ganhe muito mais espa\u00e7o no arm\u00e1rio!","_links":{"self":[{"href":"https:\/\/www.aarquiteta.com.br\/blog\/wp-json\/wp\/v2\/posts\/42099","targetHints":{"allow":["GET"]}}],"collection":[{"href":"https:\/\/www.aarquiteta.com.br\/blog\/wp-json\/wp\/v2\/posts"}],"about":[{"href":"https:\/\/www.aarquiteta.com.br\/blog\/wp-json\/wp\/v2\/types\/post"}],"author":[{"embeddable":true,"href":"https:\/\/www.aarquiteta.com.br\/blog\/wp-json\/wp\/v2\/users\/102"}],"replies":[{"embeddable":true,"href":"https:\/\/www.aarquiteta.com.br\/blog\/wp-json\/wp\/v2\/comments?post=42099"}],"version-history":[{"count":0,"href":"https:\/\/www.aarquiteta.com.br\/blog\/wp-json\/wp\/v2\/posts\/42099\/revisions"}],"wp:featuredmedia":[{"embeddable":true,"href":"https:\/\/www.aarquiteta.com.br\/blog\/wp-json\/wp\/v2\/media\/42124"}],"wp:attachment":[{"href":"https:\/\/www.aarquiteta.com.br\/blog\/wp-json\/wp\/v2\/media?parent=42099"}],"wp:term":[{"taxonomy":"category","embeddable":true,"href":"https:\/\/www.aarquiteta.com.br\/blog\/wp-json\/wp\/v2\/categories?post=42099"},{"taxonomy":"post_tag","embeddable":true,"href":"https:\/\/www.aarquiteta.com.br\/blog\/wp-json\/wp\/v2\/tags?post=42099"}],"curies":[{"name":"wp","href":"https:\/\/api.w.org\/{rel}","templated":true}]}}