{"id":41702,"date":"2022-01-28T19:10:02","date_gmt":"2022-01-28T22:10:02","guid":{"rendered":"http:\/\/aarquiteta.com.br\/?p=41702"},"modified":"2026-09-01T16:03:15","modified_gmt":"2026-09-01T19:03:15","slug":"iluminacao-de-cozinha","status":"publish","type":"post","link":"https:\/\/www.aarquiteta.com.br\/blog\/iluminacao-de-cozinha\/","title":{"rendered":"Dicas para ilumina\u00e7\u00e3o de cozinha de forma ideal."},"content":{"rendered":"<p><img decoding=\"async\" class=\"alignnone wp-image-41703 size-full\" title=\"Dicas para iluminar a sua cozinha de forma correta\" src=\"https:\/\/www.aarquiteta.com.br\/blog\/wp-content\/uploads\/2022\/01\/Dicas-para-iluminar-a-sua-cozinha-de-forma-correta.jpg\" alt=\"Dicas para iluminar a sua cozinha de forma correta\" width=\"700\" height=\"400\" srcset=\"https:\/\/www.aarquiteta.com.br\/blog\/wp-content\/uploads\/2022\/01\/Dicas-para-iluminar-a-sua-cozinha-de-forma-correta.jpg 700w, https:\/\/www.aarquiteta.com.br\/blog\/wp-content\/uploads\/2022\/01\/Dicas-para-iluminar-a-sua-cozinha-de-forma-correta-696x398.jpg 696w, https:\/\/www.aarquiteta.com.br\/blog\/wp-content\/uploads\/2022\/01\/Dicas-para-iluminar-a-sua-cozinha-de-forma-correta-150x86.jpg 150w\" sizes=\"(max-width: 700px) 100vw, 700px\" \/><\/p>\n<p id=\"tips-for-lighting-your-kitchen\" class=\"jsx-3692753319 jsx-2566528898 c--main-600\">Dicas para ilumina\u00e7\u00e3o de cozinha de forma ideal.<\/p>\n<p>Nestas dicas para iluminar sua cozinha, voc\u00ea encontrar\u00e1 uma grande variedade de tipos de fontes de luz e fontes de luz.<\/p>\n<p>Continue lendo para aprender como iluminar sua cozinha com efici\u00eancia.<\/p>\n<p>Siga estas dicas para iluminar corretamente sua cozinha e seu quarto ficar\u00e1 muito mais agrad\u00e1vel. A ilumina\u00e7\u00e3o \u00e9 um aspecto muito importante quando se pensa em ir al\u00e9m do uso da \u00e1rea para preparar alimentos.<br \/>\nAqui voc\u00ea pode passar tempo com a fam\u00edlia e amigos e fazer novos pratos deliciosos.<\/p>\n<p>Ali\u00e1s, com o novo conceito de escrit\u00f3rio cozinha, algumas pessoas at\u00e9 realizam atividades acad\u00eamicas e de trabalho nesta sala.<\/p>\n<p>Portanto, uma boa ilumina\u00e7\u00e3o \u00e9 essencial, caso contr\u00e1rio, a cozinha n\u00e3o ser\u00e1 totalmente funcional, por mais bem disposta que seja.<\/p>\n<p>Voc\u00ea tamb\u00e9m deve levar em conta que \u00e9 nesta sala que voc\u00ea est\u00e1 lidando com itens perigosos, como facas e fog\u00f5es. Portanto, \u00e9 muito importante ter um bom campo de vis\u00e3o.<\/p>\n<p>Continue lendo para descobrir nossas dicas sobre ilumina\u00e7\u00e3o de cozinha com efici\u00eancia.<\/p>\n<h3 class=\"jsx-4098198752 c--grey-neutral-800\">Ilumina\u00e7\u00e3o de cozinha: escolhendo a luz ideal para voc\u00ea<\/h3>\n<figure class=\"content-thumb\">\n<figure class=\"jsx-2644691033 figure jsx-2087436269 is--full-width mtb--x-medium p--relative\">\n<div class=\"jsx-2644691033 image__container jsx-2087436269\">\n<div class=\" LazyImage image__size\">\n<div><\/div>\n<\/div>\n<\/div>\n<\/figure>\n<\/figure>\n<p>&nbsp;<\/p>\n<p>Nossa primeira dica para iluminar a cozinha tem a ver com a escolha da fonte de luz. Em seguida, vamos nos aprofundar nas op\u00e7\u00f5es dispon\u00edveis:<\/p>\n<ul>\n<li>Luz Natural: Sua cozinha idealmente tem boa ventila\u00e7\u00e3o e ilumina\u00e7\u00e3o natural. Estes s\u00e3o dois problemas resolvidos com a instala\u00e7\u00e3o de uma ou mais janelas.<\/li>\n<li>Ilumina\u00e7\u00e3o Geral: Ilumina toda a cozinha de maneira uniforme, podendo ser conseguida com lumin\u00e1rias ou lumin\u00e1rias instaladas em diferentes \u00e1reas.<\/li>\n<li>Holofotes: Use-os em \u00e1reas espec\u00edficas para melhorar sua ilumina\u00e7\u00e3o geral. Voc\u00ea pode coloc\u00e1-los sob arm\u00e1rios e iluminar \u00e1reas como o cooktop, pia, bar ou ilha.<\/li>\n<\/ul>\n<h6><em>\u261e Cart\u00e3o de Cr\u00e9dito Santander SX &#8211; O cart\u00e3o do Estudante Universit\u00e1rio do Brasiiil!<\/em><\/h6>\n<p><em>Se voc\u00ea \u00e9 estudante universit\u00e1rio e est\u00e1 precisando de um <strong>cart\u00e3o de cr\u00e9dito<\/strong> voltado para as suas necessidades financeiras, <strong>sem comprova\u00e7\u00e3o de renda<\/strong> e com possibilidade de conseguir <strong>zero de taxa de anuidade<\/strong>, O Banco Santander tem o cart\u00e3o de cr\u00e9dito ideal para voc\u00ea!<\/em><\/p>\n<figure id=\"attachment_52327\" aria-describedby=\"caption-attachment-52327\" style=\"width: 1200px\" class=\"wp-caption aligncenter\"><a href=\"https:\/\/www.aarquiteta.com.br\/blog\/como-solicitar-cartao-de-credito-santander\/\" target=\"_blank\" rel=\"noopener\"><img decoding=\"async\" class=\"wp-image-52327 size-full\" title=\"Cart\u00e3o de Cr\u00e9dito Santander SX - O Cart\u00e3o do Estudante Universit\u00e1rio!\" src=\"https:\/\/www.aarquiteta.com.br\/blog\/wp-content\/uploads\/2022\/04\/cartao-de-credito-santander-sx.jpg\" alt=\"Cart\u00e3o de Cr\u00e9dito Santander SX - O Cart\u00e3o do Estudante Universit\u00e1rio!\" width=\"1200\" height=\"800\" srcset=\"https:\/\/www.aarquiteta.com.br\/blog\/wp-content\/uploads\/2022\/04\/cartao-de-credito-santander-sx.jpg 1200w, https:\/\/www.aarquiteta.com.br\/blog\/wp-content\/uploads\/2022\/04\/cartao-de-credito-santander-sx-1024x683.jpg 1024w, https:\/\/www.aarquiteta.com.br\/blog\/wp-content\/uploads\/2022\/04\/cartao-de-credito-santander-sx-696x464.jpg 696w, https:\/\/www.aarquiteta.com.br\/blog\/wp-content\/uploads\/2022\/04\/cartao-de-credito-santander-sx-150x100.jpg 150w\" sizes=\"(max-width: 1200px) 100vw, 1200px\" \/><\/a><figcaption id=\"caption-attachment-52327\" class=\"wp-caption-text\">Cart\u00e3o de Cr\u00e9dito Santander SX &#8211; O Cart\u00e3o do Estudante Universit\u00e1rio! <a href=\"https:\/\/www.aarquiteta.com.br\/blog\/como-solicitar-cartao-de-credito-santander\/\">Clique para saber mais!\u00a0<\/a> Veja como \u00e9 f\u00e1cil!<\/figcaption><\/figure>\n<p>&nbsp;<\/p>\n<h2 id=\"bright-light\" class=\"jsx-3692753319 jsx-2566528898 c--main-600 mt--x-big pt--normal\">Luz clara<\/h2>\n<p>A luz brilhante \u00e9 especial e funciona bem em quase todos os c\u00f4modos da sua casa. No entanto, na cozinha voc\u00ea deve limitar seu uso.<\/p>\n<p>Coloque uma luz forte na mesa de jantar ou use-a como uma luz decorativa.<\/p>\n<p>Como luz de trabalho, use luz branca, pois ilumina tarefas importantes e ajuda a evitar o cansa\u00e7o visual.<\/p>\n<p>A luz branca ou fria pode fornecer uma vis\u00e3o melhor das cores e mant\u00ea-lo alerta. Isso facilita a seguran\u00e7a ao manusear utens\u00edlios de cozinha, como facas.<\/p>\n<h2 id=\"go-beyond-spotlights\" class=\"jsx-3692753319 jsx-2566528898 c--main-600 mt--x-big pt--normal\">Al\u00e9m dos holofotes<\/h2>\n<figure class=\"content-thumb\">\n<figure class=\"jsx-2644691033 figure jsx-2087436269 is--full-width mtb--x-medium p--relative\">\n<div class=\"jsx-2644691033 image__container jsx-2087436269\">\n<div class=\" LazyImage image__size\">\n<div><\/div>\n<\/div>\n<\/div>\n<\/figure>\n<\/figure>\n<p>&nbsp;<\/p>\n<p>Outra dica que voc\u00ea pode seguir para iluminar sua cozinha e dar um toque decorativo diferente tem a ver com usar algo n\u00e3o convencional. Abaixo, compartilharemos alguns pensamentos com voc\u00ea.<\/p>\n<ul>\n<li>Luzes embutidas: Estas luzes s\u00e3o adequadas para qualquer tipo de cozinha, independentemente da sua decora\u00e7\u00e3o, embora sejam perfeitas para quartos modernos.<\/li>\n<li>Luzes de parede ou trilho: \u00f3timas para situa\u00e7\u00f5es em que o teto n\u00e3o permite lumin\u00e1rias embutidas. Este estilo vem em uma variedade de designs e cores, ent\u00e3o escolha o que melhor se adapta \u00e0 sua cozinha.<\/li>\n<li>Lustres: Estes adicionam um toque de eleg\u00e2ncia e car\u00e1ter \u00fanico. Eles s\u00e3o frequentemente usados \u200b\u200bpara mesas de jantar, bares ou ilhas, pois s\u00e3o feitos para exibi-los.<\/li>\n<li>Luzes de parede: Muito \u00fatil ao colocar uma luz de trabalho em uma cabana na cozinha. Estes s\u00e3o montados na parede; eles s\u00e3o pequenos, elegantes e muito elegantes.<\/li>\n<li>Luzes de rodap\u00e9: Use o espa\u00e7o do piso ou do teto para instalar luzes LED para adicionar eleg\u00e2ncia \u00e0 sua cozinha.<\/li>\n<li>Exaustor com luz: Um exaustor \u00e9 \u00f3timo para evitar que os odores da cozinha se espalhem pela casa, mas tamb\u00e9m oferece a oportunidade de adicionar luzes de trabalho e criar uma vis\u00e3o melhor ao preparar os alimentos.<\/li>\n<li>Luzes LED nas gavetas: talvez pare\u00e7a extremo? No entanto, \u00e9 bom ter luz entre as gavetas e sempre encontrar o que procura.<\/li>\n<\/ul>\n<div id=\"article-content-ads\" class=\"ads-box ads_box_container bc--grey-neutral-50 ads__medium jsx-1241999917 jsx-2848577854 d--flex jc--center plr--normal\" data-ads-box=\"true\">\n<div class=\"ads-box__children jsx-1241999917 bc--grey-neutral-50 plr--small pt--medium pb--x-medium p--relative d--flex jc--flex-start ai--center fd--column\">\n<div class=\"ads_box_container jsx-1241999917 ad-label-text p--sticky\">\n<h6><em>\u261e Financiamento Imobili\u00e1rio:<\/em><\/h6>\n<p><em>Casa, apartamento, novo ou usado, a <a href=\"https:\/\/www.caixa.gov.br\/Paginas\/home-caixa.aspx\" target=\"_blank\" rel=\"noopener\">Caixa Econ\u00f4mica<\/a> tem a <strong>linha de cr\u00e9dito<\/strong> ideal para voc\u00ea!\u00a0\u00a0<\/em><em>O Sonho da casa pr\u00f3pria pode estar mais perto de se tornar realidade do que voc\u00ea imagina:<\/em><\/p>\n<figure id=\"attachment_53083\" aria-describedby=\"caption-attachment-53083\" style=\"width: 1920px\" class=\"wp-caption aligncenter\"><a href=\"https:\/\/www.aarquiteta.com.br\/blog\/financiamento-imobiliario-caixa-economica\/\" target=\"_blank\" rel=\"noopener\"><img decoding=\"async\" class=\"wp-image-53083 size-full\" title=\"Financiamento de Im\u00f3vel - Financie sua casa pela Caixa Econ\u00f4mica!\" src=\"https:\/\/www.aarquiteta.com.br\/blog\/wp-content\/uploads\/2022\/04\/financiamento-mobiliario-caixa-economica.jpg\" alt=\"Financiamento de Im\u00f3vel - Financie sua casa pela Caixa Econ\u00f4mica!\" width=\"1920\" height=\"1080\" srcset=\"https:\/\/www.aarquiteta.com.br\/blog\/wp-content\/uploads\/2022\/04\/financiamento-mobiliario-caixa-economica.jpg 1920w, https:\/\/www.aarquiteta.com.br\/blog\/wp-content\/uploads\/2022\/04\/financiamento-mobiliario-caixa-economica-1024x576.jpg 1024w, https:\/\/www.aarquiteta.com.br\/blog\/wp-content\/uploads\/2022\/04\/financiamento-mobiliario-caixa-economica-696x392.jpg 696w, https:\/\/www.aarquiteta.com.br\/blog\/wp-content\/uploads\/2022\/04\/financiamento-mobiliario-caixa-economica-150x84.jpg 150w\" sizes=\"(max-width: 1920px) 100vw, 1920px\" \/><\/a><figcaption id=\"caption-attachment-53083\" class=\"wp-caption-text\"><a href=\"https:\/\/www.aarquiteta.com.br\/blog\/financiamento-imobiliario-caixa-economica\/\" target=\"_blank\" rel=\"noopener\">Financie sua casa pela Caixa Econ\u00f4mica! Clique aqui e veja como \u00e9 f\u00e1cil!<\/a><\/figcaption><\/figure>\n<\/div>\n<\/div>\n<\/div>\n<h2 id=\"tips-for-lighting-your-kitchen-opt-for-low-energy-bulbs\" class=\"jsx-3692753319 jsx-2566528898 c--main-600 mt--x-big pt--normal\">Dica de ilumina\u00e7\u00e3o da cozinha: escolha l\u00e2mpadas de baixo consumo.<\/h2>\n<p>Estudos mostram que as luzes LED ou l\u00e2mpadas de baixo consumo podem economizar cerca de 75% em compara\u00e7\u00e3o com os sistemas de ilumina\u00e7\u00e3o hal\u00f3gena e fluorescente.<\/p>\n<p>Portanto, um dos truques de ilumina\u00e7\u00e3o de cozinha mais proeminentes \u00e9 essa t\u00e9cnica.<\/p>\n<p>Al\u00e9m de reduzir o consumo de energia e os custos de faturamento, esses tipos de l\u00e2mpadas t\u00eam uma vida \u00fatil bastante longa, embora em princ\u00edpio sejam mais caras que as l\u00e2mpadas convencionais.<\/p>\n<h5>Faltou algum ingrediente para a receita?<\/h5>\n<p><em>N\u00e3o se preocupe! Fa\u00e7a suas compras pela internet!<\/em><\/p>\n<p><em>E se voc\u00ea tiver<strong> Cart\u00e3o de Cr\u00e9dito<\/strong> voc\u00ea ainda pode utiliz\u00e1-lo para realizar suas c<strong>ompras pela internet.<\/strong> \u00a0<\/em><\/p>\n<p><em>J\u00e1 conhece o Cart\u00e3o Atacad\u00e3o? Confira o Cart\u00e3o de Cr\u00e9dito da maior rede atacadista de alimentos. Aproveite as<a href=\"https:\/\/www.aarquiteta.com.br\/blog\/como-solicitar-cartao-atacadao\/\" target=\"_blank\" rel=\"noopener\"> vantagens exclusivas<\/a> e pe\u00e7a j\u00e1 o seu!<\/em><\/p>\n<figure id=\"attachment_52493\" aria-describedby=\"caption-attachment-52493\" style=\"width: 1000px\" class=\"wp-caption aligncenter\"><a href=\"https:\/\/www.aarquiteta.com.br\/blog\/como-solicitar-cartao-atacadao\/\" target=\"_blank\" rel=\"noopener\"><img decoding=\"async\" class=\"wp-image-52493 size-full\" title=\"Cart\u00e3o Atacad\u00e3o - Cr\u00e9dito para comprar e prazo para pagar!\" src=\"https:\/\/www.aarquiteta.com.br\/blog\/wp-content\/uploads\/2021\/10\/cartao-atacadao-1.jpg\" alt=\"Cart\u00e3o Atacad\u00e3o - Cr\u00e9dito para comprar e prazo para pagar!\" width=\"1000\" height=\"250\" srcset=\"https:\/\/www.aarquiteta.com.br\/blog\/wp-content\/uploads\/2021\/10\/cartao-atacadao-1.jpg 1000w, https:\/\/www.aarquiteta.com.br\/blog\/wp-content\/uploads\/2021\/10\/cartao-atacadao-1-696x174.jpg 696w, https:\/\/www.aarquiteta.com.br\/blog\/wp-content\/uploads\/2021\/10\/cartao-atacadao-1-150x38.jpg 150w\" sizes=\"(max-width: 1000px) 100vw, 1000px\" \/><\/a><figcaption id=\"caption-attachment-52493\" class=\"wp-caption-text\"><a href=\"https:\/\/www.aarquiteta.com.br\/blog\/como-solicitar-cartao-atacadao\/\" target=\"_blank\" rel=\"noopener\">Cart\u00e3o Atacad\u00e3o &#8211; Cr\u00e9dito para comprar e prazo para pagar! Clique para saber mais!<\/a><\/figcaption><\/figure>\n<p>&nbsp;<\/p>\n<h3>Voc\u00ea gostou das dicas sobre ilumina\u00e7\u00e3o de cozinha?<\/h3>\n<p>Espero que elas tenham lhe ajudado de alguma forma.<br \/>\nCompartilhe com seus amigos e j\u00e1 aproveite, vendo muitas outras dicas sobre decora\u00e7\u00e3o e receitas abaixo:<\/p>\n<h3>Veja mais dicas:<\/h3>\n<p>Quer mais dicas ent\u00e3o confira alguns dos nossos artigos sobre:<\/p>\n<ul>\n<li><a href=\"https:\/\/www.aarquiteta.com.br\/decoracao\/\" target=\"_blank\" rel=\"noopener\">Decora\u00e7\u00e3o<\/a><\/li>\n<li><a href=\"https:\/\/www.aarquiteta.com.br\/blog\/paisagismo\/\" target=\"_blank\" rel=\"noopener\">Casa e Jardim<\/a><\/li>\n<li><a href=\"https:\/\/www.aarquiteta.com.br\/blog\/arquitetura\/mundo-arquitetura\/\" target=\"_blank\" rel=\"noopener\">Mundo Arquitetura<\/a><\/li>\n<\/ul>\n<h2><span id=\"Mimos_da_A_Arquiteta_para_voce\" class=\"ez-toc-section\"><\/span>Mimos da A Arquiteta para voc\u00ea!<\/h2>\n<p><a href=\"https:\/\/www.aarquiteta.com.br\/blog\/wp-content\/uploads\/2021\/10\/luciana-paixao.jpg\" data-rel=\"fancybox\"><img decoding=\"async\" class=\"alignnone size-full wp-image-35413\" title=\"Parede decorada: Ideias que n\u00e3o podem faltar. Confira.\" src=\"https:\/\/www.aarquiteta.com.br\/blog\/wp-content\/uploads\/2021\/10\/luciana-paixao.jpg\" sizes=\"(max-width: 800px) 100vw, 800px\" srcset=\"https:\/\/www.aarquiteta.com.br\/blog\/wp-content\/uploads\/2021\/10\/luciana-paixao.jpg 800w, https:\/\/www.aarquiteta.com.br\/blog\/wp-content\/uploads\/2021\/10\/luciana-paixao-300x225.jpg 300w, https:\/\/www.aarquiteta.com.br\/blog\/wp-content\/uploads\/2021\/10\/luciana-paixao-768x576.jpg 768w, https:\/\/www.aarquiteta.com.br\/blog\/wp-content\/uploads\/2021\/10\/luciana-paixao-400x300.jpg 400w, https:\/\/www.aarquiteta.com.br\/blog\/wp-content\/uploads\/2021\/10\/luciana-paixao-150x113.jpg 150w\" alt=\"luciana paixao - Parede decorada: Ideias que n\u00e3o podem faltar. Confira.\" width=\"800\" height=\"600\" \/><\/a><\/p>\n<p>Em meu portal de treinamento on-line separei para voc\u00ea v\u00e1rios dos<strong> meus cursos gratuitos<\/strong> para quem quer aprender a decorar ou at\u00e9 usar programas para criar seus projetos, seja de interiores, de edifica\u00e7\u00f5es, e-books e muito mais.<\/p>\n<p><strong>Basta clicar aqui e come\u00e7ar a estudar.<\/strong><\/p>\n<p>Por fim, eu gostaria de conhecer mais sobre voc\u00ea.<\/p>\n<p>Voc\u00ea \u00e9 um entusiasta decorador, ou at\u00e9 um profissional de Arquitetura?<\/p>\n<p><strong><a href=\"https:\/\/docs.google.com\/forms\/d\/1lpOg395M8SQGbxSYFd7WAxaNESKlSw_9lHXl683tTrc\/\" target=\"_blank\" rel=\"noopener\">Clique aqui, responda estas poucas perguntas e ganhe um presente meu que adorar\u00e1\u00a0 muito!<\/a><\/strong><\/p>\n<p>Espero que o post tenha lhe ajudado!<\/p>\n<p>Ah! N\u00e3o esque\u00e7a de pegar seu conte\u00fado gratuito.<\/p>\n<p>At\u00e9!<\/p>\n","protected":false},"excerpt":{"rendered":"<p>Dicas para ilumina\u00e7\u00e3o de cozinha de forma ideal. Nestas dicas para iluminar sua cozinha, voc\u00ea encontrar\u00e1 uma grande variedade de tipos de fontes de luz e fontes de luz. Continue lendo para aprender como iluminar sua cozinha com efici\u00eancia. Siga estas dicas para iluminar corretamente sua cozinha e seu quarto ficar\u00e1 muito mais agrad\u00e1vel. A [&hellip;]<\/p>\n","protected":false},"author":102,"featured_media":41703,"comment_status":"open","ping_status":"closed","sticky":false,"template":"","format":"standard","meta":{"footnotes":""},"categories":[1484,18761],"tags":[11814],"class_list":["post-41702","post","type-post","status-publish","format-standard","has-post-thumbnail","category-decoracao","category-projetos-de-iluminacao","tag-dicas-para-iluminar-a-sua-cozinha-de-forma-correta"],"_wp_attached_file":null,"_wp_attachment_metadata":null,"_wp_attachment_context":null,"_wp_attachment_is_custom_header":null,"geo_longitude":null,"geo_public":null,"geo_latitude":null,"_publicize_done_external":null,"_wpas_done_3897181":null,"publicize_twitter_user":null,"_wpas_done_3897175":null,"_wpas_skip_3897181":null,"_wpas_skip_3897175":null,"_wpas_skip_3924723":null,"_wpas_mess":null,"_wpas_done_3924723":null,"wps_subtitle":"","_links":{"self":[{"href":"https:\/\/www.aarquiteta.com.br\/blog\/wp-json\/wp\/v2\/posts\/41702","targetHints":{"allow":["GET"]}}],"collection":[{"href":"https:\/\/www.aarquiteta.com.br\/blog\/wp-json\/wp\/v2\/posts"}],"about":[{"href":"https:\/\/www.aarquiteta.com.br\/blog\/wp-json\/wp\/v2\/types\/post"}],"author":[{"embeddable":true,"href":"https:\/\/www.aarquiteta.com.br\/blog\/wp-json\/wp\/v2\/users\/102"}],"replies":[{"embeddable":true,"href":"https:\/\/www.aarquiteta.com.br\/blog\/wp-json\/wp\/v2\/comments?post=41702"}],"version-history":[{"count":1,"href":"https:\/\/www.aarquiteta.com.br\/blog\/wp-json\/wp\/v2\/posts\/41702\/revisions"}],"predecessor-version":[{"id":157930,"href":"https:\/\/www.aarquiteta.com.br\/blog\/wp-json\/wp\/v2\/posts\/41702\/revisions\/157930"}],"wp:featuredmedia":[{"embeddable":true,"href":"https:\/\/www.aarquiteta.com.br\/blog\/wp-json\/wp\/v2\/media\/41703"}],"wp:attachment":[{"href":"https:\/\/www.aarquiteta.com.br\/blog\/wp-json\/wp\/v2\/media?parent=41702"}],"wp:term":[{"taxonomy":"category","embeddable":true,"href":"https:\/\/www.aarquiteta.com.br\/blog\/wp-json\/wp\/v2\/categories?post=41702"},{"taxonomy":"post_tag","embeddable":true,"href":"https:\/\/www.aarquiteta.com.br\/blog\/wp-json\/wp\/v2\/tags?post=41702"}],"curies":[{"name":"wp","href":"https:\/\/api.w.org\/{rel}","templated":true}]}}