{"id":41253,"date":"2022-06-12T11:00:07","date_gmt":"2022-06-12T14:00:07","guid":{"rendered":"http:\/\/aarquiteta.com.br\/?p=41253"},"modified":"2024-09-13T17:47:04","modified_gmt":"2024-09-13T20:47:04","slug":"como-escolher-cooktop","status":"publish","type":"post","link":"https:\/\/www.aarquiteta.com.br\/blog\/como-escolher-cooktop\/","title":{"rendered":"Cooktop &#8211; Como projetar cooktop na cozinha?"},"content":{"rendered":"<p>Como projetar cooktop na <a href=\"https:\/\/www.aarquiteta.com.br\/blog\/decoracao\/ambientes-na-decoracao\/decoracao-de-cozinha\/\">cozinha<\/a>? Buscando dicas de como fazer \u00e1rea do cooktop na cozinha? Confira como escolher o modelo ideal e como posicion\u00e1-lo na bancada de trabalho!<\/p><p>O cooktop vem conquistando cada vez mais espa\u00e7o nas cozinhas contempor\u00e2neas, oferecendo design elegante, funcionalidade avan\u00e7ada e maior liberdade na disposi\u00e7\u00e3o dos utens\u00edlios.<\/p><p><a href=\"https:\/\/amzn.to\/3wYQVhL\" target=\"_blank\" rel=\"noopener\"><img decoding=\"async\" class=\"alignnone wp-image-41272 size-full\" title=\"Cooktop - Como projetar ilha de cooktop na cozinha?\" src=\"https:\/\/www.aarquiteta.com.br\/blog\/wp-content\/uploads\/2022\/01\/Dicas-de-como-fazer-area-do-cooktop.jpg\" alt=\"Cooktop - Como projetar ilha de cooktop na cozinha?\" width=\"700\" height=\"400\" srcset=\"https:\/\/www.aarquiteta.com.br\/blog\/wp-content\/uploads\/2022\/01\/Dicas-de-como-fazer-area-do-cooktop.jpg 700w, https:\/\/www.aarquiteta.com.br\/blog\/wp-content\/uploads\/2022\/01\/Dicas-de-como-fazer-area-do-cooktop-696x398.jpg 696w, https:\/\/www.aarquiteta.com.br\/blog\/wp-content\/uploads\/2022\/01\/Dicas-de-como-fazer-area-do-cooktop-150x86.jpg 150w\" sizes=\"(max-width: 700px) 100vw, 700px\" \/><\/a><\/p><p>Neste artigo, exploraremos tudo o que voc\u00ea precisa saber sobre o cooktop, desde seus benef\u00edcios at\u00e9 dicas para escolher o modelo ideal para a sua cozinha. Prepare-se para descobrir como esse eletrodom\u00e9stico pode transformar a sua experi\u00eancia culin\u00e1ria. Vamos l\u00e1!<\/p><h2>Cooktop \u2014 Como projetar cooktop na <a href=\"https:\/\/www.aarquiteta.com.br\/blog\/como-utilizar-piso-de-madeira-na-cozinha\/\" target=\"_blank\" rel=\"noopener\">cozinha<\/a>?<\/h2><p>Um dos c\u00f4modos mais movimentados da casa \u00e9 a <a href=\"https:\/\/www.aarquiteta.com.br\/blog\/decoracao-de-cozinha-branca\/\" target=\"_blank\" rel=\"noopener\">cozinha,<\/a> por isso, \u00e9 necess\u00e1rio um planejamento cuidadoso para torn\u00e1-lo um ambiente funcional e confort\u00e1vel para o dia a dia.<\/p><p>Dessa forma, investir em uma ilha de cooktop pode fazer toda a diferen\u00e7a!<\/p><p>Se voc\u00ea est\u00e1 a procura de um modelo que se adapte \u00e0 sua <a href=\"https:\/\/www.aarquiteta.com.br\/blog\/cozinha-moderna-pequena\/\" target=\"_blank\" rel=\"noopener\">cozinha<\/a>, veio ao lugar certo!<\/p><p><img decoding=\"async\" class=\"aligncenter wp-image-41274 size-full\" title=\"Cooktop - Como projetar ilha de cooktop na cozinha?\" src=\"https:\/\/www.aarquiteta.com.br\/blog\/wp-content\/uploads\/2022\/01\/Dicas-de-como-fazer-area-do-cooktop3.jpg\" alt=\"Cooktop - Como projetar ilha de cooktop na cozinha?\" width=\"700\" height=\"400\" srcset=\"https:\/\/www.aarquiteta.com.br\/blog\/wp-content\/uploads\/2022\/01\/Dicas-de-como-fazer-area-do-cooktop3.jpg 700w, https:\/\/www.aarquiteta.com.br\/blog\/wp-content\/uploads\/2022\/01\/Dicas-de-como-fazer-area-do-cooktop3-696x398.jpg 696w, https:\/\/www.aarquiteta.com.br\/blog\/wp-content\/uploads\/2022\/01\/Dicas-de-como-fazer-area-do-cooktop3-150x86.jpg 150w\" sizes=\"(max-width: 700px) 100vw, 700px\" \/><\/p><h3>Como projetar a \u00e1rea do cooktop na cozinha?<\/h3><p>Uma ilha com cooktop e <a href=\"https:\/\/www.aarquiteta.com.br\/blog\/?s=BANCADA\">bancada<\/a> \u00e9 uma \u00f3tima op\u00e7\u00e3o para quem quer projetar um espa\u00e7o gourmet em sua casa.<\/p><p>Para uma cozinha funcional, uma ilha com cooktop e <a href=\"https:\/\/www.aarquiteta.com.br\/blog\/pia-de-cozinha\/\" target=\"_blank\" rel=\"noopener\">pia<\/a> \u00e9 a escolha perfeita, assim, voc\u00ea ter\u00e1 uma bancada gourmet que poder\u00e1 ser utilizada para atividades na cozinha.<\/p><p>No entanto, uma ilha com cooktop e pia \u00e9 adequada para cozinhas maiores devido ao seu tamanho maior.<\/p><p>Assim, voc\u00ea ter\u00e1 ilha para prepara\u00e7\u00e3o de refei\u00e7\u00f5es e bancos que podem acomodar sua fam\u00edlia e amigos enquanto voc\u00ea cozinha, ent\u00e3o h\u00e1 uma intera\u00e7\u00e3o entre as pessoas, o que \u00e9 muito gostoso.<\/p><p>Uma ilha com cooktop e mesa de jantar \u00e9 muito comum em ambientes onde a cozinha e a sala de jantar s\u00e3o integradas, trazendo mais praticidade ao espa\u00e7o integrado.<\/p><figure id=\"attachment_41273\" aria-describedby=\"caption-attachment-41273\" style=\"width: 700px\" class=\"wp-caption aligncenter\"><a href=\"https:\/\/amzn.to\/38uZZ4n\" target=\"_blank\" rel=\"noopener\"><img decoding=\"async\" class=\"wp-image-41273 size-full\" title=\"Cooktop - Como projetar ilha de cooktop na cozinha?\" src=\"https:\/\/www.aarquiteta.com.br\/blog\/wp-content\/uploads\/2022\/01\/Dicas-de-como-fazer-area-do-cooktop1.jpg\" alt=\"Cooktop - Como projetar ilha de cooktop na cozinha?\" width=\"700\" height=\"400\" srcset=\"https:\/\/www.aarquiteta.com.br\/blog\/wp-content\/uploads\/2022\/01\/Dicas-de-como-fazer-area-do-cooktop1.jpg 700w, https:\/\/www.aarquiteta.com.br\/blog\/wp-content\/uploads\/2022\/01\/Dicas-de-como-fazer-area-do-cooktop1-696x398.jpg 696w, https:\/\/www.aarquiteta.com.br\/blog\/wp-content\/uploads\/2022\/01\/Dicas-de-como-fazer-area-do-cooktop1-150x86.jpg 150w\" sizes=\"(max-width: 700px) 100vw, 700px\" \/><\/a><figcaption id=\"caption-attachment-41273\" class=\"wp-caption-text\"><a href=\"https:\/\/amzn.to\/38uZZ4n\" target=\"_blank\" rel=\"noopener\">Clique aqui para saber mais sobre este modelo de Cook top!<\/a><\/figcaption><\/figure><p>Uma ilha s\u00f3 para cooktop \u00e9 o modelo mais simples de cozinha, por isso, \u00e9 muito compacto e uma \u00f3tima op\u00e7\u00e3o para cozinhas pequenas, ideal para quem gosta de cozinhar.<\/p><p><img decoding=\"async\" class=\"aligncenter wp-image-41275 size-full\" title=\"Cooktop - Como projetar ilha de cooktop na cozinha?\" src=\"https:\/\/www.aarquiteta.com.br\/blog\/wp-content\/uploads\/2022\/01\/Dicas-de-como-fazer-area-do-cooktop4.jpg\" alt=\"Cooktop - Como projetar ilha de cooktop na cozinha?\" width=\"700\" height=\"400\" srcset=\"https:\/\/www.aarquiteta.com.br\/blog\/wp-content\/uploads\/2022\/01\/Dicas-de-como-fazer-area-do-cooktop4.jpg 700w, https:\/\/www.aarquiteta.com.br\/blog\/wp-content\/uploads\/2022\/01\/Dicas-de-como-fazer-area-do-cooktop4-696x398.jpg 696w, https:\/\/www.aarquiteta.com.br\/blog\/wp-content\/uploads\/2022\/01\/Dicas-de-como-fazer-area-do-cooktop4-150x86.jpg 150w\" sizes=\"(max-width: 700px) 100vw, 700px\" \/><\/p><h2>Onde projetar o Cooktop na cozinha?<\/h2><p>Se voc\u00ea tem uma cozinha <a href=\"https:\/\/www.aarquiteta.com.br\/blog\/?s=CORREDOR\">corredor<\/a> fica a sugest\u00e3o de projetar uma bancada linear com pia e cooktop, e no lugar do forno adicione gavet\u00f5es para armazenamento de utens\u00edlios dom\u00e9sticos:<\/p><p>Confira o projeto de cozinha a seguir com o antes e depois do projeto de <a href=\"https:\/\/www.aarquiteta.com.br\/blog\/cursos-de-arquitetura-e-decoracao\/curso-de-gerenciamento-de-obras\">reforma<\/a> da cozinha:<\/p><p>&nbsp;<\/p><figure id=\"attachment_10109\" aria-describedby=\"caption-attachment-10109\" style=\"width: 478px\" class=\"wp-caption aligncenter\"><img decoding=\"async\" class=\"wp-image-10109 size-full\" title=\"Cooktop - Como projetar ilha de cooktop na cozinha?\" src=\"https:\/\/www.aarquiteta.com.br\/blog\/wp-content\/uploads\/2017\/03\/cozinha-antes-da-reforma.jpg\" alt=\"Cooktop - Como projetar ilha de cooktop na cozinha?\" width=\"478\" height=\"255\" srcset=\"https:\/\/www.aarquiteta.com.br\/blog\/wp-content\/uploads\/2017\/03\/cozinha-antes-da-reforma.jpg 478w, https:\/\/www.aarquiteta.com.br\/blog\/wp-content\/uploads\/2017\/03\/cozinha-antes-da-reforma-150x80.jpg 150w\" sizes=\"(max-width: 478px) 100vw, 478px\" \/><figcaption id=\"caption-attachment-10109\" class=\"wp-caption-text\"><a href=\"https:\/\/www.aarquiteta.com.br\/blog\/como-fazer-uma-reforma\/\" target=\"_blank\" rel=\"noopener\">Projeto de Reforma de Cozinha Corredor \u2014 Planta Baixa antes da reforma.<\/a><\/figcaption><\/figure><p>&nbsp;<\/p><figure id=\"attachment_10113\" aria-describedby=\"caption-attachment-10113\" style=\"width: 476px\" class=\"wp-caption aligncenter\"><img decoding=\"async\" class=\"wp-image-10113 size-full\" title=\"Cooktop - Como projetar ilha de cooktop na cozinha?\" src=\"https:\/\/www.aarquiteta.com.br\/blog\/wp-content\/uploads\/2017\/03\/projeto-da-cozinha.jpg\" alt=\"Cooktop - Como projetar ilha de cooktop na cozinha?\" width=\"476\" height=\"261\" srcset=\"https:\/\/www.aarquiteta.com.br\/blog\/wp-content\/uploads\/2017\/03\/projeto-da-cozinha.jpg 476w, https:\/\/www.aarquiteta.com.br\/blog\/wp-content\/uploads\/2017\/03\/projeto-da-cozinha-150x82.jpg 150w\" sizes=\"(max-width: 476px) 100vw, 476px\" \/><figcaption id=\"caption-attachment-10113\" class=\"wp-caption-text\"><a href=\"https:\/\/www.aarquiteta.com.br\/blog\/como-escolher-corretamente-os-moveis-planejados-para-apartamentos\/\" target=\"_blank\" rel=\"noopener\">Projeto de Reforma de Cozinha Corredor \u2014 Planta baixa depois da reforma.<\/a><\/figcaption><\/figure><p>&nbsp;<\/p><p>Os gavet\u00f5es do <a href=\"https:\/\/www.aarquiteta.com.br\/blog\/?s=PROJETO\">projeto<\/a> da cozinha planejada auxiliaram na quest\u00e3o de armazenamento e principalmente no f\u00e1cil acesso a panelas sem a necessidade da dona de casa se abaixar.<\/p><p>As gavetas deslizantes trazem para os olhos tudo o que precisamos na hora de cozinhar!<\/p><figure id=\"attachment_10165\" aria-describedby=\"caption-attachment-10165\" style=\"width: 889px\" class=\"wp-caption aligncenter\"><img decoding=\"async\" class=\"wp-image-10165 size-full\" title=\"Cooktop - Como projetar ilha de cooktop na cozinha?\" src=\"https:\/\/www.aarquiteta.com.br\/blog\/wp-content\/uploads\/2017\/03\/vista-cozinha-1.jpg\" alt=\"Cooktop - Como projetar ilha de cooktop na cozinha?\" width=\"889\" height=\"488\" srcset=\"https:\/\/www.aarquiteta.com.br\/blog\/wp-content\/uploads\/2017\/03\/vista-cozinha-1.jpg 889w, https:\/\/www.aarquiteta.com.br\/blog\/wp-content\/uploads\/2017\/03\/vista-cozinha-1-696x382.jpg 696w, https:\/\/www.aarquiteta.com.br\/blog\/wp-content\/uploads\/2017\/03\/vista-cozinha-1-150x82.jpg 150w\" sizes=\"(max-width: 889px) 100vw, 889px\" \/><figcaption id=\"caption-attachment-10165\" class=\"wp-caption-text\">Vista lateral projeto final do cootop e coifa.<\/figcaption><\/figure><p>Se voc\u00ea est\u00e1 pensando onde posicionar os fornos fica a sugest\u00e3o de criar uma prumada de fornos.<\/p><p>Voc\u00ea pode ter seu forno micro-ondas e forno el\u00e9trico para assados alinhados e bem posicionados bem longe da geladeira.<\/p><figure id=\"attachment_10166\" aria-describedby=\"caption-attachment-10166\" style=\"width: 903px\" class=\"wp-caption aligncenter\"><img decoding=\"async\" class=\"wp-image-10166 size-full\" title=\"Cooktop - Como projetar ilha de cooktop na cozinha?\" src=\"https:\/\/www.aarquiteta.com.br\/blog\/wp-content\/uploads\/2017\/03\/vista-cozinha-2.jpg\" alt=\"Cooktop - Como projetar ilha de cooktop na cozinha?\" width=\"903\" height=\"515\" srcset=\"https:\/\/www.aarquiteta.com.br\/blog\/wp-content\/uploads\/2017\/03\/vista-cozinha-2.jpg 903w, https:\/\/www.aarquiteta.com.br\/blog\/wp-content\/uploads\/2017\/03\/vista-cozinha-2-696x397.jpg 696w, https:\/\/www.aarquiteta.com.br\/blog\/wp-content\/uploads\/2017\/03\/vista-cozinha-2-150x86.jpg 150w\" sizes=\"(max-width: 903px) 100vw, 903px\" \/><figcaption id=\"caption-attachment-10166\" class=\"wp-caption-text\">Vista lateral projeto final com a prumada de fornos.<\/figcaption><\/figure><p>E assim ficou a imagem 3D final do projeto da cozinha corredor planejada:<\/p><p><img decoding=\"async\" class=\"aligncenter wp-image-10115 size-full\" src=\"https:\/\/www.aarquiteta.com.br\/blog\/wp-content\/uploads\/2017\/03\/cozinha.jpg\" alt=\"\" width=\"960\" height=\"600\" title=\"\" srcset=\"https:\/\/www.aarquiteta.com.br\/blog\/wp-content\/uploads\/2017\/03\/cozinha.jpg 960w, https:\/\/www.aarquiteta.com.br\/blog\/wp-content\/uploads\/2017\/03\/cozinha-696x435.jpg 696w, https:\/\/www.aarquiteta.com.br\/blog\/wp-content\/uploads\/2017\/03\/cozinha-150x94.jpg 150w\" sizes=\"(max-width: 960px) 100vw, 960px\" \/><\/p><p>N\u00e3o \u00e9 preciso ter uma grande cozinha para utilizar os cooktops!<\/p><p>Confira agora mais imagens de projetos de cozinhas pequenas com que utilizaram o Cooktop para realizar deliciosos pratos para sua fam\u00edlia no dia a dia!<\/p><p><img decoding=\"async\" class=\"aligncenter wp-image-54941 size-full\" src=\"https:\/\/www.aarquiteta.com.br\/blog\/wp-content\/uploads\/2022\/05\/cozinha-pequena-8-1.jpg\" alt=\"cozinha-pequena-8-1\" width=\"563\" height=\"646\" title=\"\" srcset=\"https:\/\/www.aarquiteta.com.br\/blog\/wp-content\/uploads\/2022\/05\/cozinha-pequena-8-1.jpg 563w, https:\/\/www.aarquiteta.com.br\/blog\/wp-content\/uploads\/2022\/05\/cozinha-pequena-8-1-150x172.jpg 150w\" sizes=\"(max-width: 563px) 100vw, 563px\" \/><\/p><figure id=\"attachment_54589\" aria-describedby=\"caption-attachment-54589\" style=\"width: 768px\" class=\"wp-caption aligncenter\"><a href=\"https:\/\/amzn.to\/3NHUtKD\" target=\"_blank\" rel=\"noopener\"><img decoding=\"async\" class=\"wp-image-54589 size-full\" src=\"https:\/\/www.aarquiteta.com.br\/blog\/wp-content\/uploads\/2022\/05\/cozinha-branca-02.webp\" alt=\"\" width=\"768\" height=\"512\" title=\"\" srcset=\"https:\/\/www.aarquiteta.com.br\/blog\/wp-content\/uploads\/2022\/05\/cozinha-branca-02.webp 768w, https:\/\/www.aarquiteta.com.br\/blog\/wp-content\/uploads\/2022\/05\/cozinha-branca-02-696x464.webp 696w, https:\/\/www.aarquiteta.com.br\/blog\/wp-content\/uploads\/2022\/05\/cozinha-branca-02-150x100.webp 150w\" sizes=\"(max-width: 768px) 100vw, 768px\" \/><\/a><figcaption id=\"caption-attachment-54589\" class=\"wp-caption-text\"><a href=\"https:\/\/amzn.to\/3NHUtKD\" target=\"_blank\" rel=\"noopener\">Clique aqui para saber mais sobre este modelo de Cook top!<\/a><\/figcaption><\/figure><p><iframe style=\"width: 120px; height: 240px;\" src=\"\/\/ws-na.amazon-adsystem.com\/widgets\/q?ServiceVersion=20070822&amp;OneJS=1&amp;Operation=GetAdHtml&amp;MarketPlace=BR&amp;source=ss&amp;ref=as_ss_li_til&amp;ad_type=product_link&amp;tracking_id=aarquiteta-20&amp;language=pt_BR&amp;marketplace=amazon&amp;region=BR&amp;placement=B07B2XST52&amp;asins=B07B2XST52&amp;linkId=6f3c0429973aed15eb1b016987864588&amp;show_border=true&amp;link_opens_in_new_window=true\" frameborder=\"0\" marginwidth=\"0\" marginheight=\"0\" scrolling=\"no\" sandbox=\"allow-popups allow-scripts allow-modals allow-forms allow-same-origin\"><\/iframe><\/p><figure id=\"attachment_52884\" aria-describedby=\"caption-attachment-52884\" style=\"width: 700px\" class=\"wp-caption aligncenter\"><a href=\"https:\/\/amzn.to\/3lYnG8i\" target=\"_blank\" rel=\"noopener\"><img decoding=\"async\" class=\"wp-image-52884 size-full\" src=\"https:\/\/www.aarquiteta.com.br\/blog\/wp-content\/uploads\/2022\/04\/Como-otimizar-o-espaco-de-uma-cozinha-estreita..jpg\" alt=\"Como otimizar o espa\u00e7o de uma cozinha estreita.\" width=\"700\" height=\"400\" title=\"\" srcset=\"https:\/\/www.aarquiteta.com.br\/blog\/wp-content\/uploads\/2022\/04\/Como-otimizar-o-espaco-de-uma-cozinha-estreita..jpg 700w, https:\/\/www.aarquiteta.com.br\/blog\/wp-content\/uploads\/2022\/04\/Como-otimizar-o-espaco-de-uma-cozinha-estreita.-696x398.jpg 696w, https:\/\/www.aarquiteta.com.br\/blog\/wp-content\/uploads\/2022\/04\/Como-otimizar-o-espaco-de-uma-cozinha-estreita.-150x86.jpg 150w\" sizes=\"(max-width: 700px) 100vw, 700px\" \/><\/a><figcaption id=\"caption-attachment-52884\" class=\"wp-caption-text\"><a href=\"https:\/\/amzn.to\/3lYnG8i\" target=\"_blank\" rel=\"noopener\">Clique aqui para saber mais sobre este modelo de Cook top!<\/a><\/figcaption><\/figure>[amazon table=&#8221;83089&#8243;]<figure id=\"attachment_28623\" aria-describedby=\"caption-attachment-28623\" style=\"width: 668px\" class=\"wp-caption aligncenter\"><a href=\"https:\/\/amzn.to\/3N5kfZE\" target=\"_blank\" rel=\"noopener\"><img decoding=\"async\" class=\"wp-image-28623 size-full\" src=\"https:\/\/www.aarquiteta.com.br\/blog\/wp-content\/uploads\/2019\/08\/cozinha-blog-da-arquitetura.jpg\" alt=\"\" width=\"668\" height=\"1000\" title=\"\" srcset=\"https:\/\/www.aarquiteta.com.br\/blog\/wp-content\/uploads\/2019\/08\/cozinha-blog-da-arquitetura.jpg 668w, https:\/\/www.aarquiteta.com.br\/blog\/wp-content\/uploads\/2019\/08\/cozinha-blog-da-arquitetura-150x225.jpg 150w\" sizes=\"(max-width: 668px) 100vw, 668px\" \/><\/a><figcaption id=\"caption-attachment-28623\" class=\"wp-caption-text\"><a href=\"https:\/\/amzn.to\/3N5kfZE\" target=\"_blank\" rel=\"noopener\">Clique aqui para saber mais sobre este modelo de Cook top!<\/a><\/figcaption><\/figure><p><iframe style=\"width: 120px; height: 240px;\" src=\"\/\/ws-na.amazon-adsystem.com\/widgets\/q?ServiceVersion=20070822&amp;OneJS=1&amp;Operation=GetAdHtml&amp;MarketPlace=BR&amp;source=ss&amp;ref=as_ss_li_til&amp;ad_type=product_link&amp;tracking_id=aarquiteta-20&amp;language=pt_BR&amp;marketplace=amazon&amp;region=BR&amp;placement=B07B2XST52&amp;asins=B07B2XST52&amp;linkId=78c7ea1954e17034bd7e9b6c8cc7a2d6&amp;show_border=true&amp;link_opens_in_new_window=true\" frameborder=\"0\" marginwidth=\"0\" marginheight=\"0\" scrolling=\"no\" sandbox=\"allow-popups allow-scripts allow-modals allow-forms allow-same-origin\"><\/iframe><\/p><p><img decoding=\"async\" class=\"aligncenter wp-image-42855 size-full\" src=\"https:\/\/www.aarquiteta.com.br\/blog\/wp-content\/uploads\/2022\/02\/Dicas-de-modelos-gabinete-cozinha3.jpg\" alt=\"Gabinete com cooktop e pia\" width=\"700\" height=\"400\" title=\"\" srcset=\"https:\/\/www.aarquiteta.com.br\/blog\/wp-content\/uploads\/2022\/02\/Dicas-de-modelos-gabinete-cozinha3.jpg 700w, https:\/\/www.aarquiteta.com.br\/blog\/wp-content\/uploads\/2022\/02\/Dicas-de-modelos-gabinete-cozinha3-696x398.jpg 696w, https:\/\/www.aarquiteta.com.br\/blog\/wp-content\/uploads\/2022\/02\/Dicas-de-modelos-gabinete-cozinha3-150x86.jpg 150w\" sizes=\"(max-width: 700px) 100vw, 700px\" \/><\/p><p><img decoding=\"async\" class=\"aligncenter wp-image-27402 size-full\" src=\"https:\/\/www.aarquiteta.com.br\/blog\/wp-content\/uploads\/2019\/08\/Cozinha_B-560x560.jpg\" alt=\"\" width=\"560\" height=\"560\" title=\"\" srcset=\"https:\/\/www.aarquiteta.com.br\/blog\/wp-content\/uploads\/2019\/08\/Cozinha_B-560x560.jpg 560w, https:\/\/www.aarquiteta.com.br\/blog\/wp-content\/uploads\/2019\/08\/Cozinha_B-560x560-96x96.jpg 96w, https:\/\/www.aarquiteta.com.br\/blog\/wp-content\/uploads\/2019\/08\/Cozinha_B-560x560-150x150.jpg 150w\" sizes=\"(max-width: 560px) 100vw, 560px\" \/><\/p><figure id=\"attachment_27461\" aria-describedby=\"caption-attachment-27461\" style=\"width: 1000px\" class=\"wp-caption aligncenter\"><a href=\"https:\/\/amzn.to\/3N5kfZE\" target=\"_blank\" rel=\"noopener\"><img decoding=\"async\" class=\"wp-image-27461 size-full\" src=\"https:\/\/www.aarquiteta.com.br\/blog\/wp-content\/uploads\/2019\/08\/Cooktop-5-bocas-Electrolux-a-gas_GT75X_01.png\" alt=\"\" width=\"1000\" height=\"1000\" title=\"\" srcset=\"https:\/\/www.aarquiteta.com.br\/blog\/wp-content\/uploads\/2019\/08\/Cooktop-5-bocas-Electrolux-a-gas_GT75X_01.png 1000w, https:\/\/www.aarquiteta.com.br\/blog\/wp-content\/uploads\/2019\/08\/Cooktop-5-bocas-Electrolux-a-gas_GT75X_01-696x696.png 696w, https:\/\/www.aarquiteta.com.br\/blog\/wp-content\/uploads\/2019\/08\/Cooktop-5-bocas-Electrolux-a-gas_GT75X_01-96x96.png 96w, https:\/\/www.aarquiteta.com.br\/blog\/wp-content\/uploads\/2019\/08\/Cooktop-5-bocas-Electrolux-a-gas_GT75X_01-150x150.png 150w\" sizes=\"(max-width: 1000px) 100vw, 1000px\" \/><\/a><figcaption id=\"caption-attachment-27461\" class=\"wp-caption-text\"><a href=\"https:\/\/amzn.to\/3N5kfZE\" target=\"_blank\" rel=\"noopener\">Clique para saber mais sobre este modelo de Cook top para sua cozinha!<\/a><\/figcaption><\/figure><p><iframe style=\"width: 120px; height: 240px;\" src=\"\/\/ws-na.amazon-adsystem.com\/widgets\/q?ServiceVersion=20070822&amp;OneJS=1&amp;Operation=GetAdHtml&amp;MarketPlace=BR&amp;source=ss&amp;ref=as_ss_li_til&amp;ad_type=product_link&amp;tracking_id=aarquiteta-20&amp;language=pt_BR&amp;marketplace=amazon&amp;region=BR&amp;placement=B07B2XST52&amp;asins=B07B2XST52&amp;linkId=78c7ea1954e17034bd7e9b6c8cc7a2d6&amp;show_border=true&amp;link_opens_in_new_window=true\" frameborder=\"0\" marginwidth=\"0\" marginheight=\"0\" scrolling=\"no\" sandbox=\"allow-popups allow-scripts allow-modals allow-forms allow-same-origin\"><\/iframe><\/p><p><img decoding=\"async\" class=\"wp-image-54590 size-full\" src=\"https:\/\/www.aarquiteta.com.br\/blog\/wp-content\/uploads\/2022\/05\/cozinha-branca-03.webp\" alt=\"\" width=\"768\" height=\"512\" title=\"\" srcset=\"https:\/\/www.aarquiteta.com.br\/blog\/wp-content\/uploads\/2022\/05\/cozinha-branca-03.webp 768w, https:\/\/www.aarquiteta.com.br\/blog\/wp-content\/uploads\/2022\/05\/cozinha-branca-03-696x464.webp 696w, https:\/\/www.aarquiteta.com.br\/blog\/wp-content\/uploads\/2022\/05\/cozinha-branca-03-150x100.webp 150w\" sizes=\"(max-width: 768px) 100vw, 768px\" \/><\/p><p><img decoding=\"async\" class=\"wp-image-53313 size-full\" src=\"https:\/\/www.aarquiteta.com.br\/blog\/wp-content\/uploads\/2022\/04\/4-Motivos-para-ter-uma-ilha-mesa-na-sua-cozinha.5.jpg\" alt=\"uma ilha mesa na sua cozinha\" width=\"700\" height=\"400\" title=\"\" srcset=\"https:\/\/www.aarquiteta.com.br\/blog\/wp-content\/uploads\/2022\/04\/4-Motivos-para-ter-uma-ilha-mesa-na-sua-cozinha.5.jpg 700w, https:\/\/www.aarquiteta.com.br\/blog\/wp-content\/uploads\/2022\/04\/4-Motivos-para-ter-uma-ilha-mesa-na-sua-cozinha.5-696x398.jpg 696w, https:\/\/www.aarquiteta.com.br\/blog\/wp-content\/uploads\/2022\/04\/4-Motivos-para-ter-uma-ilha-mesa-na-sua-cozinha.5-150x86.jpg 150w\" sizes=\"(max-width: 700px) 100vw, 700px\" \/><\/p><figure id=\"attachment_53312\" aria-describedby=\"caption-attachment-53312\" style=\"width: 700px\" class=\"wp-caption aligncenter\"><a href=\"https:\/\/www.amazon.com.br\/dp\/B08QL2LGJC\/ref=as_sl_pc_as_ss_li_til?tag=aarquiteta-20&amp;linkCode=w00&amp;linkId=cdd73d395886f7851e9205f3c6f016dd&amp;creativeASIN=B08QL2LGJC\" target=\"_blank\" rel=\"noopener\"><img decoding=\"async\" class=\"wp-image-53312 size-full\" src=\"https:\/\/www.aarquiteta.com.br\/blog\/wp-content\/uploads\/2022\/04\/4-Motivos-para-ter-uma-ilha-mesa-na-sua-cozinha.2.jpg\" alt=\"Como planejar sua ilha\" width=\"700\" height=\"400\" title=\"\" srcset=\"https:\/\/www.aarquiteta.com.br\/blog\/wp-content\/uploads\/2022\/04\/4-Motivos-para-ter-uma-ilha-mesa-na-sua-cozinha.2.jpg 700w, https:\/\/www.aarquiteta.com.br\/blog\/wp-content\/uploads\/2022\/04\/4-Motivos-para-ter-uma-ilha-mesa-na-sua-cozinha.2-696x398.jpg 696w, https:\/\/www.aarquiteta.com.br\/blog\/wp-content\/uploads\/2022\/04\/4-Motivos-para-ter-uma-ilha-mesa-na-sua-cozinha.2-150x86.jpg 150w\" sizes=\"(max-width: 700px) 100vw, 700px\" \/><\/a><figcaption id=\"caption-attachment-53312\" class=\"wp-caption-text\"><a href=\"https:\/\/amzn.to\/3wYVOqX\" target=\"_blank\" rel=\"noopener\">Clique para saber mais sobre este modelo de Coo ktop para sua cozinha!<\/a><\/figcaption><\/figure><p><iframe style=\"width: 120px; height: 240px;\" src=\"\/\/ws-na.amazon-adsystem.com\/widgets\/q?ServiceVersion=20070822&amp;OneJS=1&amp;Operation=GetAdHtml&amp;MarketPlace=BR&amp;source=ss&amp;ref=as_ss_li_til&amp;ad_type=product_link&amp;tracking_id=aarquiteta-20&amp;language=pt_BR&amp;marketplace=amazon&amp;region=BR&amp;placement=B08QL2LGJC&amp;asins=B08QL2LGJC&amp;linkId=cdd73d395886f7851e9205f3c6f016dd&amp;show_border=true&amp;link_opens_in_new_window=true\" frameborder=\"0\" marginwidth=\"0\" marginheight=\"0\" scrolling=\"no\" sandbox=\"allow-popups allow-scripts allow-modals allow-forms allow-same-origin\"><\/iframe><\/p><figure id=\"attachment_52884-2\" aria-describedby=\"caption-attachment-52884-2\" style=\"width: 700px\" class=\"wp-caption aligncenter\"><a href=\"https:\/\/amzn.to\/3wVRadp\" target=\"_blank\" rel=\"noopener\"><img decoding=\"async\" class=\"wp-image-52884 size-full\" src=\"https:\/\/www.aarquiteta.com.br\/blog\/wp-content\/uploads\/2022\/04\/Como-otimizar-o-espaco-de-uma-cozinha-estreita..jpg\" alt=\"Como otimizar o espa\u00e7o de uma cozinha estreita.\" width=\"700\" height=\"400\" title=\"\" srcset=\"https:\/\/www.aarquiteta.com.br\/blog\/wp-content\/uploads\/2022\/04\/Como-otimizar-o-espaco-de-uma-cozinha-estreita..jpg 700w, https:\/\/www.aarquiteta.com.br\/blog\/wp-content\/uploads\/2022\/04\/Como-otimizar-o-espaco-de-uma-cozinha-estreita.-696x398.jpg 696w, https:\/\/www.aarquiteta.com.br\/blog\/wp-content\/uploads\/2022\/04\/Como-otimizar-o-espaco-de-uma-cozinha-estreita.-150x86.jpg 150w\" sizes=\"(max-width: 700px) 100vw, 700px\" \/><\/a><figcaption id=\"caption-attachment-52884-2\" class=\"wp-caption-text\"><a href=\"https:\/\/amzn.to\/3wVRadp\" target=\"_blank\" rel=\"noopener\">Clique para saber mais sobre este modelo de Cook top para sua cozinha!<\/a><\/figcaption><\/figure><h3><img decoding=\"async\" class=\"wp-image-50975 size-full\" style=\"text-align: center; color: #222222; font-family: Verdana, BlinkMacSystemFont, -apple-system, &#039;Segoe UI&#039;, Roboto, Oxygen, Ubuntu, Cantarell, &#039;Open Sans&#039;, &#039;Helvetica Neue&#039;, sans-serif; font-size: 15px;\" src=\"https:\/\/www.aarquiteta.com.br\/blog\/wp-content\/uploads\/2022\/04\/Dicas-de-eletrodomesticos-que-voce-tem-que-ter-na-cozinha.4.jpg\" alt=\"Air fryer\" width=\"700\" height=\"400\" title=\"\" srcset=\"https:\/\/www.aarquiteta.com.br\/blog\/wp-content\/uploads\/2022\/04\/Dicas-de-eletrodomesticos-que-voce-tem-que-ter-na-cozinha.4.jpg 700w, https:\/\/www.aarquiteta.com.br\/blog\/wp-content\/uploads\/2022\/04\/Dicas-de-eletrodomesticos-que-voce-tem-que-ter-na-cozinha.4-696x398.jpg 696w, https:\/\/www.aarquiteta.com.br\/blog\/wp-content\/uploads\/2022\/04\/Dicas-de-eletrodomesticos-que-voce-tem-que-ter-na-cozinha.4-150x86.jpg 150w\" sizes=\"(max-width: 700px) 100vw, 700px\" \/><\/h3><p>Clique para saber mais sobre este modelo de Cook top para sua cozinha!<\/p><figure id=\"attachment_50974\" aria-describedby=\"caption-attachment-50974\" style=\"width: 700px\" class=\"wp-caption aligncenter\"><img decoding=\"async\" class=\"wp-image-50974 size-full\" src=\"https:\/\/www.aarquiteta.com.br\/blog\/wp-content\/uploads\/2022\/04\/Dicas-de-eletrodomesticos-que-voce-tem-que-ter-na-cozinha.2.jpg\" alt=\"Dicas de eletrodom\u00e9sticos que voc\u00ea tem que ter na cozinha.\" width=\"700\" height=\"400\" title=\"\" srcset=\"https:\/\/www.aarquiteta.com.br\/blog\/wp-content\/uploads\/2022\/04\/Dicas-de-eletrodomesticos-que-voce-tem-que-ter-na-cozinha.2.jpg 700w, https:\/\/www.aarquiteta.com.br\/blog\/wp-content\/uploads\/2022\/04\/Dicas-de-eletrodomesticos-que-voce-tem-que-ter-na-cozinha.2-696x398.jpg 696w, https:\/\/www.aarquiteta.com.br\/blog\/wp-content\/uploads\/2022\/04\/Dicas-de-eletrodomesticos-que-voce-tem-que-ter-na-cozinha.2-150x86.jpg 150w\" sizes=\"(max-width: 700px) 100vw, 700px\" \/><figcaption id=\"caption-attachment-50974\" class=\"wp-caption-text\">Clique para saber mais sobre este modelo de Cookt op para sua cozinha!<\/figcaption><\/figure><figure id=\"attachment_45046\" aria-describedby=\"caption-attachment-45046\" style=\"width: 700px\" class=\"wp-caption aligncenter\"><a href=\"https:\/\/amzn.to\/3zaZBTA\" target=\"_blank\" rel=\"noopener\"><img decoding=\"async\" class=\"wp-image-45046 size-full\" src=\"https:\/\/www.aarquiteta.com.br\/blog\/wp-content\/uploads\/2022\/03\/Dicas-de-como-decorar-uma-cozinha-monocromatica-2.jpg\" alt=\"Brinque com os tons sobre tons\" width=\"700\" height=\"400\" title=\"\" srcset=\"https:\/\/www.aarquiteta.com.br\/blog\/wp-content\/uploads\/2022\/03\/Dicas-de-como-decorar-uma-cozinha-monocromatica-2.jpg 700w, https:\/\/www.aarquiteta.com.br\/blog\/wp-content\/uploads\/2022\/03\/Dicas-de-como-decorar-uma-cozinha-monocromatica-2-696x398.jpg 696w, https:\/\/www.aarquiteta.com.br\/blog\/wp-content\/uploads\/2022\/03\/Dicas-de-como-decorar-uma-cozinha-monocromatica-2-150x86.jpg 150w\" sizes=\"(max-width: 700px) 100vw, 700px\" \/><\/a><figcaption id=\"caption-attachment-45046\" class=\"wp-caption-text\">Clique para saber mais sobre este modelo de Cook top para sua cozinha!<\/figcaption><\/figure><p><a style=\"text-align: center;\" href=\"https:\/\/amzn.to\/3wYf73A\" target=\"_blank\" rel=\"noopener\"><img decoding=\"async\" class=\"wp-image-42855 size-full\" src=\"https:\/\/www.aarquiteta.com.br\/blog\/wp-content\/uploads\/2022\/02\/Dicas-de-modelos-gabinete-cozinha3.jpg\" alt=\"Gabinete com cooktop e pia\" width=\"700\" height=\"400\" title=\"\" srcset=\"https:\/\/www.aarquiteta.com.br\/blog\/wp-content\/uploads\/2022\/02\/Dicas-de-modelos-gabinete-cozinha3.jpg 700w, https:\/\/www.aarquiteta.com.br\/blog\/wp-content\/uploads\/2022\/02\/Dicas-de-modelos-gabinete-cozinha3-696x398.jpg 696w, https:\/\/www.aarquiteta.com.br\/blog\/wp-content\/uploads\/2022\/02\/Dicas-de-modelos-gabinete-cozinha3-150x86.jpg 150w\" sizes=\"(max-width: 700px) 100vw, 700px\" \/><\/a><\/p><p>Clique para saber mais sobre este modelo de Cook top para sua cozinha!<a style=\"text-align: center;\" href=\"https:\/\/amzn.to\/3lUibYb\" target=\"_blank\" rel=\"noopener\"><img decoding=\"async\" class=\"wp-image-34759 size-full\" src=\"https:\/\/www.aarquiteta.com.br\/blog\/wp-content\/uploads\/2021\/10\/Carapajo-\u2013-70m\u00b2-scaled.jpg\" alt=\"\" width=\"1706\" height=\"2560\" title=\"\" srcset=\"https:\/\/www.aarquiteta.com.br\/blog\/wp-content\/uploads\/2021\/10\/Carapajo-\u2013-70m\u00b2-scaled.jpg 1365w, https:\/\/www.aarquiteta.com.br\/blog\/wp-content\/uploads\/2021\/10\/Carapajo-\u2013-70m\u00b2-1024x1536.jpg 1024w, https:\/\/www.aarquiteta.com.br\/blog\/wp-content\/uploads\/2021\/10\/Carapajo-\u2013-70m\u00b2-696x1044.jpg 696w, https:\/\/www.aarquiteta.com.br\/blog\/wp-content\/uploads\/2021\/10\/Carapajo-\u2013-70m\u00b2-150x225.jpg 150w\" sizes=\"(max-width: 1706px) 100vw, 1706px\" \/><\/a><\/p><p><a href=\"https:\/\/amzn.to\/3lUibYb\" target=\"_blank\" rel=\"noopener\">Clique aqui para saber mais sobre o cook top!<\/a><a href=\"https:\/\/amzn.to\/3wYVOqX\" target=\"_blank\" rel=\"noopener\"><img decoding=\"async\" class=\"wp-image-27400 size-full\" style=\"font-weight: bold; background-color: transparent; color: #767676;\" src=\"https:\/\/www.aarquiteta.com.br\/blog\/wp-content\/uploads\/2019\/08\/Cozinha_C-560x560.png\" alt=\"\" width=\"560\" height=\"560\" title=\"\" srcset=\"https:\/\/www.aarquiteta.com.br\/blog\/wp-content\/uploads\/2019\/08\/Cozinha_C-560x560.png 560w, https:\/\/www.aarquiteta.com.br\/blog\/wp-content\/uploads\/2019\/08\/Cozinha_C-560x560-96x96.png 96w, https:\/\/www.aarquiteta.com.br\/blog\/wp-content\/uploads\/2019\/08\/Cozinha_C-560x560-150x150.png 150w\" sizes=\"(max-width: 560px) 100vw, 560px\" \/><\/a><\/p><p><a href=\"https:\/\/amzn.to\/3wYVOqX\" target=\"_blank\" rel=\"noopener\">Clique para saber mais sobre este modelo de Cook top para sua cozinha!<\/a><\/p><h3>Cooktop ou Fog\u00e3o \u2014 Qual vantagens e desvantagens?<\/h3><p>Na hora de planejar a cozinha \u00e9 necess\u00e1rio saber bem as diferen\u00e7as entre eles, pois cada uma delas equivale a um investimento que ser\u00e1 necess\u00e1rio ser considerado na hora e comprar:<\/p><h4>Forno a g\u00e1s ou Forno el\u00e9trico:<\/h4><p>Outra forma de <strong>economizar espa\u00e7o<\/strong> na cozinha \u00e9 utilizar os cooktops, por\u00e9m, assim como o <a href=\"https:\/\/www.aarquiteta.com.br\/blog\/como-escolher-fogao-4-bocas\/\" target=\"_blank\" rel=\"noopener\">fog\u00e3o embutido,<\/a> \u00e9 preciso anteriormente inclu\u00ed-lo no <strong>planejamento da cozinha<\/strong> para que a bancada possua o tamanho ideal para o seu eletrodom\u00e9stico.<\/p><p><a href=\"https:\/\/amzn.to\/36rSpq7\" target=\"_blank\" rel=\"noopener\"><span id=\"productTitle\" class=\"a-size-large product-title-word-break\">Forno de Embutir a G\u00e1s Brastemp 78 Litros Cor Inox Espelhado com Grill e Timer Touch &#8211; BOA84AR 220V<\/span><\/a><\/p><figure id=\"attachment_44707\" aria-describedby=\"caption-attachment-44707\" style=\"width: 700px\" class=\"wp-caption aligncenter\"><a href=\"https:\/\/amzn.to\/36rSpq7\" target=\"_blank\" rel=\"noopener\"><img decoding=\"async\" class=\"wp-image-44707 size-full\" title=\"Fog\u00e3o 4 Bocas - 8 Dicas para escolher o melhor fog\u00e3o para sua cozinha!\" src=\"https:\/\/www.aarquiteta.com.br\/blog\/wp-content\/uploads\/2022\/02\/Como-decorar-a-cozinha-com-armario-preto.jpg\" alt=\"Fog\u00e3o 4 Bocas - 8 Dicas para escolher o melhor fog\u00e3o para sua cozinha!\" width=\"700\" height=\"400\" srcset=\"https:\/\/www.aarquiteta.com.br\/blog\/wp-content\/uploads\/2022\/02\/Como-decorar-a-cozinha-com-armario-preto.jpg 700w, https:\/\/www.aarquiteta.com.br\/blog\/wp-content\/uploads\/2022\/02\/Como-decorar-a-cozinha-com-armario-preto-696x398.jpg 696w, https:\/\/www.aarquiteta.com.br\/blog\/wp-content\/uploads\/2022\/02\/Como-decorar-a-cozinha-com-armario-preto-150x86.jpg 150w\" sizes=\"(max-width: 700px) 100vw, 700px\" \/><\/a><figcaption id=\"caption-attachment-44707\" class=\"wp-caption-text\"><a href=\"https:\/\/amzn.to\/36rSpq7\" target=\"_blank\" rel=\"noopener\">Clique para saber mais!<\/a><\/figcaption><\/figure><p>Com o cooktop voc\u00ea pode ter a op\u00e7\u00e3o de criar <strong>projetos de <a href=\"https:\/\/www.aarquiteta.com.br\/blog\/cozinha-planejada-decorar-uma-cozinha-pequena\/\" target=\"_blank\" rel=\"noopener\">cozinha<\/a><\/strong> planejada mais <strong>sofisticados,<\/strong> como, por exemplo, uma cozinha com <strong>bancada em ilha, <\/strong>criando um <strong>layout diferenciado<\/strong> para sua casa, especialmente em <strong>conceito aberto.<\/strong><\/p><p>No entanto, uma <strong>desvantagem<\/strong> de se optar por um cooktop \u00e9 que ser\u00e1 necess\u00e1rio investir em um <strong>forno el\u00e9trico,<\/strong> j\u00e1 que no cooktop <strong>n\u00e3o acompanha o forno embutido<\/strong>, um investimento a mais que dever\u00e1 ser colocado no or\u00e7amento da reforma da cozinha!<\/p><p><a href=\"https:\/\/amzn.to\/3qAxY1j\" target=\"_blank\" rel=\"noopener\">Electrolux COOKTOP A G\u00c1S KE5TP COM MESA DE VIDRO PRETA BIVOLT:<\/a><\/p><figure id=\"attachment_49268\" aria-describedby=\"caption-attachment-49268\" style=\"width: 1000px\" class=\"wp-caption aligncenter\"><a href=\"https:\/\/amzn.to\/3qAxY1j\" target=\"_blank\" rel=\"noopener\"><img decoding=\"async\" class=\"wp-image-49268 size-full\" title=\"Fog\u00e3o 4 Bocas - 8 Dicas para escolher o melhor fog\u00e3o para sua cozinha!\" src=\"https:\/\/www.aarquiteta.com.br\/blog\/wp-content\/uploads\/2022\/03\/Electrolux-COOKTOP-A-GAS-KE5TP-COM-MESA-DE-VIDRO-PRETA-BIVOLT.jpg\" alt=\"Fog\u00e3o 4 Bocas - 8 Dicas para escolher o melhor fog\u00e3o para sua cozinha!\" width=\"1000\" height=\"1000\" srcset=\"https:\/\/www.aarquiteta.com.br\/blog\/wp-content\/uploads\/2022\/03\/Electrolux-COOKTOP-A-GAS-KE5TP-COM-MESA-DE-VIDRO-PRETA-BIVOLT.jpg 1000w, https:\/\/www.aarquiteta.com.br\/blog\/wp-content\/uploads\/2022\/03\/Electrolux-COOKTOP-A-GAS-KE5TP-COM-MESA-DE-VIDRO-PRETA-BIVOLT-696x696.jpg 696w, https:\/\/www.aarquiteta.com.br\/blog\/wp-content\/uploads\/2022\/03\/Electrolux-COOKTOP-A-GAS-KE5TP-COM-MESA-DE-VIDRO-PRETA-BIVOLT-96x96.jpg 96w, https:\/\/www.aarquiteta.com.br\/blog\/wp-content\/uploads\/2022\/03\/Electrolux-COOKTOP-A-GAS-KE5TP-COM-MESA-DE-VIDRO-PRETA-BIVOLT-150x150.jpg 150w\" sizes=\"(max-width: 1000px) 100vw, 1000px\" \/><\/a><figcaption id=\"caption-attachment-49268\" class=\"wp-caption-text\"><a href=\"https:\/\/amzn.to\/3qAxY1j\" target=\"_blank\" rel=\"noopener\">Electrolux COOKTOP A G\u00c1S KE5TP COM MESA DE VIDRO PRETA BIVOLT &#8211; Clique para saber mais!<\/a><\/figcaption><\/figure><h4>Ficou interessado em conhecer mais sobre as vantagens do F<a href=\"https:\/\/www.aarquiteta.com.br\/blog\/como-escolher-fogao-4-bocas\/\" target=\"_blank\" rel=\"noopener\">og\u00e3o e do Cooktop?<\/a><\/h4><p>Confira neste artigo <a href=\"https:\/\/www.aarquiteta.com.br\/blog\/como-escolher-fogao-4-bocas\/\" target=\"_blank\" rel=\"noopener\"><strong>como escolher fog\u00e3o 4 bocas<\/strong> <\/a>e descubra tudo sobre como escolher o fog\u00e3o ideal para sua cozinha.<\/p><p>Modelos de fog\u00f5es, os tipos de tampos, queimadores e grades. Os tipos de acendimentos modernos do mercado. Fog\u00e3o com forno duplo e ainda fog\u00e3o retr\u00f4, se voc\u00ea \u00e9 f\u00e3 de decora\u00e7\u00e3o e m\u00f3veis antigos, tenho certeza que voc\u00ea gostar\u00e1!<\/p><p>Aproveite e confira como <a href=\"https:\/\/www.aarquiteta.com.br\/blog\/o-que-e-torneira-gourmet\/\" target=\"_blank\" rel=\"noopener\"><strong>escolher Torneira Gourmet<\/strong> <\/a>para sua cozinha! Lindos modelos para voc\u00ea se inspirar!<\/p><p>Gosta de cozinhar? J\u00e1 conhece as <a href=\"https:\/\/www.aarquiteta.com.br\/blog\/qual-a-melhor-fritadeira-eletrica-sem-oleo\/\" target=\"_blank\" rel=\"noopener\">fritadeiras el\u00e9tricas sem \u00f3leo<\/a>? Al\u00e9m de preparar alimentos de forma saud\u00e1vel elas ficam lindas na decora\u00e7\u00e3o da sua cozinha!<\/p><h4>Dica B\u00f4nus 1 : Como manter seu Fog\u00e3o ou Cooktop sempre limpo?<\/h4><p><a href=\"https:\/\/www.aarquiteta.com.br\/blog\/feng-shui\/\" target=\"_blank\" rel=\"noopener\">Segundo o Feng-shui<\/a> um fog\u00e3o sempre limpinho \u00e9 o primeiro passo para se alcan\u00e7ar a prosperidade!<\/p><p>Se voc\u00ea que deixar seu fog\u00e3o sempre limpinho, confira estes artigos de limpeza que elaborei, onde eu ensino como limpar seu fog\u00e3o sem precisar ficar no esfrega, esfrega!<\/p><ul><li><a class=\"row-title\" href=\"https:\/\/www.aarquiteta.com.br\/blog\/receitas-de-limpeza-com-bicarbonato-de-sodio\/\" target=\"_blank\" rel=\"noopener\" label=\"\u201cReceitas de Limpeza com Bicarbonato de S\u00f3dio - Economize produtos de limpeza!\u201d (Editar)\">Receitas de Limpeza com Bicarbonato de S\u00f3dio &#8211; Economize produtos de limpeza!<\/a><\/li><li><a class=\"row-title\" href=\"https:\/\/www.aarquiteta.com.br\/blog\/receitas-de-limpeza-com-vinagre\/\" target=\"_blank\" rel=\"noopener\" label=\"\u201cReceitas de Limpeza com Vinagre - Chega de esfrega, esfrega!\u201d (Editar)\">Receitas de Limpeza com Vinagre &#8211; Chega de esfrega, esfrega!<\/a><\/li><li><a class=\"row-title\" href=\"https:\/\/www.aarquiteta.com.br\/blog\/receitas-de-limpeza-com-limao\/\" target=\"_blank\" rel=\"noopener\" label=\"\u201cReceitas de Limpeza com Lim\u00e3o - Al\u00e9m de limpo, cheiroso!\u201d (Editar)\">Receitas de Limpeza com Lim\u00e3o &#8211; Al\u00e9m de limpo, cheiroso!<\/a><\/li><\/ul><h4>Dica B\u00f4nus 2 : Como fazer uma cozinha planejada!<\/h4><p>Agora que voc\u00ea j\u00e1 sabe como escolher o seu fog\u00e3o, confira estes artigos que elaborei pensando em te ajudar na elabora\u00e7\u00e3o de um projeto de cozinha com m\u00f3veis planejados:<\/p><ul><li><a class=\"row-title\" href=\"https:\/\/www.aarquiteta.com.br\/blog\/moveis-planejados-como-comprar\/\" target=\"_blank\" rel=\"noopener\" label=\"\u201cM\u00f3veis Planejados - Como economizar na hora de comprar?\u201d (Editar)\">M\u00f3veis Planejados &#8211; Como economizar na hora de comprar?<\/a><\/li><li><a class=\"row-title\" href=\"https:\/\/www.aarquiteta.com.br\/blog\/moveis-planejados-em-apartamentos-pequenos\/\" target=\"_blank\" rel=\"noopener\" label=\"\u201cDicas de m\u00f3veis planejados em apartamentos pequenos.\u201d (Editar)\">Dicas de m\u00f3veis planejados em apartamentos pequenos.<\/a><\/li><li><a class=\"row-title\" href=\"https:\/\/www.aarquiteta.com.br\/blog\/moveis-planejados-para-apartamentos\/\" target=\"_blank\" rel=\"noopener\" label=\"\u201cM\u00f3veis planejados para apartamentos: Dicas para quem est\u00e1 reformando!\u201d (Editar)\">M\u00f3veis planejados para apartamentos: Dicas para quem est\u00e1 reformando!<\/a><\/li><li><a class=\"row-title\" href=\"https:\/\/www.aarquiteta.com.br\/blog\/etapas-de-uma-reforma-de-apartamento\/\" target=\"_blank\" rel=\"noopener\" label=\"\u201cAs 13 etapas de uma reforma de apartamento - Descubra onde come\u00e7ar!\u201d (Editar)\">As 13 etapas de uma reforma de apartamento &#8211; Descubra onde come\u00e7ar!<\/a><\/li><li><a class=\"row-title\" href=\"https:\/\/www.aarquiteta.com.br\/blog\/como-decorar-a-cozinha-com-armario-preto\/\" target=\"_blank\" rel=\"noopener\" label=\"\u201cComo decorar a cozinha com arm\u00e1rio preto.\u201d (Editar)\">Como decorar a cozinha com arm\u00e1rio preto.<\/a><\/li><li><a class=\"row-title\" href=\"https:\/\/www.aarquiteta.com.br\/blog\/iluminacao-para-armarios\/\" target=\"_blank\" rel=\"noopener\" label=\"\u201cIlumina\u00e7\u00e3o para Arm\u00e1rios - Dicas para escolher a melhor LED!\u201d (Editar)\">Ilumina\u00e7\u00e3o para Arm\u00e1rios &#8211; Dicas para escolher a melhor LED!<\/a><\/li><\/ul><h3>E a\u00ed, gostou das dicas do artigo? Ent\u00e3o deslize a tela para baixo e confira <strong><a href=\"https:\/\/www.aarquiteta.com.br\">mais dicas<\/a><\/strong>, al\u00e9m dos nossos <strong><a href=\"http:\/\/www.aarquiteta.com.br\">Cursos e Treinamentos<\/a><\/strong>\u00a0e n\u00e3o se esque\u00e7a de compartilhar com os amigos!<\/h3><p>Quer receber conte\u00fados exclusivos sobre <strong>casa, jardim, decora\u00e7\u00e3o, arquitetura, educa\u00e7\u00e3o financeira e muito mais<\/strong>? Ent\u00e3o, inscreva-se agora mesmo no nosso <strong><a href=\"https:\/\/t.me\/aarquitetablog\" target=\"_blank\" rel=\"noopener\">Canal do Telegram<\/a>!<\/strong> \ud83e\udd29\ud83d\udc68\u200d\ud83d\udc69\u200d\ud83d\udc67\u200d\ud83d\udc66<\/p><p>Aqui, voc\u00ea ter\u00e1 acesso a artigos, dicas e inspira\u00e7\u00f5es para <strong>transformar sua casa em um lar dos sonhos<\/strong>, cuidar do seu jardim com carinho, aprender sobre finan\u00e7as pessoais e muito mais. \ud83d\udcda\ud83d\udcb0<\/p><p>N\u00e3o perca mais tempo e junte-se a n\u00f3s para receber conte\u00fados exclusivos e se manter sempre atualizado! \ud83d\udce2\ud83c\udfe0\ud83c\udf3f\ud83c\udfe6. Ingresse <strong><a href=\"https:\/\/t.me\/aarquitetablog\" target=\"_blank\" rel=\"noopener\">aqui<\/a> <\/strong>no Canal da <strong>Arquiteta Blog por Luciana Paix\u00e3o!<\/strong> \ud83d\udc95<a href=\"https:\/\/www.aarquiteta.com.br\/decoracao\/\" target=\"_blank\" rel=\"noopener\">\u00a0<\/a><\/p>","protected":false},"excerpt":{"rendered":"<p>Como projetar cooktop na cozinha? Buscando dicas de como fazer \u00e1rea do cooktop na cozinha? Confira como escolher o modelo ideal e como posicion\u00e1-lo na bancada de trabalho!O cooktop vem conquistando cada vez mais espa\u00e7o nas cozinhas contempor\u00e2neas, oferecendo design elegante, funcionalidade avan\u00e7ada e maior liberdade na disposi\u00e7\u00e3o dos utens\u00edlios.Neste artigo, exploraremos tudo o que [&hellip;]<\/p>\n","protected":false},"author":102,"featured_media":41272,"comment_status":"closed","ping_status":"closed","sticky":false,"template":"","format":"standard","meta":{"footnotes":""},"categories":[18767,18766],"tags":[11510],"class_list":["post-41253","post","type-post","status-publish","format-standard","has-post-thumbnail","category-eletrodomesticos","category-produtos","tag-dicas-de-como-fazer-area-do-cooktop"],"_wp_attached_file":null,"_wp_attachment_metadata":null,"_wp_attachment_context":null,"_wp_attachment_is_custom_header":null,"geo_longitude":null,"geo_public":null,"geo_latitude":null,"_publicize_done_external":null,"_wpas_done_3897181":null,"publicize_twitter_user":null,"_wpas_done_3897175":null,"_wpas_skip_3897181":null,"_wpas_skip_3897175":null,"_wpas_skip_3924723":null,"_wpas_mess":null,"_wpas_done_3924723":null,"wps_subtitle":"Buscando dicas de como fazer \u00e1rea do cooktop na cozinha? Confira como escolher o modelo ideal e como posicion\u00e1-lo na bancada de trabalho!","_links":{"self":[{"href":"https:\/\/www.aarquiteta.com.br\/blog\/wp-json\/wp\/v2\/posts\/41253","targetHints":{"allow":["GET"]}}],"collection":[{"href":"https:\/\/www.aarquiteta.com.br\/blog\/wp-json\/wp\/v2\/posts"}],"about":[{"href":"https:\/\/www.aarquiteta.com.br\/blog\/wp-json\/wp\/v2\/types\/post"}],"author":[{"embeddable":true,"href":"https:\/\/www.aarquiteta.com.br\/blog\/wp-json\/wp\/v2\/users\/102"}],"replies":[{"embeddable":true,"href":"https:\/\/www.aarquiteta.com.br\/blog\/wp-json\/wp\/v2\/comments?post=41253"}],"version-history":[{"count":0,"href":"https:\/\/www.aarquiteta.com.br\/blog\/wp-json\/wp\/v2\/posts\/41253\/revisions"}],"wp:featuredmedia":[{"embeddable":true,"href":"https:\/\/www.aarquiteta.com.br\/blog\/wp-json\/wp\/v2\/media\/41272"}],"wp:attachment":[{"href":"https:\/\/www.aarquiteta.com.br\/blog\/wp-json\/wp\/v2\/media?parent=41253"}],"wp:term":[{"taxonomy":"category","embeddable":true,"href":"https:\/\/www.aarquiteta.com.br\/blog\/wp-json\/wp\/v2\/categories?post=41253"},{"taxonomy":"post_tag","embeddable":true,"href":"https:\/\/www.aarquiteta.com.br\/blog\/wp-json\/wp\/v2\/tags?post=41253"}],"curies":[{"name":"wp","href":"https:\/\/api.w.org\/{rel}","templated":true}]}}