{"id":41239,"date":"2023-02-25T05:30:59","date_gmt":"2023-02-25T08:30:59","guid":{"rendered":"http:\/\/aarquiteta.com.br\/?p=41239"},"modified":"2026-09-03T13:13:38","modified_gmt":"2026-09-03T16:13:38","slug":"decoracao-para-corredor-estreito","status":"publish","type":"post","link":"https:\/\/www.aarquiteta.com.br\/blog\/decoracao-para-corredor-estreito\/","title":{"rendered":"Como decorar corredor estreito sem comprometer a circula\u00e7\u00e3o"},"content":{"rendered":"<p class=\"PDq2pG_selectionAnchorContainer\" data-start=\"1813\" data-end=\"2063\">Decorar um corredor estreito come\u00e7a por uma decis\u00e3o pouco decorativa: <strong data-start=\"1883\" data-end=\"1907\">preservar a passagem<\/strong>. Antes de colocar aparador, prateleira, planta ou banco, observe quanto espa\u00e7o realmente sobra para circular, abrir portas e transportar objetos pela casa.<\/p>\n<p data-start=\"2065\" data-end=\"2252\">Em muitos corredores, a melhor solu\u00e7\u00e3o n\u00e3o \u00e9 acrescentar m\u00f3veis. Paredes, ilumina\u00e7\u00e3o, quadros, espelhos e cor conseguem mudar bastante o ambiente sem ocupar cent\u00edmetros preciosos do piso.<\/p>\n<p data-start=\"2254\" data-end=\"2400\">Por isso, a pergunta principal n\u00e3o deveria ser \u201co que posso colocar aqui?\u201d, mas <strong data-start=\"2334\" data-end=\"2400\">\u201cquanto desse corredor pode ser ocupado sem atrapalhar o uso?\u201d<\/strong><\/p>\n<figure id=\"attachment_41242\" aria-describedby=\"caption-attachment-41242\" style=\"width: 700px\" class=\"wp-caption aligncenter\"><img decoding=\"async\" class=\"wp-image-41242 size-full\" title=\"Como decorar corredor estreito sem comprometer a circula\u00e7\u00e3o\" src=\"https:\/\/www.aarquiteta.com.br\/blog\/wp-content\/uploads\/2022\/01\/Dicas-de-como-decorar-corredor3.jpg\" alt=\"Decora\u00e7\u00e3o para corredor estreito \u2014 3 Truques f\u00e1ceis de aplicar!\" width=\"700\" height=\"400\" srcset=\"https:\/\/www.aarquiteta.com.br\/blog\/wp-content\/uploads\/2022\/01\/Dicas-de-como-decorar-corredor3.jpg 700w, https:\/\/www.aarquiteta.com.br\/blog\/wp-content\/uploads\/2022\/01\/Dicas-de-como-decorar-corredor3-696x398.jpg 696w, https:\/\/www.aarquiteta.com.br\/blog\/wp-content\/uploads\/2022\/01\/Dicas-de-como-decorar-corredor3-150x86.jpg 150w\" sizes=\"(max-width: 700px) 100vw, 700px\" \/><figcaption id=\"caption-attachment-41242\" class=\"wp-caption-text\">Como decorar corredor estreito sem comprometer a circula\u00e7\u00e3o<\/figcaption><\/figure>\n<h2 data-section-id=\"1iyxjzk\" data-start=\"2402\" data-end=\"2447\">Primeiro, me\u00e7a a largura livre do corredor<\/h2>\n<p data-start=\"2449\" data-end=\"2510\">Use uma trena e me\u00e7a de parede a parede em diferentes pontos.<\/p>\n<p data-start=\"2512\" data-end=\"2566\">Depois identifique tudo o que interfere nessa largura:<\/p>\n<ul data-start=\"2568\" data-end=\"2685\">\n<li data-section-id=\"1206tpp\" data-start=\"2568\" data-end=\"2579\">batentes;<\/li>\n<li data-section-id=\"ux19gq\" data-start=\"2580\" data-end=\"2597\">portas abertas;<\/li>\n<li data-section-id=\"1m7boaw\" data-start=\"2598\" data-end=\"2622\">rodap\u00e9s mais espessos;<\/li>\n<li data-section-id=\"1d76bcz\" data-start=\"2623\" data-end=\"2633\">pilares;<\/li>\n<li data-section-id=\"1qu9yqz\" data-start=\"2634\" data-end=\"2645\">arm\u00e1rios;<\/li>\n<li data-section-id=\"zlusu2\" data-start=\"2646\" data-end=\"2664\">caixas t\u00e9cnicas;<\/li>\n<li data-section-id=\"inp9e3\" data-start=\"2665\" data-end=\"2685\">m\u00f3veis existentes.<\/li>\n<\/ul>\n<p data-start=\"2687\" data-end=\"2809\">Se pretende instalar um aparador com 25 cm de profundidade, por exemplo, esses 25 cm precisam ser descontados da passagem.<\/p>\n<p data-start=\"2811\" data-end=\"2869\">O mesmo vale para prateleiras, sapateiras, bancos e vasos.<\/p>\n<h3 data-section-id=\"zbhtjl\" data-start=\"2871\" data-end=\"2915\">Existe uma largura m\u00ednima para corredor?<\/h3>\n<p data-start=\"2917\" data-end=\"3093\">N\u00e3o \u00e9 seguro transformar um \u00fanico n\u00famero em regra para toda resid\u00eancia, porque as exig\u00eancias dependem do projeto, uso da edifica\u00e7\u00e3o, legisla\u00e7\u00e3o e necessidade de acessibilidade.<\/p>\n<p data-start=\"3095\" data-end=\"3400\">Quando o corredor integra uma <strong data-start=\"3125\" data-end=\"3143\">rota acess\u00edvel<\/strong>, a ABNT NBR 9050:2020 estabelece dimens\u00f5es espec\u00edficas. Para corredores de uso comum, a norma prev\u00ea, por exemplo, <strong data-start=\"3258\" data-end=\"3305\">0,90 m de largura para extens\u00f5es de at\u00e9 4 m<\/strong>, com dimens\u00f5es maiores conforme o comprimento e o fluxo.<\/p>\n<p data-start=\"3402\" data-end=\"3503\">Isso n\u00e3o significa que todo corredor residencial existente possa ser avaliado apenas por esse n\u00famero.<\/p>\n<p data-start=\"3505\" data-end=\"3702\">Em reforma, acessibilidade ou situa\u00e7\u00f5es em que a passagem j\u00e1 \u00e9 reduzida, preserve a circula\u00e7\u00e3o prevista no projeto e consulte arquiteto ou profissional habilitado antes de instalar elementos fixos.<\/p>\n<p data-start=\"3505\" data-end=\"3702\"><img decoding=\"async\" class=\"alignnone wp-image-55143 size-full\" title=\"Decora\u00e7\u00e3o para corredor estreito \u2014 3 Truques f\u00e1ceis de aplicar!\" src=\"https:\/\/www.aarquiteta.com.br\/blog\/wp-content\/uploads\/2022\/05\/cropped-corredor-1.jpg\" alt=\"Decora\u00e7\u00e3o para corredor estreito \u2014 3 Truques f\u00e1ceis de aplicar!\" width=\"640\" height=\"853\" srcset=\"https:\/\/www.aarquiteta.com.br\/blog\/wp-content\/uploads\/2022\/05\/cropped-corredor-1.jpg 640w, https:\/\/www.aarquiteta.com.br\/blog\/wp-content\/uploads\/2022\/05\/cropped-corredor-1-225x300.jpg 225w, https:\/\/www.aarquiteta.com.br\/blog\/wp-content\/uploads\/2022\/05\/cropped-corredor-1-9x12.jpg 9w, https:\/\/www.aarquiteta.com.br\/blog\/wp-content\/uploads\/2022\/05\/cropped-corredor-1-150x200.jpg 150w\" sizes=\"(max-width: 640px) 100vw, 640px\" \/><\/p>\n<h2 data-section-id=\"1qxueg1\" data-start=\"3704\" data-end=\"3755\">Em corredor muito estreito, comece pelas paredes<\/h2>\n<p data-start=\"3757\" data-end=\"3854\">Quando o espa\u00e7o de passagem j\u00e1 \u00e9 limitado, a parede oferece muito mais possibilidades que o piso.<\/p>\n<p data-start=\"3856\" data-end=\"3880\">Voc\u00ea pode trabalhar com:<\/p>\n<ul data-start=\"3882\" data-end=\"4009\">\n<li data-section-id=\"1glxws6\" data-start=\"3882\" data-end=\"3892\">pintura;<\/li>\n<li data-section-id=\"1bh3t0c\" data-start=\"3893\" data-end=\"3903\">quadros;<\/li>\n<li data-section-id=\"1qlumlk\" data-start=\"3904\" data-end=\"3918\">fotografias;<\/li>\n<li data-section-id=\"gyrdx7\" data-start=\"3919\" data-end=\"3929\">espelho;<\/li>\n<li data-section-id=\"1suc5hg\" data-start=\"3930\" data-end=\"3945\">revestimento;<\/li>\n<li data-section-id=\"g45g4j\" data-start=\"3946\" data-end=\"3959\">ilumina\u00e7\u00e3o;<\/li>\n<li data-section-id=\"5pbxl1\" data-start=\"3960\" data-end=\"4009\">pequenos elementos fixados sem grande proje\u00e7\u00e3o.<\/li>\n<\/ul>\n<p data-start=\"4011\" data-end=\"4113\">Essa \u00e9 uma estrat\u00e9gia melhor do que tentar \u201caproveitar cada cent\u00edmetro\u201d enchendo o corredor de m\u00f3veis.<\/p>\n<p data-start=\"4115\" data-end=\"4187\">Um corredor continua tendo como principal fun\u00e7\u00e3o <strong data-start=\"4164\" data-end=\"4186\">conectar ambientes<\/strong>.<\/p>\n<p data-start=\"4189\" data-end=\"4258\">A decora\u00e7\u00e3o deve melhorar essa passagem, n\u00e3o disputar espa\u00e7o com ela.<\/p>\n<figure id=\"attachment_36993\" aria-describedby=\"caption-attachment-36993\" style=\"width: 696px\" class=\"wp-caption aligncenter\"><img decoding=\"async\" class=\"wp-image-36993 size-full\" src=\"https:\/\/www.aarquiteta.com.br\/blog\/wp-content\/uploads\/2021\/11\/corredor-decorado.png\" alt=\"Como Decorar Casa ou Apartamento de Aluguel - Confira!\" width=\"696\" height=\"928\" title=\"\" srcset=\"https:\/\/www.aarquiteta.com.br\/blog\/wp-content\/uploads\/2021\/11\/corredor-decorado.png 696w, https:\/\/www.aarquiteta.com.br\/blog\/wp-content\/uploads\/2021\/11\/corredor-decorado-640x853.png 640w, https:\/\/www.aarquiteta.com.br\/blog\/wp-content\/uploads\/2021\/11\/corredor-decorado-150x200.png 150w\" sizes=\"(max-width: 696px) 100vw, 696px\" \/><figcaption id=\"caption-attachment-36993\" class=\"wp-caption-text\">Como Decorar Casa ou Apartamento de Aluguel &#8211; Confira!<\/figcaption><\/figure>\n<h2 data-section-id=\"5cj96i\" data-start=\"4260\" data-end=\"4305\">Aparador s\u00f3 funciona quando sobra passagem<\/h2>\n<p data-start=\"4307\" data-end=\"4390\">Aparadores s\u00e3o frequentemente sugeridos para corredores, mas n\u00e3o servem para todos.<\/p>\n<p data-start=\"4392\" data-end=\"4659\">O pr\u00f3prio acervo do A Arquiteta j\u00e1 possui um artigo dedicado a <a class=\"decorated-link\" href=\"https:\/\/www.aarquiteta.com.br\/blog\/aparador-para-corredor\/?utm_source=chatgpt.com\" target=\"_new\" rel=\"noopener\" data-start=\"4455\" data-end=\"4541\">aparadores para corredor<\/a>, e at\u00e9 nele a circula\u00e7\u00e3o aparece como um crit\u00e9rio importante para a instala\u00e7\u00e3o.<\/p>\n<p data-start=\"4661\" data-end=\"4695\">Antes de comprar, fa\u00e7a esta conta:<\/p>\n<p data-start=\"4697\" data-end=\"4764\"><strong data-start=\"4697\" data-end=\"4764\">largura do corredor \u2212 profundidade do m\u00f3vel = passagem restante<\/strong><\/p>\n<p data-start=\"4766\" data-end=\"4788\">Depois observe tamb\u00e9m:<\/p>\n<ul data-start=\"4790\" data-end=\"4906\">\n<li data-section-id=\"1nthao0\" data-start=\"4790\" data-end=\"4802\">puxadores;<\/li>\n<li data-section-id=\"mb351f\" data-start=\"4803\" data-end=\"4831\">portas ou gavetas abertas;<\/li>\n<li data-section-id=\"1cp9jij\" data-start=\"4832\" data-end=\"4866\">objetos colocados sobre o m\u00f3vel;<\/li>\n<li data-section-id=\"1w2fvaq\" data-start=\"4867\" data-end=\"4877\">tomadas;<\/li>\n<li data-section-id=\"10gapqf\" data-start=\"4878\" data-end=\"4896\">portas pr\u00f3ximas;<\/li>\n<li data-section-id=\"c8e013\" data-start=\"4897\" data-end=\"4906\">rodap\u00e9.<\/li>\n<\/ul>\n<h3 data-section-id=\"1socfzq\" data-start=\"4908\" data-end=\"4941\">Quando eu evitaria o aparador<\/h3>\n<p data-start=\"4943\" data-end=\"5003\">Eu n\u00e3o colocaria um m\u00f3vel apenas porque a parede est\u00e1 vazia.<\/p>\n<p data-start=\"5005\" data-end=\"5022\">Evite quando ele:<\/p>\n<ul data-start=\"5024\" data-end=\"5221\">\n<li data-section-id=\"15scu9a\" data-start=\"5024\" data-end=\"5056\">obriga as pessoas a desviarem;<\/li>\n<li data-section-id=\"1hs5lge\" data-start=\"5057\" data-end=\"5107\">estreita excessivamente uma passagem j\u00e1 pequena;<\/li>\n<li data-section-id=\"8fma2o\" data-start=\"5108\" data-end=\"5142\">interfere na abertura de portas;<\/li>\n<li data-section-id=\"15kvoq3\" data-start=\"5143\" data-end=\"5183\">cria quinas em uma rota de circula\u00e7\u00e3o;<\/li>\n<li data-section-id=\"1vg3vcx\" data-start=\"5184\" data-end=\"5221\">serve apenas para acumular objetos.<\/li>\n<\/ul>\n<p data-start=\"5223\" data-end=\"5322\">Nesses casos, um quadro, uma composi\u00e7\u00e3o de fotografias ou um espelho pode resolver melhor a parede.<\/p>\n<p data-start=\"5223\" data-end=\"5322\"><img decoding=\"async\" class=\"aligncenter wp-image-54981 size-full\" src=\"https:\/\/www.aarquiteta.com.br\/blog\/wp-content\/uploads\/2022\/05\/corredor-2.webp\" alt=\"\" width=\"819\" height=\"1023\" title=\"\" srcset=\"https:\/\/www.aarquiteta.com.br\/blog\/wp-content\/uploads\/2022\/05\/corredor-2.webp 819w, https:\/\/www.aarquiteta.com.br\/blog\/wp-content\/uploads\/2022\/05\/corredor-2-696x869.webp 696w, https:\/\/www.aarquiteta.com.br\/blog\/wp-content\/uploads\/2022\/05\/corredor-2-150x187.webp 150w\" sizes=\"(max-width: 819px) 100vw, 819px\" \/><\/p>\n<h2 data-section-id=\"ywskv5\" data-start=\"5324\" data-end=\"5379\">Se precisar de apoio, procure m\u00f3veis realmente rasos<\/h2>\n<p data-start=\"5381\" data-end=\"5464\">Em corredores onde existe largura suficiente, um m\u00f3vel estreito pode ser \u00fatil para:<\/p>\n<ul data-start=\"5466\" data-end=\"5536\">\n<li data-section-id=\"2gl0s9\" data-start=\"5466\" data-end=\"5475\">chaves;<\/li>\n<li data-section-id=\"16clnq8\" data-start=\"5476\" data-end=\"5495\">correspond\u00eancias;<\/li>\n<li data-section-id=\"17rjxtr\" data-start=\"5496\" data-end=\"5515\">pequenos objetos;<\/li>\n<li data-section-id=\"7mhsxa\" data-start=\"5516\" data-end=\"5536\">decora\u00e7\u00e3o pontual.<\/li>\n<\/ul>\n<p data-start=\"5538\" data-end=\"5586\">Mas cuidado com a express\u00e3o \u201caparador estreito\u201d.<\/p>\n<p data-start=\"5588\" data-end=\"5686\">Um m\u00f3vel pode parecer fino em uma loja ampla e tornar-se enorme dentro de um corredor residencial.<\/p>\n<p data-start=\"5688\" data-end=\"5842\">Me\u00e7a a pe\u00e7a e simule sua profundidade antes da compra usando fita crepe no piso. Assim voc\u00ea consegue perceber quanto espa\u00e7o permanecer\u00e1 livre para passar.<\/p>\n<h2 data-section-id=\"1jjtg6t\" data-start=\"5844\" data-end=\"5873\">Espelho amplia o corredor?<\/h2>\n<p data-start=\"5875\" data-end=\"5965\">O espelho <strong data-start=\"5885\" data-end=\"5922\">n\u00e3o aumenta fisicamente a largura<\/strong>, mas pode alterar a percep\u00e7\u00e3o do ambiente.<\/p>\n<p data-start=\"5967\" data-end=\"6041\">Ele reflete luz, paredes e elementos da casa, criando continuidade visual.<\/p>\n<p data-start=\"6043\" data-end=\"6080\">No entanto, o posicionamento importa.<\/p>\n<h3 data-section-id=\"14zf4qt\" data-start=\"6082\" data-end=\"6111\">Espelho na parede lateral<\/h3>\n<p data-start=\"6113\" data-end=\"6150\">Pode aumentar a percep\u00e7\u00e3o de largura.<\/p>\n<p data-start=\"6152\" data-end=\"6194\">Funciona especialmente bem quando reflete:<\/p>\n<ul data-start=\"6196\" data-end=\"6278\">\n<li data-section-id=\"1smfp4g\" data-start=\"6196\" data-end=\"6215\">uma parede clara;<\/li>\n<li data-section-id=\"g45g4j\" data-start=\"6216\" data-end=\"6229\">ilumina\u00e7\u00e3o;<\/li>\n<li data-section-id=\"stkuwc\" data-start=\"6230\" data-end=\"6245\">uma abertura;<\/li>\n<li data-section-id=\"11t0zvb\" data-start=\"6246\" data-end=\"6278\">um elemento visual organizado.<\/li>\n<\/ul>\n<h3 data-section-id=\"1cw6ps2\" data-start=\"6280\" data-end=\"6312\">Espelho no fundo do corredor<\/h3>\n<p data-start=\"6314\" data-end=\"6355\">Pode refor\u00e7ar a sensa\u00e7\u00e3o de profundidade.<\/p>\n<p data-start=\"6357\" data-end=\"6493\">Mas h\u00e1 um efeito colateral: se o corredor j\u00e1 \u00e9 muito comprido, um espelho na extremidade pode fazer com que ele pare\u00e7a ainda mais longo.<\/p>\n<p data-start=\"6495\" data-end=\"6550\">Portanto, n\u00e3o existe uma posi\u00e7\u00e3o universalmente melhor.<\/p>\n<h2 data-section-id=\"1ly70r8\" data-start=\"6552\" data-end=\"6600\">Antes do espelho, veja o que ele vai refletir<\/h2>\n<p data-start=\"6602\" data-end=\"6645\">Esse \u00e9 um detalhe frequentemente esquecido.<\/p>\n<p data-start=\"6647\" data-end=\"6687\">Um espelho pode multiplicar visualmente:<\/p>\n<ul data-start=\"6689\" data-end=\"6736\">\n<li data-section-id=\"q8mrd3\" data-start=\"6689\" data-end=\"6702\">uma janela;<\/li>\n<li data-section-id=\"1cbj4lz\" data-start=\"6703\" data-end=\"6715\">um quadro;<\/li>\n<li data-section-id=\"oqkiky\" data-start=\"6716\" data-end=\"6736\">uma parede bonita;<\/li>\n<\/ul>\n<p data-start=\"6738\" data-end=\"6749\">mas tamb\u00e9m:<\/p>\n<ul data-start=\"6751\" data-end=\"6868\">\n<li data-section-id=\"1oyq1lz\" data-start=\"6751\" data-end=\"6775\">uma porta de banheiro;<\/li>\n<li data-section-id=\"quwoqm\" data-start=\"6776\" data-end=\"6803\">um arm\u00e1rio desorganizado;<\/li>\n<li data-section-id=\"1jtnuw2\" data-start=\"6804\" data-end=\"6820\">uma lumin\u00e1ria;<\/li>\n<li data-section-id=\"182faqw\" data-start=\"6821\" data-end=\"6837\">outro espelho;<\/li>\n<li data-section-id=\"1kph5f5\" data-start=\"6838\" data-end=\"6868\">uma \u00e1rea pouco interessante.<\/li>\n<\/ul>\n<p data-start=\"6870\" data-end=\"6975\">Antes de furar a parede, fique no local onde o espelho ser\u00e1 instalado e observe o que estar\u00e1 diante dele.<\/p>\n<p data-start=\"6977\" data-end=\"7021\">A reflex\u00e3o passa a fazer parte da decora\u00e7\u00e3o.<\/p>\n<p data-start=\"6977\" data-end=\"7021\"><img decoding=\"async\" class=\"aligncenter wp-image-54982 size-full\" src=\"https:\/\/www.aarquiteta.com.br\/blog\/wp-content\/uploads\/2022\/05\/corredor-3.jpg\" alt=\"Decora\u00e7\u00e3o para corredor estreito \u2014 3 Truques f\u00e1ceis de aplicar!\" width=\"792\" height=\"990\" title=\"\" srcset=\"https:\/\/www.aarquiteta.com.br\/blog\/wp-content\/uploads\/2022\/05\/corredor-3.jpg 792w, https:\/\/www.aarquiteta.com.br\/blog\/wp-content\/uploads\/2022\/05\/corredor-3-696x870.jpg 696w, https:\/\/www.aarquiteta.com.br\/blog\/wp-content\/uploads\/2022\/05\/corredor-3-150x188.jpg 150w\" sizes=\"(max-width: 792px) 100vw, 792px\" \/><\/p>\n<h2 data-section-id=\"2jssat\" data-start=\"7023\" data-end=\"7071\">Cores claras ajudam, mas n\u00e3o s\u00e3o obrigat\u00f3rias<\/h2>\n<p data-start=\"7073\" data-end=\"7172\">Paredes claras costumam refletir mais luz e podem tornar corredores escuros visualmente mais leves.<\/p>\n<p data-start=\"7174\" data-end=\"7239\">Isso n\u00e3o significa que todo corredor estreito precise ser branco.<\/p>\n<p data-start=\"7241\" data-end=\"7315\">Uma parede mais escura ou colorida pode funcionar muito bem quando existe:<\/p>\n<ul data-start=\"7317\" data-end=\"7432\">\n<li data-section-id=\"1rjj5wj\" data-start=\"7317\" data-end=\"7339\">ilumina\u00e7\u00e3o adequada;<\/li>\n<li data-section-id=\"2bu34p\" data-start=\"7340\" data-end=\"7363\">contraste controlado;<\/li>\n<li data-section-id=\"ai4umh\" data-start=\"7364\" data-end=\"7403\">continuidade com os outros ambientes;<\/li>\n<li data-section-id=\"aqaos0\" data-start=\"7404\" data-end=\"7432\">inten\u00e7\u00e3o clara de projeto.<\/li>\n<\/ul>\n<p data-start=\"7434\" data-end=\"7566\">Em um corredor comprido, por exemplo, destacar a parede do fundo com uma cor diferente pode reduzir visualmente a sensa\u00e7\u00e3o de t\u00fanel.<\/p>\n<p data-start=\"7568\" data-end=\"7638\">O importante \u00e9 analisar largura, comprimento e ilumina\u00e7\u00e3o em conjunto.<\/p>\n<h2 data-section-id=\"zxv6qu\" data-start=\"7640\" data-end=\"7693\">Pintar teto e paredes da mesma cor pode funcionar?<\/h2>\n<p data-start=\"7695\" data-end=\"7700\">Pode.<\/p>\n<p data-start=\"7702\" data-end=\"7845\">Em certos projetos, envolver paredes e teto em uma mesma tonalidade reduz a quantidade de linhas de contraste e cria um ambiente mais cont\u00ednuo.<\/p>\n<p data-start=\"7847\" data-end=\"7957\">Isso n\u00e3o significa necessariamente que o corredor parecer\u00e1 maior, mas pode torn\u00e1-lo visualmente mais coerente.<\/p>\n<p data-start=\"7959\" data-end=\"8079\">Em corredores com teto baixo, teste tons muito escuros com cautela, porque eles podem refor\u00e7ar a sensa\u00e7\u00e3o de fechamento.<\/p>\n<h2 data-section-id=\"1i9obn0\" data-start=\"8081\" data-end=\"8147\">Quadros s\u00e3o uma das melhores solu\u00e7\u00f5es para corredores estreitos<\/h2>\n<p data-start=\"8149\" data-end=\"8215\">Diferentemente de m\u00f3veis, quadros ocupam pouqu\u00edssima profundidade.<\/p>\n<p data-start=\"8217\" data-end=\"8295\">Por isso s\u00e3o especialmente \u00fateis quando a circula\u00e7\u00e3o precisa permanecer livre.<\/p>\n<p data-start=\"8297\" data-end=\"8518\">O A Arquiteta possui um conte\u00fado espec\u00edfico sobre <a class=\"decorated-link\" href=\"https:\/\/www.aarquiteta.com.br\/blog\/quadros-para-corredor-2\/?utm_source=chatgpt.com\" target=\"_new\" rel=\"noopener\" data-start=\"8347\" data-end=\"8431\">quadros para corredor<\/a>, que pode complementar esta etapa de composi\u00e7\u00e3o.<\/p>\n<h3 data-section-id=\"1jr035a\" data-start=\"8520\" data-end=\"8550\">Galeria ou uma \u00fanica obra?<\/h3>\n<p data-start=\"8552\" data-end=\"8575\">Depende da arquitetura.<\/p>\n<p data-start=\"8577\" data-end=\"8640\"><strong data-start=\"8577\" data-end=\"8599\">Corredor comprido:<\/strong> uma sequ\u00eancia de obras pode criar ritmo.<\/p>\n<p data-start=\"8642\" data-end=\"8713\"><strong data-start=\"8642\" data-end=\"8663\">Corredor pequeno:<\/strong> uma pe\u00e7a maior pode evitar excesso de informa\u00e7\u00e3o.<\/p>\n<p data-start=\"8715\" data-end=\"8841\"><strong data-start=\"8715\" data-end=\"8746\">Corredor com muitas portas:<\/strong> poucos elementos costumam funcionar melhor porque a pr\u00f3pria arquitetura j\u00e1 fragmenta a parede.<\/p>\n<p data-start=\"8843\" data-end=\"8892\">Evite a obriga\u00e7\u00e3o de preencher cada trecho vazio.<\/p>\n<h2 data-section-id=\"14gpqo1\" data-start=\"8894\" data-end=\"8929\">Em corredores longos, crie ritmo<\/h2>\n<p data-start=\"8931\" data-end=\"9009\">Um dos problemas de corredores extensos n\u00e3o \u00e9 apenas a largura: \u00e9 a repeti\u00e7\u00e3o.<\/p>\n<p data-start=\"9011\" data-end=\"9098\">V\u00e1rias portas, uma parede comprida e ilumina\u00e7\u00e3o uniforme podem criar sensa\u00e7\u00e3o de t\u00fanel.<\/p>\n<p data-start=\"9100\" data-end=\"9143\">Voc\u00ea pode quebrar essa continuidade usando:<\/p>\n<ul data-start=\"9145\" data-end=\"9265\">\n<li data-section-id=\"qyqkx\" data-start=\"9145\" data-end=\"9165\">grupos de quadros;<\/li>\n<li data-section-id=\"1u4qqqw\" data-start=\"9166\" data-end=\"9182\">pontos de luz;<\/li>\n<li data-section-id=\"1771e3e\" data-start=\"9183\" data-end=\"9211\">mudan\u00e7a controlada de cor;<\/li>\n<li data-section-id=\"1eang05\" data-start=\"9212\" data-end=\"9238\">uma obra na extremidade;<\/li>\n<li data-section-id=\"494bd5\" data-start=\"9239\" data-end=\"9265\">pequenas pausas visuais.<\/li>\n<\/ul>\n<p data-start=\"9267\" data-end=\"9345\">O objetivo \u00e9 fazer o olhar encontrar pontos de interesse ao longo do percurso.<\/p>\n<h2 data-section-id=\"1g2irr\" data-start=\"9347\" data-end=\"9400\">Ilumina\u00e7\u00e3o de corredor precisa melhorar a passagem<\/h2>\n<p data-start=\"9402\" data-end=\"9488\">Um corredor mal iluminado pode parecer mais apertado e tamb\u00e9m dificultar a circula\u00e7\u00e3o.<\/p>\n<p data-start=\"9490\" data-end=\"9688\">A Signify destaca que a ilumina\u00e7\u00e3o de corredores deve favorecer <strong data-start=\"9554\" data-end=\"9601\">visibilidade, orienta\u00e7\u00e3o e movimento seguro<\/strong>, com distribui\u00e7\u00e3o uniforme e controle de brilho.<\/p>\n<p data-start=\"9690\" data-end=\"9750\">Na resid\u00eancia, isso pode ser traduzido em uma regra simples:<\/p>\n<p data-start=\"9752\" data-end=\"9830\"><strong data-start=\"9752\" data-end=\"9830\">n\u00e3o deixe trechos escuros alternados com pontos excessivamente brilhantes.<\/strong><\/p>\n<h2 data-section-id=\"1d314l1\" data-start=\"9832\" data-end=\"9869\">Spots no teto s\u00e3o a \u00fanica solu\u00e7\u00e3o?<\/h2>\n<p data-start=\"9871\" data-end=\"9875\">N\u00e3o.<\/p>\n<p data-start=\"9877\" data-end=\"9920\">Dependendo da arquitetura, podem funcionar:<\/p>\n<ul data-start=\"9922\" data-end=\"10046\">\n<li data-section-id=\"46fpay\" data-start=\"9922\" data-end=\"9932\">plafons;<\/li>\n<li data-section-id=\"1yi3lb7\" data-start=\"9933\" data-end=\"9951\">perfis lineares;<\/li>\n<li data-section-id=\"1g4sf8r\" data-start=\"9952\" data-end=\"9974\">ilumina\u00e7\u00e3o indireta;<\/li>\n<li data-section-id=\"1kz95w0\" data-start=\"9975\" data-end=\"9987\">arandelas;<\/li>\n<li data-section-id=\"1lmd8rc\" data-start=\"9988\" data-end=\"9996\">spots;<\/li>\n<li data-section-id=\"1b7n2c3\" data-start=\"9997\" data-end=\"10021\">luz pr\u00f3xima ao rodap\u00e9;<\/li>\n<li data-section-id=\"13isixk\" data-start=\"10022\" data-end=\"10046\">ilumina\u00e7\u00e3o de quadros.<\/li>\n<\/ul>\n<p data-start=\"10048\" data-end=\"10086\">O importante \u00e9 pensar na distribui\u00e7\u00e3o.<\/p>\n<p data-start=\"10088\" data-end=\"10196\">Uma fileira muito marcada de spots pode refor\u00e7ar justamente a sensa\u00e7\u00e3o longitudinal de um corredor comprido.<\/p>\n<p data-start=\"10198\" data-end=\"10288\">Em certos espa\u00e7os, ilumina\u00e7\u00e3o difusa ou indireta produz resultado visual mais confort\u00e1vel.<\/p>\n<h3 data-section-id=\"1k5byah\" data-start=\"10290\" data-end=\"10331\">Cuidado com arandelas muito profundas<\/h3>\n<p data-start=\"10333\" data-end=\"10364\">A arandela tamb\u00e9m ocupa espa\u00e7o.<\/p>\n<p data-start=\"10366\" data-end=\"10506\">Em um corredor estreito, modelos excessivamente salientes podem se transformar em obst\u00e1culos ou ficar pr\u00f3ximos demais da altura das pessoas.<\/p>\n<p data-start=\"10508\" data-end=\"10561\">Escolha pe\u00e7as proporcionais \u00e0 largura e \u00e0 circula\u00e7\u00e3o.<\/p>\n<p data-start=\"10563\" data-end=\"10677\">Altera\u00e7\u00f5es na instala\u00e7\u00e3o el\u00e9trica devem ser executadas por profissional qualificado e seguir as normas aplic\u00e1veis.<\/p>\n<h2 data-section-id=\"tcmw6q\" data-start=\"10679\" data-end=\"10724\">Prateleiras: nem toda parede precisa delas<\/h2>\n<p data-start=\"10726\" data-end=\"10830\">Prateleiras aparecem constantemente em listas de \u201cideias para corredores pequenos\u201d, mas merecem cautela.<\/p>\n<p data-start=\"10832\" data-end=\"10872\">Mesmo uma prateleira relativamente rasa:<\/p>\n<ul data-start=\"10874\" data-end=\"11002\">\n<li data-section-id=\"29lm99\" data-start=\"10874\" data-end=\"10903\">reduz a largura dispon\u00edvel;<\/li>\n<li data-section-id=\"1a87im3\" data-start=\"10904\" data-end=\"10918\">cria quinas;<\/li>\n<li data-section-id=\"5fz0zf\" data-start=\"10919\" data-end=\"10937\">acumula objetos;<\/li>\n<li data-section-id=\"17ob0pv\" data-start=\"10938\" data-end=\"10954\">exige limpeza;<\/li>\n<li data-section-id=\"12zbsyl\" data-start=\"10955\" data-end=\"11002\">pode ficar na altura dos ombros ou da cabe\u00e7a.<\/li>\n<\/ul>\n<p data-start=\"11004\" data-end=\"11088\">Se o corredor j\u00e1 \u00e9 muito estreito, eu priorizaria quadros ou elementos quase planos.<\/p>\n<p data-start=\"11090\" data-end=\"11194\">Prateleiras fazem mais sentido quando a arquitetura oferece largura suficiente ou algum nicho existente.<\/p>\n<h2 data-section-id=\"1lp9nig\" data-start=\"11196\" data-end=\"11255\">Nichos embutidos s\u00e3o diferentes de prateleiras salientes<\/h2>\n<p data-start=\"11257\" data-end=\"11339\">Um nicho pode criar armazenamento ou exposi\u00e7\u00e3o sem avan\u00e7ar tanto sobre a passagem.<\/p>\n<p data-start=\"11341\" data-end=\"11412\">Mas abrir uma parede para criar um nicho \u00e9 uma interven\u00e7\u00e3o construtiva.<\/p>\n<p data-start=\"11414\" data-end=\"11441\">Antes, \u00e9 preciso verificar:<\/p>\n<ul data-start=\"11443\" data-end=\"11551\">\n<li data-section-id=\"1yqs4nu\" data-start=\"11443\" data-end=\"11464\">material da parede;<\/li>\n<li data-section-id=\"c4adpo\" data-start=\"11465\" data-end=\"11478\">tubula\u00e7\u00f5es;<\/li>\n<li data-section-id=\"12kdlgl\" data-start=\"11479\" data-end=\"11503\">instala\u00e7\u00f5es el\u00e9tricas;<\/li>\n<li data-section-id=\"1r3h8hq\" data-start=\"11504\" data-end=\"11524\">fun\u00e7\u00e3o estrutural;<\/li>\n<li data-section-id=\"lvznw6\" data-start=\"11525\" data-end=\"11537\">espessura;<\/li>\n<li data-section-id=\"13u0a63\" data-start=\"11538\" data-end=\"11551\">acabamento.<\/li>\n<\/ul>\n<p data-start=\"11553\" data-end=\"11601\">N\u00e3o abra nichos em paredes sem essa verifica\u00e7\u00e3o.<\/p>\n<h2 data-section-id=\"x3qgo1\" data-start=\"11603\" data-end=\"11659\">Tapete no corredor: bonito, mas precisa ficar est\u00e1vel<\/h2>\n<p data-start=\"11661\" data-end=\"11689\">Passadeiras podem adicionar:<\/p>\n<ul data-start=\"11691\" data-end=\"11752\">\n<li data-section-id=\"ircb1k\" data-start=\"11691\" data-end=\"11701\">textura;<\/li>\n<li data-section-id=\"1j3dzkd\" data-start=\"11702\" data-end=\"11708\">cor;<\/li>\n<li data-section-id=\"16w11uz\" data-start=\"11709\" data-end=\"11729\">conforto ac\u00fastico;<\/li>\n<li data-section-id=\"f5aj8b\" data-start=\"11730\" data-end=\"11752\">continuidade visual.<\/li>\n<\/ul>\n<p data-start=\"11754\" data-end=\"11839\">Mas um corredor \u00e9 uma rota de circula\u00e7\u00e3o. Portanto, seguran\u00e7a vem antes da apar\u00eancia.<\/p>\n<p data-start=\"11841\" data-end=\"11859\">Evite tapetes que:<\/p>\n<ul data-start=\"11861\" data-end=\"11963\">\n<li data-section-id=\"useqi6\" data-start=\"11861\" data-end=\"11882\">enrolam nas pontas;<\/li>\n<li data-section-id=\"1wwjcia\" data-start=\"11883\" data-end=\"11894\">deslizam;<\/li>\n<li data-section-id=\"1dqdvxw\" data-start=\"11895\" data-end=\"11911\">criam degraus;<\/li>\n<li data-section-id=\"qscqkh\" data-start=\"11912\" data-end=\"11933\">prendem nas portas;<\/li>\n<li data-section-id=\"669le7\" data-start=\"11934\" data-end=\"11963\">deixam bordas muito soltas.<\/li>\n<\/ul>\n<p data-start=\"11965\" data-end=\"12048\">Se utilizar uma passadeira, observe a estabilidade e a rela\u00e7\u00e3o com portas pr\u00f3ximas.<\/p>\n<p data-start=\"12050\" data-end=\"12171\">Em casas com idosos, crian\u00e7as pequenas ou moradores com mobilidade reduzida, esse cuidado se torna ainda mais importante.<\/p>\n<h2 data-section-id=\"1b4bq7x\" data-start=\"12173\" data-end=\"12218\">O tapete n\u00e3o precisa ocupar toda a largura<\/h2>\n<p data-start=\"12220\" data-end=\"12331\">Em muitos corredores, uma pequena faixa de piso aparente nas laterais deixa a composi\u00e7\u00e3o visualmente mais leve.<\/p>\n<p data-start=\"12333\" data-end=\"12369\">Mas n\u00e3o existe uma medida universal.<\/p>\n<p data-start=\"12371\" data-end=\"12399\">A propor\u00e7\u00e3o deve considerar:<\/p>\n<ul data-start=\"12401\" data-end=\"12502\">\n<li data-section-id=\"15enady\" data-start=\"12401\" data-end=\"12423\">largura do corredor;<\/li>\n<li data-section-id=\"13n98bn\" data-start=\"12424\" data-end=\"12442\">desenho do piso;<\/li>\n<li data-section-id=\"v23nfc\" data-start=\"12443\" data-end=\"12452\">portas;<\/li>\n<li data-section-id=\"ry09gk\" data-start=\"12453\" data-end=\"12467\">comprimento;<\/li>\n<li data-section-id=\"1wxozr\" data-start=\"12468\" data-end=\"12502\">largura comercial da passadeira.<\/li>\n<\/ul>\n<p data-start=\"12504\" data-end=\"12561\">Antes da compra, marque a largura no ch\u00e3o com fita crepe.<\/p>\n<h2 data-section-id=\"7ymahj\" data-start=\"12563\" data-end=\"12622\">Plantas podem funcionar, desde que n\u00e3o fiquem no caminho<\/h2>\n<p data-start=\"12624\" data-end=\"12737\">Plantas trazem cor e textura, mas vasos apoiados no piso n\u00e3o s\u00e3o uma boa solu\u00e7\u00e3o quando a passagem j\u00e1 \u00e9 limitada.<\/p>\n<p data-start=\"12739\" data-end=\"12791\">Em um corredor interno estreito, considere primeiro:<\/p>\n<ul data-start=\"12793\" data-end=\"12864\">\n<li data-section-id=\"1o4rg7h\" data-start=\"12793\" data-end=\"12810\">luz dispon\u00edvel;<\/li>\n<li data-section-id=\"16liwfp\" data-start=\"12811\" data-end=\"12824\">ventila\u00e7\u00e3o;<\/li>\n<li data-section-id=\"mkc9sr\" data-start=\"12825\" data-end=\"12838\">circula\u00e7\u00e3o;<\/li>\n<li data-section-id=\"bbt5oe\" data-start=\"12839\" data-end=\"12864\">porte adulto da planta.<\/li>\n<\/ul>\n<p data-start=\"12866\" data-end=\"12916\">Evite colocar vaso apenas para preencher um canto.<\/p>\n<p data-start=\"12918\" data-end=\"13023\">Uma planta mal adaptada ao n\u00edvel de luz tende a perder vigor independentemente da qualidade da decora\u00e7\u00e3o.<\/p>\n<h2 data-section-id=\"h78o9j\" data-start=\"13025\" data-end=\"13074\">Corredores laterais externos s\u00e3o outro assunto<\/h2>\n<p data-start=\"13076\" data-end=\"13112\">\u00c9 importante separar duas inten\u00e7\u00f5es.<\/p>\n<p data-start=\"13114\" data-end=\"13187\">Esta p\u00e1gina trata principalmente de <strong data-start=\"13150\" data-end=\"13186\">corredores internos residenciais<\/strong>.<\/p>\n<p data-start=\"13189\" data-end=\"13293\">J\u00e1 corredores laterais externos t\u00eam outras quest\u00f5es: drenagem, chuva, insola\u00e7\u00e3o, plantas e pavimenta\u00e7\u00e3o.<\/p>\n<p data-start=\"13295\" data-end=\"13534\">O A Arquiteta possui um conte\u00fado espec\u00edfico sobre <a class=\"decorated-link\" href=\"https:\/\/www.aarquiteta.com.br\/blog\/jardim-lateral-corredor-estreito\/?utm_source=chatgpt.com\" target=\"_new\" rel=\"noopener\" data-start=\"13345\" data-end=\"13452\">jardim em corredor lateral estreito<\/a>, que deve permanecer separado desta p\u00e1gina.<\/p>\n<p data-start=\"13536\" data-end=\"13754\">Da mesma forma, o artigo sobre <a class=\"decorated-link\" href=\"https:\/\/www.aarquiteta.com.br\/blog\/iluminacao-corredores-laterais\/?utm_source=chatgpt.com\" target=\"_new\" rel=\"noopener\" data-start=\"13567\" data-end=\"13670\">ilumina\u00e7\u00e3o de corredores laterais<\/a> deve continuar direcionado ao espa\u00e7o externo.<\/p>\n<h2 data-section-id=\"irtlrq\" data-start=\"13756\" data-end=\"13796\">Quando n\u00e3o colocar absolutamente nada<\/h2>\n<p data-start=\"13798\" data-end=\"13842\">Esta talvez seja a decis\u00e3o mais subestimada.<\/p>\n<p data-start=\"13844\" data-end=\"13881\">Se o corredor \u00e9 muito estreito e tem:<\/p>\n<ul data-start=\"13883\" data-end=\"13968\">\n<li data-section-id=\"15n8t6u\" data-start=\"13883\" data-end=\"13899\">v\u00e1rias portas;<\/li>\n<li data-section-id=\"19csm0k\" data-start=\"13900\" data-end=\"13923\">circula\u00e7\u00e3o frequente;<\/li>\n<li data-section-id=\"zm9blp\" data-start=\"13924\" data-end=\"13948\">pouca parede cont\u00ednua;<\/li>\n<li data-section-id=\"1iw94bg\" data-start=\"13949\" data-end=\"13968\">largura limitada;<\/li>\n<\/ul>\n<p data-start=\"13970\" data-end=\"14027\">deixar o piso totalmente livre pode ser a melhor solu\u00e7\u00e3o.<\/p>\n<p data-start=\"14029\" data-end=\"14064\">Nesse cen\u00e1rio, trabalhe apenas com:<\/p>\n<ul data-start=\"14066\" data-end=\"14129\">\n<li data-section-id=\"1j3dzkd\" data-start=\"14066\" data-end=\"14072\">cor;<\/li>\n<li data-section-id=\"g45g4j\" data-start=\"14073\" data-end=\"14086\">ilumina\u00e7\u00e3o;<\/li>\n<li data-section-id=\"168btkh\" data-start=\"14087\" data-end=\"14094\">arte;<\/li>\n<li data-section-id=\"gyrdx7\" data-start=\"14095\" data-end=\"14105\">espelho;<\/li>\n<li data-section-id=\"1g7fnx9\" data-start=\"14106\" data-end=\"14129\">acabamento de parede.<\/li>\n<\/ul>\n<p data-start=\"14131\" data-end=\"14189\">\u201cDecorar\u201d n\u00e3o significa necessariamente adicionar objetos.<\/p>\n<h2 data-section-id=\"ka1f4w\" data-start=\"14191\" data-end=\"14246\">Corredor estreito de entrada merece outro racioc\u00ednio<\/h2>\n<p data-start=\"14248\" data-end=\"14346\">Quando o corredor tamb\u00e9m funciona como acesso principal da casa, surge uma demanda de organiza\u00e7\u00e3o.<\/p>\n<p data-start=\"14348\" data-end=\"14374\">Pode haver necessidade de:<\/p>\n<ul data-start=\"14376\" data-end=\"14447\">\n<li data-section-id=\"rfxi03\" data-start=\"14376\" data-end=\"14396\">apoio para chaves;<\/li>\n<li data-section-id=\"jos3b0\" data-start=\"14397\" data-end=\"14417\">local para bolsas;<\/li>\n<li data-section-id=\"v7ugxk\" data-start=\"14418\" data-end=\"14428\">sapatos;<\/li>\n<li data-section-id=\"7qnxk6\" data-start=\"14429\" data-end=\"14447\">correspond\u00eancia.<\/li>\n<\/ul>\n<p data-start=\"14449\" data-end=\"14563\">Antes de adicionar m\u00f3veis, por\u00e9m, veja se essas fun\u00e7\u00f5es podem ser resolvidas no pr\u00f3prio hall ou no c\u00f4modo pr\u00f3ximo.<\/p>\n<p data-start=\"14565\" data-end=\"14643\">N\u00e3o concentre todas as necessidades de armazenamento em uma passagem estreita.<\/p>\n<h2 data-section-id=\"1obb1in\" data-start=\"14645\" data-end=\"14680\">E portas de arm\u00e1rio no corredor?<\/h2>\n<p data-start=\"14682\" data-end=\"14760\">Quando h\u00e1 arm\u00e1rios embutidos, a abertura das portas precisa entrar no projeto.<\/p>\n<p data-start=\"14762\" data-end=\"14819\">Portas de abrir podem invadir a passagem temporariamente.<\/p>\n<p data-start=\"14821\" data-end=\"14925\">Portas de correr reduzem essa interfer\u00eancia, embora tenham outras exig\u00eancias construtivas e de ferragem.<\/p>\n<p data-start=\"14927\" data-end=\"15005\">Al\u00e9m disso, puxadores muito salientes podem incomodar em corredores estreitos.<\/p>\n<p data-start=\"15007\" data-end=\"15040\">Em marcenaria nova, vale estudar:<\/p>\n<ul data-start=\"15042\" data-end=\"15144\">\n<li data-section-id=\"gnrztu\" data-start=\"15042\" data-end=\"15061\">portas de correr;<\/li>\n<li data-section-id=\"16c7ssm\" data-start=\"15062\" data-end=\"15069\">cava;<\/li>\n<li data-section-id=\"1akhojm\" data-start=\"15070\" data-end=\"15092\">puxadores discretos;<\/li>\n<li data-section-id=\"vq2eiy\" data-start=\"15093\" data-end=\"15117\">profundidade adequada;<\/li>\n<li data-section-id=\"qvrctz\" data-start=\"15118\" data-end=\"15144\">localiza\u00e7\u00e3o das gavetas.<\/li>\n<\/ul>\n<h2 data-section-id=\"1v4xq7x\" data-start=\"15146\" data-end=\"15190\">Como organizar um corredor muito comprido<\/h2>\n<p data-start=\"15192\" data-end=\"15242\">N\u00e3o tente tratar toda a extens\u00e3o da mesma maneira.<\/p>\n<p data-start=\"15244\" data-end=\"15308\">Voc\u00ea pode dividir visualmente o corredor em pequenas sequ\u00eancias.<\/p>\n<p data-start=\"15310\" data-end=\"15322\">Por exemplo:<\/p>\n<p data-start=\"15324\" data-end=\"15344\"><strong data-start=\"15324\" data-end=\"15335\">in\u00edcio:<\/strong> espelho;<\/p>\n<p data-start=\"15346\" data-end=\"15388\"><strong data-start=\"15346\" data-end=\"15365\">trecho central:<\/strong> composi\u00e7\u00e3o de quadros;<\/p>\n<p data-start=\"15390\" data-end=\"15431\"><strong data-start=\"15390\" data-end=\"15400\">final:<\/strong> obra maior, ilumina\u00e7\u00e3o ou cor.<\/p>\n<p data-start=\"15433\" data-end=\"15468\">Isso cria uma sensa\u00e7\u00e3o de percurso.<\/p>\n<p data-start=\"15470\" data-end=\"15576\">Evite simplesmente repetir o mesmo quadro ou lumin\u00e1ria dezenas de vezes sem considerar o comprimento real.<\/p>\n<h2 data-section-id=\"wu7uxo\" data-start=\"15578\" data-end=\"15630\">O que pode fazer o corredor parecer mais apertado<\/h2>\n<p data-start=\"15632\" data-end=\"15710\">Alguns elementos tendem a aumentar a sensa\u00e7\u00e3o de excesso quando usados juntos:<\/p>\n<ul data-start=\"15712\" data-end=\"15933\">\n<li data-section-id=\"15d3kek\" data-start=\"15712\" data-end=\"15731\">m\u00f3veis profundos;<\/li>\n<li data-section-id=\"4quw0m\" data-start=\"15732\" data-end=\"15753\">muitas prateleiras;<\/li>\n<li data-section-id=\"1js2oq4\" data-start=\"15754\" data-end=\"15775\">excesso de objetos;<\/li>\n<li data-section-id=\"10wz9bz\" data-start=\"15776\" data-end=\"15806\">quadros em todas as paredes;<\/li>\n<li data-section-id=\"16q19sb\" data-start=\"15807\" data-end=\"15830\">lumin\u00e1rias volumosas;<\/li>\n<li data-section-id=\"ukqoce\" data-start=\"15831\" data-end=\"15851\">muitos contrastes;<\/li>\n<li data-section-id=\"1d7azkb\" data-start=\"15852\" data-end=\"15872\">tapete inadequado;<\/li>\n<li data-section-id=\"1vu2bhq\" data-start=\"15873\" data-end=\"15909\">portas e m\u00f3veis disputando espa\u00e7o;<\/li>\n<li data-section-id=\"qtdy9j\" data-start=\"15910\" data-end=\"15933\">ilumina\u00e7\u00e3o irregular.<\/li>\n<\/ul>\n<p data-start=\"15935\" data-end=\"15995\">O problema n\u00e3o costuma ser um \u00fanico elemento, mas o ac\u00famulo.<\/p>\n<h2 data-section-id=\"qubapq\" data-start=\"15997\" data-end=\"16037\">Checklist antes de decorar o corredor<\/h2>\n<div class=\"group TyagGW_tableContainer\">\n<div class=\"TyagGW_tableWrapper flex flex-col-reverse w-fit\" tabindex=\"-1\">\n<table class=\"w-fit min-w-(--thread-content-width)\" data-start=\"16039\" data-end=\"16561\">\n<thead data-start=\"16039\" data-end=\"16065\">\n<tr data-start=\"16039\" data-end=\"16065\">\n<th class=\"last:pe-10\" data-start=\"16039\" data-end=\"16053\" data-col-size=\"sm\">Verifica\u00e7\u00e3o<\/th>\n<th class=\"last:pe-10\" data-start=\"16053\" data-end=\"16065\" data-col-size=\"md\">Pergunta<\/th>\n<\/tr>\n<\/thead>\n<tbody data-start=\"16076\" data-end=\"16561\">\n<tr data-start=\"16076\" data-end=\"16136\">\n<td data-start=\"16076\" data-end=\"16086\" data-col-size=\"sm\">Largura<\/td>\n<td data-start=\"16086\" data-end=\"16136\" data-col-size=\"md\">Quanto espa\u00e7o livre existe de parede a parede?<\/td>\n<\/tr>\n<tr data-start=\"16137\" data-end=\"16185\">\n<td data-start=\"16137\" data-end=\"16150\" data-col-size=\"sm\">Circula\u00e7\u00e3o<\/td>\n<td data-start=\"16150\" data-end=\"16185\" data-col-size=\"md\">Quanto restar\u00e1 depois do m\u00f3vel?<\/td>\n<\/tr>\n<tr data-start=\"16186\" data-end=\"16230\">\n<td data-start=\"16186\" data-end=\"16195\" data-col-size=\"sm\">Portas<\/td>\n<td data-start=\"16195\" data-end=\"16230\" data-col-size=\"md\">Alguma porta invade a passagem?<\/td>\n<\/tr>\n<tr data-start=\"16231\" data-end=\"16274\">\n<td data-start=\"16231\" data-end=\"16240\" data-col-size=\"sm\">Parede<\/td>\n<td data-start=\"16240\" data-end=\"16274\" data-col-size=\"md\">Posso decorar sem usar o piso?<\/td>\n<\/tr>\n<tr data-start=\"16275\" data-end=\"16311\">\n<td data-start=\"16275\" data-end=\"16288\" data-col-size=\"sm\">Ilumina\u00e7\u00e3o<\/td>\n<td data-start=\"16288\" data-end=\"16311\" data-col-size=\"md\">H\u00e1 trechos escuros?<\/td>\n<\/tr>\n<tr data-start=\"16312\" data-end=\"16349\">\n<td data-start=\"16312\" data-end=\"16322\" data-col-size=\"sm\">Espelho<\/td>\n<td data-start=\"16322\" data-end=\"16349\" data-col-size=\"md\">O que ficar\u00e1 refletido?<\/td>\n<\/tr>\n<tr data-start=\"16350\" data-end=\"16384\">\n<td data-start=\"16350\" data-end=\"16359\" data-col-size=\"sm\">M\u00f3veis<\/td>\n<td data-start=\"16359\" data-end=\"16384\" data-col-size=\"md\">Eles t\u00eam fun\u00e7\u00e3o real?<\/td>\n<\/tr>\n<tr data-start=\"16385\" data-end=\"16442\">\n<td data-start=\"16385\" data-end=\"16394\" data-col-size=\"sm\">Tapete<\/td>\n<td data-start=\"16394\" data-end=\"16442\" data-col-size=\"md\">Est\u00e1 est\u00e1vel e fora da varredura das portas?<\/td>\n<\/tr>\n<tr data-start=\"16443\" data-end=\"16493\">\n<td data-start=\"16443\" data-end=\"16457\" data-col-size=\"sm\">Prateleiras<\/td>\n<td data-start=\"16457\" data-end=\"16493\" data-col-size=\"md\">Avan\u00e7am demais sobre a passagem?<\/td>\n<\/tr>\n<tr data-start=\"16494\" data-end=\"16561\">\n<td data-start=\"16494\" data-end=\"16511\" data-col-size=\"sm\">Acessibilidade<\/td>\n<td data-start=\"16511\" data-end=\"16561\" data-col-size=\"md\">A rota precisa atender requisitos espec\u00edficos?<\/td>\n<\/tr>\n<\/tbody>\n<\/table>\n<\/div>\n<\/div>\n<h2 data-section-id=\"1a5748b\" data-start=\"16563\" data-end=\"16623\">Afinal, qual \u00e9 a melhor decora\u00e7\u00e3o para corredor estreito?<\/h2>\n<p data-start=\"16625\" data-end=\"16694\">Para um corredor realmente estreito, eu come\u00e7aria por tr\u00eas elementos:<\/p>\n<p data-start=\"16696\" data-end=\"16758\"><strong data-start=\"16696\" data-end=\"16758\">boa ilumina\u00e7\u00e3o + parede bem trabalhada + circula\u00e7\u00e3o livre.<\/strong><\/p>\n<p data-start=\"16760\" data-end=\"16832\">Depois avaliaria se existe largura suficiente para acrescentar um m\u00f3vel.<\/p>\n<p data-start=\"16834\" data-end=\"16877\">Se houver, um aparador raso pode funcionar.<\/p>\n<p data-start=\"16879\" data-end=\"17006\">Se n\u00e3o houver, quadros, espelho, pintura e luz fazem muito mais sentido do que tentar encaixar armazenamento onde ele n\u00e3o cabe.<\/p>\n<p data-start=\"17008\" data-end=\"17131\">A diferen\u00e7a est\u00e1 em tratar o corredor primeiro como <strong data-start=\"17060\" data-end=\"17087\">arquitetura de passagem<\/strong> e s\u00f3 depois como superf\u00edcie para decora\u00e7\u00e3o.<\/p>\n<h2 data-section-id=\"akod8n\" data-start=\"17133\" data-end=\"17183\">Um corredor vazio n\u00e3o \u00e9 um corredor sem projeto<\/h2>\n<p data-start=\"17185\" data-end=\"17230\">Corredores n\u00e3o precisam virar pequenas salas.<\/p>\n<p data-start=\"17232\" data-end=\"17352\">Quando a circula\u00e7\u00e3o \u00e9 confort\u00e1vel, a ilumina\u00e7\u00e3o funciona e as paredes foram pensadas, o espa\u00e7o j\u00e1 cumpre bem sua fun\u00e7\u00e3o.<\/p>\n<p data-start=\"17354\" data-end=\"17518\">Em muitos casos, retirar um m\u00f3vel, reduzir objetos ou trocar uma prateleira por arte na parede melhora o corredor mais do que adicionar mais um elemento decorativo.<\/p>\n<p data-start=\"17520\" data-end=\"17592\">Em espa\u00e7os estreitos, o melhor projeto frequentemente nasce da pergunta:<\/p>\n<p data-start=\"17594\" data-end=\"17646\"><strong data-start=\"17594\" data-end=\"17646\">o que eu posso retirar sem perder personalidade?<\/strong><\/p>\n<h1 data-section-id=\"yjw5qm\" data-start=\"17653\" data-end=\"17682\">Links internos incorporados<\/h1>\n<p data-start=\"17684\" data-end=\"17739\">Usei no texto apenas p\u00e1ginas com inten\u00e7\u00e3o complementar:<\/p>\n<p data-start=\"17741\" data-end=\"17842\"><strong data-start=\"17741\" data-end=\"17767\">Aparador para corredor<\/strong> \u2014 escolha e uso espec\u00edfico do m\u00f3vel. <span class=\"contents\" data-content-reference-start=\"17757\" data-content-reference-end=\"17863\"><span class=\"\" data-state=\"closed\"><a class=\"decorated-link\" href=\"https:\/\/www.aarquiteta.com.br\/blog\/aparador-para-corredor\/?utm_source=chatgpt.com\" target=\"_blank\" rel=\"noopener\">Ver artigo sobre aparadores para corredor<\/a><\/span><\/span><\/p>\n<p data-start=\"17844\" data-end=\"17929\"><strong data-start=\"17844\" data-end=\"17869\">Quadros para corredor<\/strong> \u2014 composi\u00e7\u00e3o de arte. <span class=\"contents\" data-content-reference-start=\"17913\" data-content-reference-end=\"18014\"><span class=\"\" data-state=\"closed\"><a class=\"decorated-link\" href=\"https:\/\/www.aarquiteta.com.br\/blog\/quadros-para-corredor-2\/?utm_source=chatgpt.com\" target=\"_blank\" rel=\"noopener\">Ver ideias de quadros para corredor<\/a><\/span><\/span><\/p>\n<p data-start=\"17931\" data-end=\"18057\"><strong data-start=\"17931\" data-end=\"17949\">Jardim lateral<\/strong> \u2014 separa corretamente corredores externos da inten\u00e7\u00e3o deste artigo. <span class=\"contents\" data-content-reference-start=\"18103\" data-content-reference-end=\"18210\"><span class=\"\" data-state=\"closed\"><a class=\"decorated-link\" href=\"https:\/\/www.aarquiteta.com.br\/blog\/jardim-lateral-corredor-estreito\/?utm_source=chatgpt.com\" target=\"_blank\" rel=\"noopener\">Ver jardim para corredor lateral<\/a><\/span><\/span><\/p>\n<p data-start=\"18059\" data-end=\"18185\"><strong data-start=\"18059\" data-end=\"18096\">Ilumina\u00e7\u00e3o de corredores laterais<\/strong> \u2014 mant\u00e9m o cluster externo com inten\u00e7\u00e3o pr\u00f3pria. <span class=\"contents\" data-content-reference-start=\"18299\" data-content-reference-end=\"18411\"><span class=\"\" data-state=\"closed\"><a class=\"decorated-link\" href=\"https:\/\/www.aarquiteta.com.br\/blog\/iluminacao-corredores-laterais\/?utm_source=chatgpt.com\" target=\"_blank\" rel=\"noopener\">Ver ilumina\u00e7\u00e3o para corredores laterais<\/a><\/span><\/span><\/p>\n<h1 data-section-id=\"194b04h\" data-start=\"18325\" data-end=\"18342\">Fontes externas<\/h1>\n<p data-start=\"18344\" data-end=\"18637\">Para a quest\u00e3o das medidas, usei a <strong data-start=\"18379\" data-end=\"18401\">ABNT NBR 9050:2020<\/strong> apenas no contexto correto de acessibilidade. A norma dispon\u00edvel em portal p\u00fablico registra 0,90 m para determinados corredores de uso comum de at\u00e9 4 m e amplia essa dimens\u00e3o conforme a extens\u00e3o.<\/p>\n<p data-start=\"18639\" data-end=\"18808\">Para ilumina\u00e7\u00e3o, a Signify destaca uniformidade, visibilidade e orienta\u00e7\u00e3o como crit\u00e9rios relevantes para corredores e passagens.<\/p>\n<p data-start=\"18810\" data-end=\"18849\"><span class=\"contents\" data-content-reference-start=\"19026\" data-content-reference-end=\"19140\"><span class=\"\" data-state=\"closed\"><a class=\"decorated-link\" href=\"https:\/\/www.pibema.pr.gov.br\/pagina\/construir\/abnt_nbr9050.pdf?utm_source=chatgpt.com\" target=\"_blank\" rel=\"noopener\">Consultar refer\u00eancia p\u00fablica da NBR 9050:2020<\/a><\/span><\/span><\/p>\n<p data-start=\"18851\" data-end=\"18890\"><span class=\"contents\" data-content-reference-start=\"19142\" data-content-reference-end=\"19260\"><span class=\"\" data-state=\"closed\"><a class=\"decorated-link\" href=\"https:\/\/www.signify.com\/pt-br\/applications\/corridor?utm_source=chatgpt.com\" target=\"_blank\" rel=\"noopener\">Consultar orienta\u00e7\u00f5es da Signify para corredores e passagens<\/a><\/span><\/span><\/p>\n","protected":false},"excerpt":{"rendered":"<p>Decorar um corredor estreito come\u00e7a por uma decis\u00e3o pouco decorativa: preservar a passagem. Antes de colocar aparador, prateleira, planta ou banco, observe quanto espa\u00e7o realmente sobra para circular, abrir portas e transportar objetos pela casa. Em muitos corredores, a melhor solu\u00e7\u00e3o n\u00e3o \u00e9 acrescentar m\u00f3veis. Paredes, ilumina\u00e7\u00e3o, quadros, espelhos e cor conseguem mudar bastante o [&hellip;]<\/p>\n","protected":false},"author":102,"featured_media":158016,"comment_status":"closed","ping_status":"closed","sticky":false,"template":"","format":"standard","meta":{"footnotes":""},"categories":[1484,20350],"tags":[26915,3282,26914,336,11500,6375,1577,5425,26916,2223,476,3792,1875,7906,415,6087],"class_list":["post-41239","post","type-post","status-publish","format-standard","has-post-thumbnail","category-decoracao","category-decoracao-de-hall","tag-acolhedor","tag-ambiente","tag-corredor-estreito","tag-decoracao","tag-dicas-de-como-decorar-corredor","tag-elegancia","tag-espelhos","tag-estilo","tag-funcional","tag-ideias","tag-iluminacao","tag-objetos-decorativos","tag-parede","tag-personalidade","tag-plantas","tag-tapetes"],"_wp_attached_file":null,"_wp_attachment_metadata":null,"_wp_attachment_context":null,"_wp_attachment_is_custom_header":null,"geo_longitude":null,"geo_public":null,"geo_latitude":null,"_publicize_done_external":null,"_wpas_done_3897181":null,"publicize_twitter_user":null,"_wpas_done_3897175":null,"_wpas_skip_3897181":null,"_wpas_skip_3897175":null,"_wpas_skip_3924723":null,"_wpas_mess":null,"_wpas_done_3924723":null,"wps_subtitle":"Seu corredor parece ainda mais apertado? A decora\u00e7\u00e3o pode ser parte do problema","_links":{"self":[{"href":"https:\/\/www.aarquiteta.com.br\/blog\/wp-json\/wp\/v2\/posts\/41239","targetHints":{"allow":["GET"]}}],"collection":[{"href":"https:\/\/www.aarquiteta.com.br\/blog\/wp-json\/wp\/v2\/posts"}],"about":[{"href":"https:\/\/www.aarquiteta.com.br\/blog\/wp-json\/wp\/v2\/types\/post"}],"author":[{"embeddable":true,"href":"https:\/\/www.aarquiteta.com.br\/blog\/wp-json\/wp\/v2\/users\/102"}],"replies":[{"embeddable":true,"href":"https:\/\/www.aarquiteta.com.br\/blog\/wp-json\/wp\/v2\/comments?post=41239"}],"version-history":[{"count":3,"href":"https:\/\/www.aarquiteta.com.br\/blog\/wp-json\/wp\/v2\/posts\/41239\/revisions"}],"predecessor-version":[{"id":158018,"href":"https:\/\/www.aarquiteta.com.br\/blog\/wp-json\/wp\/v2\/posts\/41239\/revisions\/158018"}],"wp:featuredmedia":[{"embeddable":true,"href":"https:\/\/www.aarquiteta.com.br\/blog\/wp-json\/wp\/v2\/media\/158016"}],"wp:attachment":[{"href":"https:\/\/www.aarquiteta.com.br\/blog\/wp-json\/wp\/v2\/media?parent=41239"}],"wp:term":[{"taxonomy":"category","embeddable":true,"href":"https:\/\/www.aarquiteta.com.br\/blog\/wp-json\/wp\/v2\/categories?post=41239"},{"taxonomy":"post_tag","embeddable":true,"href":"https:\/\/www.aarquiteta.com.br\/blog\/wp-json\/wp\/v2\/tags?post=41239"}],"curies":[{"name":"wp","href":"https:\/\/api.w.org\/{rel}","templated":true}]}}