{"id":41221,"date":"2022-05-30T11:00:24","date_gmt":"2022-05-30T14:00:24","guid":{"rendered":"http:\/\/aarquiteta.com.br\/?p=41221"},"modified":"2024-09-13T17:42:25","modified_gmt":"2024-09-13T20:42:25","slug":"estilo-industrial","status":"publish","type":"post","link":"https:\/\/www.aarquiteta.com.br\/blog\/estilo-industrial\/","title":{"rendered":"Estilo Industrial &#8211; O novo jeito de morar que ganhar\u00e1 seu cora\u00e7\u00e3o!"},"content":{"rendered":"<p>Estilo <a href=\"https:\/\/www.aarquiteta.com.br\/blog\/decoracao\/estilos-de-decoracao-de-interiores\/estilo-industrial-na-decoracao\/\" class=\"ilj-generated-link\">Industrial<\/a>, o novo jeito de morar que ganhar\u00e1 seu cora\u00e7\u00e3o!\u00a0O <a href=\"https:\/\/www.aarquiteta.com.br\/blog\/como-decorar-um-loft\/\" target=\"_blank\" rel=\"noopener\">estilo industrial<\/a> sempre esteve entre\u00a0 as novidades e tend\u00eancias na decora\u00e7\u00e3o.<\/p><p>Os elementos caracter\u00edsticos desse estilo, enquadram bem o <a href=\"https:\/\/www.aarquiteta.com.br\/blog\/decoracao-de-ambientes\/\" target=\"_blank\" rel=\"noopener\">ambiente<\/a> e d\u00e3o um toque super charmoso na sua casa.<\/p><p>Ent\u00e3o voc\u00ea <a href=\"https:\/\/www.aarquiteta.com.br\/blog\/truques-de-decoracao\/\" target=\"_blank\" rel=\"noopener\">n\u00e3o pode errar ao decorar<\/a> sua casa neste estilo, pode at\u00e9 mesmo buscar ajuda de um profissional para auxiliar, mas aqui separamos algumas dicas incr\u00edveis.<\/p><p>Se voc\u00ea est\u00e1 procurando fazer uma decora\u00e7\u00e3o em estilo industrial, veio ao lugar certo!<\/p><h2>Decora\u00e7\u00e3o em Estilo Industrial \u2014 O novo conceito no Design de Interiores!<\/h2><h3>1 \u2014 Cozinha Industrial:<\/h3><p>O estilo <a href=\"https:\/\/www.aarquiteta.com.br\/blog\/como-decorar-um-loft-moderno\/\" target=\"_blank\" rel=\"noopener\">industrial<\/a> na <a href=\"https:\/\/www.aarquiteta.com.br\/blog\/?s=COZINHA\">cozinha<\/a> tem sido muito utilizado e virou tend\u00eancia na hora de decorar ou reformar um espa\u00e7o.<\/p><p>A sensa\u00e7\u00e3o r\u00fastica e original de uma cozinha de <a href=\"https:\/\/www.aarquiteta.com.br\/blog\/loft-saiba-o-que-sao-e-por-que-as-pessoas-adoram-este-tipo-de-espaco\/\" target=\"_blank\" rel=\"noopener\">estilo industrial<\/a> \u00e9 \u00fanica e alguns itens s\u00e3o essenciais para deixar o ambiente\u00a0 e elegante.<\/p><p>Al\u00e9m disso, uma cozinha decorada nesse estilo parece mais r\u00fastica. Ent\u00e3o, se voc\u00ea realmente quer um ar <a href=\"https:\/\/www.aarquiteta.com.br\/blog\/decoracao\/estilos-de-decoracao-de-interiores\/estilo-rustico-na-decoracao-de-interiores\/\" class=\"ilj-generated-link\">r\u00fastico<\/a> na sua cozinha, uma boa op\u00e7\u00e3o \u00e9:<\/p><p>Primeiro, fa\u00e7a o acabamento de cimento na parede. Na verdade, pode parecer estranho, mas ficar\u00e1 \u00f3timo!<\/p><p>O <a href=\"https:\/\/www.aarquiteta.com.br\/blog\/?s=PISO\">piso<\/a> pode ser de tijolos, pois neste espa\u00e7o tamb\u00e9m ficam \u00f3timos.\u00a0Ao todo, s\u00e3o muitas op\u00e7\u00f5es para voc\u00ea escolher e aproveitar.<\/p><p><img decoding=\"async\" class=\"wp-image-41235 size-full\" title=\"Estilo Industrial - O novo jeito de morar que vai ganhar seu cora\u00e7\u00e3o!\" src=\"https:\/\/www.aarquiteta.com.br\/blog\/wp-content\/uploads\/2022\/01\/decoracao-estilo-industrial3.jpg\" alt=\"Estilo Industrial - O novo jeito de morar que vai ganhar seu cora\u00e7\u00e3o!\" width=\"700\" height=\"400\" srcset=\"https:\/\/www.aarquiteta.com.br\/blog\/wp-content\/uploads\/2022\/01\/decoracao-estilo-industrial3.jpg 700w, https:\/\/www.aarquiteta.com.br\/blog\/wp-content\/uploads\/2022\/01\/decoracao-estilo-industrial3-696x398.jpg 696w, https:\/\/www.aarquiteta.com.br\/blog\/wp-content\/uploads\/2022\/01\/decoracao-estilo-industrial3-150x86.jpg 150w\" sizes=\"(max-width: 700px) 100vw, 700px\" \/><\/p><h3>2 \u2014 A sala de estar:<\/h3><p>A sala pode ser reformada em estilo industrial e fica linda. Assim, voc\u00ea pode adicionar uma <a href=\"https:\/\/www.aarquiteta.com.br\/blog\/home-decor\/acessorios-para-decoracao\/prateleiras-e-nichos\/\" class=\"ilj-generated-link\">prateleira<\/a> feita inteiramente de ferro \u00e0 sua decora\u00e7\u00e3o, fica lindo e faz sua decora\u00e7\u00e3o se destacar.<\/p><p>Por fim, voc\u00ea pode pintar a prateleira de outra cor, se quiser. Portanto, use cores de uma paleta de estilo industrial, como tons de cinza, marrom quente e outras.<\/p><p><img decoding=\"async\" class=\"wp-image-41236 size-full\" title=\"Estilo Industrial - O novo jeito de morar que vai ganhar seu cora\u00e7\u00e3o!\" src=\"https:\/\/www.aarquiteta.com.br\/blog\/wp-content\/uploads\/2022\/01\/decoracao-estilo-industrial4.jpg\" alt=\"Estilo Industrial - O novo jeito de morar que vai ganhar seu cora\u00e7\u00e3o!\" width=\"700\" height=\"400\" srcset=\"https:\/\/www.aarquiteta.com.br\/blog\/wp-content\/uploads\/2022\/01\/decoracao-estilo-industrial4.jpg 700w, https:\/\/www.aarquiteta.com.br\/blog\/wp-content\/uploads\/2022\/01\/decoracao-estilo-industrial4-696x398.jpg 696w, https:\/\/www.aarquiteta.com.br\/blog\/wp-content\/uploads\/2022\/01\/decoracao-estilo-industrial4-150x86.jpg 150w\" sizes=\"(max-width: 700px) 100vw, 700px\" \/><\/p><h3>3 \u2014 Dormit\u00f3rio:<\/h3><p>No quarto, voc\u00ea pode investir em uma <a href=\"https:\/\/www.aarquiteta.com.br\/blog\/parede-de-tijolinho-aparente-para-quarto\/\" target=\"_blank\" rel=\"noopener\">decora\u00e7\u00e3o totalmente industrial<\/a>.\u00a0Ent\u00e3o escolha uma cor da paleta desse estilo, aposte no revestimento de tijolinhos na parede.<\/p><p>Voc\u00ea ter\u00e1 um estilo industrial e uma decora\u00e7\u00e3o diferente. Por fim, n\u00e3o aposte apenas em detalhes industriais.<\/p><p><img decoding=\"async\" class=\"wp-image-41237 size-full\" title=\"Estilo Industrial - O novo jeito de morar que vai ganhar seu cora\u00e7\u00e3o!\" src=\"https:\/\/www.aarquiteta.com.br\/blog\/wp-content\/uploads\/2022\/01\/Quarto-estilo-industrial.jpg\" alt=\"Estilo Industrial - O novo jeito de morar que vai ganhar seu cora\u00e7\u00e3o!\" width=\"700\" height=\"400\" srcset=\"https:\/\/www.aarquiteta.com.br\/blog\/wp-content\/uploads\/2022\/01\/Quarto-estilo-industrial.jpg 700w, https:\/\/www.aarquiteta.com.br\/blog\/wp-content\/uploads\/2022\/01\/Quarto-estilo-industrial-696x398.jpg 696w, https:\/\/www.aarquiteta.com.br\/blog\/wp-content\/uploads\/2022\/01\/Quarto-estilo-industrial-150x86.jpg 150w\" sizes=\"(max-width: 700px) 100vw, 700px\" \/><\/p><h3>Estilo Industrial \u2014 Projetos que v\u00e3o ganhar o seu cora\u00e7\u00e3o:<\/h3><p>J\u00e1 conhece a hist\u00f3ria da <a href=\"https:\/\/www.aarquiteta.com.br\/blog\/como-decorar-um-loft\/\" target=\"_blank\" rel=\"noopener\">origem da constru\u00e7\u00e3o industria<\/a>l? Confira ent\u00e3o este artigo e entenda como o velho ganhou espa\u00e7o novo na decora\u00e7\u00e3o e no <a href=\"https:\/\/www.aarquiteta.com.br\/blog\/como-decorar-um-loft-moderno\/\" target=\"_blank\" rel=\"noopener\">mundo do design<\/a>!<\/p><p>Confira agora alguns <a href=\"https:\/\/www.aarquiteta.com.br\/blog\/o-que-e-um-mezanino\/\" target=\"_blank\" rel=\"noopener\">projetos de arquitetura industrial<\/a> que v\u00e3o conquistar seu cora\u00e7\u00e3o:<\/p><p><img decoding=\"async\" class=\"aligncenter wp-image-43270 size-full\" title=\"Estilo Industrial - O novo jeito de morar que vai ganhar seu cora\u00e7\u00e3o!\" src=\"https:\/\/www.aarquiteta.com.br\/blog\/wp-content\/uploads\/2022\/02\/Dicas-de-decoracao-atual-para-cozinha.2.jpg\" alt=\"Estilo Industrial - O novo jeito de morar que vai ganhar seu cora\u00e7\u00e3o!\" width=\"700\" height=\"400\" srcset=\"https:\/\/www.aarquiteta.com.br\/blog\/wp-content\/uploads\/2022\/02\/Dicas-de-decoracao-atual-para-cozinha.2.jpg 700w, https:\/\/www.aarquiteta.com.br\/blog\/wp-content\/uploads\/2022\/02\/Dicas-de-decoracao-atual-para-cozinha.2-696x398.jpg 696w, https:\/\/www.aarquiteta.com.br\/blog\/wp-content\/uploads\/2022\/02\/Dicas-de-decoracao-atual-para-cozinha.2-150x86.jpg 150w\" sizes=\"(max-width: 700px) 100vw, 700px\" \/><\/p><p><img decoding=\"async\" class=\"aligncenter wp-image-41974 size-full\" title=\"Estilo Industrial - O novo jeito de morar que vai ganhar seu cora\u00e7\u00e3o!\" src=\"https:\/\/www.aarquiteta.com.br\/blog\/wp-content\/uploads\/2022\/01\/Como-descobrir-seu-estilo-de-decoracao1.jpg\" alt=\"Estilo Industrial - O novo jeito de morar que vai ganhar seu cora\u00e7\u00e3o!\" width=\"700\" height=\"400\" srcset=\"https:\/\/www.aarquiteta.com.br\/blog\/wp-content\/uploads\/2022\/01\/Como-descobrir-seu-estilo-de-decoracao1.jpg 700w, https:\/\/www.aarquiteta.com.br\/blog\/wp-content\/uploads\/2022\/01\/Como-descobrir-seu-estilo-de-decoracao1-696x398.jpg 696w, https:\/\/www.aarquiteta.com.br\/blog\/wp-content\/uploads\/2022\/01\/Como-descobrir-seu-estilo-de-decoracao1-150x86.jpg 150w\" sizes=\"(max-width: 700px) 100vw, 700px\" \/><\/p><p><img decoding=\"async\" class=\"aligncenter wp-image-35589 size-full\" title=\"Estilo Industrial - O novo jeito de morar que vai ganhar seu cora\u00e7\u00e3o!\" src=\"https:\/\/www.aarquiteta.com.br\/blog\/wp-content\/uploads\/2021\/10\/248311251_398556011818103_2576337507182676007_n.jpg\" alt=\"Estilo Industrial - O novo jeito de morar que vai ganhar seu cora\u00e7\u00e3o!\" width=\"1080\" height=\"1080\" srcset=\"https:\/\/www.aarquiteta.com.br\/blog\/wp-content\/uploads\/2021\/10\/248311251_398556011818103_2576337507182676007_n.jpg 1080w, https:\/\/www.aarquiteta.com.br\/blog\/wp-content\/uploads\/2021\/10\/248311251_398556011818103_2576337507182676007_n-1024x1024.jpg 1024w, https:\/\/www.aarquiteta.com.br\/blog\/wp-content\/uploads\/2021\/10\/248311251_398556011818103_2576337507182676007_n-696x696.jpg 696w, https:\/\/www.aarquiteta.com.br\/blog\/wp-content\/uploads\/2021\/10\/248311251_398556011818103_2576337507182676007_n-96x96.jpg 96w, https:\/\/www.aarquiteta.com.br\/blog\/wp-content\/uploads\/2021\/10\/248311251_398556011818103_2576337507182676007_n-150x150.jpg 150w\" sizes=\"(max-width: 1080px) 100vw, 1080px\" \/><\/p><p><img decoding=\"async\" class=\"aligncenter wp-image-34751 size-full\" title=\"Estilo Industrial - O novo jeito de morar que vai ganhar seu cora\u00e7\u00e3o!\" src=\"https:\/\/www.aarquiteta.com.br\/blog\/wp-content\/uploads\/2021\/10\/16-ambientes-com-piso-de-cimento-queimado.jpg\" alt=\"Estilo Industrial - O novo jeito de morar que vai ganhar seu cora\u00e7\u00e3o!\" width=\"680\" height=\"453\" srcset=\"https:\/\/www.aarquiteta.com.br\/blog\/wp-content\/uploads\/2021\/10\/16-ambientes-com-piso-de-cimento-queimado.jpg 680w, https:\/\/www.aarquiteta.com.br\/blog\/wp-content\/uploads\/2021\/10\/16-ambientes-com-piso-de-cimento-queimado-150x100.jpg 150w\" sizes=\"(max-width: 680px) 100vw, 680px\" \/><\/p><p><img decoding=\"async\" class=\"aligncenter wp-image-34670 size-full\" title=\"Estilo Industrial - O novo jeito de morar que vai ganhar seu cora\u00e7\u00e3o!\" src=\"https:\/\/www.aarquiteta.com.br\/blog\/wp-content\/uploads\/2021\/09\/Loft-tipo-industrial.jpg\" alt=\"Estilo Industrial - O novo jeito de morar que vai ganhar seu cora\u00e7\u00e3o!\" width=\"730\" height=\"716\" srcset=\"https:\/\/www.aarquiteta.com.br\/blog\/wp-content\/uploads\/2021\/09\/Loft-tipo-industrial.jpg 730w, https:\/\/www.aarquiteta.com.br\/blog\/wp-content\/uploads\/2021\/09\/Loft-tipo-industrial-696x683.jpg 696w, https:\/\/www.aarquiteta.com.br\/blog\/wp-content\/uploads\/2021\/09\/Loft-tipo-industrial-150x147.jpg 150w\" sizes=\"(max-width: 730px) 100vw, 730px\" \/><\/p><p><img decoding=\"async\" class=\"aligncenter wp-image-33033 size-full\" title=\"Estilo Industrial - O novo jeito de morar que vai ganhar seu cora\u00e7\u00e3o!\" src=\"https:\/\/www.aarquiteta.com.br\/blog\/wp-content\/uploads\/2020\/04\/sala_estilo_industrial.jpg\" alt=\"Estilo Industrial - O novo jeito de morar que vai ganhar seu cora\u00e7\u00e3o!\" width=\"925\" height=\"621\" srcset=\"https:\/\/www.aarquiteta.com.br\/blog\/wp-content\/uploads\/2020\/04\/sala_estilo_industrial.jpg 925w, https:\/\/www.aarquiteta.com.br\/blog\/wp-content\/uploads\/2020\/04\/sala_estilo_industrial-696x467.jpg 696w, https:\/\/www.aarquiteta.com.br\/blog\/wp-content\/uploads\/2020\/04\/sala_estilo_industrial-150x101.jpg 150w\" sizes=\"(max-width: 925px) 100vw, 925px\" \/><\/p><p><img decoding=\"async\" class=\"aligncenter wp-image-31297 size-full\" title=\"Estilo Industrial - O novo jeito de morar que vai ganhar seu cora\u00e7\u00e3o!\" src=\"https:\/\/www.aarquiteta.com.br\/blog\/wp-content\/uploads\/2019\/08\/quarto_de_casal_estilo_industrial_capa.jpg\" alt=\"Estilo Industrial - O novo jeito de morar que vai ganhar seu cora\u00e7\u00e3o!\" width=\"730\" height=\"515\" srcset=\"https:\/\/www.aarquiteta.com.br\/blog\/wp-content\/uploads\/2019\/08\/quarto_de_casal_estilo_industrial_capa.jpg 730w, https:\/\/www.aarquiteta.com.br\/blog\/wp-content\/uploads\/2019\/08\/quarto_de_casal_estilo_industrial_capa-696x491.jpg 696w, https:\/\/www.aarquiteta.com.br\/blog\/wp-content\/uploads\/2019\/08\/quarto_de_casal_estilo_industrial_capa-150x106.jpg 150w\" sizes=\"(max-width: 730px) 100vw, 730px\" \/><\/p><p><img decoding=\"async\" class=\"aligncenter wp-image-26895 size-full\" src=\"https:\/\/www.aarquiteta.com.br\/blog\/wp-content\/uploads\/2019\/07\/sala_com_decora\u00e7\u00e3o_industrial.jpg\" alt=\"\" width=\"1000\" height=\"707\" title=\"\" srcset=\"https:\/\/www.aarquiteta.com.br\/blog\/wp-content\/uploads\/2019\/07\/sala_com_decora\u00e7\u00e3o_industrial.jpg 1000w, https:\/\/www.aarquiteta.com.br\/blog\/wp-content\/uploads\/2019\/07\/sala_com_decora\u00e7\u00e3o_industrial-696x492.jpg 696w, https:\/\/www.aarquiteta.com.br\/blog\/wp-content\/uploads\/2019\/07\/sala_com_decora\u00e7\u00e3o_industrial-150x106.jpg 150w\" sizes=\"(max-width: 1000px) 100vw, 1000px\" \/><\/p><p><img decoding=\"async\" class=\"aligncenter wp-image-52902 size-full\" src=\"https:\/\/www.aarquiteta.com.br\/blog\/wp-content\/uploads\/2022\/04\/Como-decorar-um-loft-moderno5.jpg\" alt=\"Cozinha integrada\" width=\"700\" height=\"400\" title=\"\" srcset=\"https:\/\/www.aarquiteta.com.br\/blog\/wp-content\/uploads\/2022\/04\/Como-decorar-um-loft-moderno5.jpg 700w, https:\/\/www.aarquiteta.com.br\/blog\/wp-content\/uploads\/2022\/04\/Como-decorar-um-loft-moderno5-696x398.jpg 696w, https:\/\/www.aarquiteta.com.br\/blog\/wp-content\/uploads\/2022\/04\/Como-decorar-um-loft-moderno5-150x86.jpg 150w\" sizes=\"(max-width: 700px) 100vw, 700px\" \/><\/p><p><img decoding=\"async\" class=\"aligncenter wp-image-52901 size-full\" src=\"https:\/\/www.aarquiteta.com.br\/blog\/wp-content\/uploads\/2022\/04\/Como-decorar-um-loft-moderno3.jpg\" alt=\"\" width=\"700\" height=\"400\" title=\"\" srcset=\"https:\/\/www.aarquiteta.com.br\/blog\/wp-content\/uploads\/2022\/04\/Como-decorar-um-loft-moderno3.jpg 700w, https:\/\/www.aarquiteta.com.br\/blog\/wp-content\/uploads\/2022\/04\/Como-decorar-um-loft-moderno3-696x398.jpg 696w, https:\/\/www.aarquiteta.com.br\/blog\/wp-content\/uploads\/2022\/04\/Como-decorar-um-loft-moderno3-150x86.jpg 150w\" sizes=\"(max-width: 700px) 100vw, 700px\" \/><\/p><p><img decoding=\"async\" class=\"aligncenter wp-image-52900 size-full\" src=\"https:\/\/www.aarquiteta.com.br\/blog\/wp-content\/uploads\/2022\/04\/Como-decorar-um-loft-moderno2.jpg\" alt=\"Separando seu quarto ou n\u00e3o\" width=\"700\" height=\"400\" title=\"\" srcset=\"https:\/\/www.aarquiteta.com.br\/blog\/wp-content\/uploads\/2022\/04\/Como-decorar-um-loft-moderno2.jpg 700w, https:\/\/www.aarquiteta.com.br\/blog\/wp-content\/uploads\/2022\/04\/Como-decorar-um-loft-moderno2-696x398.jpg 696w, https:\/\/www.aarquiteta.com.br\/blog\/wp-content\/uploads\/2022\/04\/Como-decorar-um-loft-moderno2-150x86.jpg 150w\" sizes=\"(max-width: 700px) 100vw, 700px\" \/><\/p><p><img decoding=\"async\" class=\"aligncenter wp-image-52898 size-full\" src=\"https:\/\/www.aarquiteta.com.br\/blog\/wp-content\/uploads\/2022\/04\/Como-decorar-um-loft-moderno.jpg\" alt=\"Como decorar um loft moderno\" width=\"700\" height=\"400\" title=\"\" srcset=\"https:\/\/www.aarquiteta.com.br\/blog\/wp-content\/uploads\/2022\/04\/Como-decorar-um-loft-moderno.jpg 700w, https:\/\/www.aarquiteta.com.br\/blog\/wp-content\/uploads\/2022\/04\/Como-decorar-um-loft-moderno-696x398.jpg 696w, https:\/\/www.aarquiteta.com.br\/blog\/wp-content\/uploads\/2022\/04\/Como-decorar-um-loft-moderno-150x86.jpg 150w\" sizes=\"(max-width: 700px) 100vw, 700px\" \/><\/p><p><img decoding=\"async\" class=\"wp-image-49936 size-full\" src=\"https:\/\/www.aarquiteta.com.br\/blog\/wp-content\/uploads\/2022\/03\/o-que-e-um-loft.jpg\" alt=\"Mezanino - O que \u00e9 e qual sua fun\u00e7\u00e3o? Veja exemplos!\" width=\"700\" height=\"400\" title=\"\" srcset=\"https:\/\/www.aarquiteta.com.br\/blog\/wp-content\/uploads\/2022\/03\/o-que-e-um-loft.jpg 700w, https:\/\/www.aarquiteta.com.br\/blog\/wp-content\/uploads\/2022\/03\/o-que-e-um-loft-696x398.jpg 696w, https:\/\/www.aarquiteta.com.br\/blog\/wp-content\/uploads\/2022\/03\/o-que-e-um-loft-150x86.jpg 150w\" sizes=\"(max-width: 700px) 100vw, 700px\" \/><\/p><p><img decoding=\"async\" class=\"wp-image-42151 size-full\" src=\"https:\/\/www.aarquiteta.com.br\/blog\/wp-content\/uploads\/2022\/02\/loft-o-que-e-e-como-decorar.jpg\" alt=\"Mezanino - O que \u00e9 e qual sua fun\u00e7\u00e3o? Veja exemplos!\" width=\"700\" height=\"400\" title=\"\" srcset=\"https:\/\/www.aarquiteta.com.br\/blog\/wp-content\/uploads\/2022\/02\/loft-o-que-e-e-como-decorar.jpg 700w, https:\/\/www.aarquiteta.com.br\/blog\/wp-content\/uploads\/2022\/02\/loft-o-que-e-e-como-decorar-696x398.jpg 696w, https:\/\/www.aarquiteta.com.br\/blog\/wp-content\/uploads\/2022\/02\/loft-o-que-e-e-como-decorar-150x86.jpg 150w\" sizes=\"(max-width: 700px) 100vw, 700px\" \/><\/p><p><img decoding=\"async\" class=\"wp-image-34677 size-full\" src=\"https:\/\/www.aarquiteta.com.br\/blog\/wp-content\/uploads\/2021\/09\/Modern_Loft.jpg\" alt=\"Mezanino - O que \u00e9 e qual sua fun\u00e7\u00e3o? Veja exemplos!\" width=\"730\" height=\"515\" title=\"\" srcset=\"https:\/\/www.aarquiteta.com.br\/blog\/wp-content\/uploads\/2021\/09\/Modern_Loft.jpg 730w, https:\/\/www.aarquiteta.com.br\/blog\/wp-content\/uploads\/2021\/09\/Modern_Loft-696x491.jpg 696w, https:\/\/www.aarquiteta.com.br\/blog\/wp-content\/uploads\/2021\/09\/Modern_Loft-150x106.jpg 150w\" sizes=\"(max-width: 730px) 100vw, 730px\" \/><\/p><p><img decoding=\"async\" class=\"wp-image-34676 size-full\" src=\"https:\/\/www.aarquiteta.com.br\/blog\/wp-content\/uploads\/2021\/09\/Loft-com-vista-exterior.jpg\" alt=\"Mezanino - O que \u00e9 e qual sua fun\u00e7\u00e3o? Veja exemplos!\" width=\"739\" height=\"741\" title=\"\" srcset=\"https:\/\/www.aarquiteta.com.br\/blog\/wp-content\/uploads\/2021\/09\/Loft-com-vista-exterior.jpg 739w, https:\/\/www.aarquiteta.com.br\/blog\/wp-content\/uploads\/2021\/09\/Loft-com-vista-exterior-696x698.jpg 696w, https:\/\/www.aarquiteta.com.br\/blog\/wp-content\/uploads\/2021\/09\/Loft-com-vista-exterior-96x96.jpg 96w, https:\/\/www.aarquiteta.com.br\/blog\/wp-content\/uploads\/2021\/09\/Loft-com-vista-exterior-150x150.jpg 150w\" sizes=\"(max-width: 739px) 100vw, 739px\" \/><\/p><p><img decoding=\"async\" class=\"aligncenter wp-image-34675 size-full\" src=\"https:\/\/www.aarquiteta.com.br\/blog\/wp-content\/uploads\/2021\/09\/loft-janelas.jpg\" alt=\"\" width=\"1200\" height=\"511\" title=\"\" srcset=\"https:\/\/www.aarquiteta.com.br\/blog\/wp-content\/uploads\/2021\/09\/loft-janelas.jpg 1200w, https:\/\/www.aarquiteta.com.br\/blog\/wp-content\/uploads\/2021\/09\/loft-janelas-1024x436.jpg 1024w, https:\/\/www.aarquiteta.com.br\/blog\/wp-content\/uploads\/2021\/09\/loft-janelas-696x296.jpg 696w, https:\/\/www.aarquiteta.com.br\/blog\/wp-content\/uploads\/2021\/09\/loft-janelas-150x64.jpg 150w\" sizes=\"(max-width: 1200px) 100vw, 1200px\" \/><\/p><p><img decoding=\"async\" class=\"aligncenter wp-image-34673 size-full\" src=\"https:\/\/www.aarquiteta.com.br\/blog\/wp-content\/uploads\/2021\/09\/loft-mezanino.jpg\" alt=\"\" width=\"1200\" height=\"607\" title=\"\" srcset=\"https:\/\/www.aarquiteta.com.br\/blog\/wp-content\/uploads\/2021\/09\/loft-mezanino.jpg 1200w, https:\/\/www.aarquiteta.com.br\/blog\/wp-content\/uploads\/2021\/09\/loft-mezanino-1024x518.jpg 1024w, https:\/\/www.aarquiteta.com.br\/blog\/wp-content\/uploads\/2021\/09\/loft-mezanino-696x352.jpg 696w, https:\/\/www.aarquiteta.com.br\/blog\/wp-content\/uploads\/2021\/09\/loft-mezanino-150x76.jpg 150w\" sizes=\"(max-width: 1200px) 100vw, 1200px\" \/><\/p><p><img decoding=\"async\" class=\"aligncenter wp-image-34670 size-full\" src=\"https:\/\/www.aarquiteta.com.br\/blog\/wp-content\/uploads\/2021\/09\/Loft-tipo-industrial.jpg\" alt=\"\" width=\"730\" height=\"716\" title=\"\" srcset=\"https:\/\/www.aarquiteta.com.br\/blog\/wp-content\/uploads\/2021\/09\/Loft-tipo-industrial.jpg 730w, https:\/\/www.aarquiteta.com.br\/blog\/wp-content\/uploads\/2021\/09\/Loft-tipo-industrial-696x683.jpg 696w, https:\/\/www.aarquiteta.com.br\/blog\/wp-content\/uploads\/2021\/09\/Loft-tipo-industrial-150x147.jpg 150w\" sizes=\"(max-width: 730px) 100vw, 730px\" \/><\/p><p><img decoding=\"async\" class=\"aligncenter wp-image-34669 size-full\" src=\"https:\/\/www.aarquiteta.com.br\/blog\/wp-content\/uploads\/2021\/09\/old-school-loft.jpg\" alt=\"\" width=\"1200\" height=\"675\" title=\"\" srcset=\"https:\/\/www.aarquiteta.com.br\/blog\/wp-content\/uploads\/2021\/09\/old-school-loft.jpg 1200w, https:\/\/www.aarquiteta.com.br\/blog\/wp-content\/uploads\/2021\/09\/old-school-loft-1024x576.jpg 1024w, https:\/\/www.aarquiteta.com.br\/blog\/wp-content\/uploads\/2021\/09\/old-school-loft-696x392.jpg 696w, https:\/\/www.aarquiteta.com.br\/blog\/wp-content\/uploads\/2021\/09\/old-school-loft-150x84.jpg 150w\" sizes=\"(max-width: 1200px) 100vw, 1200px\" \/><\/p><p style=\"text-align: left;\">","protected":false},"excerpt":{"rendered":"<p>Estilo Industrial, o novo jeito de morar que ganhar\u00e1 seu cora\u00e7\u00e3o!\u00a0O estilo industrial sempre esteve entre\u00a0 as novidades e tend\u00eancias na decora\u00e7\u00e3o.Os elementos caracter\u00edsticos desse estilo, enquadram bem o ambiente e d\u00e3o um toque super charmoso na sua casa.Ent\u00e3o voc\u00ea n\u00e3o pode errar ao decorar sua casa neste estilo, pode at\u00e9 mesmo buscar ajuda de [&hellip;]<\/p>\n","protected":false},"author":102,"featured_media":41234,"comment_status":"closed","ping_status":"closed","sticky":false,"template":"","format":"standard","meta":{"footnotes":""},"categories":[971,18791],"tags":[11495],"class_list":["post-41221","post","type-post","status-publish","format-standard","has-post-thumbnail","category-design-de-interiores","category-estilo-industrial-na-decoracao","tag-dicas-de-decoracao-estilo-industrial"],"_wp_attached_file":null,"_wp_attachment_metadata":null,"_wp_attachment_context":null,"_wp_attachment_is_custom_header":null,"geo_longitude":null,"geo_public":null,"geo_latitude":null,"_publicize_done_external":null,"_wpas_done_3897181":null,"publicize_twitter_user":null,"_wpas_done_3897175":null,"_wpas_skip_3897181":null,"_wpas_skip_3897175":null,"_wpas_skip_3924723":null,"_wpas_mess":null,"_wpas_done_3924723":null,"wps_subtitle":"Buscando dicas de decora\u00e7\u00e3o em estilo industrial? Separamos lindos projetos que v\u00e3o te ajudar entender e decorar nesse estilo de decora\u00e7\u00e3o!","_links":{"self":[{"href":"https:\/\/www.aarquiteta.com.br\/blog\/wp-json\/wp\/v2\/posts\/41221","targetHints":{"allow":["GET"]}}],"collection":[{"href":"https:\/\/www.aarquiteta.com.br\/blog\/wp-json\/wp\/v2\/posts"}],"about":[{"href":"https:\/\/www.aarquiteta.com.br\/blog\/wp-json\/wp\/v2\/types\/post"}],"author":[{"embeddable":true,"href":"https:\/\/www.aarquiteta.com.br\/blog\/wp-json\/wp\/v2\/users\/102"}],"replies":[{"embeddable":true,"href":"https:\/\/www.aarquiteta.com.br\/blog\/wp-json\/wp\/v2\/comments?post=41221"}],"version-history":[{"count":0,"href":"https:\/\/www.aarquiteta.com.br\/blog\/wp-json\/wp\/v2\/posts\/41221\/revisions"}],"wp:featuredmedia":[{"embeddable":true,"href":"https:\/\/www.aarquiteta.com.br\/blog\/wp-json\/wp\/v2\/media\/41234"}],"wp:attachment":[{"href":"https:\/\/www.aarquiteta.com.br\/blog\/wp-json\/wp\/v2\/media?parent=41221"}],"wp:term":[{"taxonomy":"category","embeddable":true,"href":"https:\/\/www.aarquiteta.com.br\/blog\/wp-json\/wp\/v2\/categories?post=41221"},{"taxonomy":"post_tag","embeddable":true,"href":"https:\/\/www.aarquiteta.com.br\/blog\/wp-json\/wp\/v2\/tags?post=41221"}],"curies":[{"name":"wp","href":"https:\/\/api.w.org\/{rel}","templated":true}]}}