{"id":41215,"date":"2022-05-31T17:00:47","date_gmt":"2022-05-31T20:00:47","guid":{"rendered":"http:\/\/aarquiteta.com.br\/?p=41215"},"modified":"2024-09-13T17:39:15","modified_gmt":"2024-09-13T20:39:15","slug":"como-decorar-quarto-feminino","status":"publish","type":"post","link":"https:\/\/www.aarquiteta.com.br\/blog\/como-decorar-quarto-feminino\/","title":{"rendered":"Quarto Feminino &#8211; Como decorar com estilo e delicadeza?"},"content":{"rendered":"<p><img decoding=\"async\" class=\"aligncenter wp-image-41218 size-full\" title=\"Quarto Feminino - Como decorar com estilo e delicadeza?\" src=\"https:\/\/www.aarquiteta.com.br\/blog\/wp-content\/uploads\/2022\/01\/decoracao-de-quarto-feminino2.jpeg\" alt=\"Quarto Feminino - Como decorar com estilo e delicadeza?\" width=\"700\" height=\"400\" srcset=\"https:\/\/www.aarquiteta.com.br\/blog\/wp-content\/uploads\/2022\/01\/decoracao-de-quarto-feminino2.jpeg 700w, https:\/\/www.aarquiteta.com.br\/blog\/wp-content\/uploads\/2022\/01\/decoracao-de-quarto-feminino2-696x398.jpeg 696w, https:\/\/www.aarquiteta.com.br\/blog\/wp-content\/uploads\/2022\/01\/decoracao-de-quarto-feminino2-150x86.jpeg 150w\" sizes=\"(max-width: 700px) 100vw, 700px\" \/><\/p><p>Quarto Feminino &#8211; <a href=\"https:\/\/www.aarquiteta.com.br\/blog\/cursos-de-arquitetura-e-decoracao\/curso-de-decoracao-de-interiores\/\">Como decorar<\/a> com estilo e delicadeza?<\/p><p>Em primeiro lugar, <a href=\"https:\/\/www.aarquiteta.com.br\/blog\/dicas-de-como-decorar-meu-quarto\/\" target=\"_blank\" rel=\"noopener\">decorar um quarto<\/a> n\u00e3o \u00e9 t\u00e3o dif\u00edcil quanto parece,\u00a0<a href=\"https:\/\/www.aarquiteta.com.br\/blog\/quarto-pequeno-como-fazer-ele-parecer-maior\" target=\"_blank\" rel=\"noopener\">organize o espa\u00e7o<\/a> de acordo com seu plano.<\/p><p>Claro, \u00e9 necess\u00e1rio conhecer o seu <a href=\"https:\/\/www.aarquiteta.com.br\/blog\/como-deixar-a-decoracao-de-quarto-elegante\/\" target=\"_blank\" rel=\"noopener\">estilo de decora\u00e7\u00e3o<\/a>. Portanto, pesquisar sobre os estilos \u00e9 boa ideia.<\/p><p>No entanto, na hora de decorar um quarto, alguns detalhes s\u00e3o importantes para transmitir o que se quer passar atrav\u00e9s da decora\u00e7\u00e3o. \u00c9 isso que este artigo mostrar\u00e1.<\/p><h2>Quarto Feminino \u2014 Como decorar com estilo e delicadeza?<\/h2><h3>1 \u2014 Decore com plantas:<\/h3><p>Plantas s\u00e3o bem-vindas em qualquer <a href=\"https:\/\/www.aarquiteta.com.br\/blog\/decoracao-que-nunca-sai-da-moda\/\" target=\"_blank\" rel=\"noopener\">decora\u00e7\u00e3o de qualquer ambiente<\/a>. No quarto feminino n\u00e3o poderia ser diferente, s\u00e3o detalhes que podem fazer a diferen\u00e7a.<\/p><p>Al\u00e9m de estimular o relaxamento, tamb\u00e9m trazem vida a todos os ambientes, muitas <a href=\"https:\/\/www.aarquiteta.com.br\/blog\/planta-para-ar-condicionado\/\" target=\"_blank\" rel=\"noopener\">plantas ainda s\u00e3o umidificadores naturais<\/a>, sem falar na beleza que traz para o ambiente.<\/p><p>No entanto, atente-se \u00e0s op\u00e7\u00f5es de <a href=\"https:\/\/www.aarquiteta.com.br\/blog\/decorando-com-plantas-de-interiores\/\" target=\"_blank\" rel=\"noopener\">plantas para espa\u00e7os internos.<\/a><\/p><p>Dito isso, aqui est\u00e3o algumas plantinhas que s\u00e3o f\u00e1ceis de cuidar, elas: Pacov\u00e1, Samambaias, <a href=\"https:\/\/www.aarquiteta.com.br\/blog\/?s=SUCULENTA\">suculenta<\/a> do tipo espada de S\u00e3o Jorge.<\/p><p><img decoding=\"async\" class=\"aligncenter wp-image-41216 size-full\" title=\"Quarto Feminino - Como decorar com estilo e delicadeza?\" src=\"https:\/\/www.aarquiteta.com.br\/blog\/wp-content\/uploads\/2022\/01\/decoracao-de-quarto-feminino.jpg\" alt=\"Quarto Feminino - Como decorar com estilo e delicadeza?\" width=\"700\" height=\"400\" \/><\/p><h3>2 \u2014 Quadros decorativos:<\/h3><p>Se poss\u00edvel, adicione <a href=\"https:\/\/www.aarquiteta.com.br\/blog\/decoracao-com-quadros\/\" target=\"_blank\" rel=\"noopener\">molduras decorativas<\/a> na parte superior da cabeceira. Dessa forma, voc\u00ea deixar\u00e1 o quarto muito bem <a href=\"https:\/\/www.aarquiteta.com.br\/blog\/como-escolher-cortina-ou-persiana\/\" target=\"_blank\" rel=\"noopener\">decorado<\/a>, levando esse detalhe em considera\u00e7\u00e3o.<\/p><p>Por isso, escolha tamanhos diferentes para dar mais <a href=\"https:\/\/www.aarquiteta.com.br\/blog\/cores-para-cortina-como-escolher-corretamente\/\" target=\"_blank\" rel=\"noopener\">movimento \u00e0 parede<\/a>.\u00a0\u00c9 importante usar a mesma moldura, cor e espessura.<\/p><p>Quanto \u00e0 cor, se voc\u00ea n\u00e3o tiver certeza na hora de combin\u00e1-los, opte por <a href=\"https:\/\/www.aarquiteta.com.br\/blog\/escolhendo-almofadas-dicas-praticas\/\" target=\"_blank\" rel=\"noopener\">tons mais neutros<\/a>.<\/p><p>Novamente, tente usar imagens no mesmo estilo, como <a href=\"https:\/\/www.aarquiteta.com.br\/blog\/almofadas-decorativas-como-escolher-a-sua\/\" target=\"_blank\" rel=\"noopener\">ilustra\u00e7\u00f5es geom\u00e9tricas<\/a>, natureza, paisagens, etc.<\/p><p><img decoding=\"async\" class=\"aligncenter wp-image-41217 size-full\" title=\"Quarto Feminino - Como decorar com estilo e delicadeza?\" src=\"https:\/\/www.aarquiteta.com.br\/blog\/wp-content\/uploads\/2022\/01\/decoracao-de-quarto-feminino1.jpg\" alt=\"Quarto Feminino - Como decorar com estilo e delicadeza?\" width=\"700\" height=\"400\" srcset=\"https:\/\/www.aarquiteta.com.br\/blog\/wp-content\/uploads\/2022\/01\/decoracao-de-quarto-feminino1.jpg 700w, https:\/\/www.aarquiteta.com.br\/blog\/wp-content\/uploads\/2022\/01\/decoracao-de-quarto-feminino1-696x398.jpg 696w, https:\/\/www.aarquiteta.com.br\/blog\/wp-content\/uploads\/2022\/01\/decoracao-de-quarto-feminino1-150x86.jpg 150w\" sizes=\"(max-width: 700px) 100vw, 700px\" \/><\/p><h3>3 \u2014 Utilize tons pasteis:<\/h3><p>Existem diversas possibilidades de <a href=\"https:\/\/www.aarquiteta.com.br\/blog\/?s=CORES\">cores<\/a> para decorar um quarto feminino, ou seja, que n\u00e3o necessariamente precisa ter rosa.<\/p><p>Voc\u00ea pode explorar v\u00e1rias <a href=\"https:\/\/www.aarquiteta.com.br\/blog\/decorar-com-plantas-e-flores-coloridas\/\" target=\"_blank\" rel=\"noopener\">paletas de cores.<\/a>\u00a0E assim, deixar a decora\u00e7\u00e3o do ambiente, do jeito que voc\u00ea quiser, com a sua personalidade.<\/p><p>Aqui est\u00e3o algumas sugest\u00f5es caso voc\u00ea n\u00e3o queira arriscar muito, opte por branco, bege, cinza-claro e tamb\u00e9m a paleta de cores em tons past\u00e9is.<\/p><p><img decoding=\"async\" class=\"aligncenter wp-image-41219 size-full\" title=\"Quarto Feminino - Como decorar com estilo e delicadeza?\" src=\"https:\/\/www.aarquiteta.com.br\/blog\/wp-content\/uploads\/2022\/01\/decoracao-de-quarto-feminino3.jpg\" alt=\"Quarto Feminino - Como decorar com estilo e delicadeza?\" width=\"700\" height=\"400\" \/><\/p><h2>Quarto Feminino &#8211; Como decorar com estilo e delicadeza?<\/h2><p>Confira agora imagens de projetos de quartos incluindo <a href=\"https:\/\/www.aarquiteta.com.br\/blog\/dicas-de-como-decorar-meu-quarto\/\" target=\"_blank\" rel=\"noopener\">projetos de quartos<\/a> femininos e infantis para aumentar seu repert\u00f3rio referencial no assunto:<\/p><p><img decoding=\"async\" class=\"alignnone wp-image-31595 size-full\" title=\"Quarto Feminino - Como decorar com estilo e delicadeza?\" src=\"https:\/\/www.aarquiteta.com.br\/blog\/wp-content\/uploads\/2019\/09\/quarto_com_cabeceira_de_papel_de_parede_e_uma_poltrona_lil\u00e1s.jpg\" alt=\"Quarto Feminino - Como decorar com estilo e delicadeza?\" width=\"1000\" height=\"667\" srcset=\"https:\/\/www.aarquiteta.com.br\/blog\/wp-content\/uploads\/2019\/09\/quarto_com_cabeceira_de_papel_de_parede_e_uma_poltrona_lil\u00e1s.jpg 1000w, https:\/\/www.aarquiteta.com.br\/blog\/wp-content\/uploads\/2019\/09\/quarto_com_cabeceira_de_papel_de_parede_e_uma_poltrona_lil\u00e1s-696x464.jpg 696w, https:\/\/www.aarquiteta.com.br\/blog\/wp-content\/uploads\/2019\/09\/quarto_com_cabeceira_de_papel_de_parede_e_uma_poltrona_lil\u00e1s-150x100.jpg 150w\" sizes=\"(max-width: 1000px) 100vw, 1000px\" \/><\/p><p><img decoding=\"async\" class=\"aligncenter wp-image-31399 size-full\" title=\"Quarto Feminino - Como decorar com estilo e delicadeza?\" src=\"https:\/\/www.aarquiteta.com.br\/blog\/wp-content\/uploads\/2019\/09\/quarto_com_parede_destacada_com_desenho_de_montanhas.jpg\" alt=\"Quarto Feminino - Como decorar com estilo e delicadeza?\" width=\"800\" height=\"534\" srcset=\"https:\/\/www.aarquiteta.com.br\/blog\/wp-content\/uploads\/2019\/09\/quarto_com_parede_destacada_com_desenho_de_montanhas.jpg 800w, https:\/\/www.aarquiteta.com.br\/blog\/wp-content\/uploads\/2019\/09\/quarto_com_parede_destacada_com_desenho_de_montanhas-696x465.jpg 696w, https:\/\/www.aarquiteta.com.br\/blog\/wp-content\/uploads\/2019\/09\/quarto_com_parede_destacada_com_desenho_de_montanhas-150x100.jpg 150w\" sizes=\"(max-width: 800px) 100vw, 800px\" \/><\/p><p><img decoding=\"async\" class=\"alignnone wp-image-31290 size-full\" title=\"Quarto Feminino - Como decorar com estilo e delicadeza?\" src=\"https:\/\/www.aarquiteta.com.br\/blog\/wp-content\/uploads\/2019\/08\/quarto_de_casal_estilo_industrial.jpg\" alt=\"Quarto Feminino - Como decorar com estilo e delicadeza?\" width=\"1000\" height=\"667\" srcset=\"https:\/\/www.aarquiteta.com.br\/blog\/wp-content\/uploads\/2019\/08\/quarto_de_casal_estilo_industrial.jpg 1000w, https:\/\/www.aarquiteta.com.br\/blog\/wp-content\/uploads\/2019\/08\/quarto_de_casal_estilo_industrial-696x464.jpg 696w, https:\/\/www.aarquiteta.com.br\/blog\/wp-content\/uploads\/2019\/08\/quarto_de_casal_estilo_industrial-150x100.jpg 150w\" sizes=\"(max-width: 1000px) 100vw, 1000px\" \/><\/p><p><img decoding=\"async\" class=\"alignnone wp-image-31253 size-full\" title=\"Quarto Feminino - Como decorar com estilo e delicadeza?\" src=\"https:\/\/www.aarquiteta.com.br\/blog\/wp-content\/uploads\/2019\/08\/quarto_com_vista_externa.jpg\" alt=\"Quarto Feminino - Como decorar com estilo e delicadeza?\" width=\"571\" height=\"309\" srcset=\"https:\/\/www.aarquiteta.com.br\/blog\/wp-content\/uploads\/2019\/08\/quarto_com_vista_externa.jpg 571w, https:\/\/www.aarquiteta.com.br\/blog\/wp-content\/uploads\/2019\/08\/quarto_com_vista_externa-150x81.jpg 150w\" sizes=\"(max-width: 571px) 100vw, 571px\" \/><\/p><h4><a href=\"https:\/\/go.hotmart.com\/L72308754E?dp=1\" target=\"_blank\" rel=\"noopener\">Organiza\u00e7\u00e3o Residencial<\/a>: organize sua casa voc\u00ea mesma!<\/h4><p>Voc\u00ea esta cansada de tentar organizar a casa, mas n\u00e3o conseguir? Quer organizar definitivamente e eficiente, e acabar de vez com a bagun\u00e7a?<\/p><p>Pois \u00e9, com as <a href=\"https:\/\/go.hotmart.com\/L72308754E?dp=1\" target=\"_blank\" rel=\"noopener\">t\u00e9cnicas certas de organiza\u00e7\u00e3o<\/a> voc\u00ea consegue organizar sua casa de uma vez por todas e ter tempo para o que realmente importa!<\/p><p>Se eu te disser que isso \u00e9 poss\u00edvel voc\u00ea acredita? Quer saber mais? Vem comigo, que <a href=\"https:\/\/go.hotmart.com\/L72308754E?dp=1\" target=\"_blank\" rel=\"noopener\">eu te mostro!\u00a0<\/a><\/p><figure id=\"attachment_60332\" aria-describedby=\"caption-attachment-60332\" style=\"width: 700px\" class=\"wp-caption aligncenter\"><a href=\"https:\/\/go.hotmart.com\/L72308754E?dp=1\" target=\"_blank\" rel=\"noopener\"><img decoding=\"async\" class=\"wp-image-60332 size-full\" src=\"https:\/\/www.aarquiteta.com.br\/blog\/wp-content\/uploads\/2022\/06\/curso-de-organizacao-residencial.jpg\" alt=\"curso de organiza\u00e7\u00e3o residencial\" width=\"700\" height=\"400\" title=\"\" srcset=\"https:\/\/www.aarquiteta.com.br\/blog\/wp-content\/uploads\/2022\/06\/curso-de-organizacao-residencial.jpg 700w, https:\/\/www.aarquiteta.com.br\/blog\/wp-content\/uploads\/2022\/06\/curso-de-organizacao-residencial-696x398.jpg 696w, https:\/\/www.aarquiteta.com.br\/blog\/wp-content\/uploads\/2022\/06\/curso-de-organizacao-residencial-150x86.jpg 150w\" sizes=\"(max-width: 700px) 100vw, 700px\" \/><\/a><figcaption id=\"caption-attachment-60332\" class=\"wp-caption-text\"><a href=\"https:\/\/go.hotmart.com\/L72308754E?dp=1\" target=\"_blank\" rel=\"noopener\">Curso de organiza\u00e7\u00e3o residencial para todos por Gabi de Santi &#8211; Personal Organizer<\/a><\/figcaption><\/figure><p>&nbsp;<\/p><p><img decoding=\"async\" class=\"aligncenter wp-image-26518 size-full\" title=\"Quarto Feminino - Como decorar com estilo e delicadeza?\" src=\"https:\/\/www.aarquiteta.com.br\/blog\/wp-content\/uploads\/2019\/07\/Como-criar-o-quarto-perfeito1.jpg\" alt=\"Quarto Feminino - Como decorar com estilo e delicadeza?\" width=\"1515\" height=\"600\" srcset=\"https:\/\/www.aarquiteta.com.br\/blog\/wp-content\/uploads\/2019\/07\/Como-criar-o-quarto-perfeito1.jpg 1515w, https:\/\/www.aarquiteta.com.br\/blog\/wp-content\/uploads\/2019\/07\/Como-criar-o-quarto-perfeito1-1024x406.jpg 1024w, https:\/\/www.aarquiteta.com.br\/blog\/wp-content\/uploads\/2019\/07\/Como-criar-o-quarto-perfeito1-696x276.jpg 696w, https:\/\/www.aarquiteta.com.br\/blog\/wp-content\/uploads\/2019\/07\/Como-criar-o-quarto-perfeito1-150x59.jpg 150w\" sizes=\"(max-width: 1515px) 100vw, 1515px\" \/><\/p><p><img decoding=\"async\" class=\"aligncenter wp-image-26801 size-full\" src=\"https:\/\/www.aarquiteta.com.br\/blog\/wp-content\/uploads\/2019\/07\/quarto_de_casal_lil\u00e1s_claro.jpg\" alt=\"\" width=\"800\" height=\"625\" title=\"\" srcset=\"https:\/\/www.aarquiteta.com.br\/blog\/wp-content\/uploads\/2019\/07\/quarto_de_casal_lil\u00e1s_claro.jpg 800w, https:\/\/www.aarquiteta.com.br\/blog\/wp-content\/uploads\/2019\/07\/quarto_de_casal_lil\u00e1s_claro-696x544.jpg 696w, https:\/\/www.aarquiteta.com.br\/blog\/wp-content\/uploads\/2019\/07\/quarto_de_casal_lil\u00e1s_claro-150x117.jpg 150w\" sizes=\"(max-width: 800px) 100vw, 800px\" \/><\/p><p><img decoding=\"async\" class=\"aligncenter wp-image-31594 size-full\" src=\"https:\/\/www.aarquiteta.com.br\/blog\/wp-content\/uploads\/2019\/09\/quarto_branco_com_espelho_grande.jpg\" alt=\"\" width=\"1000\" height=\"667\" title=\"\" srcset=\"https:\/\/www.aarquiteta.com.br\/blog\/wp-content\/uploads\/2019\/09\/quarto_branco_com_espelho_grande.jpg 1000w, https:\/\/www.aarquiteta.com.br\/blog\/wp-content\/uploads\/2019\/09\/quarto_branco_com_espelho_grande-696x464.jpg 696w, https:\/\/www.aarquiteta.com.br\/blog\/wp-content\/uploads\/2019\/09\/quarto_branco_com_espelho_grande-150x100.jpg 150w\" sizes=\"(max-width: 1000px) 100vw, 1000px\" \/><\/p><p><img decoding=\"async\" class=\"aligncenter wp-image-31749 size-full\" src=\"https:\/\/www.aarquiteta.com.br\/blog\/wp-content\/uploads\/2019\/10\/quarto_de_casal_com_cama_branca_e_carpete_estampado.jpg\" alt=\"\" width=\"800\" height=\"534\" title=\"\" srcset=\"https:\/\/www.aarquiteta.com.br\/blog\/wp-content\/uploads\/2019\/10\/quarto_de_casal_com_cama_branca_e_carpete_estampado.jpg 800w, https:\/\/www.aarquiteta.com.br\/blog\/wp-content\/uploads\/2019\/10\/quarto_de_casal_com_cama_branca_e_carpete_estampado-696x465.jpg 696w, https:\/\/www.aarquiteta.com.br\/blog\/wp-content\/uploads\/2019\/10\/quarto_de_casal_com_cama_branca_e_carpete_estampado-150x100.jpg 150w\" sizes=\"(max-width: 800px) 100vw, 800px\" \/><\/p><p><img decoding=\"async\" class=\"aligncenter wp-image-31840 size-full\" src=\"https:\/\/www.aarquiteta.com.br\/blog\/wp-content\/uploads\/2019\/10\/quarto_de_casal_com_preteleiras_brancas_com_plantas.jpg\" alt=\"\" width=\"2030\" height=\"1310\" title=\"\" srcset=\"https:\/\/www.aarquiteta.com.br\/blog\/wp-content\/uploads\/2019\/10\/quarto_de_casal_com_preteleiras_brancas_com_plantas.jpg 2030w, https:\/\/www.aarquiteta.com.br\/blog\/wp-content\/uploads\/2019\/10\/quarto_de_casal_com_preteleiras_brancas_com_plantas-1024x661.jpg 1024w, https:\/\/www.aarquiteta.com.br\/blog\/wp-content\/uploads\/2019\/10\/quarto_de_casal_com_preteleiras_brancas_com_plantas-696x449.jpg 696w, https:\/\/www.aarquiteta.com.br\/blog\/wp-content\/uploads\/2019\/10\/quarto_de_casal_com_preteleiras_brancas_com_plantas-150x97.jpg 150w\" sizes=\"(max-width: 2030px) 100vw, 2030px\" \/><\/p><p><img decoding=\"async\" class=\"aligncenter wp-image-33002 size-full\" src=\"https:\/\/www.aarquiteta.com.br\/blog\/wp-content\/uploads\/2020\/04\/Quarto_branco_de_solteiro_com_puff_colorido_na_frente_da_cama.jpg\" alt=\"\" width=\"500\" height=\"500\" title=\"\" srcset=\"https:\/\/www.aarquiteta.com.br\/blog\/wp-content\/uploads\/2020\/04\/Quarto_branco_de_solteiro_com_puff_colorido_na_frente_da_cama.jpg 500w, https:\/\/www.aarquiteta.com.br\/blog\/wp-content\/uploads\/2020\/04\/Quarto_branco_de_solteiro_com_puff_colorido_na_frente_da_cama-96x96.jpg 96w, https:\/\/www.aarquiteta.com.br\/blog\/wp-content\/uploads\/2020\/04\/Quarto_branco_de_solteiro_com_puff_colorido_na_frente_da_cama-150x150.jpg 150w\" sizes=\"(max-width: 500px) 100vw, 500px\" \/><\/p><p><img decoding=\"async\" class=\"aligncenter wp-image-33128 size-full\" src=\"https:\/\/www.aarquiteta.com.br\/blog\/wp-content\/uploads\/2020\/04\/Quarto_de_casal_com_cobertor_cinza_e_amarelo_em_cima_da_cama-2.jpg\" alt=\"\" width=\"722\" height=\"618\" title=\"\" srcset=\"https:\/\/www.aarquiteta.com.br\/blog\/wp-content\/uploads\/2020\/04\/Quarto_de_casal_com_cobertor_cinza_e_amarelo_em_cima_da_cama-2.jpg 722w, https:\/\/www.aarquiteta.com.br\/blog\/wp-content\/uploads\/2020\/04\/Quarto_de_casal_com_cobertor_cinza_e_amarelo_em_cima_da_cama-2-696x596.jpg 696w, https:\/\/www.aarquiteta.com.br\/blog\/wp-content\/uploads\/2020\/04\/Quarto_de_casal_com_cobertor_cinza_e_amarelo_em_cima_da_cama-2-150x128.jpg 150w\" sizes=\"(max-width: 722px) 100vw, 722px\" \/><\/p><p><img decoding=\"async\" class=\"aligncenter wp-image-39306 size-full\" src=\"https:\/\/www.aarquiteta.com.br\/blog\/wp-content\/uploads\/2021\/12\/Quartos-decorados-de-casal.jpg\" alt=\"Quartos decorados de casal\" width=\"952\" height=\"710\" title=\"\" srcset=\"https:\/\/www.aarquiteta.com.br\/blog\/wp-content\/uploads\/2021\/12\/Quartos-decorados-de-casal.jpg 952w, https:\/\/www.aarquiteta.com.br\/blog\/wp-content\/uploads\/2021\/12\/Quartos-decorados-de-casal-696x519.jpg 696w, https:\/\/www.aarquiteta.com.br\/blog\/wp-content\/uploads\/2021\/12\/Quartos-decorados-de-casal-150x112.jpg 150w\" sizes=\"(max-width: 952px) 100vw, 952px\" \/><\/p><p><img decoding=\"async\" class=\"aligncenter wp-image-41199 size-full\" src=\"https:\/\/www.aarquiteta.com.br\/blog\/wp-content\/uploads\/2022\/01\/Dicas-de-decoracao-quarto-simples.jpg\" alt=\"Dicas-de-decoracao-quarto-simples.\" width=\"700\" height=\"400\" title=\"\" srcset=\"https:\/\/www.aarquiteta.com.br\/blog\/wp-content\/uploads\/2022\/01\/Dicas-de-decoracao-quarto-simples.jpg 700w, https:\/\/www.aarquiteta.com.br\/blog\/wp-content\/uploads\/2022\/01\/Dicas-de-decoracao-quarto-simples-696x398.jpg 696w, https:\/\/www.aarquiteta.com.br\/blog\/wp-content\/uploads\/2022\/01\/Dicas-de-decoracao-quarto-simples-150x86.jpg 150w\" sizes=\"(max-width: 700px) 100vw, 700px\" \/><\/p><p><img decoding=\"async\" class=\"alignnone wp-image-41219 size-full\" title=\"Quarto Feminino - Como decorar com estilo e delicadeza?\" src=\"https:\/\/www.aarquiteta.com.br\/blog\/wp-content\/uploads\/2022\/01\/decoracao-de-quarto-feminino3.jpg\" alt=\"Quarto Feminino - Como decorar com estilo e delicadeza?\" width=\"700\" height=\"400\" \/><\/p><p><img decoding=\"async\" class=\"aligncenter wp-image-41608 size-full\" src=\"https:\/\/www.aarquiteta.com.br\/blog\/wp-content\/uploads\/2022\/01\/como-organizar-um-quarto-pequeno.jpg\" alt=\"Quarto Feminino - Como decorar com estilo e delicadeza?\" width=\"700\" height=\"400\" title=\"\" srcset=\"https:\/\/www.aarquiteta.com.br\/blog\/wp-content\/uploads\/2022\/01\/como-organizar-um-quarto-pequeno.jpg 700w, https:\/\/www.aarquiteta.com.br\/blog\/wp-content\/uploads\/2022\/01\/como-organizar-um-quarto-pequeno-696x398.jpg 696w, https:\/\/www.aarquiteta.com.br\/blog\/wp-content\/uploads\/2022\/01\/como-organizar-um-quarto-pequeno-150x86.jpg 150w\" sizes=\"(max-width: 700px) 100vw, 700px\" \/><\/p><p><img decoding=\"async\" class=\"aligncenter wp-image-41408 size-full\" title=\"Quarto Feminino - Como decorar com estilo e delicadeza?\" src=\"https:\/\/www.aarquiteta.com.br\/blog\/wp-content\/uploads\/2022\/01\/Como-deixar-o-quarto-mais-aconchegante4.jpg\" alt=\"Quarto Feminino - Como decorar com estilo e delicadeza?\" width=\"700\" height=\"400\" srcset=\"https:\/\/www.aarquiteta.com.br\/blog\/wp-content\/uploads\/2022\/01\/Como-deixar-o-quarto-mais-aconchegante4.jpg 700w, https:\/\/www.aarquiteta.com.br\/blog\/wp-content\/uploads\/2022\/01\/Como-deixar-o-quarto-mais-aconchegante4-696x398.jpg 696w, https:\/\/www.aarquiteta.com.br\/blog\/wp-content\/uploads\/2022\/01\/Como-deixar-o-quarto-mais-aconchegante4-150x86.jpg 150w\" sizes=\"(max-width: 700px) 100vw, 700px\" \/><\/p><h3>Cansado da desordem nos arm\u00e1rios? <a href=\"https:\/\/go.hotmart.com\/L71606651A?dp=1\" target=\"_blank\" rel=\"noopener\">Que tal organizar<\/a>?<\/h3><p>Com este <a href=\"https:\/\/go.hotmart.com\/L71606651A?dp=1\" target=\"_blank\" rel=\"noopener\">passo a passo<\/a> voc\u00ea conseguir\u00e1 organizar o seu ambiente eficazmente, otimizando e deixando os espa\u00e7os funcionais.<\/p><p>Aprender\u00e1 desde o in\u00edcio do processo da organiza\u00e7\u00e3o, passando pela (auto) an\u00e1lise, at\u00e9 o que se deve guardar em gavetas, o que pendurar em cabides, <a href=\"https:\/\/go.hotmart.com\/L71606651A?dp=1\" target=\"_blank\" rel=\"noopener\">como organizar os diversos acess\u00f3rios<\/a>, entre outros.<\/p><p><a style=\"font-weight: bold; background-color: initial;\" href=\"https:\/\/go.hotmart.com\/L71606651A?dp=1\" target=\"_blank\" rel=\"noopener\"><img decoding=\"async\" class=\"wp-image-60349 size-full\" src=\"https:\/\/www.aarquiteta.com.br\/blog\/wp-content\/uploads\/2022\/06\/curso-de-organizacao-closet.jpg\" alt=\"curso de organiza\u00e7\u00e3o closet\" width=\"700\" height=\"400\" title=\"\" srcset=\"https:\/\/www.aarquiteta.com.br\/blog\/wp-content\/uploads\/2022\/06\/curso-de-organizacao-closet.jpg 700w, https:\/\/www.aarquiteta.com.br\/blog\/wp-content\/uploads\/2022\/06\/curso-de-organizacao-closet-696x398.jpg 696w, https:\/\/www.aarquiteta.com.br\/blog\/wp-content\/uploads\/2022\/06\/curso-de-organizacao-closet-150x86.jpg 150w\" sizes=\"(max-width: 700px) 100vw, 700px\" \/><\/a><\/p><p><a href=\"https:\/\/go.hotmart.com\/L71606651A?dp=1\" target=\"_blank\" rel=\"noopener\">Curso de organiza\u00e7\u00e3o closet\u00a0 por HARMONIZATTA<\/a><\/p><p>Inclu\u00edmos fotos para te ajudar em todo o processo da organiza\u00e7\u00e3o, com o uso de organizadores pr\u00f3prios, pois al\u00e9m de deixar tudo em ordem, eles trazem facilidade e otimiza\u00e7\u00e3o para os espa\u00e7os.<\/p><p><a href=\"https:\/\/go.hotmart.com\/L71606651A?dp=1\" target=\"_blank\" rel=\"noopener\">ORGANIZA\u00c7\u00c3O<\/a> n\u00e3o \u00e9 luxo e sim QUALIDADE DE VIDA!<\/p><p><img decoding=\"async\" class=\"aligncenter wp-image-41721 size-full\" src=\"https:\/\/www.aarquiteta.com.br\/blog\/wp-content\/uploads\/2022\/01\/decoracao-para-quarto-de-visitas-1.jpg\" alt=\"Quarto Feminino - Como decorar com estilo e delicadeza?\" width=\"768\" height=\"512\" title=\"\"><\/p><p><img decoding=\"async\" class=\"aligncenter wp-image-41726 size-full\" src=\"https:\/\/www.aarquiteta.com.br\/blog\/wp-content\/uploads\/2022\/01\/decoracao-para-quarto-de-visitas-6.jpg\" alt=\"Quarto Feminino - Como decorar com estilo e delicadeza?\" width=\"768\" height=\"512\" title=\"\" srcset=\"https:\/\/www.aarquiteta.com.br\/blog\/wp-content\/uploads\/2022\/01\/decoracao-para-quarto-de-visitas-6.jpg 768w, https:\/\/www.aarquiteta.com.br\/blog\/wp-content\/uploads\/2022\/01\/decoracao-para-quarto-de-visitas-6-696x464.jpg 696w, https:\/\/www.aarquiteta.com.br\/blog\/wp-content\/uploads\/2022\/01\/decoracao-para-quarto-de-visitas-6-150x100.jpg 150w\" sizes=\"(max-width: 768px) 100vw, 768px\" \/><\/p><p><img decoding=\"async\" class=\"aligncenter wp-image-41790 size-full\" src=\"https:\/\/www.aarquiteta.com.br\/blog\/wp-content\/uploads\/2022\/01\/Dicas-de-decoracao-com-a-cor-nude-01.jpg\" alt=\"Quarto Feminino - Como decorar com estilo e delicadeza?\" width=\"700\" height=\"400\" title=\"\" srcset=\"https:\/\/www.aarquiteta.com.br\/blog\/wp-content\/uploads\/2022\/01\/Dicas-de-decoracao-com-a-cor-nude-01.jpg 700w, https:\/\/www.aarquiteta.com.br\/blog\/wp-content\/uploads\/2022\/01\/Dicas-de-decoracao-com-a-cor-nude-01-696x398.jpg 696w, https:\/\/www.aarquiteta.com.br\/blog\/wp-content\/uploads\/2022\/01\/Dicas-de-decoracao-com-a-cor-nude-01-150x86.jpg 150w\" sizes=\"(max-width: 700px) 100vw, 700px\" \/><\/p><p><img decoding=\"async\" class=\"wp-image-42985 size-full\" src=\"https:\/\/www.aarquiteta.com.br\/blog\/wp-content\/uploads\/2022\/02\/tijolo-de-barro-aparente.jpg\" alt=\"Parede de Tijolinho Aparente - 5 ideias de decora\u00e7\u00e3o para seu quarto!\" width=\"900\" height=\"600\" title=\"\" srcset=\"https:\/\/www.aarquiteta.com.br\/blog\/wp-content\/uploads\/2022\/02\/tijolo-de-barro-aparente.jpg 900w, https:\/\/www.aarquiteta.com.br\/blog\/wp-content\/uploads\/2022\/02\/tijolo-de-barro-aparente-696x464.jpg 696w, https:\/\/www.aarquiteta.com.br\/blog\/wp-content\/uploads\/2022\/02\/tijolo-de-barro-aparente-150x100.jpg 150w\" sizes=\"(max-width: 900px) 100vw, 900px\" \/><\/p><p><img decoding=\"async\" class=\"aligncenter wp-image-42986 size-full\" src=\"https:\/\/www.aarquiteta.com.br\/blog\/wp-content\/uploads\/2022\/02\/tijolo-aparente-suite.jpg\" alt=\"Parede de Tijolinho Aparente - 5 ideias de decora\u00e7\u00e3o para seu quarto!\" width=\"800\" height=\"534\" title=\"\" srcset=\"https:\/\/www.aarquiteta.com.br\/blog\/wp-content\/uploads\/2022\/02\/tijolo-aparente-suite.jpg 800w, https:\/\/www.aarquiteta.com.br\/blog\/wp-content\/uploads\/2022\/02\/tijolo-aparente-suite-696x465.jpg 696w, https:\/\/www.aarquiteta.com.br\/blog\/wp-content\/uploads\/2022\/02\/tijolo-aparente-suite-150x100.jpg 150w\" sizes=\"(max-width: 800px) 100vw, 800px\" \/><\/p><p><img decoding=\"async\" class=\"aligncenter wp-image-43126 size-full\" src=\"https:\/\/www.aarquiteta.com.br\/blog\/wp-content\/uploads\/2022\/02\/quarto-cama-flutuante.jpg\" alt=\"\" width=\"800\" height=\"533\" title=\"\" srcset=\"https:\/\/www.aarquiteta.com.br\/blog\/wp-content\/uploads\/2022\/02\/quarto-cama-flutuante.jpg 800w, https:\/\/www.aarquiteta.com.br\/blog\/wp-content\/uploads\/2022\/02\/quarto-cama-flutuante-696x464.jpg 696w, https:\/\/www.aarquiteta.com.br\/blog\/wp-content\/uploads\/2022\/02\/quarto-cama-flutuante-150x100.jpg 150w\" sizes=\"(max-width: 800px) 100vw, 800px\" \/><\/p><p><img decoding=\"async\" class=\"aligncenter wp-image-43540 size-full\" src=\"https:\/\/www.aarquiteta.com.br\/blog\/wp-content\/uploads\/2022\/02\/Dicas-de-como-decorar-quarto-com-varanda.jpg\" alt=\"Jardim na varanda\" width=\"700\" height=\"400\" title=\"\" srcset=\"https:\/\/www.aarquiteta.com.br\/blog\/wp-content\/uploads\/2022\/02\/Dicas-de-como-decorar-quarto-com-varanda.jpg 700w, https:\/\/www.aarquiteta.com.br\/blog\/wp-content\/uploads\/2022\/02\/Dicas-de-como-decorar-quarto-com-varanda-696x398.jpg 696w, https:\/\/www.aarquiteta.com.br\/blog\/wp-content\/uploads\/2022\/02\/Dicas-de-como-decorar-quarto-com-varanda-150x86.jpg 150w\" sizes=\"(max-width: 700px) 100vw, 700px\" \/><\/p><p>&nbsp;<\/p><h3><a href=\"https:\/\/hotmart.com\/pt-br\/marketplace\/produtos\/almofadas-em-patchwork-moderno\/F46516531Q?ref=J71648205N\" target=\"_blank\" rel=\"noopener\">Quer aprender a criar Almofadas em Patchwork Moderno?<\/a><\/h3><p>Aprenda <a href=\"https:\/\/hotmart.com\/pt-br\/marketplace\/produtos\/almofadas-em-patchwork-moderno\/F46516531Q?ref=J71648205N\" target=\"_blank\" rel=\"noopener\">10 projetos diferentes<\/a> repletos de t\u00e9cnicas e dicas para confeccionar almofadas modernas e super comerciais.<\/p><p>Linguagem simples, gr\u00e1ficos de apoio, aula em v\u00eddeo e sugest\u00f5es de finaliza\u00e7\u00e3o. Voc\u00ea amar\u00e1 cada <a href=\"https:\/\/www.aarquiteta.com.br\/blog\/?s=PROJETO\">projeto<\/a>!<\/p><p>As 10 aulas est\u00e3o divididas em 5 m\u00f3dulos.\u00a0Voc\u00ea receber\u00e1:<\/p><ol><li><strong>\u00a010 v\u00eddeos.<\/strong><\/li><li><strong>\u00a010 projetos em PDF.<\/strong><\/li><li><strong>B\u00f4nus:<\/strong><\/li><li><strong>\u00a0Webnair: Aprenda a escolher tecidos como um PRO.<\/strong><\/li><li><strong>\u00a0V\u00eddeo: Como finalizar as suas almofadas.<\/strong><\/li><\/ol><p><a style=\"font-weight: bold; background-color: initial;\" href=\"https:\/\/hotmart.com\/pt-br\/marketplace\/produtos\/almofadas-em-patchwork-moderno\/F46516531Q?ref=J71648205N\" target=\"_blank\" rel=\"noopener\"><img decoding=\"async\" class=\"wp-image-60206 size-full\" title=\"Almofadas em Patchwork Moderno\" src=\"https:\/\/www.aarquiteta.com.br\/blog\/wp-content\/uploads\/2022\/02\/336.png\" alt=\"Almofadas em Patchwork Moderno\" width=\"336\" height=\"280\" srcset=\"https:\/\/www.aarquiteta.com.br\/blog\/wp-content\/uploads\/2022\/02\/336.png 336w, https:\/\/www.aarquiteta.com.br\/blog\/wp-content\/uploads\/2022\/02\/336-150x125.png 150w\" sizes=\"(max-width: 336px) 100vw, 336px\" \/> <\/a><br \/><img decoding=\"async\" class=\"aligncenter wp-image-44774 size-full\" src=\"https:\/\/www.aarquiteta.com.br\/blog\/wp-content\/uploads\/2022\/02\/cropped-Parede-de-Tijolinho-Aparente-5-ideias-de-decoracao-para-seu-quarto.jpg\" alt=\"cropped-Parede-de-Tijolinho-Aparente-5-ideias-de-decoracao-para-seu-quarto.jpg\" width=\"640\" height=\"853\" title=\"\" srcset=\"https:\/\/www.aarquiteta.com.br\/blog\/wp-content\/uploads\/2022\/02\/cropped-Parede-de-Tijolinho-Aparente-5-ideias-de-decoracao-para-seu-quarto.jpg 640w, https:\/\/www.aarquiteta.com.br\/blog\/wp-content\/uploads\/2022\/02\/cropped-Parede-de-Tijolinho-Aparente-5-ideias-de-decoracao-para-seu-quarto-225x300.jpg 225w, https:\/\/www.aarquiteta.com.br\/blog\/wp-content\/uploads\/2022\/02\/cropped-Parede-de-Tijolinho-Aparente-5-ideias-de-decoracao-para-seu-quarto-150x200.jpg 150w\" sizes=\"(max-width: 640px) 100vw, 640px\" \/><\/p><figure id=\"attachment_50081\" aria-describedby=\"caption-attachment-50081\" style=\"width: 1200px\" class=\"wp-caption aligncenter\"><img decoding=\"async\" class=\"wp-image-50081 size-full\" src=\"https:\/\/www.aarquiteta.com.br\/blog\/wp-content\/uploads\/2022\/03\/como-escolher-penteadeira.jpg\" alt=\"Penteadeira - Como escolher ou projetar uma penteadeira para seu quarto?\" width=\"1200\" height=\"800\" title=\"\" srcset=\"https:\/\/www.aarquiteta.com.br\/blog\/wp-content\/uploads\/2022\/03\/como-escolher-penteadeira.jpg 1200w, https:\/\/www.aarquiteta.com.br\/blog\/wp-content\/uploads\/2022\/03\/como-escolher-penteadeira-1024x683.jpg 1024w, https:\/\/www.aarquiteta.com.br\/blog\/wp-content\/uploads\/2022\/03\/como-escolher-penteadeira-696x464.jpg 696w, https:\/\/www.aarquiteta.com.br\/blog\/wp-content\/uploads\/2022\/03\/como-escolher-penteadeira-150x100.jpg 150w\" sizes=\"(max-width: 1200px) 100vw, 1200px\" \/><figcaption id=\"caption-attachment-50081\" class=\"wp-caption-text\">Penteadeira &#8211; Como escolher ou projetar uma penteadeira para seu quarto?<\/figcaption><\/figure><p><img decoding=\"async\" class=\"aligncenter wp-image-50011 size-full\" src=\"https:\/\/www.aarquiteta.com.br\/blog\/wp-content\/uploads\/2022\/03\/Dicas-de-como-decorar-um-quarto-bonito.2.jpg\" alt=\"N\u00e3o ignore o teto\" width=\"700\" height=\"400\" title=\"\" srcset=\"https:\/\/www.aarquiteta.com.br\/blog\/wp-content\/uploads\/2022\/03\/Dicas-de-como-decorar-um-quarto-bonito.2.jpg 700w, https:\/\/www.aarquiteta.com.br\/blog\/wp-content\/uploads\/2022\/03\/Dicas-de-como-decorar-um-quarto-bonito.2-696x398.jpg 696w, https:\/\/www.aarquiteta.com.br\/blog\/wp-content\/uploads\/2022\/03\/Dicas-de-como-decorar-um-quarto-bonito.2-150x86.jpg 150w\" sizes=\"(max-width: 700px) 100vw, 700px\" \/><\/p><p><img decoding=\"async\" class=\"aligncenter wp-image-50010 size-full\" src=\"https:\/\/www.aarquiteta.com.br\/blog\/wp-content\/uploads\/2022\/03\/Dicas-de-como-decorar-um-quarto-bonito.1.png\" alt=\"Mantenha o quarto simples\" width=\"700\" height=\"400\" title=\"\" srcset=\"https:\/\/www.aarquiteta.com.br\/blog\/wp-content\/uploads\/2022\/03\/Dicas-de-como-decorar-um-quarto-bonito.1.png 700w, https:\/\/www.aarquiteta.com.br\/blog\/wp-content\/uploads\/2022\/03\/Dicas-de-como-decorar-um-quarto-bonito.1-696x398.png 696w, https:\/\/www.aarquiteta.com.br\/blog\/wp-content\/uploads\/2022\/03\/Dicas-de-como-decorar-um-quarto-bonito.1-150x86.png 150w\" sizes=\"(max-width: 700px) 100vw, 700px\" \/><\/p><h3>E a\u00ed, gostou do artigo sobre Quarto Feminino \u2014 Como decorar com estilo e delicadeza?<\/h3><p>Ent\u00e3o deslize a tela para baixo e<a href=\"https:\/\/br.pinterest.com\/aarquitetapinterest\/_created\/\" target=\"_blank\" rel=\"noopener\"> confira mais dicas<\/a> como esta e n\u00e3o se esque\u00e7a de compartilhar com os amigos!<\/p><p>Quer mais dicas sobre o mundo da arquitetura e decora\u00e7\u00e3o? Ent\u00e3o, confira alguns dos nossos artigos em:<\/p><ul><li><a href=\"https:\/\/www.aarquiteta.com.br\/blog\/paisagismo\/\" target=\"_blank\" rel=\"noopener\">Casa e Jardim<\/a><\/li><li><a href=\"https:\/\/www.aarquiteta.com.br\/blog\/arquitetura\/mundo-arquitetura\/\" target=\"_blank\" rel=\"noopener\">Mundo Arquitetura<\/a><\/li><li><a href=\"https:\/\/www.aarquiteta.com.br\/decoracao\/\" target=\"_blank\" rel=\"noopener\">Decora\u00e7\u00e3o<br \/>\n<\/a><\/li><\/ul><p>&nbsp;<\/p>","protected":false},"excerpt":{"rendered":"<p>Quarto Feminino &#8211; Como decorar com estilo e delicadeza?Em primeiro lugar, decorar um quarto n\u00e3o \u00e9 t\u00e3o dif\u00edcil quanto parece,\u00a0organize o espa\u00e7o de acordo com seu plano.Claro, \u00e9 necess\u00e1rio conhecer o seu estilo de decora\u00e7\u00e3o. Portanto, pesquisar sobre os estilos \u00e9 boa ideia.No entanto, na hora de decorar um quarto, alguns detalhes s\u00e3o importantes para [&hellip;]<\/p>\n","protected":false},"author":102,"featured_media":41218,"comment_status":"open","ping_status":"closed","sticky":false,"template":"","format":"standard","meta":{"footnotes":""},"categories":[1484,18756],"tags":[11464,11467,11465,11466,11468],"class_list":["post-41215","post","type-post","status-publish","format-standard","has-post-thumbnail","category-decoracao","category-decoracao-de-dormitorio","tag-cores-para-decoracao-de-quarto-feminino","tag-decoracao-de-quarto-feminino","tag-quadros-decorativos-em-cima-da-cabeceira","tag-quarto-decorado-com-plantas","tag-quarto-feminino"],"_wp_attached_file":null,"_wp_attachment_metadata":null,"_wp_attachment_context":null,"_wp_attachment_is_custom_header":null,"geo_longitude":null,"geo_public":null,"geo_latitude":null,"_publicize_done_external":null,"_wpas_done_3897181":null,"publicize_twitter_user":null,"_wpas_done_3897175":null,"_wpas_skip_3897181":null,"_wpas_skip_3897175":null,"_wpas_skip_3924723":null,"_wpas_mess":null,"_wpas_done_3924723":null,"wps_subtitle":"Buscando dicas para decora\u00e7\u00e3o de quarto feminino? Ent\u00e3o est\u00e1 no blog certo, temos as melhores dicas para voc\u00ea. Confira!","_links":{"self":[{"href":"https:\/\/www.aarquiteta.com.br\/blog\/wp-json\/wp\/v2\/posts\/41215","targetHints":{"allow":["GET"]}}],"collection":[{"href":"https:\/\/www.aarquiteta.com.br\/blog\/wp-json\/wp\/v2\/posts"}],"about":[{"href":"https:\/\/www.aarquiteta.com.br\/blog\/wp-json\/wp\/v2\/types\/post"}],"author":[{"embeddable":true,"href":"https:\/\/www.aarquiteta.com.br\/blog\/wp-json\/wp\/v2\/users\/102"}],"replies":[{"embeddable":true,"href":"https:\/\/www.aarquiteta.com.br\/blog\/wp-json\/wp\/v2\/comments?post=41215"}],"version-history":[{"count":0,"href":"https:\/\/www.aarquiteta.com.br\/blog\/wp-json\/wp\/v2\/posts\/41215\/revisions"}],"wp:featuredmedia":[{"embeddable":true,"href":"https:\/\/www.aarquiteta.com.br\/blog\/wp-json\/wp\/v2\/media\/41218"}],"wp:attachment":[{"href":"https:\/\/www.aarquiteta.com.br\/blog\/wp-json\/wp\/v2\/media?parent=41215"}],"wp:term":[{"taxonomy":"category","embeddable":true,"href":"https:\/\/www.aarquiteta.com.br\/blog\/wp-json\/wp\/v2\/categories?post=41215"},{"taxonomy":"post_tag","embeddable":true,"href":"https:\/\/www.aarquiteta.com.br\/blog\/wp-json\/wp\/v2\/tags?post=41215"}],"curies":[{"name":"wp","href":"https:\/\/api.w.org\/{rel}","templated":true}]}}