{"id":40799,"date":"2022-05-17T17:00:37","date_gmt":"2022-05-17T20:00:37","guid":{"rendered":"http:\/\/aarquiteta.com.br\/?p=40799"},"modified":"2024-09-13T17:38:57","modified_gmt":"2024-09-13T20:38:57","slug":"cortina-branca","status":"publish","type":"post","link":"https:\/\/www.aarquiteta.com.br\/blog\/cortina-branca\/","title":{"rendered":"Cortina Branca &#8211; Como utilizar na composi\u00e7\u00e3o de ambientes?"},"content":{"rendered":"<p><img decoding=\"async\" class=\"aligncenter wp-image-44971 size-full\" title=\"Cortina Branca \u2014 Como utilizar na composi\u00e7\u00e3o de ambientes\" src=\"https:\/\/www.aarquiteta.com.br\/blog\/wp-content\/uploads\/2022\/03\/Dicas-de-decoracao-estilo-escandinava3.jpg\" alt=\"Cortina Branca \u2014 Como utilizar na composi\u00e7\u00e3o de ambientes\" width=\"700\" height=\"400\" srcset=\"https:\/\/www.aarquiteta.com.br\/blog\/wp-content\/uploads\/2022\/03\/Dicas-de-decoracao-estilo-escandinava3.jpg 700w, https:\/\/www.aarquiteta.com.br\/blog\/wp-content\/uploads\/2022\/03\/Dicas-de-decoracao-estilo-escandinava3-696x398.jpg 696w, https:\/\/www.aarquiteta.com.br\/blog\/wp-content\/uploads\/2022\/03\/Dicas-de-decoracao-estilo-escandinava3-150x86.jpg 150w\" sizes=\"(max-width: 700px) 100vw, 700px\" \/><\/p><p><a href=\"https:\/\/www.aarquiteta.com.br\/blog\/home-decor\/acessorios-para-decoracao\/tapetes-e-cortinas-acessorios-para-decoracao\/\" class=\"ilj-generated-link\">Cortina<\/a> Branca &#8211; Como utilizar na composi\u00e7\u00e3o de ambientes?<\/p><p>Se voc\u00ea deseja decorar sua casa com <a href=\"https:\/\/www.aarquiteta.com.br\/blog\/como-escolher-cortina-ou-persiana\/\" target=\"_blank\" rel=\"noopener\">cortinas<\/a>, mas n\u00e3o tem certeza de qual cor ou material usar, veio ao lugar certo.<\/p><p>Separamos dicas de modelos de <a href=\"https:\/\/www.aarquiteta.com.br\/blog\/cores-para-cortina-como-escolher-corretamente\/\" target=\"_blank\" rel=\"noopener\">cortina branca<\/a> para voc\u00ea apostar na sua decora\u00e7\u00e3o.<\/p><p>As <a href=\"https:\/\/www.aarquiteta.com.br\/blog\/home-decor\/acessorios-para-decoracao\/tapetes-e-cortinas-acessorios-para-decoracao\/\" class=\"ilj-generated-link\">cortinas<\/a> brancas s\u00e3o vers\u00e1teis e adequadas para qualquer c\u00f4modo, al\u00e9m de serem f\u00e1ceis de decorar a casa.<\/p><p>Ent\u00e3o confira essas dicas para se inspirar e decorar:<\/p><h2>Cortina Branca \u2014 Como utilizar na composi\u00e7\u00e3o de ambientes?<\/h2><h3>1 \u2014 Voil Branco:<\/h3><p>O voil \u00e9 um tecido leve que permite a entrada de <a href=\"https:\/\/www.aarquiteta.com.br\/blog\/pendente-aramado\/\" target=\"_blank\" rel=\"noopener\">luz no ambiente<\/a>. Ent\u00e3o, por ser um tecido fino, voc\u00ea pode colocar um peda\u00e7o de tecido por baixo do voil para ter um pouco de camadas nas cortinas.<\/p><p>No entanto, as cortinas de voil branco se destacam mais em espa\u00e7os como <a href=\"https:\/\/www.aarquiteta.com.br\/blog\/decoracao-que-nunca-sai-da-moda\/\" target=\"_blank\" rel=\"noopener\">salas de estar<\/a> que precisam ser mais claros durante o dia.<\/p><p>No entanto, voc\u00ea pode colocar essa cortina em outros <a href=\"https:\/\/www.aarquiteta.com.br\/blog\/como-decorar-apartamento-de-aluguel\/\" target=\"_blank\" rel=\"noopener\">ambientes<\/a>, se desejar.<\/p><p><img decoding=\"async\" class=\"wp-image-40801 size-full\" title=\"Cortina Branca \u2014 Como utilizar na composi\u00e7\u00e3o de ambientes\" src=\"https:\/\/www.aarquiteta.com.br\/blog\/wp-content\/uploads\/2022\/01\/Dicas-de-tipos-de-cortina-branca-para-decorar-2.jpg\" alt=\"Cortina Branca \u2014 Como utilizar na composi\u00e7\u00e3o de ambientes\" width=\"701\" height=\"401\" srcset=\"https:\/\/www.aarquiteta.com.br\/blog\/wp-content\/uploads\/2022\/01\/Dicas-de-tipos-de-cortina-branca-para-decorar-2.jpg 701w, https:\/\/www.aarquiteta.com.br\/blog\/wp-content\/uploads\/2022\/01\/Dicas-de-tipos-de-cortina-branca-para-decorar-2-696x398.jpg 696w, https:\/\/www.aarquiteta.com.br\/blog\/wp-content\/uploads\/2022\/01\/Dicas-de-tipos-de-cortina-branca-para-decorar-2-150x86.jpg 150w\" sizes=\"(max-width: 701px) 100vw, 701px\" \/><\/p><h3>2 \u2014 Persianas brancas:<\/h3><p>Se voc\u00ea quer livrar-se das cortinas tradicionais, pode investir em persianas brancas.<\/p><p>O fechamento e abertura das persianas \u00e9 muito pr\u00e1tico, al\u00e9m disso, fica \u00f3timo em qualquer <a href=\"https:\/\/www.aarquiteta.com.br\/blog\/10-mesas-de-centro-e-laterais-lindas-e-praticas\/\" target=\"_blank\" rel=\"noopener\">c\u00f4modo da casa<\/a>.<\/p><p><img decoding=\"async\" class=\"wp-image-40802 size-full\" style=\"font-size: 16px; font-weight: 400;\" title=\"Cortina Branca \u2014 Como utilizar na composi\u00e7\u00e3o de ambientes\" src=\"https:\/\/www.aarquiteta.com.br\/blog\/wp-content\/uploads\/2022\/01\/Dicas-de-tipos-de-cortina-branca-para-decorar-3.jpg\" alt=\"Cortina Branca \u2014 Como utilizar na composi\u00e7\u00e3o de ambientes\" width=\"701\" height=\"401\" srcset=\"https:\/\/www.aarquiteta.com.br\/blog\/wp-content\/uploads\/2022\/01\/Dicas-de-tipos-de-cortina-branca-para-decorar-3.jpg 701w, https:\/\/www.aarquiteta.com.br\/blog\/wp-content\/uploads\/2022\/01\/Dicas-de-tipos-de-cortina-branca-para-decorar-3-696x398.jpg 696w, https:\/\/www.aarquiteta.com.br\/blog\/wp-content\/uploads\/2022\/01\/Dicas-de-tipos-de-cortina-branca-para-decorar-3-150x86.jpg 150w\" sizes=\"(max-width: 701px) 100vw, 701px\" \/><\/p><h3>3 \u2014 Cortina blackout branca para decorar:<\/h3><p>Cortinas blackout bloqueiam a entrada de luz no <a href=\"https:\/\/www.aarquiteta.com.br\/blog\/como-escolher-guarda-roupa\/\" target=\"_blank\" rel=\"noopener\">quarto<\/a>.\u00a0Mesmo em um dia ensolarado, o <a href=\"https:\/\/www.aarquiteta.com.br\/blog\/como-deixar-a-decoracao-de-quarto-elegante\/\" target=\"_blank\" rel=\"noopener\">quarto<\/a> estava escuro devido ao tecido pesado do blackout.<\/p><p>Por isso, voc\u00ea deve investir nessa cortina para colocar nos c\u00f4modos da casa que queira que ao fechar, tenha essa op\u00e7\u00e3o.<\/p><p>Dessa forma, voc\u00ea pode tornar o espa\u00e7o muito <a href=\"https:\/\/www.aarquiteta.com.br\/blog\/como-deixar-a-decoracao-de-quarto-elegante\/\" target=\"_blank\" rel=\"noopener\">relaxante e confort\u00e1vel<\/a> para voc\u00ea poder descansar.<\/p><p><img decoding=\"async\" class=\"wp-image-40782 size-full\" title=\"Cortina Branca \u2014 Como utilizar na composi\u00e7\u00e3o de ambientes\" src=\"https:\/\/www.aarquiteta.com.br\/blog\/wp-content\/uploads\/2022\/01\/Dicas-de-tipos-de-cortina-branca-para-decorar-4.jpg\" alt=\"Cortina Branca \u2014 Como utilizar na composi\u00e7\u00e3o de ambientes\" width=\"701\" height=\"401\" srcset=\"https:\/\/www.aarquiteta.com.br\/blog\/wp-content\/uploads\/2022\/01\/Dicas-de-tipos-de-cortina-branca-para-decorar-4.jpg 701w, https:\/\/www.aarquiteta.com.br\/blog\/wp-content\/uploads\/2022\/01\/Dicas-de-tipos-de-cortina-branca-para-decorar-4-696x398.jpg 696w, https:\/\/www.aarquiteta.com.br\/blog\/wp-content\/uploads\/2022\/01\/Dicas-de-tipos-de-cortina-branca-para-decorar-4-150x86.jpg 150w\" sizes=\"(max-width: 701px) 100vw, 701px\" \/><\/p><h3>Cortina Branca \u2014 Como utilizar na composi\u00e7\u00e3o de ambientes?<\/h3><p>Confira agora alguns projetos de decora\u00e7\u00e3o utilizando <a href=\"https:\/\/www.aarquiteta.com.br\/blog\/como-escolher-cortina-ou-persiana\/\" target=\"_blank\" rel=\"noopener\">cortinas<\/a> entre elas a cortina branca para voc\u00ea se inspirar em seu <a href=\"https:\/\/www.aarquiteta.com.br\/blog\/quarto-pequeno-como-fazer-ele-parecer-maior\/\" target=\"_blank\" rel=\"noopener\">projeto de reforma de decora\u00e7\u00e3o,<\/a> veja a seguir:<\/p><p><img decoding=\"async\" class=\"wp-image-51717 size-full\" title=\"Cortina Branca \u2014 Como utilizar na composi\u00e7\u00e3o de ambientes\" src=\"https:\/\/www.aarquiteta.com.br\/blog\/wp-content\/uploads\/2022\/04\/Como-escolher-cortina-ou-persiana.png\" alt=\"Cortina Branca \u2014 Como utilizar na composi\u00e7\u00e3o de ambientes\" width=\"700\" height=\"409\" srcset=\"https:\/\/www.aarquiteta.com.br\/blog\/wp-content\/uploads\/2022\/04\/Como-escolher-cortina-ou-persiana.png 700w, https:\/\/www.aarquiteta.com.br\/blog\/wp-content\/uploads\/2022\/04\/Como-escolher-cortina-ou-persiana-696x407.png 696w, https:\/\/www.aarquiteta.com.br\/blog\/wp-content\/uploads\/2022\/04\/Como-escolher-cortina-ou-persiana-150x88.png 150w\" sizes=\"(max-width: 700px) 100vw, 700px\" \/><\/p><p><img decoding=\"async\" class=\"aligncenter wp-image-41712 size-full\" style=\"font-weight: bold; background-color: transparent; color: #767676;\" title=\"Cortina Branca \u2014 Como utilizar na composi\u00e7\u00e3o de ambientes\" src=\"https:\/\/www.aarquiteta.com.br\/blog\/wp-content\/uploads\/2022\/01\/cortina-cinza.jpg\" alt=\"Cortina Branca \u2014 Como utilizar na composi\u00e7\u00e3o de ambientes\" width=\"700\" height=\"400\" srcset=\"https:\/\/www.aarquiteta.com.br\/blog\/wp-content\/uploads\/2022\/01\/cortina-cinza.jpg 700w, https:\/\/www.aarquiteta.com.br\/blog\/wp-content\/uploads\/2022\/01\/cortina-cinza-696x398.jpg 696w, https:\/\/www.aarquiteta.com.br\/blog\/wp-content\/uploads\/2022\/01\/cortina-cinza-150x86.jpg 150w\" sizes=\"(max-width: 700px) 100vw, 700px\" \/><\/p><div class=\"mceTemp\"><\/div><p><img decoding=\"async\" class=\"aligncenter wp-image-40783 size-full\" src=\"https:\/\/www.aarquiteta.com.br\/blog\/wp-content\/uploads\/2022\/01\/Dicas-de-tipos-de-cortina-branca-para-decorar.jpg\" alt=\"Dicas de tipos de cortina branca para decorar\" width=\"701\" height=\"401\" title=\"\" srcset=\"https:\/\/www.aarquiteta.com.br\/blog\/wp-content\/uploads\/2022\/01\/Dicas-de-tipos-de-cortina-branca-para-decorar.jpg 701w, https:\/\/www.aarquiteta.com.br\/blog\/wp-content\/uploads\/2022\/01\/Dicas-de-tipos-de-cortina-branca-para-decorar-696x398.jpg 696w, https:\/\/www.aarquiteta.com.br\/blog\/wp-content\/uploads\/2022\/01\/Dicas-de-tipos-de-cortina-branca-para-decorar-150x86.jpg 150w\" sizes=\"(max-width: 701px) 100vw, 701px\" \/><\/p><p><img decoding=\"async\" class=\"aligncenter wp-image-29991 size-full\" title=\"Cortina Branca \u2014 Como utilizar na composi\u00e7\u00e3o de ambientes\" src=\"https:\/\/www.aarquiteta.com.br\/blog\/wp-content\/uploads\/2019\/08\/cortinas-paisagem-blog-da-arquitetura-1.jpg\" alt=\"Cortina Branca \u2014 Como utilizar na composi\u00e7\u00e3o de ambientes\" width=\"1200\" height=\"1058\" srcset=\"https:\/\/www.aarquiteta.com.br\/blog\/wp-content\/uploads\/2019\/08\/cortinas-paisagem-blog-da-arquitetura-1.jpg 1200w, https:\/\/www.aarquiteta.com.br\/blog\/wp-content\/uploads\/2019\/08\/cortinas-paisagem-blog-da-arquitetura-1-1024x903.jpg 1024w, https:\/\/www.aarquiteta.com.br\/blog\/wp-content\/uploads\/2019\/08\/cortinas-paisagem-blog-da-arquitetura-1-696x614.jpg 696w, https:\/\/www.aarquiteta.com.br\/blog\/wp-content\/uploads\/2019\/08\/cortinas-paisagem-blog-da-arquitetura-1-150x132.jpg 150w\" sizes=\"(max-width: 1200px) 100vw, 1200px\" \/><\/p><p><img decoding=\"async\" class=\"aligncenter wp-image-28664 size-full\" title=\"Cortina Branca \u2014 Como utilizar na composi\u00e7\u00e3o de ambientes\" src=\"https:\/\/www.aarquiteta.com.br\/blog\/wp-content\/uploads\/2019\/08\/van-decorada-blog-da-arquitetura.jpg\" alt=\"Cortina Branca \u2014 Como utilizar na composi\u00e7\u00e3o de ambientes\" width=\"750\" height=\"1125\" srcset=\"https:\/\/www.aarquiteta.com.br\/blog\/wp-content\/uploads\/2019\/08\/van-decorada-blog-da-arquitetura.jpg 750w, https:\/\/www.aarquiteta.com.br\/blog\/wp-content\/uploads\/2019\/08\/van-decorada-blog-da-arquitetura-683x1024.jpg 683w, https:\/\/www.aarquiteta.com.br\/blog\/wp-content\/uploads\/2019\/08\/van-decorada-blog-da-arquitetura-696x1044.jpg 696w, https:\/\/www.aarquiteta.com.br\/blog\/wp-content\/uploads\/2019\/08\/van-decorada-blog-da-arquitetura-150x225.jpg 150w\" sizes=\"(max-width: 750px) 100vw, 750px\" \/><\/p><p><img decoding=\"async\" class=\"aligncenter wp-image-54282 size-full\" title=\"Cortina Branca \u2014 Como utilizar na composi\u00e7\u00e3o de ambientes\" src=\"https:\/\/www.aarquiteta.com.br\/blog\/wp-content\/uploads\/2022\/05\/sala-estar-pequena-7-dicas-decorar-espaco-Mrc-Arq.design.webp\" alt=\"Cortina Branca \u2014 Como utilizar na composi\u00e7\u00e3o de ambientes\" width=\"1024\" height=\"614\" srcset=\"https:\/\/www.aarquiteta.com.br\/blog\/wp-content\/uploads\/2022\/05\/sala-estar-pequena-7-dicas-decorar-espaco-Mrc-Arq.design.webp 1024w, https:\/\/www.aarquiteta.com.br\/blog\/wp-content\/uploads\/2022\/05\/sala-estar-pequena-7-dicas-decorar-espaco-Mrc-Arq.design-696x417.webp 696w, https:\/\/www.aarquiteta.com.br\/blog\/wp-content\/uploads\/2022\/05\/sala-estar-pequena-7-dicas-decorar-espaco-Mrc-Arq.design-150x90.webp 150w\" sizes=\"(max-width: 1024px) 100vw, 1024px\" \/><\/p><p><img decoding=\"async\" class=\"aligncenter wp-image-43644 size-full\" title=\"Cortina Branca \u2014 Como utilizar na composi\u00e7\u00e3o de ambientes\" src=\"https:\/\/www.aarquiteta.com.br\/blog\/wp-content\/uploads\/2021\/11\/Cores-na-Decoracao-de-Interiores-sala-de-estar.jpg\" alt=\"Cortina Branca \u2014 Como utilizar na composi\u00e7\u00e3o de ambientes\" width=\"1200\" height=\"800\" srcset=\"https:\/\/www.aarquiteta.com.br\/blog\/wp-content\/uploads\/2021\/11\/Cores-na-Decoracao-de-Interiores-sala-de-estar.jpg 1200w, https:\/\/www.aarquiteta.com.br\/blog\/wp-content\/uploads\/2021\/11\/Cores-na-Decoracao-de-Interiores-sala-de-estar-1024x683.jpg 1024w, https:\/\/www.aarquiteta.com.br\/blog\/wp-content\/uploads\/2021\/11\/Cores-na-Decoracao-de-Interiores-sala-de-estar-696x464.jpg 696w, https:\/\/www.aarquiteta.com.br\/blog\/wp-content\/uploads\/2021\/11\/Cores-na-Decoracao-de-Interiores-sala-de-estar-150x100.jpg 150w\" sizes=\"(max-width: 1200px) 100vw, 1200px\" \/><\/p><p><img decoding=\"async\" class=\"aligncenter wp-image-43071 size-full\" title=\"Cortina Branca \u2014 Como utilizar na composi\u00e7\u00e3o de ambientes\" src=\"https:\/\/www.aarquiteta.com.br\/blog\/wp-content\/uploads\/2022\/02\/sala-com-armario-de-armazenamento.jpg\" alt=\"Cortina Branca \u2014 Como utilizar na composi\u00e7\u00e3o de ambientes\" width=\"700\" height=\"400\" srcset=\"https:\/\/www.aarquiteta.com.br\/blog\/wp-content\/uploads\/2022\/02\/sala-com-armario-de-armazenamento.jpg 700w, https:\/\/www.aarquiteta.com.br\/blog\/wp-content\/uploads\/2022\/02\/sala-com-armario-de-armazenamento-696x398.jpg 696w, https:\/\/www.aarquiteta.com.br\/blog\/wp-content\/uploads\/2022\/02\/sala-com-armario-de-armazenamento-150x86.jpg 150w\" sizes=\"(max-width: 700px) 100vw, 700px\" \/><\/p><p><img decoding=\"async\" class=\"aligncenter wp-image-41844 size-full\" src=\"https:\/\/www.aarquiteta.com.br\/blog\/wp-content\/uploads\/2022\/01\/6-dicas-para-decorar-uma-sala-de-estar-retangular-1.jpg\" alt=\"decorar uma sala retangular\" width=\"768\" height=\"512\" title=\"\" srcset=\"https:\/\/www.aarquiteta.com.br\/blog\/wp-content\/uploads\/2022\/01\/6-dicas-para-decorar-uma-sala-de-estar-retangular-1.jpg 768w, https:\/\/www.aarquiteta.com.br\/blog\/wp-content\/uploads\/2022\/01\/6-dicas-para-decorar-uma-sala-de-estar-retangular-1-696x464.jpg 696w, https:\/\/www.aarquiteta.com.br\/blog\/wp-content\/uploads\/2022\/01\/6-dicas-para-decorar-uma-sala-de-estar-retangular-1-150x100.jpg 150w\" sizes=\"(max-width: 768px) 100vw, 768px\" \/><\/p><p><img decoding=\"async\" class=\"aligncenter wp-image-39729 size-full\" src=\"https:\/\/www.aarquiteta.com.br\/blog\/wp-content\/uploads\/2022\/01\/como-fazer-sua-sala-de-estar-parecer-maior.jpg\" alt=\"como fazer sua sala de estar parecer maior\" width=\"1024\" height=\"683\" title=\"\" srcset=\"https:\/\/www.aarquiteta.com.br\/blog\/wp-content\/uploads\/2022\/01\/como-fazer-sua-sala-de-estar-parecer-maior.jpg 1024w, https:\/\/www.aarquiteta.com.br\/blog\/wp-content\/uploads\/2022\/01\/como-fazer-sua-sala-de-estar-parecer-maior-696x464.jpg 696w, https:\/\/www.aarquiteta.com.br\/blog\/wp-content\/uploads\/2022\/01\/como-fazer-sua-sala-de-estar-parecer-maior-150x100.jpg 150w\" sizes=\"(max-width: 1024px) 100vw, 1024px\" \/><\/p><p><img decoding=\"async\" class=\"aligncenter wp-image-32230 size-full\" src=\"https:\/\/www.aarquiteta.com.br\/blog\/wp-content\/uploads\/2019\/10\/sala_de_estar_com_dois_puffs_brancos_e_duas_poltronas_cinzas.jpg\" alt=\"\" width=\"1038\" height=\"645\" title=\"\" srcset=\"https:\/\/www.aarquiteta.com.br\/blog\/wp-content\/uploads\/2019\/10\/sala_de_estar_com_dois_puffs_brancos_e_duas_poltronas_cinzas.jpg 1038w, https:\/\/www.aarquiteta.com.br\/blog\/wp-content\/uploads\/2019\/10\/sala_de_estar_com_dois_puffs_brancos_e_duas_poltronas_cinzas-1024x636.jpg 1024w, https:\/\/www.aarquiteta.com.br\/blog\/wp-content\/uploads\/2019\/10\/sala_de_estar_com_dois_puffs_brancos_e_duas_poltronas_cinzas-696x432.jpg 696w, https:\/\/www.aarquiteta.com.br\/blog\/wp-content\/uploads\/2019\/10\/sala_de_estar_com_dois_puffs_brancos_e_duas_poltronas_cinzas-150x93.jpg 150w\" sizes=\"(max-width: 1038px) 100vw, 1038px\" \/><\/p><p><img decoding=\"async\" class=\"aligncenter wp-image-26304 size-full\" src=\"https:\/\/www.aarquiteta.com.br\/blog\/wp-content\/uploads\/2019\/06\/Sala_estar_tons_cinza.jpg\" alt=\"\" width=\"800\" height=\"600\" title=\"\" srcset=\"https:\/\/www.aarquiteta.com.br\/blog\/wp-content\/uploads\/2019\/06\/Sala_estar_tons_cinza.jpg 800w, https:\/\/www.aarquiteta.com.br\/blog\/wp-content\/uploads\/2019\/06\/Sala_estar_tons_cinza-696x522.jpg 696w, https:\/\/www.aarquiteta.com.br\/blog\/wp-content\/uploads\/2019\/06\/Sala_estar_tons_cinza-150x113.jpg 150w\" sizes=\"(max-width: 800px) 100vw, 800px\" \/><\/p><p><img decoding=\"async\" class=\"aligncenter wp-image-26713 size-full\" src=\"https:\/\/www.aarquiteta.com.br\/blog\/wp-content\/uploads\/2019\/07\/sala_de_estar_com_cores_suaves.jpg\" alt=\"\" width=\"600\" height=\"450\" title=\"\" srcset=\"https:\/\/www.aarquiteta.com.br\/blog\/wp-content\/uploads\/2019\/07\/sala_de_estar_com_cores_suaves.jpg 600w, https:\/\/www.aarquiteta.com.br\/blog\/wp-content\/uploads\/2019\/07\/sala_de_estar_com_cores_suaves-150x113.jpg 150w\" sizes=\"(max-width: 600px) 100vw, 600px\" \/><\/p><p><img decoding=\"async\" class=\"aligncenter wp-image-50561 size-full\" src=\"https:\/\/www.aarquiteta.com.br\/blog\/wp-content\/uploads\/2021\/11\/quarto-pequeno.jpg\" alt=\"quarto pequeno\" width=\"700\" height=\"400\" title=\"\" srcset=\"https:\/\/www.aarquiteta.com.br\/blog\/wp-content\/uploads\/2021\/11\/quarto-pequeno.jpg 700w, https:\/\/www.aarquiteta.com.br\/blog\/wp-content\/uploads\/2021\/11\/quarto-pequeno-696x398.jpg 696w, https:\/\/www.aarquiteta.com.br\/blog\/wp-content\/uploads\/2021\/11\/quarto-pequeno-150x86.jpg 150w\" sizes=\"(max-width: 700px) 100vw, 700px\" \/><\/p><p><img decoding=\"async\" class=\"aligncenter wp-image-46554 size-full\" src=\"https:\/\/www.aarquiteta.com.br\/blog\/wp-content\/uploads\/2022\/03\/3-Itens-indispensaveis-para-a-sua-casa.2.jpg\" alt=\"Elas que nos proporcionam o melhor conforto e aconchego em nossas salas e quartos, as almofadas\" width=\"700\" height=\"400\" title=\"\" srcset=\"https:\/\/www.aarquiteta.com.br\/blog\/wp-content\/uploads\/2022\/03\/3-Itens-indispensaveis-para-a-sua-casa.2.jpg 700w, https:\/\/www.aarquiteta.com.br\/blog\/wp-content\/uploads\/2022\/03\/3-Itens-indispensaveis-para-a-sua-casa.2-696x398.jpg 696w, https:\/\/www.aarquiteta.com.br\/blog\/wp-content\/uploads\/2022\/03\/3-Itens-indispensaveis-para-a-sua-casa.2-150x86.jpg 150w\" sizes=\"(max-width: 700px) 100vw, 700px\" \/><\/p><p><img decoding=\"async\" class=\"aligncenter wp-image-43536 size-full\" src=\"https:\/\/www.aarquiteta.com.br\/blog\/wp-content\/uploads\/2022\/02\/Dicas-de-como-decorar-quarto-com-varanda-4.jpg\" alt=\"Dicas de como decorar quarto com varanda\" width=\"700\" height=\"400\" title=\"\" srcset=\"https:\/\/www.aarquiteta.com.br\/blog\/wp-content\/uploads\/2022\/02\/Dicas-de-como-decorar-quarto-com-varanda-4.jpg 700w, https:\/\/www.aarquiteta.com.br\/blog\/wp-content\/uploads\/2022\/02\/Dicas-de-como-decorar-quarto-com-varanda-4-696x398.jpg 696w, https:\/\/www.aarquiteta.com.br\/blog\/wp-content\/uploads\/2022\/02\/Dicas-de-como-decorar-quarto-com-varanda-4-150x86.jpg 150w\" sizes=\"(max-width: 700px) 100vw, 700px\" \/><\/p><p><img decoding=\"async\" class=\"aligncenter wp-image-43538 size-full\" src=\"https:\/\/www.aarquiteta.com.br\/blog\/wp-content\/uploads\/2022\/02\/Dicas-de-como-decorar-quarto-com-varanda-2.jpg\" alt=\"Mesa caf\u00e9 da manh\u00e3\" width=\"700\" height=\"400\" title=\"\" srcset=\"https:\/\/www.aarquiteta.com.br\/blog\/wp-content\/uploads\/2022\/02\/Dicas-de-como-decorar-quarto-com-varanda-2.jpg 700w, https:\/\/www.aarquiteta.com.br\/blog\/wp-content\/uploads\/2022\/02\/Dicas-de-como-decorar-quarto-com-varanda-2-696x398.jpg 696w, https:\/\/www.aarquiteta.com.br\/blog\/wp-content\/uploads\/2022\/02\/Dicas-de-como-decorar-quarto-com-varanda-2-150x86.jpg 150w\" sizes=\"(max-width: 700px) 100vw, 700px\" \/><\/p><p><img decoding=\"async\" class=\"aligncenter wp-image-42628 size-full\" src=\"https:\/\/www.aarquiteta.com.br\/blog\/wp-content\/uploads\/2022\/02\/Dicas-de-moveis-para-quarto-pequeno1.jpg\" alt=\"Dicas de m\u00f3veis para quarto pequeno\" width=\"700\" height=\"400\" title=\"\" srcset=\"https:\/\/www.aarquiteta.com.br\/blog\/wp-content\/uploads\/2022\/02\/Dicas-de-moveis-para-quarto-pequeno1.jpg 700w, https:\/\/www.aarquiteta.com.br\/blog\/wp-content\/uploads\/2022\/02\/Dicas-de-moveis-para-quarto-pequeno1-696x398.jpg 696w, https:\/\/www.aarquiteta.com.br\/blog\/wp-content\/uploads\/2022\/02\/Dicas-de-moveis-para-quarto-pequeno1-150x86.jpg 150w\" sizes=\"(max-width: 700px) 100vw, 700px\" \/><\/p><p><img decoding=\"async\" class=\"aligncenter wp-image-42225 size-full\" src=\"https:\/\/www.aarquiteta.com.br\/blog\/wp-content\/uploads\/2022\/02\/Como-decorar-um-quarto-boho2.jpg\" alt=\"A paleta de cores \u00e9 bem importante\" width=\"700\" height=\"400\" title=\"\" srcset=\"https:\/\/www.aarquiteta.com.br\/blog\/wp-content\/uploads\/2022\/02\/Como-decorar-um-quarto-boho2.jpg 700w, https:\/\/www.aarquiteta.com.br\/blog\/wp-content\/uploads\/2022\/02\/Como-decorar-um-quarto-boho2-696x398.jpg 696w, https:\/\/www.aarquiteta.com.br\/blog\/wp-content\/uploads\/2022\/02\/Como-decorar-um-quarto-boho2-150x86.jpg 150w\" sizes=\"(max-width: 700px) 100vw, 700px\" \/><\/p><p><img decoding=\"async\" class=\"aligncenter wp-image-42226 size-full\" src=\"https:\/\/www.aarquiteta.com.br\/blog\/wp-content\/uploads\/2022\/02\/Como-decorar-um-quarto-boho4.jpg\" alt=\"As estampas fazem parte desse estilo\" width=\"700\" height=\"400\" title=\"\" srcset=\"https:\/\/www.aarquiteta.com.br\/blog\/wp-content\/uploads\/2022\/02\/Como-decorar-um-quarto-boho4.jpg 700w, https:\/\/www.aarquiteta.com.br\/blog\/wp-content\/uploads\/2022\/02\/Como-decorar-um-quarto-boho4-696x398.jpg 696w, https:\/\/www.aarquiteta.com.br\/blog\/wp-content\/uploads\/2022\/02\/Como-decorar-um-quarto-boho4-150x86.jpg 150w\" sizes=\"(max-width: 700px) 100vw, 700px\" \/><\/p><p><img decoding=\"async\" class=\"aligncenter wp-image-41716 size-full\" src=\"https:\/\/www.aarquiteta.com.br\/blog\/wp-content\/uploads\/2022\/01\/decoracao-para-quarto-de-visitas-4.jpg\" alt=\"decora\u00e7\u00e3o para quarto de visitas\" width=\"700\" height=\"400\" title=\"\" srcset=\"https:\/\/www.aarquiteta.com.br\/blog\/wp-content\/uploads\/2022\/01\/decoracao-para-quarto-de-visitas-4.jpg 700w, https:\/\/www.aarquiteta.com.br\/blog\/wp-content\/uploads\/2022\/01\/decoracao-para-quarto-de-visitas-4-696x398.jpg 696w, https:\/\/www.aarquiteta.com.br\/blog\/wp-content\/uploads\/2022\/01\/decoracao-para-quarto-de-visitas-4-150x86.jpg 150w\" sizes=\"(max-width: 700px) 100vw, 700px\" \/><\/p><p><img decoding=\"async\" class=\"aligncenter wp-image-41218 size-full\" src=\"https:\/\/www.aarquiteta.com.br\/blog\/wp-content\/uploads\/2022\/01\/decoracao-de-quarto-feminino2.jpeg\" alt=\"decora\u00e7\u00e3o de quarto feminino\" width=\"700\" height=\"400\" title=\"\" srcset=\"https:\/\/www.aarquiteta.com.br\/blog\/wp-content\/uploads\/2022\/01\/decoracao-de-quarto-feminino2.jpeg 700w, https:\/\/www.aarquiteta.com.br\/blog\/wp-content\/uploads\/2022\/01\/decoracao-de-quarto-feminino2-696x398.jpeg 696w, https:\/\/www.aarquiteta.com.br\/blog\/wp-content\/uploads\/2022\/01\/decoracao-de-quarto-feminino2-150x86.jpeg 150w\" sizes=\"(max-width: 700px) 100vw, 700px\" \/><\/p><p><img decoding=\"async\" class=\"aligncenter wp-image-41219 size-full\" src=\"https:\/\/www.aarquiteta.com.br\/blog\/wp-content\/uploads\/2022\/01\/decoracao-de-quarto-feminino3.jpg\" alt=\"Cores para decora\u00e7\u00e3o de quarto feminino\" width=\"700\" height=\"400\" title=\"\"><\/p><p><img decoding=\"async\" class=\"aligncenter wp-image-41197 size-full\" src=\"https:\/\/www.aarquiteta.com.br\/blog\/wp-content\/uploads\/2022\/01\/Dicas-de-decoracao-quarto-simples2.jpg\" alt=\"Ilumina\u00e7\u00e3o natural e ar fresco na decora\u00e7\u00e3o de quarto simples\" width=\"700\" height=\"400\" title=\"\" srcset=\"https:\/\/www.aarquiteta.com.br\/blog\/wp-content\/uploads\/2022\/01\/Dicas-de-decoracao-quarto-simples2.jpg 700w, https:\/\/www.aarquiteta.com.br\/blog\/wp-content\/uploads\/2022\/01\/Dicas-de-decoracao-quarto-simples2-696x398.jpg 696w, https:\/\/www.aarquiteta.com.br\/blog\/wp-content\/uploads\/2022\/01\/Dicas-de-decoracao-quarto-simples2-150x86.jpg 150w\" sizes=\"(max-width: 700px) 100vw, 700px\" \/><\/p><p><img decoding=\"async\" class=\"aligncenter wp-image-40294 size-full\" src=\"https:\/\/www.aarquiteta.com.br\/blog\/wp-content\/uploads\/2022\/01\/1-12_1.jpg\" alt=\"decorar quarto menina\" width=\"1460\" height=\"834\" title=\"\" srcset=\"https:\/\/www.aarquiteta.com.br\/blog\/wp-content\/uploads\/2022\/01\/1-12_1.jpg 1460w, https:\/\/www.aarquiteta.com.br\/blog\/wp-content\/uploads\/2022\/01\/1-12_1-1024x585.jpg 1024w, https:\/\/www.aarquiteta.com.br\/blog\/wp-content\/uploads\/2022\/01\/1-12_1-696x398.jpg 696w, https:\/\/www.aarquiteta.com.br\/blog\/wp-content\/uploads\/2022\/01\/1-12_1-150x86.jpg 150w\" sizes=\"(max-width: 1460px) 100vw, 1460px\" \/><\/p><p>&nbsp;<\/p><p><img decoding=\"async\" class=\"aligncenter wp-image-39306 size-full\" src=\"https:\/\/www.aarquiteta.com.br\/blog\/wp-content\/uploads\/2021\/12\/Quartos-decorados-de-casal.jpg\" alt=\"Quartos decorados de casal\" width=\"952\" height=\"710\" title=\"\" srcset=\"https:\/\/www.aarquiteta.com.br\/blog\/wp-content\/uploads\/2021\/12\/Quartos-decorados-de-casal.jpg 952w, https:\/\/www.aarquiteta.com.br\/blog\/wp-content\/uploads\/2021\/12\/Quartos-decorados-de-casal-696x519.jpg 696w, https:\/\/www.aarquiteta.com.br\/blog\/wp-content\/uploads\/2021\/12\/Quartos-decorados-de-casal-150x112.jpg 150w\" sizes=\"(max-width: 952px) 100vw, 952px\" \/><\/p><p><img decoding=\"async\" class=\"aligncenter wp-image-36792 size-full\" src=\"https:\/\/www.aarquiteta.com.br\/blog\/wp-content\/uploads\/2021\/11\/6-Types-of-Homeowners-Weve-Seen-\u2013-Which-Are-You_.jpg\" alt=\"quarto pequeno\" width=\"800\" height=\"1200\" title=\"\" srcset=\"https:\/\/www.aarquiteta.com.br\/blog\/wp-content\/uploads\/2021\/11\/6-Types-of-Homeowners-Weve-Seen-\u2013-Which-Are-You_.jpg 800w, https:\/\/www.aarquiteta.com.br\/blog\/wp-content\/uploads\/2021\/11\/6-Types-of-Homeowners-Weve-Seen-\u2013-Which-Are-You_-683x1024.jpg 683w, https:\/\/www.aarquiteta.com.br\/blog\/wp-content\/uploads\/2021\/11\/6-Types-of-Homeowners-Weve-Seen-\u2013-Which-Are-You_-696x1044.jpg 696w, https:\/\/www.aarquiteta.com.br\/blog\/wp-content\/uploads\/2021\/11\/6-Types-of-Homeowners-Weve-Seen-\u2013-Which-Are-You_-150x225.jpg 150w\" sizes=\"(max-width: 800px) 100vw, 800px\" \/><\/p><p><img decoding=\"async\" class=\"aligncenter wp-image-33128 size-full\" src=\"https:\/\/www.aarquiteta.com.br\/blog\/wp-content\/uploads\/2020\/04\/Quarto_de_casal_com_cobertor_cinza_e_amarelo_em_cima_da_cama-2.jpg\" alt=\"\" width=\"722\" height=\"618\" title=\"\" srcset=\"https:\/\/www.aarquiteta.com.br\/blog\/wp-content\/uploads\/2020\/04\/Quarto_de_casal_com_cobertor_cinza_e_amarelo_em_cima_da_cama-2.jpg 722w, https:\/\/www.aarquiteta.com.br\/blog\/wp-content\/uploads\/2020\/04\/Quarto_de_casal_com_cobertor_cinza_e_amarelo_em_cima_da_cama-2-696x596.jpg 696w, https:\/\/www.aarquiteta.com.br\/blog\/wp-content\/uploads\/2020\/04\/Quarto_de_casal_com_cobertor_cinza_e_amarelo_em_cima_da_cama-2-150x128.jpg 150w\" sizes=\"(max-width: 722px) 100vw, 722px\" \/><\/p><p><img decoding=\"async\" class=\"aligncenter wp-image-32737 size-full\" src=\"https:\/\/www.aarquiteta.com.br\/blog\/wp-content\/uploads\/2020\/03\/Quarto_de_casal_branco.jpg\" alt=\"\" width=\"768\" height=\"500\" title=\"\" srcset=\"https:\/\/www.aarquiteta.com.br\/blog\/wp-content\/uploads\/2020\/03\/Quarto_de_casal_branco.jpg 768w, https:\/\/www.aarquiteta.com.br\/blog\/wp-content\/uploads\/2020\/03\/Quarto_de_casal_branco-696x453.jpg 696w, https:\/\/www.aarquiteta.com.br\/blog\/wp-content\/uploads\/2020\/03\/Quarto_de_casal_branco-150x98.jpg 150w\" sizes=\"(max-width: 768px) 100vw, 768px\" \/><\/p><p><img decoding=\"async\" class=\"aligncenter wp-image-31840 size-full\" src=\"https:\/\/www.aarquiteta.com.br\/blog\/wp-content\/uploads\/2019\/10\/quarto_de_casal_com_preteleiras_brancas_com_plantas.jpg\" alt=\"\" width=\"2030\" height=\"1310\" title=\"\" srcset=\"https:\/\/www.aarquiteta.com.br\/blog\/wp-content\/uploads\/2019\/10\/quarto_de_casal_com_preteleiras_brancas_com_plantas.jpg 2030w, https:\/\/www.aarquiteta.com.br\/blog\/wp-content\/uploads\/2019\/10\/quarto_de_casal_com_preteleiras_brancas_com_plantas-1024x661.jpg 1024w, https:\/\/www.aarquiteta.com.br\/blog\/wp-content\/uploads\/2019\/10\/quarto_de_casal_com_preteleiras_brancas_com_plantas-696x449.jpg 696w, https:\/\/www.aarquiteta.com.br\/blog\/wp-content\/uploads\/2019\/10\/quarto_de_casal_com_preteleiras_brancas_com_plantas-150x97.jpg 150w\" sizes=\"(max-width: 2030px) 100vw, 2030px\" \/><\/p><p><img decoding=\"async\" class=\"aligncenter wp-image-31749 size-full\" src=\"https:\/\/www.aarquiteta.com.br\/blog\/wp-content\/uploads\/2019\/10\/quarto_de_casal_com_cama_branca_e_carpete_estampado.jpg\" alt=\"\" width=\"800\" height=\"534\" title=\"\" srcset=\"https:\/\/www.aarquiteta.com.br\/blog\/wp-content\/uploads\/2019\/10\/quarto_de_casal_com_cama_branca_e_carpete_estampado.jpg 800w, https:\/\/www.aarquiteta.com.br\/blog\/wp-content\/uploads\/2019\/10\/quarto_de_casal_com_cama_branca_e_carpete_estampado-696x465.jpg 696w, https:\/\/www.aarquiteta.com.br\/blog\/wp-content\/uploads\/2019\/10\/quarto_de_casal_com_cama_branca_e_carpete_estampado-150x100.jpg 150w\" sizes=\"(max-width: 800px) 100vw, 800px\" \/><\/p><p><img decoding=\"async\" class=\"aligncenter wp-image-31400 size-full\" src=\"https:\/\/www.aarquiteta.com.br\/blog\/wp-content\/uploads\/2019\/09\/quarto_de_casal_com_parede_azul_claro.jpg\" alt=\"\" width=\"800\" height=\"533\" title=\"\" srcset=\"https:\/\/www.aarquiteta.com.br\/blog\/wp-content\/uploads\/2019\/09\/quarto_de_casal_com_parede_azul_claro.jpg 800w, https:\/\/www.aarquiteta.com.br\/blog\/wp-content\/uploads\/2019\/09\/quarto_de_casal_com_parede_azul_claro-696x464.jpg 696w, https:\/\/www.aarquiteta.com.br\/blog\/wp-content\/uploads\/2019\/09\/quarto_de_casal_com_parede_azul_claro-150x100.jpg 150w\" sizes=\"(max-width: 800px) 100vw, 800px\" \/><\/p><h2>E a\u00ed, gostou do artigo sobre Cortina Branca \u2014 Como utilizar na composi\u00e7\u00e3o de ambientes?<\/h2><p>Ent\u00e3o deslize a tela para baixo e<a href=\"https:\/\/br.pinterest.com\/aarquitetapinterest\/_created\/\" target=\"_blank\" rel=\"noopener\"> confira mais dicas<\/a> como esta e n\u00e3o se esque\u00e7a de compartilhar com os amigos!<\/p><p>Quer mais dicas sobre o mundo da arquitetura e decora\u00e7\u00e3o? Ent\u00e3o, confira alguns dos nossos artigos em:<\/p><ul><li><a href=\"https:\/\/www.aarquiteta.com.br\/blog\/paisagismo\/\" target=\"_blank\" rel=\"noopener\">Casa e Jardim<\/a><\/li><li><a href=\"https:\/\/www.aarquiteta.com.br\/blog\/arquitetura\/mundo-arquitetura\/\" target=\"_blank\" rel=\"noopener\">Mundo Arquitetura<\/a><\/li><li><a href=\"https:\/\/www.aarquiteta.com.br\/decoracao\/\" target=\"_blank\" rel=\"noopener\">Decora\u00e7\u00e3o<br \/>\n<\/a><\/li><\/ul>","protected":false},"excerpt":{"rendered":"<p>Cortina Branca &#8211; Como utilizar na composi\u00e7\u00e3o de ambientes?Se voc\u00ea deseja decorar sua casa com cortinas, mas n\u00e3o tem certeza de qual cor ou material usar, veio ao lugar certo.Separamos dicas de modelos de cortina branca para voc\u00ea apostar na sua decora\u00e7\u00e3o.As cortinas brancas s\u00e3o vers\u00e1teis e adequadas para qualquer c\u00f4modo, al\u00e9m de serem f\u00e1ceis [&hellip;]<\/p>\n","protected":false},"author":102,"featured_media":44971,"comment_status":"open","ping_status":"closed","sticky":false,"template":"","format":"standard","meta":{"footnotes":""},"categories":[10005],"tags":[1539,11262,18736],"class_list":["post-40799","post","type-post","status-publish","format-standard","has-post-thumbnail","category-casa-e-jardim","tag-cortina","tag-cortina-branca","tag-decorar-com-cortina-branca"],"_wp_attached_file":null,"_wp_attachment_metadata":null,"_wp_attachment_context":null,"_wp_attachment_is_custom_header":null,"geo_longitude":null,"geo_public":null,"geo_latitude":null,"_publicize_done_external":null,"_wpas_done_3897181":null,"publicize_twitter_user":null,"_wpas_done_3897175":null,"_wpas_skip_3897181":null,"_wpas_skip_3897175":null,"_wpas_skip_3924723":null,"_wpas_mess":null,"_wpas_done_3924723":null,"wps_subtitle":"Buscando inspira\u00e7\u00e3o com cortina branca para decorar? S\u00e3o tantas op\u00e7\u00f5es, por isso, separamos algumas dicas. Confira!","_links":{"self":[{"href":"https:\/\/www.aarquiteta.com.br\/blog\/wp-json\/wp\/v2\/posts\/40799","targetHints":{"allow":["GET"]}}],"collection":[{"href":"https:\/\/www.aarquiteta.com.br\/blog\/wp-json\/wp\/v2\/posts"}],"about":[{"href":"https:\/\/www.aarquiteta.com.br\/blog\/wp-json\/wp\/v2\/types\/post"}],"author":[{"embeddable":true,"href":"https:\/\/www.aarquiteta.com.br\/blog\/wp-json\/wp\/v2\/users\/102"}],"replies":[{"embeddable":true,"href":"https:\/\/www.aarquiteta.com.br\/blog\/wp-json\/wp\/v2\/comments?post=40799"}],"version-history":[{"count":0,"href":"https:\/\/www.aarquiteta.com.br\/blog\/wp-json\/wp\/v2\/posts\/40799\/revisions"}],"wp:featuredmedia":[{"embeddable":true,"href":"https:\/\/www.aarquiteta.com.br\/blog\/wp-json\/wp\/v2\/media\/44971"}],"wp:attachment":[{"href":"https:\/\/www.aarquiteta.com.br\/blog\/wp-json\/wp\/v2\/media?parent=40799"}],"wp:term":[{"taxonomy":"category","embeddable":true,"href":"https:\/\/www.aarquiteta.com.br\/blog\/wp-json\/wp\/v2\/categories?post=40799"},{"taxonomy":"post_tag","embeddable":true,"href":"https:\/\/www.aarquiteta.com.br\/blog\/wp-json\/wp\/v2\/tags?post=40799"}],"curies":[{"name":"wp","href":"https:\/\/api.w.org\/{rel}","templated":true}]}}