{"id":4064,"date":"2022-01-05T20:00:12","date_gmt":"2022-01-05T23:00:12","guid":{"rendered":"http:\/\/aarquiteta.com.br\/?p=4064"},"modified":"2024-09-04T17:32:22","modified_gmt":"2024-09-04T20:32:22","slug":"como-calcular-piso-e-azulejo","status":"publish","type":"post","link":"https:\/\/www.aarquiteta.com.br\/blog\/como-calcular-piso-e-azulejo\/","title":{"rendered":"Piso e Azulejo &#8211; Como calcular a quantidade de material?"},"content":{"rendered":"<p><a href=\"https:\/\/www.aarquiteta.com.br\/blog\/?s=PISO\">Piso<\/a> e Azulejo &#8211; Como calcular a quantidade de material?<\/p><p>Se voc\u00ea est\u00e1 pensando em construir ou reformar e n\u00e3o sabe nada de constru\u00e7\u00e3o?<\/p><p>Descubra como calcular a quantidade de material de <a href=\"https:\/\/www.aarquiteta.com.br\/blog\/?s=PISO\">pisos<\/a> e azulejos do seu projeto e n\u00e3o compre material a mais ou a menos!<\/p><p>Como calcular o consumo de pisos e azulejos \u00e9 uma d\u00favida bastante recorrente no ramo da constru\u00e7\u00e3o civil e neste artigo ensinaremos como realizar este c\u00e1lculo.<\/p><p>Os artigos, c\u00e1lculo<a href=\"https:\/\/www.aarquiteta.com.br\/blog\/engenharia-e-construcao-civil\/como-calcular-tijolos-para-uma-parde-de-alvenaria\/\" target=\"_blank\" rel=\"noopener noreferrer\"><strong>\u00a0de tijolos para uma parede de alvenaria\u00a0<\/strong><\/a>e<strong>\u00a0<a href=\"https:\/\/www.aarquiteta.com.br\/blog\/engenharia-e-construcao-civil\/calculo-para-consumo-de-telhas\/\" target=\"_blank\" rel=\"noopener noreferrer\">Aprenda\u00a0a fazer calculo de consumo de telhas<\/a><\/strong> foram sucesso de audi\u00eancia, por isso resolvi escrever sobre o <strong>c\u00e1lculo de pisos e azulejos <\/strong>tamb\u00e9m.<\/p><p>O assunto desse artigo \u00e9 abordado em uma disciplina chamada Pr\u00e1ticas Profissionais estudada nas faculdades de <a href=\"https:\/\/www.aarquiteta.com.br\/blog\/?s=ARQUITETURA\">arquitetura<\/a> e engenharia civil.<\/p><p>No entanto, se voc\u00ea ficou com d\u00favida durante a aula ou deseja refor\u00e7ar a mem\u00f3ria, neste artigo voc\u00ea ter\u00e1 a possibilidade de revisar o que voc\u00ea aprendeu sobre como calcular o consumo de pisos e azulejos de uma <a href=\"https:\/\/www.aarquiteta.com.br\/blog\/cursos-de-arquitetura-e-decoracao\/curso-de-gerenciamento-de-obras\">obra<\/a>.<\/p><span style=\"font-weight: bold; color: #f00;\">Error, group does not exist! Check your syntax! (ID: 39)<\/span><h2>Consumo de Pisose Azulejo &#8211; <a href=\"https:\/\/www.aarquiteta.com.br\/curso-de-arquitetura\/\" target=\"_blank\" rel=\"noopener\">Como calcular a quantidade de material?<\/a><\/h2><p>Sabemos que hoje em dia existem programas que fazem esse c\u00e1lculo de piso ou azulejo de forma mais direta, mas para voc\u00ea que est\u00e1 entrando agora para o mundo da Arquitetura e precisa aprender na pr\u00e1tica como fazer.<\/p><p>Fique ligado neste artigo, pois na prova n\u00e3o ser\u00e1 poss\u00edvel utilizar de tecnologias para desenvolver o c\u00e1lculo.<\/p><p>Sei que pode parecer \u00f3bvio, mas antes de come\u00e7ar temos duas defini\u00e7\u00f5es importantes a esclarecer:<\/p><p>\u2022 Piso: \u00e9 o material de acabamento que vai para o revestimento no ch\u00e3o;<br \/>\u2022 Azulejo: \u00e9 o material de acabamento que vai para revestimento de <a href=\"https:\/\/www.aarquiteta.com.br\/blog\/?s=PAREDE\">paredes<\/a>.<\/p><p>Para o nosso exemplo, utilizaremos a planta baixa do modelo abaixo, o mesmo utilizado no artigo <a href=\"https:\/\/www.aarquiteta.com.br\/blog\/engenharia-e-construcao-civil\/como-calcular-tijolos-para-uma-parde-de-alvenaria\/\" target=\"_blank\" rel=\"noopener noreferrer\">c\u00e1lculo de tijolos para uma parede de alvenaria<\/a>, pois trabalharemos as mesmas medidas do ambiente e do p\u00e9 direito.<\/p><p>&nbsp;<\/p><figure id=\"attachment_4069\" aria-describedby=\"caption-attachment-4069\" style=\"width: 700px\" class=\"wp-caption aligncenter\"><a href=\"https:\/\/www.aarquiteta.com.br\/blog\/wp-content\/uploads\/2014\/10\/AREAS.jpg\"><img decoding=\"async\" class=\"wp-image-4069\" title=\"Pisos e Azulejos - Como calcular a quantidade de material?\" src=\"https:\/\/www.aarquiteta.com.br\/blog\/wp-content\/uploads\/2014\/10\/AREAS.jpg\" alt=\"Pisos e Azulejos - Como calcular a quantidade de material?\" width=\"700\" height=\"712\" \/><\/a><figcaption id=\"caption-attachment-4069\" class=\"wp-caption-text\">Pisos e Azulejos &#8211; Como calcular a quantidade de material?<\/figcaption><\/figure><p>&nbsp;<\/p><p>Para calcular o piso \u00e9 mais simples!<\/p><p><span style=\"line-height: 1.5;\">Utilizaremos\u00a0o mesmo piso em todo ambiente e azulejo apenas no ambiente do banheiro.<\/span><\/p><p>Usaremos duas medidas diferentes:<\/p><ul><li>Piso: 45x45cm<\/li><li>Azulejo: 30x45cm<\/li><\/ul><figure id=\"attachment_4073\" aria-describedby=\"caption-attachment-4073\" style=\"width: 700px\" class=\"wp-caption aligncenter\"><a href=\"https:\/\/www.aarquiteta.com.br\/blog\/wp-content\/uploads\/2014\/10\/piso-azulejo.jpg\"><img decoding=\"async\" class=\"wp-image-4073\" title=\"Pisos e Azulejos - Como calcular a quantidade de material?\" src=\"https:\/\/www.aarquiteta.com.br\/blog\/wp-content\/uploads\/2014\/10\/piso-azulejo-1024x571.jpg\" alt=\"Pisos e Azulejos - Como calcular a quantidade de material?\" width=\"700\" height=\"396\" \/><\/a><figcaption id=\"caption-attachment-4073\" class=\"wp-caption-text\">Pisos e Azulejos &#8211; Como calcular a quantidade de material?<\/figcaption><\/figure><p>&nbsp;<\/p><h2>C\u00e1lculo de piso e azulejo &#8211; como calcular consumo de pisos e azulejos?<\/h2><p>Calcularemos sem considerar o rejunte.<\/p><span style=\"font-weight: bold; color: #f00;\">Error, group does not exist! Check your syntax! (ID: 3)<\/span><h3>1 \u2014\u00a0C\u00e1lculo de pisos e azulejos &#8211; C\u00e1lculo de pisos:<\/h3><p>Efetuaremos um c\u00e1lculo b\u00e1sico &#8211; lado x lado para sabermos a metragem quadrada de um \u00fanico piso, conforme a quadro a seguir:<\/p><p><a href=\"https:\/\/www.aarquiteta.com.br\/blog\/wp-content\/uploads\/2014\/10\/Area-do-piso.jpg\"><img decoding=\"async\" class=\"aligncenter wp-image-4068\" title=\"Pisos e Azulejos - Como calcular a quantidade de material?\" src=\"https:\/\/www.aarquiteta.com.br\/blog\/wp-content\/uploads\/2014\/10\/Area-do-piso.jpg\" alt=\"Pisos e Azulejos - Como calcular a quantidade de material?\" width=\"412\" height=\"95\" srcset=\"https:\/\/www.aarquiteta.com.br\/blog\/wp-content\/uploads\/2014\/10\/Area-do-piso.jpg 485w, https:\/\/www.aarquiteta.com.br\/blog\/wp-content\/uploads\/2014\/10\/Area-do-piso-150x35.jpg 150w\" sizes=\"(max-width: 412px) 100vw, 412px\" \/><\/a><\/p><p>Sabendo a metragem quadrada da planta, n\u00f3s dividiremos:<\/p><p>24,45m\u00b2 \u00a0por\u00a00,2025.<\/p><p><strong>Aten\u00e7\u00e3o:<\/strong> Certifique-se que esteja utilizando sempre a mesma unidade de medida, ou\u00a0seja,\u00a0tudo em metros ou tudo em cent\u00edmetros, para n\u00e3o incorrer em erros desnecess\u00e1rios, ok?<\/p><p>Lembrando de acrescentar 10% sobre o valor total.<\/p><p><a href=\"https:\/\/www.aarquiteta.com.br\/blog\/wp-content\/uploads\/2015\/12\/quantidade-necessaria-de-pisos.jpg\"><img decoding=\"async\" class=\"aligncenter wp-image-6787 size-full\" title=\"Pisos e Azulejos - Como calcular a quantidade de material?\" src=\"https:\/\/www.aarquiteta.com.br\/blog\/wp-content\/uploads\/2015\/12\/quantidade-necessaria-de-pisos.jpg\" alt=\"Pisos e Azulejos - Como calcular a quantidade de material?\" width=\"483\" height=\"183\" srcset=\"https:\/\/www.aarquiteta.com.br\/blog\/wp-content\/uploads\/2015\/12\/quantidade-necessaria-de-pisos.jpg 483w, https:\/\/www.aarquiteta.com.br\/blog\/wp-content\/uploads\/2015\/12\/quantidade-necessaria-de-pisos-150x57.jpg 150w\" sizes=\"(max-width: 483px) 100vw, 483px\" \/><\/a><\/p><p>Portanto, para, uma \u00e1rea de 24,45m\u00b2 usaremos 133 pisos de 45x45cm.<\/p><h3>2 \u2014\u00a0C\u00e1lculo de pisos e azulejos &#8211;\u00a0C\u00e1lculo de azulejos:<\/h3><p>Para calcular o consumo de azulejos, diferentemente do piso, calculamos a partir da soma das paredes do ambiente multiplicado pela altura do p\u00e9 direito, lembrando que descontamos as aberturas.<\/p><p><a href=\"https:\/\/www.aarquiteta.com.br\/blog\/wp-content\/uploads\/2015\/12\/dimensao-azulejo.jpg\"><img decoding=\"async\" class=\"aligncenter wp-image-6789 size-full\" src=\"https:\/\/www.aarquiteta.com.br\/blog\/wp-content\/uploads\/2015\/12\/dimensao-azulejo.jpg\" alt=\"Dimens\u00e3o do Azulejo\" width=\"484\" height=\"114\" title=\"\" srcset=\"https:\/\/www.aarquiteta.com.br\/blog\/wp-content\/uploads\/2015\/12\/dimensao-azulejo.jpg 484w, https:\/\/www.aarquiteta.com.br\/blog\/wp-content\/uploads\/2015\/12\/dimensao-azulejo-150x35.jpg 150w\" sizes=\"(max-width: 484px) 100vw, 484px\" \/><\/a><\/p><ul><li>Duas paredes 2,30* 2,60*(2) = 11,96<\/li><li>Duas paredes 1,20*2,60*(2) = 6,24<\/li><\/ul><p><a href=\"https:\/\/www.aarquiteta.com.br\/blog\/wp-content\/uploads\/2014\/10\/Area-de-recebe-azulejo.jpg\"><img decoding=\"async\" class=\"aligncenter wp-image-4067\" src=\"https:\/\/www.aarquiteta.com.br\/blog\/wp-content\/uploads\/2014\/10\/Area-de-recebe-azulejo.jpg\" alt=\"Area de recebe azulejo\" width=\"398\" height=\"152\" title=\"\" srcset=\"https:\/\/www.aarquiteta.com.br\/blog\/wp-content\/uploads\/2014\/10\/Area-de-recebe-azulejo.jpg 487w, https:\/\/www.aarquiteta.com.br\/blog\/wp-content\/uploads\/2014\/10\/Area-de-recebe-azulejo-150x57.jpg 150w\" sizes=\"(max-width: 398px) 100vw, 398px\" \/><\/a><\/p><p>Lembrando que nesse ambiente temos duas aberturas.<\/p><ul><li>Janela 0,60 x 0,60cm<\/li><li>Porta 2,10 x 0,70cm<\/li><\/ul><p><a href=\"https:\/\/www.aarquiteta.com.br\/blog\/wp-content\/uploads\/2014\/10\/Aberturas-para-descarte.jpg\"><img decoding=\"async\" class=\"aligncenter wp-image-4066\" src=\"https:\/\/www.aarquiteta.com.br\/blog\/wp-content\/uploads\/2014\/10\/Aberturas-para-descarte.jpg\" alt=\"??????????????\" width=\"401\" height=\"95\" title=\"\" srcset=\"https:\/\/www.aarquiteta.com.br\/blog\/wp-content\/uploads\/2014\/10\/Aberturas-para-descarte.jpg 485w, https:\/\/www.aarquiteta.com.br\/blog\/wp-content\/uploads\/2014\/10\/Aberturas-para-descarte-150x36.jpg 150w\" sizes=\"(max-width: 401px) 100vw, 401px\" \/><\/a><\/p><p><a href=\"https:\/\/www.aarquiteta.com.br\/blog\/wp-content\/uploads\/2014\/10\/Descontando.jpg\"><img decoding=\"async\" class=\"aligncenter wp-image-4071\" src=\"https:\/\/www.aarquiteta.com.br\/blog\/wp-content\/uploads\/2014\/10\/Descontando.jpg\" alt=\"Descontando\" width=\"402\" height=\"95\" title=\"\" srcset=\"https:\/\/www.aarquiteta.com.br\/blog\/wp-content\/uploads\/2014\/10\/Descontando.jpg 485w, https:\/\/www.aarquiteta.com.br\/blog\/wp-content\/uploads\/2014\/10\/Descontando-150x36.jpg 150w\" sizes=\"(max-width: 402px) 100vw, 402px\" \/><\/a><\/p><p>Agora faremos a divis\u00e3o da mesma maneira que foi calculado no piso.<\/p><p>N\u00e3o se assustem, pois o consumo de azulejo sempre \u00e9 maior que o do piso, principalmente pela quantidade de \u00e1rea a ser revestida, ou seja, a parede.<\/p><p><a href=\"https:\/\/www.aarquiteta.com.br\/blog\/wp-content\/uploads\/2014\/10\/Azulejo-total.jpg\"><img decoding=\"async\" class=\"aligncenter wp-image-4070\" src=\"https:\/\/www.aarquiteta.com.br\/blog\/wp-content\/uploads\/2014\/10\/Azulejo-total.jpg\" alt=\"Azulejo total\" width=\"429\" height=\"161\" title=\"\" srcset=\"https:\/\/www.aarquiteta.com.br\/blog\/wp-content\/uploads\/2014\/10\/Azulejo-total.jpg 483w, https:\/\/www.aarquiteta.com.br\/blog\/wp-content\/uploads\/2014\/10\/Azulejo-total-150x56.jpg 150w\" sizes=\"(max-width: 429px) 100vw, 429px\" \/><\/a><\/p><p>Notaram que a quantidade \u00e9 quase igual?<\/p><p>Foi tudo arredondado para mais, para n\u00e3o trabalharmos com os n\u00fameros quebrados.<\/p><p>Sendo assim, na planta usaremos cerca de 133 pisos.<\/p><p>E na parede do ambiente menor, mesmo com os descartes, usaremos cerca de 130 pe\u00e7as de azulejos.<\/p><span style=\"font-weight: bold; color: #f00;\">Error, group does not exist! Check your syntax! (ID: 37)<\/span><p>Esse artigo faz parte do nosso curso gratuito sobre <strong>c\u00e1lculos de or\u00e7amentos para constru\u00e7\u00e3o civil.<\/strong><\/p><p>Para ter acesso aos v\u00eddeos basta <a href=\"https:\/\/www.aarquiteta.com.br\/blog\/inscreva-se-a-arquiteta-os-6-erros-imperdoveis-do-sketchup\/\"><strong>se inscrever<\/strong><\/a><strong> gratuitamente no nosso curso <\/strong>e voc\u00ea receber\u00e1 em seu e-mail as 4 aulas sobre quantitativos.<\/p><p><iframe src=\"https:\/\/www.youtube.com\/embed\/stpDzaHLwNU\" width=\"560\" height=\"315\" frameborder=\"0\" allowfullscreen=\"allowfullscreen\"><\/iframe><\/p><h2>Conte\u00fado Gr\u00e1tis \u2014 C\u00e1lculos de or\u00e7amento para constru\u00e7\u00e3o civil<\/h2><ul><li>1) Calculo consumo de Pisos e Azulejos;<\/li><li>Voc\u00ea receber\u00e1 ainda mais 3 c\u00e1lculos b\u00e1sicos para quem est\u00e1 entrando para o mundo da Arquitetura:<\/li><li>2) Calculando o or\u00e7amento b\u00e1sico de uma obra;<\/li><li>3) Calculo Consumo de Tijolos \/ Blocos + c\u00e1lculo consumo de tijolos com argamassa<\/li><li>4) Calculo Consumo de Telhas).<\/li><li>5) C\u00e1lculo consumo de tintas para pintura externa.<\/li><li>6) C\u00e1lculo consumo de pe\u00e7as para forro de madeira ou pvc.<\/li><\/ul><p>Lembrando que para todos os c\u00e1lculos voc\u00ea receber\u00e1 a planilha .xls para treinar os exerc\u00edcios e aplicar o conhecimento oferecido.<\/p><p>N\u00e3o perca esta oportunidade e aprenda com A Arquiteta o que n\u00e3o foi poss\u00edvel aprender em sala de aula!\u00a0Vejo voc\u00ea nas nossas aulas!<\/p><h3><strong>E a\u00ed, gostou do artigo sobre Piso e Azulejo como calcular a quantidade de material?<\/strong><\/h3><p>Ent\u00e3o deslize a tela para baixo e<a href=\"https:\/\/br.pinterest.com\/aarquitetapinterest\/_created\/\" target=\"_blank\" rel=\"noopener\"> confira mais dicas<\/a> como esta e n\u00e3o se esque\u00e7a de compartilhar com os amigos!<\/p><p>Quer mais dicas sobre o mundo da Arquitetura e Decora\u00e7\u00e3o? Ent\u00e3o decore f\u00e1cil sem mist\u00e9rios, confira alguns dos nossos artigos em:<\/p><ul><li style=\"list-style-type: none;\"><ul><li><a href=\"https:\/\/www.aarquiteta.com.br\/blog\/paisagismo\/\" target=\"_blank\" rel=\"noopener\">Casa e Jardim<\/a><\/li><li><a href=\"https:\/\/www.aarquiteta.com.br\/blog\/arquitetura\/mundo-arquitetura\/\" target=\"_blank\" rel=\"noopener\">Mundo Arquitetura<\/a><\/li><li><a href=\"https:\/\/www.aarquiteta.com.br\/decoracao\/\" target=\"_blank\" rel=\"noopener\">Decora\u00e7\u00e3o<br \/>\n<\/a><\/li><\/ul><\/li><\/ul><p>&nbsp;<\/p>","protected":false},"excerpt":{"rendered":"<p>Piso e Azulejo &#8211; Como calcular a quantidade de material?Se voc\u00ea est\u00e1 pensando em construir ou reformar e n\u00e3o sabe nada de constru\u00e7\u00e3o?Descubra como calcular a quantidade de material de pisos e azulejos do seu projeto e n\u00e3o compre material a mais ou a menos!Como calcular o consumo de pisos e azulejos \u00e9 uma d\u00favida [&hellip;]<\/p>\n","protected":false},"author":102,"featured_media":6786,"comment_status":"open","ping_status":"open","sticky":false,"template":"","format":"standard","meta":{"footnotes":""},"categories":[249],"tags":[20,137,830,622,519,245,832,545,813,965,279,831],"class_list":["post-4064","post","type-post","status-publish","format-standard","has-post-thumbnail","category-engenharia-e-construcao-civil","tag-3d","tag-arquitetura","tag-azulejos","tag-calculo","tag-ceramicas","tag-concreto","tag-consumo","tag-pisos","tag-planilha","tag-projetos-de-prefeitura","tag-sustentabilidade","tag-volume"],"_wp_attached_file":null,"_wp_attachment_metadata":null,"_wp_attachment_context":null,"_wp_attachment_is_custom_header":null,"geo_longitude":null,"geo_public":null,"geo_latitude":null,"_publicize_done_external":null,"_wpas_done_3897181":null,"publicize_twitter_user":null,"_wpas_done_3897175":null,"_wpas_skip_3897181":null,"_wpas_skip_3897175":null,"_wpas_skip_3924723":null,"_wpas_mess":null,"_wpas_done_3924723":null,"wps_subtitle":"Pensando em reformar? N\u00e3o sabe nada de constru\u00e7\u00e3o? Descubra como calcular a quantidade de material de piso e azulejo do seu projeto!","_links":{"self":[{"href":"https:\/\/www.aarquiteta.com.br\/blog\/wp-json\/wp\/v2\/posts\/4064","targetHints":{"allow":["GET"]}}],"collection":[{"href":"https:\/\/www.aarquiteta.com.br\/blog\/wp-json\/wp\/v2\/posts"}],"about":[{"href":"https:\/\/www.aarquiteta.com.br\/blog\/wp-json\/wp\/v2\/types\/post"}],"author":[{"embeddable":true,"href":"https:\/\/www.aarquiteta.com.br\/blog\/wp-json\/wp\/v2\/users\/102"}],"replies":[{"embeddable":true,"href":"https:\/\/www.aarquiteta.com.br\/blog\/wp-json\/wp\/v2\/comments?post=4064"}],"version-history":[{"count":0,"href":"https:\/\/www.aarquiteta.com.br\/blog\/wp-json\/wp\/v2\/posts\/4064\/revisions"}],"wp:featuredmedia":[{"embeddable":true,"href":"https:\/\/www.aarquiteta.com.br\/blog\/wp-json\/wp\/v2\/media\/6786"}],"wp:attachment":[{"href":"https:\/\/www.aarquiteta.com.br\/blog\/wp-json\/wp\/v2\/media?parent=4064"}],"wp:term":[{"taxonomy":"category","embeddable":true,"href":"https:\/\/www.aarquiteta.com.br\/blog\/wp-json\/wp\/v2\/categories?post=4064"},{"taxonomy":"post_tag","embeddable":true,"href":"https:\/\/www.aarquiteta.com.br\/blog\/wp-json\/wp\/v2\/tags?post=4064"}],"curies":[{"name":"wp","href":"https:\/\/api.w.org\/{rel}","templated":true}]}}