{"id":40623,"date":"2023-02-25T20:00:01","date_gmt":"2023-02-25T23:00:01","guid":{"rendered":"http:\/\/aarquiteta.com.br\/?p=40623"},"modified":"2024-07-01T14:13:16","modified_gmt":"2024-07-01T17:13:16","slug":"casa-e-decoracao-como-deixar-sua-casa-mais-leve","status":"publish","type":"post","link":"https:\/\/www.aarquiteta.com.br\/blog\/casa-e-decoracao-como-deixar-sua-casa-mais-leve\/","title":{"rendered":"Casa e Decora\u00e7\u00e3o &#8211; Como deixar sua casa mais leve?"},"content":{"rendered":"<p>Casa e Decora\u00e7\u00e3o &#8211; Como deixar sua casa mais leve?\u00a0Se voc\u00ea quer tornar sua casa mais agrad\u00e1vel e acolhedora, uma das maneiras mais eficazes de faz\u00ea-lo \u00e9 torn\u00e1-la mais leve e arejada.\u00a0Transformar a sua casa em um espa\u00e7o mais leve e acolhedor pode parecer um desafio, mas n\u00e3o precisa ser assim.<\/p>\n<p>Transforme sua casa em um ambiente mais arejado e convidativo com essas 15 dicas simples de casa e decora\u00e7\u00e3o. Com algumas dicas simples de decora\u00e7\u00e3o, \u00e9 poss\u00edvel criar um ambiente mais arejado e convidativo.<\/p>\n<p>Seja por meio da escolha das cores certas, da organiza\u00e7\u00e3o do espa\u00e7o ou da sele\u00e7\u00e3o dos m\u00f3veis adequados, existem diversas maneiras de criar um ambiente mais leve e aconchegante em sua casa. E o melhor de tudo \u00e9 que voc\u00ea pode fazer isso sem precisar de grandes reformas ou investimentos.<\/p>\n<p><img decoding=\"async\" class=\"aligncenter wp-image-43537 size-full\" src=\"https:\/\/www.aarquiteta.com.br\/blog\/wp-content\/uploads\/2022\/02\/Dicas-de-como-decorar-quarto-com-varanda-3.jpg\" alt=\"Como decorar a varanda do quarto com cantinho de descanso\" width=\"700\" height=\"400\" title=\"\" srcset=\"https:\/\/www.aarquiteta.com.br\/blog\/wp-content\/uploads\/2022\/02\/Dicas-de-como-decorar-quarto-com-varanda-3.jpg 700w, https:\/\/www.aarquiteta.com.br\/blog\/wp-content\/uploads\/2022\/02\/Dicas-de-como-decorar-quarto-com-varanda-3-696x398.jpg 696w, https:\/\/www.aarquiteta.com.br\/blog\/wp-content\/uploads\/2022\/02\/Dicas-de-como-decorar-quarto-com-varanda-3-150x86.jpg 150w\" sizes=\"(max-width: 700px) 100vw, 700px\" \/><\/p>\n<p>Neste artigo, compartilharemos algumas dicas valiosas sobre como tornar sua casa mais leve e criar um ambiente mais agrad\u00e1vel e convidativo para voc\u00ea e sua fam\u00edlia.<\/p>\n<p>Aqui, voc\u00ea encontrar\u00e1 dicas valiosas para deixar sua casa mais leve, desde a escolha das cores at\u00e9 o uso de objetos decorativos e plantas.<\/p>\n<p>Voc\u00ea ver\u00e1 que com pequenas mudan\u00e7as \u00e9 poss\u00edvel transformar sua casa em um lugar mais agrad\u00e1vel e confort\u00e1vel para voc\u00ea e sua fam\u00edlia. Acompanhe nossas sugest\u00f5es e comece a transformar sua casa hoje mesmo!<\/p>\n<h2>Casa e Decora\u00e7\u00e3o \u2014 Como deixar sua casa mais leve?<\/h2>\n<h3>1. Comece com uma limpeza completa:<\/h3>\n<figure id=\"attachment_77300\" aria-describedby=\"caption-attachment-77300\" style=\"width: 1200px\" class=\"wp-caption alignnone\"><img decoding=\"async\" class=\"size-full wp-image-77300\" src=\"https:\/\/www.aarquiteta.com.br\/blog\/wp-content\/uploads\/2023\/03\/decoracao-de-casa-leve-3.jpg\" alt=\"decoracao de casa leve\" width=\"1200\" height=\"800\" title=\"\" srcset=\"https:\/\/www.aarquiteta.com.br\/blog\/wp-content\/uploads\/2023\/03\/decoracao-de-casa-leve-3.jpg 1200w, https:\/\/www.aarquiteta.com.br\/blog\/wp-content\/uploads\/2023\/03\/decoracao-de-casa-leve-3-1024x683.jpg 1024w, https:\/\/www.aarquiteta.com.br\/blog\/wp-content\/uploads\/2023\/03\/decoracao-de-casa-leve-3-696x464.jpg 696w, https:\/\/www.aarquiteta.com.br\/blog\/wp-content\/uploads\/2023\/03\/decoracao-de-casa-leve-3-150x100.jpg 150w\" sizes=\"(max-width: 1200px) 100vw, 1200px\" \/><figcaption id=\"caption-attachment-77300\" class=\"wp-caption-text\">Foto: Canva.com<\/figcaption><\/figure>\n<p>Antes de come\u00e7ar a redecorar sua casa, comece fazendo uma limpeza completa. Remova tudo o que \u00e9 desnecess\u00e1rio, incluindo m\u00f3veis antigos, tapetes e objetos decorativos que n\u00e3o contribuem para o estilo geral da sua casa. Isso ir\u00e1 ajud\u00e1-lo a criar um ambiente mais aberto e arejado.<\/p>\n<h3>2. Escolha as cores certas:<\/h3>\n<figure id=\"attachment_77301\" aria-describedby=\"caption-attachment-77301\" style=\"width: 1200px\" class=\"wp-caption alignnone\"><img decoding=\"async\" class=\"size-full wp-image-77301\" src=\"https:\/\/www.aarquiteta.com.br\/blog\/wp-content\/uploads\/2023\/03\/decoracao-de-casa-leve-2.jpg\" alt=\"decoracao de casa leve\" width=\"1200\" height=\"800\" title=\"\" srcset=\"https:\/\/www.aarquiteta.com.br\/blog\/wp-content\/uploads\/2023\/03\/decoracao-de-casa-leve-2.jpg 1200w, https:\/\/www.aarquiteta.com.br\/blog\/wp-content\/uploads\/2023\/03\/decoracao-de-casa-leve-2-1024x683.jpg 1024w, https:\/\/www.aarquiteta.com.br\/blog\/wp-content\/uploads\/2023\/03\/decoracao-de-casa-leve-2-696x464.jpg 696w, https:\/\/www.aarquiteta.com.br\/blog\/wp-content\/uploads\/2023\/03\/decoracao-de-casa-leve-2-150x100.jpg 150w\" sizes=\"(max-width: 1200px) 100vw, 1200px\" \/><figcaption id=\"caption-attachment-77301\" class=\"wp-caption-text\">Foto: Canva.com<\/figcaption><\/figure>\n<p>Ao escolher as cores para a sua casa, d\u00ea prefer\u00eancia \u00e0s cores claras e neutras, como branco, bege e cinza. Essas cores ajudam a refletir a luz natural e a tornar sua casa mais iluminada e arejada. Use tons mais escuros para destacar determinadas \u00e1reas e objetos.<\/p>\n<h3>3. Use espelhos:<\/h3>\n<p>Os espelhos s\u00e3o \u00f3timos para criar a ilus\u00e3o de espa\u00e7o em ambientes menores e para refletir a luz natural. Coloque espelhos em \u00e1reas estrat\u00e9gicas da sua casa, como em uma parede oposta a uma janela ou em um corredor estreito.<\/p>\n<h3>4. Escolha os m\u00f3veis certos:<\/h3>\n<p><img decoding=\"async\" class=\"aligncenter wp-image-43538 size-full\" src=\"https:\/\/www.aarquiteta.com.br\/blog\/wp-content\/uploads\/2022\/02\/Dicas-de-como-decorar-quarto-com-varanda-2.jpg\" alt=\"Mesa caf\u00e9 da manh\u00e3\" width=\"700\" height=\"400\" title=\"\" srcset=\"https:\/\/www.aarquiteta.com.br\/blog\/wp-content\/uploads\/2022\/02\/Dicas-de-como-decorar-quarto-com-varanda-2.jpg 700w, https:\/\/www.aarquiteta.com.br\/blog\/wp-content\/uploads\/2022\/02\/Dicas-de-como-decorar-quarto-com-varanda-2-696x398.jpg 696w, https:\/\/www.aarquiteta.com.br\/blog\/wp-content\/uploads\/2022\/02\/Dicas-de-como-decorar-quarto-com-varanda-2-150x86.jpg 150w\" sizes=\"(max-width: 700px) 100vw, 700px\" \/><\/p>\n<p>Ao escolher os m\u00f3veis para a sua casa, opte por pe\u00e7as que sejam leves e que n\u00e3o ocupem muito espa\u00e7o. M\u00f3veis com pernas finas ou sem bra\u00e7os s\u00e3o \u00f3timos para criar a ilus\u00e3o de espa\u00e7o. Se voc\u00ea tem m\u00f3veis mais pesados, como um sof\u00e1 de couro, equilibre-os com m\u00f3veis mais leves, como cadeiras de tecido ou mesas de vidro.<\/p>\n<h3>5. Use cortinas leves:<\/h3>\n<figure id=\"attachment_77303\" aria-describedby=\"caption-attachment-77303\" style=\"width: 1200px\" class=\"wp-caption alignnone\"><img decoding=\"async\" class=\"size-full wp-image-77303\" src=\"https:\/\/www.aarquiteta.com.br\/blog\/wp-content\/uploads\/2023\/03\/decoracao-de-casa-leve.jpg\" alt=\"decoracao de casa leve\" width=\"1200\" height=\"800\" title=\"\" srcset=\"https:\/\/www.aarquiteta.com.br\/blog\/wp-content\/uploads\/2023\/03\/decoracao-de-casa-leve.jpg 1200w, https:\/\/www.aarquiteta.com.br\/blog\/wp-content\/uploads\/2023\/03\/decoracao-de-casa-leve-1024x683.jpg 1024w, https:\/\/www.aarquiteta.com.br\/blog\/wp-content\/uploads\/2023\/03\/decoracao-de-casa-leve-696x464.jpg 696w, https:\/\/www.aarquiteta.com.br\/blog\/wp-content\/uploads\/2023\/03\/decoracao-de-casa-leve-150x100.jpg 150w\" sizes=\"(max-width: 1200px) 100vw, 1200px\" \/><figcaption id=\"caption-attachment-77303\" class=\"wp-caption-text\">Foto: Canva.com<\/figcaption><\/figure>\n<p>Cortinas pesadas podem fazer uma sala parecer escura e claustrof\u00f3bica. Escolha cortinas leves que permitam a entrada de luz natural.<\/p>\n<p>Se voc\u00ea quer mais privacidade, escolha cortinas que possam ser facilmente abertas e fechadas.<\/p>\n<h3>6. Adicione plantas:<\/h3>\n<figure id=\"attachment_42867\" aria-describedby=\"caption-attachment-42867\" style=\"width: 700px\" class=\"wp-caption alignnone\"><img decoding=\"async\" class=\"size-full wp-image-42867\" src=\"https:\/\/www.aarquiteta.com.br\/blog\/wp-content\/uploads\/2022\/02\/Decoracao-Minimalista-Aplique-o-minimalismo-quente-no-seu-projeto.jpg\" alt=\"Decora\u00e7\u00e3o Minimalista - Aplique o minimalismo quente no seu projeto!\" width=\"700\" height=\"400\" title=\"\" srcset=\"https:\/\/www.aarquiteta.com.br\/blog\/wp-content\/uploads\/2022\/02\/Decoracao-Minimalista-Aplique-o-minimalismo-quente-no-seu-projeto.jpg 700w, https:\/\/www.aarquiteta.com.br\/blog\/wp-content\/uploads\/2022\/02\/Decoracao-Minimalista-Aplique-o-minimalismo-quente-no-seu-projeto-696x398.jpg 696w, https:\/\/www.aarquiteta.com.br\/blog\/wp-content\/uploads\/2022\/02\/Decoracao-Minimalista-Aplique-o-minimalismo-quente-no-seu-projeto-150x86.jpg 150w\" sizes=\"(max-width: 700px) 100vw, 700px\" \/><figcaption id=\"caption-attachment-42867\" class=\"wp-caption-text\">Decora\u00e7\u00e3o Minimalista &#8211; Aplique o minimalismo quente no seu projeto!<\/figcaption><\/figure>\n<p>As plantas s\u00e3o \u00f3timas para adicionar um toque natural \u00e0 sua casa e para purificar o ar. Escolha plantas que se adaptem ao seu ambiente, como samambaias, cactos e suculentas.<\/p>\n<p>Coloque-as em locais estrat\u00e9gicos, como em uma janela ou em uma prateleira.<\/p>\n<h3>7. Ilumine sua casa:<\/h3>\n<p><img decoding=\"async\" class=\"wp-image-43732 size-full\" src=\"https:\/\/www.aarquiteta.com.br\/blog\/wp-content\/uploads\/2022\/01\/decoracao-para-quarto-de-visitas-4-1.jpg\" alt=\"Quarto de h\u00f3spedes - 6 Dicas de como decorar!\" width=\"700\" height=\"400\" title=\"\" srcset=\"https:\/\/www.aarquiteta.com.br\/blog\/wp-content\/uploads\/2022\/01\/decoracao-para-quarto-de-visitas-4-1.jpg 700w, https:\/\/www.aarquiteta.com.br\/blog\/wp-content\/uploads\/2022\/01\/decoracao-para-quarto-de-visitas-4-1-696x398.jpg 696w, https:\/\/www.aarquiteta.com.br\/blog\/wp-content\/uploads\/2022\/01\/decoracao-para-quarto-de-visitas-4-1-150x86.jpg 150w\" sizes=\"(max-width: 700px) 100vw, 700px\" \/><\/p>\n<p>A ilumina\u00e7\u00e3o \u00e9 um fator importante para criar um ambiente leve e agrad\u00e1vel. Use luzes suaves e difusas para iluminar sua casa. Evite luzes brilhantes ou fluorescentes, que podem criar uma atmosfera desagrad\u00e1vel.<\/p>\n<h3>8. Mantenha sua casa organizada:<\/h3>\n<p><img decoding=\"async\" class=\"aligncenter wp-image-41724 size-full\" src=\"https:\/\/www.aarquiteta.com.br\/blog\/wp-content\/uploads\/2022\/01\/decoracao-para-quarto-de-visitas-3.jpg\" alt=\"decora\u00e7\u00e3o para quarto de visitas\" width=\"768\" height=\"512\" title=\"\" srcset=\"https:\/\/www.aarquiteta.com.br\/blog\/wp-content\/uploads\/2022\/01\/decoracao-para-quarto-de-visitas-3.jpg 768w, https:\/\/www.aarquiteta.com.br\/blog\/wp-content\/uploads\/2022\/01\/decoracao-para-quarto-de-visitas-3-696x464.jpg 696w, https:\/\/www.aarquiteta.com.br\/blog\/wp-content\/uploads\/2022\/01\/decoracao-para-quarto-de-visitas-3-150x100.jpg 150w\" sizes=\"(max-width: 768px) 100vw, 768px\" \/><\/p>\n<p>Uma casa desorganizada pode fazer com que pare\u00e7a menor e mais opressiva.<\/p>\n<p>Certifique-se de manter sua casa organizada e livre de desordem. Use caixas e prateleiras para armazenar itens que n\u00e3o s\u00e3o usados com frequ\u00eancia.<\/p>\n<div class=\"group w-full text-gray-800 dark:text-gray-100 border-b border-black\/10 dark:border-gray-900\/50 bg-gray-50 dark:bg-[#444654]\">\n<div class=\"text-base gap-4 md:gap-6 md:max-w-2xl lg:max-w-2xl xl:max-w-3xl p-4 md:py-6 flex lg:px-0 m-auto\">\n<div class=\"relative flex w-[calc(100%-50px)] flex-col gap-1 md:gap-3 lg:w-[calc(100%-115px)]\">\n<div class=\"flex flex-grow flex-col gap-3\">\n<div class=\"min-h-[20px] flex flex-col items-start gap-4 whitespace-pre-wrap\">\n<div class=\"markdown prose w-full break-words dark:prose-invert dark\">\n<h3>9. Escolha tecidos leves:<\/h3>\n<\/div>\n<p><img decoding=\"async\" class=\"aligncenter wp-image-41608 size-full\" src=\"https:\/\/www.aarquiteta.com.br\/blog\/wp-content\/uploads\/2022\/01\/como-organizar-um-quarto-pequeno.jpg\" alt=\"como organizar um quarto pequeno\" width=\"700\" height=\"400\" title=\"\" srcset=\"https:\/\/www.aarquiteta.com.br\/blog\/wp-content\/uploads\/2022\/01\/como-organizar-um-quarto-pequeno.jpg 700w, https:\/\/www.aarquiteta.com.br\/blog\/wp-content\/uploads\/2022\/01\/como-organizar-um-quarto-pequeno-696x398.jpg 696w, https:\/\/www.aarquiteta.com.br\/blog\/wp-content\/uploads\/2022\/01\/como-organizar-um-quarto-pequeno-150x86.jpg 150w\" sizes=\"(max-width: 700px) 100vw, 700px\" \/><\/p>\n<div class=\"markdown prose w-full break-words dark:prose-invert dark\">\n<p>Escolher tecidos leves pode fazer uma grande diferen\u00e7a na sensa\u00e7\u00e3o geral de uma casa. Quando usamos tecidos pesados e opacos em nossos m\u00f3veis e cortinas, podemos fazer com que a casa pare\u00e7a escura, abafada e at\u00e9 claustrof\u00f3bica.<\/p>\n<p>Ao escolher tecidos leves, como algod\u00e3o, linho ou seda, podemos permitir que a luz natural entre em nossos espa\u00e7os, criando uma atmosfera mais iluminada e arejada.<\/p>\n<p><span style=\"color: #111111; font-family: Roboto, sans-serif; font-size: 22px;\">10. Use objetos de decora\u00e7\u00e3o minimalistas:<\/span><\/p>\n<p><img decoding=\"async\" class=\"aligncenter wp-image-43126 size-full\" src=\"https:\/\/www.aarquiteta.com.br\/blog\/wp-content\/uploads\/2022\/02\/quarto-cama-flutuante.jpg\" alt=\"\" width=\"800\" height=\"533\" title=\"\" srcset=\"https:\/\/www.aarquiteta.com.br\/blog\/wp-content\/uploads\/2022\/02\/quarto-cama-flutuante.jpg 800w, https:\/\/www.aarquiteta.com.br\/blog\/wp-content\/uploads\/2022\/02\/quarto-cama-flutuante-696x464.jpg 696w, https:\/\/www.aarquiteta.com.br\/blog\/wp-content\/uploads\/2022\/02\/quarto-cama-flutuante-150x100.jpg 150w\" sizes=\"(max-width: 800px) 100vw, 800px\" \/><\/p>\n<\/div>\n<\/div>\n<\/div>\n<\/div>\n<\/div>\n<\/div>\n<div class=\"group w-full text-gray-800 dark:text-gray-100 border-b border-black\/10 dark:border-gray-900\/50 bg-gray-50 dark:bg-[#444654]\">\n<div class=\"text-base gap-4 md:gap-6 md:max-w-2xl lg:max-w-2xl xl:max-w-3xl p-4 md:py-6 flex lg:px-0 m-auto\">\n<div class=\"relative flex w-[calc(100%-50px)] flex-col gap-1 md:gap-3 lg:w-[calc(100%-115px)]\">\n<div class=\"flex flex-grow flex-col gap-3\">\n<div class=\"min-h-[20px] flex flex-col items-start gap-4 whitespace-pre-wrap\">\n<div class=\"markdown prose w-full break-words dark:prose-invert dark\">\n<p>Objetos de decora\u00e7\u00e3o minimalistas ajudam a manter um ambiente limpo e arejado.<\/p>\n<p>Evite objetos de decora\u00e7\u00e3o pesados ou excessivamente ornamentados que sobrecarreguem o espa\u00e7o. Opte por pe\u00e7as simples e elegantes.<\/p>\n<h3>11. Organize os espa\u00e7os abertos:<\/h3>\n<p><img decoding=\"async\" class=\"alignnone size-full wp-image-42872\" src=\"https:\/\/www.aarquiteta.com.br\/blog\/wp-content\/uploads\/2022\/02\/minimalismo-frio.jpg\" alt=\"\" width=\"768\" height=\"512\" title=\"\" srcset=\"https:\/\/www.aarquiteta.com.br\/blog\/wp-content\/uploads\/2022\/02\/minimalismo-frio.jpg 768w, https:\/\/www.aarquiteta.com.br\/blog\/wp-content\/uploads\/2022\/02\/minimalismo-frio-696x464.jpg 696w, https:\/\/www.aarquiteta.com.br\/blog\/wp-content\/uploads\/2022\/02\/minimalismo-frio-150x100.jpg 150w\" sizes=\"(max-width: 768px) 100vw, 768px\" \/><\/p>\n<p>Se voc\u00ea tem um espa\u00e7o aberto em sua casa, como uma sala de estar combinada com uma sala de jantar, organize-o de maneira estrat\u00e9gica.<\/p>\n<p>Use tapetes e m\u00f3veis para criar \u00e1reas distintas para diferentes atividades, como assistir TV e jantar.<\/p>\n<h3>12. Use estantes abertas:<\/h3>\n<p><img decoding=\"async\" class=\"alignnone size-full wp-image-40410\" src=\"https:\/\/www.aarquiteta.com.br\/blog\/wp-content\/uploads\/2022\/01\/1-12_6-1.jpg\" alt=\"Estante de madeira para livros\" width=\"701\" height=\"400\" title=\"\" srcset=\"https:\/\/www.aarquiteta.com.br\/blog\/wp-content\/uploads\/2022\/01\/1-12_6-1.jpg 701w, https:\/\/www.aarquiteta.com.br\/blog\/wp-content\/uploads\/2022\/01\/1-12_6-1-696x397.jpg 696w, https:\/\/www.aarquiteta.com.br\/blog\/wp-content\/uploads\/2022\/01\/1-12_6-1-150x86.jpg 150w\" sizes=\"(max-width: 701px) 100vw, 701px\" \/><\/p>\n<p>Estantes abertas s\u00e3o \u00f3timas para criar um ambiente leve e agrad\u00e1vel. Use estantes abertas para exibir objetos de decora\u00e7\u00e3o e livros. Certifique-se de que a estante esteja organizada e n\u00e3o sobrecarregada.<\/p>\n<h3>13. Mantenha a simplicidade:<\/h3>\n<p><img decoding=\"async\" class=\"aligncenter wp-image-50890 size-full\" style=\"font-weight: bold; background-color: transparent; color: #767676;\" src=\"https:\/\/www.aarquiteta.com.br\/blog\/wp-content\/uploads\/2022\/04\/renovar-a-decoracao-de-sala.jpg\" alt=\"Renove a Decora\u00e7\u00e3o da sua Sala Gastando Pouco!\" width=\"1200\" height=\"800\" title=\"\" srcset=\"https:\/\/www.aarquiteta.com.br\/blog\/wp-content\/uploads\/2022\/04\/renovar-a-decoracao-de-sala.jpg 1200w, https:\/\/www.aarquiteta.com.br\/blog\/wp-content\/uploads\/2022\/04\/renovar-a-decoracao-de-sala-1024x683.jpg 1024w, https:\/\/www.aarquiteta.com.br\/blog\/wp-content\/uploads\/2022\/04\/renovar-a-decoracao-de-sala-696x464.jpg 696w, https:\/\/www.aarquiteta.com.br\/blog\/wp-content\/uploads\/2022\/04\/renovar-a-decoracao-de-sala-150x100.jpg 150w\" sizes=\"(max-width: 1200px) 100vw, 1200px\" \/><\/p>\n<p>Mantenha a simplicidade em mente ao decorar sua casa. Evite exagerar nas cores ou nas pe\u00e7as de decora\u00e7\u00e3o. Opte por uma abordagem minimalista e deixe a luz natural ser a estrela do show.<\/p>\n<h3>14. Use cortinas verticais:<\/h3>\n<p><img decoding=\"async\" class=\"aligncenter wp-image-41725 size-full\" src=\"https:\/\/www.aarquiteta.com.br\/blog\/wp-content\/uploads\/2022\/01\/decoracao-para-quarto-de-visitas-5.jpg\" alt=\"decora\u00e7\u00e3o para quarto de visitas\" width=\"768\" height=\"512\" title=\"\" srcset=\"https:\/\/www.aarquiteta.com.br\/blog\/wp-content\/uploads\/2022\/01\/decoracao-para-quarto-de-visitas-5.jpg 768w, https:\/\/www.aarquiteta.com.br\/blog\/wp-content\/uploads\/2022\/01\/decoracao-para-quarto-de-visitas-5-696x464.jpg 696w, https:\/\/www.aarquiteta.com.br\/blog\/wp-content\/uploads\/2022\/01\/decoracao-para-quarto-de-visitas-5-150x100.jpg 150w\" sizes=\"(max-width: 768px) 100vw, 768px\" \/><\/p>\n<p>Cortinas verticais s\u00e3o \u00f3timas para criar uma sensa\u00e7\u00e3o de altura em uma sala. Escolha cortinas verticais em tons claros e neutros para iluminar sua casa.<\/p>\n<h3>15. Adicione toques pessoais:<\/h3>\n<p>Por fim, adicione toques pessoais \u00e0 sua decora\u00e7\u00e3o para tornar sua casa mais aconchegante e acolhedora. Use fotografias, objetos de arte e outros itens pessoais para criar um ambiente que reflita sua personalidade e estilo.<\/p>\n<h2>Conclus\u00e3o:<\/h2>\n<p>Tornar sua casa mais leve pode parecer uma tarefa dif\u00edcil, mas com as dicas certas, \u00e9 poss\u00edvel criar um ambiente acolhedor e convidativo.<\/p>\n<p>Comece fazendo uma limpeza completa, escolhendo as cores certas, usando espelhos e cortinas leves, adicionando plantas e iluminando sua casa. Mantenha a simplicidade em mente e adicione toques pessoais para tornar sua casa verdadeiramente sua.<\/p>\n<h2>Perguntas Frequentes sobre: Casa e Decora\u00e7\u00e3o:<\/h2>\n<h3>Posso usar cores escuras na decora\u00e7\u00e3o da minha casa?<\/h3>\n<p>Sim, \u00e9 poss\u00edvel usar cores escuras na decora\u00e7\u00e3o da sua casa. No entanto, \u00e9 importante equilibr\u00e1-las com cores mais claras e neutras para evitar que o ambiente fique opressivo.<\/p>\n<h3>Como escolher a ilumina\u00e7\u00e3o certa para minha casa?<\/h3>\n<p>Escolha luzes suaves e difusas para iluminar sua casa. Evite luzes brilhantes ou fluorescentes, que podem criar uma atmosfera desagrad\u00e1vel.<\/p>\n<h3>Posso usar cortinas pesadas na minha casa?<\/h3>\n<p>Cortinas pesadas podem fazer uma sala parecer escura e claustrof\u00f3bica. Opte por cortinas leves que permitam a entrada de luz natural.<\/p>\n<h3>Como escolher as plantas certas para minha casa?<\/h3>\n<p>Escolha plantas que se adaptem ao seu ambiente, como samambaias, cactos e suculentas. Certifique-se de coloc\u00e1-las em locais estrat\u00e9gicos para melhorar a ilumina\u00e7\u00e3o e a circula\u00e7\u00e3o de ar.<\/p>\n<h3>Como posso adicionar toques pessoais \u00e0 minha decora\u00e7\u00e3o?<\/h3>\n<p>Use objetos pessoais, como fotografias, objetos de arte e lembran\u00e7as de viagem, para adicionar toques pessoais \u00e0 sua decora\u00e7\u00e3o. Isso ajudar\u00e1 a tornar sua casa mais acolhedora e refletir sua personalidade e estilo.<\/p>\n<\/div>\n<\/div>\n<\/div>\n<\/div>\n<\/div>\n<\/div>\n<div class=\"group w-full text-gray-800 dark:text-gray-100 border-b border-black\/10 dark:border-gray-900\/50 bg-gray-50 dark:bg-[#444654]\">\n<div class=\"text-base gap-4 md:gap-6 md:max-w-2xl lg:max-w-2xl xl:max-w-3xl p-4 md:py-6 flex lg:px-0 m-auto\">\n<div class=\"relative flex w-[calc(100%-50px)] flex-col gap-1 md:gap-3 lg:w-[calc(100%-115px)]\">\n<div class=\"flex flex-grow flex-col gap-3\">\n<div class=\"min-h-[20px] flex flex-col items-start gap-4 whitespace-pre-wrap\">\n<div class=\"markdown prose w-full break-words dark:prose-invert dark\">\n<h3>Como criar a ilus\u00e3o de espa\u00e7o em ambientes menores?<\/h3>\n<p>Use espelhos e m\u00f3veis com pernas finas ou sem bra\u00e7os para criar a ilus\u00e3o de espa\u00e7o em ambientes menores. Al\u00e9m disso, mantenha sua casa organizada e livre de desordem para evitar que o espa\u00e7o pare\u00e7a menor do que \u00e9.<\/p>\n<h3>Como manter uma estante aberta organizada?<\/h3>\n<p>Mantenha uma estante aberta organizada exibindo objetos de decora\u00e7\u00e3o e livros de maneira estrat\u00e9gica. Certifique-se de que a estante n\u00e3o esteja sobrecarregada e use prateleiras e caixas para armazenar itens que n\u00e3o s\u00e3o usados com frequ\u00eancia.<\/p>\n<h3>Como escolher m\u00f3veis para tornar minha casa mais leve?<\/h3>\n<p>Opte por m\u00f3veis leves, como pe\u00e7as com pernas finas ou sem bra\u00e7os. Equilibre m\u00f3veis mais pesados, como um sof\u00e1 de couro, com m\u00f3veis mais leves, como cadeiras de tecido ou mesas de vidro.<\/p>\n<h3>Como escolher as cores certas para minha casa?<\/h3>\n<p>Escolha cores claras e neutras, como branco, bege e cinza, para refletir a luz natural e criar um ambiente mais iluminado e arejado. Use tons mais escuros para destacar \u00e1reas espec\u00edficas e objetos.<\/p>\n<h3>Como manter uma casa arejada?<\/h3>\n<\/div>\n<div class=\"markdown prose w-full break-words dark:prose-invert dark\">\n<p>Mantenha sua casa arejada abrindo janelas e portas sempre que poss\u00edvel. Use ventiladores ou aparelhos de ar-condicionado para melhorar a circula\u00e7\u00e3o de ar em dias quentes.<\/p>\n<p>Com essas dicas, voc\u00ea pode criar um ambiente mais leve e arejado em sua casa. Lembre-se de manter a simplicidade em mente, adicionar toques pessoais e equilibrar cores e m\u00f3veis para tornar sua casa mais aconchegante e convidativa.<\/p>\n<\/div>\n<\/div>\n<\/div>\n<\/div>\n<\/div>\n<\/div>\n","protected":false},"excerpt":{"rendered":"<p>Casa e Decora\u00e7\u00e3o &#8211; Como deixar sua casa mais leve?\u00a0Se voc\u00ea quer tornar sua casa mais agrad\u00e1vel e acolhedora, uma das maneiras mais eficazes de faz\u00ea-lo \u00e9 torn\u00e1-la mais leve e arejada.\u00a0Transformar a sua casa em um espa\u00e7o mais leve e acolhedor pode parecer um desafio, mas n\u00e3o precisa ser assim. Transforme sua casa em [&hellip;]<\/p>\n","protected":false},"author":102,"featured_media":40626,"comment_status":"closed","ping_status":"closed","sticky":false,"template":"","format":"standard","meta":{"footnotes":""},"categories":[10005,19106],"tags":[1326,11167,11166,1249,2168,26672,28020,336,1028,1470,1577,28021,5425,2133,476,4428,28023,1252,1329,28019,3792,28022,2579,415,4513,1985,279,1228],"class_list":["post-40623","post","type-post","status-publish","format-standard","has-post-thumbnail","category-casa-e-jardim","category-organizacao-e-armazenamento","tag-casa","tag-casa-leve","tag-como-deixar-sua-casa-mais-leve","tag-conforto","tag-cores","tag-cores-claras","tag-cortinas-leves","tag-decoracao","tag-design-de-interiores","tag-espacos-abertos","tag-espelhos","tag-estantes-abertas","tag-estilo","tag-funcionalidade","tag-iluminacao","tag-leveza","tag-limpeza-completa","tag-minimalismo","tag-moveis","tag-moveis-leves","tag-objetos-decorativos","tag-objetos-pessoais","tag-organizacao","tag-plantas","tag-praticidade","tag-renovacao","tag-sustentabilidade","tag-tendencias"],"_wp_attached_file":null,"_wp_attachment_metadata":null,"_wp_attachment_context":null,"_wp_attachment_is_custom_header":null,"geo_longitude":null,"geo_public":null,"geo_latitude":null,"_publicize_done_external":null,"_wpas_done_3897181":null,"publicize_twitter_user":null,"_wpas_done_3897175":null,"_wpas_skip_3897181":null,"_wpas_skip_3897175":null,"_wpas_skip_3924723":null,"_wpas_mess":null,"_wpas_done_3924723":null,"wps_subtitle":"Transforme sua casa em um ambiente mais arejado e convidativo com essas 15 dicas simples de decora\u00e7\u00e3o.","_links":{"self":[{"href":"https:\/\/www.aarquiteta.com.br\/blog\/wp-json\/wp\/v2\/posts\/40623","targetHints":{"allow":["GET"]}}],"collection":[{"href":"https:\/\/www.aarquiteta.com.br\/blog\/wp-json\/wp\/v2\/posts"}],"about":[{"href":"https:\/\/www.aarquiteta.com.br\/blog\/wp-json\/wp\/v2\/types\/post"}],"author":[{"embeddable":true,"href":"https:\/\/www.aarquiteta.com.br\/blog\/wp-json\/wp\/v2\/users\/102"}],"replies":[{"embeddable":true,"href":"https:\/\/www.aarquiteta.com.br\/blog\/wp-json\/wp\/v2\/comments?post=40623"}],"version-history":[{"count":0,"href":"https:\/\/www.aarquiteta.com.br\/blog\/wp-json\/wp\/v2\/posts\/40623\/revisions"}],"wp:featuredmedia":[{"embeddable":true,"href":"https:\/\/www.aarquiteta.com.br\/blog\/wp-json\/wp\/v2\/media\/40626"}],"wp:attachment":[{"href":"https:\/\/www.aarquiteta.com.br\/blog\/wp-json\/wp\/v2\/media?parent=40623"}],"wp:term":[{"taxonomy":"category","embeddable":true,"href":"https:\/\/www.aarquiteta.com.br\/blog\/wp-json\/wp\/v2\/categories?post=40623"},{"taxonomy":"post_tag","embeddable":true,"href":"https:\/\/www.aarquiteta.com.br\/blog\/wp-json\/wp\/v2\/tags?post=40623"}],"curies":[{"name":"wp","href":"https:\/\/api.w.org\/{rel}","templated":true}]}}