{"id":40618,"date":"2023-03-01T12:00:44","date_gmt":"2023-03-01T15:00:44","guid":{"rendered":"http:\/\/aarquiteta.com.br\/?p=40618"},"modified":"2023-07-18T13:10:40","modified_gmt":"2023-07-18T16:10:40","slug":"como-decorar-banheiro-preto-e-branco","status":"publish","type":"post","link":"https:\/\/www.aarquiteta.com.br\/blog\/como-decorar-banheiro-preto-e-branco\/","title":{"rendered":"3 dicas para decorar um banheiro preto e branco!"},"content":{"rendered":"<p>3 dicas para decorar banheiro preto e branco! Transforme o seu banheiro em um ambiente sofisticado e elegante com essas dicas de decora\u00e7\u00e3o em preto e branco. Descubra como criar um espa\u00e7o moderno e harmonioso.<\/p>\n<p>Se voc\u00ea est\u00e1 procurando uma maneira elegante e sofisticada de decorar seu banheiro, uma das melhores op\u00e7\u00f5es \u00e9 adotar uma paleta de cores preto e branco. Essa combina\u00e7\u00e3o cl\u00e1ssica pode criar um ambiente chique, moderno e atemporal, mas \u00e9 importante saber como us\u00e1-la corretamente para obter o m\u00e1ximo de impacto.<\/p>\n<p>Neste artigo, exploraremos algumas dicas e truques sobre como decorar um banheiro preto e branco.<\/p>\n<p>Desde a escolha dos materiais at\u00e9 a ilumina\u00e7\u00e3o e os acess\u00f3rios, proponho cobrirmos tudo o que voc\u00ea precisa saber para transformar seu banheiro em um espa\u00e7o elegante e convidativo.<\/p>\n<h2>Banheiro preto e branco \u2014 3 dicas de como decorar!<\/h2>\n<figure id=\"attachment_77439\" aria-describedby=\"caption-attachment-77439\" style=\"width: 1200px\" class=\"wp-caption alignnone\"><img decoding=\"async\" class=\"size-full wp-image-77439\" src=\"https:\/\/www.aarquiteta.com.br\/blog\/wp-content\/uploads\/2023\/04\/banheiro-preto-e-branco-10.jpg\" alt=\"3 dicas para decorar Banheiro preto e branco!\" width=\"1200\" height=\"800\" title=\"\" srcset=\"https:\/\/www.aarquiteta.com.br\/blog\/wp-content\/uploads\/2023\/04\/banheiro-preto-e-branco-10.jpg 1200w, https:\/\/www.aarquiteta.com.br\/blog\/wp-content\/uploads\/2023\/04\/banheiro-preto-e-branco-10-1024x683.jpg 1024w, https:\/\/www.aarquiteta.com.br\/blog\/wp-content\/uploads\/2023\/04\/banheiro-preto-e-branco-10-696x464.jpg 696w, https:\/\/www.aarquiteta.com.br\/blog\/wp-content\/uploads\/2023\/04\/banheiro-preto-e-branco-10-150x100.jpg 150w\" sizes=\"(max-width: 1200px) 100vw, 1200px\" \/><figcaption id=\"caption-attachment-77439\" class=\"wp-caption-text\">Foto: Canva.com<\/figcaption><\/figure>\n<h3>1 \u2014 Escolhendo os Materiais Certos:<\/h3>\n<p>Quando se trata de decorar um banheiro preto e branco, a escolha dos materiais \u00e9 fundamental.<\/p>\n<p>Para obter o m\u00e1ximo impacto, voc\u00ea deve procurar materiais que tenham texturas interessantes e que ofere\u00e7am um contraste n\u00edtido entre o preto e o branco.<\/p>\n<p>Aqui est\u00e3o alguns exemplos de materiais que voc\u00ea pode usar:<\/p>\n<h4>Azulejos:<\/h4>\n<figure id=\"attachment_77444\" aria-describedby=\"caption-attachment-77444\" style=\"width: 1200px\" class=\"wp-caption alignnone\"><img decoding=\"async\" class=\"size-full wp-image-77444\" src=\"https:\/\/www.aarquiteta.com.br\/blog\/wp-content\/uploads\/2023\/04\/banheiro-preto-e-branco-3.jpg\" alt=\"3 dicas para decorar Banheiro preto e branco!\" width=\"1200\" height=\"800\" title=\"\" srcset=\"https:\/\/www.aarquiteta.com.br\/blog\/wp-content\/uploads\/2023\/04\/banheiro-preto-e-branco-3.jpg 1200w, https:\/\/www.aarquiteta.com.br\/blog\/wp-content\/uploads\/2023\/04\/banheiro-preto-e-branco-3-1024x683.jpg 1024w, https:\/\/www.aarquiteta.com.br\/blog\/wp-content\/uploads\/2023\/04\/banheiro-preto-e-branco-3-696x464.jpg 696w, https:\/\/www.aarquiteta.com.br\/blog\/wp-content\/uploads\/2023\/04\/banheiro-preto-e-branco-3-150x100.jpg 150w\" sizes=\"(max-width: 1200px) 100vw, 1200px\" \/><figcaption id=\"caption-attachment-77444\" class=\"wp-caption-text\">Foto: Canva.com<\/figcaption><\/figure>\n<p>Os azulejos s\u00e3o uma escolha popular para banheiros, sendo ideais para uma decora\u00e7\u00e3o preta e branca.<\/p>\n<p>Voc\u00ea pode optar por azulejos brancos com acabamento brilhante ou mate, ou pode escolher azulejos pretos para criar um efeito dram\u00e1tico.<\/p>\n<p>Se quiser adicionar um pouco de textura, voc\u00ea pode optar por azulejos com padr\u00f5es geom\u00e9tricos ou florais em preto e branco.<\/p>\n<h4>M\u00e1rmores e Granitos:<\/h4>\n<figure id=\"attachment_77445\" aria-describedby=\"caption-attachment-77445\" style=\"width: 1200px\" class=\"wp-caption alignnone\"><img decoding=\"async\" class=\"size-full wp-image-77445\" src=\"https:\/\/www.aarquiteta.com.br\/blog\/wp-content\/uploads\/2023\/04\/banheiro-preto-e-branco-2.jpg\" alt=\"3 dicas para decorar Banheiro preto e branco!\" width=\"1200\" height=\"800\" title=\"\" srcset=\"https:\/\/www.aarquiteta.com.br\/blog\/wp-content\/uploads\/2023\/04\/banheiro-preto-e-branco-2.jpg 1200w, https:\/\/www.aarquiteta.com.br\/blog\/wp-content\/uploads\/2023\/04\/banheiro-preto-e-branco-2-1024x683.jpg 1024w, https:\/\/www.aarquiteta.com.br\/blog\/wp-content\/uploads\/2023\/04\/banheiro-preto-e-branco-2-696x464.jpg 696w, https:\/\/www.aarquiteta.com.br\/blog\/wp-content\/uploads\/2023\/04\/banheiro-preto-e-branco-2-150x100.jpg 150w\" sizes=\"(max-width: 1200px) 100vw, 1200px\" \/><figcaption id=\"caption-attachment-77445\" class=\"wp-caption-text\">Foto: Canva.com<\/figcaption><\/figure>\n<p>Se voc\u00ea quer uma op\u00e7\u00e3o mais sofisticada, o m\u00e1rmore ou granito preto e branco pode ser uma boa escolha.<\/p>\n<p>Esses materiais oferecem uma textura interessante e adicionam um toque de luxo ao seu banheiro. Al\u00e9m disso, eles s\u00e3o dur\u00e1veis e f\u00e1ceis de limpar.<\/p>\n<h4>Piso de Mosaico:<\/h4>\n<figure id=\"attachment_77441\" aria-describedby=\"caption-attachment-77441\" style=\"width: 1200px\" class=\"wp-caption alignnone\"><img decoding=\"async\" class=\"size-full wp-image-77441\" src=\"https:\/\/www.aarquiteta.com.br\/blog\/wp-content\/uploads\/2023\/04\/banheiro-preto-e-branco-7.jpg\" alt=\"3 dicas para decorar Banheiro preto e branco!\" width=\"1200\" height=\"800\" title=\"\" srcset=\"https:\/\/www.aarquiteta.com.br\/blog\/wp-content\/uploads\/2023\/04\/banheiro-preto-e-branco-7.jpg 1200w, https:\/\/www.aarquiteta.com.br\/blog\/wp-content\/uploads\/2023\/04\/banheiro-preto-e-branco-7-1024x683.jpg 1024w, https:\/\/www.aarquiteta.com.br\/blog\/wp-content\/uploads\/2023\/04\/banheiro-preto-e-branco-7-696x464.jpg 696w, https:\/\/www.aarquiteta.com.br\/blog\/wp-content\/uploads\/2023\/04\/banheiro-preto-e-branco-7-150x100.jpg 150w\" sizes=\"(max-width: 1200px) 100vw, 1200px\" \/><figcaption id=\"caption-attachment-77441\" class=\"wp-caption-text\">Foto: Canva.com<\/figcaption><\/figure>\n<p>Um piso de mosaico preto e branco pode ser uma op\u00e7\u00e3o elegante para o seu banheiro.<\/p>\n<p>Voc\u00ea pode escolher um padr\u00e3o geom\u00e9trico ou floral para adicionar um pouco de textura e criar um efeito visual interessante.<\/p>\n<h4>Ilumina\u00e7\u00e3o Adequada:<\/h4>\n<p>A ilumina\u00e7\u00e3o \u00e9 uma parte importante da decora\u00e7\u00e3o do banheiro, e \u00e9 ainda mais importante quando se trata de um banheiro preto e branco.<\/p>\n<p>Para evitar que o ambiente pare\u00e7a sombrio e pouco convidativo, \u00e9 importante escolher uma ilumina\u00e7\u00e3o adequada.<\/p>\n<h4>Ilumina\u00e7\u00e3o Geral:<\/h4>\n<figure id=\"attachment_77437\" aria-describedby=\"caption-attachment-77437\" style=\"width: 1200px\" class=\"wp-caption alignnone\"><img decoding=\"async\" class=\"size-full wp-image-77437\" src=\"https:\/\/www.aarquiteta.com.br\/blog\/wp-content\/uploads\/2023\/04\/banheiro-preto-e-branco-12.jpg\" alt=\"\" width=\"1200\" height=\"800\" title=\"\" srcset=\"https:\/\/www.aarquiteta.com.br\/blog\/wp-content\/uploads\/2023\/04\/banheiro-preto-e-branco-12.jpg 1200w, https:\/\/www.aarquiteta.com.br\/blog\/wp-content\/uploads\/2023\/04\/banheiro-preto-e-branco-12-1024x683.jpg 1024w, https:\/\/www.aarquiteta.com.br\/blog\/wp-content\/uploads\/2023\/04\/banheiro-preto-e-branco-12-696x464.jpg 696w, https:\/\/www.aarquiteta.com.br\/blog\/wp-content\/uploads\/2023\/04\/banheiro-preto-e-branco-12-150x100.jpg 150w\" sizes=\"(max-width: 1200px) 100vw, 1200px\" \/><figcaption id=\"caption-attachment-77437\" class=\"wp-caption-text\">Foto: Canva.com<\/figcaption><\/figure>\n<p>A ilumina\u00e7\u00e3o geral deve ser brilhante e uniforme, para que todo o ambiente seja bem iluminado.<\/p>\n<p>Voc\u00ea pode escolher l\u00e2mpadas LED ou fluorescentes para obter uma ilumina\u00e7\u00e3o adequada, mas tamb\u00e9m pode optar por lumin\u00e1rias com um design mais sofisticado para adicionar um toque de estilo ao seu banheiro.<\/p>\n<h4>Ilumina\u00e7\u00e3o de Destaque:<\/h4>\n<figure id=\"attachment_77438\" aria-describedby=\"caption-attachment-77438\" style=\"width: 1200px\" class=\"wp-caption alignnone\"><img decoding=\"async\" class=\"size-full wp-image-77438\" src=\"https:\/\/www.aarquiteta.com.br\/blog\/wp-content\/uploads\/2023\/04\/banheiro-preto-e-branco-11.jpg\" alt=\"3 dicas para decorar Banheiro preto e branco!\" width=\"1200\" height=\"800\" title=\"\" srcset=\"https:\/\/www.aarquiteta.com.br\/blog\/wp-content\/uploads\/2023\/04\/banheiro-preto-e-branco-11.jpg 1200w, https:\/\/www.aarquiteta.com.br\/blog\/wp-content\/uploads\/2023\/04\/banheiro-preto-e-branco-11-1024x683.jpg 1024w, https:\/\/www.aarquiteta.com.br\/blog\/wp-content\/uploads\/2023\/04\/banheiro-preto-e-branco-11-696x464.jpg 696w, https:\/\/www.aarquiteta.com.br\/blog\/wp-content\/uploads\/2023\/04\/banheiro-preto-e-branco-11-150x100.jpg 150w\" sizes=\"(max-width: 1200px) 100vw, 1200px\" \/><figcaption id=\"caption-attachment-77438\" class=\"wp-caption-text\">Foto: Canva.com<\/figcaption><\/figure>\n<p>A ilumina\u00e7\u00e3o de destaque \u00e9 uma op\u00e7\u00e3o interessante para criar um efeito dram\u00e1tico no banheiro.<\/p>\n<p>Voc\u00ea pode optar por iluminar uma parede com azulejos pretos, por exemplo, para criar um contraste com o resto do ambiente.<\/p>\n<h3>2 \u2014 Escolhendo os Acess\u00f3rios:<\/h3>\n<figure id=\"attachment_77442\" aria-describedby=\"caption-attachment-77442\" style=\"width: 1200px\" class=\"wp-caption alignnone\"><img decoding=\"async\" class=\"size-full wp-image-77442\" src=\"https:\/\/www.aarquiteta.com.br\/blog\/wp-content\/uploads\/2023\/04\/banheiro-preto-e-branco-5.jpg\" alt=\"3 dicas para decorar Banheiro preto e branco!\" width=\"1200\" height=\"800\" title=\"\" srcset=\"https:\/\/www.aarquiteta.com.br\/blog\/wp-content\/uploads\/2023\/04\/banheiro-preto-e-branco-5.jpg 1200w, https:\/\/www.aarquiteta.com.br\/blog\/wp-content\/uploads\/2023\/04\/banheiro-preto-e-branco-5-1024x683.jpg 1024w, https:\/\/www.aarquiteta.com.br\/blog\/wp-content\/uploads\/2023\/04\/banheiro-preto-e-branco-5-696x464.jpg 696w, https:\/\/www.aarquiteta.com.br\/blog\/wp-content\/uploads\/2023\/04\/banheiro-preto-e-branco-5-150x100.jpg 150w\" sizes=\"(max-width: 1200px) 100vw, 1200px\" \/><figcaption id=\"caption-attachment-77442\" class=\"wp-caption-text\">Foto: Canva.com<\/figcaption><\/figure>\n<p>Os acess\u00f3rios s\u00e3o uma parte importante da decora\u00e7\u00e3o do banheiro, e isso n\u00e3o difere quando se trata de um banheiro preto e branco.<\/p>\n<p>Aqui est\u00e3o algumas dicas sobre como escolher os acess\u00f3rios certos para complementar a paleta de cores do seu banheiro:<\/p>\n<h4>Toalhas:<\/h4>\n<p>As toalhas s\u00e3o um dos acess\u00f3rios mais importantes do banheiro, e quando se trata de um banheiro preto e branco, elas podem ajudar a adicionar um toque de cor ao ambiente.<\/p>\n<p>Voc\u00ea pode escolher toalhas brancas com detalhes pretos, ou vice-versa, para adicionar um pouco de contraste ao seu banheiro.<\/p>\n<h4>Tapetes:<\/h4>\n<p>Um tapete de banheiro \u00e9 uma op\u00e7\u00e3o interessante para adicionar um pouco de textura ao ambiente.<\/p>\n<p>Voc\u00ea pode optar por um tapete preto e branco com um padr\u00e3o geom\u00e9trico ou floral para adicionar um pouco de estilo ao seu banheiro.<\/p>\n<h4>Dispensadores de Sabonete:<\/h4>\n<p>Os dispensadores de sabonete podem ser uma oportunidade interessante para adicionar um pouco de estilo ao seu banheiro preto e branco.<\/p>\n<p>Voc\u00ea pode escolher um dispensador preto com uma etiqueta branca, ou vice-versa, para adicionar um pouco de contraste e estilo ao seu banheiro.<\/p>\n<h3>3 \u2014 Pintando as Paredes:<\/h3>\n<figure id=\"attachment_77440\" aria-describedby=\"caption-attachment-77440\" style=\"width: 1200px\" class=\"wp-caption alignnone\"><img decoding=\"async\" class=\"size-full wp-image-77440\" src=\"https:\/\/www.aarquiteta.com.br\/blog\/wp-content\/uploads\/2023\/04\/banheiro-preto-e-branco-8.jpg\" alt=\"3 dicas para decorar Banheiro preto e branco!\" width=\"1200\" height=\"800\" title=\"\" srcset=\"https:\/\/www.aarquiteta.com.br\/blog\/wp-content\/uploads\/2023\/04\/banheiro-preto-e-branco-8.jpg 1200w, https:\/\/www.aarquiteta.com.br\/blog\/wp-content\/uploads\/2023\/04\/banheiro-preto-e-branco-8-1024x683.jpg 1024w, https:\/\/www.aarquiteta.com.br\/blog\/wp-content\/uploads\/2023\/04\/banheiro-preto-e-branco-8-696x464.jpg 696w, https:\/\/www.aarquiteta.com.br\/blog\/wp-content\/uploads\/2023\/04\/banheiro-preto-e-branco-8-150x100.jpg 150w\" sizes=\"(max-width: 1200px) 100vw, 1200px\" \/><figcaption id=\"caption-attachment-77440\" class=\"wp-caption-text\">Foto: Canva.com<\/figcaption><\/figure>\n<p>Se voc\u00ea n\u00e3o quer optar por azulejos no banheiro, outra op\u00e7\u00e3o \u00e9 pintar as paredes com tinta preta ou branca.<\/p>\n<p>Isso pode ajudar a criar um efeito dram\u00e1tico no banheiro e \u00e9 uma op\u00e7\u00e3o econ\u00f4mica para transformar o ambiente.<\/p>\n<h4>Adicionando Toques de Cor:<\/h4>\n<figure id=\"attachment_77446\" aria-describedby=\"caption-attachment-77446\" style=\"width: 1200px\" class=\"wp-caption alignnone\"><img decoding=\"async\" class=\"size-full wp-image-77446\" src=\"https:\/\/www.aarquiteta.com.br\/blog\/wp-content\/uploads\/2023\/04\/banheiro-preto-e-branco-1.jpg\" alt=\"3 dicas para decorar Banheiro preto e branco!\" width=\"1200\" height=\"800\" title=\"\" srcset=\"https:\/\/www.aarquiteta.com.br\/blog\/wp-content\/uploads\/2023\/04\/banheiro-preto-e-branco-1.jpg 1200w, https:\/\/www.aarquiteta.com.br\/blog\/wp-content\/uploads\/2023\/04\/banheiro-preto-e-branco-1-1024x683.jpg 1024w, https:\/\/www.aarquiteta.com.br\/blog\/wp-content\/uploads\/2023\/04\/banheiro-preto-e-branco-1-696x464.jpg 696w, https:\/\/www.aarquiteta.com.br\/blog\/wp-content\/uploads\/2023\/04\/banheiro-preto-e-branco-1-150x100.jpg 150w\" sizes=\"(max-width: 1200px) 100vw, 1200px\" \/><figcaption id=\"caption-attachment-77446\" class=\"wp-caption-text\">Foto: Canva.com<\/figcaption><\/figure>\n<p>Embora a decora\u00e7\u00e3o preta e branca seja sofisticada e elegante, adicionar toques de cor pode ajudar a criar um ambiente mais convidativo.<\/p>\n<p>Voc\u00ea pode optar por adicionar algumas plantas ou flores coloridas, ou escolher acess\u00f3rios em tons mais suaves, como azul ou rosa-claro.<\/p>\n<h2>Conclus\u00e3o:<\/h2>\n<figure id=\"attachment_77443\" aria-describedby=\"caption-attachment-77443\" style=\"width: 1200px\" class=\"wp-caption alignnone\"><img decoding=\"async\" class=\"size-full wp-image-77443\" src=\"https:\/\/www.aarquiteta.com.br\/blog\/wp-content\/uploads\/2023\/04\/banheiro-preto-e-branco-4.jpg\" alt=\"3 dicas para decorar Banheiro preto e branco!\" width=\"1200\" height=\"800\" title=\"\" srcset=\"https:\/\/www.aarquiteta.com.br\/blog\/wp-content\/uploads\/2023\/04\/banheiro-preto-e-branco-4.jpg 1200w, https:\/\/www.aarquiteta.com.br\/blog\/wp-content\/uploads\/2023\/04\/banheiro-preto-e-branco-4-1024x683.jpg 1024w, https:\/\/www.aarquiteta.com.br\/blog\/wp-content\/uploads\/2023\/04\/banheiro-preto-e-branco-4-696x464.jpg 696w, https:\/\/www.aarquiteta.com.br\/blog\/wp-content\/uploads\/2023\/04\/banheiro-preto-e-branco-4-150x100.jpg 150w\" sizes=\"(max-width: 1200px) 100vw, 1200px\" \/><figcaption id=\"caption-attachment-77443\" class=\"wp-caption-text\">Foto: Canva.com<\/figcaption><\/figure>\n<p>Decorar um banheiro preto e branco pode ser uma op\u00e7\u00e3o elegante e sofisticada para transformar o ambiente em um espa\u00e7o convidativo e moderno.<\/p>\n<p>Escolher os materiais certos, ilumina\u00e7\u00e3o adequada e acess\u00f3rios que complementam a paleta de cores pode ajudar a criar um ambiente chique e atemporal.<\/p>\n<p>Al\u00e9m disso, adicionar toques de cor pode ajudar a tornar o ambiente ainda mais agrad\u00e1vel.<\/p>\n<p>Com essas dicas, voc\u00ea pode criar um banheiro preto e branco que se tornar\u00e1 um destaque em sua casa.<\/p>\n<h2>Perguntas Frequentes sobre Banheiro Preto e Branco:<\/h2>\n<h3>\u00c9 dif\u00edcil manter um banheiro preto e branco limpo?<\/h3>\n<p>R: N\u00e3o necessariamente. Com a limpeza adequada e os produtos certos, manter um banheiro preto e branco limpo n\u00e3o difere de manter qualquer outro banheiro limpo.<\/p>\n<h3>Qual \u00e9 o melhor tipo de azulejo para um banheiro preto e branco?<\/h3>\n<p>R: Isso depende do seu gosto pessoal e estilo de decora\u00e7\u00e3o. Voc\u00ea pode optar por azulejos lisos, com textura ou com padr\u00f5es geom\u00e9tricos, ou florais.<\/p>\n<h3>Posso usar outras cores al\u00e9m do preto e branco em um banheiro preto e branco?<\/h3>\n<p>R: Sim, voc\u00ea pode adicionar toques de cor para tornar o ambiente mais agrad\u00e1vel. Apenas tenha cuidado para n\u00e3o exagerar e comprometer a eleg\u00e2ncia da decora\u00e7\u00e3o preta e branca.<\/p>\n<h3>Devo usar ilumina\u00e7\u00e3o fria ou quente em um banheiro preto e branco?<\/h3>\n<p>R: A ilumina\u00e7\u00e3o fria \u00e9 ideal para um banheiro preto e branco por ajudar a real\u00e7ar o contraste entre as duas cores e cria um ambiente mais moderno e sofisticado.<\/p>\n<h3>Posso usar espelhos em um banheiro preto e branco?<\/h3>\n<p>R: Sim, os espelhos s\u00e3o uma \u00f3tima op\u00e7\u00e3o para um banheiro preto e branco por ajudarem a criar a sensa\u00e7\u00e3o de um espa\u00e7o mais amplo e iluminado. Voc\u00ea pode optar por um espelho com moldura preta ou branca, dependendo da sua prefer\u00eancia.<\/p>\n<h3>Banheiro preto e branco \u2014 3 dicas de como decorar!<\/h3>\n<p>Confira mais imagens de projeto de banheiro e inspire-se!<\/p>\n<p><img decoding=\"async\" class=\"wp-image-55863 size-full\" title=\"Banheiro preto e branco - 3 dicas de como decorar!\" src=\"https:\/\/www.aarquiteta.com.br\/blog\/wp-content\/uploads\/2022\/05\/banheiro-preto-e-branco.jpg\" alt=\"Banheiro preto e branco - 3 dicas de como decorar!\" width=\"1200\" height=\"800\" srcset=\"https:\/\/www.aarquiteta.com.br\/blog\/wp-content\/uploads\/2022\/05\/banheiro-preto-e-branco.jpg 1200w, https:\/\/www.aarquiteta.com.br\/blog\/wp-content\/uploads\/2022\/05\/banheiro-preto-e-branco-1024x683.jpg 1024w, https:\/\/www.aarquiteta.com.br\/blog\/wp-content\/uploads\/2022\/05\/banheiro-preto-e-branco-696x464.jpg 696w, https:\/\/www.aarquiteta.com.br\/blog\/wp-content\/uploads\/2022\/05\/banheiro-preto-e-branco-150x100.jpg 150w\" sizes=\"(max-width: 1200px) 100vw, 1200px\" \/><\/p>\n<p><img decoding=\"async\" class=\"alignnone wp-image-40620 size-full\" title=\"Banheiro preto e branco - 3 dicas de como decorar!\" src=\"https:\/\/www.aarquiteta.com.br\/blog\/wp-content\/uploads\/2022\/01\/Como-decorar-banheiro-preto-e-branco01.jpg\" alt=\"Banheiro preto e branco - 3 dicas de como decorar!\" width=\"1459\" height=\"834\" srcset=\"https:\/\/www.aarquiteta.com.br\/blog\/wp-content\/uploads\/2022\/01\/Como-decorar-banheiro-preto-e-branco01.jpg 1459w, https:\/\/www.aarquiteta.com.br\/blog\/wp-content\/uploads\/2022\/01\/Como-decorar-banheiro-preto-e-branco01-1024x585.jpg 1024w, https:\/\/www.aarquiteta.com.br\/blog\/wp-content\/uploads\/2022\/01\/Como-decorar-banheiro-preto-e-branco01-696x398.jpg 696w, https:\/\/www.aarquiteta.com.br\/blog\/wp-content\/uploads\/2022\/01\/Como-decorar-banheiro-preto-e-branco01-150x86.jpg 150w\" sizes=\"(max-width: 1459px) 100vw, 1459px\" \/><\/p>\n<p><img decoding=\"async\" class=\"aligncenter wp-image-42851 size-full\" title=\"Banheiro preto e branco - 3 dicas de como decorar!\" src=\"https:\/\/www.aarquiteta.com.br\/blog\/wp-content\/uploads\/2022\/02\/Dicas-de-decoracao-de-banheiro-com-azulejos2.jpg\" alt=\"Banheiro preto e branco - 3 dicas de como decorar!\" width=\"700\" height=\"400\" srcset=\"https:\/\/www.aarquiteta.com.br\/blog\/wp-content\/uploads\/2022\/02\/Dicas-de-decoracao-de-banheiro-com-azulejos2.jpg 700w, https:\/\/www.aarquiteta.com.br\/blog\/wp-content\/uploads\/2022\/02\/Dicas-de-decoracao-de-banheiro-com-azulejos2-696x398.jpg 696w, https:\/\/www.aarquiteta.com.br\/blog\/wp-content\/uploads\/2022\/02\/Dicas-de-decoracao-de-banheiro-com-azulejos2-150x86.jpg 150w\" sizes=\"(max-width: 700px) 100vw, 700px\" \/><\/p>\n<p><img decoding=\"async\" class=\"aligncenter wp-image-40621 size-full\" title=\"Banheiro preto e branco - 3 dicas de como decorar!\" src=\"https:\/\/www.aarquiteta.com.br\/blog\/wp-content\/uploads\/2022\/01\/Como-decorar-banheiro-preto-e-branco02.jpg\" alt=\"Banheiro preto e branco - 3 dicas de como decorar!\" width=\"1459\" height=\"834\" srcset=\"https:\/\/www.aarquiteta.com.br\/blog\/wp-content\/uploads\/2022\/01\/Como-decorar-banheiro-preto-e-branco02.jpg 1459w, https:\/\/www.aarquiteta.com.br\/blog\/wp-content\/uploads\/2022\/01\/Como-decorar-banheiro-preto-e-branco02-1024x585.jpg 1024w, https:\/\/www.aarquiteta.com.br\/blog\/wp-content\/uploads\/2022\/01\/Como-decorar-banheiro-preto-e-branco02-696x398.jpg 696w, https:\/\/www.aarquiteta.com.br\/blog\/wp-content\/uploads\/2022\/01\/Como-decorar-banheiro-preto-e-branco02-150x86.jpg 150w\" sizes=\"(max-width: 1459px) 100vw, 1459px\" \/><\/p>\n<p><img decoding=\"async\" class=\"aligncenter wp-image-54883 size-full\" title=\"Banheiro preto e branco - 3 dicas de como decorar!\" src=\"https:\/\/www.aarquiteta.com.br\/blog\/wp-content\/uploads\/2022\/05\/organizar-banheiro-11.jpg\" alt=\"Banheiro preto e branco - 3 dicas de como decorar!\" width=\"736\" height=\"920\" srcset=\"https:\/\/www.aarquiteta.com.br\/blog\/wp-content\/uploads\/2022\/05\/organizar-banheiro-11.jpg 736w, https:\/\/www.aarquiteta.com.br\/blog\/wp-content\/uploads\/2022\/05\/organizar-banheiro-11-696x870.jpg 696w, https:\/\/www.aarquiteta.com.br\/blog\/wp-content\/uploads\/2022\/05\/organizar-banheiro-11-150x188.jpg 150w\" sizes=\"(max-width: 736px) 100vw, 736px\" \/><\/p>\n<p><img decoding=\"async\" class=\"aligncenter wp-image-54875 size-full\" title=\"Banheiro preto e branco - 3 dicas de como decorar!\" src=\"https:\/\/www.aarquiteta.com.br\/blog\/wp-content\/uploads\/2022\/05\/organizar_banheiro_01.jpg\" alt=\"Banheiro preto e branco - 3 dicas de como decorar!\" width=\"600\" height=\"450\" srcset=\"https:\/\/www.aarquiteta.com.br\/blog\/wp-content\/uploads\/2022\/05\/organizar_banheiro_01.jpg 600w, https:\/\/www.aarquiteta.com.br\/blog\/wp-content\/uploads\/2022\/05\/organizar_banheiro_01-150x113.jpg 150w\" sizes=\"(max-width: 600px) 100vw, 600px\" \/><\/p>\n<p><img decoding=\"async\" class=\"aligncenter wp-image-49350 size-full\" title=\"Banheiro preto e branco - 3 dicas de como decorar!\" src=\"https:\/\/www.aarquiteta.com.br\/blog\/wp-content\/uploads\/2022\/03\/piso-de-banheiro-01.jpg\" alt=\"Banheiro preto e branco - 3 dicas de como decorar!\" width=\"700\" height=\"400\" srcset=\"https:\/\/www.aarquiteta.com.br\/blog\/wp-content\/uploads\/2022\/03\/piso-de-banheiro-01.jpg 700w, https:\/\/www.aarquiteta.com.br\/blog\/wp-content\/uploads\/2022\/03\/piso-de-banheiro-01-696x398.jpg 696w, https:\/\/www.aarquiteta.com.br\/blog\/wp-content\/uploads\/2022\/03\/piso-de-banheiro-01-150x86.jpg 150w\" sizes=\"(max-width: 700px) 100vw, 700px\" \/><\/p>\n<p><img decoding=\"async\" class=\"aligncenter wp-image-46122 size-full\" title=\"Banheiro preto e branco - 3 dicas de como decorar!\" src=\"https:\/\/www.aarquiteta.com.br\/blog\/wp-content\/uploads\/2022\/03\/Dicas-de-modelos-de-cesto-vime-para-banheiro.3.png\" alt=\"Banheiro preto e branco - 3 dicas de como decorar!\" width=\"700\" height=\"400\" \/><\/p>\n<p><img decoding=\"async\" class=\"aligncenter wp-image-42221 size-full\" title=\"Banheiro preto e branco - 3 dicas de como decorar!\" src=\"https:\/\/www.aarquiteta.com.br\/blog\/wp-content\/uploads\/2022\/02\/Como-decorar-a-pia-do-banheiro2.jpg\" alt=\"Banheiro preto e branco - 3 dicas de como decorar!\" width=\"700\" height=\"400\" srcset=\"https:\/\/www.aarquiteta.com.br\/blog\/wp-content\/uploads\/2022\/02\/Como-decorar-a-pia-do-banheiro2.jpg 700w, https:\/\/www.aarquiteta.com.br\/blog\/wp-content\/uploads\/2022\/02\/Como-decorar-a-pia-do-banheiro2-696x398.jpg 696w, https:\/\/www.aarquiteta.com.br\/blog\/wp-content\/uploads\/2022\/02\/Como-decorar-a-pia-do-banheiro2-150x86.jpg 150w\" sizes=\"(max-width: 700px) 100vw, 700px\" \/><\/p>\n<p><img decoding=\"async\" class=\"aligncenter wp-image-42219 size-full\" src=\"https:\/\/www.aarquiteta.com.br\/blog\/wp-content\/uploads\/2022\/02\/Como-decorar-a-pia-do-banheiro.jpg\" alt=\"Como decorar a pia do banheiro\" width=\"700\" height=\"400\" title=\"\" srcset=\"https:\/\/www.aarquiteta.com.br\/blog\/wp-content\/uploads\/2022\/02\/Como-decorar-a-pia-do-banheiro.jpg 700w, https:\/\/www.aarquiteta.com.br\/blog\/wp-content\/uploads\/2022\/02\/Como-decorar-a-pia-do-banheiro-696x398.jpg 696w, https:\/\/www.aarquiteta.com.br\/blog\/wp-content\/uploads\/2022\/02\/Como-decorar-a-pia-do-banheiro-150x86.jpg 150w\" sizes=\"(max-width: 700px) 100vw, 700px\" \/><\/p>\n<p><img decoding=\"async\" class=\"aligncenter wp-image-40574 size-full\" src=\"https:\/\/www.aarquiteta.com.br\/blog\/wp-content\/uploads\/2022\/01\/decorando-banheiro-retro.jpg\" alt=\"Dicas de decora\u00e7\u00e3o banheiro retr\u00f4.\" width=\"701\" height=\"401\" title=\"\" srcset=\"https:\/\/www.aarquiteta.com.br\/blog\/wp-content\/uploads\/2022\/01\/decorando-banheiro-retro.jpg 701w, https:\/\/www.aarquiteta.com.br\/blog\/wp-content\/uploads\/2022\/01\/decorando-banheiro-retro-696x398.jpg 696w, https:\/\/www.aarquiteta.com.br\/blog\/wp-content\/uploads\/2022\/01\/decorando-banheiro-retro-150x86.jpg 150w\" sizes=\"(max-width: 701px) 100vw, 701px\" \/><\/p>\n<p><img decoding=\"async\" class=\"aligncenter wp-image-40573 size-full\" src=\"https:\/\/www.aarquiteta.com.br\/blog\/wp-content\/uploads\/2022\/01\/decoracao-banheiro-retro.jpg\" alt=\"Gabinete para banheiro retr\u00f4\" width=\"701\" height=\"401\" title=\"\" srcset=\"https:\/\/www.aarquiteta.com.br\/blog\/wp-content\/uploads\/2022\/01\/decoracao-banheiro-retro.jpg 701w, https:\/\/www.aarquiteta.com.br\/blog\/wp-content\/uploads\/2022\/01\/decoracao-banheiro-retro-696x398.jpg 696w, https:\/\/www.aarquiteta.com.br\/blog\/wp-content\/uploads\/2022\/01\/decoracao-banheiro-retro-150x86.jpg 150w\" sizes=\"(max-width: 701px) 100vw, 701px\" \/><\/p>\n<p><img decoding=\"async\" class=\"aligncenter wp-image-32734 size-full\" src=\"https:\/\/www.aarquiteta.com.br\/blog\/wp-content\/uploads\/2020\/03\/Banheiro_com_parede_preta_e_lumin\u00e1ria_pendurada.jpg\" alt=\"\" width=\"768\" height=\"512\" title=\"\" srcset=\"https:\/\/www.aarquiteta.com.br\/blog\/wp-content\/uploads\/2020\/03\/Banheiro_com_parede_preta_e_lumin\u00e1ria_pendurada.jpg 768w, https:\/\/www.aarquiteta.com.br\/blog\/wp-content\/uploads\/2020\/03\/Banheiro_com_parede_preta_e_lumin\u00e1ria_pendurada-696x464.jpg 696w, https:\/\/www.aarquiteta.com.br\/blog\/wp-content\/uploads\/2020\/03\/Banheiro_com_parede_preta_e_lumin\u00e1ria_pendurada-150x100.jpg 150w\" sizes=\"(max-width: 768px) 100vw, 768px\" \/><\/p>\n<p><img decoding=\"async\" class=\"aligncenter wp-image-31573 size-full\" src=\"https:\/\/www.aarquiteta.com.br\/blog\/wp-content\/uploads\/2019\/09\/banheiro_com_parede_branca_e_azulejo_azul.jpg\" alt=\"\" width=\"800\" height=\"600\" title=\"\" srcset=\"https:\/\/www.aarquiteta.com.br\/blog\/wp-content\/uploads\/2019\/09\/banheiro_com_parede_branca_e_azulejo_azul.jpg 800w, https:\/\/www.aarquiteta.com.br\/blog\/wp-content\/uploads\/2019\/09\/banheiro_com_parede_branca_e_azulejo_azul-696x522.jpg 696w, https:\/\/www.aarquiteta.com.br\/blog\/wp-content\/uploads\/2019\/09\/banheiro_com_parede_branca_e_azulejo_azul-150x113.jpg 150w\" sizes=\"(max-width: 800px) 100vw, 800px\" \/><\/p>\n<p><img decoding=\"async\" class=\"aligncenter wp-image-31556 size-full\" src=\"https:\/\/www.aarquiteta.com.br\/blog\/wp-content\/uploads\/2019\/09\/banheiro_cinza_com_tubos_expostos-1.jpg\" alt=\"\" width=\"800\" height=\"600\" title=\"\" srcset=\"https:\/\/www.aarquiteta.com.br\/blog\/wp-content\/uploads\/2019\/09\/banheiro_cinza_com_tubos_expostos-1.jpg 800w, https:\/\/www.aarquiteta.com.br\/blog\/wp-content\/uploads\/2019\/09\/banheiro_cinza_com_tubos_expostos-1-696x522.jpg 696w, https:\/\/www.aarquiteta.com.br\/blog\/wp-content\/uploads\/2019\/09\/banheiro_cinza_com_tubos_expostos-1-150x113.jpg 150w\" sizes=\"(max-width: 800px) 100vw, 800px\" \/><\/p>\n<p><img decoding=\"async\" class=\"aligncenter wp-image-31513 size-full\" src=\"https:\/\/www.aarquiteta.com.br\/blog\/wp-content\/uploads\/2019\/09\/banheiro_branco_fosco.jpg\" alt=\"\" width=\"800\" height=\"600\" title=\"\" srcset=\"https:\/\/www.aarquiteta.com.br\/blog\/wp-content\/uploads\/2019\/09\/banheiro_branco_fosco.jpg 800w, https:\/\/www.aarquiteta.com.br\/blog\/wp-content\/uploads\/2019\/09\/banheiro_branco_fosco-696x522.jpg 696w, https:\/\/www.aarquiteta.com.br\/blog\/wp-content\/uploads\/2019\/09\/banheiro_branco_fosco-150x113.jpg 150w\" sizes=\"(max-width: 800px) 100vw, 800px\" \/><\/p>\n<p><img decoding=\"async\" class=\"aligncenter wp-image-26793 size-full\" src=\"https:\/\/www.aarquiteta.com.br\/blog\/wp-content\/uploads\/2019\/07\/banheiro_todo_branco.jpg\" alt=\"\" width=\"800\" height=\"757\" title=\"\" srcset=\"https:\/\/www.aarquiteta.com.br\/blog\/wp-content\/uploads\/2019\/07\/banheiro_todo_branco.jpg 800w, https:\/\/www.aarquiteta.com.br\/blog\/wp-content\/uploads\/2019\/07\/banheiro_todo_branco-696x659.jpg 696w, https:\/\/www.aarquiteta.com.br\/blog\/wp-content\/uploads\/2019\/07\/banheiro_todo_branco-150x142.jpg 150w\" sizes=\"(max-width: 800px) 100vw, 800px\" \/><\/p>\n<p><img decoding=\"async\" class=\"aligncenter wp-image-26579 size-full\" src=\"https:\/\/www.aarquiteta.com.br\/blog\/wp-content\/uploads\/2019\/07\/Banheiro_todo_de_m\u00e1more_cor_cinza.jpg\" alt=\"\" width=\"800\" height=\"604\" title=\"\" srcset=\"https:\/\/www.aarquiteta.com.br\/blog\/wp-content\/uploads\/2019\/07\/Banheiro_todo_de_m\u00e1more_cor_cinza.jpg 800w, https:\/\/www.aarquiteta.com.br\/blog\/wp-content\/uploads\/2019\/07\/Banheiro_todo_de_m\u00e1more_cor_cinza-696x525.jpg 696w, https:\/\/www.aarquiteta.com.br\/blog\/wp-content\/uploads\/2019\/07\/Banheiro_todo_de_m\u00e1more_cor_cinza-150x113.jpg 150w\" sizes=\"(max-width: 800px) 100vw, 800px\" \/><\/p>\n<h3>E a\u00ed, gostou do artigo sobre Banheiro preto e branco &#8211; 3 dicas de como decorar?<\/h3>\n<p>Ent\u00e3o deslize a tela para baixo e<a href=\"https:\/\/br.pinterest.com\/aarquitetapinterest\/_created\/\" target=\"_blank\" rel=\"noopener\"> confira mais dicas<\/a> como esta e n\u00e3o se esque\u00e7a de compartilhar com os amigos!<\/p>\n<p>Quer mais dicas sobre o mundo da arquitetura e decora\u00e7\u00e3o? Ent\u00e3o, confira alguns dos nossos artigos em:<\/p>\n<ul>\n<li><a href=\"https:\/\/www.aarquiteta.com.br\/blog\/paisagismo\/\" target=\"_blank\" rel=\"noopener\">Casa e Jardim<\/a><\/li>\n<li><a href=\"https:\/\/www.aarquiteta.com.br\/blog\/arquitetura\/mundo-arquitetura\/\" target=\"_blank\" rel=\"noopener\">Mundo Arquitetura<\/a><\/li>\n<li><a href=\"https:\/\/www.aarquiteta.com.br\/decoracao\/\" target=\"_blank\" rel=\"noopener\">Decora\u00e7\u00e3o<br \/>\n<\/a><\/li>\n<\/ul>\n","protected":false},"excerpt":{"rendered":"<p>3 dicas para decorar banheiro preto e branco! Transforme o seu banheiro em um ambiente sofisticado e elegante com essas dicas de decora\u00e7\u00e3o em preto e branco. Descubra como criar um espa\u00e7o moderno e harmonioso. Se voc\u00ea est\u00e1 procurando uma maneira elegante e sofisticada de decorar seu banheiro, uma das melhores op\u00e7\u00f5es \u00e9 adotar uma [&hellip;]<\/p>\n","protected":false},"author":102,"featured_media":77438,"comment_status":"closed","ping_status":"closed","sticky":false,"template":"","format":"standard","meta":{"footnotes":""},"categories":[1484,18760],"tags":[28121,11161,28119,11160,28118,11159,11338,9044,11158,28120,5317,28122,1028,1465,26857,28123,11345],"class_list":["post-40618","post","type-post","status-publish","format-standard","has-post-thumbnail","category-decoracao","category-decoracao-de-banheiro","tag-ambiente-sofisticado","tag-banheiro-basico","tag-banheiro-elegante","tag-banheiro-minimalista","tag-banheiro-moderno","tag-banheiro-preto-e-branco","tag-combinacao-de-cores","tag-como-decorar-banheiro","tag-como-decorar-banheiro-preto-e-branco","tag-cores-preto-e-branco","tag-decoracao-de-banheiro","tag-decoracao-monocromatica","tag-design-de-interiores","tag-dicas-de-decoracao","tag-estilo-contemporaneo","tag-ideias-para-banheiro","tag-tendencias-de-decoracao"],"_wp_attached_file":null,"_wp_attachment_metadata":null,"_wp_attachment_context":null,"_wp_attachment_is_custom_header":null,"geo_longitude":null,"geo_public":null,"geo_latitude":null,"_publicize_done_external":null,"_wpas_done_3897181":null,"publicize_twitter_user":null,"_wpas_done_3897175":null,"_wpas_skip_3897181":null,"_wpas_skip_3897175":null,"_wpas_skip_3924723":null,"_wpas_mess":null,"_wpas_done_3924723":null,"wps_subtitle":"Transforme o seu banheiro em um ambiente sofisticado e elegante com essas dicas de decora\u00e7\u00e3o em preto e branco. Descubra como criar um espa\u00e7o moderno e harmonioso. Confira agora!","_links":{"self":[{"href":"https:\/\/www.aarquiteta.com.br\/blog\/wp-json\/wp\/v2\/posts\/40618","targetHints":{"allow":["GET"]}}],"collection":[{"href":"https:\/\/www.aarquiteta.com.br\/blog\/wp-json\/wp\/v2\/posts"}],"about":[{"href":"https:\/\/www.aarquiteta.com.br\/blog\/wp-json\/wp\/v2\/types\/post"}],"author":[{"embeddable":true,"href":"https:\/\/www.aarquiteta.com.br\/blog\/wp-json\/wp\/v2\/users\/102"}],"replies":[{"embeddable":true,"href":"https:\/\/www.aarquiteta.com.br\/blog\/wp-json\/wp\/v2\/comments?post=40618"}],"version-history":[{"count":0,"href":"https:\/\/www.aarquiteta.com.br\/blog\/wp-json\/wp\/v2\/posts\/40618\/revisions"}],"wp:featuredmedia":[{"embeddable":true,"href":"https:\/\/www.aarquiteta.com.br\/blog\/wp-json\/wp\/v2\/media\/77438"}],"wp:attachment":[{"href":"https:\/\/www.aarquiteta.com.br\/blog\/wp-json\/wp\/v2\/media?parent=40618"}],"wp:term":[{"taxonomy":"category","embeddable":true,"href":"https:\/\/www.aarquiteta.com.br\/blog\/wp-json\/wp\/v2\/categories?post=40618"},{"taxonomy":"post_tag","embeddable":true,"href":"https:\/\/www.aarquiteta.com.br\/blog\/wp-json\/wp\/v2\/tags?post=40618"}],"curies":[{"name":"wp","href":"https:\/\/api.w.org\/{rel}","templated":true}]}}