{"id":40571,"date":"2023-03-01T20:00:41","date_gmt":"2023-03-01T23:00:41","guid":{"rendered":"http:\/\/aarquiteta.com.br\/?p=40571"},"modified":"2024-07-03T12:45:52","modified_gmt":"2024-07-03T15:45:52","slug":"decoracao-banheiro-retro","status":"publish","type":"post","link":"https:\/\/www.aarquiteta.com.br\/blog\/decoracao-banheiro-retro\/","title":{"rendered":"Banheiro Retr\u00f4: Transforme seu banheiro em um espa\u00e7o vintage e elegante."},"content":{"rendered":"<p>Banheiro Retr\u00f4: Design Cl\u00e1ssico para Ambientes Modernos. Se voc\u00ea est\u00e1 procurando uma maneira de trazer um toque de charme vintage ao seu banheiro, o estilo retr\u00f4 pode ser a escolha perfeita.<\/p>\n<p>Com elementos como azulejos coloridos, banheiras de p\u00e9, espelhos ornamentados e acess\u00f3rios de lat\u00e3o, voc\u00ea pode transformar o seu banheiro em um espa\u00e7o elegante e \u00fanico. Neste artigo, vamos mostrar algumas ideias criativas para ajud\u00e1-lo a criar o banheiro retr\u00f4 dos seus sonhos.<\/p>\n<p>O estilo retr\u00f4 tem ganhado cada vez mais espa\u00e7o no mundo da decora\u00e7\u00e3o, e isso inclui o design de banheiros. Se voc\u00ea est\u00e1 considerando renovar o seu banheiro e quer um ambiente elegante e com personalidade, considere investir no estilo retr\u00f4.<\/p>\n<p>Neste artigo, vamos mostrar algumas ideias criativas para ajud\u00e1-lo a criar o banheiro retr\u00f4 dos seus sonhos, incorporando-o ao seu projeto de decora\u00e7\u00e3o.<\/p>\n<h2>Banheiro Retr\u00f4: Design Cl\u00e1ssico para Ambientes Modernos!<\/h2>\n<figure id=\"attachment_77461\" aria-describedby=\"caption-attachment-77461\" style=\"width: 1200px\" class=\"wp-caption alignnone\"><img decoding=\"async\" class=\"size-full wp-image-77461\" src=\"https:\/\/www.aarquiteta.com.br\/blog\/wp-content\/uploads\/2023\/04\/banheiro-retro.jpg\" alt=\"Banheiro Retr\u00f4: Transforme seu banheiro em um espa\u00e7o vintage e elegante.\" width=\"1200\" height=\"800\" title=\"\" srcset=\"https:\/\/www.aarquiteta.com.br\/blog\/wp-content\/uploads\/2023\/04\/banheiro-retro.jpg 1200w, https:\/\/www.aarquiteta.com.br\/blog\/wp-content\/uploads\/2023\/04\/banheiro-retro-1024x683.jpg 1024w, https:\/\/www.aarquiteta.com.br\/blog\/wp-content\/uploads\/2023\/04\/banheiro-retro-696x464.jpg 696w, https:\/\/www.aarquiteta.com.br\/blog\/wp-content\/uploads\/2023\/04\/banheiro-retro-150x100.jpg 150w\" sizes=\"(max-width: 1200px) 100vw, 1200px\" \/><figcaption id=\"caption-attachment-77461\" class=\"wp-caption-text\">Foto: Canva.com<\/figcaption><\/figure>\n<h3>O que \u00e9 um Banheiro Retr\u00f4?<\/h3>\n<p><img decoding=\"async\" class=\"alignnone size-full wp-image-72173\" src=\"https:\/\/www.aarquiteta.com.br\/blog\/wp-content\/uploads\/2022\/11\/banheirasuporte5.webp\" alt=\"banheirasuporte5\" width=\"648\" height=\"863\" title=\"\" srcset=\"https:\/\/www.aarquiteta.com.br\/blog\/wp-content\/uploads\/2022\/11\/banheirasuporte5.webp 648w, https:\/\/www.aarquiteta.com.br\/blog\/wp-content\/uploads\/2022\/11\/banheirasuporte5-640x853.webp 640w, https:\/\/www.aarquiteta.com.br\/blog\/wp-content\/uploads\/2022\/11\/banheirasuporte5-150x200.webp 150w\" sizes=\"(max-width: 648px) 100vw, 648px\" \/><\/p>\n<p>Um banheiro retr\u00f4 \u00e9 aquele que segue as tend\u00eancias de design dos anos 50, 60 e 70, trazendo elementos nost\u00e1lgicos que remetem ao passado.<\/p>\n<p>Esses banheiros costumam ser decorados com materiais como azulejos coloridos, cer\u00e2micas em formatos geom\u00e9tricos, m\u00f3veis com p\u00e9s palito, pias e banheiras com design arredondado, e metais em tons de dourado ou bronze.<\/p>\n<p>O estilo retr\u00f4 pode ser aplicado em diferentes n\u00edveis, desde uma decora\u00e7\u00e3o mais discreta at\u00e9 uma reforma completa do espa\u00e7o.<\/p>\n<h3>Como Incorporar o Estilo Retr\u00f4 ao Seu Banheiro?<\/h3>\n<p>Agora que j\u00e1 sabemos o que \u00e9 um banheiro retr\u00f4, exploraremos algumas dicas para incorporar esse estilo ao seu projeto de decora\u00e7\u00e3o:<\/p>\n<h4>1 \u2014 Escolha o Material Adequado<\/h4>\n<p><img decoding=\"async\" class=\"alignnone size-full wp-image-72178\" src=\"https:\/\/www.aarquiteta.com.br\/blog\/wp-content\/uploads\/2022\/11\/banheirasuporte10.webp\" alt=\"banheirasuporte10\" width=\"1000\" height=\"1000\" title=\"\" srcset=\"https:\/\/www.aarquiteta.com.br\/blog\/wp-content\/uploads\/2022\/11\/banheirasuporte10.webp 1000w, https:\/\/www.aarquiteta.com.br\/blog\/wp-content\/uploads\/2022\/11\/banheirasuporte10-696x696.webp 696w, https:\/\/www.aarquiteta.com.br\/blog\/wp-content\/uploads\/2022\/11\/banheirasuporte10-96x96.webp 96w, https:\/\/www.aarquiteta.com.br\/blog\/wp-content\/uploads\/2022\/11\/banheirasuporte10-150x150.webp 150w\" sizes=\"(max-width: 1000px) 100vw, 1000px\" \/><\/p>\n<p>A escolha dos materiais \u00e9 essencial para criar o clima retr\u00f4 no banheiro. Opte por azulejos coloridos ou com estampas geom\u00e9tricas para revestir as paredes e o piso.<\/p>\n<p>Tamb\u00e9m \u00e9 importante escolher uma pia e banheira com design arredondado, e metais em tons de dourado ou bronze para dar um toque de eleg\u00e2ncia.<\/p>\n<h4>2 \u2014 M\u00f3veis Retr\u00f4<\/h4>\n<p><img decoding=\"async\" class=\"alignnone size-full wp-image-72174\" src=\"https:\/\/www.aarquiteta.com.br\/blog\/wp-content\/uploads\/2022\/11\/banheirasuporte6.jpg\" alt=\"banheirasuporte6\" width=\"493\" height=\"740\" title=\"\" srcset=\"https:\/\/www.aarquiteta.com.br\/blog\/wp-content\/uploads\/2022\/11\/banheirasuporte6.jpg 493w, https:\/\/www.aarquiteta.com.br\/blog\/wp-content\/uploads\/2022\/11\/banheirasuporte6-150x225.jpg 150w\" sizes=\"(max-width: 493px) 100vw, 493px\" \/><\/p>\n<p>Os m\u00f3veis com p\u00e9s palito s\u00e3o uma marca registrada do estilo retr\u00f4. Invista em uma bancada com p\u00e9s palito para dar um toque vintage ao banheiro.<\/p>\n<p>Outra op\u00e7\u00e3o \u00e9 uma banqueta de madeira com estofado colorido para um toque mais descontra\u00eddo.<\/p>\n<h4>3 \u2014 Decora\u00e7\u00e3o com Itens Nost\u00e1lgicos<\/h4>\n<p><img decoding=\"async\" class=\"alignnone size-full wp-image-64272\" src=\"https:\/\/www.aarquiteta.com.br\/blog\/wp-content\/uploads\/2022\/07\/tocadisco-vintage.jpg\" alt=\"tocadisco vintage\" width=\"1200\" height=\"900\" title=\"\" srcset=\"https:\/\/www.aarquiteta.com.br\/blog\/wp-content\/uploads\/2022\/07\/tocadisco-vintage.jpg 1200w, https:\/\/www.aarquiteta.com.br\/blog\/wp-content\/uploads\/2022\/07\/tocadisco-vintage-1024x768.jpg 1024w, https:\/\/www.aarquiteta.com.br\/blog\/wp-content\/uploads\/2022\/07\/tocadisco-vintage-696x522.jpg 696w, https:\/\/www.aarquiteta.com.br\/blog\/wp-content\/uploads\/2022\/07\/tocadisco-vintage-150x113.jpg 150w\" sizes=\"(max-width: 1200px) 100vw, 1200px\" \/><\/p>\n<p>Para finalizar a decora\u00e7\u00e3o, aposte em objetos e acess\u00f3rios que remetem aos anos 50 e 60.<\/p>\n<p>Quadros com imagens vintage, r\u00e1dios antigos, espelhos com molduras em madeira e lumin\u00e1rias pendentes s\u00e3o algumas das op\u00e7\u00f5es para completar o clima retr\u00f4 do banheiro.<\/p>\n<h3>Vantagens do Banheiro Retr\u00f4<\/h3>\n<p>Al\u00e9m de ser uma op\u00e7\u00e3o elegante e charmosa, o banheiro retr\u00f4 tamb\u00e9m oferece outras vantagens:<\/p>\n<h4>Durabilidade<\/h4>\n<p><img decoding=\"async\" class=\"alignnone size-full wp-image-40574\" src=\"https:\/\/www.aarquiteta.com.br\/blog\/wp-content\/uploads\/2022\/01\/decorando-banheiro-retro.jpg\" alt=\"Dicas de decora\u00e7\u00e3o banheiro retr\u00f4.\" width=\"701\" height=\"401\" title=\"\" srcset=\"https:\/\/www.aarquiteta.com.br\/blog\/wp-content\/uploads\/2022\/01\/decorando-banheiro-retro.jpg 701w, https:\/\/www.aarquiteta.com.br\/blog\/wp-content\/uploads\/2022\/01\/decorando-banheiro-retro-696x398.jpg 696w, https:\/\/www.aarquiteta.com.br\/blog\/wp-content\/uploads\/2022\/01\/decorando-banheiro-retro-150x86.jpg 150w\" sizes=\"(max-width: 701px) 100vw, 701px\" \/><\/p>\n<p>Os materiais utilizados no estilo retr\u00f4 s\u00e3o conhecidos pela durabilidade. Azulejos, metais e cer\u00e2micas de qualidade podem durar d\u00e9cadas sem perder o brilho e a beleza.<\/p>\n<h4>Facilidade de Manuten\u00e7\u00e3o<\/h4>\n<p>Outra vantagem do banheiro retr\u00f4 \u00e9 a facilidade de manuten\u00e7\u00e3o. Os materiais utilizados s\u00e3o f\u00e1ceis de limpar e n\u00e3o exigem cuidados especiais para manter a apar\u00eancia de novos.<\/p>\n<h4>Personalidade<\/h4>\n<p><img decoding=\"async\" class=\"alignnone wp-image-26245 size-full\" src=\"https:\/\/www.aarquiteta.com.br\/blog\/wp-content\/uploads\/2019\/06\/decoracao-banheiro-blog-da-arquitetura-24.jpg\" alt=\"\" width=\"736\" height=\"981\" title=\"\" srcset=\"https:\/\/www.aarquiteta.com.br\/blog\/wp-content\/uploads\/2019\/06\/decoracao-banheiro-blog-da-arquitetura-24.jpg 736w, https:\/\/www.aarquiteta.com.br\/blog\/wp-content\/uploads\/2019\/06\/decoracao-banheiro-blog-da-arquitetura-24-696x928.jpg 696w, https:\/\/www.aarquiteta.com.br\/blog\/wp-content\/uploads\/2019\/06\/decoracao-banheiro-blog-da-arquitetura-24-640x853.jpg 640w, https:\/\/www.aarquiteta.com.br\/blog\/wp-content\/uploads\/2019\/06\/decoracao-banheiro-blog-da-arquitetura-24-150x200.jpg 150w\" sizes=\"(max-width: 736px) 100vw, 736px\" \/><\/p>\n<p>Por fim, o banheiro retr\u00f4 \u00e9 uma op\u00e7\u00e3o para quem busca um ambiente com personalidade. Esse estilo permite que voc\u00ea crie um banheiro \u00fanico e com o seu estilo pessoal.<\/p>\n<h2>Conclus\u00e3o<\/h2>\n<p>O banheiro retr\u00f4 \u00e9 uma op\u00e7\u00e3o de decora\u00e7\u00e3o que est\u00e1 em alta, e com as dicas apresentadas neste artigo, voc\u00ea pode criar um ambiente elegante e cheio de personalidade.<\/p>\n<p>Lembre-se de escolher materiais de qualidade, que combinem com o estilo retr\u00f4, al\u00e9m de investir em m\u00f3veis e acess\u00f3rios que remetam ao passado.<\/p>\n<p>N\u00e3o tenha medo de ousar e deixar o seu banheiro com a sua cara.<\/p>\n<p>Com as vantagens de durabilidade, facilidade de manuten\u00e7\u00e3o e personalidade, o banheiro retr\u00f4 \u00e9 uma escolha inteligente para quem quer um espa\u00e7o com charme e estilo.<\/p>\n<p>Agora, para tirar todas as suas d\u00favidas sobre o banheiro retr\u00f4, confira as perguntas frequentes a seguir:<\/p>\n<h3>Perguntas Frequentes sobre Banheiro Retr\u00f4:<\/h3>\n<h4>Quais s\u00e3o os materiais mais utilizados em um banheiro retr\u00f4?<\/h4>\n<p>Azulejos coloridos, cer\u00e2micas em formatos geom\u00e9tricos, pias e banheiras com design arredondado, e metais em tons de dourado ou bronze s\u00e3o alguns dos materiais mais utilizados no estilo retr\u00f4.<\/p>\n<h4>O banheiro retr\u00f4 \u00e9 adequado para ambientes pequenos?<\/h4>\n<p>Sim, o banheiro retr\u00f4 pode ser adaptado a diferentes tamanhos de ambientes. Opte por cores claras e evite excesso de objetos decorativos para n\u00e3o sobrecarregar o espa\u00e7o.<\/p>\n<h4>Como limpar e manter o banheiro retr\u00f4?<\/h4>\n<p>Os materiais utilizados no estilo retr\u00f4 s\u00e3o f\u00e1ceis de limpar e n\u00e3o exigem cuidados especiais. Basta utilizar produtos de limpeza suaves e evitar o uso de produtos abrasivos que danifiquem o revestimento.<\/p>\n<h4>Como deixar o banheiro retr\u00f4 mais moderno?<\/h4>\n<p>Para deixar o banheiro retr\u00f4 mais moderno, aposte em acess\u00f3rios e objetos decorativos mais contempor\u00e2neos, como lumin\u00e1rias pendentes com design moderno e espelhos com molduras mais arrojadas.<\/p>\n<h4>O banheiro retr\u00f4 \u00e9 uma op\u00e7\u00e3o econ\u00f4mica?<\/h4>\n<p>O custo de um banheiro retr\u00f4 pode variar bastante, dependendo dos materiais escolhidos e da extens\u00e3o da reforma.<\/p>\n<p>No entanto, o estilo retr\u00f4 \u00e9 uma op\u00e7\u00e3o dur\u00e1vel que pode valer a pena a longo prazo, al\u00e9m de ser uma escolha elegante e com personalidade.<\/p>\n<h3>Decora\u00e7\u00e3o de Banheiro:<\/h3>\n<p>Confira agora mais imagens de projetos de banheiros para voc\u00ea se inspirar:<\/p>\n<p><img decoding=\"async\" class=\"alignnone wp-image-40573\" title=\"Gabinete para banheiro retr\u00f4\" src=\"https:\/\/www.aarquiteta.com.br\/blog\/wp-content\/uploads\/2022\/01\/decoracao-banheiro-retro.jpg\" alt=\"Gabinete para banheiro retr\u00f4\" width=\"700\" height=\"400\" srcset=\"https:\/\/www.aarquiteta.com.br\/blog\/wp-content\/uploads\/2022\/01\/decoracao-banheiro-retro.jpg 701w, https:\/\/www.aarquiteta.com.br\/blog\/wp-content\/uploads\/2022\/01\/decoracao-banheiro-retro-696x398.jpg 696w, https:\/\/www.aarquiteta.com.br\/blog\/wp-content\/uploads\/2022\/01\/decoracao-banheiro-retro-150x86.jpg 150w\" sizes=\"(max-width: 700px) 100vw, 700px\" \/><\/p>\n<p><img decoding=\"async\" class=\"alignnone wp-image-40572\" title=\"Espelho para banheiro\" src=\"https:\/\/www.aarquiteta.com.br\/blog\/wp-content\/uploads\/2022\/01\/banheiro-retro.jpg\" alt=\"Espelho para banheiro\" width=\"700\" height=\"400\" srcset=\"https:\/\/www.aarquiteta.com.br\/blog\/wp-content\/uploads\/2022\/01\/banheiro-retro.jpg 701w, https:\/\/www.aarquiteta.com.br\/blog\/wp-content\/uploads\/2022\/01\/banheiro-retro-696x398.jpg 696w, https:\/\/www.aarquiteta.com.br\/blog\/wp-content\/uploads\/2022\/01\/banheiro-retro-150x86.jpg 150w\" sizes=\"(max-width: 700px) 100vw, 700px\" \/><\/p>\n<p><img decoding=\"async\" class=\"aligncenter wp-image-43237 size-full\" src=\"https:\/\/www.aarquiteta.com.br\/blog\/wp-content\/uploads\/2021\/11\/banheiro-escuro.jpg\" alt=\"\" width=\"800\" height=\"1200\" title=\"\" srcset=\"https:\/\/www.aarquiteta.com.br\/blog\/wp-content\/uploads\/2021\/11\/banheiro-escuro.jpg 800w, https:\/\/www.aarquiteta.com.br\/blog\/wp-content\/uploads\/2021\/11\/banheiro-escuro-683x1024.jpg 683w, https:\/\/www.aarquiteta.com.br\/blog\/wp-content\/uploads\/2021\/11\/banheiro-escuro-696x1044.jpg 696w, https:\/\/www.aarquiteta.com.br\/blog\/wp-content\/uploads\/2021\/11\/banheiro-escuro-150x225.jpg 150w\" sizes=\"(max-width: 800px) 100vw, 800px\" \/><\/p>\n<p><img decoding=\"async\" class=\"aligncenter wp-image-42101 size-full\" src=\"https:\/\/www.aarquiteta.com.br\/blog\/wp-content\/uploads\/2022\/02\/Dicas-de-decoracao-para-fazer-banheiro-em-cimento-queimado2.jpg\" alt=\"Fazer banheiro em cimento queimado\" width=\"700\" height=\"400\" title=\"\" srcset=\"https:\/\/www.aarquiteta.com.br\/blog\/wp-content\/uploads\/2022\/02\/Dicas-de-decoracao-para-fazer-banheiro-em-cimento-queimado2.jpg 700w, https:\/\/www.aarquiteta.com.br\/blog\/wp-content\/uploads\/2022\/02\/Dicas-de-decoracao-para-fazer-banheiro-em-cimento-queimado2-696x398.jpg 696w, https:\/\/www.aarquiteta.com.br\/blog\/wp-content\/uploads\/2022\/02\/Dicas-de-decoracao-para-fazer-banheiro-em-cimento-queimado2-150x86.jpg 150w\" sizes=\"(max-width: 700px) 100vw, 700px\" \/><\/p>\n<p><img decoding=\"async\" class=\"aligncenter wp-image-42221 size-full\" src=\"https:\/\/www.aarquiteta.com.br\/blog\/wp-content\/uploads\/2022\/02\/Como-decorar-a-pia-do-banheiro2.jpg\" alt=\"Bandeja organizadora far\u00e1 a diferen\u00e7a\" width=\"700\" height=\"400\" title=\"\" srcset=\"https:\/\/www.aarquiteta.com.br\/blog\/wp-content\/uploads\/2022\/02\/Como-decorar-a-pia-do-banheiro2.jpg 700w, https:\/\/www.aarquiteta.com.br\/blog\/wp-content\/uploads\/2022\/02\/Como-decorar-a-pia-do-banheiro2-696x398.jpg 696w, https:\/\/www.aarquiteta.com.br\/blog\/wp-content\/uploads\/2022\/02\/Como-decorar-a-pia-do-banheiro2-150x86.jpg 150w\" sizes=\"(max-width: 700px) 100vw, 700px\" \/><\/p>\n<p><img decoding=\"async\" class=\"aligncenter wp-image-42220 size-full\" src=\"https:\/\/www.aarquiteta.com.br\/blog\/wp-content\/uploads\/2022\/02\/Como-decorar-a-pia-do-banheiro1.jpg\" alt=\"Para decorar a pia do banheiro, invista em difusores e porta sabonete liquido\" width=\"700\" height=\"400\" title=\"\" srcset=\"https:\/\/www.aarquiteta.com.br\/blog\/wp-content\/uploads\/2022\/02\/Como-decorar-a-pia-do-banheiro1.jpg 700w, https:\/\/www.aarquiteta.com.br\/blog\/wp-content\/uploads\/2022\/02\/Como-decorar-a-pia-do-banheiro1-696x398.jpg 696w, https:\/\/www.aarquiteta.com.br\/blog\/wp-content\/uploads\/2022\/02\/Como-decorar-a-pia-do-banheiro1-150x86.jpg 150w\" sizes=\"(max-width: 700px) 100vw, 700px\" \/><\/p>\n<p><img decoding=\"async\" class=\"aligncenter wp-image-42219 size-full\" src=\"https:\/\/www.aarquiteta.com.br\/blog\/wp-content\/uploads\/2022\/02\/Como-decorar-a-pia-do-banheiro.jpg\" alt=\"Como decorar a pia do banheiro\" width=\"700\" height=\"400\" title=\"\" srcset=\"https:\/\/www.aarquiteta.com.br\/blog\/wp-content\/uploads\/2022\/02\/Como-decorar-a-pia-do-banheiro.jpg 700w, https:\/\/www.aarquiteta.com.br\/blog\/wp-content\/uploads\/2022\/02\/Como-decorar-a-pia-do-banheiro-696x398.jpg 696w, https:\/\/www.aarquiteta.com.br\/blog\/wp-content\/uploads\/2022\/02\/Como-decorar-a-pia-do-banheiro-150x86.jpg 150w\" sizes=\"(max-width: 700px) 100vw, 700px\" \/><\/p>\n<p><img decoding=\"async\" class=\"aligncenter wp-image-42851 size-full\" src=\"https:\/\/www.aarquiteta.com.br\/blog\/wp-content\/uploads\/2022\/02\/Dicas-de-decoracao-de-banheiro-com-azulejos2.jpg\" alt=\"Dicas de decora\u00e7\u00e3o de banheiro com azulejos\" width=\"700\" height=\"400\" title=\"\" srcset=\"https:\/\/www.aarquiteta.com.br\/blog\/wp-content\/uploads\/2022\/02\/Dicas-de-decoracao-de-banheiro-com-azulejos2.jpg 700w, https:\/\/www.aarquiteta.com.br\/blog\/wp-content\/uploads\/2022\/02\/Dicas-de-decoracao-de-banheiro-com-azulejos2-696x398.jpg 696w, https:\/\/www.aarquiteta.com.br\/blog\/wp-content\/uploads\/2022\/02\/Dicas-de-decoracao-de-banheiro-com-azulejos2-150x86.jpg 150w\" sizes=\"(max-width: 700px) 100vw, 700px\" \/><\/p>\n<p>&nbsp;<\/p>\n<p><img decoding=\"async\" class=\"aligncenter wp-image-26244 size-full\" src=\"https:\/\/www.aarquiteta.com.br\/blog\/wp-content\/uploads\/2019\/06\/decoracao-banheiro-blog-da-arquitetura-21.jpg\" alt=\"\" width=\"525\" height=\"800\" title=\"\" srcset=\"https:\/\/www.aarquiteta.com.br\/blog\/wp-content\/uploads\/2019\/06\/decoracao-banheiro-blog-da-arquitetura-21.jpg 525w, https:\/\/www.aarquiteta.com.br\/blog\/wp-content\/uploads\/2019\/06\/decoracao-banheiro-blog-da-arquitetura-21-150x229.jpg 150w\" sizes=\"(max-width: 525px) 100vw, 525px\" \/><\/p>\n<p><img decoding=\"async\" class=\"aligncenter wp-image-26593 size-full\" src=\"https:\/\/www.aarquiteta.com.br\/blog\/wp-content\/uploads\/2019\/07\/Banheiro_com_parede_de_pedra_preta_destacada.jpg\" alt=\"\" width=\"800\" height=\"633\" title=\"\" srcset=\"https:\/\/www.aarquiteta.com.br\/blog\/wp-content\/uploads\/2019\/07\/Banheiro_com_parede_de_pedra_preta_destacada.jpg 800w, https:\/\/www.aarquiteta.com.br\/blog\/wp-content\/uploads\/2019\/07\/Banheiro_com_parede_de_pedra_preta_destacada-696x551.jpg 696w, https:\/\/www.aarquiteta.com.br\/blog\/wp-content\/uploads\/2019\/07\/Banheiro_com_parede_de_pedra_preta_destacada-150x119.jpg 150w\" sizes=\"(max-width: 800px) 100vw, 800px\" \/><\/p>\n<p><img decoding=\"async\" class=\"aligncenter wp-image-26707 size-full\" src=\"https:\/\/www.aarquiteta.com.br\/blog\/wp-content\/uploads\/2019\/07\/banheiro_com_plantas.jpg\" alt=\"\" width=\"604\" height=\"477\" title=\"\" srcset=\"https:\/\/www.aarquiteta.com.br\/blog\/wp-content\/uploads\/2019\/07\/banheiro_com_plantas.jpg 604w, https:\/\/www.aarquiteta.com.br\/blog\/wp-content\/uploads\/2019\/07\/banheiro_com_plantas-150x118.jpg 150w\" sizes=\"(max-width: 604px) 100vw, 604px\" \/><\/p>\n<h2>E a\u00ed, gostou do artigo sobre Banheiro Retr\u00f4?<\/h2>\n<p>Ent\u00e3o deslize a tela para baixo e<a href=\"https:\/\/br.pinterest.com\/aarquitetapinterest\/_created\/\" target=\"_blank\" rel=\"noopener\"> confira mais dicas<\/a> como esta e n\u00e3o se esque\u00e7a de compartilhar com os amigos!<\/p>\n<p>Quer mais dicas sobre o mundo da arquitetura e decora\u00e7\u00e3o? Ent\u00e3o, confira alguns dos nossos artigos em:<\/p>\n<ul>\n<li><a href=\"https:\/\/www.aarquiteta.com.br\/blog\/paisagismo\/\" target=\"_blank\" rel=\"noopener\">Casa e Jardim<\/a><\/li>\n<li><a href=\"https:\/\/www.aarquiteta.com.br\/blog\/arquitetura\/mundo-arquitetura\/\" target=\"_blank\" rel=\"noopener\">Mundo Arquitetura<\/a><\/li>\n<li><a href=\"https:\/\/www.aarquiteta.com.br\/decoracao\/\" target=\"_blank\" rel=\"noopener\">Decora\u00e7\u00e3o<br \/>\n<\/a><\/li>\n<\/ul>\n","protected":false},"excerpt":{"rendered":"<p>Banheiro Retr\u00f4: Design Cl\u00e1ssico para Ambientes Modernos. Se voc\u00ea est\u00e1 procurando uma maneira de trazer um toque de charme vintage ao seu banheiro, o estilo retr\u00f4 pode ser a escolha perfeita. Com elementos como azulejos coloridos, banheiras de p\u00e9, espelhos ornamentados e acess\u00f3rios de lat\u00e3o, voc\u00ea pode transformar o seu banheiro em um espa\u00e7o elegante [&hellip;]<\/p>\n","protected":false},"author":102,"featured_media":77460,"comment_status":"closed","ping_status":"closed","sticky":false,"template":"","format":"standard","meta":{"footnotes":""},"categories":[971,35371,18800],"tags":[28127,27811,28125,23202,11111,28124,28135,28130,11110,11112,11109,28126,28133,28132,28131,28129,28128,28134],"class_list":["post-40571","post","type-post","status-publish","format-standard","has-post-thumbnail","category-design-de-interiores","category-estilo-retro-na-decoracao","category-estilo-vintage-na-decoracao","tag-acessorios-de-latao","tag-armarios-de-madeira","tag-azulejos-coloridos","tag-banheira-de-pe","tag-banheiro-retro","tag-banheiro-vintage","tag-charme-retro","tag-cortinas-florais","tag-decoracao-banheiro-retro","tag-decoracao-retro","tag-dicas-de-decoracao-banheiro-retro","tag-espelhos-ornamentados","tag-iluminacao-vintage","tag-papel-de-parede-retro","tag-piso-em-mosaico","tag-toalhas-bordadas","tag-torneiras-antigas","tag-vasos-sanitarios-antigos"],"_wp_attached_file":null,"_wp_attachment_metadata":null,"_wp_attachment_context":null,"_wp_attachment_is_custom_header":null,"geo_longitude":null,"geo_public":null,"geo_latitude":null,"_publicize_done_external":null,"_wpas_done_3897181":null,"publicize_twitter_user":null,"_wpas_done_3897175":null,"_wpas_skip_3897181":null,"_wpas_skip_3897175":null,"_wpas_skip_3924723":null,"_wpas_mess":null,"_wpas_done_3924723":null,"wps_subtitle":"Descubra como transformar seu banheiro em um espa\u00e7o vintage e elegante em 3 passos!","_links":{"self":[{"href":"https:\/\/www.aarquiteta.com.br\/blog\/wp-json\/wp\/v2\/posts\/40571","targetHints":{"allow":["GET"]}}],"collection":[{"href":"https:\/\/www.aarquiteta.com.br\/blog\/wp-json\/wp\/v2\/posts"}],"about":[{"href":"https:\/\/www.aarquiteta.com.br\/blog\/wp-json\/wp\/v2\/types\/post"}],"author":[{"embeddable":true,"href":"https:\/\/www.aarquiteta.com.br\/blog\/wp-json\/wp\/v2\/users\/102"}],"replies":[{"embeddable":true,"href":"https:\/\/www.aarquiteta.com.br\/blog\/wp-json\/wp\/v2\/comments?post=40571"}],"version-history":[{"count":0,"href":"https:\/\/www.aarquiteta.com.br\/blog\/wp-json\/wp\/v2\/posts\/40571\/revisions"}],"wp:featuredmedia":[{"embeddable":true,"href":"https:\/\/www.aarquiteta.com.br\/blog\/wp-json\/wp\/v2\/media\/77460"}],"wp:attachment":[{"href":"https:\/\/www.aarquiteta.com.br\/blog\/wp-json\/wp\/v2\/media?parent=40571"}],"wp:term":[{"taxonomy":"category","embeddable":true,"href":"https:\/\/www.aarquiteta.com.br\/blog\/wp-json\/wp\/v2\/categories?post=40571"},{"taxonomy":"post_tag","embeddable":true,"href":"https:\/\/www.aarquiteta.com.br\/blog\/wp-json\/wp\/v2\/tags?post=40571"}],"curies":[{"name":"wp","href":"https:\/\/api.w.org\/{rel}","templated":true}]}}