{"id":40480,"date":"2022-05-23T11:00:59","date_gmt":"2022-05-23T14:00:59","guid":{"rendered":"http:\/\/aarquiteta.com.br\/?p=40480"},"modified":"2024-09-13T17:37:36","modified_gmt":"2024-09-13T20:37:36","slug":"melhores-plantas-para-sala-de-estar","status":"publish","type":"post","link":"https:\/\/www.aarquiteta.com.br\/blog\/melhores-plantas-para-sala-de-estar\/","title":{"rendered":"Plantas para Sala &#8211; Confira 14 esp\u00e9cies para ambientes internos!"},"content":{"rendered":"<p>&nbsp;<\/p><p><img decoding=\"async\" class=\"aligncenter wp-image-43093 size-full\" title=\"Plantas para Sala - Confira 14 esp\u00e9cies para ambientes internos!\" src=\"https:\/\/www.aarquiteta.com.br\/blog\/wp-content\/uploads\/2022\/02\/Tipos-de-vasos-de-planta-para-casa2.jpg\" alt=\"Plantas para Sala - Confira 14 esp\u00e9cies para ambientes internos!\" width=\"700\" height=\"400\" srcset=\"https:\/\/www.aarquiteta.com.br\/blog\/wp-content\/uploads\/2022\/02\/Tipos-de-vasos-de-planta-para-casa2.jpg 700w, https:\/\/www.aarquiteta.com.br\/blog\/wp-content\/uploads\/2022\/02\/Tipos-de-vasos-de-planta-para-casa2-696x398.jpg 696w, https:\/\/www.aarquiteta.com.br\/blog\/wp-content\/uploads\/2022\/02\/Tipos-de-vasos-de-planta-para-casa2-150x86.jpg 150w\" sizes=\"(max-width: 700px) 100vw, 700px\" \/><\/p><p><a href=\"https:\/\/www.aarquiteta.com.br\/blog\/decorar-com-plantas-e-flores-coloridas\/\" target=\"_blank\" rel=\"noopener\">Plantas para Sala<\/a> &#8211; Confira 6 esp\u00e9cies para utilizar em <a href=\"https:\/\/www.aarquiteta.com.br\/blog\/decoracao\/ambientes-na-decoracao\/\" class=\"ilj-generated-link\">ambientes<\/a> internos!<\/p><p>As<a href=\"https:\/\/www.aarquiteta.com.br\/blog\/ideias-de-decoracao-de-casa-com-plantas\/\" target=\"_blank\" rel=\"noopener\"> plantas<\/a> podem deixar a decora\u00e7\u00e3o de qualquer ambiente mais natural e bonita, trazendo frescor e cor ao local.<\/p><p><a href=\"https:\/\/www.aarquiteta.com.br\/blog\/planta-para-ar-condicionado\/\" target=\"_blank\" rel=\"noopener\">Decorar com plantas<\/a> \u00e9 simples! Al\u00e9m disso, o espa\u00e7o \u00e9 mais acolhedor e leve.<\/p><p>Se voc\u00ea deseja decorar sua casa com <a href=\"https:\/\/www.aarquiteta.com.br\/blog\/plantas-para-interiores-tendencias-de-paisagismo\/\" target=\"_blank\" rel=\"noopener\">plantas<\/a>, sejam elas naturais ou artificiais, trazemos algumas dicas neste aqui.\u00a0Confira como decorar a casa com plantas!<\/p><h2>Plantas para Sala \u2014 Confira 14 esp\u00e9cies para ambientes internos!<\/h2><h3><strong>Decore sua casa com plantas naturais:<\/strong><\/h3><p>Se voc\u00ea deseja decorar sua sala com plantas naturais, precisa saber o <a href=\"https:\/\/www.aarquiteta.com.br\/blog\/decorando-a-casa-com-plantas\/\" target=\"_blank\" rel=\"noopener\">tipo de planta<\/a> que escolher\u00e1 e os cuidados que ela exige.<\/p><p>Por exemplo, os vasos que decoram o c\u00f4modo deve ficar pr\u00f3ximos \u00e0 janela para que as <a href=\"https:\/\/www.aarquiteta.com.br\/blog\/decoracao-de-interiores-com-plantas-para-sua-casa\/\" target=\"_blank\" rel=\"noopener\">plantas<\/a> possam receber a luz do sol.<\/p><p>No entanto, \u00e9 claro que depende da esp\u00e9cie que voc\u00ea escolher colocar no local.<\/p><p><img decoding=\"async\" class=\"wp-image-40487 size-full\" title=\"Plantas para Sala - Confira 14 esp\u00e9cies para ambientes internos!\" src=\"https:\/\/www.aarquiteta.com.br\/blog\/wp-content\/uploads\/2022\/01\/1-9_Prancheta-1-copia-4.jpg\" alt=\"Plantas para Sala - Confira 14 esp\u00e9cies para ambientes internos!\" width=\"1459\" height=\"834\" srcset=\"https:\/\/www.aarquiteta.com.br\/blog\/wp-content\/uploads\/2022\/01\/1-9_Prancheta-1-copia-4.jpg 1459w, https:\/\/www.aarquiteta.com.br\/blog\/wp-content\/uploads\/2022\/01\/1-9_Prancheta-1-copia-4-1024x585.jpg 1024w, https:\/\/www.aarquiteta.com.br\/blog\/wp-content\/uploads\/2022\/01\/1-9_Prancheta-1-copia-4-696x398.jpg 696w, https:\/\/www.aarquiteta.com.br\/blog\/wp-content\/uploads\/2022\/01\/1-9_Prancheta-1-copia-4-150x86.jpg 150w\" sizes=\"(max-width: 1459px) 100vw, 1459px\" \/><\/p><p>Outra dica importante \u00e9 que a decora\u00e7\u00e3o deve estar em harmonia com as <a href=\"https:\/\/www.aarquiteta.com.br\/blog\/dicas-de-como-decorar-cozinha-com-plantas\/\" target=\"_blank\" rel=\"noopener\">plantas<\/a>.<\/p><p>Por isso, escolha um vaso de plantas que combine com a decora\u00e7\u00e3o que voc\u00ea fez no local.<\/p><h3><strong>Algumas esp\u00e9cies de plantas naturais adequadas para a sala:<\/strong><\/h3><h4>1 \u2014 Jib\u00f3ia:<\/h4><p><img decoding=\"async\" class=\"wp-image-40124 size-large\" title=\"Plantas para Sala - Confira 14 esp\u00e9cies para ambientes internos!\" src=\"https:\/\/www.aarquiteta.com.br\/blog\/wp-content\/uploads\/2022\/01\/Plantas-e-flores-que-ajudam-a-umidade-1024x1024.png\" alt=\"Plantas para Sala - Confira 14 esp\u00e9cies para ambientes internos!\" width=\"640\" height=\"640\" srcset=\"https:\/\/www.aarquiteta.com.br\/blog\/wp-content\/uploads\/2022\/01\/Plantas-e-flores-que-ajudam-a-umidade-1024x1024.png 1024w, https:\/\/www.aarquiteta.com.br\/blog\/wp-content\/uploads\/2022\/01\/Plantas-e-flores-que-ajudam-a-umidade-696x696.png 696w, https:\/\/www.aarquiteta.com.br\/blog\/wp-content\/uploads\/2022\/01\/Plantas-e-flores-que-ajudam-a-umidade-96x96.png 96w, https:\/\/www.aarquiteta.com.br\/blog\/wp-content\/uploads\/2022\/01\/Plantas-e-flores-que-ajudam-a-umidade-150x150.png 150w, https:\/\/www.aarquiteta.com.br\/blog\/wp-content\/uploads\/2022\/01\/Plantas-e-flores-que-ajudam-a-umidade.png 1080w\" sizes=\"(max-width: 640px) 100vw, 640px\" \/><\/p><p><img decoding=\"async\" class=\"wp-image-50848 size-full\" title=\"Plantas para Sala - Confira 14 esp\u00e9cies para ambientes internos!\" src=\"https:\/\/www.aarquiteta.com.br\/blog\/wp-content\/uploads\/2022\/04\/planta-venenosa-jiboia.jpg\" alt=\"Plantas para Sala - Confira 14 esp\u00e9cies para ambientes internos!\" width=\"1200\" height=\"800\" srcset=\"https:\/\/www.aarquiteta.com.br\/blog\/wp-content\/uploads\/2022\/04\/planta-venenosa-jiboia.jpg 1200w, https:\/\/www.aarquiteta.com.br\/blog\/wp-content\/uploads\/2022\/04\/planta-venenosa-jiboia-1024x683.jpg 1024w, https:\/\/www.aarquiteta.com.br\/blog\/wp-content\/uploads\/2022\/04\/planta-venenosa-jiboia-696x464.jpg 696w, https:\/\/www.aarquiteta.com.br\/blog\/wp-content\/uploads\/2022\/04\/planta-venenosa-jiboia-150x100.jpg 150w\" sizes=\"(max-width: 1200px) 100vw, 1200px\" \/><\/p><h4>2 \u2014 Orqu\u00eddea:<\/h4><figure id=\"attachment_46246\" aria-describedby=\"caption-attachment-46246\" style=\"width: 2048px\" class=\"wp-caption aligncenter\"><img decoding=\"async\" class=\"wp-image-46246 size-full\" style=\"font-weight: bold; background-color: transparent; color: #767676;\" title=\"Plantas para Sala - Confira 14 esp\u00e9cies para ambientes internos!\" src=\"https:\/\/www.aarquiteta.com.br\/blog\/wp-content\/uploads\/2022\/03\/orquidea-phalaenopsis-planta.jpg\" alt=\"Plantas para Sala - Confira 14 esp\u00e9cies para ambientes internos!\" width=\"2048\" height=\"1152\" srcset=\"https:\/\/www.aarquiteta.com.br\/blog\/wp-content\/uploads\/2022\/03\/orquidea-phalaenopsis-planta.jpg 2048w, https:\/\/www.aarquiteta.com.br\/blog\/wp-content\/uploads\/2022\/03\/orquidea-phalaenopsis-planta-1024x576.jpg 1024w, https:\/\/www.aarquiteta.com.br\/blog\/wp-content\/uploads\/2022\/03\/orquidea-phalaenopsis-planta-696x392.jpg 696w, https:\/\/www.aarquiteta.com.br\/blog\/wp-content\/uploads\/2022\/03\/orquidea-phalaenopsis-planta-150x84.jpg 150w\" sizes=\"(max-width: 2048px) 100vw, 2048px\" \/><figcaption id=\"caption-attachment-46246\" class=\"wp-caption-text\">Plantas para Sala &#8211; Confira 14 esp\u00e9cies para ambientes internos!<\/figcaption><\/figure><p><span style=\"font-size: 20px; font-weight: bold; color: #2b2b2b;\">3 \u2014 Beg\u00f4nia:<\/span><img decoding=\"async\" class=\"wp-image-50821 size-full\" title=\"Plantas para Sala - Confira 14 esp\u00e9cies para ambientes internos!\" src=\"https:\/\/www.aarquiteta.com.br\/blog\/wp-content\/uploads\/2022\/04\/Plantas-Venenosas-beladona.jpg\" alt=\"Plantas para Sala - Confira 14 esp\u00e9cies para ambientes internos!\" width=\"1200\" height=\"800\" srcset=\"https:\/\/www.aarquiteta.com.br\/blog\/wp-content\/uploads\/2022\/04\/Plantas-Venenosas-beladona.jpg 1200w, https:\/\/www.aarquiteta.com.br\/blog\/wp-content\/uploads\/2022\/04\/Plantas-Venenosas-beladona-1024x683.jpg 1024w, https:\/\/www.aarquiteta.com.br\/blog\/wp-content\/uploads\/2022\/04\/Plantas-Venenosas-beladona-696x464.jpg 696w, https:\/\/www.aarquiteta.com.br\/blog\/wp-content\/uploads\/2022\/04\/Plantas-Venenosas-beladona-150x100.jpg 150w\" sizes=\"(max-width: 1200px) 100vw, 1200px\" \/><\/p><h4>4 \u2014 Aglomena:<\/h4><p><img decoding=\"async\" class=\"wp-image-46241 size-full\" title=\"Plantas para Sala - Confira 14 esp\u00e9cies para ambientes internos!\" src=\"https:\/\/www.aarquiteta.com.br\/blog\/wp-content\/uploads\/2022\/03\/aglomenta-planta.jpg\" alt=\"Plantas para Sala - Confira 14 esp\u00e9cies para ambientes internos!\" width=\"800\" height=\"533\" srcset=\"https:\/\/www.aarquiteta.com.br\/blog\/wp-content\/uploads\/2022\/03\/aglomenta-planta.jpg 800w, https:\/\/www.aarquiteta.com.br\/blog\/wp-content\/uploads\/2022\/03\/aglomenta-planta-696x464.jpg 696w, https:\/\/www.aarquiteta.com.br\/blog\/wp-content\/uploads\/2022\/03\/aglomenta-planta-150x100.jpg 150w\" sizes=\"(max-width: 800px) 100vw, 800px\" \/><\/p><h4>5 \u2014 L\u00edrio da paz:<\/h4><p><img decoding=\"async\" class=\"wp-image-40487 size-full\" title=\"Plantas para Sala - Confira 14 esp\u00e9cies para ambientes internos!\" src=\"https:\/\/www.aarquiteta.com.br\/blog\/wp-content\/uploads\/2022\/01\/1-9_Prancheta-1-copia-4.jpg\" alt=\"Plantas para Sala - Confira 14 esp\u00e9cies para ambientes internos!\" width=\"1459\" height=\"834\" srcset=\"https:\/\/www.aarquiteta.com.br\/blog\/wp-content\/uploads\/2022\/01\/1-9_Prancheta-1-copia-4.jpg 1459w, https:\/\/www.aarquiteta.com.br\/blog\/wp-content\/uploads\/2022\/01\/1-9_Prancheta-1-copia-4-1024x585.jpg 1024w, https:\/\/www.aarquiteta.com.br\/blog\/wp-content\/uploads\/2022\/01\/1-9_Prancheta-1-copia-4-696x398.jpg 696w, https:\/\/www.aarquiteta.com.br\/blog\/wp-content\/uploads\/2022\/01\/1-9_Prancheta-1-copia-4-150x86.jpg 150w\" sizes=\"(max-width: 1459px) 100vw, 1459px\" \/><\/p><h4>6 \u2014 Ant\u00fario:<\/h4><p><img decoding=\"async\" class=\"wp-image-50851 size-full\" title=\"Plantas para Sala - Confira 14 esp\u00e9cies para ambientes internos!\" src=\"https:\/\/www.aarquiteta.com.br\/blog\/wp-content\/uploads\/2022\/04\/anturio-veneno.jpg\" alt=\"Plantas para Sala - Confira 14 esp\u00e9cies para ambientes internos!\" width=\"1200\" height=\"800\" srcset=\"https:\/\/www.aarquiteta.com.br\/blog\/wp-content\/uploads\/2022\/04\/anturio-veneno.jpg 1200w, https:\/\/www.aarquiteta.com.br\/blog\/wp-content\/uploads\/2022\/04\/anturio-veneno-1024x683.jpg 1024w, https:\/\/www.aarquiteta.com.br\/blog\/wp-content\/uploads\/2022\/04\/anturio-veneno-696x464.jpg 696w, https:\/\/www.aarquiteta.com.br\/blog\/wp-content\/uploads\/2022\/04\/anturio-veneno-150x100.jpg 150w\" sizes=\"(max-width: 1200px) 100vw, 1200px\" \/><\/p><h4>7 \u2014 Peper\u00f4mia Filodendro:<\/h4><p><img decoding=\"async\" class=\"aligncenter wp-image-46235 size-full\" src=\"https:\/\/www.aarquiteta.com.br\/blog\/wp-content\/uploads\/2022\/03\/Peperomia-filodendro-planta.jpg\" alt=\"\" width=\"681\" height=\"681\" title=\"\" srcset=\"https:\/\/www.aarquiteta.com.br\/blog\/wp-content\/uploads\/2022\/03\/Peperomia-filodendro-planta.jpg 681w, https:\/\/www.aarquiteta.com.br\/blog\/wp-content\/uploads\/2022\/03\/Peperomia-filodendro-planta-96x96.jpg 96w, https:\/\/www.aarquiteta.com.br\/blog\/wp-content\/uploads\/2022\/03\/Peperomia-filodendro-planta-150x150.jpg 150w\" sizes=\"(max-width: 681px) 100vw, 681px\" \/><\/p><h4>8 \u2014 Pacov\u00e1:<\/h4><p><img decoding=\"async\" class=\"wp-image-46229 size-full\" src=\"https:\/\/www.aarquiteta.com.br\/blog\/wp-content\/uploads\/2022\/03\/pacova-planta.jpg\" alt=\"\" width=\"500\" height=\"500\" title=\"\" srcset=\"https:\/\/www.aarquiteta.com.br\/blog\/wp-content\/uploads\/2022\/03\/pacova-planta.jpg 500w, https:\/\/www.aarquiteta.com.br\/blog\/wp-content\/uploads\/2022\/03\/pacova-planta-96x96.jpg 96w, https:\/\/www.aarquiteta.com.br\/blog\/wp-content\/uploads\/2022\/03\/pacova-planta-150x150.jpg 150w\" sizes=\"(max-width: 500px) 100vw, 500px\" \/><\/p><h4>9 \u2014 Comigo ningu\u00e9m pode:<\/h4><p><img decoding=\"async\" class=\"wp-image-50827 size-full\" src=\"https:\/\/www.aarquiteta.com.br\/blog\/wp-content\/uploads\/2022\/04\/comigo-ninguem-pode.jpg\" alt=\"\" width=\"1200\" height=\"800\" title=\"\" srcset=\"https:\/\/www.aarquiteta.com.br\/blog\/wp-content\/uploads\/2022\/04\/comigo-ninguem-pode.jpg 1200w, https:\/\/www.aarquiteta.com.br\/blog\/wp-content\/uploads\/2022\/04\/comigo-ninguem-pode-1024x683.jpg 1024w, https:\/\/www.aarquiteta.com.br\/blog\/wp-content\/uploads\/2022\/04\/comigo-ninguem-pode-696x464.jpg 696w, https:\/\/www.aarquiteta.com.br\/blog\/wp-content\/uploads\/2022\/04\/comigo-ninguem-pode-150x100.jpg 150w\" sizes=\"(max-width: 1200px) 100vw, 1200px\" \/><\/p><h4>10 \u2014 Espada de S\u00e3o Jorge:<\/h4><p><img decoding=\"async\" class=\"wp-image-42468 size-full\" src=\"https:\/\/www.aarquiteta.com.br\/blog\/wp-content\/uploads\/2022\/02\/vaso-espada-de-sao-jorge.jpg\" alt=\"\" width=\"1000\" height=\"667\" title=\"\" srcset=\"https:\/\/www.aarquiteta.com.br\/blog\/wp-content\/uploads\/2022\/02\/vaso-espada-de-sao-jorge.jpg 1000w, https:\/\/www.aarquiteta.com.br\/blog\/wp-content\/uploads\/2022\/02\/vaso-espada-de-sao-jorge-696x464.jpg 696w, https:\/\/www.aarquiteta.com.br\/blog\/wp-content\/uploads\/2022\/02\/vaso-espada-de-sao-jorge-150x100.jpg 150w\" sizes=\"(max-width: 1000px) 100vw, 1000px\" \/><\/p><h4>12 \u2014 Samambaia:<\/h4><p><img decoding=\"async\" class=\"wp-image-43618 size-full\" title=\"Plantas para Sala - Confira 14 esp\u00e9cies para ambientes internos!\" src=\"https:\/\/www.aarquiteta.com.br\/blog\/wp-content\/uploads\/2022\/02\/Dicas-de-como-decorar-cozinha-com-plantas3.jpg\" alt=\"Plantas para Sala - Confira 14 esp\u00e9cies para ambientes internos!\" width=\"700\" height=\"400\" srcset=\"https:\/\/www.aarquiteta.com.br\/blog\/wp-content\/uploads\/2022\/02\/Dicas-de-como-decorar-cozinha-com-plantas3.jpg 700w, https:\/\/www.aarquiteta.com.br\/blog\/wp-content\/uploads\/2022\/02\/Dicas-de-como-decorar-cozinha-com-plantas3-696x398.jpg 696w, https:\/\/www.aarquiteta.com.br\/blog\/wp-content\/uploads\/2022\/02\/Dicas-de-como-decorar-cozinha-com-plantas3-150x86.jpg 150w\" sizes=\"(max-width: 700px) 100vw, 700px\" \/><\/p><p>&nbsp;<\/p><h4>13 \u2014 Copo de Leite:<\/h4><p><img decoding=\"async\" class=\"aligncenter wp-image-50853 size-full\" src=\"https:\/\/www.aarquiteta.com.br\/blog\/wp-content\/uploads\/2022\/04\/copo-de-leite-veneno.jpg\" alt=\"Plantas para Sala - Confira 14 esp\u00e9cies para ambientes internos!\" width=\"1200\" height=\"800\" title=\"\" srcset=\"https:\/\/www.aarquiteta.com.br\/blog\/wp-content\/uploads\/2022\/04\/copo-de-leite-veneno.jpg 1200w, https:\/\/www.aarquiteta.com.br\/blog\/wp-content\/uploads\/2022\/04\/copo-de-leite-veneno-1024x683.jpg 1024w, https:\/\/www.aarquiteta.com.br\/blog\/wp-content\/uploads\/2022\/04\/copo-de-leite-veneno-696x464.jpg 696w, https:\/\/www.aarquiteta.com.br\/blog\/wp-content\/uploads\/2022\/04\/copo-de-leite-veneno-150x100.jpg 150w\" sizes=\"(max-width: 1200px) 100vw, 1200px\" \/><\/p><h4>14 \u2014 Bico de Papagaio:<\/h4><p><img decoding=\"async\" class=\"aligncenter wp-image-50859 size-full\" src=\"https:\/\/www.aarquiteta.com.br\/blog\/wp-content\/uploads\/2022\/04\/bico-de-papagio-venenoso.jpg\" alt=\"\" width=\"1200\" height=\"800\" title=\"\" srcset=\"https:\/\/www.aarquiteta.com.br\/blog\/wp-content\/uploads\/2022\/04\/bico-de-papagio-venenoso.jpg 1200w, https:\/\/www.aarquiteta.com.br\/blog\/wp-content\/uploads\/2022\/04\/bico-de-papagio-venenoso-1024x683.jpg 1024w, https:\/\/www.aarquiteta.com.br\/blog\/wp-content\/uploads\/2022\/04\/bico-de-papagio-venenoso-696x464.jpg 696w, https:\/\/www.aarquiteta.com.br\/blog\/wp-content\/uploads\/2022\/04\/bico-de-papagio-venenoso-150x100.jpg 150w\" sizes=\"(max-width: 1200px) 100vw, 1200px\" \/><\/p><h3><strong>Plantas artificiais:\u00a0<\/strong><\/h3><p>Portanto, se ter um vasinho para chamar de seu n\u00e3o \u00e9 um item da sua lista de desejos, a melhor op\u00e7\u00e3o para decorar um <a href=\"https:\/\/www.aarquiteta.com.br\/blog\/?s=quarto\">quarto<\/a> \u00e9 usar plantas artificiais.<\/p><p>Decorar com plantas artificiais \u00e9 para quem busca praticidade no seu dia a dia ou que n\u00e3o tem muito tempo para cuidar das plantas naturais.<\/p><p>Al\u00e9m disso, elas s\u00e3o \u00f3timas para salas muito fechadas que n\u00e3o t\u00eam tanta <a href=\"https:\/\/www.aarquiteta.com.br\/blog\/?s=ILUMINA%C3%87%C3%83O\">ilumina\u00e7\u00e3o<\/a>.<\/p><p><img decoding=\"async\" class=\"aligncenter wp-image-40488 size-full\" title=\"Sala com plantas artificiais\u00a0\" src=\"https:\/\/www.aarquiteta.com.br\/blog\/wp-content\/uploads\/2022\/01\/1-9_Prancheta-1-copia-5.jpg\" alt=\"Sala com plantas artificiais\u00a0\" width=\"1460\" height=\"834\" srcset=\"https:\/\/www.aarquiteta.com.br\/blog\/wp-content\/uploads\/2022\/01\/1-9_Prancheta-1-copia-5.jpg 1460w, https:\/\/www.aarquiteta.com.br\/blog\/wp-content\/uploads\/2022\/01\/1-9_Prancheta-1-copia-5-1024x585.jpg 1024w, https:\/\/www.aarquiteta.com.br\/blog\/wp-content\/uploads\/2022\/01\/1-9_Prancheta-1-copia-5-696x398.jpg 696w, https:\/\/www.aarquiteta.com.br\/blog\/wp-content\/uploads\/2022\/01\/1-9_Prancheta-1-copia-5-150x86.jpg 150w\" sizes=\"(max-width: 1460px) 100vw, 1460px\" \/><\/p><p>Dessa forma, voc\u00ea pode aproveitar e fazer alguns arranjos, colocar na prateleira da mesma forma e com outras op\u00e7\u00f5es, na <a href=\"https:\/\/www.aarquiteta.com.br\/blog\/jardim-vertical-como-cultivar\/\" target=\"_blank\" rel=\"noopener\">prateleira<\/a>.<\/p><p>De qualquer forma, se voc\u00ea quiser fazer uma decora\u00e7\u00e3o e personalidade mais diferenciada, pode misturar plantas artificiais com <a href=\"https:\/\/www.aarquiteta.com.br\/blog\/decorando-com-plantas-de-interiores\/\" target=\"_blank\" rel=\"noopener\">plantas naturais<\/a>.<\/p><p>Se voc\u00ea ainda possui animais de estima\u00e7\u00e3o voc\u00ea n\u00e3o precisar\u00e1 se preocupar com as <a href=\"https:\/\/www.aarquiteta.com.br\/blog\/decoracao-de-casas-pequenas-confira-7-dicas-uteis-com-a-planta\/\" target=\"_blank\" rel=\"noopener\">plantas<\/a> que s\u00e3o venenosas e podem ser <a href=\"https:\/\/www.aarquiteta.com.br\/blog\/quais-as-plantas-toxicas-para-gatos\/\">nocivas para o seu gato<\/a>, por exemplo!<\/p><h3>E a\u00ed, gostou do artigo sobre Plantas para Sala \u2014 Confira 14 esp\u00e9cies para ambientes internos!<\/h3><p>Ent\u00e3o deslize a tela para baixo e<a href=\"https:\/\/br.pinterest.com\/aarquitetapinterest\/_created\/\" target=\"_blank\" rel=\"noopener\"> confira mais dicas<\/a> como esta e n\u00e3o se esque\u00e7a de compartilhar com os amigos!<\/p><p>Quer mais dicas sobre o mundo da <a href=\"https:\/\/www.aarquiteta.com.br\/blog\/?s=ARQUITETURA\">arquitetura<\/a> e decora\u00e7\u00e3o? Ent\u00e3o, confira alguns dos nossos artigos em:<\/p><ul><li><a href=\"https:\/\/www.aarquiteta.com.br\/blog\/paisagismo\/\" target=\"_blank\" rel=\"noopener\">Casa e Jardim<\/a><\/li><li><a href=\"https:\/\/www.aarquiteta.com.br\/blog\/arquitetura\/mundo-arquitetura\/\" target=\"_blank\" rel=\"noopener\">Mundo Arquitetura<\/a><\/li><li><a href=\"https:\/\/www.aarquiteta.com.br\/decoracao\/\" target=\"_blank\" rel=\"noopener\">Decora\u00e7\u00e3o<br \/>\n<\/a><\/li><\/ul>","protected":false},"excerpt":{"rendered":"<p>&nbsp;Plantas para Sala &#8211; Confira 6 esp\u00e9cies para utilizar em ambientes internos!As plantas podem deixar a decora\u00e7\u00e3o de qualquer ambiente mais natural e bonita, trazendo frescor e cor ao local.Decorar com plantas \u00e9 simples! Al\u00e9m disso, o espa\u00e7o \u00e9 mais acolhedor e leve.Se voc\u00ea deseja decorar sua casa com plantas, sejam elas naturais ou artificiais, [&hellip;]<\/p>\n","protected":false},"author":102,"featured_media":43093,"comment_status":"open","ping_status":"closed","sticky":false,"template":"","format":"standard","meta":{"footnotes":""},"categories":[9612,35391],"tags":[11029,11030,11031],"class_list":["post-40480","post","type-post","status-publish","format-standard","has-post-thumbnail","category-jardinagem","category-plantas-para-interiores","tag-como-decorar-a-casa-com-plantas","tag-decorar-casa-com-plantas","tag-plantas-na-decoracao"],"_wp_attached_file":null,"_wp_attachment_metadata":null,"_wp_attachment_context":null,"_wp_attachment_is_custom_header":null,"geo_longitude":null,"geo_public":null,"geo_latitude":null,"_publicize_done_external":null,"_wpas_done_3897181":null,"publicize_twitter_user":null,"_wpas_done_3897175":null,"_wpas_skip_3897181":null,"_wpas_skip_3897175":null,"_wpas_skip_3924723":null,"_wpas_mess":null,"_wpas_done_3924723":null,"wps_subtitle":"Decore sua casa com plantas! Que tal adicionar verde utilizando plantas para sala? Confira 14 esp\u00e9cies para ambientes internos!","_links":{"self":[{"href":"https:\/\/www.aarquiteta.com.br\/blog\/wp-json\/wp\/v2\/posts\/40480","targetHints":{"allow":["GET"]}}],"collection":[{"href":"https:\/\/www.aarquiteta.com.br\/blog\/wp-json\/wp\/v2\/posts"}],"about":[{"href":"https:\/\/www.aarquiteta.com.br\/blog\/wp-json\/wp\/v2\/types\/post"}],"author":[{"embeddable":true,"href":"https:\/\/www.aarquiteta.com.br\/blog\/wp-json\/wp\/v2\/users\/102"}],"replies":[{"embeddable":true,"href":"https:\/\/www.aarquiteta.com.br\/blog\/wp-json\/wp\/v2\/comments?post=40480"}],"version-history":[{"count":0,"href":"https:\/\/www.aarquiteta.com.br\/blog\/wp-json\/wp\/v2\/posts\/40480\/revisions"}],"wp:featuredmedia":[{"embeddable":true,"href":"https:\/\/www.aarquiteta.com.br\/blog\/wp-json\/wp\/v2\/media\/43093"}],"wp:attachment":[{"href":"https:\/\/www.aarquiteta.com.br\/blog\/wp-json\/wp\/v2\/media?parent=40480"}],"wp:term":[{"taxonomy":"category","embeddable":true,"href":"https:\/\/www.aarquiteta.com.br\/blog\/wp-json\/wp\/v2\/categories?post=40480"},{"taxonomy":"post_tag","embeddable":true,"href":"https:\/\/www.aarquiteta.com.br\/blog\/wp-json\/wp\/v2\/tags?post=40480"}],"curies":[{"name":"wp","href":"https:\/\/api.w.org\/{rel}","templated":true}]}}