{"id":40422,"date":"2022-05-22T17:00:53","date_gmt":"2022-05-22T20:00:53","guid":{"rendered":"http:\/\/aarquiteta.com.br\/?p=40422"},"modified":"2024-09-13T17:26:25","modified_gmt":"2024-09-13T20:26:25","slug":"decore-sua-casa","status":"publish","type":"post","link":"https:\/\/www.aarquiteta.com.br\/blog\/decore-sua-casa\/","title":{"rendered":"Decore sua casa &#8211; Como elaborar uma decora\u00e7\u00e3o intimista?"},"content":{"rendered":"<p><img decoding=\"async\" class=\"wp-image-40433 size-full\" src=\"https:\/\/www.aarquiteta.com.br\/blog\/wp-content\/uploads\/2022\/01\/1-12_9-2.jpg\" alt=\"\" width=\"701\" height=\"401\" title=\"\" srcset=\"https:\/\/www.aarquiteta.com.br\/blog\/wp-content\/uploads\/2022\/01\/1-12_9-2.jpg 701w, https:\/\/www.aarquiteta.com.br\/blog\/wp-content\/uploads\/2022\/01\/1-12_9-2-696x398.jpg 696w, https:\/\/www.aarquiteta.com.br\/blog\/wp-content\/uploads\/2022\/01\/1-12_9-2-150x86.jpg 150w\" sizes=\"(max-width: 701px) 100vw, 701px\" \/><\/p><p>Decore sua <a href=\"https:\/\/www.aarquiteta.com.br\/blog\/casa-e-jardim\/\" class=\"ilj-generated-link\">casa<\/a> \u2014 Como elaborar uma <a href=\"https:\/\/www.aarquiteta.com.br\/blog\/decoracao-minimalista-quente-como-aplicar\/\" target=\"_blank\" rel=\"noopener\">decora\u00e7\u00e3o intimista<\/a>?<\/p><p>Como elaborar uma decora\u00e7\u00e3o intimista? Primeiramente, uma casa precisa ser confort\u00e1vel e moderna. Dito isso, todos os itens que comp\u00f5em a decora\u00e7\u00e3o precisam estar em harmonia.<\/p><p>Assim, tons de <a href=\"https:\/\/www.aarquiteta.com.br\/blog\/?s=MADEIRA\">madeira<\/a> escura e detalhes de cores sutis s\u00e3o algumas das caracter\u00edsticas desse tipo de decora\u00e7\u00e3o.<\/p><p>Ent\u00e3o, se voc\u00ea quer planejar uma <a href=\"https:\/\/www.aarquiteta.com.br\/blog\/arquitetura-minimalista\/\" target=\"_blank\" rel=\"noopener\">decora\u00e7\u00e3o intimista<\/a> para sua casa e possui d\u00favidas de como come\u00e7ar, veio ao artigo certo.<\/p><p>Quer saber como elaborar uma <a href=\"https:\/\/www.aarquiteta.com.br\/blog\/como-escolher-um-rack-minimalista-para-casa\/\" target=\"_blank\" rel=\"noopener\">decora\u00e7\u00e3o intimista<\/a>? Confira ent\u00e3o as dicas deste artigo!<\/p><h2>Decore sua casa \u2014 Como elaborar uma decora\u00e7\u00e3o intimista?<\/h2><h3>1 \u2014 Utilize plantas obter uma decora\u00e7\u00e3o intimista:<\/h3><figure id=\"attachment_40435\" aria-describedby=\"caption-attachment-40435\" style=\"width: 701px\" class=\"wp-caption aligncenter\"><img decoding=\"async\" class=\"wp-image-40435 size-full\" title=\"Decore sua casa - Como elaborar uma decora\u00e7\u00e3o intimista? \" src=\"https:\/\/www.aarquiteta.com.br\/blog\/wp-content\/uploads\/2022\/01\/1-12_11-2.jpg\" alt=\"Decore sua casa - Como elaborar uma decora\u00e7\u00e3o intimista? \" width=\"701\" height=\"401\" srcset=\"https:\/\/www.aarquiteta.com.br\/blog\/wp-content\/uploads\/2022\/01\/1-12_11-2.jpg 701w, https:\/\/www.aarquiteta.com.br\/blog\/wp-content\/uploads\/2022\/01\/1-12_11-2-696x398.jpg 696w, https:\/\/www.aarquiteta.com.br\/blog\/wp-content\/uploads\/2022\/01\/1-12_11-2-150x86.jpg 150w\" sizes=\"(max-width: 701px) 100vw, 701px\" \/><figcaption id=\"caption-attachment-40435\" class=\"wp-caption-text\">Decore sua casa &#8211; Como elaborar uma decora\u00e7\u00e3o intimista?<\/figcaption><\/figure><p>As <a href=\"https:\/\/www.aarquiteta.com.br\/blog\/decorando-com-plantas-de-interiores\/\" target=\"_blank\" rel=\"noopener\">plantas<\/a> podem enriquecer qualquer ambiente, por isso, no estilo intimista n\u00e3o \u00e9 diferente.<\/p><p>Assim, voc\u00ea pode adicionar plantas \u00e0 sua sala, <a href=\"https:\/\/www.aarquiteta.com.br\/blog\/?s=quarto\">quarto<\/a> ou qualquer outro espa\u00e7o que desejar.<\/p><p>Dessa forma, o espa\u00e7o ficar\u00e1 \u00f3timo e as <a href=\"https:\/\/www.aarquiteta.com.br\/blog\/jardim-vertical-como-cultivar\/\" target=\"_blank\" rel=\"noopener\">plantas<\/a> permitir\u00e3o que a casa se conecte com a <a href=\"https:\/\/www.aarquiteta.com.br\/blog\/decorar-com-plantas-e-flores-coloridas\/\" target=\"_blank\" rel=\"noopener\">natureza.<\/a><\/p><h3>2 \u2014 Madeira escura:<\/h3><figure id=\"attachment_40426\" aria-describedby=\"caption-attachment-40426\" style=\"width: 701px\" class=\"wp-caption aligncenter\"><img decoding=\"async\" class=\"wp-image-40426 size-full\" title=\"madeiras escuras\" src=\"https:\/\/www.aarquiteta.com.br\/blog\/wp-content\/uploads\/2022\/01\/1-12_2-2.jpg\" alt=\"Decore sua casa - Como elaborar uma decora\u00e7\u00e3o intimista? \" width=\"701\" height=\"400\" srcset=\"https:\/\/www.aarquiteta.com.br\/blog\/wp-content\/uploads\/2022\/01\/1-12_2-2.jpg 701w, https:\/\/www.aarquiteta.com.br\/blog\/wp-content\/uploads\/2022\/01\/1-12_2-2-696x397.jpg 696w, https:\/\/www.aarquiteta.com.br\/blog\/wp-content\/uploads\/2022\/01\/1-12_2-2-150x86.jpg 150w\" sizes=\"(max-width: 701px) 100vw, 701px\" \/><figcaption id=\"caption-attachment-40426\" class=\"wp-caption-text\">Decora\u00e7\u00e3o para sua Casa &#8211; Como elaborar uma decora\u00e7\u00e3o intimista?<\/figcaption><\/figure><p>A madeira escura \u00e9 elegante e refinada.\u00a0Dito isso, eles costumam aparecer na decora\u00e7\u00e3o intimista.<\/p><p>Assim, voc\u00ea pode adicionar detalhes a esse material para decorar um espa\u00e7o.\u00a0No final, al\u00e9m de deixar o <a href=\"https:\/\/www.aarquiteta.com.br\/blog\/dicas-de-como-decorar-meu-quarto\/\" target=\"_blank\" rel=\"noopener\">quarto<\/a> lindo, d\u00e1 um toque de sofistica\u00e7\u00e3o e eleg\u00e2ncia.<\/p><h3>3 \u2014 Cores neutras trazem aconchego:<\/h3><figure id=\"attachment_40432\" aria-describedby=\"caption-attachment-40432\" style=\"width: 701px\" class=\"wp-caption aligncenter\"><img decoding=\"async\" class=\"wp-image-40432 size-full\" title=\"Cores neutras trazem aconchego\" src=\"https:\/\/www.aarquiteta.com.br\/blog\/wp-content\/uploads\/2022\/01\/1-12_8-2.jpg\" alt=\"Decore sua casa - Como elaborar uma decora\u00e7\u00e3o intimista? \" width=\"701\" height=\"401\" srcset=\"https:\/\/www.aarquiteta.com.br\/blog\/wp-content\/uploads\/2022\/01\/1-12_8-2.jpg 701w, https:\/\/www.aarquiteta.com.br\/blog\/wp-content\/uploads\/2022\/01\/1-12_8-2-696x398.jpg 696w, https:\/\/www.aarquiteta.com.br\/blog\/wp-content\/uploads\/2022\/01\/1-12_8-2-150x86.jpg 150w\" sizes=\"(max-width: 701px) 100vw, 701px\" \/><figcaption id=\"caption-attachment-40432\" class=\"wp-caption-text\">Decore sua casa &#8211; Como elaborar uma decora\u00e7\u00e3o intimista?<\/figcaption><\/figure><p>Esse estilo de decora\u00e7\u00e3o costuma usar uma paleta de <a href=\"https:\/\/www.aarquiteta.com.br\/blog\/?s=CORES\">cores<\/a> s\u00f3bria, portanto, s\u00e3o cores f\u00e1ceis de combinar com outras tonalidades.<\/p><p>N\u00e3o haver\u00e1 dificuldades na hora de mobiliar o espa\u00e7o!<\/p><p><img decoding=\"async\" class=\"aligncenter wp-image-42758 size-full\" style=\"font-weight: bold; background-color: transparent; color: #767676;\" src=\"https:\/\/www.aarquiteta.com.br\/blog\/wp-content\/uploads\/2021\/11\/dormitorio-aconchegante.jpg\" alt=\"Decora\u00e7\u00e3o de Quarto - 9 Dicas para deixar seu Quarto aconchegante!\" width=\"700\" height=\"400\" title=\"\" srcset=\"https:\/\/www.aarquiteta.com.br\/blog\/wp-content\/uploads\/2021\/11\/dormitorio-aconchegante.jpg 700w, https:\/\/www.aarquiteta.com.br\/blog\/wp-content\/uploads\/2021\/11\/dormitorio-aconchegante-696x398.jpg 696w, https:\/\/www.aarquiteta.com.br\/blog\/wp-content\/uploads\/2021\/11\/dormitorio-aconchegante-150x86.jpg 150w\" sizes=\"(max-width: 700px) 100vw, 700px\" \/><\/p><p><img decoding=\"async\" class=\"aligncenter wp-image-10412 size-full\" src=\"https:\/\/www.aarquiteta.com.br\/blog\/wp-content\/uploads\/2017\/05\/curso-3dsmax-marcos-paulo-da-silva-pedrosa-dormit\u00f3rio.jpg\" alt=\"\" width=\"1200\" height=\"1000\" title=\"\" srcset=\"https:\/\/www.aarquiteta.com.br\/blog\/wp-content\/uploads\/2017\/05\/curso-3dsmax-marcos-paulo-da-silva-pedrosa-dormit\u00f3rio.jpg 1200w, https:\/\/www.aarquiteta.com.br\/blog\/wp-content\/uploads\/2017\/05\/curso-3dsmax-marcos-paulo-da-silva-pedrosa-dormit\u00f3rio-1024x853.jpg 1024w, https:\/\/www.aarquiteta.com.br\/blog\/wp-content\/uploads\/2017\/05\/curso-3dsmax-marcos-paulo-da-silva-pedrosa-dormit\u00f3rio-696x580.jpg 696w, https:\/\/www.aarquiteta.com.br\/blog\/wp-content\/uploads\/2017\/05\/curso-3dsmax-marcos-paulo-da-silva-pedrosa-dormit\u00f3rio-150x125.jpg 150w\" sizes=\"(max-width: 1200px) 100vw, 1200px\" \/><img decoding=\"async\" class=\"aligncenter wp-image-54282 size-full\" src=\"https:\/\/www.aarquiteta.com.br\/blog\/wp-content\/uploads\/2022\/05\/sala-estar-pequena-7-dicas-decorar-espaco-Mrc-Arq.design.webp\" alt=\"sala de estar\" width=\"1024\" height=\"614\" title=\"\" srcset=\"https:\/\/www.aarquiteta.com.br\/blog\/wp-content\/uploads\/2022\/05\/sala-estar-pequena-7-dicas-decorar-espaco-Mrc-Arq.design.webp 1024w, https:\/\/www.aarquiteta.com.br\/blog\/wp-content\/uploads\/2022\/05\/sala-estar-pequena-7-dicas-decorar-espaco-Mrc-Arq.design-696x417.webp 696w, https:\/\/www.aarquiteta.com.br\/blog\/wp-content\/uploads\/2022\/05\/sala-estar-pequena-7-dicas-decorar-espaco-Mrc-Arq.design-150x90.webp 150w\" sizes=\"(max-width: 1024px) 100vw, 1024px\" \/><\/p><p><img decoding=\"async\" class=\"aligncenter wp-image-53958 size-full\" src=\"https:\/\/www.aarquiteta.com.br\/blog\/wp-content\/uploads\/2022\/04\/sala-de-estar-relaxante-e1651168662951.jpg\" alt=\"sala de estar relaxante\" width=\"700\" height=\"467\" title=\"\" srcset=\"https:\/\/www.aarquiteta.com.br\/blog\/wp-content\/uploads\/2022\/04\/sala-de-estar-relaxante-e1651168662951.jpg 700w, https:\/\/www.aarquiteta.com.br\/blog\/wp-content\/uploads\/2022\/04\/sala-de-estar-relaxante-e1651168662951-696x464.jpg 696w, https:\/\/www.aarquiteta.com.br\/blog\/wp-content\/uploads\/2022\/04\/sala-de-estar-relaxante-e1651168662951-150x100.jpg 150w\" sizes=\"(max-width: 700px) 100vw, 700px\" \/><\/p><p><img decoding=\"async\" class=\"aligncenter wp-image-51647 size-full\" src=\"https:\/\/www.aarquiteta.com.br\/blog\/wp-content\/uploads\/2022\/04\/Motivos-para-ter-ambientes-integrados-na-sua-casa.3.jpg\" alt=\"Sala de estar com meia parede\" width=\"700\" height=\"400\" title=\"\" srcset=\"https:\/\/www.aarquiteta.com.br\/blog\/wp-content\/uploads\/2022\/04\/Motivos-para-ter-ambientes-integrados-na-sua-casa.3.jpg 700w, https:\/\/www.aarquiteta.com.br\/blog\/wp-content\/uploads\/2022\/04\/Motivos-para-ter-ambientes-integrados-na-sua-casa.3-696x398.jpg 696w, https:\/\/www.aarquiteta.com.br\/blog\/wp-content\/uploads\/2022\/04\/Motivos-para-ter-ambientes-integrados-na-sua-casa.3-150x86.jpg 150w\" sizes=\"(max-width: 700px) 100vw, 700px\" \/><\/p><figure id=\"attachment_51579\" aria-describedby=\"caption-attachment-51579\" style=\"width: 1200px\" class=\"wp-caption aligncenter\"><img decoding=\"async\" class=\"wp-image-51579 size-full\" src=\"https:\/\/www.aarquiteta.com.br\/blog\/wp-content\/uploads\/2022\/04\/sala-de-estar.jpg\" alt=\"N\u00e3o sai da moda! 5 dicas de decora\u00e7\u00e3o que nunca saem da moda!\" width=\"1200\" height=\"800\" title=\"\" srcset=\"https:\/\/www.aarquiteta.com.br\/blog\/wp-content\/uploads\/2022\/04\/sala-de-estar.jpg 1200w, https:\/\/www.aarquiteta.com.br\/blog\/wp-content\/uploads\/2022\/04\/sala-de-estar-1024x683.jpg 1024w, https:\/\/www.aarquiteta.com.br\/blog\/wp-content\/uploads\/2022\/04\/sala-de-estar-696x464.jpg 696w, https:\/\/www.aarquiteta.com.br\/blog\/wp-content\/uploads\/2022\/04\/sala-de-estar-150x100.jpg 150w\" sizes=\"(max-width: 1200px) 100vw, 1200px\" \/><figcaption id=\"caption-attachment-51579\" class=\"wp-caption-text\">N\u00e3o sai da moda! 5 dicas de decora\u00e7\u00e3o que nunca saem da moda!<\/figcaption><\/figure><figure id=\"attachment_51608\" aria-describedby=\"caption-attachment-51608\" style=\"width: 1200px\" class=\"wp-caption aligncenter\"><img decoding=\"async\" class=\"wp-image-51608 size-full\" title=\"Decore sua casa - Como elaborar uma decora\u00e7\u00e3o intimista?\" src=\"https:\/\/www.aarquiteta.com.br\/blog\/wp-content\/uploads\/2022\/04\/sala.jpg\" alt=\"Decore sua casa - Como elaborar uma decora\u00e7\u00e3o intimista?\" width=\"1200\" height=\"800\" srcset=\"https:\/\/www.aarquiteta.com.br\/blog\/wp-content\/uploads\/2022\/04\/sala.jpg 1200w, https:\/\/www.aarquiteta.com.br\/blog\/wp-content\/uploads\/2022\/04\/sala-1024x683.jpg 1024w, https:\/\/www.aarquiteta.com.br\/blog\/wp-content\/uploads\/2022\/04\/sala-696x464.jpg 696w, https:\/\/www.aarquiteta.com.br\/blog\/wp-content\/uploads\/2022\/04\/sala-150x100.jpg 150w\" sizes=\"(max-width: 1200px) 100vw, 1200px\" \/><figcaption id=\"caption-attachment-51608\" class=\"wp-caption-text\">Decore sua casa &#8211; Como elaborar uma decora\u00e7\u00e3o intimista?<\/figcaption><\/figure><figure id=\"attachment_45054\" aria-describedby=\"caption-attachment-45054\" style=\"width: 700px\" class=\"wp-caption aligncenter\"><img decoding=\"async\" class=\"wp-image-45054 size-full\" title=\"Decore sua casa - Como elaborar uma decora\u00e7\u00e3o intimista?\" src=\"https:\/\/www.aarquiteta.com.br\/blog\/wp-content\/uploads\/2022\/03\/Dicas-para-organizar-a-sala-em-L-2.jpg\" alt=\"Decore sua casa - Como elaborar uma decora\u00e7\u00e3o intimista?\" width=\"700\" height=\"400\" srcset=\"https:\/\/www.aarquiteta.com.br\/blog\/wp-content\/uploads\/2022\/03\/Dicas-para-organizar-a-sala-em-L-2.jpg 700w, https:\/\/www.aarquiteta.com.br\/blog\/wp-content\/uploads\/2022\/03\/Dicas-para-organizar-a-sala-em-L-2-696x398.jpg 696w, https:\/\/www.aarquiteta.com.br\/blog\/wp-content\/uploads\/2022\/03\/Dicas-para-organizar-a-sala-em-L-2-150x86.jpg 150w\" sizes=\"(max-width: 700px) 100vw, 700px\" \/><figcaption id=\"caption-attachment-45054\" class=\"wp-caption-text\">Decore sua casa &#8211; Como elaborar uma decora\u00e7\u00e3o intimista?<\/figcaption><\/figure><p><img decoding=\"async\" class=\"aligncenter wp-image-46554 size-full\" title=\"Decore sua casa - Como elaborar uma decora\u00e7\u00e3o intimista?\" src=\"https:\/\/www.aarquiteta.com.br\/blog\/wp-content\/uploads\/2022\/03\/3-Itens-indispensaveis-para-a-sua-casa.2.jpg\" alt=\"Decore sua casa - Como elaborar uma decora\u00e7\u00e3o intimista?\" width=\"700\" height=\"400\" srcset=\"https:\/\/www.aarquiteta.com.br\/blog\/wp-content\/uploads\/2022\/03\/3-Itens-indispensaveis-para-a-sua-casa.2.jpg 700w, https:\/\/www.aarquiteta.com.br\/blog\/wp-content\/uploads\/2022\/03\/3-Itens-indispensaveis-para-a-sua-casa.2-696x398.jpg 696w, https:\/\/www.aarquiteta.com.br\/blog\/wp-content\/uploads\/2022\/03\/3-Itens-indispensaveis-para-a-sua-casa.2-150x86.jpg 150w\" sizes=\"(max-width: 700px) 100vw, 700px\" \/> <img decoding=\"async\" class=\"aligncenter wp-image-46149 size-full\" src=\"https:\/\/www.aarquiteta.com.br\/blog\/wp-content\/uploads\/2022\/03\/Dicas-de-papel-de-parede-para-sala.2.jpg\" alt=\"Os papeis de parede com designs diferentes\" width=\"700\" height=\"400\" title=\"\" srcset=\"https:\/\/www.aarquiteta.com.br\/blog\/wp-content\/uploads\/2022\/03\/Dicas-de-papel-de-parede-para-sala.2.jpg 700w, https:\/\/www.aarquiteta.com.br\/blog\/wp-content\/uploads\/2022\/03\/Dicas-de-papel-de-parede-para-sala.2-696x398.jpg 696w, https:\/\/www.aarquiteta.com.br\/blog\/wp-content\/uploads\/2022\/03\/Dicas-de-papel-de-parede-para-sala.2-150x86.jpg 150w\" sizes=\"(max-width: 700px) 100vw, 700px\" \/><\/p><p>Se voc\u00ea deseja aprender mais sobre <a href=\"https:\/\/www.aarquiteta.com.br\/blog\/decoracao-para-casa-pequena\/\" target=\"_blank\" rel=\"noopener\">Decora\u00e7\u00e3o Residencial<\/a> e aplicar voc\u00ea mesmo as t\u00e9cnicas profissionais que s\u00f3 os decoradores mais experientes conhecem, confira o <a href=\"https:\/\/www.aarquiteta.com.br\/decore-facil-curso-decoracao\/\" target=\"_blank\" rel=\"noopener\">Decore F\u00e1cil .<\/a><\/p><p>Este curso atender\u00e1 qualquer pessoa com o desejo de aprender decora\u00e7\u00e3o e a come\u00e7ar a capacitar e a iniciar no mundo da decora\u00e7\u00e3o.<\/p><p>S\u00c3O 53 AULAS DE DECORA\u00c7\u00c3O, OU SEJA, UM CURSO MUITO COMPLETO QUE ATENDE QUEM N\u00c3O SABE NADA DE DECORA\u00c7\u00c3O.<\/p><p>Com este curso ter\u00e1 as bases pr\u00e1ticas para come\u00e7ar a realizar a decora\u00e7\u00e3o, seja ela residencial ou comercial.<\/p><p>\u00c9 isso mesmo!\u00a0Com este curso voc\u00ea poder\u00e1 redecorar sozinho(a) a sua sala, jardim, quarto, <a href=\"https:\/\/www.aarquiteta.com.br\/blog\/decoracao\/ambientes-na-decoracao\/decoracao-de-cozinha\/\">cozinha<\/a>, banheiro, etc.<\/p><p>O curso \u00e9 100% online e todas as aulas j\u00e1 est\u00e3o prontas. Basta sentar e estudar!<\/p><h2>E a\u00ed, gostou do artigo sobre Decore sua casa \u2014 Como elaborar uma decora\u00e7\u00e3o intimista?<\/h2><p>Ent\u00e3o deslize a tela para baixo e<a href=\"https:\/\/br.pinterest.com\/aarquitetapinterest\/_created\/\" target=\"_blank\" rel=\"noopener\"> confira mais dicas<\/a> como esta e n\u00e3o se esque\u00e7a de compartilhar com os amigos!<\/p><p>Quer mais dicas sobre o mundo da arquitetura e decora\u00e7\u00e3o? Ent\u00e3o, confira alguns dos nossos artigos em:<\/p><ul><li><a href=\"https:\/\/www.aarquiteta.com.br\/blog\/paisagismo\/\" target=\"_blank\" rel=\"noopener\">Casa e Jardim<\/a><\/li><li><a href=\"https:\/\/www.aarquiteta.com.br\/blog\/arquitetura\/mundo-arquitetura\/\" target=\"_blank\" rel=\"noopener\">Mundo Arquitetura<\/a><\/li><li><a href=\"https:\/\/www.aarquiteta.com.br\/decoracao\/\" target=\"_blank\" rel=\"noopener\">Decora\u00e7\u00e3o<br \/>\n<\/a><\/li><\/ul>","protected":false},"excerpt":{"rendered":"<p>Decore sua casa \u2014 Como elaborar uma decora\u00e7\u00e3o intimista?Como elaborar uma decora\u00e7\u00e3o intimista? Primeiramente, uma casa precisa ser confort\u00e1vel e moderna. Dito isso, todos os itens que comp\u00f5em a decora\u00e7\u00e3o precisam estar em harmonia.Assim, tons de madeira escura e detalhes de cores sutis s\u00e3o algumas das caracter\u00edsticas desse tipo de decora\u00e7\u00e3o.Ent\u00e3o, se voc\u00ea quer planejar [&hellip;]<\/p>\n","protected":false},"author":102,"featured_media":40433,"comment_status":"open","ping_status":"closed","sticky":false,"template":"","format":"standard","meta":{"footnotes":""},"categories":[971,18803],"tags":[10960,3488],"class_list":["post-40422","post","type-post","status-publish","format-standard","has-post-thumbnail","category-design-de-interiores","category-estilo-minimalista-na-decoracao","tag-como-fazer-uma-decoracao-intimista","tag-decoracao-intimista"],"_wp_attached_file":null,"_wp_attachment_metadata":null,"_wp_attachment_context":null,"_wp_attachment_is_custom_header":null,"geo_longitude":null,"geo_public":null,"geo_latitude":null,"_publicize_done_external":null,"_wpas_done_3897181":null,"publicize_twitter_user":null,"_wpas_done_3897175":null,"_wpas_skip_3897181":null,"_wpas_skip_3897175":null,"_wpas_skip_3924723":null,"_wpas_mess":null,"_wpas_done_3924723":null,"wps_subtitle":"Decore sua casa! Como elaborar uma decora\u00e7\u00e3o de casa intimista? Confira 3 dicas simples que far\u00e3o toda a diferen\u00e7a na decora\u00e7\u00e3o da sua casa!","_links":{"self":[{"href":"https:\/\/www.aarquiteta.com.br\/blog\/wp-json\/wp\/v2\/posts\/40422","targetHints":{"allow":["GET"]}}],"collection":[{"href":"https:\/\/www.aarquiteta.com.br\/blog\/wp-json\/wp\/v2\/posts"}],"about":[{"href":"https:\/\/www.aarquiteta.com.br\/blog\/wp-json\/wp\/v2\/types\/post"}],"author":[{"embeddable":true,"href":"https:\/\/www.aarquiteta.com.br\/blog\/wp-json\/wp\/v2\/users\/102"}],"replies":[{"embeddable":true,"href":"https:\/\/www.aarquiteta.com.br\/blog\/wp-json\/wp\/v2\/comments?post=40422"}],"version-history":[{"count":0,"href":"https:\/\/www.aarquiteta.com.br\/blog\/wp-json\/wp\/v2\/posts\/40422\/revisions"}],"wp:featuredmedia":[{"embeddable":true,"href":"https:\/\/www.aarquiteta.com.br\/blog\/wp-json\/wp\/v2\/media\/40433"}],"wp:attachment":[{"href":"https:\/\/www.aarquiteta.com.br\/blog\/wp-json\/wp\/v2\/media?parent=40422"}],"wp:term":[{"taxonomy":"category","embeddable":true,"href":"https:\/\/www.aarquiteta.com.br\/blog\/wp-json\/wp\/v2\/categories?post=40422"},{"taxonomy":"post_tag","embeddable":true,"href":"https:\/\/www.aarquiteta.com.br\/blog\/wp-json\/wp\/v2\/tags?post=40422"}],"curies":[{"name":"wp","href":"https:\/\/api.w.org\/{rel}","templated":true}]}}