{"id":40404,"date":"2023-02-25T20:00:50","date_gmt":"2023-02-25T23:00:50","guid":{"rendered":"http:\/\/aarquiteta.com.br\/?p=40404"},"modified":"2024-07-03T14:23:51","modified_gmt":"2024-07-03T17:23:51","slug":"decoracao-com-quadros","status":"publish","type":"post","link":"https:\/\/www.aarquiteta.com.br\/blog\/decoracao-com-quadros\/","title":{"rendered":"Decora\u00e7\u00e3o com Quadros: Descubra como deixar sua casa mais charmosa!"},"content":{"rendered":"<p>Decora\u00e7\u00e3o com quadros \u2014 Confira algumas dicas que v\u00e3o te ajudar na hora de deixar sua casa mais bonita. Saiba como utilizar quadros na decora\u00e7\u00e3o da sua casa e transformar a apar\u00eancia dos ambientes.<\/p>\n<p>A decora\u00e7\u00e3o com quadros \u00e9 uma das maneiras mais simples e eficazes de transformar um ambiente. Com uma vasta gama de op\u00e7\u00f5es dispon\u00edveis, \u00e9 poss\u00edvel escolher quadros que expressem sua personalidade e estilo.<\/p>\n<p>Al\u00e9m disso, a disposi\u00e7\u00e3o dos quadros pode criar uma composi\u00e7\u00e3o \u00fanica e harmoniosa.<\/p>\n<figure id=\"attachment_77280\" aria-describedby=\"caption-attachment-77280\" style=\"width: 1200px\" class=\"wp-caption alignnone\"><img decoding=\"async\" class=\"size-full wp-image-77280\" src=\"https:\/\/www.aarquiteta.com.br\/blog\/wp-content\/uploads\/2023\/03\/Decoracao-com-Quadros-3.jpg\" alt=\"Decora\u00e7\u00e3o com Quadros\" width=\"1200\" height=\"800\" title=\"\" srcset=\"https:\/\/www.aarquiteta.com.br\/blog\/wp-content\/uploads\/2023\/03\/Decoracao-com-Quadros-3.jpg 1200w, https:\/\/www.aarquiteta.com.br\/blog\/wp-content\/uploads\/2023\/03\/Decoracao-com-Quadros-3-1024x683.jpg 1024w, https:\/\/www.aarquiteta.com.br\/blog\/wp-content\/uploads\/2023\/03\/Decoracao-com-Quadros-3-696x464.jpg 696w, https:\/\/www.aarquiteta.com.br\/blog\/wp-content\/uploads\/2023\/03\/Decoracao-com-Quadros-3-150x100.jpg 150w\" sizes=\"(max-width: 1200px) 100vw, 1200px\" \/><figcaption id=\"caption-attachment-77280\" class=\"wp-caption-text\">Foto: Canva.com<\/figcaption><\/figure>\n<p>Neste artigo, exploraremos as possibilidades da decora\u00e7\u00e3o com quadros e mostrar como escolher e dispor quadros de forma criativa e elegante.<\/p>\n<p>Aprenda como escolher os quadros ideais e organiz\u00e1-los em suas paredes!<\/p>\n<h2>Decora\u00e7\u00e3o com Quadros: Descubra como deixar sua casa mais charmosa!<\/h2>\n<p>Se voc\u00ea quer dar uma cara nova para sua casa, sem gastar muito dinheiro, uma \u00f3tima op\u00e7\u00e3o \u00e9 decorar suas paredes com quadros. Mas, como escolher os quadros certos para cada ambiente?<\/p>\n<p>Como combin\u00e1-los entre si e com a decora\u00e7\u00e3o do ambiente? Neste artigo, mostraremos a voc\u00ea como escolher e dispor quadros de forma criativa e harmoniosa, para deixar sua casa mais charmosa e aconchegante.<\/p>\n<h3>1 \u2014 Entenda o seu estilo:<\/h3>\n<p><img decoding=\"async\" class=\"wp-image-40406 size-full\" title=\"Decora\u00e7\u00e3o com quadros - 12 ambientes para voc\u00ea se inspirar!\" src=\"https:\/\/www.aarquiteta.com.br\/blog\/wp-content\/uploads\/2022\/01\/1-12_2-1.jpg\" alt=\"Decora\u00e7\u00e3o com quadros - 12 ambientes para voc\u00ea se inspirar!\" width=\"701\" height=\"400\" srcset=\"https:\/\/www.aarquiteta.com.br\/blog\/wp-content\/uploads\/2022\/01\/1-12_2-1.jpg 701w, https:\/\/www.aarquiteta.com.br\/blog\/wp-content\/uploads\/2022\/01\/1-12_2-1-696x397.jpg 696w, https:\/\/www.aarquiteta.com.br\/blog\/wp-content\/uploads\/2022\/01\/1-12_2-1-150x86.jpg 150w\" sizes=\"(max-width: 701px) 100vw, 701px\" \/><\/p>\n<p>O primeiro passo para escolher os quadros ideais para a sua decora\u00e7\u00e3o \u00e9 entender o seu estilo.<\/p>\n<p>Se voc\u00ea prefere uma decora\u00e7\u00e3o mais moderna e minimalista, por exemplo, pode optar por quadros abstratos, com cores neutras e tra\u00e7os simples.<\/p>\n<p><img decoding=\"async\" class=\"aligncenter wp-image-46553 size-full\" src=\"https:\/\/www.aarquiteta.com.br\/blog\/wp-content\/uploads\/2022\/03\/3-Itens-indispensaveis-para-a-sua-casa..jpg\" alt=\"Decora\u00e7\u00e3o com quadros - 12 ambientes para voc\u00ea se inspirar!\" width=\"700\" height=\"400\" title=\"\" srcset=\"https:\/\/www.aarquiteta.com.br\/blog\/wp-content\/uploads\/2022\/03\/3-Itens-indispensaveis-para-a-sua-casa..jpg 700w, https:\/\/www.aarquiteta.com.br\/blog\/wp-content\/uploads\/2022\/03\/3-Itens-indispensaveis-para-a-sua-casa.-696x398.jpg 696w, https:\/\/www.aarquiteta.com.br\/blog\/wp-content\/uploads\/2022\/03\/3-Itens-indispensaveis-para-a-sua-casa.-150x86.jpg 150w\" sizes=\"(max-width: 700px) 100vw, 700px\" \/><\/p>\n<p>J\u00e1 se voc\u00ea gosta de uma decora\u00e7\u00e3o mais cl\u00e1ssica, pode escolher quadros com molduras trabalhadas e imagens de paisagens ou retratos.<\/p>\n<h3>2 \u2014 Escolha o tema dos quadros:<\/h3>\n<figure id=\"attachment_32229\" aria-describedby=\"caption-attachment-32229\" style=\"width: 1042px\" class=\"wp-caption aligncenter\"><img decoding=\"async\" class=\"wp-image-32229 size-full\" title=\"Decora\u00e7\u00e3o com quadros - 12 ambientes para voc\u00ea se inspirar!\" src=\"https:\/\/www.aarquiteta.com.br\/blog\/wp-content\/uploads\/2019\/10\/lareira_branca_com_dois_quadros_em_cima.jpg\" alt=\"Decora\u00e7\u00e3o com quadros - 12 ambientes para voc\u00ea se inspirar!\" width=\"1042\" height=\"647\" srcset=\"https:\/\/www.aarquiteta.com.br\/blog\/wp-content\/uploads\/2019\/10\/lareira_branca_com_dois_quadros_em_cima.jpg 1042w, https:\/\/www.aarquiteta.com.br\/blog\/wp-content\/uploads\/2019\/10\/lareira_branca_com_dois_quadros_em_cima-1024x636.jpg 1024w, https:\/\/www.aarquiteta.com.br\/blog\/wp-content\/uploads\/2019\/10\/lareira_branca_com_dois_quadros_em_cima-696x432.jpg 696w, https:\/\/www.aarquiteta.com.br\/blog\/wp-content\/uploads\/2019\/10\/lareira_branca_com_dois_quadros_em_cima-150x93.jpg 150w\" sizes=\"(max-width: 1042px) 100vw, 1042px\" \/><figcaption id=\"caption-attachment-32229\" class=\"wp-caption-text\"><span style=\"color: #2b2b2b; font-size: 16px;\">\u00a0<\/span><\/figcaption><\/figure>\n<p>Outro ponto importante \u00e9 escolher um tema para os seus quadros. Eles podem ter um tema em comum, como, por exemplo, imagens de flores ou de paisagens.<\/p>\n<p>Ou, ainda, podem contar uma hist\u00f3ria, como uma s\u00e9rie de quadros com fotos de viagens ou momentos marcantes da fam\u00edlia.<\/p>\n<p><img decoding=\"async\" class=\"alignnone wp-image-36995 size-full\" src=\"https:\/\/www.aarquiteta.com.br\/blog\/wp-content\/uploads\/2021\/11\/quadros-parede.jpg\" alt=\"Decora\u00e7\u00e3o com quadros - 12 ambientes para voc\u00ea se inspirar!\" width=\"1200\" height=\"800\" title=\"\" srcset=\"https:\/\/www.aarquiteta.com.br\/blog\/wp-content\/uploads\/2021\/11\/quadros-parede.jpg 1200w, https:\/\/www.aarquiteta.com.br\/blog\/wp-content\/uploads\/2021\/11\/quadros-parede-1024x683.jpg 1024w, https:\/\/www.aarquiteta.com.br\/blog\/wp-content\/uploads\/2021\/11\/quadros-parede-696x464.jpg 696w, https:\/\/www.aarquiteta.com.br\/blog\/wp-content\/uploads\/2021\/11\/quadros-parede-150x100.jpg 150w\" sizes=\"(max-width: 1200px) 100vw, 1200px\" \/><\/p>\n<h3>3 \u2014 Defina o tamanho dos quadros:<\/h3>\n<figure id=\"attachment_77276\" aria-describedby=\"caption-attachment-77276\" style=\"width: 1200px\" class=\"wp-caption alignnone\"><img decoding=\"async\" class=\"size-full wp-image-77276\" src=\"https:\/\/www.aarquiteta.com.br\/blog\/wp-content\/uploads\/2023\/03\/Decoracao-com-Quadros-7.jpg\" alt=\"Decora\u00e7\u00e3o com Quadros\" width=\"1200\" height=\"800\" title=\"\" srcset=\"https:\/\/www.aarquiteta.com.br\/blog\/wp-content\/uploads\/2023\/03\/Decoracao-com-Quadros-7.jpg 1200w, https:\/\/www.aarquiteta.com.br\/blog\/wp-content\/uploads\/2023\/03\/Decoracao-com-Quadros-7-1024x683.jpg 1024w, https:\/\/www.aarquiteta.com.br\/blog\/wp-content\/uploads\/2023\/03\/Decoracao-com-Quadros-7-696x464.jpg 696w, https:\/\/www.aarquiteta.com.br\/blog\/wp-content\/uploads\/2023\/03\/Decoracao-com-Quadros-7-150x100.jpg 150w\" sizes=\"(max-width: 1200px) 100vw, 1200px\" \/><figcaption id=\"caption-attachment-77276\" class=\"wp-caption-text\">Foto: Canva.com<\/figcaption><\/figure>\n<p>Antes de comprar os quadros, \u00e9 importante definir o tamanho ideal para cada ambiente.<\/p>\n<p>Para a sala de estar, por exemplo, voc\u00ea pode escolher quadros maiores, que chamem a aten\u00e7\u00e3o. J\u00e1 para a cozinha ou banheiro, quadros menores e com tem\u00e1ticas mais divertidas s\u00e3o uma boa op\u00e7\u00e3o.<\/p>\n<h3>4 \u2014 Combine quadros entre si e com a decora\u00e7\u00e3o:<\/h3>\n<figure id=\"attachment_77277\" aria-describedby=\"caption-attachment-77277\" style=\"width: 1200px\" class=\"wp-caption alignnone\"><img decoding=\"async\" class=\"size-full wp-image-77277\" src=\"https:\/\/www.aarquiteta.com.br\/blog\/wp-content\/uploads\/2023\/03\/Decoracao-com-Quadros-6.jpg\" alt=\"Decora\u00e7\u00e3o com Quadros\" width=\"1200\" height=\"800\" title=\"\" srcset=\"https:\/\/www.aarquiteta.com.br\/blog\/wp-content\/uploads\/2023\/03\/Decoracao-com-Quadros-6.jpg 1200w, https:\/\/www.aarquiteta.com.br\/blog\/wp-content\/uploads\/2023\/03\/Decoracao-com-Quadros-6-1024x683.jpg 1024w, https:\/\/www.aarquiteta.com.br\/blog\/wp-content\/uploads\/2023\/03\/Decoracao-com-Quadros-6-696x464.jpg 696w, https:\/\/www.aarquiteta.com.br\/blog\/wp-content\/uploads\/2023\/03\/Decoracao-com-Quadros-6-150x100.jpg 150w\" sizes=\"(max-width: 1200px) 100vw, 1200px\" \/><figcaption id=\"caption-attachment-77277\" class=\"wp-caption-text\">Foto: Canva.com<\/figcaption><\/figure>\n<p>Agora que voc\u00ea j\u00e1 escolheu os quadros ideais, \u00e9 hora de combin\u00e1-los entre si e com a decora\u00e7\u00e3o do ambiente.<\/p>\n<p>Para isso, \u00e9 importante considerar as cores e os estilos dos quadros e da decora\u00e7\u00e3o, para criar uma composi\u00e7\u00e3o harm\u00f4nica.<\/p>\n<h3>5 \u2014 Use a criatividade na disposi\u00e7\u00e3o dos quadros<\/h3>\n<p><img decoding=\"async\" class=\"aligncenter wp-image-26544 size-full\" src=\"https:\/\/www.aarquiteta.com.br\/blog\/wp-content\/uploads\/2019\/07\/Sala_com_quadros_tons-_cinza..jpg\" alt=\"\" width=\"917\" height=\"610\" title=\"\" srcset=\"https:\/\/www.aarquiteta.com.br\/blog\/wp-content\/uploads\/2019\/07\/Sala_com_quadros_tons-_cinza..jpg 917w, https:\/\/www.aarquiteta.com.br\/blog\/wp-content\/uploads\/2019\/07\/Sala_com_quadros_tons-_cinza.-696x463.jpg 696w, https:\/\/www.aarquiteta.com.br\/blog\/wp-content\/uploads\/2019\/07\/Sala_com_quadros_tons-_cinza.-150x100.jpg 150w\" sizes=\"(max-width: 917px) 100vw, 917px\" \/><\/p>\n<p>A disposi\u00e7\u00e3o dos quadros tamb\u00e9m \u00e9 muito importante para criar um efeito visual interessante.<\/p>\n<p>Voc\u00ea pode optar por dispor os quadros de forma sim\u00e9trica, com tamanhos e molduras iguais, ou de forma assim\u00e9trica, criando uma composi\u00e7\u00e3o mais livre e criativa.<\/p>\n<h2>Dicas de decora\u00e7\u00e3o com quadros para cada ambiente:<\/h2>\n<ul>\n<li>Sala de estar: quadros maiores, com molduras trabalhadas e imagens marcantes, s\u00e3o uma \u00f3tima op\u00e7\u00e3o para criar um ponto focal na parede. Voc\u00ea tamb\u00e9m pode optar por uma composi\u00e7\u00e3o assim\u00e9trica, misturando diferentes tamanhos e temas de quadros;<\/li>\n<li>Quarto: quadros com imagens suaves, como flores ou paisagens, ajudam a criar uma atmosfera tranquila e relaxante no ambiente. Voc\u00ea pode optar por uma composi\u00e7\u00e3o sim\u00e9trica, com quadros iguais e alinhados, ou por uma composi\u00e7\u00e3o mais livre, com diferentes tamanhos e molduras;<\/li>\n<li>Cozinha: quadros com tem\u00e1ticas divertidas, como imagens de alimentos ou utens\u00edlios de cozinha, s\u00e3o uma boa op\u00e7\u00e3o para dar um toque de humor \u00e0 decora\u00e7\u00e3o. Voc\u00ea pode optar por uma composi\u00e7\u00e3o assim\u00e9trica, misturando diferentes tamanhos e temas de quadros;<\/li>\n<li>Banheiro: quadros menores e com tem\u00e1ticas mais divertidas, como imagens de animais ou frases motivacionais, s\u00e3o uma boa op\u00e7\u00e3o para dar um toque de personalidade \u00e0 decora\u00e7\u00e3o. Voc\u00ea pode optar por uma composi\u00e7\u00e3o sim\u00e9trica, com quadros iguais e alinhados, ou por uma composi\u00e7\u00e3o mais livre, com diferentes tamanhos e molduras;<\/li>\n<li>Home office: quadros com frases motivacionais, imagens de viagens ou ilustra\u00e7\u00f5es abstratas podem ajudar a criar um ambiente inspirador e produtivo. Voc\u00ea pode optar por uma composi\u00e7\u00e3o assim\u00e9trica, misturando diferentes tamanhos e temas de quadros.<\/li>\n<\/ul>\n<h2>Como pendurar os quadros?<\/h2>\n<figure id=\"attachment_77279\" aria-describedby=\"caption-attachment-77279\" style=\"width: 1200px\" class=\"wp-caption alignnone\"><img decoding=\"async\" class=\"size-full wp-image-77279\" src=\"https:\/\/www.aarquiteta.com.br\/blog\/wp-content\/uploads\/2023\/03\/Decoracao-com-Quadros-4.jpg\" alt=\"Decora\u00e7\u00e3o com Quadros\" width=\"1200\" height=\"800\" title=\"\" srcset=\"https:\/\/www.aarquiteta.com.br\/blog\/wp-content\/uploads\/2023\/03\/Decoracao-com-Quadros-4.jpg 1200w, https:\/\/www.aarquiteta.com.br\/blog\/wp-content\/uploads\/2023\/03\/Decoracao-com-Quadros-4-1024x683.jpg 1024w, https:\/\/www.aarquiteta.com.br\/blog\/wp-content\/uploads\/2023\/03\/Decoracao-com-Quadros-4-696x464.jpg 696w, https:\/\/www.aarquiteta.com.br\/blog\/wp-content\/uploads\/2023\/03\/Decoracao-com-Quadros-4-150x100.jpg 150w\" sizes=\"(max-width: 1200px) 100vw, 1200px\" \/><figcaption id=\"caption-attachment-77279\" class=\"wp-caption-text\">Foto: Canva.com<\/figcaption><\/figure>\n<p>Para pendurar os quadros, \u00e9 importante considerar a altura ideal para cada ambiente.<\/p>\n<p>Em geral, o centro do quadro deve estar na altura dos olhos, ou seja, a cerca de 1,60m do ch\u00e3o.<\/p>\n<p>Se voc\u00ea for pendurar uma composi\u00e7\u00e3o de quadros, \u00e9 importante definir primeiro a disposi\u00e7\u00e3o deles no ch\u00e3o, para ter uma ideia de como ficar\u00e1 na parede.<\/p>\n<h2>Cuidados na escolha dos quadros:<\/h2>\n<h3><img decoding=\"async\" class=\"aligncenter wp-image-26543 size-full\" src=\"https:\/\/www.aarquiteta.com.br\/blog\/wp-content\/uploads\/2019\/07\/Sala_com_quadro_pintado_a_ol\u00e9o..jpg\" alt=\"\" width=\"917\" height=\"606\" title=\"\" srcset=\"https:\/\/www.aarquiteta.com.br\/blog\/wp-content\/uploads\/2019\/07\/Sala_com_quadro_pintado_a_ol\u00e9o..jpg 917w, https:\/\/www.aarquiteta.com.br\/blog\/wp-content\/uploads\/2019\/07\/Sala_com_quadro_pintado_a_ol\u00e9o.-696x460.jpg 696w, https:\/\/www.aarquiteta.com.br\/blog\/wp-content\/uploads\/2019\/07\/Sala_com_quadro_pintado_a_ol\u00e9o.-150x99.jpg 150w\" sizes=\"(max-width: 917px) 100vw, 917px\" \/><\/h3>\n<p>Al\u00e9m de escolher os quadros certos para cada ambiente, \u00e9 importante tomar alguns cuidados na hora da escolha.<\/p>\n<p>Verifique se o tamanho do quadro \u00e9 proporcional ao espa\u00e7o dispon\u00edvel na parede, evite misturar estilos muito diferentes e procure harmonizar as cores dos quadros com a decora\u00e7\u00e3o do ambiente.<\/p>\n<h2>Conclus\u00e3o:<\/h2>\n<figure id=\"attachment_77272\" aria-describedby=\"caption-attachment-77272\" style=\"width: 1200px\" class=\"wp-caption alignnone\"><img decoding=\"async\" class=\"size-full wp-image-77272\" src=\"https:\/\/www.aarquiteta.com.br\/blog\/wp-content\/uploads\/2023\/03\/Decoracao-com-Quadros-11.jpg\" alt=\"Decora\u00e7\u00e3o com Quadros\" width=\"1200\" height=\"800\" title=\"\" srcset=\"https:\/\/www.aarquiteta.com.br\/blog\/wp-content\/uploads\/2023\/03\/Decoracao-com-Quadros-11.jpg 1200w, https:\/\/www.aarquiteta.com.br\/blog\/wp-content\/uploads\/2023\/03\/Decoracao-com-Quadros-11-1024x683.jpg 1024w, https:\/\/www.aarquiteta.com.br\/blog\/wp-content\/uploads\/2023\/03\/Decoracao-com-Quadros-11-696x464.jpg 696w, https:\/\/www.aarquiteta.com.br\/blog\/wp-content\/uploads\/2023\/03\/Decoracao-com-Quadros-11-150x100.jpg 150w\" sizes=\"(max-width: 1200px) 100vw, 1200px\" \/><figcaption id=\"caption-attachment-77272\" class=\"wp-caption-text\">Foto: Canva.com<\/figcaption><\/figure>\n<p>Decorar a casa com quadros \u00e9 uma \u00f3tima op\u00e7\u00e3o para renovar a decora\u00e7\u00e3o sem gastar muito.<\/p>\n<p>Com criatividade e bom gosto, \u00e9 poss\u00edvel escolher e dispor os quadros de forma harmoniosa e personalizada, criando uma atmosfera \u00fanica em cada ambiente.<\/p>\n<p>Lembre-se de considerar o seu estilo pessoal, o tema dos quadros, o tamanho ideal para cada ambiente e a disposi\u00e7\u00e3o mais adequada para criar uma composi\u00e7\u00e3o harmoniosa e interessante.<\/p>\n<h2>Perguntas Frequentes:<\/h2>\n<h3>Posso misturar diferentes estilos de quadros na mesma parede?<\/h3>\n<p>Sim, \u00e9 poss\u00edvel misturar diferentes estilos de quadros na mesma parede, se houver uma harmonia entre eles.<\/p>\n<h3>Qual \u00e9 a altura ideal para pendurar os quadros?<\/h3>\n<p>Em geral, o centro do quadro deve estar a cerca de 1,60m do ch\u00e3o.<\/p>\n<h3>Posso pendurar quadros em paredes coloridas?<\/h3>\n<p>Sim, \u00e9 poss\u00edvel pendurar quadros em paredes coloridas. Nesse caso, \u00e9 importante escolher quadros que harmonizem com a cor da parede.<\/p>\n<h3>Como escolher a moldura dos quadros?<\/h3>\n<p>A escolha da moldura depende do estilo da decora\u00e7\u00e3o e do pr\u00f3prio quadro. Molduras mais trabalhadas s\u00e3o ideais para quadros cl\u00e1ssicos, enquanto molduras mais simples combinam com quadros modernos.<\/p>\n<h3>Posso usar outros objetos decorativos com os quadros?<\/h3>\n<p>Sim, \u00e9 poss\u00edvel usar outros objetos decorativos com os quadros, se houver uma harmonia entre eles. Vasos, plantas e lumin\u00e1rias s\u00e3o algumas op\u00e7\u00f5es que podem complementar a decora\u00e7\u00e3o com quadros.<\/p>\n<h3>E a\u00ed, gostou do artigo sobre Decora\u00e7\u00e3o com quadros \u2014 Confira algumas que v\u00e3o te ajudar?<\/h3>\n<p>Ent\u00e3o deslize a tela para baixo e<a href=\"https:\/\/br.pinterest.com\/aarquitetapinterest\/_created\/\" target=\"_blank\" rel=\"noopener\"> confira mais dicas<\/a> como esta e n\u00e3o se esque\u00e7a de compartilhar com os amigos!<\/p>\n<p>Quer mais dicas sobre o mundo da arquitetura e decora\u00e7\u00e3o? Ent\u00e3o, confira alguns dos nossos artigos em:<\/p>\n<ul>\n<li><a href=\"https:\/\/www.aarquiteta.com.br\/blog\/paisagismo\/\" target=\"_blank\" rel=\"noopener\">Casa e Jardim<\/a><\/li>\n<li><a href=\"https:\/\/www.aarquiteta.com.br\/blog\/arquitetura\/mundo-arquitetura\/\" target=\"_blank\" rel=\"noopener\">Mundo Arquitetura<\/a><\/li>\n<li><a href=\"https:\/\/www.aarquiteta.com.br\/decoracao\/\" target=\"_blank\" rel=\"noopener\">Decora\u00e7\u00e3o<br \/>\n<\/a><\/li>\n<\/ul>\n","protected":false},"excerpt":{"rendered":"<p>Decora\u00e7\u00e3o com quadros \u2014 Confira algumas dicas que v\u00e3o te ajudar na hora de deixar sua casa mais bonita. Saiba como utilizar quadros na decora\u00e7\u00e3o da sua casa e transformar a apar\u00eancia dos ambientes. A decora\u00e7\u00e3o com quadros \u00e9 uma das maneiras mais simples e eficazes de transformar um ambiente. Com uma vasta gama de [&hellip;]<\/p>\n","protected":false},"author":102,"featured_media":77283,"comment_status":"closed","ping_status":"closed","sticky":false,"template":"","format":"standard","meta":{"footnotes":""},"categories":[1484,35414,10005,20353,18766,35420,35399],"tags":[3282,5611,1781,1532,336,10943,10942,28004,5425,27604,2289,4590,1194,7906,1876,2172,2173],"class_list":["post-40404","post","type-post","status-publish","format-standard","has-post-thumbnail","category-decoracao","category-acessorios-para-decoracao","category-casa-e-jardim","category-home-decor","category-produtos","category-quadros-e-posteres-acessorios-para-decoracao","category-quadros-e-posteres","tag-ambiente","tag-composicao","tag-cozinha","tag-criatividade","tag-decoracao","tag-decoracao-com-quadros","tag-dicas-de-decoracao-com-quadros","tag-disposicao","tag-estilo","tag-harmonia","tag-home-office","tag-molduras","tag-paredes","tag-personalidade","tag-quadros","tag-quarto","tag-sala-de-estar"],"_wp_attached_file":null,"_wp_attachment_metadata":null,"_wp_attachment_context":null,"_wp_attachment_is_custom_header":null,"geo_longitude":null,"geo_public":null,"geo_latitude":null,"_publicize_done_external":null,"_wpas_done_3897181":null,"publicize_twitter_user":null,"_wpas_done_3897175":null,"_wpas_skip_3897181":null,"_wpas_skip_3897175":null,"_wpas_skip_3924723":null,"_wpas_mess":null,"_wpas_done_3924723":null,"wps_subtitle":"Aprenda a fazer decora\u00e7\u00e3o com quadros e transforme a apar\u00eancia dos ambientes com estilo e criatividade.","_links":{"self":[{"href":"https:\/\/www.aarquiteta.com.br\/blog\/wp-json\/wp\/v2\/posts\/40404","targetHints":{"allow":["GET"]}}],"collection":[{"href":"https:\/\/www.aarquiteta.com.br\/blog\/wp-json\/wp\/v2\/posts"}],"about":[{"href":"https:\/\/www.aarquiteta.com.br\/blog\/wp-json\/wp\/v2\/types\/post"}],"author":[{"embeddable":true,"href":"https:\/\/www.aarquiteta.com.br\/blog\/wp-json\/wp\/v2\/users\/102"}],"replies":[{"embeddable":true,"href":"https:\/\/www.aarquiteta.com.br\/blog\/wp-json\/wp\/v2\/comments?post=40404"}],"version-history":[{"count":0,"href":"https:\/\/www.aarquiteta.com.br\/blog\/wp-json\/wp\/v2\/posts\/40404\/revisions"}],"wp:featuredmedia":[{"embeddable":true,"href":"https:\/\/www.aarquiteta.com.br\/blog\/wp-json\/wp\/v2\/media\/77283"}],"wp:attachment":[{"href":"https:\/\/www.aarquiteta.com.br\/blog\/wp-json\/wp\/v2\/media?parent=40404"}],"wp:term":[{"taxonomy":"category","embeddable":true,"href":"https:\/\/www.aarquiteta.com.br\/blog\/wp-json\/wp\/v2\/categories?post=40404"},{"taxonomy":"post_tag","embeddable":true,"href":"https:\/\/www.aarquiteta.com.br\/blog\/wp-json\/wp\/v2\/tags?post=40404"}],"curies":[{"name":"wp","href":"https:\/\/api.w.org\/{rel}","templated":true}]}}