{"id":40357,"date":"2022-01-26T14:05:14","date_gmt":"2022-01-26T17:05:14","guid":{"rendered":"http:\/\/aarquiteta.com.br\/?p=40357"},"modified":"2024-10-11T14:32:12","modified_gmt":"2024-10-11T17:32:12","slug":"mesa-de-centro-como-escolher","status":"publish","type":"post","link":"https:\/\/www.aarquiteta.com.br\/blog\/mesa-de-centro-como-escolher\/","title":{"rendered":"Mesa de centro: Dicas de como escolher a melhor para sua sala"},"content":{"rendered":"<p><img decoding=\"async\" class=\"alignnone wp-image-41422 size-full\" src=\"https:\/\/www.aarquiteta.com.br\/blog\/wp-content\/uploads\/2022\/01\/mesa-de-centro.jpg\" alt=\"mesa de centro\" width=\"700\" height=\"400\" title=\"\" srcset=\"https:\/\/www.aarquiteta.com.br\/blog\/wp-content\/uploads\/2022\/01\/mesa-de-centro.jpg 700w, https:\/\/www.aarquiteta.com.br\/blog\/wp-content\/uploads\/2022\/01\/mesa-de-centro-696x398.jpg 696w, https:\/\/www.aarquiteta.com.br\/blog\/wp-content\/uploads\/2022\/01\/mesa-de-centro-150x86.jpg 150w\" sizes=\"(max-width: 700px) 100vw, 700px\" \/><\/p><p><a href=\"https:\/\/www.aarquiteta.com.br\/blog\/home-decor\/moveis\/mesas-e-cadeiras\/\" class=\"ilj-generated-link\">Mesa<\/a> de centro: Dicas de como escolher a melhor para sua sala<\/p><h2 id=\"tw-target-text\" class=\"tw-data-text tw-text-large tw-ta\" dir=\"ltr\" data-placeholder=\"Tradu\u00e7\u00e3o\"><span class=\"Y2IQFc\" lang=\"pt\">Mesas de centro de estilo minimalista: refinamento formal<\/span><\/h2><div class=\"article-info mtb--normal lh--1-5 c--main-800 d--flex ai--center\"><\/div><div class=\"excerpt-image d--flex jsx-3361092747\"><div class=\"article-exerpt jsx-385497322 mb--x-medium mtb--normal pr--normal ptb--small c--grey-neutral-800\"><p id=\"tw-target-text\" class=\"tw-data-text tw-text-large tw-ta\" dir=\"ltr\" data-placeholder=\"Tradu\u00e7\u00e3o\"><span class=\"Y2IQFc\" lang=\"pt\">Uma mesa de centro <a href=\"https:\/\/www.aarquiteta.com.br\/blog\/decoracao\/estilos-de-decoracao-de-interiores\/estilo-minimalista-na-decoracao\/\" class=\"ilj-generated-link\">minimalista<\/a> transmite diferentes sensa\u00e7\u00f5es, incluindo requinte, transpar\u00eancia e luz. Aprenda a reduzir seus m\u00f3veis \u00e0 m\u00e1xima simplicidade com nossas dicas sobre mesas de centro de estilo minimalista.<\/span><\/p><\/div><figure class=\"jsx-2644691033 figure jsx-2087436269 is--full-width excerpt-image__figure jsx-3361092747 d--block of--cover mtb--x-medium p--relative\"><div class=\"jsx-2644691033 image__container jsx-2087436269\"><div><img decoding=\"async\" class=\"figure__image jsx-2087436269 w--100 h--100 d--block p--relative alignnone\" src=\"https:\/\/www.aarquiteta.com.br\/blog\/wp-content\/uploads\/2024\/10\/minimalist-tables-1024x817-1-768x613.png\" sizes=\"100vw\" srcset=\"https:\/\/www.aarquiteta.com.br\/blog\/wp-content\/uploads\/2024\/10\/minimalist-tables-1024x817-1-768x613.png,smart,safe 384w, https:\/\/www.aarquiteta.com.br\/blog\/wp-content\/uploads\/2024\/10\/minimalist-tables-1024x817-1-768x613.png,smart,safe 640w, https:\/\/www.aarquiteta.com.br\/blog\/wp-content\/uploads\/2024\/10\/minimalist-tables-1024x817-1-768x613.png,smart,safe 750w, https:\/\/www.aarquiteta.com.br\/blog\/wp-content\/uploads\/2024\/10\/minimalist-tables-1024x817-1-768x613.png,smart,safe 828w, https:\/\/www.aarquiteta.com.br\/blog\/wp-content\/uploads\/2024\/10\/minimalist-tables-1024x817-1-768x613.png,smart,safe 1080w, https:\/\/www.aarquiteta.com.br\/blog\/wp-content\/uploads\/2024\/10\/minimalist-tables-1024x817-1-768x613.png,smart,safe 1200w, https:\/\/www.aarquiteta.com.br\/blog\/wp-content\/uploads\/2024\/10\/minimalist-tables-1024x817-1-768x613.png 1920w\" alt=\"mesinha de centro minimalista\" width=\"815\" height=\"650\" title=\"\"><\/div><\/div><\/figure><\/div><div id=\"abf1eecf-4296-4423-a4c8-07b29381d337\" class=\"ads-box ads_box_container bc--grey-neutral-50 ads__medium jsx-1241999917 mt--big d--flex jc--center plr--normal\" data-ads-box=\"true\"><div class=\"ads-box__children jsx-1241999917 bc--grey-neutral-50 plr--small pt--medium pb--x-medium p--relative d--flex jc--flex-start ai--center fd--column\"><div class=\"ads_box_container jsx-1241999917 ad-label-text p--sticky\"><div id=\"ad-slot-e71ab8a3-67a8-411e-bd6c-dc3d2da63ee2\" class=\"jsx-1241999917 ad-slot\" data-unit=\"\/7120678\/mcontigo\/decortips.com\" data-type=\"box\" data-sm-sizes=\"[[300, 100], [300, 250], [300, 300], [300, 600], [320, 50], [320, 100]]\" data-lg-sizes=\"[[600, 180], [600, 90], [300, 250], [336, 280]]\" data-keep-size=\"false\" data-targets-tags=\"\" data-targets-post-id=\"33609\" data-targets-section=\"single\" data-targets-env=\"desktop\" data-targets-domain=\"decortips.com\" data-targets-tenant=\"decortips.com\" data-targets-locale=\"en\" data-targets-vertical=\"decor\" data-google-query-id=\"COed_PucsfUCFZ42uQYdSrQEsA\"><div id=\"google_ads_iframe_\/7120678\/mcontigo\/decortips.com_6__container__\"><\/div><\/div><\/div><\/div><\/div><p id=\"tw-target-text\" class=\"tw-data-text tw-text-large tw-ta\" dir=\"ltr\" data-placeholder=\"Tradu\u00e7\u00e3o\"><span class=\"Y2IQFc\" lang=\"pt\">A decora\u00e7\u00e3o da casa deve ser definida por meio de recursos que ofere\u00e7am relev\u00e2ncia est\u00e9tica. <\/span><\/p><p class=\"tw-data-text tw-text-large tw-ta\" dir=\"ltr\" data-placeholder=\"Tradu\u00e7\u00e3o\"><span class=\"Y2IQFc\" lang=\"pt\">Por isso, vamos aprender sobre\u00a0mesas de centro de estilo minimalista,\u00a0seu papel no refinamento formal e redu\u00e7\u00e3o dos meios de express\u00e3o. <\/span><\/p><p class=\"tw-data-text tw-text-large tw-ta\" dir=\"ltr\" data-placeholder=\"Tradu\u00e7\u00e3o\"><span class=\"Y2IQFc\" lang=\"pt\">A tend\u00eancia das \u00faltimas duas d\u00e9cadas se concentrou, fundamentalmente, na composi\u00e7\u00e3o de\u00a0designs muito mais simples e funcionais. <\/span><\/p><p class=\"tw-data-text tw-text-large tw-ta\" dir=\"ltr\" data-placeholder=\"Tradu\u00e7\u00e3o\"><span class=\"Y2IQFc\" lang=\"pt\">Podemos eliminar a ideia de recarregar m\u00f3veis com ornamentos. <\/span><\/p><p class=\"tw-data-text tw-text-large tw-ta\" dir=\"ltr\" data-placeholder=\"Tradu\u00e7\u00e3o\"><span class=\"Y2IQFc\" lang=\"pt\">Sob a superf\u00edcie, abriu-se um novo campo de interesse que \u00e9 realmente atraente.<\/span><\/p><p class=\"tw-data-text tw-text-large tw-ta\" dir=\"ltr\" data-placeholder=\"Tradu\u00e7\u00e3o\"><span class=\"Y2IQFc\" lang=\"pt\">Quando falamos de\u00a0inova\u00e7\u00e3o e evolu\u00e7\u00e3o art\u00edstica, estamos nos referindo justamente a outras abordagens carregadas de simplicidade. <\/span><\/p><p class=\"tw-data-text tw-text-large tw-ta\" dir=\"ltr\" data-placeholder=\"Tradu\u00e7\u00e3o\"><span class=\"Y2IQFc\" lang=\"pt\">N\u00e3o \u00e9 necess\u00e1rio encher seus interiores com ornamentos, basta ter o que voc\u00ea realmente precisa.<\/span><\/p><h2 id=\"tw-target-text\" class=\"tw-data-text tw-text-large tw-ta\" dir=\"ltr\" data-placeholder=\"Tradu\u00e7\u00e3o\"><span class=\"Y2IQFc\" lang=\"pt\">Caracter\u00edsticas do minimalismo<\/span><\/h2><figure class=\"jsx-2644691033 figure jsx-2087436269 is--full-width mt--normal mb--normal p--relative\"><div class=\"jsx-2644691033 image__container jsx-2087436269\"><div class=\" LazyImage image__size\"><div><\/div><\/div><\/div><figcaption class=\"jsx-2644691033 ff--sans bc--grey-cold-50 c--grey-cold-500 p--normal lh--1-5\">Image: pinterest.es<\/figcaption><\/figure><div id=\"article-content-ads\" class=\"ads-box ads_box_container bc--grey-neutral-50 ads__medium jsx-1241999917 jsx-2848577854 d--flex jc--center plr--normal\" data-ads-box=\"true\"><div class=\"ads-box__children jsx-1241999917 bc--grey-neutral-50 plr--small pt--medium pb--x-medium p--relative d--flex jc--flex-start ai--center fd--column\"><div class=\"ads_box_container jsx-1241999917 ad-label-text p--sticky\"><div id=\"ad-slot-8fc8ccf9-0e31-4260-9922-adfaaebdfa5b\" class=\"jsx-1241999917 ad-slot\" data-unit=\"\/7120678\/mcontigo\/decortips.com\" data-type=\"box\" data-sm-sizes=\"[[300, 100], [300, 250], [300, 300], [300, 600], [320, 50], [320, 100]]\" data-lg-sizes=\"[[600, 180], [600, 90], [300, 250], [336, 280]]\" data-keep-size=\"false\" data-targets-tags=\"\" data-targets-post-id=\"33609\" data-targets-section=\"single\" data-targets-env=\"desktop\" data-targets-domain=\"decortips.com\" data-targets-tenant=\"decortips.com\" data-targets-locale=\"en\" data-targets-vertical=\"decor\" data-google-query-id=\"CPHtqfycsfUCFQUGuQYdQ9wCrA\"><div id=\"google_ads_iframe_\/7120678\/mcontigo\/decortips.com_3__container__\"><\/div><\/div><\/div><\/div><\/div><p id=\"tw-target-text\" class=\"tw-data-text tw-text-large tw-ta\" dir=\"ltr\" data-placeholder=\"Tradu\u00e7\u00e3o\"><span class=\"Y2IQFc\" lang=\"pt\">Um princ\u00edpio intr\u00ednseco nesse estilo \u00e9 a aus\u00eancia de\u00a0desordem. <\/span><\/p><p class=\"tw-data-text tw-text-large tw-ta\" dir=\"ltr\" data-placeholder=\"Tradu\u00e7\u00e3o\"><span class=\"Y2IQFc\" lang=\"pt\">A decora\u00e7\u00e3o tamb\u00e9m se resume a um conceito de\u00a0design\u00a0b\u00e1sico. Ou seja, tanto a decora\u00e7\u00e3o como os acess\u00f3rios seguem um formato sint\u00e9tico onde a geometria desempenha um papel muito importante. <\/span><\/p><p class=\"tw-data-text tw-text-large tw-ta\" dir=\"ltr\" data-placeholder=\"Tradu\u00e7\u00e3o\"><span class=\"Y2IQFc\" lang=\"pt\">Harmonia e equil\u00edbrio est\u00e3o claramente presentes. Al\u00e9m disso, em todos os momentos h\u00e1 uma rela\u00e7\u00e3o entre cada um dos elementos que comp\u00f5em o espa\u00e7o.<\/span><\/p><p class=\"tw-data-text tw-text-large tw-ta\" dir=\"ltr\" data-placeholder=\"Tradu\u00e7\u00e3o\"><span class=\"Y2IQFc\" lang=\"pt\"> Ao fazer isso, voc\u00ea alcan\u00e7ar\u00e1 um \u00fanico objetivo: reduzir as estruturas \u00e0s suas formas mais b\u00e1sicas. Voc\u00ea pode alcan\u00e7ar o\u00a0minimalismo\u00a0assumindo que\u00a0a austeridade e a sobriedade ocupam o centro do palco. <\/span><\/p><p class=\"tw-data-text tw-text-large tw-ta\" dir=\"ltr\" data-placeholder=\"Tradu\u00e7\u00e3o\"><span class=\"Y2IQFc\" lang=\"pt\">O car\u00e1ter de cada linha \u00e9 meticuloso e preciso. Poderia ser considerado como a ant\u00edtese do\u00a0Barroco\u00a0e outros preceitos mais cl\u00e1ssicos.<\/span><\/p><h2 id=\"tw-target-text\" class=\"tw-data-text tw-text-large tw-ta\" dir=\"ltr\" data-placeholder=\"Tradu\u00e7\u00e3o\"><span class=\"Y2IQFc\" lang=\"pt\">Tr\u00eas tipos de mesas de centro de estilo minimalista<\/span><\/h2><figure class=\"jsx-2644691033 figure jsx-2087436269 is--full-width mt--normal mb--normal p--relative\"><div class=\"jsx-2644691033 image__container jsx-2087436269\"><div class=\" LazyImage image__size\"><div><\/div><\/div><\/div><figcaption class=\"jsx-2644691033 ff--sans bc--grey-cold-50 c--grey-cold-500 p--normal lh--1-5\">Image: akasamuebles.es<\/figcaption><\/figure><div id=\"article-content-ads\" class=\"ads-box ads_box_container bc--grey-neutral-50 ads__medium jsx-1241999917 jsx-2848577854 d--flex jc--center plr--normal\" data-ads-box=\"true\"><div class=\"ads-box__children jsx-1241999917 bc--grey-neutral-50 plr--small pt--medium pb--x-medium p--relative d--flex jc--flex-start ai--center fd--column\"><div class=\"ads_box_container jsx-1241999917 ad-label-text p--sticky\"><div id=\"ad-slot-b7192db8-2a18-45ec-80ad-b18f61e3d3cb\" class=\"jsx-1241999917 ad-slot\" data-unit=\"\/7120678\/mcontigo\/decortips.com\" data-type=\"box\" data-sm-sizes=\"[[300, 100], [300, 250], [300, 300], [300, 600], [320, 50], [320, 100]]\" data-lg-sizes=\"[[600, 180], [600, 90], [300, 250], [336, 280]]\" data-keep-size=\"false\" data-targets-tags=\"\" data-targets-post-id=\"33609\" data-targets-section=\"single\" data-targets-env=\"desktop\" data-targets-domain=\"decortips.com\" data-targets-tenant=\"decortips.com\" data-targets-locale=\"en\" data-targets-vertical=\"decor\" data-google-query-id=\"CJSGkIudsfUCFVE1uQYd3J0Iwg\"><div id=\"google_ads_iframe_\/7120678\/mcontigo\/decortips.com_10__container__\"><\/div><\/div><\/div><\/div><\/div><p id=\"tw-target-text\" class=\"tw-data-text tw-text-large tw-ta\" dir=\"ltr\" data-placeholder=\"Tradu\u00e7\u00e3o\"><span class=\"Y2IQFc\" lang=\"pt\">As lojas de decora\u00e7\u00e3o costumam ter uma se\u00e7\u00e3o inteira relacionada a esse estilo. A variedade de mesas de centro \u00e9 muito ampla\u00a0e garantem todos os tipos de possibilidades para combinar com seu espa\u00e7o. Vejamos as tr\u00eas tipologias mais vendidas no mercado:<\/span><\/p><ol class=\"jsx-4035755017 list-on-content mlr--x-big mtb--big c--grey-neutral-800 lh--1-8 ff--serif lst--decimal\"><li><p id=\"tw-target-text\" class=\"tw-data-text tw-text-large tw-ta\" dir=\"ltr\" data-placeholder=\"Tradu\u00e7\u00e3o\"><span class=\"Y2IQFc\" lang=\"pt\">O formato mais comum \u00e9 aquele formado por\u00a0\u00e2ngulos retos e com extremidades perfeitamente delimitadas. As pernas s\u00e3o fixadas precisamente nos cantos, refletindo a simplicidade em sua forma mais pura. Eles podem ser retangulares e quadrados.<\/span><\/p><\/li><li><p id=\"tw-target-text\" class=\"tw-data-text tw-text-large tw-ta\" dir=\"ltr\" data-placeholder=\"Tradu\u00e7\u00e3o\"><span class=\"Y2IQFc\" lang=\"pt\">Outro caso muito interessante s\u00e3o aqueles com pernas que partem do centro, numa disposi\u00e7\u00e3o obl\u00edqua. Apoiam o tampo de forma que fique em balan\u00e7o e, portanto, oferece espacialidade na parte inferior. Eles est\u00e3o dispon\u00edveis em designs retangulares ou circulares.<\/span><\/p><\/li><li><p id=\"tw-target-text\" class=\"tw-data-text tw-text-large tw-ta\" dir=\"ltr\" data-placeholder=\"Tradu\u00e7\u00e3o\"><span class=\"Y2IQFc\" lang=\"pt\">Um dos casos mais recorrentes \u00e9 aquele que combina linhas retas com curvas, passando pelas pernas e pelo tampo da mesa. Desta forma, h\u00e1 um maior dinamismo que representa ordem, equil\u00edbrio e funcionalidade, mas com um ligeiro contributo est\u00e9tico que \u00e9 algo \u00fanico.<\/span><\/p><\/li><\/ol><div id=\"article-content-ads\" class=\"ads-box ads_box_container bc--grey-neutral-50 ads__medium jsx-1241999917 jsx-2848577854 d--flex jc--center plr--normal\" data-ads-box=\"true\"><div class=\"ads-box__children jsx-1241999917 bc--grey-neutral-50 plr--small pt--medium pb--x-medium p--relative d--flex jc--flex-start ai--center fd--column\"><div class=\"ads_box_container jsx-1241999917 ad-label-text p--sticky\"><div id=\"ad-slot-149181e2-343d-427b-918d-3a50284013cd\" class=\"jsx-1241999917 ad-slot\" data-unit=\"\/7120678\/mcontigo\/decortips.com\" data-type=\"box\" data-sm-sizes=\"[[300, 100], [300, 250], [300, 300], [300, 600], [320, 50], [320, 100]]\" data-lg-sizes=\"[[600, 180], [600, 90], [300, 250], [336, 280]]\" data-keep-size=\"false\" data-targets-tags=\"\" data-targets-post-id=\"33609\" data-targets-section=\"single\" data-targets-env=\"desktop\" data-targets-domain=\"decortips.com\" data-targets-tenant=\"decortips.com\" data-targets-locale=\"en\" data-targets-vertical=\"decor\" data-google-query-id=\"CMHLkYudsfUCFVE1uQYd3J0Iwg\"><div id=\"google_ads_iframe_\/7120678\/mcontigo\/decortips.com_11__container__\"><p><span style=\"font-size: 24px; font-weight: bold;\">Usando vidro em uma mesa de centro minimalista<\/span><\/p><\/div><\/div><\/div><\/div><\/div><figure class=\"jsx-2644691033 figure jsx-2087436269 is--full-width mt--normal mb--normal p--relative\"><div class=\"jsx-2644691033 image__container jsx-2087436269\"><div class=\" LazyImage image__size\"><div><\/div><\/div><\/div><figcaption class=\"jsx-2644691033 ff--sans bc--grey-cold-50 c--grey-cold-500 p--normal lh--1-5\">Image: pinterest.es<\/figcaption><\/figure><p>O vidro enriquece o <a href=\"https:\/\/www.aarquiteta.com.br\/blog\/cursos-de-arquitetura-e-decoracao\/curso-de-design-de-interiores\/\">design de interiores<\/a> com uma sensa\u00e7\u00e3o mais elegante e refinada. Baseada nos conceitos de opacidade e clareza, sua combina\u00e7\u00e3o com outros materiais como metal ou madeira cria um contraste agrad\u00e1vel.<\/p><p>A mesa central em frente ao <a href=\"https:\/\/www.aarquiteta.com.br\/blog\/?s=SOFA\">sof\u00e1<\/a> se destaca. Al\u00e9m disso, embora o suporte seja poss\u00edvel, o vidro n\u00e3o entra em conflito com nenhum esquema de cores. Ent\u00e3o voc\u00ea precisa saber como escolher a sombra corretamente.<\/p><p>O tipo redondo ou oval apresenta maior n\u00edvel de sofistica\u00e7\u00e3o e contrasta com as linhas retas do sof\u00e1. Se voc\u00ea deseja real\u00e7ar a linha do horizonte, um formato mais reto \u00e9 recomendado para tranquilidade e estabilidade.<\/p><h2 id=\"why-choose-minimalist-style-center-tables\" class=\"jsx-3692753319 jsx-2566528898 c--main-600 mt--x-big pt--normal\">Por que escolher uma mesa de centro de estilo minimalista?<\/h2><div id=\"article-content-ads\" class=\"ads-box ads_box_container bc--grey-neutral-50 ads__medium jsx-1241999917 jsx-2848577854 d--flex jc--center plr--normal\" data-ads-box=\"true\"><div class=\"ads-box__children jsx-1241999917 bc--grey-neutral-50 plr--small pt--medium pb--x-medium p--relative d--flex jc--flex-start ai--center fd--column\"><div class=\"ads_box_container jsx-1241999917 ad-label-text p--sticky\"><div id=\"ad-slot-3f779f51-744b-4e47-9aa7-a76dd103ad59\" class=\"jsx-1241999917 ad-slot\" data-unit=\"\/7120678\/mcontigo\/decortips.com\" data-type=\"box\" data-sm-sizes=\"[[300, 100], [300, 250], [300, 300], [300, 600], [320, 50], [320, 100]]\" data-lg-sizes=\"[[600, 180], [600, 90], [300, 250], [336, 280]]\" data-keep-size=\"false\" data-targets-tags=\"\" data-targets-post-id=\"33609\" data-targets-section=\"single\" data-targets-env=\"desktop\" data-targets-domain=\"decortips.com\" data-targets-tenant=\"decortips.com\" data-targets-locale=\"en\" data-targets-vertical=\"decor\" data-google-query-id=\"CKXolIudsfUCFds4uQYdOMYJLA\"><div id=\"google_ads_iframe_\/7120678\/mcontigo\/decortips.com_12__container__\"><\/div><\/div><\/div><\/div><\/div><figure class=\"jsx-2644691033 figure jsx-2087436269 is--full-width mt--normal mb--normal p--relative\"><div class=\"jsx-2644691033 image__container jsx-2087436269\"><div class=\" LazyImage image__size\"><div><\/div><\/div><\/div><figcaption class=\"jsx-2644691033 ff--sans bc--grey-cold-50 c--grey-cold-500 p--normal lh--1-5\">Image: pinterest.es<\/figcaption><\/figure><p>Afinal, o minimalismo \u00e9 uma tend\u00eancia art\u00edstica que pode ser associada a outros estilos de decora\u00e7\u00e3o. Muitas vezes, experimentamos algum tipo de prazer, algum senso de conten\u00e7\u00e3o e refinamento, ao imaginar suas caracter\u00edsticas formais.<\/p><p>Se decidir optar por este tipo de mobili\u00e1rio, sem d\u00favida ter\u00e1 sucesso no look que pretende criar. N\u00e3o \u00e9 extravagante e configura-se como um elo entre o sof\u00e1 e o ch\u00e3o. Voc\u00ea tamb\u00e9m aumentar\u00e1 sua zona de conforto e criar\u00e1 um espa\u00e7o acolhedor.<\/p><p>Em conclus\u00e3o, podemos afirmar com seguran\u00e7a que a mesa de centro de estilo minimalista \u00e9 uma excelente escolha para decora\u00e7\u00e3o. As escolhas que voc\u00ea faz, o impacto que deseja causar e como deseja usar seu espa\u00e7o depende de voc\u00ea.<\/p><pre class=\"jsx-4098198752 c--grey-neutral-800\">Imagem principal: homedepot.com<\/pre><h2>Voc\u00ea gostou das dicas sobre mesa de centro?<\/h2><p>Ent\u00e3o deslize a tela para baixo e<a href=\"https:\/\/br.pinterest.com\/aarquitetapinterest\/_created\/\" target=\"_blank\" rel=\"noopener\"> confira mais dicas<\/a> como esta e n\u00e3o se esque\u00e7a de compartilhar com os amigos!<\/p><p>Quer mais dicas sobre o mundo da <a href=\"https:\/\/www.aarquiteta.com.br\/blog\/?s=ARQUITETURA\">Arquitetura<\/a> e Decora\u00e7\u00e3o, ent\u00e3o confira alguns dos nossos artigos em:<\/p><ul><li><a href=\"https:\/\/www.aarquiteta.com.br\/blog\/paisagismo\/\" target=\"_blank\" rel=\"noopener\">Casa e Jardim<\/a><\/li><li><a href=\"https:\/\/www.aarquiteta.com.br\/blog\/arquitetura\/mundo-arquitetura\/\" target=\"_blank\" rel=\"noopener\">Mundo Arquitetura<\/a><\/li><li><a href=\"https:\/\/www.aarquiteta.com.br\/decoracao\/\" target=\"_blank\" rel=\"noopener\">Decora\u00e7\u00e3o<br \/>\n<\/a><\/li><\/ul>","protected":false},"excerpt":{"rendered":"<p>Mesa de centro: Dicas de como escolher a melhor para sua salaMesas de centro de estilo minimalista: refinamento formalUma mesa de centro minimalista transmite diferentes sensa\u00e7\u00f5es, incluindo requinte, transpar\u00eancia e luz. Aprenda a reduzir seus m\u00f3veis \u00e0 m\u00e1xima simplicidade com nossas dicas sobre mesas de centro de estilo minimalista.A decora\u00e7\u00e3o da casa deve ser definida [&hellip;]<\/p>\n","protected":false},"author":102,"featured_media":41422,"comment_status":"open","ping_status":"closed","sticky":false,"template":"","format":"standard","meta":{"footnotes":""},"categories":[1484,18751],"tags":[],"class_list":["post-40357","post","type-post","status-publish","format-standard","has-post-thumbnail","category-decoracao","category-decoracao-sala-de-estar"],"_wp_attached_file":null,"_wp_attachment_metadata":null,"_wp_attachment_context":null,"_wp_attachment_is_custom_header":null,"geo_longitude":null,"geo_public":null,"geo_latitude":null,"_publicize_done_external":null,"_wpas_done_3897181":null,"publicize_twitter_user":null,"_wpas_done_3897175":null,"_wpas_skip_3897181":null,"_wpas_skip_3897175":null,"_wpas_skip_3924723":null,"_wpas_mess":null,"_wpas_done_3924723":null,"wps_subtitle":"Aprenda a escolher a mesa de centro correta para cada tipo de Design e situa\u00e7\u00e3o.","_links":{"self":[{"href":"https:\/\/www.aarquiteta.com.br\/blog\/wp-json\/wp\/v2\/posts\/40357","targetHints":{"allow":["GET"]}}],"collection":[{"href":"https:\/\/www.aarquiteta.com.br\/blog\/wp-json\/wp\/v2\/posts"}],"about":[{"href":"https:\/\/www.aarquiteta.com.br\/blog\/wp-json\/wp\/v2\/types\/post"}],"author":[{"embeddable":true,"href":"https:\/\/www.aarquiteta.com.br\/blog\/wp-json\/wp\/v2\/users\/102"}],"replies":[{"embeddable":true,"href":"https:\/\/www.aarquiteta.com.br\/blog\/wp-json\/wp\/v2\/comments?post=40357"}],"version-history":[{"count":0,"href":"https:\/\/www.aarquiteta.com.br\/blog\/wp-json\/wp\/v2\/posts\/40357\/revisions"}],"wp:featuredmedia":[{"embeddable":true,"href":"https:\/\/www.aarquiteta.com.br\/blog\/wp-json\/wp\/v2\/media\/41422"}],"wp:attachment":[{"href":"https:\/\/www.aarquiteta.com.br\/blog\/wp-json\/wp\/v2\/media?parent=40357"}],"wp:term":[{"taxonomy":"category","embeddable":true,"href":"https:\/\/www.aarquiteta.com.br\/blog\/wp-json\/wp\/v2\/categories?post=40357"},{"taxonomy":"post_tag","embeddable":true,"href":"https:\/\/www.aarquiteta.com.br\/blog\/wp-json\/wp\/v2\/tags?post=40357"}],"curies":[{"name":"wp","href":"https:\/\/api.w.org\/{rel}","templated":true}]}}