{"id":40298,"date":"2023-04-02T12:00:14","date_gmt":"2023-04-02T15:00:14","guid":{"rendered":"http:\/\/aarquiteta.com.br\/?p=40298"},"modified":"2024-10-13T14:27:37","modified_gmt":"2024-10-13T17:27:37","slug":"aparador-para-sala","status":"publish","type":"post","link":"https:\/\/www.aarquiteta.com.br\/blog\/aparador-para-sala\/","title":{"rendered":"5 dicas para escolher o Aparador para Sala ideal para o seu espa\u00e7o"},"content":{"rendered":"<p>Aparador para Sala: Como Escolher o Ideal Para o Seu Espa\u00e7o! Saiba como escolher o aparador perfeito para sua <a href=\"https:\/\/www.aarquiteta.com.br\/blog\/?s=SALA+DE+ESTAR\">sala de estar<\/a>. Dicas e sugest\u00f5es para otimizar o espa\u00e7o e deixar sua casa ainda mais elegante.<\/p><div class=\"group w-full text-gray-800 dark:text-gray-100 border-b border-black\/10 dark:border-gray-900\/50 bg-gray-50 dark:bg-[#444654]\"><div class=\"text-base gap-4 md:gap-6 md:max-w-2xl lg:max-w-2xl xl:max-w-3xl p-4 md:py-6 flex lg:px-0 m-auto\"><div class=\"relative flex w-[calc(100%-50px)] flex-col gap-1 md:gap-3 lg:w-[calc(100%-115px)]\"><div class=\"flex flex-grow flex-col gap-3\"><div class=\"min-h-[20px] flex flex-col items-start gap-4 whitespace-pre-wrap\"><div class=\"markdown prose w-full break-words dark:prose-invert dark\"><p>Um <a href=\"https:\/\/www.aarquiteta.com.br\/blog\/home-decor\/acessorios-para-decoracao\/armarios-e-aparadores\/\" class=\"ilj-generated-link\">aparador<\/a> para sala \u00e9 um item vers\u00e1til e funcional que pode ser usado para diversos fins, desde armazenamento at\u00e9 decora\u00e7\u00e3o. No entanto, com tantas op\u00e7\u00f5es dispon\u00edveis no mercado, pode ser dif\u00edcil escolher o aparador certo para o seu espa\u00e7o.<\/p><h2><img decoding=\"async\" class=\"size-full wp-image-77474\" style=\"text-align: center; color: #222222; font-family: Verdana, BlinkMacSystemFont, -apple-system, &#039;Segoe UI&#039;, Roboto, Oxygen, Ubuntu, Cantarell, &#039;Open Sans&#039;, &#039;Helvetica Neue&#039;, sans-serif; font-size: 15px;\" src=\"https:\/\/www.aarquiteta.com.br\/blog\/wp-content\/uploads\/2023\/04\/aparador-para-sala.jpg\" alt=\"Aparador para Sala: Como Escolher o Ideal Para o Seu Espa\u00e7o?\" width=\"1200\" height=\"800\" title=\"\" srcset=\"https:\/\/www.aarquiteta.com.br\/blog\/wp-content\/uploads\/2023\/04\/aparador-para-sala.jpg 1200w, https:\/\/www.aarquiteta.com.br\/blog\/wp-content\/uploads\/2023\/04\/aparador-para-sala-1024x683.jpg 1024w, https:\/\/www.aarquiteta.com.br\/blog\/wp-content\/uploads\/2023\/04\/aparador-para-sala-696x464.jpg 696w, https:\/\/www.aarquiteta.com.br\/blog\/wp-content\/uploads\/2023\/04\/aparador-para-sala-150x100.jpg 150w\" sizes=\"(max-width: 1200px) 100vw, 1200px\" \/><\/h2><p>Foto: Canva.comNeste artigo, exploraremos os diferentes tipos de aparadores para sala e como escolher o ideal para suas necessidades e estilo de <a href=\"https:\/\/www.aarquiteta.com.br\/blog\/decoracao\/\" class=\"ilj-generated-link\">decora\u00e7\u00e3o<\/a>.<\/p><h2>Aparador para Sala: Como Escolher o Ideal Para o Seu Espa\u00e7o?<\/h2><h3>O que \u00e9 um Aparador para Sala?<\/h3><p>Um aparador para sala \u00e9 um m\u00f3vel de tamanho m\u00e9dio, geralmente colocado em uma parede ou atr\u00e1s do <a href=\"https:\/\/www.aarquiteta.com.br\/blog\/?s=SOFA\">sof\u00e1<\/a>.<\/p><p>Eles s\u00e3o usados \u200b\u200bpara armazenamento de itens diversos como lou\u00e7as, copos, ta\u00e7as, objetos decorativos e outros itens do dia-a-dia, e podem ser uma op\u00e7\u00e3o de decora\u00e7\u00e3o elegante para qualquer sala.<\/p><h3>Tipos de Aparadores para Sala:<\/h3><p>Existem v\u00e1rios tipos de aparadores para sala dispon\u00edveis no mercado. Aqui est\u00e3o alguns dos mais populares:<\/p><h4>1 \u2014 Aparador Cl\u00e1ssico:<\/h4><figure id=\"attachment_77479\" aria-describedby=\"caption-attachment-77479\" style=\"width: 1200px\" class=\"wp-caption alignnone\"><img decoding=\"async\" class=\"size-full wp-image-77479\" src=\"https:\/\/www.aarquiteta.com.br\/blog\/wp-content\/uploads\/2023\/04\/aparador-para-sala-9.jpg\" alt=\"Aparador para Sala: Como Escolher o Ideal Para o Seu Espa\u00e7o?\" width=\"1200\" height=\"800\" title=\"\" srcset=\"https:\/\/www.aarquiteta.com.br\/blog\/wp-content\/uploads\/2023\/04\/aparador-para-sala-9.jpg 1200w, https:\/\/www.aarquiteta.com.br\/blog\/wp-content\/uploads\/2023\/04\/aparador-para-sala-9-1024x683.jpg 1024w, https:\/\/www.aarquiteta.com.br\/blog\/wp-content\/uploads\/2023\/04\/aparador-para-sala-9-696x464.jpg 696w, https:\/\/www.aarquiteta.com.br\/blog\/wp-content\/uploads\/2023\/04\/aparador-para-sala-9-150x100.jpg 150w\" sizes=\"(max-width: 1200px) 100vw, 1200px\" \/><figcaption id=\"caption-attachment-77479\" class=\"wp-caption-text\">Foto: Canva.com<\/figcaption><\/figure><p>O aparador cl\u00e1ssico \u00e9 uma op\u00e7\u00e3o atemporal e elegante. Eles geralmente t\u00eam um acabamento de madeira e detalhes esculpidos \u00e0 m\u00e3o, o que lhes confere um ar sofisticado.<\/p><p>Esses aparadores geralmente s\u00e3o maiores, com espa\u00e7o para armazenamento amplo e gavetas para armazenar objetos menores.<\/p><h4>2 \u2014 Aparador Moderno:<\/h4><figure id=\"attachment_77470\" aria-describedby=\"caption-attachment-77470\" style=\"width: 1200px\" class=\"wp-caption alignnone\"><img decoding=\"async\" class=\"size-full wp-image-77470\" src=\"https:\/\/www.aarquiteta.com.br\/blog\/wp-content\/uploads\/2023\/04\/aparador-para-sala-4.jpg\" alt=\"Aparador para Sala: Como Escolher o Ideal Para o Seu Espa\u00e7o?\" width=\"1200\" height=\"800\" title=\"\" srcset=\"https:\/\/www.aarquiteta.com.br\/blog\/wp-content\/uploads\/2023\/04\/aparador-para-sala-4.jpg 1200w, https:\/\/www.aarquiteta.com.br\/blog\/wp-content\/uploads\/2023\/04\/aparador-para-sala-4-1024x683.jpg 1024w, https:\/\/www.aarquiteta.com.br\/blog\/wp-content\/uploads\/2023\/04\/aparador-para-sala-4-696x464.jpg 696w, https:\/\/www.aarquiteta.com.br\/blog\/wp-content\/uploads\/2023\/04\/aparador-para-sala-4-150x100.jpg 150w\" sizes=\"(max-width: 1200px) 100vw, 1200px\" \/><figcaption id=\"caption-attachment-77470\" class=\"wp-caption-text\">Foto: Canva.com<\/figcaption><\/figure><p>Um aparador moderno \u00e9 uma op\u00e7\u00e3o mais minimalista e atual. Eles s\u00e3o geralmente feitos de materiais como vidro, metal e pl\u00e1stico, e apresentam linhas limpas e simples.<\/p><p>Eles geralmente t\u00eam menos espa\u00e7o de armazenamento do que os aparadores cl\u00e1ssicos, mas podem ser uma escolha perfeita para salas menores ou para aqueles que preferem um visual mais contempor\u00e2neo.<\/p><h4>3 \u2014 Aparador R\u00fastico:<\/h4><p><img decoding=\"async\" class=\"wp-image-40305 size-full\" style=\"text-align: center;\" src=\"https:\/\/www.aarquiteta.com.br\/blog\/wp-content\/uploads\/2022\/01\/1-12_10.jpg\" alt=\"\" width=\"1460\" height=\"834\" title=\"\" srcset=\"https:\/\/www.aarquiteta.com.br\/blog\/wp-content\/uploads\/2022\/01\/1-12_10.jpg 1460w, https:\/\/www.aarquiteta.com.br\/blog\/wp-content\/uploads\/2022\/01\/1-12_10-1024x585.jpg 1024w, https:\/\/www.aarquiteta.com.br\/blog\/wp-content\/uploads\/2022\/01\/1-12_10-696x398.jpg 696w, https:\/\/www.aarquiteta.com.br\/blog\/wp-content\/uploads\/2022\/01\/1-12_10-150x86.jpg 150w\" sizes=\"(max-width: 1460px) 100vw, 1460px\" \/><\/p><p>Um aparador r\u00fastico \u00e9 uma op\u00e7\u00e3o de design mais acolhedora e natural. Eles s\u00e3o geralmente feitos de madeira maci\u00e7a e apresentam acabamentos mais desgastados e detalhes r\u00fasticos.<\/p><p>Eles geralmente t\u00eam menos espa\u00e7o de armazenamento do que os aparadores cl\u00e1ssicos, mas podem ser uma escolha perfeita para aqueles que preferem uma est\u00e9tica mais natural e org\u00e2nica.<\/p><h4>4 \u2014 Aparador Retr\u00f4.<\/h4><p><img decoding=\"async\" class=\"alignnone size-full wp-image-74060\" src=\"https:\/\/www.aarquiteta.com.br\/blog\/wp-content\/uploads\/2023\/01\/aparador11.webp\" alt=\"aparador11\" width=\"700\" height=\"700\" title=\"\" srcset=\"https:\/\/www.aarquiteta.com.br\/blog\/wp-content\/uploads\/2023\/01\/aparador11.webp 700w, https:\/\/www.aarquiteta.com.br\/blog\/wp-content\/uploads\/2023\/01\/aparador11-696x696.webp 696w, https:\/\/www.aarquiteta.com.br\/blog\/wp-content\/uploads\/2023\/01\/aparador11-96x96.webp 96w, https:\/\/www.aarquiteta.com.br\/blog\/wp-content\/uploads\/2023\/01\/aparador11-150x150.webp 150w\" sizes=\"(max-width: 700px) 100vw, 700px\" \/><\/p><p>Um aparador <a href=\"https:\/\/www.aarquiteta.com.br\/blog\/?s=RETRO\">retr\u00f4<\/a> \u00e9 uma op\u00e7\u00e3o divertida e ecl\u00e9tica. Eles geralmente apresentam cores vibrantes e desenhos gr\u00e1ficos, al\u00e9m de detalhes caracter\u00edsticos dos anos 60 e 70.<\/p><p>Eles geralmente t\u00eam menos espa\u00e7o de armazenamento do que os aparadores cl\u00e1ssicos, mas podem ser uma escolha perfeita para aqueles que querem adicionar um pouco de personalidade e charme \u00e0 sua sala.<\/p><h3>Como Escolher o Aparador para Sala Certo?<\/h3><p>Aqui est\u00e3o algumas coisas a considerar ao escolher um aparador para sala:<\/p><h4>1 \u2014 Tamanho:<\/h4><figure id=\"attachment_77472\" aria-describedby=\"caption-attachment-77472\" style=\"width: 1200px\" class=\"wp-caption alignnone\"><img decoding=\"async\" class=\"size-full wp-image-77472\" src=\"https:\/\/www.aarquiteta.com.br\/blog\/wp-content\/uploads\/2023\/04\/aparador-para-sala-2.jpg\" alt=\"Aparador para Sala: Como Escolher o Ideal Para o Seu Espa\u00e7o?\" width=\"1200\" height=\"800\" title=\"\" srcset=\"https:\/\/www.aarquiteta.com.br\/blog\/wp-content\/uploads\/2023\/04\/aparador-para-sala-2.jpg 1200w, https:\/\/www.aarquiteta.com.br\/blog\/wp-content\/uploads\/2023\/04\/aparador-para-sala-2-1024x683.jpg 1024w, https:\/\/www.aarquiteta.com.br\/blog\/wp-content\/uploads\/2023\/04\/aparador-para-sala-2-696x464.jpg 696w, https:\/\/www.aarquiteta.com.br\/blog\/wp-content\/uploads\/2023\/04\/aparador-para-sala-2-150x100.jpg 150w\" sizes=\"(max-width: 1200px) 100vw, 1200px\" \/><figcaption id=\"caption-attachment-77472\" class=\"wp-caption-text\">Foto: Canva.com<\/figcaption><\/figure><p>O tamanho do seu aparador depender\u00e1 do tamanho da sala e da quantidade de itens que voc\u00ea planeja armazenar nele.<\/p><p>Certifique-se de medir a parede ou o espa\u00e7o atr\u00e1s do sof\u00e1 antes de escolher um aparador.<\/p><h4>2 \u2014 Estilo:<\/h4><p><img decoding=\"async\" class=\"wp-image-51740 size-full\" title=\"Aparador para sala - 12 modelos para voc\u00ea se inspirar!\" src=\"https:\/\/www.aarquiteta.com.br\/blog\/wp-content\/uploads\/2022\/04\/Saiba-como-fazer-um-bar-em-casa.4.jpg\" alt=\"Aparador para sala - 12 modelos para voc\u00ea se inspirar!\" width=\"700\" height=\"400\" srcset=\"https:\/\/www.aarquiteta.com.br\/blog\/wp-content\/uploads\/2022\/04\/Saiba-como-fazer-um-bar-em-casa.4.jpg 700w, https:\/\/www.aarquiteta.com.br\/blog\/wp-content\/uploads\/2022\/04\/Saiba-como-fazer-um-bar-em-casa.4-696x398.jpg 696w, https:\/\/www.aarquiteta.com.br\/blog\/wp-content\/uploads\/2022\/04\/Saiba-como-fazer-um-bar-em-casa.4-150x86.jpg 150w\" sizes=\"(max-width: 700px) 100vw, 700px\" \/><\/p><p>Considere o estilo da sua sala ao escolher um aparador. Se sua decora\u00e7\u00e3o for mais cl\u00e1ssica, um aparador em tons de madeira natural ser\u00e1 mais adequado.<\/p><\/div><\/div><\/div><\/div><\/div><\/div><div class=\"group w-full text-gray-800 dark:text-gray-100 border-b border-black\/10 dark:border-gray-900\/50 dark:bg-gray-800\"><div class=\"text-base gap-4 md:gap-6 md:max-w-2xl lg:max-w-2xl xl:max-w-3xl p-4 md:py-6 flex lg:px-0 m-auto\"><div class=\"relative flex w-[calc(100%-50px)] flex-col gap-1 md:gap-3 lg:w-[calc(100%-115px)]\"><span style=\"color: #111111; font-family: Roboto, sans-serif; font-size: 19px;\">3 \u2014 Material:<\/span><\/div><\/div><\/div><div class=\"group w-full text-gray-800 dark:text-gray-100 border-b border-black\/10 dark:border-gray-900\/50 bg-gray-50 dark:bg-[#444654]\"><div class=\"text-base gap-4 md:gap-6 md:max-w-2xl lg:max-w-2xl xl:max-w-3xl p-4 md:py-6 flex lg:px-0 m-auto\"><div class=\"relative flex w-[calc(100%-50px)] flex-col gap-1 md:gap-3 lg:w-[calc(100%-115px)]\"><div class=\"flex flex-grow flex-col gap-3\"><div class=\"min-h-[20px] flex flex-col items-start gap-4 whitespace-pre-wrap\"><div class=\"markdown prose w-full break-words dark:prose-invert dark\"><p><img decoding=\"async\" class=\"aligncenter wp-image-40561 size-full\" title=\"Aparador para sala - 12 modelos para voc\u00ea se inspirar!\" src=\"https:\/\/www.aarquiteta.com.br\/blog\/wp-content\/uploads\/2022\/01\/aparador-de-vidro-para-sala.jpg\" alt=\"Aparador para sala - 12 modelos para voc\u00ea se inspirar!\" width=\"700\" height=\"400\" srcset=\"https:\/\/www.aarquiteta.com.br\/blog\/wp-content\/uploads\/2022\/01\/aparador-de-vidro-para-sala.jpg 700w, https:\/\/www.aarquiteta.com.br\/blog\/wp-content\/uploads\/2022\/01\/aparador-de-vidro-para-sala-696x398.jpg 696w, https:\/\/www.aarquiteta.com.br\/blog\/wp-content\/uploads\/2022\/01\/aparador-de-vidro-para-sala-150x86.jpg 150w\" sizes=\"(max-width: 700px) 100vw, 700px\" \/><\/p><\/div><p>Se voc\u00ea tem uma sala mais contempor\u00e2nea, um aparador de vidro ou metal pode ser mais adequado.<\/p><div class=\"markdown prose w-full break-words dark:prose-invert dark\"><h4>4 \u2014 Armazenamento:<\/h4><figure id=\"attachment_77471\" aria-describedby=\"caption-attachment-77471\" style=\"width: 1200px\" class=\"wp-caption alignnone\"><img decoding=\"async\" class=\"size-full wp-image-77471\" src=\"https:\/\/www.aarquiteta.com.br\/blog\/wp-content\/uploads\/2023\/04\/aparador-para-sala-3.jpg\" alt=\"Aparador para Sala: Como Escolher o Ideal Para o Seu Espa\u00e7o?\" width=\"1200\" height=\"800\" title=\"\" srcset=\"https:\/\/www.aarquiteta.com.br\/blog\/wp-content\/uploads\/2023\/04\/aparador-para-sala-3.jpg 1200w, https:\/\/www.aarquiteta.com.br\/blog\/wp-content\/uploads\/2023\/04\/aparador-para-sala-3-1024x683.jpg 1024w, https:\/\/www.aarquiteta.com.br\/blog\/wp-content\/uploads\/2023\/04\/aparador-para-sala-3-696x464.jpg 696w, https:\/\/www.aarquiteta.com.br\/blog\/wp-content\/uploads\/2023\/04\/aparador-para-sala-3-150x100.jpg 150w\" sizes=\"(max-width: 1200px) 100vw, 1200px\" \/><figcaption id=\"caption-attachment-77471\" class=\"wp-caption-text\">Foto: Canva.com<\/figcaption><\/figure><p>Certifique-se de escolher um aparador com espa\u00e7o de armazenamento suficiente para atender \u00e0s suas necessidades.<\/p><p>Se voc\u00ea planeja usar o aparador principalmente para armazenamento, um modelo com gavetas e portas pode ser a escolha ideal.<\/p><h4>5 \u2014 Cores e Acabamentos:<\/h4><p><img decoding=\"async\" class=\"alignnone size-full wp-image-76706\" src=\"https:\/\/www.aarquiteta.com.br\/blog\/wp-content\/uploads\/2023\/03\/aparador21.jpg\" alt=\"\" width=\"586\" height=\"392\" title=\"\" srcset=\"https:\/\/www.aarquiteta.com.br\/blog\/wp-content\/uploads\/2023\/03\/aparador21.jpg 586w, https:\/\/www.aarquiteta.com.br\/blog\/wp-content\/uploads\/2023\/03\/aparador21-150x100.jpg 150w\" sizes=\"(max-width: 586px) 100vw, 586px\" \/><\/p><p>Considere a cor e o acabamento do aparador em rela\u00e7\u00e3o \u00e0 paleta de cores da sua sala. Se voc\u00ea tem uma sala mais cl\u00e1ssica, um aparador de madeira com acabamento escuro pode ser mais adequado.<\/p><p>Se voc\u00ea tem uma sala mais moderna, um aparador de vidro com acabamento brilhante pode ser a escolha ideal.<\/p>[amazon table=&#8221;83000&#8243;]<h3>Onde Colocar o Aparador para Sala?<\/h3><p>Existem v\u00e1rias maneiras de posicionar um aparador para sala em sua casa. Aqui est\u00e3o algumas ideias:<\/p><h4>1 \u2014 Atr\u00e1s do Sof\u00e1:<\/h4><p><img decoding=\"async\" class=\"wp-image-42394 size-full\" title=\"Aparador para sala - 12 modelos para voc\u00ea se inspirar!\" src=\"https:\/\/www.aarquiteta.com.br\/blog\/wp-content\/uploads\/2022\/02\/Dicas-de-decoracao-de-aparador-buffet.jpg\" alt=\"Aparador para sala - 12 modelos para voc\u00ea se inspirar!\" width=\"700\" height=\"400\" srcset=\"https:\/\/www.aarquiteta.com.br\/blog\/wp-content\/uploads\/2022\/02\/Dicas-de-decoracao-de-aparador-buffet.jpg 700w, https:\/\/www.aarquiteta.com.br\/blog\/wp-content\/uploads\/2022\/02\/Dicas-de-decoracao-de-aparador-buffet-696x398.jpg 696w, https:\/\/www.aarquiteta.com.br\/blog\/wp-content\/uploads\/2022\/02\/Dicas-de-decoracao-de-aparador-buffet-150x86.jpg 150w\" sizes=\"(max-width: 700px) 100vw, 700px\" \/><\/p><p>Posicionar o aparador atr\u00e1s do sof\u00e1 \u00e9 uma maneira comum de us\u00e1-lo na sala. Ele pode ser usado para dividir a sala em duas \u00e1reas distintas e oferece um local conveniente para armazenamento de itens.<\/p><h4>2 \u2014 Na Parede:<\/h4><p><img decoding=\"async\" class=\"wp-image-40406 size-full\" src=\"https:\/\/www.aarquiteta.com.br\/blog\/wp-content\/uploads\/2022\/01\/1-12_2-1.jpg\" alt=\"Aparador para sala - 12 modelos para voc\u00ea se inspirar!\" width=\"701\" height=\"400\" title=\"\" srcset=\"https:\/\/www.aarquiteta.com.br\/blog\/wp-content\/uploads\/2022\/01\/1-12_2-1.jpg 701w, https:\/\/www.aarquiteta.com.br\/blog\/wp-content\/uploads\/2022\/01\/1-12_2-1-696x397.jpg 696w, https:\/\/www.aarquiteta.com.br\/blog\/wp-content\/uploads\/2022\/01\/1-12_2-1-150x86.jpg 150w\" sizes=\"(max-width: 701px) 100vw, 701px\" \/><\/p><p>Se voc\u00ea tem uma parede livre em sua sala, posicionar o aparador contra ela pode ser uma op\u00e7\u00e3o atraente.<\/p><p>Ele pode ser usado para adicionar um toque de decora\u00e7\u00e3o \u00e0 sua sala, al\u00e9m de oferecer um espa\u00e7o de armazenamento adicional.<\/p><h4>3 \u2014 Em um Canto:<\/h4><figure id=\"attachment_77467\" aria-describedby=\"caption-attachment-77467\" style=\"width: 1200px\" class=\"wp-caption alignnone\"><img decoding=\"async\" class=\"size-full wp-image-77467\" src=\"https:\/\/www.aarquiteta.com.br\/blog\/wp-content\/uploads\/2023\/04\/aparador-para-sala-7.jpg\" alt=\"Aparador para Sala: Como Escolher o Ideal Para o Seu Espa\u00e7o?\" width=\"1200\" height=\"800\" title=\"\" srcset=\"https:\/\/www.aarquiteta.com.br\/blog\/wp-content\/uploads\/2023\/04\/aparador-para-sala-7.jpg 1200w, https:\/\/www.aarquiteta.com.br\/blog\/wp-content\/uploads\/2023\/04\/aparador-para-sala-7-1024x683.jpg 1024w, https:\/\/www.aarquiteta.com.br\/blog\/wp-content\/uploads\/2023\/04\/aparador-para-sala-7-696x464.jpg 696w, https:\/\/www.aarquiteta.com.br\/blog\/wp-content\/uploads\/2023\/04\/aparador-para-sala-7-150x100.jpg 150w\" sizes=\"(max-width: 1200px) 100vw, 1200px\" \/><figcaption id=\"caption-attachment-77467\" class=\"wp-caption-text\">Foto: Canva.com<\/figcaption><\/figure><p>Se voc\u00ea tem um canto vazio em sua sala, posicionar o aparador nesse local pode ser uma maneira inteligente de aproveitar o espa\u00e7o.<\/p><p>Ele pode ser usado para armazenar objetos decorativos e outros itens que voc\u00ea n\u00e3o quer que fiquem expostos.<\/p><h3>Como Decorar o Aparador para Sala?<\/h3><p>A decora\u00e7\u00e3o do aparador para sala \u00e9 uma parte importante de torn\u00e1-lo um item atraente na sua casa.<\/p><p>Aqui est\u00e3o algumas dicas de decora\u00e7\u00e3o para ajudar voc\u00ea a decorar o seu:<\/p><h4>1 \u2014 Adicione Plantas:<\/h4><figure id=\"attachment_77473\" aria-describedby=\"caption-attachment-77473\" style=\"width: 1200px\" class=\"wp-caption alignnone\"><img decoding=\"async\" class=\"size-full wp-image-77473\" src=\"https:\/\/www.aarquiteta.com.br\/blog\/wp-content\/uploads\/2023\/04\/aparador-para-sala-1.jpg\" alt=\"Aparador para Sala: Como Escolher o Ideal Para o Seu Espa\u00e7o?\" width=\"1200\" height=\"800\" title=\"\" srcset=\"https:\/\/www.aarquiteta.com.br\/blog\/wp-content\/uploads\/2023\/04\/aparador-para-sala-1.jpg 1200w, https:\/\/www.aarquiteta.com.br\/blog\/wp-content\/uploads\/2023\/04\/aparador-para-sala-1-1024x683.jpg 1024w, https:\/\/www.aarquiteta.com.br\/blog\/wp-content\/uploads\/2023\/04\/aparador-para-sala-1-696x464.jpg 696w, https:\/\/www.aarquiteta.com.br\/blog\/wp-content\/uploads\/2023\/04\/aparador-para-sala-1-150x100.jpg 150w\" sizes=\"(max-width: 1200px) 100vw, 1200px\" \/><figcaption id=\"caption-attachment-77473\" class=\"wp-caption-text\">Foto: Canva.com<\/figcaption><\/figure><p>Adicionar plantas ao seu aparador \u00e9 uma maneira f\u00e1cil de dar um toque de natureza \u00e0 sua sala.<\/p><p>Escolha plantas com folhas verdes brilhantes para um visual mais natural e org\u00e2nico.<\/p><h4>2 \u2014 Use Objetos Decorativos:<\/h4><p><img decoding=\"async\" class=\"alignnone size-full wp-image-74058\" src=\"https:\/\/www.aarquiteta.com.br\/blog\/wp-content\/uploads\/2023\/01\/aparador10-scaled.jpg\" alt=\"\" width=\"2048\" height=\"1447\" title=\"\" srcset=\"https:\/\/www.aarquiteta.com.br\/blog\/wp-content\/uploads\/2023\/01\/aparador10-scaled.jpg 2048w, https:\/\/www.aarquiteta.com.br\/blog\/wp-content\/uploads\/2023\/01\/aparador10-1024x723.jpg 1024w, https:\/\/www.aarquiteta.com.br\/blog\/wp-content\/uploads\/2023\/01\/aparador10-696x492.jpg 696w, https:\/\/www.aarquiteta.com.br\/blog\/wp-content\/uploads\/2023\/01\/aparador10-150x106.jpg 150w\" sizes=\"(max-width: 2048px) 100vw, 2048px\" \/><\/p><p>Usar objetos decorativos como vasos, esculturas e velas \u00e9 uma maneira f\u00e1cil de adicionar personalidade ao seu aparador.<\/p><p>Certifique-se de escolher objetos que sejam proporcionais ao tamanho do seu aparador.<\/p><h4>3 \u2014 Adicione Espelhos:<\/h4><p><img decoding=\"async\" class=\"alignnone size-full wp-image-74066\" src=\"https:\/\/www.aarquiteta.com.br\/blog\/wp-content\/uploads\/2023\/01\/aparador17.webp\" alt=\"aparador17\" width=\"564\" height=\"591\" title=\"\" srcset=\"https:\/\/www.aarquiteta.com.br\/blog\/wp-content\/uploads\/2023\/01\/aparador17.webp 564w, https:\/\/www.aarquiteta.com.br\/blog\/wp-content\/uploads\/2023\/01\/aparador17-150x157.webp 150w\" sizes=\"(max-width: 564px) 100vw, 564px\" \/><\/p><p>Adicionar um espelho ao seu aparador pode ajudar a refletir a luz e fazer sua sala parecer maior e mais brilhante.<\/p><p>Escolha um espelho com uma moldura atraente para adicionar um toque de estilo ao seu aparador.<\/p><h3>Conclus\u00e3o:<\/h3><p><img decoding=\"async\" class=\"aligncenter wp-image-42395 size-full\" src=\"https:\/\/www.aarquiteta.com.br\/blog\/wp-content\/uploads\/2022\/02\/Dicas-de-decoracao-de-aparador-buffet1.png\" alt=\"\" width=\"700\" height=\"400\" title=\"\" srcset=\"https:\/\/www.aarquiteta.com.br\/blog\/wp-content\/uploads\/2022\/02\/Dicas-de-decoracao-de-aparador-buffet1.png 700w, https:\/\/www.aarquiteta.com.br\/blog\/wp-content\/uploads\/2022\/02\/Dicas-de-decoracao-de-aparador-buffet1-696x398.png 696w, https:\/\/www.aarquiteta.com.br\/blog\/wp-content\/uploads\/2022\/02\/Dicas-de-decoracao-de-aparador-buffet1-150x86.png 150w\" sizes=\"(max-width: 700px) 100vw, 700px\" \/><\/p><p>Um aparador para sala \u00e9 um item funcional e vers\u00e1til que pode ser usado para uma variedade de fins.<\/p><p>Ao escolher um aparador, \u00e9 importante considerar o tamanho, estilo, material, espa\u00e7o de armazenamento e cores e acabamentos.<\/p><\/div><\/div><\/div><div class=\"flex justify-between\">Ap\u00f3s escolher o aparador ideal para sua sala, \u00e9 importante posicionar adequadamente e decor\u00e1-lo com itens que reflitam seu estilo pessoal e complementem a decora\u00e7\u00e3o da sua casa.<\/div><div><\/div><\/div><\/div><\/div><div class=\"group w-full text-gray-800 dark:text-gray-100 border-b border-black\/10 dark:border-gray-900\/50 dark:bg-gray-800\"><div class=\"text-base gap-4 md:gap-6 md:max-w-2xl lg:max-w-2xl xl:max-w-3xl p-4 md:py-6 flex lg:px-0 m-auto\"><div class=\"relative flex w-[calc(100%-50px)] flex-col gap-1 md:gap-3 lg:w-[calc(100%-115px)]\"><div class=\"flex flex-grow flex-col gap-3\"><div class=\"min-h-[20px] flex flex-col items-start gap-4 whitespace-pre-wrap\">Com essas dicas simples, voc\u00ea pode transformar seu aparador para sala em um item elegante e funcional em sua casa.<\/div><h3>Ideias como decorar Aparador de Sala:<\/h3><div>Confira a nossa sele\u00e7\u00e3o de Aparador de Sala que separamos para voc\u00ea, com certeza uma delas combinar\u00e1 perfeitamente com sua casa!<\/div><div><\/div><div><p><iframe style=\"width: 120px; height: 240px;\" src=\"\/\/ws-na.amazon-adsystem.com\/widgets\/q?ServiceVersion=20070822&amp;OneJS=1&amp;Operation=GetAdHtml&amp;MarketPlace=BR&amp;source=ss&amp;ref=as_ss_li_til&amp;ad_type=product_link&amp;tracking_id=aarquiteta-20&amp;language=pt_BR&amp;marketplace=amazon&amp;region=BR&amp;placement=B0B69LY87S&amp;asins=B0B69LY87S&amp;linkId=1558701946ca122f4fd468355a442baf&amp;show_border=true&amp;link_opens_in_new_window=true\" frameborder=\"0\" marginwidth=\"0\" marginheight=\"0\" scrolling=\"no\" sandbox=\"allow-popups allow-scripts allow-modals allow-forms allow-same-origin\"><\/iframe><\/p><p>Decorar um aparador na sala de estar pode ser uma tarefa divertida e criativa. Com essas ideias criativas e inspiradoras, voc\u00ea pode transformar o seu aparador em uma pe\u00e7a funcional e decorativa para o seu ambiente.<\/p><\/div><\/div><\/div><\/div><\/div><div class=\"group w-full text-gray-800 dark:text-gray-100 border-b border-black\/10 dark:border-gray-900\/50 bg-gray-50 dark:bg-[#444654]\"><div class=\"text-base gap-4 md:gap-6 md:max-w-2xl lg:max-w-2xl xl:max-w-3xl p-4 md:py-6 flex lg:px-0 m-auto\"><div class=\"relative flex w-[calc(100%-50px)] flex-col gap-1 md:gap-3 lg:w-[calc(100%-115px)]\"><div class=\"flex flex-grow flex-col gap-3\"><div class=\"min-h-[20px] flex flex-col items-start gap-4 whitespace-pre-wrap\"><div class=\"markdown prose w-full break-words dark:prose-invert dark\"><h2>Perguntas Frequentes sobre como escolher aparador para sala.<\/h2><h3>Qual \u00e9 o tamanho ideal para um aparador para sala?<\/h3><p>O tamanho ideal de um aparador para sala depende do espa\u00e7o dispon\u00edvel em sua casa e da quantidade de itens que voc\u00ea planeja armazenar nele. Certifique-se de medir o espa\u00e7o antes de escolher um aparador.<\/p><h3>Qual \u00e9 o material mais adequado para um aparador para sala?<\/h3><p>O material mais adequado para um aparador para sala depende do estilo de decora\u00e7\u00e3o da sua casa. Se voc\u00ea tem uma decora\u00e7\u00e3o mais cl\u00e1ssica, um aparador de madeira pode ser a escolha perfeita. Se voc\u00ea tem uma decora\u00e7\u00e3o mais contempor\u00e2nea, um aparador de vidro ou metal pode ser mais adequado.<\/p><h3>Como posso decorar meu aparador para sala?<\/h3><p>Voc\u00ea pode decorar seu aparador para sala com plantas, objetos decorativos e espelhos. Certifique-se de escolher itens proporcionais ao tamanho do seu aparador e que reflitam seu estilo pessoal.<\/p><h3>Posso usar meu aparador para sala para outros fins al\u00e9m de armazenamento?<\/h3><p>Sim, seu aparador para sala pode ser usado para outros fins, como exibir objetos decorativos ou como um divisor de sala.<\/p><h3>Qual \u00e9 a diferen\u00e7a entre um aparador cl\u00e1ssico e um aparador moderno?<\/h3><p>Um aparador cl\u00e1ssico geralmente tem um acabamento de madeira e detalhes esculpidos \u00e0 m\u00e3o, enquanto um aparador moderno \u00e9 mais minimalista e \u00e9 geralmente feito de materiais como vidro, metal ou pl\u00e1stico.<\/p><\/div><\/div><\/div><\/div><\/div><\/div><p>E a\u00ed, gostou das dicas do artigo? Ent\u00e3o deslize a tela para baixo e confira <strong><a href=\"https:\/\/www.aarquiteta.com.br\">mais dicas<\/a><\/strong>, al\u00e9m dos nossos <strong><a href=\"http:\/\/www.aarquiteta.com.br\">Cursos e Treinamentos<\/a><\/strong>\u00a0e n\u00e3o se esque\u00e7a de compartilhar com os amigos!<\/p><p>Quer receber conte\u00fados exclusivos sobre <strong>casa, jardim, decora\u00e7\u00e3o, arquitetura, educa\u00e7\u00e3o financeira e muito mais<\/strong>? Ent\u00e3o, inscreva-se agora mesmo no nosso <strong><a href=\"https:\/\/t.me\/aarquitetablog\" target=\"_blank\" rel=\"noopener\">Canal do Telegram<\/a>!<\/strong> \ud83e\udd29\ud83d\udc68\u200d\ud83d\udc69\u200d\ud83d\udc67\u200d\ud83d\udc66<\/p><p>Aqui, voc\u00ea ter\u00e1 acesso a artigos, dicas e inspira\u00e7\u00f5es para <strong>transformar sua casa em um lar dos sonhos<\/strong>, cuidar do seu jardim com carinho, aprender sobre finan\u00e7as pessoais e muito mais. \ud83d\udcda\ud83d\udcb0<\/p><p>N\u00e3o perca mais tempo e junte-se a n\u00f3s para receber conte\u00fados exclusivos e se manter sempre atualizado! \ud83d\udce2\ud83c\udfe0\ud83c\udf3f\ud83c\udfe6. Ingresse <strong><a href=\"https:\/\/t.me\/aarquitetablog\" target=\"_blank\" rel=\"noopener\">aqui<\/a> <\/strong>no Canal da <strong>Arquiteta Blog por Luciana Paix\u00e3o!<\/strong> \ud83d\udc95<\/p>","protected":false},"excerpt":{"rendered":"<p>Aparador para Sala: Como Escolher o Ideal Para o Seu Espa\u00e7o! Saiba como escolher o aparador perfeito para sua sala de estar. Dicas e sugest\u00f5es para otimizar o espa\u00e7o e deixar sua casa ainda mais elegante.Um aparador para sala \u00e9 um item vers\u00e1til e funcional que pode ser usado para diversos fins, desde armazenamento at\u00e9 [&hellip;]<\/p>\n","protected":false},"author":102,"featured_media":77477,"comment_status":"closed","ping_status":"closed","sticky":false,"template":"","format":"standard","meta":{"footnotes":""},"categories":[35414,35384,10005,20353,20341,18751],"tags":[28144,28138,28146,28139,28140,28143,28136,10856,25654,28145,28142,28137,28141,28148,28147,10855,28149,10857],"class_list":["post-40298","post","type-post","status-publish","format-standard","has-post-thumbnail","category-acessorios-para-decoracao","category-armarios-e-aparadores","category-casa-e-jardim","category-home-decor","category-moveis","category-decoracao-sala-de-estar","tag-aparador-com-gavetas-para-sala","tag-aparador-de-madeira-para-sala","tag-aparador-de-parede-para-sala","tag-aparador-de-vidro-para-sala","tag-aparador-espelhado-para-sala","tag-aparador-estreito-para-sala","tag-aparador-moderno-para-sala","tag-aparador-para-sala","tag-aparador-para-sala-de-jantar","tag-aparador-para-sala-pequena","tag-aparador-retro-para-sala","tag-aparador-rustico-para-sala","tag-aparador-vintage-para-sala","tag-como-escolher-o-aparador-para-sala","tag-decoracao-com-aparador-para-sala","tag-dicas-de-aparador-para-sala","tag-dicas-de-como-usar-o-aparador-na-sala","tag-modelos-de-aparador"],"_wp_attached_file":null,"_wp_attachment_metadata":null,"_wp_attachment_context":null,"_wp_attachment_is_custom_header":null,"geo_longitude":null,"geo_public":null,"geo_latitude":null,"_publicize_done_external":null,"_wpas_done_3897181":null,"publicize_twitter_user":null,"_wpas_done_3897175":null,"_wpas_skip_3897181":null,"_wpas_skip_3897175":null,"_wpas_skip_3924723":null,"_wpas_mess":null,"_wpas_done_3924723":null,"wps_subtitle":"Saiba como escolher o aparador perfeito para sua sala de estar. Dicas e sugest\u00f5es para otimizar o espa\u00e7o e deixar sua casa ainda mais elegante.","_links":{"self":[{"href":"https:\/\/www.aarquiteta.com.br\/blog\/wp-json\/wp\/v2\/posts\/40298","targetHints":{"allow":["GET"]}}],"collection":[{"href":"https:\/\/www.aarquiteta.com.br\/blog\/wp-json\/wp\/v2\/posts"}],"about":[{"href":"https:\/\/www.aarquiteta.com.br\/blog\/wp-json\/wp\/v2\/types\/post"}],"author":[{"embeddable":true,"href":"https:\/\/www.aarquiteta.com.br\/blog\/wp-json\/wp\/v2\/users\/102"}],"replies":[{"embeddable":true,"href":"https:\/\/www.aarquiteta.com.br\/blog\/wp-json\/wp\/v2\/comments?post=40298"}],"version-history":[{"count":0,"href":"https:\/\/www.aarquiteta.com.br\/blog\/wp-json\/wp\/v2\/posts\/40298\/revisions"}],"wp:featuredmedia":[{"embeddable":true,"href":"https:\/\/www.aarquiteta.com.br\/blog\/wp-json\/wp\/v2\/media\/77477"}],"wp:attachment":[{"href":"https:\/\/www.aarquiteta.com.br\/blog\/wp-json\/wp\/v2\/media?parent=40298"}],"wp:term":[{"taxonomy":"category","embeddable":true,"href":"https:\/\/www.aarquiteta.com.br\/blog\/wp-json\/wp\/v2\/categories?post=40298"},{"taxonomy":"post_tag","embeddable":true,"href":"https:\/\/www.aarquiteta.com.br\/blog\/wp-json\/wp\/v2\/tags?post=40298"}],"curies":[{"name":"wp","href":"https:\/\/api.w.org\/{rel}","templated":true}]}}