{"id":40230,"date":"2022-06-06T17:00:42","date_gmt":"2022-06-06T20:00:42","guid":{"rendered":"http:\/\/aarquiteta.com.br\/?p=40230"},"modified":"2024-09-13T17:25:00","modified_gmt":"2024-09-13T20:25:00","slug":"como-organizar-cozinha-pequena","status":"publish","type":"post","link":"https:\/\/www.aarquiteta.com.br\/blog\/como-organizar-cozinha-pequena\/","title":{"rendered":"Cozinha Pequena &#8211; 7 maneiras de armazenar e organizar!"},"content":{"rendered":"<p><img decoding=\"async\" class=\"wp-image-49331 size-full\" title=\"Cozinha Pequena \u2014 7 maneiras de armazenar e organizar utens\u00edlios dom\u00e9sticos!\" src=\"https:\/\/www.aarquiteta.com.br\/blog\/wp-content\/uploads\/2022\/03\/Dicas-e-ideias-para-reformar-a-sua-cozinha.5.jpg\" alt=\"Cozinha Pequena \u2014 7 maneiras de armazenar e organizar utens\u00edlios dom\u00e9sticos!\" width=\"700\" height=\"400\" srcset=\"https:\/\/www.aarquiteta.com.br\/blog\/wp-content\/uploads\/2022\/03\/Dicas-e-ideias-para-reformar-a-sua-cozinha.5.jpg 700w, https:\/\/www.aarquiteta.com.br\/blog\/wp-content\/uploads\/2022\/03\/Dicas-e-ideias-para-reformar-a-sua-cozinha.5-696x398.jpg 696w, https:\/\/www.aarquiteta.com.br\/blog\/wp-content\/uploads\/2022\/03\/Dicas-e-ideias-para-reformar-a-sua-cozinha.5-150x86.jpg 150w\" sizes=\"(max-width: 700px) 100vw, 700px\" \/><\/p><p><a href=\"https:\/\/www.aarquiteta.com.br\/blog\/decoracao\/ambientes-na-decoracao\/decoracao-de-cozinha\/\">Cozinha<\/a> Pequena \u2014 7 maneiras de armazenar e organizar utens\u00edlios dom\u00e9sticos!<\/p><p><a href=\"https:\/\/www.aarquiteta.com.br\/blog\/decoracao\/ambientes-na-decoracao\/\" class=\"ilj-generated-link\">Ambientes<\/a> onde a generosidade de espa\u00e7o passou longe a organiza\u00e7\u00e3o \u00e9 sempre a chave!<\/p><p>Por isso em ambientes pequenos, ter um espa\u00e7o organizado \u00e9 essencial. Se voc\u00ea n\u00e3o tem espa\u00e7o de armazenamento suficiente e sua <a href=\"https:\/\/www.aarquiteta.com.br\/blog\/cozinha-moderna-pequena\/\" target=\"_blank\" rel=\"noopener\">pequena cozinha<\/a> n\u00e3o ajuda, n\u00f3s te entendemos.<\/p><p>Manter tudo o que voc\u00ea precisa na <a href=\"https:\/\/www.aarquiteta.com.br\/blog\/cozinha-planejada-decorar-uma-cozinha-pequena\/\" target=\"_blank\" rel=\"noopener\">cozinha<\/a> \u00e9 uma tarefa assustadora e, al\u00e9m disso, mant\u00ea-la arrumada.\u00a0Com um pouco de habilidade e imagina\u00e7\u00e3o, voc\u00ea tirar\u00e1 o m\u00e1ximo proveito da sua cozinha.<\/p><p>A falta de espa\u00e7o \u00e9 sempre um problema em qualquer <a href=\"https:\/\/www.aarquiteta.com.br\/blog\/casa-e-jardim\/\" class=\"ilj-generated-link\">casa<\/a>, e pode ser pior se estiver mal organizada.\u00a0Pode ser t\u00e3o confuso que voc\u00ea n\u00e3o quer mais cozinhar, contudo, temos\u00a0boas not\u00edcias!<\/p><p>Pense inteligentemente e trabalhe duro, e aquela <a href=\"https:\/\/www.aarquiteta.com.br\/blog\/cozinha-planejada-pequena\/\" target=\"_blank\" rel=\"noopener\">pequena min\u00fascula<\/a> pode magicamente ganhar mais metragem quadrada.<\/p><p>A chave \u00e9 manter-se organizado, manter o essencial \u00e0 m\u00e3o e manter uma est\u00e9tica limpa, portanto, a \u00fanica coisa que voc\u00ea precisa fazer no in\u00edcio \u00e9 um compromisso.<\/p><p>Passe algumas horas pensando no que voc\u00ea precisa e no que n\u00e3o precisa.\u00a0O fato de voc\u00ea estar no trabalho facilitar\u00e1 as coisas, dando a voc\u00ea uma ideia de p\u00f4r que sua cozinha tem a apar\u00eancia que tem.<\/p><p>Existem m\u00f3veis e acess\u00f3rios que podem facilitar para voc\u00ea manter sua <a href=\"https:\/\/www.aarquiteta.com.br\/blog\/como-utilizar-piso-de-madeira-na-cozinha\/\" target=\"_blank\" rel=\"noopener\">cozinha limpa e arrumada<\/a>!<\/p><p>Encontre ideias de <a href=\"https:\/\/www.aarquiteta.com.br\/blog\/home-decor\/organizacao-e-armazenamento\/\" class=\"ilj-generated-link\">organiza\u00e7\u00e3o<\/a> e armazenamento inteligentes para cozinhas pequenas neste artigo, voc\u00ea est\u00e1 pronto?\u00a0 A saber:<\/p><h2>Cozinha Pequena \u2014 7 maneiras de armazenar e organizar utens\u00edlios dom\u00e9sticos!<\/h2><h3>1 \u2014 Invista em M\u00f3veis Planejados:<\/h3><p>Para espa\u00e7os pequenos, <a href=\"https:\/\/www.aarquiteta.com.br\/blog\/como-planejar-armario-de-cozinha-moderno\/\" target=\"_blank\" rel=\"noopener\">m\u00f3veis sob medida<\/a> s\u00e3o sempre uma boa ideia, por isso, aposte em m\u00f3veis sob medida independente do espa\u00e7o que o ambiente possui.<\/p><p>Finalmente, voc\u00ea poder\u00e1 desfrutar de todos os cantos da cozinha!<\/p><p><img decoding=\"async\" class=\"aligncenter wp-image-40232 size-full\" title=\"Cozinha Pequena \u2014 7 maneiras de armazenar e organizar utens\u00edlios dom\u00e9sticos!\" src=\"https:\/\/www.aarquiteta.com.br\/blog\/wp-content\/uploads\/2022\/01\/cozinha-planejada.jpg\" alt=\"Cozinha Pequena \u2014 7 maneiras de armazenar e organizar utens\u00edlios dom\u00e9sticos!\" width=\"700\" height=\"400\" srcset=\"https:\/\/www.aarquiteta.com.br\/blog\/wp-content\/uploads\/2022\/01\/cozinha-planejada.jpg 700w, https:\/\/www.aarquiteta.com.br\/blog\/wp-content\/uploads\/2022\/01\/cozinha-planejada-696x398.jpg 696w, https:\/\/www.aarquiteta.com.br\/blog\/wp-content\/uploads\/2022\/01\/cozinha-planejada-150x86.jpg 150w\" sizes=\"(max-width: 700px) 100vw, 700px\" \/><\/p><h3>2 \u2014 Instale Prateleiras:<\/h3><p>As prateleiras s\u00e3o vers\u00e1teis e facilitam a decora\u00e7\u00e3o de qualquer ambiente.\u00a0Ent\u00e3o voc\u00ea pode investir nesse <a href=\"https:\/\/www.aarquiteta.com.br\/blog\/como-decorar-uma-casa-pequena\/\" target=\"_blank\" rel=\"noopener\">projeto<\/a> para sua cozinha.<\/p><p>Assim voc\u00ea pode armazenar o que precisar neles e ainda otimizar o espa\u00e7o.<\/p><p>Al\u00e9m das muitas ideias inteligentes de <a href=\"https:\/\/www.aarquiteta.com.br\/blog\/como-escolher-fogao-4-bocas\/\" target=\"_blank\" rel=\"noopener\">armazenamento<\/a> para cozinhas pequenas, as prateleiras tamb\u00e9m s\u00e3o \u00f3timas.<\/p><p><img decoding=\"async\" class=\"aligncenter wp-image-55952 size-full\" title=\"Cozinha Pequena \u2014 7 maneiras de armazenar e organizar utens\u00edlios dom\u00e9sticos!\" src=\"https:\/\/www.aarquiteta.com.br\/blog\/wp-content\/uploads\/2022\/05\/cozinha-pequena-4.jpg\" alt=\"Cozinha Pequena \u2014 7 maneiras de armazenar e organizar utens\u00edlios dom\u00e9sticos!\" width=\"564\" height=\"564\" srcset=\"https:\/\/www.aarquiteta.com.br\/blog\/wp-content\/uploads\/2022\/05\/cozinha-pequena-4.jpg 564w, https:\/\/www.aarquiteta.com.br\/blog\/wp-content\/uploads\/2022\/05\/cozinha-pequena-4-96x96.jpg 96w, https:\/\/www.aarquiteta.com.br\/blog\/wp-content\/uploads\/2022\/05\/cozinha-pequena-4-150x150.jpg 150w\" sizes=\"(max-width: 564px) 100vw, 564px\" \/><\/p><p>Eles s\u00e3o muito \u00fateis quando voc\u00ea precisa <a href=\"https:\/\/www.aarquiteta.com.br\/blog\/reforma-de-cozinha-como-projetar\/\" target=\"_blank\" rel=\"noopener\">organizar coisas<\/a> que voc\u00ea usa com frequ\u00eancia.<\/p><p>Use-os para guardar as x\u00edcaras, pratos ou tigelas que voc\u00ea usa com mais frequ\u00eancia.\u00a0Tornar as coisas mais acess\u00edveis tornar\u00e1 as coisas mais confort\u00e1veis.<\/p><p>Lembre-se, voc\u00ea precisa estar mais organizado e limpo, pois tudo fica exposto.\u00a0Use potes ou potes fofos para guardar a\u00e7\u00facar, sal ou caf\u00e9.<\/p><p>S\u00e3o pr\u00e1ticos e v\u00e3o deixar a sua cozinha com um ar elegante.<\/p><p><img decoding=\"async\" class=\"aligncenter wp-image-40233 size-full\" title=\"Cozinha Pequena \u2014 7 maneiras de armazenar e organizar utens\u00edlios dom\u00e9sticos!\" src=\"https:\/\/www.aarquiteta.com.br\/blog\/wp-content\/uploads\/2022\/01\/ganchos-e-prateleiras.jpg\" alt=\"Cozinha Pequena \u2014 7 maneiras de armazenar e organizar utens\u00edlios dom\u00e9sticos!\" width=\"700\" height=\"400\" srcset=\"https:\/\/www.aarquiteta.com.br\/blog\/wp-content\/uploads\/2022\/01\/ganchos-e-prateleiras.jpg 700w, https:\/\/www.aarquiteta.com.br\/blog\/wp-content\/uploads\/2022\/01\/ganchos-e-prateleiras-696x398.jpg 696w, https:\/\/www.aarquiteta.com.br\/blog\/wp-content\/uploads\/2022\/01\/ganchos-e-prateleiras-150x86.jpg 150w\" sizes=\"(max-width: 700px) 100vw, 700px\" \/><\/p><h3>3 \u2014 Organizadores para talheres:<\/h3><p>Um organizador \u00e9 essencial na cozinha.\u00a0Voc\u00ea pode organizar pratos, x\u00edcaras, copos e muito mais.<\/p><p>Dessa forma, o ambiente n\u00e3o ficar\u00e1 desordenado e o espa\u00e7o poder\u00e1 ser utilizado.<\/p><p>Portanto, use organizadores para criar uma <a href=\"https:\/\/www.aarquiteta.com.br\/blog\/como-fazer-uma-cozinha-moderna\/\" target=\"_blank\" rel=\"noopener\">cozinha limpa e arrumada.<\/a><\/p><p><img decoding=\"async\" class=\"aligncenter wp-image-40234 size-full\" title=\"organizadores de gavetas\" src=\"https:\/\/www.aarquiteta.com.br\/blog\/wp-content\/uploads\/2022\/01\/organizadores-de-gavetas.jpg\" alt=\"Cozinha Pequena \u2014 7 maneiras de armazenar e organizar utens\u00edlios dom\u00e9sticos!\" width=\"700\" height=\"400\" srcset=\"https:\/\/www.aarquiteta.com.br\/blog\/wp-content\/uploads\/2022\/01\/organizadores-de-gavetas.jpg 700w, https:\/\/www.aarquiteta.com.br\/blog\/wp-content\/uploads\/2022\/01\/organizadores-de-gavetas-696x398.jpg 696w, https:\/\/www.aarquiteta.com.br\/blog\/wp-content\/uploads\/2022\/01\/organizadores-de-gavetas-150x86.jpg 150w\" sizes=\"(max-width: 700px) 100vw, 700px\" \/><\/p><h3>Cozinha Pequena \u2014 7 ideias de projetos de armazenamento e organiza\u00e7\u00e3o!<\/h3><p>Est\u00e1 gostando do artigo? Confira agora mais 4 ideias de <a href=\"https:\/\/www.aarquiteta.com.br\/blog\/decore-sua-casa\/\" target=\"_blank\" rel=\"noopener\">armazenamento<\/a> e n\u00e3o se perca mais em sua cozinha pequena.<\/p><p>Voc\u00ea esta cansada de tentar organizar a casa, mas n\u00e3o conseguir? Quer organizar definitivamente e eficiente, e acabar de vez com a bagun\u00e7a?<\/p><p>Pois \u00e9, com as <a href=\"https:\/\/go.hotmart.com\/L72308754E?dp=1\" target=\"_blank\" rel=\"noopener\">t\u00e9cnicas certas de organiza\u00e7\u00e3o<\/a> voc\u00ea consegue organizar sua casa de uma vez por todas e ter tempo para o que realmente importa!<\/p><p>Se eu te disser que isso \u00e9 poss\u00edvel voc\u00ea acredita? Quer saber mais? Vem comigo, que <a href=\"https:\/\/go.hotmart.com\/L72308754E?dp=1\" target=\"_blank\" rel=\"noopener\">eu te mostro!\u00a0<\/a><\/p><figure id=\"attachment_60332\" aria-describedby=\"caption-attachment-60332\" style=\"width: 700px\" class=\"wp-caption aligncenter\"><a href=\"https:\/\/go.hotmart.com\/L72308754E?dp=1\" target=\"_blank\" rel=\"noopener\"><img decoding=\"async\" class=\"wp-image-60332 size-full\" src=\"https:\/\/www.aarquiteta.com.br\/blog\/wp-content\/uploads\/2022\/06\/curso-de-organizacao-residencial.jpg\" alt=\"curso de organiza\u00e7\u00e3o residencial\" width=\"700\" height=\"400\" title=\"\" srcset=\"https:\/\/www.aarquiteta.com.br\/blog\/wp-content\/uploads\/2022\/06\/curso-de-organizacao-residencial.jpg 700w, https:\/\/www.aarquiteta.com.br\/blog\/wp-content\/uploads\/2022\/06\/curso-de-organizacao-residencial-696x398.jpg 696w, https:\/\/www.aarquiteta.com.br\/blog\/wp-content\/uploads\/2022\/06\/curso-de-organizacao-residencial-150x86.jpg 150w\" sizes=\"(max-width: 700px) 100vw, 700px\" \/><\/a><figcaption id=\"caption-attachment-60332\" class=\"wp-caption-text\"><a href=\"https:\/\/go.hotmart.com\/L72308754E?dp=1\" target=\"_blank\" rel=\"noopener\">Curso de organiza\u00e7\u00e3o residencial para todos por Gabi de Santi &#8211; Personal Organizer<\/a><\/figcaption><\/figure><p>&nbsp;<\/p><h3>4 \u2014 Porta mantimentos:<\/h3><p>Este item \u00e9 essencial na cozinha al\u00e9m de deixar a cozinha mais bonita!<\/p><p>Os suportes de mercearia trazem mais <a href=\"https:\/\/www.aarquiteta.com.br\/blog\/10-erros-que-nao-se-deve-cometer-na-decoracao\/\" target=\"_blank\" rel=\"noopener\">organiza\u00e7\u00e3o<\/a> e utilidade no dia a dia, por\u00a0 isso, nada melhor do que ter tudo organizado no arm\u00e1rio ou prateleira.<\/p><p>Por fim, investir em porta mantimentos \u00e9 uma boa ideia e ajudar\u00e1 na hora de <a href=\"https:\/\/www.aarquiteta.com.br\/blog\/cozinha-moderna-10-dicas-de-como-projetar\/\" target=\"_blank\" rel=\"noopener\">organizar<\/a> tudo.<\/p><p><img decoding=\"async\" class=\"aligncenter wp-image-40235 size-full\" title=\"potes para mantimentos\" src=\"https:\/\/www.aarquiteta.com.br\/blog\/wp-content\/uploads\/2022\/01\/potes.jpg\" alt=\"Cozinha Pequena \u2014 7 maneiras de armazenar e organizar utens\u00edlios dom\u00e9sticos!\" width=\"700\" height=\"400\" srcset=\"https:\/\/www.aarquiteta.com.br\/blog\/wp-content\/uploads\/2022\/01\/potes.jpg 700w, https:\/\/www.aarquiteta.com.br\/blog\/wp-content\/uploads\/2022\/01\/potes-696x398.jpg 696w, https:\/\/www.aarquiteta.com.br\/blog\/wp-content\/uploads\/2022\/01\/potes-150x86.jpg 150w\" sizes=\"(max-width: 700px) 100vw, 700px\" \/><\/p><h3>5 \u2014 Invista em Arm\u00e1rios extra\u00edveis:<\/h3><p>Os arm\u00e1rios extra\u00edveis s\u00e3o \u00f3timos e facilitam as coisas.\u00a0Eles s\u00e3o \u00f3timos para manter seus pratos ou despensa organizados e <a href=\"https:\/\/www.aarquiteta.com.br\/blog\/como-escolher-corretamente-os-moveis-planejados-para-apartamentos\/\" target=\"_blank\" rel=\"noopener\">aproveitar ao m\u00e1ximo o espa\u00e7o<\/a> em suas gavetas.<\/p><p>Essa op\u00e7\u00e3o facilita ficar de olho em tudo e n\u00e3o estraga nenhum produto.\u00a0Agora voc\u00ea sabe exatamente o que precisa comprar.<\/p><p><img decoding=\"async\" class=\"aligncenter wp-image-55950 size-full\" style=\"font-weight: bold; background-color: transparent; color: #767676;\" src=\"https:\/\/www.aarquiteta.com.br\/blog\/wp-content\/uploads\/2022\/05\/cozinha-pequena-2.webp\" alt=\"Cozinha Pequena \u2014 7 maneiras de armazenar e organizar utens\u00edlios dom\u00e9sticos!\" width=\"564\" height=\"705\" title=\"\" srcset=\"https:\/\/www.aarquiteta.com.br\/blog\/wp-content\/uploads\/2022\/05\/cozinha-pequena-2.webp 564w, https:\/\/www.aarquiteta.com.br\/blog\/wp-content\/uploads\/2022\/05\/cozinha-pequena-2-150x188.webp 150w\" sizes=\"(max-width: 564px) 100vw, 564px\" \/><\/p><h3><span style=\"font-size: 22px; font-weight: bold; color: #2b2b2b;\">6 \u2014 Carrinho de utilidades:<\/span><\/h3><p>O carrinho utilit\u00e1rio \u00e9 pr\u00e1tico e voc\u00ea pode transform\u00e1-lo como quiser.\u00a0Esta \u00e9 uma \u00f3tima op\u00e7\u00e3o se voc\u00ea precisa de um pouco de espa\u00e7o para <a href=\"https:\/\/www.aarquiteta.com.br\/blog\/qual-a-melhor-fritadeira-eletrica-sem-oleo\/\" target=\"_blank\" rel=\"noopener\">manter tudo \u00e0 m\u00e3o<\/a>.<\/p><p>Voc\u00ea pode guardar guardanapos, talheres e tudo o que precisar para arrumar a <a href=\"https:\/\/www.aarquiteta.com.br\/blog\/home-decor\/moveis\/mesas-e-cadeiras\/\" class=\"ilj-generated-link\">mesa<\/a>.<\/p><p><img decoding=\"async\" class=\"aligncenter wp-image-55951 size-full\" src=\"https:\/\/www.aarquiteta.com.br\/blog\/wp-content\/uploads\/2022\/05\/cozinha-pequena-3.jpg\" alt=\"Cozinha Pequena \u2014 7 maneiras de armazenar e organizar utens\u00edlios dom\u00e9sticos!\" width=\"500\" height=\"749\" title=\"\" srcset=\"https:\/\/www.aarquiteta.com.br\/blog\/wp-content\/uploads\/2022\/05\/cozinha-pequena-3.jpg 500w, https:\/\/www.aarquiteta.com.br\/blog\/wp-content\/uploads\/2022\/05\/cozinha-pequena-3-150x225.jpg 150w\" sizes=\"(max-width: 500px) 100vw, 500px\" \/><\/p><h3>7 \u2014 Ganchos de parede:<\/h3><p>Outra ideia de armazenamento para uma cozinha pequena \u00e9 uma prateleira para pendurar os utens\u00edlios de cozinha que voc\u00ea precisa e, na maioria das vezes, para cozinhar.<\/p><p>Esses raques s\u00e3o f\u00e1ceis de instalar, baratos e oferecem <a href=\"https:\/\/www.aarquiteta.com.br\/blog\/moveis-planejados-para-apartamentos-pequenos\/\" target=\"_blank\" rel=\"noopener\">funcionalidade extra<\/a> porque mant\u00eam as coisas \u00e0 m\u00e3o.<\/p><p>Prateleiras, arm\u00e1rios, ganchos.\u00a0Muitas outras op\u00e7\u00f5es podem se adequar ao seu estilo e or\u00e7amento.<\/p><p><img decoding=\"async\" class=\"aligncenter wp-image-49331 size-full\" src=\"https:\/\/www.aarquiteta.com.br\/blog\/wp-content\/uploads\/2022\/03\/Dicas-e-ideias-para-reformar-a-sua-cozinha.5.jpg\" alt=\"Cozinha Pequena \u2014 7 maneiras de armazenar e organizar utens\u00edlios dom\u00e9sticos!\" width=\"700\" height=\"400\" title=\"\" srcset=\"https:\/\/www.aarquiteta.com.br\/blog\/wp-content\/uploads\/2022\/03\/Dicas-e-ideias-para-reformar-a-sua-cozinha.5.jpg 700w, https:\/\/www.aarquiteta.com.br\/blog\/wp-content\/uploads\/2022\/03\/Dicas-e-ideias-para-reformar-a-sua-cozinha.5-696x398.jpg 696w, https:\/\/www.aarquiteta.com.br\/blog\/wp-content\/uploads\/2022\/03\/Dicas-e-ideias-para-reformar-a-sua-cozinha.5-150x86.jpg 150w\" sizes=\"(max-width: 700px) 100vw, 700px\" \/><\/p><p>Lembre-se sempre de organizar seus utens\u00edlios, despensa e pequenos eletrodom\u00e9sticos.<\/p><p>N\u00e3o se esque\u00e7a do objetivo, mantenha tudo limpo e organizado e comece a desfrutar da sua cozinha.<\/p><h2>Cozinha Pequena \u2014 Encontre tudo a m\u00e3o na hora que precisar:<\/h2><p>Confira agora outros projetos de cozinha e inspire-se na <a href=\"https:\/\/www.aarquiteta.com.br\/blog\/como-escolher-ou-projetar-uma-penteadeira\/\" target=\"_blank\" rel=\"noopener\">decora\u00e7\u00e3o da sua casa:<\/a><\/p><p><img decoding=\"async\" class=\"aligncenter wp-image-56144 size-full\" src=\"https:\/\/www.aarquiteta.com.br\/blog\/wp-content\/uploads\/2022\/05\/funcional-7.webp\" alt=\"\" width=\"1023\" height=\"1064\" title=\"\" srcset=\"https:\/\/www.aarquiteta.com.br\/blog\/wp-content\/uploads\/2022\/05\/funcional-7.webp 1023w, https:\/\/www.aarquiteta.com.br\/blog\/wp-content\/uploads\/2022\/05\/funcional-7-985x1024.webp 985w, https:\/\/www.aarquiteta.com.br\/blog\/wp-content\/uploads\/2022\/05\/funcional-7-696x724.webp 696w, https:\/\/www.aarquiteta.com.br\/blog\/wp-content\/uploads\/2022\/05\/funcional-7-150x156.webp 150w\" sizes=\"(max-width: 1023px) 100vw, 1023px\" \/><\/p><p><img decoding=\"async\" class=\"aligncenter wp-image-56130 size-full\" src=\"https:\/\/www.aarquiteta.com.br\/blog\/wp-content\/uploads\/2022\/05\/funcional-1.jpg\" alt=\"funcional 1\" width=\"1080\" height=\"1350\" title=\"\" srcset=\"https:\/\/www.aarquiteta.com.br\/blog\/wp-content\/uploads\/2022\/05\/funcional-1.jpg 1080w, https:\/\/www.aarquiteta.com.br\/blog\/wp-content\/uploads\/2022\/05\/funcional-1-1024x1280.jpg 1024w, https:\/\/www.aarquiteta.com.br\/blog\/wp-content\/uploads\/2022\/05\/funcional-1-696x870.jpg 696w, https:\/\/www.aarquiteta.com.br\/blog\/wp-content\/uploads\/2022\/05\/funcional-1-150x188.jpg 150w\" sizes=\"(max-width: 1080px) 100vw, 1080px\" \/><\/p><p><img decoding=\"async\" class=\"aligncenter wp-image-56132 size-full\" src=\"https:\/\/www.aarquiteta.com.br\/blog\/wp-content\/uploads\/2022\/05\/funcional-2.webp\" alt=\"\" width=\"584\" height=\"730\" title=\"\" srcset=\"https:\/\/www.aarquiteta.com.br\/blog\/wp-content\/uploads\/2022\/05\/funcional-2.webp 584w, https:\/\/www.aarquiteta.com.br\/blog\/wp-content\/uploads\/2022\/05\/funcional-2-150x188.webp 150w\" sizes=\"(max-width: 584px) 100vw, 584px\" \/><\/p><p><img decoding=\"async\" class=\"aligncenter wp-image-56128 size-full\" src=\"https:\/\/www.aarquiteta.com.br\/blog\/wp-content\/uploads\/2022\/05\/funcional.webp\" alt=\"funcional\" width=\"1024\" height=\"767\" title=\"\" srcset=\"https:\/\/www.aarquiteta.com.br\/blog\/wp-content\/uploads\/2022\/05\/funcional.webp 1024w, https:\/\/www.aarquiteta.com.br\/blog\/wp-content\/uploads\/2022\/05\/funcional-696x521.webp 696w, https:\/\/www.aarquiteta.com.br\/blog\/wp-content\/uploads\/2022\/05\/funcional-150x112.webp 150w\" sizes=\"(max-width: 1024px) 100vw, 1024px\" \/><\/p><p><img decoding=\"async\" class=\"aligncenter wp-image-55949 size-full\" src=\"https:\/\/www.aarquiteta.com.br\/blog\/wp-content\/uploads\/2022\/05\/cozinha-pequena-1.jpg\" alt=\"cozinha pequena 1\" width=\"1024\" height=\"847\" title=\"\" srcset=\"https:\/\/www.aarquiteta.com.br\/blog\/wp-content\/uploads\/2022\/05\/cozinha-pequena-1.jpg 1024w, https:\/\/www.aarquiteta.com.br\/blog\/wp-content\/uploads\/2022\/05\/cozinha-pequena-1-696x576.jpg 696w, https:\/\/www.aarquiteta.com.br\/blog\/wp-content\/uploads\/2022\/05\/cozinha-pequena-1-150x124.jpg 150w\" sizes=\"(max-width: 1024px) 100vw, 1024px\" \/><\/p><h2>Cozinha Pequena \u2014 Organiza\u00e7\u00e3o sem complica\u00e7\u00e3o:<\/h2><p>Confira mais fotos de projetos de cozinha e mude a cara da sua <a href=\"https:\/\/www.aarquiteta.com.br\/blog\/decoracao-para-casa-pequena\/\" target=\"_blank\" rel=\"noopener\">casa<\/a>:<\/p><p><img decoding=\"async\" class=\"aligncenter wp-image-55800 size-full\" src=\"https:\/\/www.aarquiteta.com.br\/blog\/wp-content\/uploads\/2022\/05\/microondas-5.webp\" alt=\"\" width=\"584\" height=\"438\" title=\"\" srcset=\"https:\/\/www.aarquiteta.com.br\/blog\/wp-content\/uploads\/2022\/05\/microondas-5.webp 584w, https:\/\/www.aarquiteta.com.br\/blog\/wp-content\/uploads\/2022\/05\/microondas-5-150x113.webp 150w\" sizes=\"(max-width: 584px) 100vw, 584px\" \/><\/p><p>&nbsp;<\/p><h3><img decoding=\"async\" class=\"aligncenter wp-image-55948 size-full\" src=\"https:\/\/www.aarquiteta.com.br\/blog\/wp-content\/uploads\/2022\/05\/cozinha-pequena.jpg\" alt=\"cozinha pequena\" width=\"450\" height=\"337\" title=\"\" srcset=\"https:\/\/www.aarquiteta.com.br\/blog\/wp-content\/uploads\/2022\/05\/cozinha-pequena.jpg 450w, https:\/\/www.aarquiteta.com.br\/blog\/wp-content\/uploads\/2022\/05\/cozinha-pequena-150x112.jpg 150w\" sizes=\"(max-width: 450px) 100vw, 450px\" \/><\/h3><h3><img decoding=\"async\" class=\"aligncenter wp-image-54941 size-full\" src=\"https:\/\/www.aarquiteta.com.br\/blog\/wp-content\/uploads\/2022\/05\/cozinha-pequena-8-1.jpg\" alt=\"cozinha-pequena-8-1\" width=\"563\" height=\"646\" title=\"\" srcset=\"https:\/\/www.aarquiteta.com.br\/blog\/wp-content\/uploads\/2022\/05\/cozinha-pequena-8-1.jpg 563w, https:\/\/www.aarquiteta.com.br\/blog\/wp-content\/uploads\/2022\/05\/cozinha-pequena-8-1-150x172.jpg 150w\" sizes=\"(max-width: 563px) 100vw, 563px\" \/><\/h3><h3>Cansado da desordem nos arm\u00e1rios? <a href=\"https:\/\/go.hotmart.com\/L71606651A?dp=1\" target=\"_blank\" rel=\"noopener\">Que tal organizar<\/a>?<\/h3><p>Com este <a href=\"https:\/\/go.hotmart.com\/L71606651A?dp=1\" target=\"_blank\" rel=\"noopener\">passo a passo<\/a> voc\u00ea conseguir\u00e1 organizar o seu ambiente eficazmente, otimizando e deixando os espa\u00e7os funcionais.<\/p><p>Aprender\u00e1 desde o in\u00edcio do processo da organiza\u00e7\u00e3o, passando pela (auto) an\u00e1lise, at\u00e9 o que se deve guardar em gavetas, o que pendurar em cabides, <a href=\"https:\/\/go.hotmart.com\/L71606651A?dp=1\" target=\"_blank\" rel=\"noopener\">como organizar os diversos acess\u00f3rios<\/a>, entre outros.<\/p><p><a style=\"font-weight: bold; background-color: initial;\" href=\"https:\/\/go.hotmart.com\/L71606651A?dp=1\" target=\"_blank\" rel=\"noopener\"><img decoding=\"async\" class=\"wp-image-60349 size-full\" src=\"https:\/\/www.aarquiteta.com.br\/blog\/wp-content\/uploads\/2022\/06\/curso-de-organizacao-closet.jpg\" alt=\"curso de organiza\u00e7\u00e3o closet\" width=\"700\" height=\"400\" title=\"\" srcset=\"https:\/\/www.aarquiteta.com.br\/blog\/wp-content\/uploads\/2022\/06\/curso-de-organizacao-closet.jpg 700w, https:\/\/www.aarquiteta.com.br\/blog\/wp-content\/uploads\/2022\/06\/curso-de-organizacao-closet-696x398.jpg 696w, https:\/\/www.aarquiteta.com.br\/blog\/wp-content\/uploads\/2022\/06\/curso-de-organizacao-closet-150x86.jpg 150w\" sizes=\"(max-width: 700px) 100vw, 700px\" \/><\/a><\/p><p><a href=\"https:\/\/go.hotmart.com\/L71606651A?dp=1\" target=\"_blank\" rel=\"noopener\">Curso de organiza\u00e7\u00e3o closet\u00a0 por HARMONIZATTA<\/a><\/p><p>Inclu\u00edmos fotos para te ajudar em todo o processo da organiza\u00e7\u00e3o, com o uso de organizadores pr\u00f3prios, pois al\u00e9m de deixar tudo em ordem, eles trazem facilidade e otimiza\u00e7\u00e3o para os espa\u00e7os.<\/p><p><a href=\"https:\/\/go.hotmart.com\/L71606651A?dp=1\" target=\"_blank\" rel=\"noopener\">ORGANIZA\u00c7\u00c3O<\/a> n\u00e3o \u00e9 luxo e sim QUALIDADE DE VIDA!<\/p><h3><\/h3><p><img decoding=\"async\" class=\"wp-image-49842 size-full\" src=\"https:\/\/www.aarquiteta.com.br\/blog\/wp-content\/uploads\/2022\/03\/Dicas-para-escolher-banquetas-para-sua-cozinha..jpg\" alt=\"Passo 3: Escolha seu estilo\" width=\"1024\" height=\"576\" title=\"\" srcset=\"https:\/\/www.aarquiteta.com.br\/blog\/wp-content\/uploads\/2022\/03\/Dicas-para-escolher-banquetas-para-sua-cozinha..jpg 1024w, https:\/\/www.aarquiteta.com.br\/blog\/wp-content\/uploads\/2022\/03\/Dicas-para-escolher-banquetas-para-sua-cozinha.-696x392.jpg 696w, https:\/\/www.aarquiteta.com.br\/blog\/wp-content\/uploads\/2022\/03\/Dicas-para-escolher-banquetas-para-sua-cozinha.-150x84.jpg 150w\" sizes=\"(max-width: 1024px) 100vw, 1024px\" \/><\/p><h3><img decoding=\"async\" class=\"aligncenter wp-image-45038 size-full\" src=\"https:\/\/www.aarquiteta.com.br\/blog\/wp-content\/uploads\/2022\/03\/Dicas-de-como-fazer-uma-cozinha-farmhouse-4.jpg\" alt=\"Cores desse estilo de cozinha\" width=\"700\" height=\"400\" title=\"\" srcset=\"https:\/\/www.aarquiteta.com.br\/blog\/wp-content\/uploads\/2022\/03\/Dicas-de-como-fazer-uma-cozinha-farmhouse-4.jpg 700w, https:\/\/www.aarquiteta.com.br\/blog\/wp-content\/uploads\/2022\/03\/Dicas-de-como-fazer-uma-cozinha-farmhouse-4-696x398.jpg 696w, https:\/\/www.aarquiteta.com.br\/blog\/wp-content\/uploads\/2022\/03\/Dicas-de-como-fazer-uma-cozinha-farmhouse-4-150x86.jpg 150w\" sizes=\"(max-width: 700px) 100vw, 700px\" \/><\/h3><h3><img decoding=\"async\" class=\"aligncenter wp-image-42701 size-full\" src=\"https:\/\/www.aarquiteta.com.br\/blog\/wp-content\/uploads\/2022\/02\/Como-decorar-parede-cozinha-com-tijolinhos55.jpg\" alt=\"Decorar parede cozinha com tijolinhos\" width=\"700\" height=\"400\" title=\"\" srcset=\"https:\/\/www.aarquiteta.com.br\/blog\/wp-content\/uploads\/2022\/02\/Como-decorar-parede-cozinha-com-tijolinhos55.jpg 700w, https:\/\/www.aarquiteta.com.br\/blog\/wp-content\/uploads\/2022\/02\/Como-decorar-parede-cozinha-com-tijolinhos55-696x398.jpg 696w, https:\/\/www.aarquiteta.com.br\/blog\/wp-content\/uploads\/2022\/02\/Como-decorar-parede-cozinha-com-tijolinhos55-150x86.jpg 150w\" sizes=\"(max-width: 700px) 100vw, 700px\" \/><\/h3><h3><img decoding=\"async\" class=\"aligncenter wp-image-42853 size-full\" src=\"https:\/\/www.aarquiteta.com.br\/blog\/wp-content\/uploads\/2022\/02\/Dicas-de-modelos-gabinete-cozinha1.jpg\" alt=\"Dicas de modelos gabinete cozinha\" width=\"700\" height=\"400\" title=\"\" srcset=\"https:\/\/www.aarquiteta.com.br\/blog\/wp-content\/uploads\/2022\/02\/Dicas-de-modelos-gabinete-cozinha1.jpg 700w, https:\/\/www.aarquiteta.com.br\/blog\/wp-content\/uploads\/2022\/02\/Dicas-de-modelos-gabinete-cozinha1-696x398.jpg 696w, https:\/\/www.aarquiteta.com.br\/blog\/wp-content\/uploads\/2022\/02\/Dicas-de-modelos-gabinete-cozinha1-150x86.jpg 150w\" sizes=\"(max-width: 700px) 100vw, 700px\" \/><\/h3><h3><img decoding=\"async\" class=\"aligncenter wp-image-41235 size-full\" src=\"https:\/\/www.aarquiteta.com.br\/blog\/wp-content\/uploads\/2022\/01\/decoracao-estilo-industrial3.jpg\" alt=\"Decora\u00e7\u00e3o estilo industrial: cozinha\u00a0\" width=\"700\" height=\"400\" title=\"\" srcset=\"https:\/\/www.aarquiteta.com.br\/blog\/wp-content\/uploads\/2022\/01\/decoracao-estilo-industrial3.jpg 700w, https:\/\/www.aarquiteta.com.br\/blog\/wp-content\/uploads\/2022\/01\/decoracao-estilo-industrial3-696x398.jpg 696w, https:\/\/www.aarquiteta.com.br\/blog\/wp-content\/uploads\/2022\/01\/decoracao-estilo-industrial3-150x86.jpg 150w\" sizes=\"(max-width: 700px) 100vw, 700px\" \/><\/h3><h3><img decoding=\"async\" class=\"aligncenter wp-image-33561 size-full\" src=\"https:\/\/www.aarquiteta.com.br\/blog\/wp-content\/uploads\/2020\/06\/Cozinha_moderna_com_balc\u00e3o_preto.jpg\" alt=\"\" width=\"1536\" height=\"864\" title=\"\" srcset=\"https:\/\/www.aarquiteta.com.br\/blog\/wp-content\/uploads\/2020\/06\/Cozinha_moderna_com_balc\u00e3o_preto.jpg 1536w, https:\/\/www.aarquiteta.com.br\/blog\/wp-content\/uploads\/2020\/06\/Cozinha_moderna_com_balc\u00e3o_preto-1024x576.jpg 1024w, https:\/\/www.aarquiteta.com.br\/blog\/wp-content\/uploads\/2020\/06\/Cozinha_moderna_com_balc\u00e3o_preto-696x392.jpg 696w, https:\/\/www.aarquiteta.com.br\/blog\/wp-content\/uploads\/2020\/06\/Cozinha_moderna_com_balc\u00e3o_preto-150x84.jpg 150w\" sizes=\"(max-width: 1536px) 100vw, 1536px\" \/><\/h3><h3><img decoding=\"async\" class=\"aligncenter wp-image-28613 size-full\" src=\"https:\/\/www.aarquiteta.com.br\/blog\/wp-content\/uploads\/2019\/08\/cozinha-blog-da-arquitetura.jpg\" alt=\"\" width=\"668\" height=\"1000\" title=\"\" srcset=\"https:\/\/www.aarquiteta.com.br\/blog\/wp-content\/uploads\/2019\/08\/cozinha-blog-da-arquitetura.jpg 668w, https:\/\/www.aarquiteta.com.br\/blog\/wp-content\/uploads\/2019\/08\/cozinha-blog-da-arquitetura-150x225.jpg 150w\" sizes=\"(max-width: 668px) 100vw, 668px\" \/><\/h3><h3><img decoding=\"async\" class=\"aligncenter wp-image-31078 size-full\" src=\"https:\/\/www.aarquiteta.com.br\/blog\/wp-content\/uploads\/2019\/08\/cozinha_com_bancada_de_madeira_e_cadeiras_cromadas.jpg\" alt=\"\" width=\"1219\" height=\"773\" title=\"\" srcset=\"https:\/\/www.aarquiteta.com.br\/blog\/wp-content\/uploads\/2019\/08\/cozinha_com_bancada_de_madeira_e_cadeiras_cromadas.jpg 1219w, https:\/\/www.aarquiteta.com.br\/blog\/wp-content\/uploads\/2019\/08\/cozinha_com_bancada_de_madeira_e_cadeiras_cromadas-1024x649.jpg 1024w, https:\/\/www.aarquiteta.com.br\/blog\/wp-content\/uploads\/2019\/08\/cozinha_com_bancada_de_madeira_e_cadeiras_cromadas-696x441.jpg 696w, https:\/\/www.aarquiteta.com.br\/blog\/wp-content\/uploads\/2019\/08\/cozinha_com_bancada_de_madeira_e_cadeiras_cromadas-150x95.jpg 150w\" sizes=\"(max-width: 1219px) 100vw, 1219px\" \/><\/h3><h3>E a\u00ed, gostou do artigo sobre Cozinhas Pequenas \u2014 7 maneiras de armazenar e organizar?<\/h3><p>Ent\u00e3o deslize a tela para baixo e<a href=\"https:\/\/br.pinterest.com\/aarquitetapinterest\/_created\/\" target=\"_blank\" rel=\"noopener\"> confira mais dicas<\/a> como esta e n\u00e3o se esque\u00e7a de compartilhar com os amigos!<\/p><p>Quer mais dicas sobre o mundo da arquitetura e decora\u00e7\u00e3o? Ent\u00e3o, confira alguns dos nossos artigos em:<\/p><ul><li><a href=\"https:\/\/www.aarquiteta.com.br\/blog\/paisagismo\/\" target=\"_blank\" rel=\"noopener\">Casa e Jardim<\/a><\/li><li><a href=\"https:\/\/www.aarquiteta.com.br\/blog\/arquitetura\/mundo-arquitetura\/\" target=\"_blank\" rel=\"noopener\">Mundo Arquitetura<\/a><\/li><li><a href=\"https:\/\/www.aarquiteta.com.br\/decoracao\/\" target=\"_blank\" rel=\"noopener\">Decora\u00e7\u00e3o<\/a><\/li><\/ul>","protected":false},"excerpt":{"rendered":"<p>Cozinha Pequena \u2014 7 maneiras de armazenar e organizar utens\u00edlios dom\u00e9sticos!Ambientes onde a generosidade de espa\u00e7o passou longe a organiza\u00e7\u00e3o \u00e9 sempre a chave!Por isso em ambientes pequenos, ter um espa\u00e7o organizado \u00e9 essencial. Se voc\u00ea n\u00e3o tem espa\u00e7o de armazenamento suficiente e sua pequena cozinha n\u00e3o ajuda, n\u00f3s te entendemos.Manter tudo o que voc\u00ea [&hellip;]<\/p>\n","protected":false},"author":102,"featured_media":49331,"comment_status":"open","ping_status":"closed","sticky":false,"template":"","format":"standard","meta":{"footnotes":""},"categories":[19106],"tags":[10799,10801,10802,10800],"class_list":["post-40230","post","type-post","status-publish","format-standard","has-post-thumbnail","category-organizacao-e-armazenamento","tag-como-organizar-cozinha-pequena","tag-cozinha-pequena","tag-dicas-de-organizacao-cozinha","tag-organizacao-cozinha"],"_wp_attached_file":null,"_wp_attachment_metadata":null,"_wp_attachment_context":null,"_wp_attachment_is_custom_header":null,"geo_longitude":null,"geo_public":null,"geo_latitude":null,"_publicize_done_external":null,"_wpas_done_3897181":null,"publicize_twitter_user":null,"_wpas_done_3897175":null,"_wpas_skip_3897181":null,"_wpas_skip_3897175":null,"_wpas_skip_3924723":null,"_wpas_mess":null,"_wpas_done_3924723":null,"wps_subtitle":"Chega de sofrer por falta de espa\u00e7o na cozinha! Aprenda como manter sua cozinha organizada e tenho tudo sempre a m\u00e3o!","_links":{"self":[{"href":"https:\/\/www.aarquiteta.com.br\/blog\/wp-json\/wp\/v2\/posts\/40230","targetHints":{"allow":["GET"]}}],"collection":[{"href":"https:\/\/www.aarquiteta.com.br\/blog\/wp-json\/wp\/v2\/posts"}],"about":[{"href":"https:\/\/www.aarquiteta.com.br\/blog\/wp-json\/wp\/v2\/types\/post"}],"author":[{"embeddable":true,"href":"https:\/\/www.aarquiteta.com.br\/blog\/wp-json\/wp\/v2\/users\/102"}],"replies":[{"embeddable":true,"href":"https:\/\/www.aarquiteta.com.br\/blog\/wp-json\/wp\/v2\/comments?post=40230"}],"version-history":[{"count":0,"href":"https:\/\/www.aarquiteta.com.br\/blog\/wp-json\/wp\/v2\/posts\/40230\/revisions"}],"wp:featuredmedia":[{"embeddable":true,"href":"https:\/\/www.aarquiteta.com.br\/blog\/wp-json\/wp\/v2\/media\/49331"}],"wp:attachment":[{"href":"https:\/\/www.aarquiteta.com.br\/blog\/wp-json\/wp\/v2\/media?parent=40230"}],"wp:term":[{"taxonomy":"category","embeddable":true,"href":"https:\/\/www.aarquiteta.com.br\/blog\/wp-json\/wp\/v2\/categories?post=40230"},{"taxonomy":"post_tag","embeddable":true,"href":"https:\/\/www.aarquiteta.com.br\/blog\/wp-json\/wp\/v2\/tags?post=40230"}],"curies":[{"name":"wp","href":"https:\/\/api.w.org\/{rel}","templated":true}]}}