{"id":40131,"date":"2022-05-21T17:00:02","date_gmt":"2022-05-21T20:00:02","guid":{"rendered":"http:\/\/aarquiteta.com.br\/?p=40131"},"modified":"2024-09-13T17:20:45","modified_gmt":"2024-09-13T20:20:45","slug":"jardim-vertical-apartamento","status":"publish","type":"post","link":"https:\/\/www.aarquiteta.com.br\/blog\/jardim-vertical-apartamento\/","title":{"rendered":"Jardim Vertical Apartamento &#8211; Acerte na localiza\u00e7\u00e3o!"},"content":{"rendered":"<p><img decoding=\"async\" class=\"aligncenter wp-image-55719 size-full\" src=\"https:\/\/www.aarquiteta.com.br\/blog\/wp-content\/uploads\/2022\/01\/projeto-de-jardim-vertical.jpg\" alt=\"Onde fazer um Jardim Vertical - 4 dicas para acertar na localiza\u00e7\u00e3o!\" width=\"1200\" height=\"800\" title=\"\" srcset=\"https:\/\/www.aarquiteta.com.br\/blog\/wp-content\/uploads\/2022\/01\/projeto-de-jardim-vertical.jpg 1200w, https:\/\/www.aarquiteta.com.br\/blog\/wp-content\/uploads\/2022\/01\/projeto-de-jardim-vertical-1024x683.jpg 1024w, https:\/\/www.aarquiteta.com.br\/blog\/wp-content\/uploads\/2022\/01\/projeto-de-jardim-vertical-696x464.jpg 696w, https:\/\/www.aarquiteta.com.br\/blog\/wp-content\/uploads\/2022\/01\/projeto-de-jardim-vertical-150x100.jpg 150w\" sizes=\"(max-width: 1200px) 100vw, 1200px\" \/><\/p><p>Jardim Vertical <a href=\"https:\/\/www.aarquiteta.com.br\/blog\/?s=APARTAMENTO\">Apartamento<\/a> &#8211; Acerte na localiza\u00e7\u00e3o!<\/p><p>Buscando dicas de onde instalar um <a href=\"https:\/\/www.aarquiteta.com.br\/blog\/jardim-vertical-como-cultivar\/\" target=\"_blank\" rel=\"noopener\">Jardim Vertical<\/a> na sua casa? Confira as melhores aqui neste artigo!<\/p><p>Decorar uma casa com <a href=\"https:\/\/www.aarquiteta.com.br\/blog\/quais-as-plantas-toxicas-para-gatos\/\" target=\"_blank\" rel=\"noopener\">plantas<\/a> \u00e9 sempre uma boa ideia.\u00a0Esse detalhe \u00e9 perfeito para decorar e deixa o ambiente mais natural com um toque de frescor e aconchego.<\/p><p>Ent\u00e3o, se voc\u00ea n\u00e3o tem tanto espa\u00e7o, pode apostar em jardins verticais para decorar sua casa!<\/p><p>Os jardins verticais sempre foram tend\u00eancias na decora\u00e7\u00e3o e s\u00e3o uma \u00f3tima sugest\u00e3o para deixar um ambiente mais elegante e bem decorado.<\/p><p>Se voc\u00ea est\u00e1 procurando como fazer uma boa decora\u00e7\u00e3o, invista em um <a href=\"https:\/\/www.aarquiteta.com.br\/blog\/casa-e-jardim\/\" class=\"ilj-generated-link\">jardim<\/a> vertical!<\/p><h2>Jardim Vertical Apartamento &#8211; Acerte na localiza\u00e7\u00e3o!<\/h2><h3>1 \u2014 No seu quarto:<\/h3><p><img decoding=\"async\" class=\"wp-image-40139 size-full\" title=\"Onde fazer um Jardim Vertical - 4 dicas para acertar na localiza\u00e7\u00e3o!\" src=\"https:\/\/www.aarquiteta.com.br\/blog\/wp-content\/uploads\/2022\/01\/quarto-com-jardim.png\" alt=\"Onde fazer um Jardim Vertical - 4 dicas para acertar na localiza\u00e7\u00e3o!\" width=\"700\" height=\"700\" srcset=\"https:\/\/www.aarquiteta.com.br\/blog\/wp-content\/uploads\/2022\/01\/quarto-com-jardim.png 700w, https:\/\/www.aarquiteta.com.br\/blog\/wp-content\/uploads\/2022\/01\/quarto-com-jardim-696x696.png 696w, https:\/\/www.aarquiteta.com.br\/blog\/wp-content\/uploads\/2022\/01\/quarto-com-jardim-96x96.png 96w, https:\/\/www.aarquiteta.com.br\/blog\/wp-content\/uploads\/2022\/01\/quarto-com-jardim-150x150.png 150w\" sizes=\"(max-width: 700px) 100vw, 700px\" \/><\/p><p>Jardins verticais podem ser colocados em quartos, sabia?<\/p><p>Decorar o seu quarto com um jardim vertical, \u00e9 uma ideia se voc\u00ea gosta de estar em contato com a <a href=\"https:\/\/www.aarquiteta.com.br\/blog\/planta-para-ar-condicionado\/\" target=\"_blank\" rel=\"noopener\">natureza<\/a>.<\/p><p>Ent\u00e3o, encontre uma <a href=\"https:\/\/www.aarquiteta.com.br\/blog\/?s=PAREDE\">parede<\/a> utiliz\u00e1vel em seu quarto que voc\u00ea ache ideal para aplicar jardins verticais.<\/p><h3>2 \u2014 Em sua sala:<\/h3><p><img decoding=\"async\" class=\"wp-image-40134 size-full\" title=\"Onde fazer um Jardim Vertical - 4 dicas para acertar na localiza\u00e7\u00e3o!\" src=\"https:\/\/www.aarquiteta.com.br\/blog\/wp-content\/uploads\/2022\/01\/jardim-vertical-sala.png\" alt=\"Onde fazer um Jardim Vertical - 4 dicas para acertar na localiza\u00e7\u00e3o!\" width=\"700\" height=\"700\" srcset=\"https:\/\/www.aarquiteta.com.br\/blog\/wp-content\/uploads\/2022\/01\/jardim-vertical-sala.png 700w, https:\/\/www.aarquiteta.com.br\/blog\/wp-content\/uploads\/2022\/01\/jardim-vertical-sala-696x696.png 696w, https:\/\/www.aarquiteta.com.br\/blog\/wp-content\/uploads\/2022\/01\/jardim-vertical-sala-96x96.png 96w, https:\/\/www.aarquiteta.com.br\/blog\/wp-content\/uploads\/2022\/01\/jardim-vertical-sala-150x150.png 150w\" sizes=\"(max-width: 700px) 100vw, 700px\" \/><\/p><p>Um jardim vertical na sala \u00e9 uma \u00f3tima op\u00e7\u00e3o para deixar o ambiente mais bonito e bem decorado.<\/p><p>Por isso, invista em um jardim para o seu ambiente, dando-lhe um ar fresco e natural, dando ao espa\u00e7o uma boa impress\u00e3o e um belo acabamento.<\/p><h3>3 \u2014 O local mais utilizado: a sacada:<\/h3><p><img decoding=\"async\" class=\"wp-image-40138 size-full\" src=\"https:\/\/www.aarquiteta.com.br\/blog\/wp-content\/uploads\/2022\/01\/sacada.png\" alt=\"\" width=\"700\" height=\"700\" title=\"\" srcset=\"https:\/\/www.aarquiteta.com.br\/blog\/wp-content\/uploads\/2022\/01\/sacada.png 700w, https:\/\/www.aarquiteta.com.br\/blog\/wp-content\/uploads\/2022\/01\/sacada-696x696.png 696w, https:\/\/www.aarquiteta.com.br\/blog\/wp-content\/uploads\/2022\/01\/sacada-96x96.png 96w, https:\/\/www.aarquiteta.com.br\/blog\/wp-content\/uploads\/2022\/01\/sacada-150x150.png 150w\" sizes=\"(max-width: 700px) 100vw, 700px\" \/><\/p><p>Os jardins verticais s\u00e3o uma \u00f3tima maneira de deixar qualquer <a href=\"https:\/\/www.aarquiteta.com.br\/blog\/?s=varanda\">varanda<\/a> com um toque caseiro.<\/p><p>Al\u00e9m de ser um detalhe relacionado \u00e0s \u00e1reas externas, os jardins verticais podem transformar sua <a href=\"https:\/\/www.aarquiteta.com.br\/blog\/plantas-de-casa\/\" target=\"_blank\" rel=\"noopener\">decora\u00e7\u00e3o.<\/a><\/p><p>Assim voc\u00ea pode ter um jardim\u00a0 na sua varanda sem se preocupar em cometer erros.<\/p><h3>4 \u2014 No banheiro fica lindo e super inusitado:<\/h3><p><img decoding=\"async\" class=\"wp-image-40136 size-full\" src=\"https:\/\/www.aarquiteta.com.br\/blog\/wp-content\/uploads\/2022\/01\/jardim-vertical-banheiro.png\" alt=\"\" width=\"700\" height=\"700\" title=\"\" srcset=\"https:\/\/www.aarquiteta.com.br\/blog\/wp-content\/uploads\/2022\/01\/jardim-vertical-banheiro.png 700w, https:\/\/www.aarquiteta.com.br\/blog\/wp-content\/uploads\/2022\/01\/jardim-vertical-banheiro-696x696.png 696w, https:\/\/www.aarquiteta.com.br\/blog\/wp-content\/uploads\/2022\/01\/jardim-vertical-banheiro-96x96.png 96w, https:\/\/www.aarquiteta.com.br\/blog\/wp-content\/uploads\/2022\/01\/jardim-vertical-banheiro-150x150.png 150w\" sizes=\"(max-width: 700px) 100vw, 700px\" \/><\/p><p>Um jardim vertical pode ser instalado no seu banheiro, o espa\u00e7o adquirir\u00e1 um toque de frescura e boa decora\u00e7\u00e3o.\u00a0Por isso, esse detalhe pode fazer seu banheiro se destacar e deixar o ambiente mais <a href=\"https:\/\/www.aarquiteta.com.br\/blog\/decoracao-para-casa-pequena\/\" target=\"_blank\" rel=\"noopener\">elegante<\/a>!<\/p><p>Incr\u00edvel como um simples Jardim pode fazer total diferen\u00e7a na beleza da sua casa.<\/p><p>Esperamos que utilizem muito essas dicas!<\/p><p><img decoding=\"async\" class=\"alignnone wp-image-40133 size-full\" title=\"jardim vertical varanda\" src=\"https:\/\/www.aarquiteta.com.br\/blog\/wp-content\/uploads\/2022\/01\/jardim-vertical-varanda.png\" alt=\"jardim vertical varanda\" width=\"700\" height=\"700\" srcset=\"https:\/\/www.aarquiteta.com.br\/blog\/wp-content\/uploads\/2022\/01\/jardim-vertical-varanda.png 700w, https:\/\/www.aarquiteta.com.br\/blog\/wp-content\/uploads\/2022\/01\/jardim-vertical-varanda-696x696.png 696w, https:\/\/www.aarquiteta.com.br\/blog\/wp-content\/uploads\/2022\/01\/jardim-vertical-varanda-96x96.png 96w, https:\/\/www.aarquiteta.com.br\/blog\/wp-content\/uploads\/2022\/01\/jardim-vertical-varanda-150x150.png 150w\" sizes=\"(max-width: 700px) 100vw, 700px\" \/><\/p><p>Incr\u00edvel como um simples Jardim pode fazer total diferen\u00e7a na beleza da sua casa.<\/p><p>Esperamos que utilizem muito essas dicas!<\/p><p>Confira outros projetos aqui:<\/p><h2><img decoding=\"async\" class=\"alignnone wp-image-70367 size-full\" src=\"https:\/\/www.aarquiteta.com.br\/blog\/wp-content\/uploads\/2022\/10\/jardim-de-avenca.jpg\" alt=\"jardim de avenca\" width=\"500\" height=\"500\" title=\"\" srcset=\"https:\/\/www.aarquiteta.com.br\/blog\/wp-content\/uploads\/2022\/10\/jardim-de-avenca.jpg 500w, https:\/\/www.aarquiteta.com.br\/blog\/wp-content\/uploads\/2022\/10\/jardim-de-avenca-96x96.jpg 96w, https:\/\/www.aarquiteta.com.br\/blog\/wp-content\/uploads\/2022\/10\/jardim-de-avenca-150x150.jpg 150w\" sizes=\"(max-width: 500px) 100vw, 500px\" \/><\/h2><h2><img decoding=\"async\" class=\"alignnone wp-image-68903 size-full\" src=\"https:\/\/www.aarquiteta.com.br\/blog\/wp-content\/uploads\/2017\/10\/cropped-criar-e-cuidar-jardim-vertical.png\" alt=\"cropped-criar-e-cuidar-jardim-vertical.png\" width=\"640\" height=\"853\" title=\"\" srcset=\"https:\/\/www.aarquiteta.com.br\/blog\/wp-content\/uploads\/2017\/10\/cropped-criar-e-cuidar-jardim-vertical.png 640w, https:\/\/www.aarquiteta.com.br\/blog\/wp-content\/uploads\/2017\/10\/cropped-criar-e-cuidar-jardim-vertical-225x300.png 225w, https:\/\/www.aarquiteta.com.br\/blog\/wp-content\/uploads\/2017\/10\/cropped-criar-e-cuidar-jardim-vertical-9x12.png 9w, https:\/\/www.aarquiteta.com.br\/blog\/wp-content\/uploads\/2017\/10\/cropped-criar-e-cuidar-jardim-vertical-150x200.png 150w\" sizes=\"(max-width: 640px) 100vw, 640px\" \/><\/h2><h2><img decoding=\"async\" class=\"alignnone wp-image-62117 size-full\" src=\"https:\/\/www.aarquiteta.com.br\/blog\/wp-content\/uploads\/2022\/07\/jardim-vertical-artificial.jpg\" alt=\"Jardim vertical artificial:\" width=\"1000\" height=\"1000\" title=\"\" srcset=\"https:\/\/www.aarquiteta.com.br\/blog\/wp-content\/uploads\/2022\/07\/jardim-vertical-artificial.jpg 1000w, https:\/\/www.aarquiteta.com.br\/blog\/wp-content\/uploads\/2022\/07\/jardim-vertical-artificial-696x696.jpg 696w, https:\/\/www.aarquiteta.com.br\/blog\/wp-content\/uploads\/2022\/07\/jardim-vertical-artificial-96x96.jpg 96w, https:\/\/www.aarquiteta.com.br\/blog\/wp-content\/uploads\/2022\/07\/jardim-vertical-artificial-150x150.jpg 150w\" sizes=\"(max-width: 1000px) 100vw, 1000px\" \/><\/h2><h2><img decoding=\"async\" class=\"alignnone wp-image-56541 size-full\" src=\"https:\/\/www.aarquiteta.com.br\/blog\/wp-content\/uploads\/2022\/01\/cropped-jardim-vertical-sala.png\" alt=\"jardim vertical sala de estar\" width=\"640\" height=\"853\" title=\"\" srcset=\"https:\/\/www.aarquiteta.com.br\/blog\/wp-content\/uploads\/2022\/01\/cropped-jardim-vertical-sala.png 640w, https:\/\/www.aarquiteta.com.br\/blog\/wp-content\/uploads\/2022\/01\/cropped-jardim-vertical-sala-225x300.png 225w, https:\/\/www.aarquiteta.com.br\/blog\/wp-content\/uploads\/2022\/01\/cropped-jardim-vertical-sala-9x12.png 9w, https:\/\/www.aarquiteta.com.br\/blog\/wp-content\/uploads\/2022\/01\/cropped-jardim-vertical-sala-150x200.png 150w\" sizes=\"(max-width: 640px) 100vw, 640px\" \/><\/h2><figure id=\"attachment_55719\" aria-describedby=\"caption-attachment-55719\" style=\"width: 1200px\" class=\"wp-caption alignnone\"><img decoding=\"async\" class=\"wp-image-55719 size-full\" src=\"https:\/\/www.aarquiteta.com.br\/blog\/wp-content\/uploads\/2022\/01\/projeto-de-jardim-vertical.jpg\" alt=\"Onde fazer um Jardim Vertical - 4 dicas para acertar na localiza\u00e7\u00e3o!\" width=\"1200\" height=\"800\" title=\"\" srcset=\"https:\/\/www.aarquiteta.com.br\/blog\/wp-content\/uploads\/2022\/01\/projeto-de-jardim-vertical.jpg 1200w, https:\/\/www.aarquiteta.com.br\/blog\/wp-content\/uploads\/2022\/01\/projeto-de-jardim-vertical-1024x683.jpg 1024w, https:\/\/www.aarquiteta.com.br\/blog\/wp-content\/uploads\/2022\/01\/projeto-de-jardim-vertical-696x464.jpg 696w, https:\/\/www.aarquiteta.com.br\/blog\/wp-content\/uploads\/2022\/01\/projeto-de-jardim-vertical-150x100.jpg 150w\" sizes=\"(max-width: 1200px) 100vw, 1200px\" \/><figcaption id=\"caption-attachment-55719\" class=\"wp-caption-text\">Onde fazer um Jardim Vertical &#8211; 4 dicas para acertar na localiza\u00e7\u00e3o!<\/figcaption><\/figure><h2><img decoding=\"async\" class=\"alignnone wp-image-51085 size-full\" src=\"https:\/\/www.aarquiteta.com.br\/blog\/wp-content\/uploads\/2022\/04\/Dicas-de-porque-ter-um-jardim-vertical-na-sua-casa.6.jpg\" alt=\"Um banheiro diferente e lindo\" width=\"700\" height=\"400\" title=\"\" srcset=\"https:\/\/www.aarquiteta.com.br\/blog\/wp-content\/uploads\/2022\/04\/Dicas-de-porque-ter-um-jardim-vertical-na-sua-casa.6.jpg 700w, https:\/\/www.aarquiteta.com.br\/blog\/wp-content\/uploads\/2022\/04\/Dicas-de-porque-ter-um-jardim-vertical-na-sua-casa.6-696x398.jpg 696w, https:\/\/www.aarquiteta.com.br\/blog\/wp-content\/uploads\/2022\/04\/Dicas-de-porque-ter-um-jardim-vertical-na-sua-casa.6-150x86.jpg 150w\" sizes=\"(max-width: 700px) 100vw, 700px\" \/><\/h2><h2><img decoding=\"async\" class=\"alignnone wp-image-51084 size-full\" src=\"https:\/\/www.aarquiteta.com.br\/blog\/wp-content\/uploads\/2022\/04\/Dicas-de-porque-ter-um-jardim-vertical-na-sua-casa.45.jpg\" alt=\"O local mais utilizado: a sacada\" width=\"700\" height=\"400\" title=\"\" srcset=\"https:\/\/www.aarquiteta.com.br\/blog\/wp-content\/uploads\/2022\/04\/Dicas-de-porque-ter-um-jardim-vertical-na-sua-casa.45.jpg 700w, https:\/\/www.aarquiteta.com.br\/blog\/wp-content\/uploads\/2022\/04\/Dicas-de-porque-ter-um-jardim-vertical-na-sua-casa.45-696x398.jpg 696w, https:\/\/www.aarquiteta.com.br\/blog\/wp-content\/uploads\/2022\/04\/Dicas-de-porque-ter-um-jardim-vertical-na-sua-casa.45-150x86.jpg 150w\" sizes=\"(max-width: 700px) 100vw, 700px\" \/><\/h2><h2><img decoding=\"async\" class=\"alignnone wp-image-51082 size-full\" src=\"https:\/\/www.aarquiteta.com.br\/blog\/wp-content\/uploads\/2022\/04\/Dicas-de-porque-ter-um-jardim-vertical-na-sua-casa.7.jpeg\" alt=\"Seu quarto pode sim, ter um jardim vertical\" width=\"700\" height=\"400\" title=\"\" srcset=\"https:\/\/www.aarquiteta.com.br\/blog\/wp-content\/uploads\/2022\/04\/Dicas-de-porque-ter-um-jardim-vertical-na-sua-casa.7.jpeg 700w, https:\/\/www.aarquiteta.com.br\/blog\/wp-content\/uploads\/2022\/04\/Dicas-de-porque-ter-um-jardim-vertical-na-sua-casa.7-696x398.jpeg 696w, https:\/\/www.aarquiteta.com.br\/blog\/wp-content\/uploads\/2022\/04\/Dicas-de-porque-ter-um-jardim-vertical-na-sua-casa.7-150x86.jpeg 150w\" sizes=\"(max-width: 700px) 100vw, 700px\" \/><\/h2><h2><img decoding=\"async\" class=\"alignnone wp-image-51081 size-full\" src=\"https:\/\/www.aarquiteta.com.br\/blog\/wp-content\/uploads\/2022\/04\/Dicas-de-porque-ter-um-jardim-vertical-na-sua-casa.4.jpg\" alt=\"Dicas de porque ter um jardim vertical na sua casa.\" width=\"700\" height=\"400\" title=\"\" srcset=\"https:\/\/www.aarquiteta.com.br\/blog\/wp-content\/uploads\/2022\/04\/Dicas-de-porque-ter-um-jardim-vertical-na-sua-casa.4.jpg 700w, https:\/\/www.aarquiteta.com.br\/blog\/wp-content\/uploads\/2022\/04\/Dicas-de-porque-ter-um-jardim-vertical-na-sua-casa.4-696x398.jpg 696w, https:\/\/www.aarquiteta.com.br\/blog\/wp-content\/uploads\/2022\/04\/Dicas-de-porque-ter-um-jardim-vertical-na-sua-casa.4-150x86.jpg 150w\" sizes=\"(max-width: 700px) 100vw, 700px\" \/><\/h2><h2><img decoding=\"async\" class=\"alignnone wp-image-51080 size-full\" src=\"https:\/\/www.aarquiteta.com.br\/blog\/wp-content\/uploads\/2022\/04\/Dicas-de-porque-ter-um-jardim-vertical-na-sua-casa..jpg\" alt=\"Mas afinal o que \u00e9 um jardim vertical?\" width=\"700\" height=\"400\" title=\"\" srcset=\"https:\/\/www.aarquiteta.com.br\/blog\/wp-content\/uploads\/2022\/04\/Dicas-de-porque-ter-um-jardim-vertical-na-sua-casa..jpg 700w, https:\/\/www.aarquiteta.com.br\/blog\/wp-content\/uploads\/2022\/04\/Dicas-de-porque-ter-um-jardim-vertical-na-sua-casa.-696x398.jpg 696w, https:\/\/www.aarquiteta.com.br\/blog\/wp-content\/uploads\/2022\/04\/Dicas-de-porque-ter-um-jardim-vertical-na-sua-casa.-150x86.jpg 150w\" sizes=\"(max-width: 700px) 100vw, 700px\" \/><\/h2><h2><img decoding=\"async\" class=\"alignnone wp-image-43210 size-full\" src=\"https:\/\/www.aarquiteta.com.br\/blog\/wp-content\/uploads\/2021\/10\/jardim-vertical.jpg\" alt=\"\" width=\"700\" height=\"400\" title=\"\" srcset=\"https:\/\/www.aarquiteta.com.br\/blog\/wp-content\/uploads\/2021\/10\/jardim-vertical.jpg 700w, https:\/\/www.aarquiteta.com.br\/blog\/wp-content\/uploads\/2021\/10\/jardim-vertical-696x398.jpg 696w, https:\/\/www.aarquiteta.com.br\/blog\/wp-content\/uploads\/2021\/10\/jardim-vertical-150x86.jpg 150w\" sizes=\"(max-width: 700px) 100vw, 700px\" \/><\/h2><h2><img decoding=\"async\" class=\"alignnone wp-image-11910 size-full\" src=\"https:\/\/www.aarquiteta.com.br\/blog\/wp-content\/uploads\/2017\/10\/jardim-vertical-ideia.jpg\" alt=\"\" width=\"1000\" height=\"658\" title=\"\" srcset=\"https:\/\/www.aarquiteta.com.br\/blog\/wp-content\/uploads\/2017\/10\/jardim-vertical-ideia.jpg 1000w, https:\/\/www.aarquiteta.com.br\/blog\/wp-content\/uploads\/2017\/10\/jardim-vertical-ideia-696x458.jpg 696w, https:\/\/www.aarquiteta.com.br\/blog\/wp-content\/uploads\/2017\/10\/jardim-vertical-ideia-150x99.jpg 150w\" sizes=\"(max-width: 1000px) 100vw, 1000px\" \/><\/h2><h2><img decoding=\"async\" class=\"alignnone wp-image-11909 size-full\" src=\"https:\/\/www.aarquiteta.com.br\/blog\/wp-content\/uploads\/2017\/10\/jardim_vertical_02.jpg\" alt=\"\" width=\"800\" height=\"600\" title=\"\" srcset=\"https:\/\/www.aarquiteta.com.br\/blog\/wp-content\/uploads\/2017\/10\/jardim_vertical_02.jpg 800w, https:\/\/www.aarquiteta.com.br\/blog\/wp-content\/uploads\/2017\/10\/jardim_vertical_02-696x522.jpg 696w, https:\/\/www.aarquiteta.com.br\/blog\/wp-content\/uploads\/2017\/10\/jardim_vertical_02-150x113.jpg 150w\" sizes=\"(max-width: 800px) 100vw, 800px\" \/><\/h2><h2>E a\u00ed, gostou do artigo sobre onde fazer um Jardim Vertical \u2014 4 dicas para acertar na localiza\u00e7\u00e3o!<\/h2><p>Ent\u00e3o deslize a tela para baixo e<a href=\"https:\/\/br.pinterest.com\/aarquitetapinterest\/_created\/\" target=\"_blank\" rel=\"noopener\"> confira mais dicas<\/a> como esta e n\u00e3o se esque\u00e7a de compartilhar com os amigos!<\/p><p>Quer mais dicas sobre o mundo da arquitetura e decora\u00e7\u00e3o? Ent\u00e3o, confira alguns dos nossos artigos em:<\/p><ul><li><a href=\"https:\/\/www.aarquiteta.com.br\/blog\/paisagismo\/\" target=\"_blank\" rel=\"noopener\">Casa e Jardim<\/a><\/li><li><a href=\"https:\/\/www.aarquiteta.com.br\/blog\/arquitetura\/mundo-arquitetura\/\" target=\"_blank\" rel=\"noopener\">Mundo Arquitetura<\/a><\/li><li><a href=\"https:\/\/www.aarquiteta.com.br\/decoracao\/\" target=\"_blank\" rel=\"noopener\">Decora\u00e7\u00e3o<\/a><\/li><\/ul>","protected":false},"excerpt":{"rendered":"<p>Jardim Vertical Apartamento &#8211; Acerte na localiza\u00e7\u00e3o!Buscando dicas de onde instalar um Jardim Vertical na sua casa? Confira as melhores aqui neste artigo!Decorar uma casa com plantas \u00e9 sempre uma boa ideia.\u00a0Esse detalhe \u00e9 perfeito para decorar e deixa o ambiente mais natural com um toque de frescor e aconchego.Ent\u00e3o, se voc\u00ea n\u00e3o tem tanto [&hellip;]<\/p>\n","protected":false},"author":102,"featured_media":55719,"comment_status":"closed","ping_status":"closed","sticky":false,"template":"","format":"standard","meta":{"footnotes":""},"categories":[10005,35395,9612],"tags":[10690,2198,10691,10693,10692,10694],"class_list":["post-40131","post","type-post","status-publish","format-standard","has-post-thumbnail","category-casa-e-jardim","category-jardim-vertical","category-jardinagem","tag-dicas-de-onde-fazer-jardim-vertical-confira-as-melhores-dicas","tag-jardim-vertical","tag-jardim-vertical-banheiro","tag-jardim-vertical-quarto","tag-jardim-vertical-sala","tag-jardim-vertical-varanda"],"_wp_attached_file":null,"_wp_attachment_metadata":null,"_wp_attachment_context":null,"_wp_attachment_is_custom_header":null,"geo_longitude":null,"geo_public":null,"geo_latitude":null,"_publicize_done_external":null,"_wpas_done_3897181":null,"publicize_twitter_user":null,"_wpas_done_3897175":null,"_wpas_skip_3897181":null,"_wpas_skip_3897175":null,"_wpas_skip_3924723":null,"_wpas_mess":null,"_wpas_done_3924723":null,"wps_subtitle":"Pensando em reformar a casa? Confira onde fazer um jardim vertical e traga a natureza para dentro de sua casa!","_links":{"self":[{"href":"https:\/\/www.aarquiteta.com.br\/blog\/wp-json\/wp\/v2\/posts\/40131","targetHints":{"allow":["GET"]}}],"collection":[{"href":"https:\/\/www.aarquiteta.com.br\/blog\/wp-json\/wp\/v2\/posts"}],"about":[{"href":"https:\/\/www.aarquiteta.com.br\/blog\/wp-json\/wp\/v2\/types\/post"}],"author":[{"embeddable":true,"href":"https:\/\/www.aarquiteta.com.br\/blog\/wp-json\/wp\/v2\/users\/102"}],"replies":[{"embeddable":true,"href":"https:\/\/www.aarquiteta.com.br\/blog\/wp-json\/wp\/v2\/comments?post=40131"}],"version-history":[{"count":0,"href":"https:\/\/www.aarquiteta.com.br\/blog\/wp-json\/wp\/v2\/posts\/40131\/revisions"}],"wp:featuredmedia":[{"embeddable":true,"href":"https:\/\/www.aarquiteta.com.br\/blog\/wp-json\/wp\/v2\/media\/55719"}],"wp:attachment":[{"href":"https:\/\/www.aarquiteta.com.br\/blog\/wp-json\/wp\/v2\/media?parent=40131"}],"wp:term":[{"taxonomy":"category","embeddable":true,"href":"https:\/\/www.aarquiteta.com.br\/blog\/wp-json\/wp\/v2\/categories?post=40131"},{"taxonomy":"post_tag","embeddable":true,"href":"https:\/\/www.aarquiteta.com.br\/blog\/wp-json\/wp\/v2\/tags?post=40131"}],"curies":[{"name":"wp","href":"https:\/\/api.w.org\/{rel}","templated":true}]}}