{"id":38098,"date":"2021-12-07T12:00:45","date_gmt":"2021-12-07T15:00:45","guid":{"rendered":"http:\/\/aarquiteta.com.br\/?p=38098"},"modified":"2026-09-01T16:01:26","modified_gmt":"2026-09-01T19:01:26","slug":"decoracao-com-frutas-para-o-natal","status":"publish","type":"post","link":"https:\/\/www.aarquiteta.com.br\/blog\/decoracao-com-frutas-para-o-natal\/","title":{"rendered":"Decora\u00e7\u00e3o com frutas para o Natal &#8211; Como fazer a sua e dicas!"},"content":{"rendered":"<p>A decora\u00e7\u00e3o com frutas para o natal sempre existiu, afinal \u00e9 uma maneira barata e saborosa para esta data especial.<\/p>\n<p>O dia 25 de dezembro se aproxima e \u00e9 hora de planejar cada detalhe para comemorar este dia importante.<\/p>\n<h3>Que tal preparar uma bela decora\u00e7\u00e3o de frutas para o Natal?<\/h3>\n<p>Essa ideia torna a ocasi\u00e3o mais alegre, interessante e cheia de sa\u00fade.<\/p>\n<p>As ideias de frutas se enquadram em duas categorias: comest\u00edveis e n\u00e3o comest\u00edveis.<\/p>\n<p>No primeiro caso, o objetivo \u00e9 deixar a ceia de Natal mais colorida, saud\u00e1vel e atraente para as crian\u00e7as.<\/p>\n<p>Em segundo lugar, o objetivo \u00e9 transformar frutas em decora\u00e7\u00f5es para decorar mesas, \u00e1rvores e outros cantos da casa.<\/p>\n<h6><em>\u261e Cart\u00e3o de Cr\u00e9dito Santander SX &#8211; O cart\u00e3o do Estudante Universit\u00e1rio do Brasiiil!<\/em><\/h6>\n<p><em>Se voc\u00ea \u00e9 estudante universit\u00e1rio e est\u00e1 precisando de um <strong>cart\u00e3o de cr\u00e9dito<\/strong> voltado para as suas necessidades financeiras, <strong>sem comprova\u00e7\u00e3o de renda<\/strong> e com possibilidade de conseguir <strong>zero de taxa de anuidade<\/strong>, O Banco Santander tem o cart\u00e3o de cr\u00e9dito ideal para voc\u00ea!<\/em><\/p>\n<figure id=\"attachment_52327\" aria-describedby=\"caption-attachment-52327\" style=\"width: 1200px\" class=\"wp-caption aligncenter\"><a href=\"https:\/\/www.aarquiteta.com.br\/blog\/como-solicitar-cartao-de-credito-santander\/\" target=\"_blank\" rel=\"noopener\"><img decoding=\"async\" class=\"wp-image-52327 size-full\" title=\"Cart\u00e3o de Cr\u00e9dito Santander SX - O Cart\u00e3o do Estudante Universit\u00e1rio!\" src=\"https:\/\/www.aarquiteta.com.br\/blog\/wp-content\/uploads\/2022\/04\/cartao-de-credito-santander-sx.jpg\" alt=\"Cart\u00e3o de Cr\u00e9dito Santander SX - O Cart\u00e3o do Estudante Universit\u00e1rio!\" width=\"1200\" height=\"800\" srcset=\"https:\/\/www.aarquiteta.com.br\/blog\/wp-content\/uploads\/2022\/04\/cartao-de-credito-santander-sx.jpg 1200w, https:\/\/www.aarquiteta.com.br\/blog\/wp-content\/uploads\/2022\/04\/cartao-de-credito-santander-sx-1024x683.jpg 1024w, https:\/\/www.aarquiteta.com.br\/blog\/wp-content\/uploads\/2022\/04\/cartao-de-credito-santander-sx-696x464.jpg 696w, https:\/\/www.aarquiteta.com.br\/blog\/wp-content\/uploads\/2022\/04\/cartao-de-credito-santander-sx-150x100.jpg 150w\" sizes=\"(max-width: 1200px) 100vw, 1200px\" \/><\/a><figcaption id=\"caption-attachment-52327\" class=\"wp-caption-text\">Cart\u00e3o de Cr\u00e9dito Santander SX &#8211; O Cart\u00e3o do Estudante Universit\u00e1rio! <a href=\"https:\/\/www.aarquiteta.com.br\/blog\/como-solicitar-cartao-de-credito-santander\/\">Clique para saber mais!\u00a0<\/a> Veja como \u00e9 f\u00e1cil!<\/figcaption><\/figure>\n<p>&nbsp;<\/p>\n<h2>Selecionamos algumas ideias de decora\u00e7\u00e3o com frutas para o natal.<\/h2>\n<p>Veja como se inspirar na decora\u00e7\u00e3o com frutas para o natal. \u00c9 tudo muito simples, criativo, saboroso e barato. Confira:<\/p>\n<h3>1 \u2013 Gelatina com chap\u00e9u de Papai Noel<\/h3>\n<p><a href=\"https:\/\/www.aarquiteta.com.br\/blog\/wp-content\/uploads\/2026\/09\/ideias-de-decoracao-com-frutas-para-natal.jpg\"><img decoding=\"async\" class=\"alignnone size-full wp-image-28542 lazyloaded\" src=\"https:\/\/www.aarquiteta.com.br\/blog\/wp-content\/uploads\/2026\/09\/ideias-de-decoracao-com-frutas-para-natal.jpg\" sizes=\"(max-width: 700px) 100vw, 700px\" srcset=\"https:\/\/www.aarquiteta.com.br\/blog\/wp-content\/uploads\/2026\/09\/ideias-de-decoracao-com-frutas-para-natal.jpg 700w, https:\/\/www.aarquiteta.com.br\/blog\/wp-content\/uploads\/2026\/09\/ideias-de-decoracao-com-frutas-para-natal-201x300.jpg 201w, https:\/\/www.aarquiteta.com.br\/blog\/wp-content\/uploads\/2026\/09\/ideias-de-decoracao-com-frutas-para-natal-685x1024.jpg 685w\" alt=\"Gelatina com chap\u00e9u de Papai Noel\" width=\"700\" height=\"1046\" data-src=\"https:\/\/www.aarquiteta.com.br\/blog\/wp-content\/uploads\/2026\/09\/ideias-de-decoracao-com-frutas-para-natal.jpg\" data-srcset=\"https:\/\/www.aarquiteta.com.br\/blog\/wp-content\/uploads\/2026\/09\/ideias-de-decoracao-com-frutas-para-natal.jpg 700w, https:\/\/www.aarquiteta.com.br\/blog\/wp-content\/uploads\/2026\/09\/ideias-de-decoracao-com-frutas-para-natal-201x300.jpg 201w, https:\/\/www.aarquiteta.com.br\/blog\/wp-content\/uploads\/2026\/09\/ideias-de-decoracao-com-frutas-para-natal-685x1024.jpg 685w\" data-sizes=\"(max-width: 700px) 100vw, 700px\" data-jpibfi-post-excerpt=\"Voc\u00ea pode transformar frutas cortadas em ornamentos natalinos incr\u00edveis. \" data-jpibfi-post-url=\"https:\/\/casaefesta.com\/decoracao-com-frutas-para-o-natal\/\" data-jpibfi-post-title=\"32 Ideias de decora\u00e7\u00e3o com frutas para o natal\" data-jpibfi-src=\"https:\/\/www.aarquiteta.com.br\/blog\/wp-content\/uploads\/2026\/09\/ideias-de-decoracao-com-frutas-para-natal.jpg\" data-jpibfi-indexer=\"0\" data- data-jpibfi- title=\"\"><\/a><\/p>\n<p>Surpreenda os convidados com copos de geleia de Natal personalizado.<\/p>\n<p>Nessa ideia, morangos s\u00e3o usados \u200b\u200bpara fazer chap\u00e9us de Papai Noel.<\/p>\n<div class=\"banner banner--content\"><\/div>\n<h3>2 \u2013 Moranguinhos natalinos<\/h3>\n<p><a href=\"https:\/\/www.aarquiteta.com.br\/blog\/wp-content\/uploads\/2026\/09\/ideias-de-decoracao-com-frutas-para-natal-1.png\"><img decoding=\"async\" class=\"alignnone size-full wp-image-28512 lazyloaded\" src=\"https:\/\/www.aarquiteta.com.br\/blog\/wp-content\/uploads\/2026\/09\/ideias-de-decoracao-com-frutas-para-natal-1.png\" sizes=\"(max-width: 700px) 100vw, 700px\" srcset=\"https:\/\/www.aarquiteta.com.br\/blog\/wp-content\/uploads\/2026\/09\/ideias-de-decoracao-com-frutas-para-natal-1.png 700w, https:\/\/www.aarquiteta.com.br\/blog\/wp-content\/uploads\/2026\/09\/ideias-de-decoracao-com-frutas-para-natal-1-200x300.png 200w, https:\/\/www.aarquiteta.com.br\/blog\/wp-content\/uploads\/2026\/09\/ideias-de-decoracao-com-frutas-para-natal-1-683x1024.png 683w\" alt=\"Moranguinhos natalinos\" width=\"700\" height=\"1049\" data-src=\"https:\/\/www.aarquiteta.com.br\/blog\/wp-content\/uploads\/2026\/09\/ideias-de-decoracao-com-frutas-para-natal-1.png\" data-srcset=\"https:\/\/www.aarquiteta.com.br\/blog\/wp-content\/uploads\/2026\/09\/ideias-de-decoracao-com-frutas-para-natal-1.png 700w, https:\/\/www.aarquiteta.com.br\/blog\/wp-content\/uploads\/2026\/09\/ideias-de-decoracao-com-frutas-para-natal-1-200x300.png 200w, https:\/\/www.aarquiteta.com.br\/blog\/wp-content\/uploads\/2026\/09\/ideias-de-decoracao-com-frutas-para-natal-1-683x1024.png 683w\" data-sizes=\"(max-width: 700px) 100vw, 700px\" data-jpibfi-post-excerpt=\"Voc\u00ea pode transformar frutas cortadas em ornamentos natalinos incr\u00edveis. \" data-jpibfi-post-url=\"https:\/\/casaefesta.com\/decoracao-com-frutas-para-o-natal\/\" data-jpibfi-post-title=\"32 Ideias de decora\u00e7\u00e3o com frutas para o natal\" data-jpibfi-src=\"https:\/\/www.aarquiteta.com.br\/blog\/wp-content\/uploads\/2026\/09\/ideias-de-decoracao-com-frutas-para-natal-1.png\" data- data-jpibfi- title=\"\"><\/a><\/p>\n<p>Uma sugest\u00e3o super fofa e interessante que pode agradar as crian\u00e7as na v\u00e9spera de Natal.<\/p>\n<p>Basta cortar a tampa do morango e colocar uma rodela de banana com cream cheese.<\/p>\n<h3>3 \u2013 Bonecos de neve de banana<\/h3>\n<p><a href=\"https:\/\/www.aarquiteta.com.br\/blog\/wp-content\/uploads\/2026\/09\/ideias-de-decoracao-com-frutas-para-natal-2.jpg\"><img decoding=\"async\" class=\"alignnone size-full wp-image-28513 lazyloaded\" src=\"https:\/\/www.aarquiteta.com.br\/blog\/wp-content\/uploads\/2026\/09\/ideias-de-decoracao-com-frutas-para-natal-2.jpg\" sizes=\"(max-width: 700px) 100vw, 700px\" srcset=\"https:\/\/www.aarquiteta.com.br\/blog\/wp-content\/uploads\/2026\/09\/ideias-de-decoracao-com-frutas-para-natal-2.jpg 700w, https:\/\/www.aarquiteta.com.br\/blog\/wp-content\/uploads\/2026\/09\/ideias-de-decoracao-com-frutas-para-natal-2-200x300.jpg 200w, https:\/\/www.aarquiteta.com.br\/blog\/wp-content\/uploads\/2026\/09\/ideias-de-decoracao-com-frutas-para-natal-2-682x1024.jpg 682w\" alt=\"Bonecos de neve de banana\" width=\"700\" height=\"1051\" data-src=\"https:\/\/www.aarquiteta.com.br\/blog\/wp-content\/uploads\/2026\/09\/ideias-de-decoracao-com-frutas-para-natal-2.jpg\" data-srcset=\"https:\/\/www.aarquiteta.com.br\/blog\/wp-content\/uploads\/2026\/09\/ideias-de-decoracao-com-frutas-para-natal-2.jpg 700w, https:\/\/www.aarquiteta.com.br\/blog\/wp-content\/uploads\/2026\/09\/ideias-de-decoracao-com-frutas-para-natal-2-200x300.jpg 200w, https:\/\/www.aarquiteta.com.br\/blog\/wp-content\/uploads\/2026\/09\/ideias-de-decoracao-com-frutas-para-natal-2-682x1024.jpg 682w\" data-sizes=\"(max-width: 700px) 100vw, 700px\" data-jpibfi-post-excerpt=\"Voc\u00ea pode transformar frutas cortadas em ornamentos natalinos incr\u00edveis. \" data-jpibfi-post-url=\"https:\/\/casaefesta.com\/decoracao-com-frutas-para-o-natal\/\" data-jpibfi-post-title=\"32 Ideias de decora\u00e7\u00e3o com frutas para o natal\" data-jpibfi-src=\"https:\/\/www.aarquiteta.com.br\/blog\/wp-content\/uploads\/2026\/09\/ideias-de-decoracao-com-frutas-para-natal-2.jpg\" data- data-jpibfi- title=\"\"><\/a><\/p>\n<p>Que tal preparar um caf\u00e9 da manh\u00e3 de Natal? Por isso, vale a pena transformar rodelas de banana em lindos bonecos de neve.<\/p>\n<p>Este trabalho tamb\u00e9m requer uvas, cenouras e morangos.<\/p>\n<h3>4 \u2013 \u00c1rvore de natal de melancia<\/h3>\n<p><a href=\"https:\/\/www.aarquiteta.com.br\/blog\/wp-content\/uploads\/2026\/09\/ideias-de-decoracao-com-frutas-para-natal-3.jpg\"><img decoding=\"async\" class=\"alignnone size-full wp-image-28514 lazyloaded\" src=\"https:\/\/www.aarquiteta.com.br\/blog\/wp-content\/uploads\/2026\/09\/ideias-de-decoracao-com-frutas-para-natal-3.jpg\" sizes=\"(max-width: 700px) 100vw, 700px\" srcset=\"https:\/\/www.aarquiteta.com.br\/blog\/wp-content\/uploads\/2026\/09\/ideias-de-decoracao-com-frutas-para-natal-3.jpg 700w, https:\/\/www.aarquiteta.com.br\/blog\/wp-content\/uploads\/2026\/09\/ideias-de-decoracao-com-frutas-para-natal-3-300x300.jpg 300w, https:\/\/www.aarquiteta.com.br\/blog\/wp-content\/uploads\/2026\/09\/ideias-de-decoracao-com-frutas-para-natal-3-90x90.jpg 90w, https:\/\/www.aarquiteta.com.br\/blog\/wp-content\/uploads\/2026\/09\/ideias-de-decoracao-com-frutas-para-natal-3-255x255.jpg 255w, https:\/\/www.aarquiteta.com.br\/blog\/wp-content\/uploads\/2026\/09\/ideias-de-decoracao-com-frutas-para-natal-3-540x540.jpg 540w\" alt=\"\u00c1rvore de natal de melancia\" width=\"700\" height=\"700\" data-src=\"https:\/\/www.aarquiteta.com.br\/blog\/wp-content\/uploads\/2026\/09\/ideias-de-decoracao-com-frutas-para-natal-3.jpg\" data-srcset=\"https:\/\/www.aarquiteta.com.br\/blog\/wp-content\/uploads\/2026\/09\/ideias-de-decoracao-com-frutas-para-natal-3.jpg 700w, https:\/\/www.aarquiteta.com.br\/blog\/wp-content\/uploads\/2026\/09\/ideias-de-decoracao-com-frutas-para-natal-3-300x300.jpg 300w, https:\/\/www.aarquiteta.com.br\/blog\/wp-content\/uploads\/2026\/09\/ideias-de-decoracao-com-frutas-para-natal-3-90x90.jpg 90w, https:\/\/www.aarquiteta.com.br\/blog\/wp-content\/uploads\/2026\/09\/ideias-de-decoracao-com-frutas-para-natal-3-255x255.jpg 255w, https:\/\/www.aarquiteta.com.br\/blog\/wp-content\/uploads\/2026\/09\/ideias-de-decoracao-com-frutas-para-natal-3-540x540.jpg 540w\" data-sizes=\"(max-width: 700px) 100vw, 700px\" data-jpibfi-post-excerpt=\"Voc\u00ea pode transformar frutas cortadas em ornamentos natalinos incr\u00edveis. \" data-jpibfi-post-url=\"https:\/\/casaefesta.com\/decoracao-com-frutas-para-o-natal\/\" data-jpibfi-post-title=\"32 Ideias de decora\u00e7\u00e3o com frutas para o natal\" data-jpibfi-src=\"https:\/\/www.aarquiteta.com.br\/blog\/wp-content\/uploads\/2026\/09\/ideias-de-decoracao-com-frutas-para-natal-3.jpg\" data- data-jpibfi- title=\"\"><\/a><\/p>\n<div class=\"banner banner--content\"><\/div>\n<p>Em dezembro, voc\u00ea encontra melancias grandes e coloridas nos supermercados.<\/p>\n<p>Que tal personalizar fatias de frutas com moldes de \u00e1rvore de Natal?<\/p>\n<p>Sem d\u00favida, este \u00e9 o conselho perfeito para um ver\u00e3o revigorante.<\/p>\n<h6><em>\u261e Financiamento Imobili\u00e1rio:<\/em><\/h6>\n<p><em>Casa, apartamento, novo ou usado, a <a href=\"https:\/\/www.caixa.gov.br\/Paginas\/home-caixa.aspx\" target=\"_blank\" rel=\"noopener\">Caixa Econ\u00f4mica<\/a> tem a <strong>linha de cr\u00e9dito<\/strong> ideal para voc\u00ea!\u00a0\u00a0<\/em><em>O Sonho da casa pr\u00f3pria pode estar mais perto de se tornar realidade do que voc\u00ea imagina:<\/em><\/p>\n<figure id=\"attachment_53083\" aria-describedby=\"caption-attachment-53083\" style=\"width: 1920px\" class=\"wp-caption aligncenter\"><a href=\"https:\/\/www.aarquiteta.com.br\/blog\/financiamento-imobiliario-caixa-economica\/\" target=\"_blank\" rel=\"noopener\"><img decoding=\"async\" class=\"wp-image-53083 size-full\" title=\"Financiamento de Im\u00f3vel - Financie sua casa pela Caixa Econ\u00f4mica!\" src=\"https:\/\/www.aarquiteta.com.br\/blog\/wp-content\/uploads\/2022\/04\/financiamento-mobiliario-caixa-economica.jpg\" alt=\"Financiamento de Im\u00f3vel - Financie sua casa pela Caixa Econ\u00f4mica!\" width=\"1920\" height=\"1080\" srcset=\"https:\/\/www.aarquiteta.com.br\/blog\/wp-content\/uploads\/2022\/04\/financiamento-mobiliario-caixa-economica.jpg 1920w, https:\/\/www.aarquiteta.com.br\/blog\/wp-content\/uploads\/2022\/04\/financiamento-mobiliario-caixa-economica-1024x576.jpg 1024w, https:\/\/www.aarquiteta.com.br\/blog\/wp-content\/uploads\/2022\/04\/financiamento-mobiliario-caixa-economica-696x392.jpg 696w, https:\/\/www.aarquiteta.com.br\/blog\/wp-content\/uploads\/2022\/04\/financiamento-mobiliario-caixa-economica-150x84.jpg 150w\" sizes=\"(max-width: 1920px) 100vw, 1920px\" \/><\/a><figcaption id=\"caption-attachment-53083\" class=\"wp-caption-text\"><a href=\"https:\/\/www.aarquiteta.com.br\/blog\/financiamento-imobiliario-caixa-economica\/\" target=\"_blank\" rel=\"noopener\">Financie sua casa pela Caixa Econ\u00f4mica! Clique aqui e veja como \u00e9 f\u00e1cil!<\/a><\/figcaption><\/figure>\n<p>&nbsp;<\/p>\n<h3>5 \u2013 \u00c1rvore de natal de kiwi<\/h3>\n<p><img decoding=\"async\" class=\"lazyloaded alignnone wp-image-28515 size-full\" title=\"decora\u00e7\u00e3o com frutas para o natal\" src=\"https:\/\/www.aarquiteta.com.br\/blog\/wp-content\/uploads\/2026\/09\/ideias-de-decoracao-com-frutas-para-natal-4.jpg\" sizes=\"(max-width: 700px) 100vw, 700px\" srcset=\"https:\/\/www.aarquiteta.com.br\/blog\/wp-content\/uploads\/2026\/09\/ideias-de-decoracao-com-frutas-para-natal-4.jpg 700w, https:\/\/www.aarquiteta.com.br\/blog\/wp-content\/uploads\/2026\/09\/ideias-de-decoracao-com-frutas-para-natal-4-300x300.jpg 300w, https:\/\/www.aarquiteta.com.br\/blog\/wp-content\/uploads\/2026\/09\/ideias-de-decoracao-com-frutas-para-natal-4-90x90.jpg 90w, https:\/\/www.aarquiteta.com.br\/blog\/wp-content\/uploads\/2026\/09\/ideias-de-decoracao-com-frutas-para-natal-4-255x255.jpg 255w, https:\/\/www.aarquiteta.com.br\/blog\/wp-content\/uploads\/2026\/09\/ideias-de-decoracao-com-frutas-para-natal-4-540x540.jpg 540w\" alt=\"decora\u00e7\u00e3o com frutas para o natal\" width=\"700\" height=\"700\" data-src=\"https:\/\/www.aarquiteta.com.br\/blog\/wp-content\/uploads\/2026\/09\/ideias-de-decoracao-com-frutas-para-natal-4.jpg\" data-srcset=\"https:\/\/www.aarquiteta.com.br\/blog\/wp-content\/uploads\/2026\/09\/ideias-de-decoracao-com-frutas-para-natal-4.jpg 700w, https:\/\/www.aarquiteta.com.br\/blog\/wp-content\/uploads\/2026\/09\/ideias-de-decoracao-com-frutas-para-natal-4-300x300.jpg 300w, https:\/\/www.aarquiteta.com.br\/blog\/wp-content\/uploads\/2026\/09\/ideias-de-decoracao-com-frutas-para-natal-4-90x90.jpg 90w, https:\/\/www.aarquiteta.com.br\/blog\/wp-content\/uploads\/2026\/09\/ideias-de-decoracao-com-frutas-para-natal-4-255x255.jpg 255w, https:\/\/www.aarquiteta.com.br\/blog\/wp-content\/uploads\/2026\/09\/ideias-de-decoracao-com-frutas-para-natal-4-540x540.jpg 540w\" data-sizes=\"(max-width: 700px) 100vw, 700px\" data-jpibfi-post-excerpt=\"Voc\u00ea pode transformar frutas cortadas em ornamentos natalinos incr\u00edveis. \" data-jpibfi-post-url=\"https:\/\/casaefesta.com\/decoracao-com-frutas-para-o-natal\/\" data-jpibfi-post-title=\"32 Ideias de decora\u00e7\u00e3o com frutas para o natal\" data-jpibfi-src=\"https:\/\/www.aarquiteta.com.br\/blog\/wp-content\/uploads\/2026\/09\/ideias-de-decoracao-com-frutas-para-natal-4.jpg\" data-jpibfi-indexer=\"1\" \/><\/p>\n<p>A \u00e1rvore de Natal do prato \u00e9 feita com algumas rodelas de kiwi, transmitindo a magia desta \u00e9poca do ano.<\/p>\n<p>Frutos verdes vibrantes s\u00e3o o grande destaque deste perfume.<\/p>\n<h3>6 \u2013 \u00c1rvore de ma\u00e7\u00e3 verde<\/h3>\n<p><img decoding=\"async\" class=\"lazyloaded alignnone wp-image-28516 size-full\" title=\"decora\u00e7\u00e3o com frutas para o natal\" src=\"https:\/\/www.aarquiteta.com.br\/blog\/wp-content\/uploads\/2026\/09\/ideias-de-decoracao-com-frutas-para-natal-5.jpg\" sizes=\"(max-width: 700px) 100vw, 700px\" srcset=\"https:\/\/www.aarquiteta.com.br\/blog\/wp-content\/uploads\/2026\/09\/ideias-de-decoracao-com-frutas-para-natal-5.jpg 700w, https:\/\/www.aarquiteta.com.br\/blog\/wp-content\/uploads\/2026\/09\/ideias-de-decoracao-com-frutas-para-natal-5-200x300.jpg 200w, https:\/\/www.aarquiteta.com.br\/blog\/wp-content\/uploads\/2026\/09\/ideias-de-decoracao-com-frutas-para-natal-5-682x1024.jpg 682w\" alt=\"decora\u00e7\u00e3o com frutas para o natal\" width=\"700\" height=\"1051\" data-src=\"https:\/\/www.aarquiteta.com.br\/blog\/wp-content\/uploads\/2026\/09\/ideias-de-decoracao-com-frutas-para-natal-5.jpg\" data-srcset=\"https:\/\/www.aarquiteta.com.br\/blog\/wp-content\/uploads\/2026\/09\/ideias-de-decoracao-com-frutas-para-natal-5.jpg 700w, https:\/\/www.aarquiteta.com.br\/blog\/wp-content\/uploads\/2026\/09\/ideias-de-decoracao-com-frutas-para-natal-5-200x300.jpg 200w, https:\/\/www.aarquiteta.com.br\/blog\/wp-content\/uploads\/2026\/09\/ideias-de-decoracao-com-frutas-para-natal-5-682x1024.jpg 682w\" data-sizes=\"(max-width: 700px) 100vw, 700px\" data-jpibfi-post-excerpt=\"Voc\u00ea pode transformar frutas cortadas em ornamentos natalinos incr\u00edveis. \" data-jpibfi-post-url=\"https:\/\/casaefesta.com\/decoracao-com-frutas-para-o-natal\/\" data-jpibfi-post-title=\"32 Ideias de decora\u00e7\u00e3o com frutas para o natal\" data-jpibfi-src=\"https:\/\/www.aarquiteta.com.br\/blog\/wp-content\/uploads\/2026\/09\/ideias-de-decoracao-com-frutas-para-natal-5.jpg\" \/><\/p>\n<p>Esta \u00e1rvore comest\u00edvel, charmosa e interessante \u00e9 montada a partir de fatias de ma\u00e7\u00e3 verde.<\/p>\n<p>As passas e os palitos de pretzel ajudam a dar forma a este lanche saud\u00e1vel.<\/p>\n<div class=\"banner banner--content\"><\/div>\n<h3>7 \u2013 Aperitivo com uva, morango e banana<\/h3>\n<p><img decoding=\"async\" class=\"lazyloaded alignnone wp-image-28517 size-full\" title=\"decora\u00e7\u00e3o com frutas para o natal\" src=\"https:\/\/www.aarquiteta.com.br\/blog\/wp-content\/uploads\/2026\/09\/ideias-de-decoracao-com-frutas-para-natal-6.jpg\" sizes=\"(max-width: 700px) 100vw, 700px\" srcset=\"https:\/\/www.aarquiteta.com.br\/blog\/wp-content\/uploads\/2026\/09\/ideias-de-decoracao-com-frutas-para-natal-6.jpg 700w, https:\/\/www.aarquiteta.com.br\/blog\/wp-content\/uploads\/2026\/09\/ideias-de-decoracao-com-frutas-para-natal-6-254x300.jpg 254w\" alt=\"decora\u00e7\u00e3o com frutas para o natal\" width=\"700\" height=\"827\" data-src=\"https:\/\/www.aarquiteta.com.br\/blog\/wp-content\/uploads\/2026\/09\/ideias-de-decoracao-com-frutas-para-natal-6.jpg\" data-srcset=\"https:\/\/www.aarquiteta.com.br\/blog\/wp-content\/uploads\/2026\/09\/ideias-de-decoracao-com-frutas-para-natal-6.jpg 700w, https:\/\/www.aarquiteta.com.br\/blog\/wp-content\/uploads\/2026\/09\/ideias-de-decoracao-com-frutas-para-natal-6-254x300.jpg 254w\" data-sizes=\"(max-width: 700px) 100vw, 700px\" data-jpibfi-post-excerpt=\"Voc\u00ea pode transformar frutas cortadas em ornamentos natalinos incr\u00edveis. \" data-jpibfi-post-url=\"https:\/\/casaefesta.com\/decoracao-com-frutas-para-o-natal\/\" data-jpibfi-post-title=\"32 Ideias de decora\u00e7\u00e3o com frutas para o natal\" data-jpibfi-src=\"https:\/\/www.aarquiteta.com.br\/blog\/wp-content\/uploads\/2026\/09\/ideias-de-decoracao-com-frutas-para-natal-6.jpg\" data-jpibfi-indexer=\"2\" \/><\/p>\n<p>Este aperitivo \u00e9 perfeito para deixar a mesa de Natal mais colorida e saud\u00e1vel.<\/p>\n<p>Combina uvas verdes, morangos, bananas e mini marshmallows.<\/p>\n<p>Pode ser montado com palitos.<\/p>\n<h3>8 \u2013 \u00c1rvore com uvas e queijos<\/h3>\n<p><img decoding=\"async\" class=\"lazyloaded alignnone wp-image-28518 size-full\" title=\"decora\u00e7\u00e3o com frutas para o natal\" src=\"https:\/\/www.aarquiteta.com.br\/blog\/wp-content\/uploads\/2026\/09\/ideias-de-decoracao-com-frutas-para-natal-7.jpg\" sizes=\"(max-width: 700px) 100vw, 700px\" srcset=\"https:\/\/www.aarquiteta.com.br\/blog\/wp-content\/uploads\/2026\/09\/ideias-de-decoracao-com-frutas-para-natal-7.jpg 700w, https:\/\/www.aarquiteta.com.br\/blog\/wp-content\/uploads\/2026\/09\/ideias-de-decoracao-com-frutas-para-natal-7-200x300.jpg 200w, https:\/\/www.aarquiteta.com.br\/blog\/wp-content\/uploads\/2026\/09\/ideias-de-decoracao-com-frutas-para-natal-7-683x1024.jpg 683w\" alt=\"decora\u00e7\u00e3o com frutas para o natal\" width=\"700\" height=\"1050\" data-src=\"https:\/\/www.aarquiteta.com.br\/blog\/wp-content\/uploads\/2026\/09\/ideias-de-decoracao-com-frutas-para-natal-7.jpg\" data-srcset=\"https:\/\/www.aarquiteta.com.br\/blog\/wp-content\/uploads\/2026\/09\/ideias-de-decoracao-com-frutas-para-natal-7.jpg 700w, https:\/\/www.aarquiteta.com.br\/blog\/wp-content\/uploads\/2026\/09\/ideias-de-decoracao-com-frutas-para-natal-7-200x300.jpg 200w, https:\/\/www.aarquiteta.com.br\/blog\/wp-content\/uploads\/2026\/09\/ideias-de-decoracao-com-frutas-para-natal-7-683x1024.jpg 683w\" data-sizes=\"(max-width: 700px) 100vw, 700px\" data-jpibfi-post-excerpt=\"Voc\u00ea pode transformar frutas cortadas em ornamentos natalinos incr\u00edveis. \" data-jpibfi-post-url=\"https:\/\/casaefesta.com\/decoracao-com-frutas-para-o-natal\/\" data-jpibfi-post-title=\"32 Ideias de decora\u00e7\u00e3o com frutas para o natal\" data-jpibfi-src=\"https:\/\/www.aarquiteta.com.br\/blog\/wp-content\/uploads\/2026\/09\/ideias-de-decoracao-com-frutas-para-natal-7.jpg\" data-jpibfi-indexer=\"3\" \/><\/p>\n<p>Os frios s\u00e3o decorados com uvas verdes e roxas para formar uma bela \u00e1rvore de Natal comest\u00edvel.<\/p>\n<p>Eles compartilham espa\u00e7o com cubos de queijo e raminhos de tomilho em combina\u00e7\u00e3o.<\/p>\n<h3>9 \u2013 Rena de laranja<\/h3>\n<p><img decoding=\"async\" class=\"lazyloaded alignnone wp-image-28519 size-full\" title=\"decora\u00e7\u00e3o com frutas para o natal\" src=\"https:\/\/www.aarquiteta.com.br\/blog\/wp-content\/uploads\/2026\/09\/ideias-de-decoracao-com-frutas-para-natal-8.jpg\" sizes=\"(max-width: 700px) 100vw, 700px\" srcset=\"https:\/\/www.aarquiteta.com.br\/blog\/wp-content\/uploads\/2026\/09\/ideias-de-decoracao-com-frutas-para-natal-8.jpg 700w, https:\/\/www.aarquiteta.com.br\/blog\/wp-content\/uploads\/2026\/09\/ideias-de-decoracao-com-frutas-para-natal-8-200x300.jpg 200w, https:\/\/www.aarquiteta.com.br\/blog\/wp-content\/uploads\/2026\/09\/ideias-de-decoracao-com-frutas-para-natal-8-683x1024.jpg 683w\" alt=\"decora\u00e7\u00e3o com frutas para o natal\" width=\"700\" height=\"1050\" data-src=\"https:\/\/www.aarquiteta.com.br\/blog\/wp-content\/uploads\/2026\/09\/ideias-de-decoracao-com-frutas-para-natal-8.jpg\" data-srcset=\"https:\/\/www.aarquiteta.com.br\/blog\/wp-content\/uploads\/2026\/09\/ideias-de-decoracao-com-frutas-para-natal-8.jpg 700w, https:\/\/www.aarquiteta.com.br\/blog\/wp-content\/uploads\/2026\/09\/ideias-de-decoracao-com-frutas-para-natal-8-200x300.jpg 200w, https:\/\/www.aarquiteta.com.br\/blog\/wp-content\/uploads\/2026\/09\/ideias-de-decoracao-com-frutas-para-natal-8-683x1024.jpg 683w\" data-sizes=\"(max-width: 700px) 100vw, 700px\" data-jpibfi-post-excerpt=\"Voc\u00ea pode transformar frutas cortadas em ornamentos natalinos incr\u00edveis. \" data-jpibfi-post-url=\"https:\/\/casaefesta.com\/decoracao-com-frutas-para-o-natal\/\" data-jpibfi-post-title=\"32 Ideias de decora\u00e7\u00e3o com frutas para o natal\" data-jpibfi-src=\"https:\/\/www.aarquiteta.com.br\/blog\/wp-content\/uploads\/2026\/09\/ideias-de-decoracao-com-frutas-para-natal-8.jpg\" data-jpibfi-indexer=\"4\" \/><\/p>\n<div class=\"banner banner--content\"><\/div>\n<p>Discursos engra\u00e7ados s\u00e3o sempre bem-vindos, especialmente se houver crian\u00e7as na ceia de Natal.<\/p>\n<p>Transforme laranjas em renas do Papai Noel.<\/p>\n<p>Voc\u00ea precisa de bolas de papel crepom vermelho com olhos falsos, cantos de papel\u00e3o e nariz.<\/p>\n<h3>10 \u2013 Boneco de neve de abacaxi<\/h3>\n<p><img decoding=\"async\" class=\"lazyloaded alignnone wp-image-28520 size-full\" title=\"decora\u00e7\u00e3o com frutas para o natal\" src=\"https:\/\/www.aarquiteta.com.br\/blog\/wp-content\/uploads\/2026\/09\/ideias-de-decoracao-com-frutas-para-natal-9.jpg\" sizes=\"(max-width: 700px) 100vw, 700px\" srcset=\"https:\/\/www.aarquiteta.com.br\/blog\/wp-content\/uploads\/2026\/09\/ideias-de-decoracao-com-frutas-para-natal-9.jpg 700w, https:\/\/www.aarquiteta.com.br\/blog\/wp-content\/uploads\/2026\/09\/ideias-de-decoracao-com-frutas-para-natal-9-300x300.jpg 300w, https:\/\/www.aarquiteta.com.br\/blog\/wp-content\/uploads\/2026\/09\/ideias-de-decoracao-com-frutas-para-natal-9-90x90.jpg 90w, https:\/\/www.aarquiteta.com.br\/blog\/wp-content\/uploads\/2026\/09\/ideias-de-decoracao-com-frutas-para-natal-9-255x255.jpg 255w, https:\/\/www.aarquiteta.com.br\/blog\/wp-content\/uploads\/2026\/09\/ideias-de-decoracao-com-frutas-para-natal-9-540x540.jpg 540w\" alt=\"decora\u00e7\u00e3o com frutas para o natal\" width=\"700\" height=\"700\" data-src=\"https:\/\/www.aarquiteta.com.br\/blog\/wp-content\/uploads\/2026\/09\/ideias-de-decoracao-com-frutas-para-natal-9.jpg\" data-srcset=\"https:\/\/www.aarquiteta.com.br\/blog\/wp-content\/uploads\/2026\/09\/ideias-de-decoracao-com-frutas-para-natal-9.jpg 700w, https:\/\/www.aarquiteta.com.br\/blog\/wp-content\/uploads\/2026\/09\/ideias-de-decoracao-com-frutas-para-natal-9-300x300.jpg 300w, https:\/\/www.aarquiteta.com.br\/blog\/wp-content\/uploads\/2026\/09\/ideias-de-decoracao-com-frutas-para-natal-9-90x90.jpg 90w, https:\/\/www.aarquiteta.com.br\/blog\/wp-content\/uploads\/2026\/09\/ideias-de-decoracao-com-frutas-para-natal-9-255x255.jpg 255w, https:\/\/www.aarquiteta.com.br\/blog\/wp-content\/uploads\/2026\/09\/ideias-de-decoracao-com-frutas-para-natal-9-540x540.jpg 540w\" data-sizes=\"(max-width: 700px) 100vw, 700px\" data-jpibfi-post-excerpt=\"Voc\u00ea pode transformar frutas cortadas em ornamentos natalinos incr\u00edveis. \" data-jpibfi-post-url=\"https:\/\/casaefesta.com\/decoracao-com-frutas-para-o-natal\/\" data-jpibfi-post-title=\"32 Ideias de decora\u00e7\u00e3o com frutas para o natal\" data-jpibfi-src=\"https:\/\/www.aarquiteta.com.br\/blog\/wp-content\/uploads\/2026\/09\/ideias-de-decoracao-com-frutas-para-natal-9.jpg\" data-jpibfi-indexer=\"5\" \/><\/p>\n<p>Recomenda\u00e7\u00f5es diferentes para combinar com pa\u00edses tropicais (como o Brasil). Al\u00e9m do abacaxi, voc\u00ea tamb\u00e9m precisa de cenouras e mirtilos (pode congel\u00e1-los, sem problemas).<\/p>\n<p>&nbsp;<\/p>\n<ul>\n<li>Ent\u00e3o deslize a tela para baixo e<a href=\"https:\/\/br.pinterest.com\/aarquitetapinterest\/_created\/\" target=\"_blank\" rel=\"noopener\"> confira mais dicas<\/a> como esta e n\u00e3o se esque\u00e7a de compartilhar com os amigos!Quer mais dicas sobre o mundo da Arquitetura e Decora\u00e7\u00e3o, ent\u00e3o confira alguns dos nossos artigos em:\n<ul>\n<li><a href=\"https:\/\/www.aarquiteta.com.br\/blog\/paisagismo\/\" target=\"_blank\" rel=\"noopener\">Casa e Jardim<\/a><\/li>\n<li><a href=\"https:\/\/www.aarquiteta.com.br\/blog\/arquitetura\/mundo-arquitetura\/\" target=\"_blank\" rel=\"noopener\">Mundo Arquitetura<\/a><\/li>\n<li><a href=\"https:\/\/www.aarquiteta.com.br\/decoracao\/\" target=\"_blank\" rel=\"noopener\">Decora\u00e7\u00e3o<\/a><\/li>\n<\/ul>\n<\/li>\n<\/ul>\n","protected":false},"excerpt":{"rendered":"<p>A decora\u00e7\u00e3o com frutas para o natal sempre existiu, afinal \u00e9 uma maneira barata e saborosa para esta data especial. O dia 25 de dezembro se aproxima e \u00e9 hora de planejar cada detalhe para comemorar este dia importante. Que tal preparar uma bela decora\u00e7\u00e3o de frutas para o Natal? Essa ideia torna a ocasi\u00e3o [&hellip;]<\/p>\n","protected":false},"author":102,"featured_media":38102,"comment_status":"open","ping_status":"closed","sticky":false,"template":"","format":"standard","meta":{"footnotes":""},"categories":[1484,10005,19112,19108,20353],"tags":[],"class_list":["post-38098","post","type-post","status-publish","format-standard","has-post-thumbnail","category-decoracao","category-casa-e-jardim","category-diy","category-festas-e-confraternizacoes","category-home-decor"],"_wp_attached_file":null,"_wp_attachment_metadata":null,"_wp_attachment_context":null,"_wp_attachment_is_custom_header":null,"geo_longitude":null,"geo_public":null,"geo_latitude":null,"_publicize_done_external":null,"_wpas_done_3897181":null,"publicize_twitter_user":null,"_wpas_done_3897175":null,"_wpas_skip_3897181":null,"_wpas_skip_3897175":null,"_wpas_skip_3924723":null,"_wpas_mess":null,"_wpas_done_3924723":null,"wps_subtitle":"Confira esta dica de decora\u00e7\u00e3o e deixe suas festas ainda mais animada!","_links":{"self":[{"href":"https:\/\/www.aarquiteta.com.br\/blog\/wp-json\/wp\/v2\/posts\/38098","targetHints":{"allow":["GET"]}}],"collection":[{"href":"https:\/\/www.aarquiteta.com.br\/blog\/wp-json\/wp\/v2\/posts"}],"about":[{"href":"https:\/\/www.aarquiteta.com.br\/blog\/wp-json\/wp\/v2\/types\/post"}],"author":[{"embeddable":true,"href":"https:\/\/www.aarquiteta.com.br\/blog\/wp-json\/wp\/v2\/users\/102"}],"replies":[{"embeddable":true,"href":"https:\/\/www.aarquiteta.com.br\/blog\/wp-json\/wp\/v2\/comments?post=38098"}],"version-history":[{"count":2,"href":"https:\/\/www.aarquiteta.com.br\/blog\/wp-json\/wp\/v2\/posts\/38098\/revisions"}],"predecessor-version":[{"id":157910,"href":"https:\/\/www.aarquiteta.com.br\/blog\/wp-json\/wp\/v2\/posts\/38098\/revisions\/157910"}],"wp:featuredmedia":[{"embeddable":true,"href":"https:\/\/www.aarquiteta.com.br\/blog\/wp-json\/wp\/v2\/media\/38102"}],"wp:attachment":[{"href":"https:\/\/www.aarquiteta.com.br\/blog\/wp-json\/wp\/v2\/media?parent=38098"}],"wp:term":[{"taxonomy":"category","embeddable":true,"href":"https:\/\/www.aarquiteta.com.br\/blog\/wp-json\/wp\/v2\/categories?post=38098"},{"taxonomy":"post_tag","embeddable":true,"href":"https:\/\/www.aarquiteta.com.br\/blog\/wp-json\/wp\/v2\/tags?post=38098"}],"curies":[{"name":"wp","href":"https:\/\/api.w.org\/{rel}","templated":true}]}}