{"id":38055,"date":"2021-12-06T13:30:12","date_gmt":"2021-12-06T16:30:12","guid":{"rendered":"http:\/\/aarquiteta.com.br\/?p=38055"},"modified":"2026-09-01T16:01:22","modified_gmt":"2026-09-01T19:01:22","slug":"decoracao-de-natal-com-tnt","status":"publish","type":"post","link":"https:\/\/www.aarquiteta.com.br\/blog\/decoracao-de-natal-com-tnt\/","title":{"rendered":"Decora\u00e7\u00e3o de natal com TNT. Dicas e ideias para voc\u00ea fazer!"},"content":{"rendered":"<header class=\"entry-header entry-header-single\">A decora\u00e7\u00e3o de Natal com TNT \u00e9 a solu\u00e7\u00e3o mais r\u00e1pida e barata para se colocar me pr\u00e1tica.<\/header>\n<header><\/header>\n<header class=\"entry-header entry-header-single\">No final do ano, todos gostam de decorar a casa para deixar o Natal de boas-vindas aos familiares e amigos mais confort\u00e1veis.<\/header>\n<header><\/header>\n<header class=\"entry-header entry-header-single\">Se voc\u00ea tamb\u00e9m gosta de decorar o Natal, confira as fotos e tutoriais criativos para se inspirar e decorar sua casa!<\/header>\n<header><\/header>\n<div class=\"entry-content\">\n<h2>Decora\u00e7\u00e3o de natal com TNT: onde encontrar para confeccionar suas ideias?<\/h2>\n<p>Voc\u00ea pode achar tnt em papelarias, ou lojas de artesanato, at\u00e9 mesmo em super mercados, \u00e9 um produto muito acess\u00edvel de se encontrar.<\/p>\n<p>Essa facilidade de encontrar que faz dele um \u00f3timo aliado da decora\u00e7\u00e3o, por isso que tantas ideias criativas surgem do seu uso.<\/p>\n<h6><em>\u261e Cart\u00e3o de Cr\u00e9dito Santander SX &#8211; O cart\u00e3o do Estudante Universit\u00e1rio do Brasiiil!<\/em><\/h6>\n<p><em>Se voc\u00ea \u00e9 estudante universit\u00e1rio e est\u00e1 precisando de um <strong>cart\u00e3o de cr\u00e9dito<\/strong> voltado para as suas necessidades financeiras, <strong>sem comprova\u00e7\u00e3o de renda<\/strong> e com possibilidade de conseguir <strong>zero de taxa de anuidade<\/strong>, O Banco Santander tem o cart\u00e3o de cr\u00e9dito ideal para voc\u00ea!<\/em><\/p>\n<figure id=\"attachment_52327\" aria-describedby=\"caption-attachment-52327\" style=\"width: 1200px\" class=\"wp-caption aligncenter\"><a href=\"https:\/\/www.aarquiteta.com.br\/blog\/como-solicitar-cartao-de-credito-santander\/\" target=\"_blank\" rel=\"noopener\"><img decoding=\"async\" class=\"wp-image-52327 size-full\" title=\"Cart\u00e3o de Cr\u00e9dito Santander SX - O Cart\u00e3o do Estudante Universit\u00e1rio!\" src=\"https:\/\/www.aarquiteta.com.br\/blog\/wp-content\/uploads\/2022\/04\/cartao-de-credito-santander-sx.jpg\" alt=\"Cart\u00e3o de Cr\u00e9dito Santander SX - O Cart\u00e3o do Estudante Universit\u00e1rio!\" width=\"1200\" height=\"800\" srcset=\"https:\/\/www.aarquiteta.com.br\/blog\/wp-content\/uploads\/2022\/04\/cartao-de-credito-santander-sx.jpg 1200w, https:\/\/www.aarquiteta.com.br\/blog\/wp-content\/uploads\/2022\/04\/cartao-de-credito-santander-sx-1024x683.jpg 1024w, https:\/\/www.aarquiteta.com.br\/blog\/wp-content\/uploads\/2022\/04\/cartao-de-credito-santander-sx-696x464.jpg 696w, https:\/\/www.aarquiteta.com.br\/blog\/wp-content\/uploads\/2022\/04\/cartao-de-credito-santander-sx-150x100.jpg 150w\" sizes=\"(max-width: 1200px) 100vw, 1200px\" \/><\/a><figcaption id=\"caption-attachment-52327\" class=\"wp-caption-text\">Cart\u00e3o de Cr\u00e9dito Santander SX &#8211; O Cart\u00e3o do Estudante Universit\u00e1rio! <a href=\"https:\/\/www.aarquiteta.com.br\/blog\/como-solicitar-cartao-de-credito-santander\/\">Clique para saber mais!\u00a0<\/a> Veja como \u00e9 f\u00e1cil!<\/figcaption><\/figure>\n<p>&nbsp;<\/p>\n<h2 class=\"entry-title\"><span style=\"font-size: 16px;\">Quanto custa o tnt?<\/span><\/h2>\n<\/div>\n<div class=\"entry-content\">\n<p>O tnt custa em torno de 3 a 4 R$ o metro quadrado, esse pre\u00e7o \u00e9 outro fator que contribui para seu grande uso em v\u00e1rias decora\u00e7\u00f5es.<\/p>\n<p>O material TNT pode ser usado para muitas coisas diferentes.<\/p>\n<p>\u00c9 um dos tipos de revestimento mais flex\u00edveis e pr\u00e1ticos do mercado, e voc\u00ea n\u00e3o precisa se preocupar com o pre\u00e7o porque tamb\u00e9m \u00e9 muito barato.<\/p>\n<p>Mas de onde vem toda essa flexibilidade e a possibilidade de vender TNT por um pre\u00e7o t\u00e3o barato?<\/p>\n<h2 class=\"entry-title\">Decora\u00e7\u00e3o de natal com tnt &#8211; ideias.<\/h2>\n<p>Segue abaixo, algumas ideias interessantes para criar a sua decora\u00e7\u00e3o de natal com TNT:<\/p>\n<figure id=\"attachment_38060\" aria-describedby=\"caption-attachment-38060\" style=\"width: 580px\" class=\"wp-caption alignnone\"><img decoding=\"async\" class=\"wp-image-38060 size-full\" title=\"decora\u00e7\u00e3o de natal com tnt\" src=\"https:\/\/www.aarquiteta.com.br\/blog\/wp-content\/uploads\/2021\/12\/Embalagem-para-presentes-de-natal-confeccionados-em-TNT-e-decoracao-em-EVA-medindo-30-cm-de-altura-por-25-cm-de-largura_.jpg\" alt=\"decora\u00e7\u00e3o de natal com tnt\" width=\"580\" height=\"453\" srcset=\"https:\/\/www.aarquiteta.com.br\/blog\/wp-content\/uploads\/2021\/12\/Embalagem-para-presentes-de-natal-confeccionados-em-TNT-e-decoracao-em-EVA-medindo-30-cm-de-altura-por-25-cm-de-largura_.jpg 580w, https:\/\/www.aarquiteta.com.br\/blog\/wp-content\/uploads\/2021\/12\/Embalagem-para-presentes-de-natal-confeccionados-em-TNT-e-decoracao-em-EVA-medindo-30-cm-de-altura-por-25-cm-de-largura_-150x117.jpg 150w\" sizes=\"(max-width: 580px) 100vw, 580px\" \/><figcaption id=\"caption-attachment-38060\" class=\"wp-caption-text\">fonte: elo7<\/figcaption><\/figure>\n<figure id=\"attachment_38064\" aria-describedby=\"caption-attachment-38064\" style=\"width: 600px\" class=\"wp-caption alignnone\"><img decoding=\"async\" class=\"wp-image-38064 size-full\" title=\"decora\u00e7\u00e3o de natal com tnt\" src=\"https:\/\/www.aarquiteta.com.br\/blog\/wp-content\/uploads\/2021\/12\/arvore-de-natal-tnt.jpg\" alt=\"decora\u00e7\u00e3o de natal com tnt\" width=\"600\" height=\"430\" srcset=\"https:\/\/www.aarquiteta.com.br\/blog\/wp-content\/uploads\/2021\/12\/arvore-de-natal-tnt.jpg 600w, https:\/\/www.aarquiteta.com.br\/blog\/wp-content\/uploads\/2021\/12\/arvore-de-natal-tnt-150x108.jpg 150w\" sizes=\"(max-width: 600px) 100vw, 600px\" \/><figcaption id=\"caption-attachment-38064\" class=\"wp-caption-text\">fonte: Pinterest<\/figcaption><\/figure>\n<figure id=\"attachment_38067\" aria-describedby=\"caption-attachment-38067\" style=\"width: 700px\" class=\"wp-caption alignnone\"><img decoding=\"async\" class=\"wp-image-38067\" title=\"decora\u00e7\u00e3o de natal com tnt\" src=\"https:\/\/www.aarquiteta.com.br\/blog\/wp-content\/uploads\/2021\/12\/toalha-de-festa-em-tnt-decoracao-festa-natal-boneco-de-neve.jpg\" alt=\"decora\u00e7\u00e3o de natal com tnt\" width=\"700\" height=\"700\" srcset=\"https:\/\/www.aarquiteta.com.br\/blog\/wp-content\/uploads\/2021\/12\/toalha-de-festa-em-tnt-decoracao-festa-natal-boneco-de-neve.jpg 1000w, https:\/\/www.aarquiteta.com.br\/blog\/wp-content\/uploads\/2021\/12\/toalha-de-festa-em-tnt-decoracao-festa-natal-boneco-de-neve-696x696.jpg 696w, https:\/\/www.aarquiteta.com.br\/blog\/wp-content\/uploads\/2021\/12\/toalha-de-festa-em-tnt-decoracao-festa-natal-boneco-de-neve-96x96.jpg 96w, https:\/\/www.aarquiteta.com.br\/blog\/wp-content\/uploads\/2021\/12\/toalha-de-festa-em-tnt-decoracao-festa-natal-boneco-de-neve-150x150.jpg 150w\" sizes=\"(max-width: 700px) 100vw, 700px\" \/><figcaption id=\"caption-attachment-38067\" class=\"wp-caption-text\">fonte: Pinterest<\/figcaption><\/figure>\n<figure id=\"attachment_38066\" aria-describedby=\"caption-attachment-38066\" style=\"width: 500px\" class=\"wp-caption alignnone\"><img decoding=\"async\" class=\"wp-image-38066 size-full\" src=\"https:\/\/www.aarquiteta.com.br\/blog\/wp-content\/uploads\/2021\/12\/decoracao-de-natal-tnt.jpg\" alt=\"decora\u00e7\u00e3o de natal com tnt\" width=\"500\" height=\"375\" title=\"\" srcset=\"https:\/\/www.aarquiteta.com.br\/blog\/wp-content\/uploads\/2021\/12\/decoracao-de-natal-tnt.jpg 500w, https:\/\/www.aarquiteta.com.br\/blog\/wp-content\/uploads\/2021\/12\/decoracao-de-natal-tnt-150x113.jpg 150w\" sizes=\"(max-width: 500px) 100vw, 500px\" \/><figcaption id=\"caption-attachment-38066\" class=\"wp-caption-text\">fonte: Pinterest<\/figcaption><\/figure>\n<figure id=\"attachment_38065\" aria-describedby=\"caption-attachment-38065\" style=\"width: 600px\" class=\"wp-caption alignnone\"><img decoding=\"async\" class=\"wp-image-38065\" src=\"https:\/\/www.aarquiteta.com.br\/blog\/wp-content\/uploads\/2021\/12\/decoracao-de-arvore-de-natal-com-tnt.jpg\" alt=\"decora\u00e7\u00e3o de natal com tnt\" width=\"600\" height=\"800\" title=\"\" srcset=\"https:\/\/www.aarquiteta.com.br\/blog\/wp-content\/uploads\/2021\/12\/decoracao-de-arvore-de-natal-com-tnt.jpg 1200w, https:\/\/www.aarquiteta.com.br\/blog\/wp-content\/uploads\/2021\/12\/decoracao-de-arvore-de-natal-com-tnt-1024x1365.jpg 1024w, https:\/\/www.aarquiteta.com.br\/blog\/wp-content\/uploads\/2021\/12\/decoracao-de-arvore-de-natal-com-tnt-696x928.jpg 696w, https:\/\/www.aarquiteta.com.br\/blog\/wp-content\/uploads\/2021\/12\/decoracao-de-arvore-de-natal-com-tnt-640x853.jpg 640w, https:\/\/www.aarquiteta.com.br\/blog\/wp-content\/uploads\/2021\/12\/decoracao-de-arvore-de-natal-com-tnt-150x200.jpg 150w\" sizes=\"(max-width: 600px) 100vw, 600px\" \/><figcaption id=\"caption-attachment-38065\" class=\"wp-caption-text\">fonte: Pinterest<\/figcaption><\/figure>\n<h5>Faltou algum ingrediente para a receita?<\/h5>\n<p><em>N\u00e3o se preocupe! Fa\u00e7a suas compras pela internet!<\/em><\/p>\n<p><em>E se voc\u00ea tiver<strong> Cart\u00e3o de Cr\u00e9dito<\/strong> voc\u00ea ainda pode utiliz\u00e1-lo para realizar suas c<strong>ompras pela internet.<\/strong> \u00a0<\/em><\/p>\n<p><em>J\u00e1 conhece o Cart\u00e3o Atacad\u00e3o? Confira o Cart\u00e3o de Cr\u00e9dito da maior rede atacadista de alimentos. Aproveite as<a href=\"https:\/\/www.aarquiteta.com.br\/blog\/como-solicitar-cartao-atacadao\/\" target=\"_blank\" rel=\"noopener\"> vantagens exclusivas<\/a> e pe\u00e7a j\u00e1 o seu!<\/em><\/p>\n<figure id=\"attachment_52493\" aria-describedby=\"caption-attachment-52493\" style=\"width: 1000px\" class=\"wp-caption aligncenter\"><a href=\"https:\/\/www.aarquiteta.com.br\/blog\/como-solicitar-cartao-atacadao\/\" target=\"_blank\" rel=\"noopener\"><img decoding=\"async\" class=\"wp-image-52493 size-full\" title=\"Cart\u00e3o Atacad\u00e3o - Cr\u00e9dito para comprar e prazo para pagar!\" src=\"https:\/\/www.aarquiteta.com.br\/blog\/wp-content\/uploads\/2021\/10\/cartao-atacadao-1.jpg\" alt=\"Cart\u00e3o Atacad\u00e3o - Cr\u00e9dito para comprar e prazo para pagar!\" width=\"1000\" height=\"250\" srcset=\"https:\/\/www.aarquiteta.com.br\/blog\/wp-content\/uploads\/2021\/10\/cartao-atacadao-1.jpg 1000w, https:\/\/www.aarquiteta.com.br\/blog\/wp-content\/uploads\/2021\/10\/cartao-atacadao-1-696x174.jpg 696w, https:\/\/www.aarquiteta.com.br\/blog\/wp-content\/uploads\/2021\/10\/cartao-atacadao-1-150x38.jpg 150w\" sizes=\"(max-width: 1000px) 100vw, 1000px\" \/><\/a><figcaption id=\"caption-attachment-52493\" class=\"wp-caption-text\"><a href=\"https:\/\/www.aarquiteta.com.br\/blog\/como-solicitar-cartao-atacadao\/\" target=\"_blank\" rel=\"noopener\">Cart\u00e3o Atacad\u00e3o &#8211; Cr\u00e9dito para comprar e prazo para pagar! Clique para saber mais!<\/a><\/figcaption><\/figure>\n<p>&nbsp;<\/p>\n<h3><strong>E a\u00ed, gostou do artigo com as dicas de decora\u00e7\u00e3o de Natal com TNT?<\/strong><\/h3>\n<p>Ent\u00e3o deslize a tela para baixo e<a href=\"https:\/\/br.pinterest.com\/aarquitetapinterest\/_created\/\" target=\"_blank\" rel=\"noopener\"> confira mais dicas<\/a> como esta e n\u00e3o se esque\u00e7a de compartilhar com os amigos!<\/p>\n<p>Quer mais dicas sobre o mundo da Arquitetura e Decora\u00e7\u00e3o, ent\u00e3o confira alguns dos nossos artigos em:<\/p>\n<ul>\n<li><a href=\"https:\/\/www.aarquiteta.com.br\/blog\/paisagismo\/\" target=\"_blank\" rel=\"noopener\">Casa e Jardim<\/a><\/li>\n<li><a href=\"https:\/\/www.aarquiteta.com.br\/blog\/arquitetura\/mundo-arquitetura\/\" target=\"_blank\" rel=\"noopener\">Mundo Arquitetura<\/a><\/li>\n<li><a href=\"https:\/\/www.aarquiteta.com.br\/decoracao\/\" target=\"_blank\" rel=\"noopener\">Decora\u00e7\u00e3o\u00a0 <\/a><\/li>\n<\/ul>\n<\/div>\n","protected":false},"excerpt":{"rendered":"<p>A decora\u00e7\u00e3o de Natal com TNT \u00e9 a solu\u00e7\u00e3o mais r\u00e1pida e barata para se colocar me pr\u00e1tica. No final do ano, todos gostam de decorar a casa para deixar o Natal de boas-vindas aos familiares e amigos mais confort\u00e1veis. Se voc\u00ea tamb\u00e9m gosta de decorar o Natal, confira as fotos e tutoriais criativos para [&hellip;]<\/p>\n","protected":false},"author":102,"featured_media":38067,"comment_status":"open","ping_status":"closed","sticky":false,"template":"","format":"standard","meta":{"footnotes":""},"categories":[1484,10005,19112,19108,20353],"tags":[10020,10022,10021],"class_list":["post-38055","post","type-post","status-publish","format-standard","has-post-thumbnail","category-decoracao","category-casa-e-jardim","category-diy","category-festas-e-confraternizacoes","category-home-decor","tag-decoracao-de-natal-com-tnt","tag-natal-tnt","tag-tnt"],"_wp_attached_file":null,"_wp_attachment_metadata":null,"_wp_attachment_context":null,"_wp_attachment_is_custom_header":null,"geo_longitude":null,"geo_public":null,"geo_latitude":null,"_publicize_done_external":null,"_wpas_done_3897181":null,"publicize_twitter_user":null,"_wpas_done_3897175":null,"_wpas_skip_3897181":null,"_wpas_skip_3897175":null,"_wpas_skip_3924723":null,"_wpas_mess":null,"_wpas_done_3924723":null,"wps_subtitle":"Usar o TNT para criar sua decora\u00e7\u00e3o de Natal \u00e9 a melhor escolha para economizar. Confira!","_links":{"self":[{"href":"https:\/\/www.aarquiteta.com.br\/blog\/wp-json\/wp\/v2\/posts\/38055","targetHints":{"allow":["GET"]}}],"collection":[{"href":"https:\/\/www.aarquiteta.com.br\/blog\/wp-json\/wp\/v2\/posts"}],"about":[{"href":"https:\/\/www.aarquiteta.com.br\/blog\/wp-json\/wp\/v2\/types\/post"}],"author":[{"embeddable":true,"href":"https:\/\/www.aarquiteta.com.br\/blog\/wp-json\/wp\/v2\/users\/102"}],"replies":[{"embeddable":true,"href":"https:\/\/www.aarquiteta.com.br\/blog\/wp-json\/wp\/v2\/comments?post=38055"}],"version-history":[{"count":2,"href":"https:\/\/www.aarquiteta.com.br\/blog\/wp-json\/wp\/v2\/posts\/38055\/revisions"}],"predecessor-version":[{"id":157907,"href":"https:\/\/www.aarquiteta.com.br\/blog\/wp-json\/wp\/v2\/posts\/38055\/revisions\/157907"}],"wp:featuredmedia":[{"embeddable":true,"href":"https:\/\/www.aarquiteta.com.br\/blog\/wp-json\/wp\/v2\/media\/38067"}],"wp:attachment":[{"href":"https:\/\/www.aarquiteta.com.br\/blog\/wp-json\/wp\/v2\/media?parent=38055"}],"wp:term":[{"taxonomy":"category","embeddable":true,"href":"https:\/\/www.aarquiteta.com.br\/blog\/wp-json\/wp\/v2\/categories?post=38055"},{"taxonomy":"post_tag","embeddable":true,"href":"https:\/\/www.aarquiteta.com.br\/blog\/wp-json\/wp\/v2\/tags?post=38055"}],"curies":[{"name":"wp","href":"https:\/\/api.w.org\/{rel}","templated":true}]}}