{"id":37379,"date":"2021-12-05T20:00:58","date_gmt":"2021-12-05T23:00:58","guid":{"rendered":"http:\/\/aarquiteta.com.br\/?p=37379"},"modified":"2025-02-15T10:54:52","modified_gmt":"2025-02-15T13:54:52","slug":"decoracao-de-ano-novo","status":"publish","type":"post","link":"https:\/\/www.aarquiteta.com.br\/blog\/decoracao-de-ano-novo\/","title":{"rendered":"Decora\u00e7\u00e3o de Ano Novo &#8211; 6 Dicas para uma decora\u00e7\u00e3o clean e elegante!"},"content":{"rendered":"<p><a href=\"https:\/\/www.aarquiteta.com.br\/blog\/decoracao\/\" class=\"ilj-generated-link\">Decora\u00e7\u00e3o<\/a> de Ano Novo &#8211; 6 Dicas para uma decora\u00e7\u00e3o clean e elegante!<\/p><p>Afinal, <a href=\"https:\/\/www.aarquiteta.com.br\/blog\/cursos-de-arquitetura-e-decoracao\/curso-de-decoracao-de-interiores\/\">como decorar<\/a> a casa para as festas de ano novo?<\/p><p>Se voc\u00ea deseja conferir as dicas de como decorar sua <a href=\"https:\/\/www.aarquiteta.com.br\/blog\/casa-e-jardim\/\" class=\"ilj-generated-link\">casa<\/a> para as festas de fim de ano, confira neste artigo as dicas que separamos para voc\u00ea:<\/p><h2>Decora\u00e7\u00e3o de Ano Novo &#8211; 6 Dicas para voc\u00ea receber sua fam\u00edlia e amigos com estilo!<\/h2><p>Primeiramente, \u00e9 imposs\u00edvel entrarmos nos meses de novembro e dezembro e n\u00e3o pensarmos nas festas de final de ano.<\/p><p>As festas de ano sempre causam em n\u00f3s reflex\u00f5es sobre o ano vivido e o que estamos planejando para o novo ano.<\/p><p>O clima de otimismo toma conta de n\u00f3s e come\u00e7amos a pensar na organiza\u00e7\u00e3o da festa de ano novo como uma maneira de comemorar mais um ano vivido.<\/p><p>E \u00e9 nesta hora que j\u00e1 come\u00e7amos a esvaziar as gavetas para buscar em nosso enxoval o que usar na decora\u00e7\u00e3o de Ano Novo.<\/p><h3>Como Decorar uma casa para as festas de fim de ano?<\/h3><p>Se voc\u00ea \u00e9 assim como eu, que adora ver tudo bem decorado, vem comigo neste artigo!<\/p><p>Confira as dicas que certamente far\u00e3o toda a diferen\u00e7a no resultado da decora\u00e7\u00e3o do seu ano novo e comece o ano feliz!<\/p><h2>Decora\u00e7\u00e3o de Ano Novo &#8211; Programa-se!<\/h2><p>O sucesso de um empreendimento \u00e9 nunca deixar nada para a \u00faltima hora.<\/p><p>Comece hoje a se programar!<\/p><h3>1. Capriche na limpeza geral!<\/h3><p>Ao receber convidados ningu\u00e9m quer passar uma m\u00e1 impress\u00e3o, especialmente na manuten\u00e7\u00e3o da casa.<\/p><p>Fa\u00e7a uma limpeza geral nos arm\u00e1rios, objetos de decora\u00e7\u00e3o, vidros, cortinhas, almofadas e <a href=\"https:\/\/www.aarquiteta.com.br\/blog\/?s=TAPETE\">tapetes<\/a>.<\/p><p>Passamos pelo ano muitas vezes na maior correria e algumas coisas podem acabar sendo deixadas de lado.<\/p><h3>2.\u00a0 Separe as melhores loucas e talheres:<\/h3><p>Muitas vezes no dia a dia n\u00e3o temos por h\u00e1bito utilizar as nossas melhores lou\u00e7as, por isso programe-se!<\/p><p>Procure descer dos arm\u00e1rios os utens\u00edlios que ser\u00e3o utilizados e j\u00e1 providencia a lavagem com anteced\u00eancia.<\/p><p>Os utens\u00edlios ficam o ano todo praticamente guardado e sem uso, isso facilitar\u00e1 na hora de coloc\u00e1-los para uso.<\/p><p>Travessas de servir, ta\u00e7as de vinho, de champanhe, copos, tacinhas de sobremesa, jogo de jantar.<\/p><p>Sem falar nos guardanapos, toalhas de mesa, jogo americano, sousplat e os talheres!<\/p><p>Capriche nas jarras e nos cobre jarras. Isso passa uma excelente impress\u00e3o de cuidado.<\/p><p>Fa\u00e7a tudo j\u00e1 pensando na decora\u00e7\u00e3o da mesa de jantar.<\/p><figure id=\"attachment_37388\" aria-describedby=\"caption-attachment-37388\" style=\"width: 1000px\" class=\"wp-caption aligncenter\"><img decoding=\"async\" class=\"wp-image-37388\" src=\"https:\/\/www.aarquiteta.com.br\/blog\/wp-content\/uploads\/2021\/12\/decoracao-ano-novo-3.jpg\" alt=\"Decora\u00e7\u00e3o de Ano Novo - 6 Dicas para uma decora\u00e7\u00e3o clean e elegante!\" width=\"1000\" height=\"667\" title=\"\" srcset=\"https:\/\/www.aarquiteta.com.br\/blog\/wp-content\/uploads\/2021\/12\/decoracao-ano-novo-3.jpg 600w, https:\/\/www.aarquiteta.com.br\/blog\/wp-content\/uploads\/2021\/12\/decoracao-ano-novo-3-150x100.jpg 150w\" sizes=\"(max-width: 1000px) 100vw, 1000px\" \/><figcaption id=\"caption-attachment-37388\" class=\"wp-caption-text\"><br \/>Decora\u00e7\u00e3o de Ano Novo &#8211; 6 Dicas para uma decora\u00e7\u00e3o clean e elegante!<\/figcaption><\/figure><h3>3. Card\u00e1pio:<\/h3><p>N\u00e3o deixe para a \u00faltima hora! Fa\u00e7a uma lista com o n\u00famero de convidados e suas prefer\u00eancias.<\/p><p>Se for receber visitas que possuam restri\u00e7\u00e3o alimentar, adiante-se nos preparativos.<\/p><p>Fa\u00e7a uma lista e n\u00e3o sai \u00e0s compras sem saber ao certo o que comprar.<\/p><p>Seja objetiva! Isso ajudar\u00e1 em muito no bom andamento da sua festa!<\/p><h3>Est\u00e1 gostando das dicas sobre Decora\u00e7\u00e3o de Ano Novo?<\/h3><p>Ent\u00e3o siga as pr\u00f3ximas dicas!<\/p><h3>4. Decora\u00e7\u00e3o de Ano Novo:<\/h3><p>Alinhe as expectativas com a realidade, muitas vezes imaginamos uma mesa bem decorada com muitos enfeites.<\/p><p>Avalie o seu espa\u00e7o e\u00a0 veja se ele comporta muitos enfeites sobre a mesa.<\/p><p>A pr\u00f3pria a porcelana, as toalhas ou um jogo de americano por si j\u00e1 podem causar uma boa impress\u00e3o.<\/p><p>Tenha cuidado no exagero, busque referencias sobre o que voc\u00ea mais gosta.<\/p><p>Utilize velas e pequenos enfeites de Natal, vai ficar um arraso!<\/p><p>Tenha em mente que: menos \u00e9 sempre mais! Equil\u00edbrio \u00e9 tudo!<\/p><figure id=\"attachment_37389\" aria-describedby=\"caption-attachment-37389\" style=\"width: 1200px\" class=\"wp-caption aligncenter\"><img decoding=\"async\" class=\"wp-image-37389\" src=\"https:\/\/www.aarquiteta.com.br\/blog\/wp-content\/uploads\/2021\/12\/decoracao-ano-novo-5.jpg\" alt=\"\" width=\"1200\" height=\"846\" title=\"\" srcset=\"https:\/\/www.aarquiteta.com.br\/blog\/wp-content\/uploads\/2021\/12\/decoracao-ano-novo-5.jpg 810w, https:\/\/www.aarquiteta.com.br\/blog\/wp-content\/uploads\/2021\/12\/decoracao-ano-novo-5-696x491.jpg 696w, https:\/\/www.aarquiteta.com.br\/blog\/wp-content\/uploads\/2021\/12\/decoracao-ano-novo-5-150x106.jpg 150w\" sizes=\"(max-width: 1200px) 100vw, 1200px\" \/><figcaption id=\"caption-attachment-37389\" class=\"wp-caption-text\"><br \/>Decora\u00e7\u00e3o de Ano Novo &#8211; 6 Dicas para uma decora\u00e7\u00e3o clean e elegante!<\/figcaption><\/figure><h3>5. Paleta de Cores:<\/h3><p>Procure equilibrar as <a href=\"https:\/\/www.aarquiteta.com.br\/blog\/?s=CORES\">cores<\/a> utilizadas na decora\u00e7\u00e3o.<\/p><p>Lembre-se que se trata de uma festa de Ano Novo e n\u00e3o de Carnaval.<\/p><p>Escolha uma paleta de cores de sua prefer\u00eancia ou segundo o que voc\u00ea j\u00e1 tem em casa e crie combina\u00e7\u00f5es que deixar\u00e3o o ambiente sofisticado.<\/p><p>Seja criativo! Os convidados ficar\u00e3o impressionados!<\/p><figure id=\"attachment_37386\" aria-describedby=\"caption-attachment-37386\" style=\"width: 1000px\" class=\"wp-caption aligncenter\"><img decoding=\"async\" class=\"wp-image-37386\" src=\"https:\/\/www.aarquiteta.com.br\/blog\/wp-content\/uploads\/2021\/12\/decoracao-ano-novo.jpg\" alt=\"Decora\u00e7\u00e3o de Ano Novo - 6 Dicas para uma decora\u00e7\u00e3o clean e elegante!\" width=\"1000\" height=\"437\" title=\"\" srcset=\"https:\/\/www.aarquiteta.com.br\/blog\/wp-content\/uploads\/2021\/12\/decoracao-ano-novo.jpg 687w, https:\/\/www.aarquiteta.com.br\/blog\/wp-content\/uploads\/2021\/12\/decoracao-ano-novo-150x66.jpg 150w\" sizes=\"(max-width: 1000px) 100vw, 1000px\" \/><figcaption id=\"caption-attachment-37386\" class=\"wp-caption-text\">Decora\u00e7\u00e3o de Ano Novo &#8211; 6 Dicas para uma decora\u00e7\u00e3o clean e elegante!<\/figcaption><\/figure><h3>6. Decore com Flores:<\/h3><p>Uma decora\u00e7\u00e3o sofisticada sempre requer arranjos de flores.<\/p><p>Flores sempre trazem uma sensa\u00e7\u00e3o de bem-estar.<\/p><p>Sem contar que seu perfume agrada \u00e0 maioria e deixa a casa com um toque especial.<\/p><p>Escolha as flores de acordo a paleta de cores e decore com equil\u00edbrio!<\/p><figure id=\"attachment_37387\" aria-describedby=\"caption-attachment-37387\" style=\"width: 910px\" class=\"wp-caption aligncenter\"><img decoding=\"async\" class=\"wp-image-37387\" src=\"https:\/\/www.aarquiteta.com.br\/blog\/wp-content\/uploads\/2021\/12\/decoracao-ano-novo-2.jpg\" alt=\"Decora\u00e7\u00e3o de Ano Novo - 6 Dicas para uma decora\u00e7\u00e3o clean e elegante!\" width=\"910\" height=\"607\" title=\"\" srcset=\"https:\/\/www.aarquiteta.com.br\/blog\/wp-content\/uploads\/2021\/12\/decoracao-ano-novo-2.jpg 520w, https:\/\/www.aarquiteta.com.br\/blog\/wp-content\/uploads\/2021\/12\/decoracao-ano-novo-2-150x100.jpg 150w\" sizes=\"(max-width: 910px) 100vw, 910px\" \/><figcaption id=\"caption-attachment-37387\" class=\"wp-caption-text\">Decora\u00e7\u00e3o de Ano Novo &#8211; 6 Dicas para uma decora\u00e7\u00e3o clean e elegante!<\/figcaption><\/figure><h3><strong>E a\u00ed, gostou do artigo sobre Decora\u00e7\u00e3o de Ano Novo<\/strong>?<\/h3><p><strong>Ent\u00e3o compartilhe com os amigos!<\/strong><\/p><p>Quer ver outras dicas de decora\u00e7\u00e3o como esta? <a href=\"https:\/\/www.aarquiteta.com.br\/decoracao\/\" target=\"_blank\" rel=\"noopener\"><strong>Basta clicar aqui.<\/strong><\/a><\/p><p>Em fim, n\u00e3o se esque\u00e7a de me deixar saber nos coment\u00e1rios o que voc\u00ea achou do artigo.<\/p><p>At\u00e9 a pr\u00f3xima dica!<\/p><h3>\u25baVeja mais dicas em:<\/h3><p>Quer mais dicas? Ent\u00e3o confira alguns dos nossos artigos sobre:<\/p><ul><li><a href=\"https:\/\/www.aarquiteta.com.br\/decoracao\/\" target=\"_blank\" rel=\"noopener\">Decora\u00e7\u00e3o<\/a><\/li><li><a href=\"https:\/\/www.aarquiteta.com.br\/blog\/paisagismo\/\" target=\"_blank\" rel=\"noopener\">Casa e Jardim<\/a><\/li><li><a href=\"https:\/\/www.aarquiteta.com.br\/blog\/arquitetura\/mundo-arquitetura\/\" target=\"_blank\" rel=\"noopener\">Mundo Arquitetura<\/a><\/li><\/ul><h3>\u25ba Siga-nos nas redes sociais:<\/h3><p>Al\u00e9m disso, confira nossas redes sociais, siga-nos em:<\/p><ul><li><a href=\"https:\/\/br.pinterest.com\/aarquitetapinterest\/_created\/\" target=\"_blank\" rel=\"noopener\">Pinterest<\/a><\/li><li>Facebook<\/li><li><a href=\"https:\/\/www.instagram.com\/aarquitetablog\" target=\"_blank\" rel=\"noopener\">Instagram<\/a><\/li><li><a href=\"https:\/\/www.tiktok.com\/@aarquiteta_oficial?lang=pt-BR\" target=\"_blank\" rel=\"noopener\">Tiktok<\/a><\/li><\/ul><p>&nbsp;<\/p><p>&nbsp;<\/p>","protected":false},"excerpt":{"rendered":"<p>Decora\u00e7\u00e3o de Ano Novo &#8211; 6 Dicas para uma decora\u00e7\u00e3o clean e elegante!Afinal, como decorar a casa para as festas de ano novo?Se voc\u00ea deseja conferir as dicas de como decorar sua casa para as festas de fim de ano, confira neste artigo as dicas que separamos para voc\u00ea:Decora\u00e7\u00e3o de Ano Novo &#8211; 6 Dicas [&hellip;]<\/p>\n","protected":false},"author":102,"featured_media":37389,"comment_status":"open","ping_status":"closed","sticky":false,"template":"","format":"standard","meta":{"footnotes":""},"categories":[10005,19108],"tags":[9993,9991,9992,9994,9995],"class_list":["post-37379","post","type-post","status-publish","format-standard","has-post-thumbnail","category-casa-e-jardim","category-festas-e-confraternizacoes","tag-como-decorar-a-casa-para-o-ano-novo","tag-decoracao-de-ano-novo","tag-mesa-de-ano-novo","tag-mesa-para-ano-novo","tag-mesa-para-reveillon"],"_wp_attached_file":null,"_wp_attachment_metadata":null,"_wp_attachment_context":null,"_wp_attachment_is_custom_header":null,"geo_longitude":null,"geo_public":null,"geo_latitude":null,"_publicize_done_external":null,"_wpas_done_3897181":null,"publicize_twitter_user":null,"_wpas_done_3897175":null,"_wpas_skip_3897181":null,"_wpas_skip_3897175":null,"_wpas_skip_3924723":null,"_wpas_mess":null,"_wpas_done_3924723":null,"wps_subtitle":"Programe-se para as Festas de Fim de ano! Aprenda a fazer uma decora\u00e7\u00e3o de Ano Novo super clean e muito elegante gastando quase nada!","_links":{"self":[{"href":"https:\/\/www.aarquiteta.com.br\/blog\/wp-json\/wp\/v2\/posts\/37379","targetHints":{"allow":["GET"]}}],"collection":[{"href":"https:\/\/www.aarquiteta.com.br\/blog\/wp-json\/wp\/v2\/posts"}],"about":[{"href":"https:\/\/www.aarquiteta.com.br\/blog\/wp-json\/wp\/v2\/types\/post"}],"author":[{"embeddable":true,"href":"https:\/\/www.aarquiteta.com.br\/blog\/wp-json\/wp\/v2\/users\/102"}],"replies":[{"embeddable":true,"href":"https:\/\/www.aarquiteta.com.br\/blog\/wp-json\/wp\/v2\/comments?post=37379"}],"version-history":[{"count":0,"href":"https:\/\/www.aarquiteta.com.br\/blog\/wp-json\/wp\/v2\/posts\/37379\/revisions"}],"wp:featuredmedia":[{"embeddable":true,"href":"https:\/\/www.aarquiteta.com.br\/blog\/wp-json\/wp\/v2\/media\/37389"}],"wp:attachment":[{"href":"https:\/\/www.aarquiteta.com.br\/blog\/wp-json\/wp\/v2\/media?parent=37379"}],"wp:term":[{"taxonomy":"category","embeddable":true,"href":"https:\/\/www.aarquiteta.com.br\/blog\/wp-json\/wp\/v2\/categories?post=37379"},{"taxonomy":"post_tag","embeddable":true,"href":"https:\/\/www.aarquiteta.com.br\/blog\/wp-json\/wp\/v2\/tags?post=37379"}],"curies":[{"name":"wp","href":"https:\/\/api.w.org\/{rel}","templated":true}]}}