{"id":37278,"date":"2022-05-13T11:00:43","date_gmt":"2022-05-13T14:00:43","guid":{"rendered":"http:\/\/aarquiteta.com.br\/?p=37278"},"modified":"2023-07-18T14:22:02","modified_gmt":"2023-07-18T17:22:02","slug":"como-decorar-mesa-de-centro","status":"publish","type":"post","link":"https:\/\/www.aarquiteta.com.br\/blog\/como-decorar-mesa-de-centro\/","title":{"rendered":"Como decorar Mesa de Centro &#8211; Confira 4 dicas f\u00e1ceis de fazer!"},"content":{"rendered":"<p><img decoding=\"async\" class=\"aligncenter wp-image-41510 size-full\" title=\"Mesa de centro: Aprenda a decorar e deix\u00e1-la incr\u00edvel!\" src=\"https:\/\/www.aarquiteta.com.br\/blog\/wp-content\/uploads\/2022\/01\/Dicas-de-como-escolher-mesa-de-centro1.jpg\" alt=\"Mesa de centro: Aprenda a decorar e deix\u00e1-la incr\u00edvel!\" width=\"700\" height=\"400\" srcset=\"https:\/\/www.aarquiteta.com.br\/blog\/wp-content\/uploads\/2022\/01\/Dicas-de-como-escolher-mesa-de-centro1.jpg 700w, https:\/\/www.aarquiteta.com.br\/blog\/wp-content\/uploads\/2022\/01\/Dicas-de-como-escolher-mesa-de-centro1-696x398.jpg 696w, https:\/\/www.aarquiteta.com.br\/blog\/wp-content\/uploads\/2022\/01\/Dicas-de-como-escolher-mesa-de-centro1-150x86.jpg 150w\" sizes=\"(max-width: 700px) 100vw, 700px\" \/><\/p>\n<p>Como decorar Mesa de Centro, confira 4 dicas de f\u00e1ceis de realizar e deixe sua sala ainda mais bonita!<\/p>\n<p>Se voc\u00ea tiver alguma d\u00favida sobre este t\u00f3pico, aqui est\u00e3o algumas dicas e ideias que podem ajud\u00e1-lo a resolver esse problema.<\/p>\n<p>As mesas de centro v\u00eam em diferentes tipos, tamanhos e cores.\u00a0\u00c9 muito importante que escolha a op\u00e7\u00e3o que melhor se adapta ao seu espa\u00e7o.<\/p>\n<p>Tome a decora\u00e7\u00e3o como exemplo, enrique\u00e7a a decora\u00e7\u00e3o dos m\u00f3veis e fique longe do meio ambiente mais bonito.<\/p>\n<p>Com isso em mente, verifique algumas ideias sobre itens decorativos abaixo pode usar.<\/p>\n<p><iframe title=\"Decore f\u00e1cil: O que \u00e9 decora\u00e7\u00e3o de ambientes?\" width=\"696\" height=\"392\" src=\"https:\/\/www.youtube.com\/embed\/9PjhGXgCGLU?feature=oembed\" frameborder=\"0\" allow=\"accelerometer; autoplay; clipboard-write; encrypted-media; gyroscope; picture-in-picture; web-share\" allowfullscreen><\/iframe><\/p>\n<p>&nbsp;<\/p>\n<h2>Mesa de centro \u2014 Confira 4 dicas de como decorar!<\/h2>\n<figure id=\"attachment_33309\" aria-describedby=\"caption-attachment-33309\" style=\"width: 900px\" class=\"wp-caption aligncenter\"><img decoding=\"async\" class=\"wp-image-33309 size-full\" title=\"Mesa de centro: Aprenda a decorar e deix\u00e1-la incr\u00edvel!\" src=\"https:\/\/www.aarquiteta.com.br\/blog\/wp-content\/uploads\/2020\/05\/Sala_de_estar_com_mesa_no_centro_de_vidro_com_bancos_em_volta.jpg\" alt=\"Mesa de centro: Aprenda a decorar e deix\u00e1-la incr\u00edvel!\" width=\"900\" height=\"600\" srcset=\"https:\/\/www.aarquiteta.com.br\/blog\/wp-content\/uploads\/2020\/05\/Sala_de_estar_com_mesa_no_centro_de_vidro_com_bancos_em_volta.jpg 900w, https:\/\/www.aarquiteta.com.br\/blog\/wp-content\/uploads\/2020\/05\/Sala_de_estar_com_mesa_no_centro_de_vidro_com_bancos_em_volta-696x464.jpg 696w, https:\/\/www.aarquiteta.com.br\/blog\/wp-content\/uploads\/2020\/05\/Sala_de_estar_com_mesa_no_centro_de_vidro_com_bancos_em_volta-150x100.jpg 150w\" sizes=\"(max-width: 900px) 100vw, 900px\" \/><figcaption id=\"caption-attachment-33309\" class=\"wp-caption-text\">Mesa de centro: Aprenda a decorar e deix\u00e1-la incr\u00edvel!<\/figcaption><\/figure>\n<p>Verifique logo abaixo algumas ideias. Em primeiro lugar, saiba que uma mesa de centro pode ser de grande ajuda!<\/p>\n<p>Afinal, com esse tipo de mobili\u00e1rio podemos adicionar detalhes decorativos incr\u00edveis, al\u00e9m disso, alguns cuidados tamb\u00e9m s\u00e3o necess\u00e1rios.<\/p>\n<p>Finalmente, a sele\u00e7\u00e3o da mesa \u00e9 muito importante como, por exemplo, o tamanho que melhor se adapta ao seu ambiente.<\/p>\n<p>Tem d\u00favidas sobre o assunto?\u00a0Ent\u00e3o verifique aqui est\u00e3o algumas ideias para inspirar e ajud\u00e1-lo a escolher.<\/p>\n<p><span style=\"font-size: 22px; font-weight: bold; font-style: italic; background-color: transparent;\">1 \u2014 Livros decorativos na mesa de centro:<\/span><\/p>\n<figure id=\"attachment_41510\" aria-describedby=\"caption-attachment-41510\" style=\"width: 700px\" class=\"wp-caption aligncenter\"><img decoding=\"async\" class=\"wp-image-41510 size-full\" title=\"Mesa de centro: Aprenda a decorar e deix\u00e1-la incr\u00edvel!\" src=\"https:\/\/www.aarquiteta.com.br\/blog\/wp-content\/uploads\/2022\/01\/Dicas-de-como-escolher-mesa-de-centro1.jpg\" alt=\"Mesa de centro: Aprenda a decorar e deix\u00e1-la incr\u00edvel!\" width=\"700\" height=\"400\" srcset=\"https:\/\/www.aarquiteta.com.br\/blog\/wp-content\/uploads\/2022\/01\/Dicas-de-como-escolher-mesa-de-centro1.jpg 700w, https:\/\/www.aarquiteta.com.br\/blog\/wp-content\/uploads\/2022\/01\/Dicas-de-como-escolher-mesa-de-centro1-696x398.jpg 696w, https:\/\/www.aarquiteta.com.br\/blog\/wp-content\/uploads\/2022\/01\/Dicas-de-como-escolher-mesa-de-centro1-150x86.jpg 150w\" sizes=\"(max-width: 700px) 100vw, 700px\" \/><figcaption id=\"caption-attachment-41510\" class=\"wp-caption-text\">Mesa de centro: Aprenda a decorar e deix\u00e1-la incr\u00edvel!<\/figcaption><\/figure>\n<p>Os livros s\u00e3o \u00f3timas decora\u00e7\u00f5es para mesas de centro.<\/p>\n<p>Para fazer isso, basta selecionar op\u00e7\u00f5es com uma linda capa que combinam com as demais decora\u00e7\u00f5es da sala.<\/p>\n<p>Al\u00e9m disso, existem livros falsos, apenas para decora\u00e7\u00e3o.<\/p>\n<h3>2 \u2014 Vaso de flores<\/h3>\n<figure id=\"attachment_33594\" aria-describedby=\"caption-attachment-33594\" style=\"width: 1000px\" class=\"wp-caption aligncenter\"><img decoding=\"async\" class=\"wp-image-33594 size-full\" title=\"Mesa de centro: Aprenda a decorar e deix\u00e1-la incr\u00edvel!\" src=\"https:\/\/www.aarquiteta.com.br\/blog\/wp-content\/uploads\/2020\/07\/Sof\u00e1_cinza_com_uma_mesa_de_centro_cinza.jpg\" alt=\"Mesa de centro: Aprenda a decorar e deix\u00e1-la incr\u00edvel!\" width=\"1000\" height=\"667\" srcset=\"https:\/\/www.aarquiteta.com.br\/blog\/wp-content\/uploads\/2020\/07\/Sof\u00e1_cinza_com_uma_mesa_de_centro_cinza.jpg 1000w, https:\/\/www.aarquiteta.com.br\/blog\/wp-content\/uploads\/2020\/07\/Sof\u00e1_cinza_com_uma_mesa_de_centro_cinza-696x464.jpg 696w, https:\/\/www.aarquiteta.com.br\/blog\/wp-content\/uploads\/2020\/07\/Sof\u00e1_cinza_com_uma_mesa_de_centro_cinza-150x100.jpg 150w\" sizes=\"(max-width: 1000px) 100vw, 1000px\" \/><figcaption id=\"caption-attachment-33594\" class=\"wp-caption-text\">Mesa de centro: Aprenda a decorar e deix\u00e1-la incr\u00edvel!<\/figcaption><\/figure>\n<p>A mesa de centro para decora\u00e7\u00e3o de vasos de flores tamb\u00e9m \u00e9 incr\u00edvel.<\/p>\n<p>Desta forma, voc\u00ea pode escolher entre diferentes modelos de vasos.<\/p>\n<p>Afinal, existem designs diferentes e uma variedade de cores e estilos para escolher.<\/p>\n<h3>3 \u2014 Escultura<\/h3>\n<figure id=\"attachment_28468\" aria-describedby=\"caption-attachment-28468\" style=\"width: 1024px\" class=\"wp-caption aligncenter\"><img decoding=\"async\" class=\"wp-image-28468 size-full\" title=\"Mesa de centro: Aprenda a decorar e deix\u00e1-la incr\u00edvel!\" src=\"https:\/\/www.aarquiteta.com.br\/blog\/wp-content\/uploads\/2019\/08\/mesa-r\u00fastica-blog-da-arquitetura.jpg\" alt=\"Mesa de centro: Aprenda a decorar e deix\u00e1-la incr\u00edvel!\" width=\"1024\" height=\"768\" srcset=\"https:\/\/www.aarquiteta.com.br\/blog\/wp-content\/uploads\/2019\/08\/mesa-r\u00fastica-blog-da-arquitetura.jpg 1024w, https:\/\/www.aarquiteta.com.br\/blog\/wp-content\/uploads\/2019\/08\/mesa-r\u00fastica-blog-da-arquitetura-696x522.jpg 696w, https:\/\/www.aarquiteta.com.br\/blog\/wp-content\/uploads\/2019\/08\/mesa-r\u00fastica-blog-da-arquitetura-150x113.jpg 150w\" sizes=\"(max-width: 1024px) 100vw, 1024px\" \/><figcaption id=\"caption-attachment-28468\" class=\"wp-caption-text\">Mesa de centro: Aprenda a decorar e deix\u00e1-la incr\u00edvel!<\/figcaption><\/figure>\n<p>Outra op\u00e7\u00e3o \u00e9 usar pequenas esculturas para decorar o centro.<\/p>\n<p>Se voc\u00ea \u00e9 um amante da arte, esta ideia \u00e9 definitivamente adequada para a sua casa.<\/p>\n<h3>4 \u2014 Bandeja decorativa na mesa de centro:<\/h3>\n<p><img decoding=\"async\" class=\"wp-image-37279 size-full\" title=\"Mesa de centro: Aprenda a decorar e deix\u00e1-la incr\u00edvel!\" src=\"https:\/\/www.aarquiteta.com.br\/blog\/wp-content\/uploads\/2021\/12\/mesa-de-centro-estilo-industrial.jpg\" alt=\"Mesa de centro: Aprenda a decorar e deix\u00e1-la incr\u00edvel!\" width=\"1199\" height=\"1200\" srcset=\"https:\/\/www.aarquiteta.com.br\/blog\/wp-content\/uploads\/2021\/12\/mesa-de-centro-estilo-industrial.jpg 1199w, https:\/\/www.aarquiteta.com.br\/blog\/wp-content\/uploads\/2021\/12\/mesa-de-centro-estilo-industrial-1024x1025.jpg 1024w, https:\/\/www.aarquiteta.com.br\/blog\/wp-content\/uploads\/2021\/12\/mesa-de-centro-estilo-industrial-696x697.jpg 696w, https:\/\/www.aarquiteta.com.br\/blog\/wp-content\/uploads\/2021\/12\/mesa-de-centro-estilo-industrial-96x96.jpg 96w, https:\/\/www.aarquiteta.com.br\/blog\/wp-content\/uploads\/2021\/12\/mesa-de-centro-estilo-industrial-150x150.jpg 150w\" sizes=\"(max-width: 1199px) 100vw, 1199px\" \/><\/p>\n<p>A bandeja decorativa tamb\u00e9m torna qualquer mesa de centro mais elegante.<\/p>\n<p>Al\u00e9m disso, outros itens decorativos tamb\u00e9m podem ser adicionados para formar uma decora\u00e7\u00e3o.<\/p>\n<div id='gallery-1' class='gallery galleryid-37278 gallery-columns-3 gallery-size-thumbnail'><figure class='gallery-item'>\n\t\t\t<div class='gallery-icon portrait'>\n\t\t\t\t<a href='https:\/\/www.aarquiteta.com.br\/blog\/cropped-salas-pequenas-arquiteta-3-jpg\/'><img decoding=\"async\" width=\"128\" height=\"82\" src=\"https:\/\/www.aarquiteta.com.br\/blog\/wp-content\/uploads\/2019\/05\/cropped-salas-pequenas-arquiteta-3-225x145.jpg\" class=\"attachment-thumbnail size-thumbnail\" alt=\"cropped-salas-pequenas-arquiteta-3.jpg\" title=\"\"><\/a>\n\t\t\t<\/div><\/figure><figure class='gallery-item'>\n\t\t\t<div class='gallery-icon landscape'>\n\t\t\t\t<a href='https:\/\/www.aarquiteta.com.br\/blog\/mesas-de-centro-e-laterais\/mesa-de-centro-sala\/'><img decoding=\"async\" width=\"128\" height=\"85\" src=\"https:\/\/www.aarquiteta.com.br\/blog\/wp-content\/uploads\/2022\/05\/mesa-de-centro-sala.jpg\" class=\"attachment-thumbnail size-thumbnail\" alt=\"mesa de centro sala\" srcset=\"https:\/\/www.aarquiteta.com.br\/blog\/wp-content\/uploads\/2022\/05\/mesa-de-centro-sala.jpg 2000w, https:\/\/www.aarquiteta.com.br\/blog\/wp-content\/uploads\/2022\/05\/mesa-de-centro-sala-1024x682.jpg 1024w, https:\/\/www.aarquiteta.com.br\/blog\/wp-content\/uploads\/2022\/05\/mesa-de-centro-sala-696x464.jpg 696w, https:\/\/www.aarquiteta.com.br\/blog\/wp-content\/uploads\/2022\/05\/mesa-de-centro-sala-150x100.jpg 150w\" sizes=\"(max-width: 128px) 100vw, 128px\" title=\"\"><\/a>\n\t\t\t<\/div><\/figure><figure class='gallery-item'>\n\t\t\t<div class='gallery-icon landscape'>\n\t\t\t\t<a href='https:\/\/www.aarquiteta.com.br\/blog\/?attachment_id=53958'><img decoding=\"async\" width=\"128\" height=\"85\" src=\"https:\/\/www.aarquiteta.com.br\/blog\/wp-content\/uploads\/2022\/04\/sala-de-estar-relaxante-e1651168662951.jpg\" class=\"attachment-thumbnail size-thumbnail\" alt=\"Transforme sua sala de estar em um cen\u00e1rio de revista!\" srcset=\"https:\/\/www.aarquiteta.com.br\/blog\/wp-content\/uploads\/2022\/04\/sala-de-estar-relaxante-e1651168662951.jpg 700w, https:\/\/www.aarquiteta.com.br\/blog\/wp-content\/uploads\/2022\/04\/sala-de-estar-relaxante-e1651168662951-696x464.jpg 696w, https:\/\/www.aarquiteta.com.br\/blog\/wp-content\/uploads\/2022\/04\/sala-de-estar-relaxante-e1651168662951-150x100.jpg 150w\" sizes=\"(max-width: 128px) 100vw, 128px\" title=\"\"><\/a>\n\t\t\t<\/div><\/figure><figure class='gallery-item'>\n\t\t\t<div class='gallery-icon landscape'>\n\t\t\t\t<a href='https:\/\/www.aarquiteta.com.br\/blog\/como-decorar-casa-de-aluguel\/sala-2\/'><img decoding=\"async\" width=\"128\" height=\"85\" src=\"https:\/\/www.aarquiteta.com.br\/blog\/wp-content\/uploads\/2022\/04\/sala.jpg\" class=\"attachment-thumbnail size-thumbnail\" alt=\"Transforme sua sala de estar em um cen\u00e1rio de revista!\" aria-describedby=\"gallery-1-51608\" srcset=\"https:\/\/www.aarquiteta.com.br\/blog\/wp-content\/uploads\/2022\/04\/sala.jpg 1200w, https:\/\/www.aarquiteta.com.br\/blog\/wp-content\/uploads\/2022\/04\/sala-1024x683.jpg 1024w, https:\/\/www.aarquiteta.com.br\/blog\/wp-content\/uploads\/2022\/04\/sala-696x464.jpg 696w, https:\/\/www.aarquiteta.com.br\/blog\/wp-content\/uploads\/2022\/04\/sala-150x100.jpg 150w\" sizes=\"(max-width: 128px) 100vw, 128px\" title=\"\"><\/a>\n\t\t\t<\/div>\n\t\t\t\t<figcaption class='wp-caption-text gallery-caption' id='gallery-1-51608'>\n\t\t\t\tDecora\u00e7\u00e3o para Salas Pequenas! 4 dicas para ampliar o espa\u00e7o!\n\t\t\t\t<\/figcaption><\/figure><figure class='gallery-item'>\n\t\t\t<div class='gallery-icon landscape'>\n\t\t\t\t<a href='https:\/\/www.aarquiteta.com.br\/blog\/como-decorar-sala-com-pedras-naturais-2\/'><img decoding=\"async\" width=\"128\" height=\"73\" src=\"https:\/\/www.aarquiteta.com.br\/blog\/wp-content\/uploads\/2022\/03\/como-decorar-sala-com-pedras-naturais.jpg\" class=\"attachment-thumbnail size-thumbnail\" alt=\"como decorar sala com pedras naturais\" srcset=\"https:\/\/www.aarquiteta.com.br\/blog\/wp-content\/uploads\/2022\/03\/como-decorar-sala-com-pedras-naturais.jpg 700w, https:\/\/www.aarquiteta.com.br\/blog\/wp-content\/uploads\/2022\/03\/como-decorar-sala-com-pedras-naturais-696x398.jpg 696w, https:\/\/www.aarquiteta.com.br\/blog\/wp-content\/uploads\/2022\/03\/como-decorar-sala-com-pedras-naturais-150x86.jpg 150w\" sizes=\"(max-width: 128px) 100vw, 128px\" title=\"\"><\/a>\n\t\t\t<\/div><\/figure><figure class='gallery-item'>\n\t\t\t<div class='gallery-icon landscape'>\n\t\t\t\t<a href='https:\/\/www.aarquiteta.com.br\/blog\/sala-de-estar-e-jantar-integradas-dicas-de-decoracao-e-organizacao\/dicas-de-como-fazer-uma-sala-com-dois-ambientes-2\/'><img decoding=\"async\" width=\"128\" height=\"73\" src=\"https:\/\/www.aarquiteta.com.br\/blog\/wp-content\/uploads\/2022\/03\/Dicas-de-como-fazer-uma-sala-com-dois-ambientes..jpg\" class=\"attachment-thumbnail size-thumbnail\" alt=\"Dicas de como fazer uma sala com dois ambientes.\" srcset=\"https:\/\/www.aarquiteta.com.br\/blog\/wp-content\/uploads\/2022\/03\/Dicas-de-como-fazer-uma-sala-com-dois-ambientes..jpg 700w, https:\/\/www.aarquiteta.com.br\/blog\/wp-content\/uploads\/2022\/03\/Dicas-de-como-fazer-uma-sala-com-dois-ambientes.-696x398.jpg 696w, https:\/\/www.aarquiteta.com.br\/blog\/wp-content\/uploads\/2022\/03\/Dicas-de-como-fazer-uma-sala-com-dois-ambientes.-150x86.jpg 150w\" sizes=\"(max-width: 128px) 100vw, 128px\" title=\"\"><\/a>\n\t\t\t<\/div><\/figure>\n\t\t<\/div>\n\n<h3>E a\u00ed, gosto do artigo sobre Mesa de centro &#8211; Confira 4 dicas de como decorar?<\/h3>\n<p>Ent\u00e3o deslize a tela para baixo e<a href=\"https:\/\/br.pinterest.com\/aarquitetapinterest\/_created\/\" target=\"_blank\" rel=\"noopener\"> confira mais dicas<\/a> como esta e n\u00e3o se esque\u00e7a de compartilhar com os amigos!<\/p>\n<p>Quer mais dicas sobre o mundo da Arquitetura e Decora\u00e7\u00e3o, ent\u00e3o confira alguns dos nossos artigos em:<\/p>\n<ul>\n<li><a href=\"https:\/\/www.aarquiteta.com.br\/blog\/paisagismo\/\" target=\"_blank\" rel=\"noopener\">Casa e Jardim<\/a><\/li>\n<li><a href=\"https:\/\/www.aarquiteta.com.br\/blog\/arquitetura\/mundo-arquitetura\/\" target=\"_blank\" rel=\"noopener\">Mundo Arquitetura<\/a><\/li>\n<li><a href=\"https:\/\/www.aarquiteta.com.br\/decoracao\/\" target=\"_blank\" rel=\"noopener\">Decora\u00e7\u00e3o<br \/>\n<\/a><\/li>\n<\/ul>\n","protected":false},"excerpt":{"rendered":"<p>Como decorar Mesa de Centro, confira 4 dicas de f\u00e1ceis de realizar e deixe sua sala ainda mais bonita! Se voc\u00ea tiver alguma d\u00favida sobre este t\u00f3pico, aqui est\u00e3o algumas dicas e ideias que podem ajud\u00e1-lo a resolver esse problema. As mesas de centro v\u00eam em diferentes tipos, tamanhos e cores.\u00a0\u00c9 muito importante que escolha [&hellip;]<\/p>\n","protected":false},"author":102,"featured_media":41510,"comment_status":"closed","ping_status":"closed","sticky":false,"template":"","format":"standard","meta":{"footnotes":""},"categories":[1484,18751],"tags":[18469,9988,18470,18471],"class_list":["post-37278","post","type-post","status-publish","format-standard","has-post-thumbnail","category-decoracao","category-decoracao-sala-de-estar","tag-como-decorar-mesa-de-centro","tag-mesa-de-centro","tag-mesa-de-centro-decoracao","tag-objetos-para-mesa-de-centro"],"_wp_attached_file":null,"_wp_attachment_metadata":null,"_wp_attachment_context":null,"_wp_attachment_is_custom_header":null,"geo_longitude":null,"geo_public":null,"geo_latitude":null,"_publicize_done_external":null,"_wpas_done_3897181":null,"publicize_twitter_user":null,"_wpas_done_3897175":null,"_wpas_skip_3897181":null,"_wpas_skip_3897175":null,"_wpas_skip_3924723":null,"_wpas_mess":null,"_wpas_done_3924723":null,"wps_subtitle":"Com estas dicas simples, voc\u00ea saber\u00e1 como decorar a sua sem errar.","_links":{"self":[{"href":"https:\/\/www.aarquiteta.com.br\/blog\/wp-json\/wp\/v2\/posts\/37278","targetHints":{"allow":["GET"]}}],"collection":[{"href":"https:\/\/www.aarquiteta.com.br\/blog\/wp-json\/wp\/v2\/posts"}],"about":[{"href":"https:\/\/www.aarquiteta.com.br\/blog\/wp-json\/wp\/v2\/types\/post"}],"author":[{"embeddable":true,"href":"https:\/\/www.aarquiteta.com.br\/blog\/wp-json\/wp\/v2\/users\/102"}],"replies":[{"embeddable":true,"href":"https:\/\/www.aarquiteta.com.br\/blog\/wp-json\/wp\/v2\/comments?post=37278"}],"version-history":[{"count":0,"href":"https:\/\/www.aarquiteta.com.br\/blog\/wp-json\/wp\/v2\/posts\/37278\/revisions"}],"wp:featuredmedia":[{"embeddable":true,"href":"https:\/\/www.aarquiteta.com.br\/blog\/wp-json\/wp\/v2\/media\/41510"}],"wp:attachment":[{"href":"https:\/\/www.aarquiteta.com.br\/blog\/wp-json\/wp\/v2\/media?parent=37278"}],"wp:term":[{"taxonomy":"category","embeddable":true,"href":"https:\/\/www.aarquiteta.com.br\/blog\/wp-json\/wp\/v2\/categories?post=37278"},{"taxonomy":"post_tag","embeddable":true,"href":"https:\/\/www.aarquiteta.com.br\/blog\/wp-json\/wp\/v2\/tags?post=37278"}],"curies":[{"name":"wp","href":"https:\/\/api.w.org\/{rel}","templated":true}]}}