{"id":3712,"date":"2014-11-13T08:55:59","date_gmt":"2014-11-13T11:55:59","guid":{"rendered":"http:\/\/aarquiteta.com.br\/?p=3712"},"modified":"2024-09-11T16:15:37","modified_gmt":"2024-09-11T19:15:37","slug":"me-formei-em-arquitetura-e-agora","status":"publish","type":"post","link":"https:\/\/www.aarquiteta.com.br\/blog\/me-formei-em-arquitetura-e-agora\/","title":{"rendered":"Me formei em Arquitetura, e agora? Veja o que fazer!"},"content":{"rendered":"<p style=\"text-align: justify;\"><span style=\"line-height: 1.5em;\">Uma das maiores preocupa\u00e7\u00f5es que assombram a vida dos estudantes de <a href=\"https:\/\/www.aarquiteta.com.br\/blog\/?s=ARQUITETURA\">arquitetura<\/a> assim que vai chegando o \u00faltimo semestre dos estudos \u00e9: o que \u00a0eu farei quando estiver formado em arquitetura?<\/span><\/p><h2 style=\"text-align: justify;\">Formado em arquitetura, e agora, quais os primeiros passos?<\/h2><p style=\"text-align: justify;\"><span style=\"line-height: 1.5em;\">Passamos muito tempo imergidos em pesquisas e projetos semestrais, <a href=\"https:\/\/www.aarquiteta.com.br\/blog\/carreira-de-arquitetura\/tcc-trabalho-de-conclusao-de-curso\/\">desenvolvendo variados tipos de trabalho<\/a> que acabamos n\u00e3o dando aten\u00e7\u00e3o a algumas quest\u00f5es.\u00a0<\/span><\/p><p style=\"text-align: justify;\">A vida acad\u00eamica \u00e9 um dos momentos mais gostosos da nossa vida.<\/p><p style=\"text-align: justify;\">Se voc\u00ea \u00e9 estudante voc\u00ea ainda sentir\u00e1 saudades dela!<\/p><p style=\"text-align: justify;\">Pode acreditar!<\/p><p style=\"text-align: justify;\">O clima, as amizades, os professores, esse tempo jamais volta. Na hora do aperto \u00e9 punk, eu sei, mas depois bate aquela saudade&#8230;<\/p><p style=\"text-align: justify;\">Sempre teremos probleminhas em uma mat\u00e9ria e outra ou ainda com um professor meio dif\u00edcil, que nos far\u00e1 querer largar tudo, mas depois que tudo passa sendo superado, vem a alegria, o al\u00edvio, a realiza\u00e7\u00e3o.<\/p><h3 style=\"text-align: justify;\"><a href=\"https:\/\/www.aarquiteta.com.br\/blog\/carreira-de-arquitetura\/como-escolher-melhor-faculdade-de-arquitetura\/\">Na faculdade um mundo novo se abre as nossas vistas!<\/a><\/h3><p style=\"text-align: justify;\">E haja tempo e controle da ansiedade para gente absorver tudo sem entrar em colapso emocional!<\/p><p style=\"text-align: justify;\">Que atire a primeira pedra quem nunca chorou ou passou pelo menos uma noite mal dormida porque n\u00e3o conseguiu se entender com uma mat\u00e9ria ou professor!<\/p><p style=\"text-align: justify;\">Variadas apresenta\u00e7\u00f5es, provas, aulas de <a href=\"https:\/\/www.aarquiteta.com.br\/blog\/?s=DESENHO\">desenho<\/a>, sem falar nas pesquisas de assuntos espec\u00edficos em livros em outro idioma sem termos condi\u00e7\u00f5es de traduzir uma s\u00f3 palavra, colocavam em p\u00e9 todos os fios de cabelo de nossa cabe\u00e7a.<\/p><h2>Ter conhecimento nos programas de Arquitetura:<\/h2><p style=\"text-align: justify;\">Lembro-me das aulas de <a href=\"https:\/\/www.aarquiteta.com.br\/blog\/?s=PROJETO\">projeto<\/a> no meu tempo de estudante!<\/p><p style=\"text-align: justify;\">Devo confessar que devido a minha bagagem e experi\u00eancia trazidas do curso t\u00e9cnico aliado ainda ao <a href=\"https:\/\/www.aarquiteta.com.br\/curso-autocad-completo\/\">trabalho de desenhista<\/a> que desenvolvia num escrit\u00f3rio de arquitetura antes da faculdade, faziam minha dificuldade parecer bobagem perto das defici\u00eancias e ainda alguma falta de talento que alguns colegas apresentavam.<\/p><p style=\"text-align: justify;\"><a href=\"https:\/\/www.aarquiteta.com.br\">Eu estava em vantagem, e eu sabia disso!<\/a><\/p><p style=\"text-align: justify;\">A constata\u00e7\u00e3o logo se espalhou e em pouco tempo fui cercada pelos colegas de sala de aula.<\/p><p style=\"text-align: justify;\">A minha habilidade com os materiais de desenho me denunciou. E perguntas e mais perguntas vinham a mim de todas as dire\u00e7\u00f5es.<\/p><p style=\"text-align: justify;\">Como voc\u00ea faz isso? \u2014 Como voc\u00ea fez aquilo?<\/p><p style=\"text-align: justify;\">Era praticamente imposs\u00edvel que eu conseguisse desenvolver qualquer coisa at\u00e9 o fim durante o 50 mim de aulas, com tanta gente me pedindo ajuda!<\/p><p style=\"text-align: justify;\" align=\"center\"><span style=\"line-height: 1.5em;\">N\u00e3o tinha como n\u00e3o ajudar a todos! <\/span><\/p><p style=\"text-align: justify;\" align=\"center\"><span style=\"line-height: 1.5em;\">Mas mesmo assim l\u00e1 ia eu fazer \u00e0s vezes do professor, j\u00e1 que ele pr\u00f3prio tamb\u00e9m n\u00e3o dava conta de tanta gente fazendo perguntas uma atr\u00e1s da outra. <\/span><\/p><p style=\"text-align: justify;\" align=\"center\"><span style=\"line-height: 1.5em;\">Ele n\u00e3o dava conta n\u00e3o porque n\u00e3o quisesse ou pudesse, mas era imposs\u00edvel que ele conseguisse dar aten\u00e7\u00e3o individual a tanta gente e em \u00a0um per\u00edodo t\u00e3o curto. <\/span><\/p><p style=\"text-align: justify;\" align=\"center\"><span style=\"line-height: 1.5em;\">No final, s\u00f3 me restava levar meus trabalhos para casa e terminar o exerc\u00edcio fora do local.<\/span><\/p><p style=\"text-align: justify;\">Toda essa familiaridade com o assunto era devido ao <a href=\"https:\/\/www.aarquiteta.com.br\/blog\/carreira-de-arquitetura\/tecnico-em-edificacoes-faculdade-arquitetura\/\">curso t\u00e9cnico em edifica\u00e7\u00f5es<\/a> que eu conclui, j\u00e1 h\u00e1 algum tempo.<\/p><p style=\"text-align: justify;\">Com outros colegas da sala eu me destacava da turma e torn\u00e1vamos alvo f\u00e1cil daqueles que mal sabiam pegar no l\u00e1pis e nunca ouvi falar das mal famigeradas canetas nanquim.<\/p><h3 style=\"text-align: justify;\">\u00c9, o trabalho ali era um pouco dif\u00edcil.<\/h3><p style=\"text-align: justify;\">Os colegas que podiam ou queriam ajudar, faziam como eu, ajudavam a quem pedia esclarecimento, mas infelizmente n\u00e3o eram todos que se disponibilizavam a ajudar aos colegas.<\/p><p style=\"text-align: justify;\">Por estar familiarizada n\u00e3o s\u00f3 com o mundo dos desenhos mas tamb\u00e9m em outras mat\u00e9rias, no in\u00edcio nada me parecia ser t\u00e3o dif\u00edcil assim, afinal de contas no primeiro ano n\u00e3o havia nada que eu j\u00e1 n\u00e3o tivesse tomado conhecimento anteriormente.<\/p><p style=\"text-align: justify;\">Exemplo disso era a temida mat\u00e9ria resist\u00eancia dos materiais, que deixava metade da sala catat\u00f4nica, por\u00e9m eu que n\u00e3o era um g\u00eanio dos n\u00fameros dava conta do recado e explicava para os colegas com minhas palavras aquilo que o professor de certa forma n\u00e3o conseguiu transmitir.<\/p><p><iframe src=\"https:\/\/www.youtube.com\/embed\/X6iukv-sMLE\" width=\"560\" height=\"315\" frameborder=\"0\" allowfullscreen=\"allowfullscreen\"><\/iframe><\/p><h2>O curso t\u00e9cnico de Edifica\u00e7\u00f5es<\/h2><p style=\"text-align: justify;\"><a href=\"https:\/\/www.aarquiteta.com.br\/blog\/carreira-de-arquitetura\/tecnico-em-edificacoes-faculdade-arquitetura\/\">O curso t\u00e9cnico me ajudou muito.<\/a> Devo isso ao meu pai, que muito insistiu comigo para eu prestar novamente o Vestibulinho, j\u00e1 que no primeiro teste, muito tristemente fui reprovada!<\/p><p style=\"text-align: justify;\">Foi a partir da\u00ed a minha est\u00f3ria come\u00e7ou.Esse epis\u00f3dio serviu para me mostrar que quando uma coisa \u00e9 para ser, ela ser\u00e1! Mais adiante contarei como isso se passou.<\/p><p style=\"text-align: justify;\">Mas, voltando ao assunto.<\/p><p style=\"text-align: justify;\">A faculdade muda nossa cabe\u00e7a. Muda nossa vida!<\/p><p style=\"text-align: justify;\">\u00c9 uma pena que todos n\u00e3o tenham a oportunidade de viver essa experi\u00eancia.<\/p><p style=\"text-align: justify;\">Jamais esquecerei das aulas de hist\u00f3ria da arte e da arquitetura! AMAVA!<\/p><p style=\"text-align: justify;\">Eu amo hist\u00f3ria, e como gosto de ler, devorar os <a href=\"https:\/\/www.aarquiteta.com.br\/blog\/carreira-de-arquitetura\/livros-arquitetura\/\" class=\"ilj-generated-link\">livros<\/a> para mim n\u00e3o era problema algum!<\/p><p style=\"text-align: justify;\">Diante do curr\u00edculo de tantos g\u00eanios da hist\u00f3ria da arquitetura, me sentia fr\u00e1gil e me perguntava se era isso mesmo o que eu queria para mim e como poderia transformar tudo o que aprendia em uma carreira bem sucedida?<\/p><p style=\"text-align: justify;\">Faltava algo, e n\u00e3o era vontade. Faltava era pr\u00e1tica!<\/p><p style=\"text-align: justify;\">A viv\u00eancia na profiss\u00e3o. Mas tudo tinha o seu tempo, e s\u00f3 me restava esperar.<\/p><h2>Eu j\u00e1 trabalhava na \u00e1rea de Arquitetura.<\/h2><p><iframe src=\"https:\/\/www.youtube.com\/embed\/CmcmsNxzlc8\" width=\"560\" height=\"315\" frameborder=\"0\" allowfullscreen=\"allowfullscreen\"><\/iframe><\/p><p style=\"text-align: justify;\">Paralela a tanta teoria e estudos de caso eu vivia tamb\u00e9m o lado pr\u00e1tico da profiss\u00e3o.<\/p><p style=\"text-align: justify;\">Mesmo que a dada dist\u00e2ncia eu vivia a rotina de um escrit\u00f3rio de arquitetura, pois trabalhava em <a href=\"https:\/\/www.aarquiteta.com.br\/blog\/carreira-de-arquitetura\/torne-se-o-melhor-candidato-vaga-em-escritorio-de-arquitetura\/\">um escrit\u00f3rio de arquitetura<\/a> e j\u00e1 estava ali antes mesmo de me matricular na faculdade.<\/p><p style=\"text-align: justify;\">Mais uma vez a vida havia me dando um presente e n\u00e3o tinha me dado conta dos professores que a vida me reservou e j\u00e1 estavam ali a me ensinar o que eu precisava antes mesmo da brincadeira come\u00e7ar.<\/p><p style=\"text-align: justify;\">A pr\u00e1tica n\u00e3o vem sozinha e do nada! Ela vem tamb\u00e9m muitas vezes do conv\u00edvio com professores e profissionais mais experientes.<\/p><p style=\"text-align: justify;\">Eu buscava por uma nova fase, ter contato com professores qualificados, que pudessem me ensinar li\u00e7\u00f5es das pr\u00e1ticas do dia a dia na profiss\u00e3o.<\/p><p style=\"text-align: justify;\">E isso a gente acaba encontrando nos est\u00e1gios assistidos. <a href=\"https:\/\/www.aarquiteta.com.br\/blog\/?s=ESCRITORIO\">Escrit\u00f3rios<\/a> de arquitetura ou construtoras e \u201cetc\u201d, ali tamb\u00e9m se aprende muito, e foi assim que aconteceu comigo.<\/p><p style=\"text-align: justify;\">Com o passar do tempo fui me arriscando a novos trabalhos, novos desafios, tudo sob supervis\u00e3o e generosidade de quem me ensinava.<\/p><p style=\"text-align: justify;\">Foi me delegada mais atividades, fui assumindo mais responsabilidades e gradualmente fui aprendendo.<\/p><p>Uma vez formado em arquitetura, busquei sempre me aprimorar no sentido de conhecer os programas usados na \u00e1rea de Arquitetura, pois durante meus 5 anos na faculdade, podia contar na m\u00e3o quantos alunos conheciam <a href=\"https:\/\/www.aarquiteta.com.br\/curso-autocad-completo\/\">o uso do AutoCAD<\/a> por exemplo.<\/p><p>Muito poucos!<\/p><p style=\"text-align: justify;\">Nesse e-book compartilharei com voc\u00eas a minha hist\u00f3ria e um pouco da experi\u00eancia de vida no tempo de estudante e na vida profissional.<\/p><p style=\"text-align: justify;\">Para mim a vida \u00e9 assim, uma eterna troca de experi\u00eancias em todas as \u00e1reas! Aprendo com voc\u00eas e voc\u00eas comigo.<\/p><p style=\"text-align: justify;\">Contarei como comecei, as minhas dificuldades e como trilhei esse caminho at\u00e9 aqui e que \u00e9 com certeza muito parecido com o seu, afinal, n\u00e3o somos muito diferentes.<\/p><p align=\"left\">Para acompanhar meu trabalho e ficar por dentro das dicas da A Arquiteta, bem como de novos cursos livres para arquitetura, tutoriais e e-books, voc\u00ea pode se inscrever em nosso site\u00a0assinando o informativo\u00a0no nosso blog no rodap\u00e9 do nosso site.<\/p>","protected":false},"excerpt":{"rendered":"<p>Uma das maiores preocupa\u00e7\u00f5es que assombram a vida dos estudantes de arquitetura assim que vai chegando o \u00faltimo semestre dos estudos \u00e9: o que \u00a0eu farei quando estiver formado em arquitetura?Formado em arquitetura, e agora, quais os primeiros passos?Passamos muito tempo imergidos em pesquisas e projetos semestrais, desenvolvendo variados tipos de trabalho que acabamos n\u00e3o [&hellip;]<\/p>\n","protected":false},"author":102,"featured_media":12101,"comment_status":"open","ping_status":"open","sticky":false,"template":"","format":"standard","meta":{"footnotes":""},"categories":[6],"tags":[793,794],"class_list":["post-3712","post","type-post","status-publish","format-standard","has-post-thumbnail","category-carreira-de-arquitetura","tag-me-formei-e-agora","tag-o-que-fazer-depois-da-faculdade"],"_wp_attached_file":null,"_wp_attachment_metadata":null,"_wp_attachment_context":null,"_wp_attachment_is_custom_header":null,"geo_longitude":null,"geo_public":null,"geo_latitude":null,"_publicize_done_external":null,"_wpas_done_3897181":null,"publicize_twitter_user":null,"_wpas_done_3897175":null,"_wpas_skip_3897181":null,"_wpas_skip_3897175":null,"_wpas_skip_3924723":null,"_wpas_mess":null,"_wpas_done_3924723":null,"wps_subtitle":"","_links":{"self":[{"href":"https:\/\/www.aarquiteta.com.br\/blog\/wp-json\/wp\/v2\/posts\/3712","targetHints":{"allow":["GET"]}}],"collection":[{"href":"https:\/\/www.aarquiteta.com.br\/blog\/wp-json\/wp\/v2\/posts"}],"about":[{"href":"https:\/\/www.aarquiteta.com.br\/blog\/wp-json\/wp\/v2\/types\/post"}],"author":[{"embeddable":true,"href":"https:\/\/www.aarquiteta.com.br\/blog\/wp-json\/wp\/v2\/users\/102"}],"replies":[{"embeddable":true,"href":"https:\/\/www.aarquiteta.com.br\/blog\/wp-json\/wp\/v2\/comments?post=3712"}],"version-history":[{"count":0,"href":"https:\/\/www.aarquiteta.com.br\/blog\/wp-json\/wp\/v2\/posts\/3712\/revisions"}],"wp:featuredmedia":[{"embeddable":true,"href":"https:\/\/www.aarquiteta.com.br\/blog\/wp-json\/wp\/v2\/media\/12101"}],"wp:attachment":[{"href":"https:\/\/www.aarquiteta.com.br\/blog\/wp-json\/wp\/v2\/media?parent=3712"}],"wp:term":[{"taxonomy":"category","embeddable":true,"href":"https:\/\/www.aarquiteta.com.br\/blog\/wp-json\/wp\/v2\/categories?post=3712"},{"taxonomy":"post_tag","embeddable":true,"href":"https:\/\/www.aarquiteta.com.br\/blog\/wp-json\/wp\/v2\/tags?post=3712"}],"curies":[{"name":"wp","href":"https:\/\/api.w.org\/{rel}","templated":true}]}}