{"id":3703,"date":"2021-11-23T19:11:55","date_gmt":"2021-11-23T22:11:55","guid":{"rendered":"http:\/\/aarquiteta.com.br\/?p=3703"},"modified":"2024-09-15T08:33:59","modified_gmt":"2024-09-15T11:33:59","slug":"arquiteto-e-urbanista","status":"publish","type":"post","link":"https:\/\/www.aarquiteta.com.br\/blog\/arquiteto-e-urbanista\/","title":{"rendered":"Arquiteto e Urbanista: O que voc\u00ea precisa gostar de fazer para se tornar um?"},"content":{"rendered":"<p>Deseja se tornar um <a href=\"https:\/\/www.aarquiteta.com.br\/blog\/?s=ARQUITETO\">Arquiteto<\/a> e Urbanista?<\/p><p>Este \u00e9 um artigo onde voc\u00ea descobrir\u00e1 a import\u00e2ncia de precisar gostar de viajar para a cursar <a href=\"https:\/\/www.aarquiteta.com.br\/blog\/?s=ARQUITETURA\">Arquitetura<\/a> um guia sobre Livros e viagens.<\/p><h2 style=\"text-align: justify;\">Arquiteto e Urbanista precisa ler e viajar ao cursar Arquitetura?<\/h2><p style=\"text-align: justify;\">Sempre me perguntam se para cursar faculdade de Arquitetura \u00e9 necess\u00e1ria muita leitura, se o aluno tem que gostar de ler, se vai exigido muitos livros.<\/p><p style=\"text-align: justify;\">O que posso dizer pra voc\u00eas do que foi a minha experi\u00eancia \u00e9 que:<\/p><p style=\"text-align: justify;\">Os primeiros anos da faculdade ser\u00e1 um per\u00edodo que voc\u00ea mais estar\u00e1 em contato com todas as teorias: Aulas de Hist\u00f3ria do Brasil, Aulas de Hist\u00f3ria Contempor\u00e2nea, Hist\u00f3ria da Arte, Hist\u00f3ria de Arquitetura.<\/p><p style=\"text-align: justify;\">Eu gostava tanto que me lembro at\u00e9 hoje, dos livros que li sobre o assunto, recomendo que se voc\u00ea gosta de ler busque pelos:<\/p><h2>Livros indicados para arquiteto e urbanista:<\/h2><p style=\"text-align: justify;\"><b>Uma Breve Hist\u00f3ria do Mundo<\/b>&#8211; Geoffrey Blainey. Um balan\u00e7o da fant\u00e1stica saga da humanidade, magistralmente compilada desde seus prim\u00f3rdios at\u00e9 os fren\u00e9ticos dias em que vivemos.<\/p><p style=\"text-align: justify;\" align=\"center\">\u00a0<a href=\"https:\/\/www.aarquiteta.com.br\/blog\/wp-content\/uploads\/2014\/08\/breve-historia-do-mundo-Geoffrey-Blainey.jpg\"><img decoding=\"async\" class=\"aligncenter wp-image-3706\" title=\"breve historia do mundo Geoffrey Blainey\" src=\"https:\/\/www.aarquiteta.com.br\/blog\/wp-content\/uploads\/2014\/08\/breve-historia-do-mundo-Geoffrey-Blainey.jpg\" alt=\"Arquiteto e Urbanista\" width=\"427\" height=\"600\" srcset=\"https:\/\/www.aarquiteta.com.br\/blog\/wp-content\/uploads\/2014\/08\/breve-historia-do-mundo-Geoffrey-Blainey.jpg 200w, https:\/\/www.aarquiteta.com.br\/blog\/wp-content\/uploads\/2014\/08\/breve-historia-do-mundo-Geoffrey-Blainey-150x211.jpg 150w\" sizes=\"(max-width: 427px) 100vw, 427px\" \/><\/a><\/p><p style=\"text-align: justify;\">Um outro livro muito gostoso \u00e9 o Arte Comentada \u2013 Carol Strickland.<\/p><p style=\"text-align: justify;\"><a href=\"https:\/\/www.aarquiteta.com.br\/blog\/wp-content\/uploads\/2014\/08\/arte-comentada.jpg\"><img decoding=\"async\" class=\"aligncenter wp-image-3705\" src=\"https:\/\/www.aarquiteta.com.br\/blog\/wp-content\/uploads\/2014\/08\/arte-comentada.jpg\" alt=\"arte comentada\" width=\"430\" height=\"600\" title=\"\" srcset=\"https:\/\/www.aarquiteta.com.br\/blog\/wp-content\/uploads\/2014\/08\/arte-comentada.jpg 190w, https:\/\/www.aarquiteta.com.br\/blog\/wp-content\/uploads\/2014\/08\/arte-comentada-150x209.jpg 150w\" sizes=\"(max-width: 430px) 100vw, 430px\" \/><\/a><\/p><p style=\"text-align: justify;\">25 mil anos de hist\u00f3ria da arte condensados em 208 p\u00e1ginas, incorporando mais de trezentas ilustra\u00e7\u00f5es, de forma a oferecer o conhecimento necess\u00e1rio, as informa\u00e7\u00f5es b\u00e1sicas, numa linguagem simples.<\/p><p>&nbsp;<\/p><p style=\"text-align: justify;\">\u00c9 pontuado por observa\u00e7\u00f5es, sum\u00e1rios e quadros comparativos para ajudar o leitor a absorver e reter pontos importantes.<\/p><p style=\"text-align: justify;\">A <a href=\"https:\/\/www.aarquiteta.com.br\/blog\/cursos-de-arquitetura-e-decoracao\/curso-de-gerenciamento-de-obras\">obra<\/a> \u00e9, enfim, uma compila\u00e7\u00e3o breve, em terminologia clara, da pintura nas cavernas \u00e0 arte conceitual.<\/p><p style=\"text-align: justify;\" align=\"center\">\u00a0Outro livro muito bom \u00e9 o <b>Arquitetura Comentada<\/b>, da mesma autora do best-seller &#8216;Arte Comentada, Carol Skickland.<\/p><p style=\"text-align: justify;\" align=\"center\"><a href=\"https:\/\/www.aarquiteta.com.br\/blog\/wp-content\/uploads\/2014\/08\/arquitetura-comentada.jpg\"><img decoding=\"async\" class=\"aligncenter wp-image-3704\" src=\"https:\/\/www.aarquiteta.com.br\/blog\/wp-content\/uploads\/2014\/08\/arquitetura-comentada.jpg\" alt=\"arquitetura comentada\" width=\"487\" height=\"600\" title=\"\"><\/a><\/p><p style=\"text-align: justify;\">Este livro percorre toda a hist\u00f3ria da Arquitetura, passando pelas suas origens e analisando os grandes monumentos e constru\u00e7\u00f5es do mundo.<\/p><p style=\"text-align: justify;\">Apresenta linguagem simples, o m\u00ednimo de jarg\u00e3o t\u00e9cnico e riqueza de detalhes, fazendo com que o leitor entre em contato com os estilos arquitet\u00f4nicos de cada \u00e9poca, absorvendo conhecimentos b\u00e1sicos para um melhor entendimento desta arte milenar, que for\u00e7a o espectador a reavaliar no\u00e7\u00f5es preconcebidas.<\/p><p style=\"text-align: justify;\">O universo da arquitetura \u00e9 explicado em cinco cap\u00edtulos &#8211; Mundo antigo &#8211; os blocos de constru\u00e7\u00e3o; A idade m\u00e9dia &#8211; igreja e estado; Renascimento e Barroco &#8211; todos os caminhos v\u00eam de Roma; Os s\u00e9culos XVIII e XIX &#8211; uma paix\u00e3o pelo passado e O s\u00e9culo XX &#8211; da esperan\u00e7a \u00e0 ironia.<\/p><p style=\"text-align: justify;\">Esses foram os que mais marcaram mas foram muitos os livros que os professorem pediam para ler! Mas h\u00e1 muitos outros sobre Bras\u00edlia, Oscar Niemeyer, Lucio Costa, sem falar dos ilustres arquitetos internacionais.<\/p><h2 style=\"text-align: justify;\">Arquiteto e Urbanista como todo bom profissional precisa ler:<\/h2><p style=\"text-align: justify;\">Na cria\u00e7\u00e3o de seus projetos ser\u00e1 necess\u00e1ria muita leitura e pesquisa a fim de que voc\u00ea forme o seu pr\u00f3prio repert\u00f3rio arquitet\u00f4nico, isso se adquiri ao longo da vida na totalidade e n\u00e3o s\u00f3 ao cursar Arquitetura.<\/p><p style=\"text-align: justify;\">Outro livro para quem deseja ingressar na \u00e1rea de arquitetura de interiores \u00e9 o Projetando Espa\u00e7os da autora Mirian Gurgel &#8211; <a href=\"https:\/\/www.aarquiteta.com.br\/blog\/cursos-de-arquitetura-e-decoracao\/curso-de-design-de-interiores\/\">Design de Interiores<\/a>.<\/p><p style=\"text-align: justify;\">O manual b\u00e1sico para profissionais e estudantes da \u00e1rea de design de interiores.<\/p><p style=\"text-align: justify;\">Ele mostra como projetar e apresentar solu\u00e7\u00f5es diferenciadas a v\u00e1rios ambientes.<\/p><p style=\"text-align: justify;\">Este \u00e9 um livro muito bom para quem deseja cursar Arquitetura, pois ele presenta de forma objetiva os conceitos e princ\u00edpios b\u00e1sicos dessa \u00e1rea, e alia a exposi\u00e7\u00e3o de informa\u00e7\u00f5es t\u00e9cnicas e te\u00f3ricas a aberturas criativas, que imprimem organicidade e consist\u00eancia art\u00edstica ao planejamento.<\/p><p style=\"text-align: justify;\">Outra coisa que Arquiteto deve gostar de fazer, ao decidir\u00a0 cursar Arquitetura\u00a0\u00e9 viajar, quanto mais viaja mais conhece as diferentes arquiteturas e sua estrutura.<\/p><p style=\"text-align: center;\"><a href=\"https:\/\/www.aarquiteta.com.br\/blog\/wp-content\/uploads\/2014\/08\/roma.jpg\"><img decoding=\"async\" class=\"aligncenter wp-image-3707\" src=\"https:\/\/www.aarquiteta.com.br\/blog\/wp-content\/uploads\/2014\/08\/roma-224x300.jpg\" alt=\"Arquiteto e Urbanista: O que voc\u00ea precisa gostar de fazer para se tornar um?\" width=\"448\" height=\"600\" title=\"\"><\/a><\/p><p style=\"text-align: justify;\" align=\"center\">Infelizmente n\u00e3o viajei o quanto deveria ou gostaria. Se voc\u00ea tem oportunidade de faz\u00ea-lo, fa\u00e7a-o pois vai lhe agregar repert\u00f3rio, mas caso n\u00e3o tenha, mergulhe nos livros!<\/p><h2>N\u00e3o d\u00e1 para entender o presente sem conhecer o passado!<\/h2><p>Leia! Interesse-se por hist\u00f3ria.<\/p><p style=\"text-align: justify;\">Ao visitar novas cidades n\u00e3o o fa\u00e7a como a maioria das pessoas o fazem, olhe com olhos de arquiteto, n\u00e3o busque os shoppings e feiras, procure pelos museus e grandes centros nos lugares onde est\u00e3o as principais constru\u00e7\u00f5es.<\/p><p>Quando voc\u00ea viaja para ver com seus pr\u00f3prios olhos o que voc\u00ea conheceu nos livros isso te causar\u00e1 uma certa emo\u00e7\u00e3o, pois ao ver ali ao vivo e a <a href=\"https:\/\/www.aarquiteta.com.br\/blog\/?s=CORES\">cores<\/a> o que voe s\u00f3 viu em fotos vai te dar a sensa\u00e7\u00e3o que voc\u00ea acabou de sair de dentro do livro, um efeito Alice no Pa\u00eds das Maravilhas.<\/p><p>\u00c9 muito gostoso! Por tanto viagem!<\/p><p>Continuem me acompanhe no blog pois sempre temos muita informa\u00e7\u00e3o curso de arquitetura online gratuito e\u00a0 para voc\u00ea que quer manter informado no mundo da Arquitetura.<\/p><p align=\"left\">Para acompanhar meu trabalho e ficar por dentro das dicas da A Arquiteta, bem como de novos cursos livres para arquitetura, tutoriais e e-books, voc\u00ea pode se inscrever em nosso site\u00a0assinando o informativo\u00a0no nosso blog no rodap\u00e9 do nosso site.<\/p><p align=\"left\">Voc\u00ea receber\u00e1 material com dicas exclusivas e gratuitas de cursos para arquitetura a dist\u00e2ncia com exclusividade em seu e-mail, seremos seu guia do estudante!<\/p><p align=\"left\">Confira no v\u00eddeo a seguir mais informa\u00e7\u00f5es sobre a vida acad\u00eamica de arquitetura:<\/p><p><iframe src=\"https:\/\/www.youtube.com\/embed\/DyOpHhCaJtc\" width=\"560\" height=\"315\" frameborder=\"0\" allowfullscreen=\"allowfullscreen\"><\/iframe><\/p><p>&nbsp;<\/p><h2>Mimos da A Arquiteta para voc\u00ea!<\/h2><p><a href=\"https:\/\/www.aarquiteta.com.br\/blog\/wp-content\/uploads\/2021\/10\/luciana-paixao.jpg\"><img decoding=\"async\" class=\"alignnone size-full wp-image-35413\" src=\"https:\/\/www.aarquiteta.com.br\/blog\/wp-content\/uploads\/2021\/10\/luciana-paixao.jpg\" alt=\"\" width=\"800\" height=\"600\" title=\"\" srcset=\"https:\/\/www.aarquiteta.com.br\/blog\/wp-content\/uploads\/2021\/10\/luciana-paixao.jpg 800w, https:\/\/www.aarquiteta.com.br\/blog\/wp-content\/uploads\/2021\/10\/luciana-paixao-696x522.jpg 696w, https:\/\/www.aarquiteta.com.br\/blog\/wp-content\/uploads\/2021\/10\/luciana-paixao-150x113.jpg 150w\" sizes=\"(max-width: 800px) 100vw, 800px\" \/><\/a><\/p><p>Em meu portal de treinamento on-line separei para voc\u00ea v\u00e1rios dos meus cursos gratuitos para quem quer aprender a decorar ou at\u00e9 usar programas para criar seus projetos, seja de interiores, de edifica\u00e7\u00f5es, e-books e muito mais.<\/p><p><strong>Basta clicar neste link e come\u00e7ar a estudar.<\/strong><\/p><p>Al\u00e9m disso, eu gostaria de conhecer mais sobre voc\u00ea.<\/p><p>Voc\u00ea \u00e9 um entusiasta decorador, ou at\u00e9 um profissional de Arquitetura?\u00a0<strong><a href=\"https:\/\/docs.google.com\/forms\/d\/1lpOg395M8SQGbxSYFd7WAxaNESKlSw_9lHXl683tTrc\/\" target=\"_blank\" rel=\"noopener\">Clique aqui, responda estas poucas perguntas e ganhe um presente meu que adorar\u00e1\u00a0 muito!<\/a><\/strong><\/p><p>Espero que o post tenha lhe ajudado!<\/p><p>Ah! N\u00e3o esque\u00e7a de pegar seu conte\u00fado gratuito.<\/p><p>At\u00e9!<\/p>","protected":false},"excerpt":{"rendered":"<p>Deseja se tornar um Arquiteto e Urbanista?Este \u00e9 um artigo onde voc\u00ea descobrir\u00e1 a import\u00e2ncia de precisar gostar de viajar para a cursar Arquitetura um guia sobre Livros e viagens.Arquiteto e Urbanista precisa ler e viajar ao cursar Arquitetura?Sempre me perguntam se para cursar faculdade de Arquitetura \u00e9 necess\u00e1ria muita leitura, se o aluno tem [&hellip;]<\/p>\n","protected":false},"author":102,"featured_media":3708,"comment_status":"closed","ping_status":"closed","sticky":false,"template":"","format":"standard","meta":{"footnotes":""},"categories":[10005],"tags":[790,791],"class_list":["post-3703","post","type-post","status-publish","format-standard","has-post-thumbnail","category-casa-e-jardim","tag-livros-de-arquitetura","tag-viagens"],"_wp_attached_file":null,"_wp_attachment_metadata":null,"_wp_attachment_context":null,"_wp_attachment_is_custom_header":null,"geo_longitude":null,"geo_public":null,"geo_latitude":null,"_publicize_done_external":null,"_wpas_done_3897181":null,"publicize_twitter_user":null,"_wpas_done_3897175":null,"_wpas_skip_3897181":null,"_wpas_skip_3897175":null,"_wpas_skip_3924723":null,"_wpas_mess":null,"_wpas_done_3924723":null,"wps_subtitle":"Arquiteto ou Arquiteto Urbanista? Conhe\u00e7a mais sobre o que estas profiss\u00f5es tem em comum!","_links":{"self":[{"href":"https:\/\/www.aarquiteta.com.br\/blog\/wp-json\/wp\/v2\/posts\/3703","targetHints":{"allow":["GET"]}}],"collection":[{"href":"https:\/\/www.aarquiteta.com.br\/blog\/wp-json\/wp\/v2\/posts"}],"about":[{"href":"https:\/\/www.aarquiteta.com.br\/blog\/wp-json\/wp\/v2\/types\/post"}],"author":[{"embeddable":true,"href":"https:\/\/www.aarquiteta.com.br\/blog\/wp-json\/wp\/v2\/users\/102"}],"replies":[{"embeddable":true,"href":"https:\/\/www.aarquiteta.com.br\/blog\/wp-json\/wp\/v2\/comments?post=3703"}],"version-history":[{"count":0,"href":"https:\/\/www.aarquiteta.com.br\/blog\/wp-json\/wp\/v2\/posts\/3703\/revisions"}],"wp:featuredmedia":[{"embeddable":true,"href":"https:\/\/www.aarquiteta.com.br\/blog\/wp-json\/wp\/v2\/media\/3708"}],"wp:attachment":[{"href":"https:\/\/www.aarquiteta.com.br\/blog\/wp-json\/wp\/v2\/media?parent=3703"}],"wp:term":[{"taxonomy":"category","embeddable":true,"href":"https:\/\/www.aarquiteta.com.br\/blog\/wp-json\/wp\/v2\/categories?post=3703"},{"taxonomy":"post_tag","embeddable":true,"href":"https:\/\/www.aarquiteta.com.br\/blog\/wp-json\/wp\/v2\/tags?post=3703"}],"curies":[{"name":"wp","href":"https:\/\/api.w.org\/{rel}","templated":true}]}}