{"id":36999,"date":"2021-12-05T10:00:02","date_gmt":"2021-12-05T13:00:02","guid":{"rendered":"http:\/\/aarquiteta.com.br\/?p=36999"},"modified":"2024-09-13T17:20:09","modified_gmt":"2024-09-13T20:20:09","slug":"decoracao-de-casas-pequenas","status":"publish","type":"post","link":"https:\/\/www.aarquiteta.com.br\/blog\/decoracao-de-casas-pequenas\/","title":{"rendered":"Casas Pequenas &#8211; 7 Dicas \u00fateis de decora\u00e7\u00e3o com a planta!"},"content":{"rendered":"<p><img decoding=\"async\" class=\"aligncenter size-full wp-image-41832\" src=\"https:\/\/www.aarquiteta.com.br\/blog\/wp-content\/uploads\/2022\/01\/dicas-infaliveis-para-aumentar-espaco-na-sua-sala-de-estar.jpg\" alt=\"\" width=\"700\" height=\"400\" title=\"\" srcset=\"https:\/\/www.aarquiteta.com.br\/blog\/wp-content\/uploads\/2022\/01\/dicas-infaliveis-para-aumentar-espaco-na-sua-sala-de-estar.jpg 700w, https:\/\/www.aarquiteta.com.br\/blog\/wp-content\/uploads\/2022\/01\/dicas-infaliveis-para-aumentar-espaco-na-sua-sala-de-estar-696x398.jpg 696w, https:\/\/www.aarquiteta.com.br\/blog\/wp-content\/uploads\/2022\/01\/dicas-infaliveis-para-aumentar-espaco-na-sua-sala-de-estar-150x86.jpg 150w\" sizes=\"(max-width: 700px) 100vw, 700px\" \/><\/p><p>Decora\u00e7\u00e3o de Casas Pequenas \u2014 Confira 7 Dicas \u00fateis com o desenho da <a href=\"https:\/\/www.aarquiteta.com.br\/blog\/?s=PLANTA+BAIXA\">planta baixa<\/a>!<\/p><p>Afinal, <a href=\"https:\/\/www.aarquiteta.com.br\/blog\/cursos-de-arquitetura-e-decoracao\/curso-de-decoracao-de-interiores\/\">como decorar<\/a> uma casa pequena?<\/p><p>Se voc\u00ea deseja conferir as dicas de como decorar uma casa pequena, confira neste artigo as dicas que separamos para voc\u00ea:<\/p><h2>Decora\u00e7\u00e3o de Casas Pequenas \u2014 Confira 7 Dicas \u00fateis com a planta!<\/h2><p>Decorar um ambiente com pouco espa\u00e7o sempre \u00e9 um desafio.<\/p><p>Felizmente, existem solu\u00e7\u00f5es simples que possamos adotar para otimizar esse espa\u00e7o e deixa-lo mais aconchegante!<\/p><p>Alguns erros s\u00e3o muito comuns e pensando nisso, separamos algumas dicas simples, mas que podem te ajudar a aproveitar cada cent\u00edmetro da sua casa.<\/p><h3><a href=\"https:\/\/www.aarquiteta.com.br\/curso-de-arquitetura\/\" target=\"_blank\" rel=\"noopener\">Como Decorar uma Casa Pequena?<\/a><\/h3><p>Ao decorar um ambiente pequeno, alguns cuidados devem ser tomados.<\/p><p>Cuidados este que certamente far\u00e3o toda a diferen\u00e7a no resultado da decora\u00e7\u00e3o.<\/p><figure id=\"attachment_37000\" aria-describedby=\"caption-attachment-37000\" style=\"width: 1200px\" class=\"wp-caption aligncenter\"><a href=\"https:\/\/www.aarquiteta.com.br\/blog\/wp-content\/uploads\/2021\/11\/casa-pequena.jpg\"><img decoding=\"async\" class=\"wp-image-37000\" src=\"https:\/\/www.aarquiteta.com.br\/blog\/wp-content\/uploads\/2021\/11\/casa-pequena.jpg\" alt=\"Decora\u00e7\u00e3o de Casas Pequenas - Confira 7 Dicas \u00fateis com a planta!\" width=\"1200\" height=\"1113\" title=\"\" srcset=\"https:\/\/www.aarquiteta.com.br\/blog\/wp-content\/uploads\/2021\/11\/casa-pequena.jpg 772w, https:\/\/www.aarquiteta.com.br\/blog\/wp-content\/uploads\/2021\/11\/casa-pequena-696x646.jpg 696w, https:\/\/www.aarquiteta.com.br\/blog\/wp-content\/uploads\/2021\/11\/casa-pequena-150x139.jpg 150w\" sizes=\"(max-width: 1200px) 100vw, 1200px\" \/><\/a><figcaption id=\"caption-attachment-37000\" class=\"wp-caption-text\">Decora\u00e7\u00e3o de Casas Pequenas &#8211; Confira 7 Dicas \u00fateis com a planta!<\/figcaption><\/figure><h2>Decora\u00e7\u00e3o de Casas Pequenas &#8211; Aprenda a economizar espa\u00e7o!<\/h2><h3>1. Fuja dos m\u00f3veis grandes!<\/h3><p>\u00c9 tentador entrar nas lojas de m\u00f3veis e ver aqueles sof\u00e1s para Home Theather que aparentam ser ultra confort\u00e1veis e n\u00e3o poder compr\u00e1-los.<\/p><p>No entanto, m\u00f3veis muito grandes <strong>ocupam muito espa\u00e7o<\/strong> e na maioria das vezes atrapalham a circula\u00e7\u00e3o.<\/p><p>Sem contar que visualmente sof\u00e1s gigantes <strong>\u201cencolhem\u201d<\/strong> o tamanho do ambiente.<\/p><figure id=\"attachment_42867\" aria-describedby=\"caption-attachment-42867\" style=\"width: 700px\" class=\"wp-caption aligncenter\"><img decoding=\"async\" class=\"size-full wp-image-42867\" src=\"https:\/\/www.aarquiteta.com.br\/blog\/wp-content\/uploads\/2022\/02\/Decoracao-Minimalista-Aplique-o-minimalismo-quente-no-seu-projeto.jpg\" alt=\"Decora\u00e7\u00e3o Minimalista - Aplique o minimalismo quente no seu projeto!\" width=\"700\" height=\"400\" title=\"\" srcset=\"https:\/\/www.aarquiteta.com.br\/blog\/wp-content\/uploads\/2022\/02\/Decoracao-Minimalista-Aplique-o-minimalismo-quente-no-seu-projeto.jpg 700w, https:\/\/www.aarquiteta.com.br\/blog\/wp-content\/uploads\/2022\/02\/Decoracao-Minimalista-Aplique-o-minimalismo-quente-no-seu-projeto-696x398.jpg 696w, https:\/\/www.aarquiteta.com.br\/blog\/wp-content\/uploads\/2022\/02\/Decoracao-Minimalista-Aplique-o-minimalismo-quente-no-seu-projeto-150x86.jpg 150w\" sizes=\"(max-width: 700px) 100vw, 700px\" \/><figcaption id=\"caption-attachment-42867\" class=\"wp-caption-text\">Decora\u00e7\u00e3o Minimalista &#8211; Aplique o minimalismo quente no seu <a href=\"https:\/\/www.aarquiteta.com.br\/blog\/?s=PROJETO\">projeto<\/a>!<\/figcaption><\/figure><p>D\u00ea prefer\u00eancia por <strong>sof\u00e1s mais compactos<\/strong> com encontos mais baixos e bra\u00e7os menos volumosos.<\/p><p>O mesmo vale par as <strong>estantes.<\/strong> Procure investir em modelos <strong>mais leves com estrutura mais fina<\/strong>, desse modo o ambiente ganhar\u00e1 leveza.<\/p><p><img decoding=\"async\" class=\"aligncenter size-full wp-image-42875\" src=\"https:\/\/www.aarquiteta.com.br\/blog\/wp-content\/uploads\/2022\/02\/decoracao-para-apartamentos-compartilhados.jpg\" alt=\"decora\u00e7\u00e3o para apartamentos compartilhados\" width=\"768\" height=\"512\" title=\"\" srcset=\"https:\/\/www.aarquiteta.com.br\/blog\/wp-content\/uploads\/2022\/02\/decoracao-para-apartamentos-compartilhados.jpg 768w, https:\/\/www.aarquiteta.com.br\/blog\/wp-content\/uploads\/2022\/02\/decoracao-para-apartamentos-compartilhados-696x464.jpg 696w, https:\/\/www.aarquiteta.com.br\/blog\/wp-content\/uploads\/2022\/02\/decoracao-para-apartamentos-compartilhados-150x100.jpg 150w\" sizes=\"(max-width: 768px) 100vw, 768px\" \/><\/p><p>Voc\u00ea pode tamb\u00e9m optar por racks para apoiar somente a TV ou simplesmente um painel para fixar a TV na <a href=\"https:\/\/www.aarquiteta.com.br\/blog\/?s=PAREDE\">parede<\/a> e utilizar alguns pequenos gaveteiros para apoio.<\/p><h3>2.\u00a0 Adote o conceito aberto:<\/h3><p>Entende-se como conceito aberto a integra\u00e7\u00e3o de ambientes como Sala de Estar e TV, <a href=\"https:\/\/www.aarquiteta.com.br\/blog\/decoracao\/ambientes-na-decoracao\/decoracao-de-cozinha\/\">cozinha<\/a> e banheiro.<\/p><p>Tudo em um campo aberto sem paredes divis\u00f3rias, isso causar\u00e1 um efeito visual que dar\u00e1 a sensa\u00e7\u00e3o que seu ambiente cresceu!<\/p><figure id=\"attachment_37001\" aria-describedby=\"caption-attachment-37001\" style=\"width: 1200px\" class=\"wp-caption aligncenter\"><a href=\"https:\/\/www.aarquiteta.com.br\/blog\/wp-content\/uploads\/2021\/11\/casa-pequena2.jpg\"><img decoding=\"async\" class=\"wp-image-37001\" src=\"https:\/\/www.aarquiteta.com.br\/blog\/wp-content\/uploads\/2021\/11\/casa-pequena2.jpg\" alt=\"Decora\u00e7\u00e3o de Casas Pequenas - Confira 7 Dicas \u00fateis com a planta!\" width=\"1200\" height=\"1076\" title=\"\" srcset=\"https:\/\/www.aarquiteta.com.br\/blog\/wp-content\/uploads\/2021\/11\/casa-pequena2.jpg 901w, https:\/\/www.aarquiteta.com.br\/blog\/wp-content\/uploads\/2021\/11\/casa-pequena2-696x624.jpg 696w, https:\/\/www.aarquiteta.com.br\/blog\/wp-content\/uploads\/2021\/11\/casa-pequena2-150x135.jpg 150w\" sizes=\"(max-width: 1200px) 100vw, 1200px\" \/><\/a><figcaption id=\"caption-attachment-37001\" class=\"wp-caption-text\">Decora\u00e7\u00e3o de Casas Pequenas &#8211; Confira 7 Dicas \u00fateis com a planta!<\/figcaption><\/figure><h3>3. Crie divis\u00f5es de espa\u00e7o utilizando m\u00f3veis baixos:<\/h3><p>Ainda no conceito aberto, escolha m\u00f3veis baixos para criar divis\u00f5es de ambientes como os aparadores, por exemplo.<\/p><p><img decoding=\"async\" class=\"aligncenter size-full wp-image-42396\" src=\"https:\/\/www.aarquiteta.com.br\/blog\/wp-content\/uploads\/2022\/02\/Dicas-de-decoracao-de-aparador-buffet2.jpg\" alt=\"Decora\u00e7\u00e3o de aparador buffet sala moderna\" width=\"700\" height=\"400\" title=\"\" srcset=\"https:\/\/www.aarquiteta.com.br\/blog\/wp-content\/uploads\/2022\/02\/Dicas-de-decoracao-de-aparador-buffet2.jpg 700w, https:\/\/www.aarquiteta.com.br\/blog\/wp-content\/uploads\/2022\/02\/Dicas-de-decoracao-de-aparador-buffet2-696x398.jpg 696w, https:\/\/www.aarquiteta.com.br\/blog\/wp-content\/uploads\/2022\/02\/Dicas-de-decoracao-de-aparador-buffet2-150x86.jpg 150w\" sizes=\"(max-width: 700px) 100vw, 700px\" \/><\/p><p>Imagine uma linha de 1 metro acima do piso e n\u00e3o coloque nenhum m\u00f3vel acima dessa linha imaginaria divis\u00f3ria e o ambiente ganhar\u00e1 amplitude.<\/p><h3>Est\u00e1 gostando das dicas sobre <a href=\"https:\/\/www.aarquiteta.com.br\/curso-de-arquitetura\/\" target=\"_blank\" rel=\"noopener\">Decora\u00e7\u00e3o de Casas Pequenas?<\/a><\/h3><p>Ent\u00e3o siga as pr\u00f3ximas dicas!<\/p><h3>4. Cuidado com a mesa de jantar:<\/h3><p>Quando pensamos em como decorar uma casa pequena, a mesa de jantar n\u00e3o pode ser incompat\u00edvel com o ambiente.<\/p><p>Um ambiente integrado pede mesa e especialmente cadeiras com menos volumes nos estofados assim como os sof\u00e1s.<\/p><figure id=\"attachment_37005\" aria-describedby=\"caption-attachment-37005\" style=\"width: 1200px\" class=\"wp-caption aligncenter\"><a href=\"https:\/\/www.aarquiteta.com.br\/blog\/wp-content\/uploads\/2021\/11\/casa-pequena-conceito-aberto.webp\"><img decoding=\"async\" class=\"wp-image-37005 size-full\" src=\"https:\/\/www.aarquiteta.com.br\/blog\/wp-content\/uploads\/2021\/11\/casa-pequena-conceito-aberto.webp\" alt=\"Decora\u00e7\u00e3o de Casas Pequenas - Confira 7 Dicas \u00fateis com a planta!\" width=\"1200\" height=\"926\" title=\"\" srcset=\"https:\/\/www.aarquiteta.com.br\/blog\/wp-content\/uploads\/2021\/11\/casa-pequena-conceito-aberto.webp 1200w, https:\/\/www.aarquiteta.com.br\/blog\/wp-content\/uploads\/2021\/11\/casa-pequena-conceito-aberto-1024x790.webp 1024w, https:\/\/www.aarquiteta.com.br\/blog\/wp-content\/uploads\/2021\/11\/casa-pequena-conceito-aberto-696x537.webp 696w, https:\/\/www.aarquiteta.com.br\/blog\/wp-content\/uploads\/2021\/11\/casa-pequena-conceito-aberto-150x116.webp 150w\" sizes=\"(max-width: 1200px) 100vw, 1200px\" \/><\/a><figcaption id=\"caption-attachment-37005\" class=\"wp-caption-text\">Decora\u00e7\u00e3o de Casas Pequenas &#8211; Confira 7 Dicas \u00fateis com a planta!<\/figcaption><\/figure><h3>5. Ilumina\u00e7\u00e3o:<\/h3><p>Uma ilumina\u00e7\u00e3o bem pensada \u00e9 respons\u00e1vel pelo clima do ambiente.<\/p><p>Se puder invista em um forro de gesso novo com tabica, pois ela dar\u00e1 leveza ao ambiente.<\/p><p><img decoding=\"async\" class=\"aligncenter size-full wp-image-31123\" src=\"https:\/\/www.aarquiteta.com.br\/blog\/wp-content\/uploads\/2019\/08\/sala_de_estar_com_lustre_acima_de_sof\u00e1.jpg\" alt=\"\" width=\"1000\" height=\"750\" title=\"\" srcset=\"https:\/\/www.aarquiteta.com.br\/blog\/wp-content\/uploads\/2019\/08\/sala_de_estar_com_lustre_acima_de_sof\u00e1.jpg 1000w, https:\/\/www.aarquiteta.com.br\/blog\/wp-content\/uploads\/2019\/08\/sala_de_estar_com_lustre_acima_de_sof\u00e1-696x522.jpg 696w, https:\/\/www.aarquiteta.com.br\/blog\/wp-content\/uploads\/2019\/08\/sala_de_estar_com_lustre_acima_de_sof\u00e1-150x113.jpg 150w\" sizes=\"(max-width: 1000px) 100vw, 1000px\" \/><\/p><p>Se puder projete uma sanca embutida, pois \u00e9 ela quem causa o efeito de luz difusa, o que torna o ambiente mais agrad\u00e1vel.<\/p><h3>6. Arm\u00e1rios com porta de correr:<\/h3><p>Em ambientes pequenos \u00e9 fundamental saber aproveitar cm2, por isso invista em arm\u00e1rios com portas de deslizar.<\/p><p>Voc\u00ea pode n\u00e3o reparar, mas uma porta de guarda-roupa abrindo para sua cama pode te roubar o espa\u00e7o do criado mudo.<\/p><figure id=\"attachment_37002\" aria-describedby=\"caption-attachment-37002\" style=\"width: 1200px\" class=\"wp-caption aligncenter\"><a href=\"https:\/\/www.aarquiteta.com.br\/blog\/wp-content\/uploads\/2021\/11\/casa-pequena-3.jpg\"><img decoding=\"async\" class=\"wp-image-37002\" src=\"https:\/\/www.aarquiteta.com.br\/blog\/wp-content\/uploads\/2021\/11\/casa-pequena-3.jpg\" alt=\"Como Decorar uma Casa Pequena - Confira 7 Dicas \u00fateis!\" width=\"1200\" height=\"904\" title=\"\" srcset=\"https:\/\/www.aarquiteta.com.br\/blog\/wp-content\/uploads\/2021\/11\/casa-pequena-3.jpg 1005w, https:\/\/www.aarquiteta.com.br\/blog\/wp-content\/uploads\/2021\/11\/casa-pequena-3-696x524.jpg 696w, https:\/\/www.aarquiteta.com.br\/blog\/wp-content\/uploads\/2021\/11\/casa-pequena-3-150x113.jpg 150w\" sizes=\"(max-width: 1200px) 100vw, 1200px\" \/><\/a><figcaption id=\"caption-attachment-37002\" class=\"wp-caption-text\">Como Decorar uma Casa Pequena &#8211; Confira 7 Dicas \u00fateis!<\/figcaption><\/figure><h3>7. Elementos de decora\u00e7\u00e3o de casas pequenas:<\/h3><p>E como sempre invista em objetos de decora\u00e7\u00e3o, no entanto, busque por elementos menos volumosos ainda que chamem pouco a aten\u00e7\u00e3o.<\/p><p>E n\u00e3o se esque\u00e7a dos <strong>tapetes e das cortinas<\/strong>!<\/p><figure id=\"attachment_36763\" aria-describedby=\"caption-attachment-36763\" style=\"width: 1080px\" class=\"wp-caption aligncenter\"><img decoding=\"async\" class=\"size-full wp-image-36763\" src=\"https:\/\/www.aarquiteta.com.br\/blog\/wp-content\/uploads\/2021\/11\/decoracao-gastando-pouco.jpg\" alt=\"Decora\u00e7\u00e3o da Sala - 6 Dicas para Renovar gastando pouco!\" width=\"1080\" height=\"720\" title=\"\" srcset=\"https:\/\/www.aarquiteta.com.br\/blog\/wp-content\/uploads\/2021\/11\/decoracao-gastando-pouco.jpg 1080w, https:\/\/www.aarquiteta.com.br\/blog\/wp-content\/uploads\/2021\/11\/decoracao-gastando-pouco-1024x683.jpg 1024w, https:\/\/www.aarquiteta.com.br\/blog\/wp-content\/uploads\/2021\/11\/decoracao-gastando-pouco-696x464.jpg 696w, https:\/\/www.aarquiteta.com.br\/blog\/wp-content\/uploads\/2021\/11\/decoracao-gastando-pouco-150x100.jpg 150w\" sizes=\"(max-width: 1080px) 100vw, 1080px\" \/><figcaption id=\"caption-attachment-36763\" class=\"wp-caption-text\">Decora\u00e7\u00e3o da Sala &#8211; 6 Dicas para Renovar gastando pouco!<\/figcaption><\/figure><p>Escolha op\u00e7\u00f5es de cortinas ou tapetes que conversem com a da decora\u00e7\u00e3o, dessa forma a sala ficar\u00e1 bem decorada, elegante e aconchegante.<\/p><p><img decoding=\"async\" class=\"aligncenter size-full wp-image-40226\" src=\"https:\/\/www.aarquiteta.com.br\/blog\/wp-content\/uploads\/2022\/01\/tapete-moderno-1.jpg\" alt=\"tapete moderno\" width=\"700\" height=\"400\" title=\"\" srcset=\"https:\/\/www.aarquiteta.com.br\/blog\/wp-content\/uploads\/2022\/01\/tapete-moderno-1.jpg 700w, https:\/\/www.aarquiteta.com.br\/blog\/wp-content\/uploads\/2022\/01\/tapete-moderno-1-696x398.jpg 696w, https:\/\/www.aarquiteta.com.br\/blog\/wp-content\/uploads\/2022\/01\/tapete-moderno-1-150x86.jpg 150w\" sizes=\"(max-width: 700px) 100vw, 700px\" \/><\/p><p>Voc\u00ea pode ver tamb\u00e9m nossos artigos sobre: <a href=\"https:\/\/www.aarquiteta.com.br\/blog\/tapete-para-sala\" target=\"_blank\" rel=\"noopener\">Como Escolher o Melhor Tapete\u00a0<\/a><\/p><p>Ou ainda esta outra sobre <a href=\"https:\/\/www.aarquiteta.com.br\/blog\/decoracao-de-sala-de-estar\" target=\"_blank\" rel=\"noopener\">Decora\u00e7\u00e3o de Sala de Estar &#8211; 6 Dicas para deixar sua sala aconchegante!<\/a><\/p><figure id=\"attachment_37001-2\" aria-describedby=\"caption-attachment-37001-2\" style=\"width: 901px\" class=\"wp-caption aligncenter\"><a href=\"https:\/\/www.aarquiteta.com.br\/blog\/wp-content\/uploads\/2021\/11\/casa-pequena2.jpg\"><img decoding=\"async\" class=\"size-full wp-image-37001\" src=\"https:\/\/www.aarquiteta.com.br\/blog\/wp-content\/uploads\/2021\/11\/casa-pequena2.jpg\" alt=\"Decora\u00e7\u00e3o de Casas Pequenas - Confira 7 Dicas \u00fateis com a planta!\" width=\"901\" height=\"808\" title=\"\" srcset=\"https:\/\/www.aarquiteta.com.br\/blog\/wp-content\/uploads\/2021\/11\/casa-pequena2.jpg 901w, https:\/\/www.aarquiteta.com.br\/blog\/wp-content\/uploads\/2021\/11\/casa-pequena2-696x624.jpg 696w, https:\/\/www.aarquiteta.com.br\/blog\/wp-content\/uploads\/2021\/11\/casa-pequena2-150x135.jpg 150w\" sizes=\"(max-width: 901px) 100vw, 901px\" \/><\/a><figcaption id=\"caption-attachment-37001-2\" class=\"wp-caption-text\">Decora\u00e7\u00e3o de Casas Pequenas &#8211; Aprenda a economizar espa\u00e7o!<\/figcaption><\/figure><h4>Voc\u00ea quer ver dicas de decora\u00e7\u00e3o?<\/h4><p>N\u00e3o deixe de visitar a <a href=\"https:\/\/www.aarquiteta.com.br\/decoracao\/\" target=\"_blank\" rel=\"noopener\">categoria Decora\u00e7\u00e3o<\/a> e redecore sua casa com bom gosto e sem gastar muito!<\/p><p>E tamb\u00e9m este outro sobre<a href=\"https:\/\/www.aarquiteta.com.br\/blog\/como-deixar-o-quarto-mais-aconchegante\/\" target=\"_blank\" rel=\"noopener\"> Decora\u00e7\u00e3o de Quarto &#8211; 9 Dicas para deixar seu Quarto aconchegante!<\/a><\/p><p>Essas dicas podem te ajudar!<\/p><h3><strong>E a\u00ed, gostou do artigo sobre Decora\u00e7\u00e3o de Casas Pequenas<\/strong>?<\/h3><p>Ent\u00e3o deslize a tela para baixo e<a href=\"https:\/\/br.pinterest.com\/aarquitetapinterest\/_created\/\" target=\"_blank\" rel=\"noopener\"> confira mais dicas<\/a> como esta e n\u00e3o se esque\u00e7a de compartilhar com os amigos!<\/p><p>Quer mais dicas sobre o mundo da Arquitetura e Decora\u00e7\u00e3o? Ent\u00e3o decore f\u00e1cil sem mist\u00e9rios, confira alguns dos nossos artigos em:<\/p><ul><li style=\"list-style-type: none;\"><ul><li><a href=\"https:\/\/www.aarquiteta.com.br\/blog\/paisagismo\/\" target=\"_blank\" rel=\"noopener\">Casa e Jardim<\/a><\/li><li><a href=\"https:\/\/www.aarquiteta.com.br\/blog\/arquitetura\/mundo-arquitetura\/\" target=\"_blank\" rel=\"noopener\">Mundo Arquitetura<\/a><\/li><li><a href=\"https:\/\/www.aarquiteta.com.br\/decoracao\/\" target=\"_blank\" rel=\"noopener\">Decora\u00e7\u00e3o<br \/>\n<\/a><\/li><\/ul><\/li><\/ul><p>&nbsp;<\/p>","protected":false},"excerpt":{"rendered":"<p>Decora\u00e7\u00e3o de Casas Pequenas \u2014 Confira 7 Dicas \u00fateis com o desenho da planta baixa!Afinal, como decorar uma casa pequena?Se voc\u00ea deseja conferir as dicas de como decorar uma casa pequena, confira neste artigo as dicas que separamos para voc\u00ea:Decora\u00e7\u00e3o de Casas Pequenas \u2014 Confira 7 Dicas \u00fateis com a planta!Decorar um ambiente com pouco [&hellip;]<\/p>\n","protected":false},"author":102,"featured_media":41832,"comment_status":"closed","ping_status":"closed","sticky":false,"template":"","format":"standard","meta":{"footnotes":""},"categories":[1484,18794],"tags":[9985,9984,9986],"class_list":["post-36999","post","type-post","status-publish","format-standard","has-post-thumbnail","category-decoracao","category-projetos-de-decoracao-de-casas","tag-casa-pequena-como-decorar","tag-como-decorar-casa-pequena","tag-decorando-casas-pequenas"],"_wp_attached_file":null,"_wp_attachment_metadata":null,"_wp_attachment_context":null,"_wp_attachment_is_custom_header":null,"geo_longitude":null,"geo_public":null,"geo_latitude":null,"_publicize_done_external":null,"_wpas_done_3897181":null,"publicize_twitter_user":null,"_wpas_done_3897175":null,"_wpas_skip_3897181":null,"_wpas_skip_3897175":null,"_wpas_skip_3924723":null,"_wpas_mess":null,"_wpas_done_3924723":null,"wps_subtitle":"Saiba mais sobre Decora\u00e7\u00e3o de Casas Pequenas. Ganhe espa\u00e7o, deixe seu lar mais confort\u00e1vel e ainda com a sua cara!","_links":{"self":[{"href":"https:\/\/www.aarquiteta.com.br\/blog\/wp-json\/wp\/v2\/posts\/36999","targetHints":{"allow":["GET"]}}],"collection":[{"href":"https:\/\/www.aarquiteta.com.br\/blog\/wp-json\/wp\/v2\/posts"}],"about":[{"href":"https:\/\/www.aarquiteta.com.br\/blog\/wp-json\/wp\/v2\/types\/post"}],"author":[{"embeddable":true,"href":"https:\/\/www.aarquiteta.com.br\/blog\/wp-json\/wp\/v2\/users\/102"}],"replies":[{"embeddable":true,"href":"https:\/\/www.aarquiteta.com.br\/blog\/wp-json\/wp\/v2\/comments?post=36999"}],"version-history":[{"count":0,"href":"https:\/\/www.aarquiteta.com.br\/blog\/wp-json\/wp\/v2\/posts\/36999\/revisions"}],"wp:featuredmedia":[{"embeddable":true,"href":"https:\/\/www.aarquiteta.com.br\/blog\/wp-json\/wp\/v2\/media\/41832"}],"wp:attachment":[{"href":"https:\/\/www.aarquiteta.com.br\/blog\/wp-json\/wp\/v2\/media?parent=36999"}],"wp:term":[{"taxonomy":"category","embeddable":true,"href":"https:\/\/www.aarquiteta.com.br\/blog\/wp-json\/wp\/v2\/categories?post=36999"},{"taxonomy":"post_tag","embeddable":true,"href":"https:\/\/www.aarquiteta.com.br\/blog\/wp-json\/wp\/v2\/tags?post=36999"}],"curies":[{"name":"wp","href":"https:\/\/api.w.org\/{rel}","templated":true}]}}