{"id":36941,"date":"2023-11-14T18:00:35","date_gmt":"2023-11-14T21:00:35","guid":{"rendered":"http:\/\/aarquiteta.com.br\/?p=36941"},"modified":"2023-11-14T11:34:45","modified_gmt":"2023-11-14T14:34:45","slug":"decoracao-para-sala-de-estar","status":"publish","type":"post","link":"https:\/\/www.aarquiteta.com.br\/blog\/decoracao-para-sala-de-estar\/","title":{"rendered":"Decora\u00e7\u00e3o para Sala de Estar: 5 Dicas para deixar sua sala linda!"},"content":{"rendered":"<p>A sala de estar \u00e9 o cora\u00e7\u00e3o de qualquer casa, onde voc\u00ea relaxa, recebe convidados e passa momentos especiais com a fam\u00edlia. Ter uma sala de estar bem decorada \u00e9 essencial para criar um ambiente aconchegante e acolhedor. Neste artigo, vamos compartilhar 5 dicas valiosas para deixar sua sala linda e convidativa. Vamos l\u00e1!<\/p>\n<h3>1. Escolha Cores Aconchegantes<\/h3>\n<p>A escolha das cores \u00e9 fundamental na decora\u00e7\u00e3o da sala de estar. Opte por cores que transmitam a sensa\u00e7\u00e3o de aconchego, como tons de bege, cinza suave, verde-oliva ou azul-marinho. Essas cores s\u00e3o ideais para criar um ambiente acolhedor e relaxante.<\/p>\n<figure id=\"attachment_54691\" aria-describedby=\"caption-attachment-54691\" style=\"width: 2000px\" class=\"wp-caption aligncenter\"><img decoding=\"async\" class=\"wp-image-54691 size-full\" title=\"Decora\u00e7\u00e3o Para Sala de Estar: 5 Dicas para deixar sua sala linda!\" src=\"https:\/\/www.aarquiteta.com.br\/blog\/wp-content\/uploads\/2022\/05\/mesa-de-centro-sala.jpg\" alt=\"Decora\u00e7\u00e3o Para Sala de Estar: 5 Dicas para deixar sua sala linda!\" width=\"2000\" height=\"1333\" srcset=\"https:\/\/www.aarquiteta.com.br\/blog\/wp-content\/uploads\/2022\/05\/mesa-de-centro-sala.jpg 2000w, https:\/\/www.aarquiteta.com.br\/blog\/wp-content\/uploads\/2022\/05\/mesa-de-centro-sala-1024x682.jpg 1024w, https:\/\/www.aarquiteta.com.br\/blog\/wp-content\/uploads\/2022\/05\/mesa-de-centro-sala-696x464.jpg 696w, https:\/\/www.aarquiteta.com.br\/blog\/wp-content\/uploads\/2022\/05\/mesa-de-centro-sala-150x100.jpg 150w\" sizes=\"(max-width: 2000px) 100vw, 2000px\" \/><figcaption id=\"caption-attachment-54691\" class=\"wp-caption-text\">Decora\u00e7\u00e3o Para Sala de Estar: 5 Dicas para deixar sua sala linda!<\/figcaption><\/figure>\n<h3>2. M\u00f3veis Confort\u00e1veis<\/h3>\n<p>Invista em m\u00f3veis confort\u00e1veis e de qualidade. Um sof\u00e1 espa\u00e7oso e macio, poltronas aconchegantes e uma mesa de centro elegante s\u00e3o essenciais para criar um espa\u00e7o onde todos se sintam bem-vindos. Lembre-se de escolher m\u00f3veis que se adequem ao tamanho da sua sala.<\/p>\n<h3>3. Ilumina\u00e7\u00e3o Adequada<\/h3>\n<p>A ilumina\u00e7\u00e3o desempenha um papel crucial na atmosfera da sala de estar. Utilize uma combina\u00e7\u00e3o de ilumina\u00e7\u00e3o direta e indireta. Lumin\u00e1rias de teto, abajures e velas podem criar um ambiente acolhedor e relaxante durante a noite. Certifique-se de ter op\u00e7\u00f5es de ilumina\u00e7\u00e3o ajust\u00e1vel para diferentes ocasi\u00f5es.<\/p>\n<figure id=\"attachment_43644\" aria-describedby=\"caption-attachment-43644\" style=\"width: 1200px\" class=\"wp-caption aligncenter\"><img decoding=\"async\" class=\"wp-image-43644 size-full\" src=\"https:\/\/www.aarquiteta.com.br\/blog\/wp-content\/uploads\/2021\/11\/Cores-na-Decoracao-de-Interiores-sala-de-estar.jpg\" alt=\"\" width=\"1200\" height=\"800\" title=\"\" srcset=\"https:\/\/www.aarquiteta.com.br\/blog\/wp-content\/uploads\/2021\/11\/Cores-na-Decoracao-de-Interiores-sala-de-estar.jpg 1200w, https:\/\/www.aarquiteta.com.br\/blog\/wp-content\/uploads\/2021\/11\/Cores-na-Decoracao-de-Interiores-sala-de-estar-1024x683.jpg 1024w, https:\/\/www.aarquiteta.com.br\/blog\/wp-content\/uploads\/2021\/11\/Cores-na-Decoracao-de-Interiores-sala-de-estar-696x464.jpg 696w, https:\/\/www.aarquiteta.com.br\/blog\/wp-content\/uploads\/2021\/11\/Cores-na-Decoracao-de-Interiores-sala-de-estar-150x100.jpg 150w\" sizes=\"(max-width: 1200px) 100vw, 1200px\" \/><figcaption id=\"caption-attachment-43644\" class=\"wp-caption-text\">Decora\u00e7\u00e3o Para Sala de Estar: 5 Dicas para deixar sua sala linda!<\/figcaption><\/figure>\n<h3>4. Detalhes Decorativos<\/h3>\n<p>Os detalhes fazem toda a diferen\u00e7a na decora\u00e7\u00e3o. Adicione almofadas decorativas, mantas aconchegantes e obras de arte nas paredes. Al\u00e9m disso, plantas e flores podem trazer vida \u00e0 sua sala de estar. N\u00e3o se esque\u00e7a de escolher elementos decorativos que reflitam sua personalidade e estilo.<\/p>\n<h3>5. Organiza\u00e7\u00e3o e Espa\u00e7o Livre<\/h3>\n<p>Mantenha sua sala de estar organizada e livre de desordem. Utilize prateleiras ou estantes para armazenar livros e objetos decorativos. Livre-se de itens desnecess\u00e1rios e mantenha o espa\u00e7o aberto para facilitar a circula\u00e7\u00e3o. Uma sala bem organizada parece mais espa\u00e7osa e convidativa.<\/p>\n<p><img decoding=\"async\" class=\"alignnone wp-image-32004 size-full\" src=\"https:\/\/www.aarquiteta.com.br\/blog\/wp-content\/uploads\/2019\/10\/sala_de_estar_azul_e_branco_e_sof\u00e1_cinza_com_almofadas_coloridas.jpg\" alt=\"\" width=\"1039\" height=\"645\" title=\"\" srcset=\"https:\/\/www.aarquiteta.com.br\/blog\/wp-content\/uploads\/2019\/10\/sala_de_estar_azul_e_branco_e_sof\u00e1_cinza_com_almofadas_coloridas.jpg 1039w, https:\/\/www.aarquiteta.com.br\/blog\/wp-content\/uploads\/2019\/10\/sala_de_estar_azul_e_branco_e_sof\u00e1_cinza_com_almofadas_coloridas-1024x636.jpg 1024w, https:\/\/www.aarquiteta.com.br\/blog\/wp-content\/uploads\/2019\/10\/sala_de_estar_azul_e_branco_e_sof\u00e1_cinza_com_almofadas_coloridas-696x432.jpg 696w, https:\/\/www.aarquiteta.com.br\/blog\/wp-content\/uploads\/2019\/10\/sala_de_estar_azul_e_branco_e_sof\u00e1_cinza_com_almofadas_coloridas-150x93.jpg 150w\" sizes=\"(max-width: 1039px) 100vw, 1039px\" \/><\/p>\n<p>As almofadas podem adicionar eleg\u00e2ncia e beleza a qualquer tipo de sof\u00e1.\u00a0\u00a0Afinal, se o sof\u00e1 n\u00e3o possui almofadas, fica a sensa\u00e7\u00e3o de que algo est\u00e1 faltando.<\/p>\n<p>As almofadas tamb\u00e9m proporcionam conforto e aconchego ao ambiente.\u00a0Um sof\u00e1 cheio de almofadas decorativas \u00e9 muito atraente.<\/p>\n<figure id=\"attachment_99473\" aria-describedby=\"caption-attachment-99473\" style=\"width: 643px\" class=\"wp-caption alignnone\"><img decoding=\"async\" class=\"size-full wp-image-99473\" src=\"https:\/\/www.aarquiteta.com.br\/blog\/wp-content\/uploads\/2022\/05\/decoracao-para-sala-de-estar-1.jpg\" alt=\"decora\u00e7\u00e3o para sala de estar\" width=\"643\" height=\"645\" title=\"\" srcset=\"https:\/\/www.aarquiteta.com.br\/blog\/wp-content\/uploads\/2022\/05\/decoracao-para-sala-de-estar-1.jpg 643w, https:\/\/www.aarquiteta.com.br\/blog\/wp-content\/uploads\/2022\/05\/decoracao-para-sala-de-estar-1-96x96.jpg 96w, https:\/\/www.aarquiteta.com.br\/blog\/wp-content\/uploads\/2022\/05\/decoracao-para-sala-de-estar-1-150x150.jpg 150w\" sizes=\"(max-width: 643px) 100vw, 643px\" \/><figcaption id=\"caption-attachment-99473\" class=\"wp-caption-text\">decora\u00e7\u00e3o para sala de estar<\/figcaption><\/figure>\n<p>Seguindo essas dicas, voc\u00ea pode transformar sua sala de estar em um espa\u00e7o verdadeiramente encantador. Lembre-se de considerar suas prefer\u00eancias pessoais e criar um ambiente que seja aconchegante e acolhedor para voc\u00ea e sua fam\u00edlia.<\/p>\n<p>Com um toque de criatividade e aten\u00e7\u00e3o aos detalhes, sua sala se tornar\u00e1 o lugar perfeito para relaxar e receber amigos e familiares.<\/p>\n<div class=\"mceTemp\"><\/div>\n<p>Quer mais dicas sobre o mundo da Arquitetura e Decora\u00e7\u00e3o, ent\u00e3o confira alguns dos nossos artigos em:<\/p>\n<ul>\n<li><a href=\"https:\/\/www.aarquiteta.com.br\/blog\/paisagismo\/\" target=\"_blank\" rel=\"noopener\">Casa e Jardim<\/a><\/li>\n<li><a href=\"https:\/\/www.aarquiteta.com.br\/blog\/arquitetura\/mundo-arquitetura\/\" target=\"_blank\" rel=\"noopener\">Mundo Arquitetura<\/a><\/li>\n<li><a href=\"https:\/\/www.aarquiteta.com.br\/decoracao\/\" target=\"_blank\" rel=\"noopener\">Decora\u00e7\u00e3o<br \/>\n<\/a><\/li>\n<\/ul>\n","protected":false},"excerpt":{"rendered":"<p>A sala de estar \u00e9 o cora\u00e7\u00e3o de qualquer casa, onde voc\u00ea relaxa, recebe convidados e passa momentos especiais com a fam\u00edlia. Ter uma sala de estar bem decorada \u00e9 essencial para criar um ambiente aconchegante e acolhedor. Neste artigo, vamos compartilhar 5 dicas valiosas para deixar sua sala linda e convidativa. Vamos l\u00e1! 1. [&hellip;]<\/p>\n","protected":false},"author":102,"featured_media":99472,"comment_status":"closed","ping_status":"closed","sticky":false,"template":"","format":"standard","meta":{"footnotes":""},"categories":[1484,18751],"tags":[18418,18419,18420,18421],"class_list":["post-36941","post","type-post","status-publish","format-standard","has-post-thumbnail","category-decoracao","category-decoracao-sala-de-estar","tag-como-arrumar-a-sala","tag-como-decorar-sala-de-estar","tag-decoracao-para-sala-de-estar","tag-decore-sua-sala"],"_wp_attached_file":null,"_wp_attachment_metadata":null,"_wp_attachment_context":null,"_wp_attachment_is_custom_header":null,"geo_longitude":null,"geo_public":null,"geo_latitude":null,"_publicize_done_external":null,"_wpas_done_3897181":null,"publicize_twitter_user":null,"_wpas_done_3897175":null,"_wpas_skip_3897181":null,"_wpas_skip_3897175":null,"_wpas_skip_3924723":null,"_wpas_mess":null,"_wpas_done_3924723":null,"wps_subtitle":"Uma boa decora\u00e7\u00e3o para sala de estar pode deixar sua sala como nova. Confira as dicas super bacanas que deixar a sua sala ainda mais bela!","_links":{"self":[{"href":"https:\/\/www.aarquiteta.com.br\/blog\/wp-json\/wp\/v2\/posts\/36941","targetHints":{"allow":["GET"]}}],"collection":[{"href":"https:\/\/www.aarquiteta.com.br\/blog\/wp-json\/wp\/v2\/posts"}],"about":[{"href":"https:\/\/www.aarquiteta.com.br\/blog\/wp-json\/wp\/v2\/types\/post"}],"author":[{"embeddable":true,"href":"https:\/\/www.aarquiteta.com.br\/blog\/wp-json\/wp\/v2\/users\/102"}],"replies":[{"embeddable":true,"href":"https:\/\/www.aarquiteta.com.br\/blog\/wp-json\/wp\/v2\/comments?post=36941"}],"version-history":[{"count":0,"href":"https:\/\/www.aarquiteta.com.br\/blog\/wp-json\/wp\/v2\/posts\/36941\/revisions"}],"wp:featuredmedia":[{"embeddable":true,"href":"https:\/\/www.aarquiteta.com.br\/blog\/wp-json\/wp\/v2\/media\/99472"}],"wp:attachment":[{"href":"https:\/\/www.aarquiteta.com.br\/blog\/wp-json\/wp\/v2\/media?parent=36941"}],"wp:term":[{"taxonomy":"category","embeddable":true,"href":"https:\/\/www.aarquiteta.com.br\/blog\/wp-json\/wp\/v2\/categories?post=36941"},{"taxonomy":"post_tag","embeddable":true,"href":"https:\/\/www.aarquiteta.com.br\/blog\/wp-json\/wp\/v2\/tags?post=36941"}],"curies":[{"name":"wp","href":"https:\/\/api.w.org\/{rel}","templated":true}]}}