{"id":36873,"date":"2021-12-01T21:30:46","date_gmt":"2021-12-02T00:30:46","guid":{"rendered":"http:\/\/aarquiteta.com.br\/?p=36873"},"modified":"2024-07-02T10:55:15","modified_gmt":"2024-07-02T13:55:15","slug":"decoracao-casamento-rustico","status":"publish","type":"post","link":"https:\/\/www.aarquiteta.com.br\/blog\/decoracao-casamento-rustico\/","title":{"rendered":"Decora\u00e7\u00e3o casamento r\u00fastico &#8211; Como decorar?"},"content":{"rendered":"<p>Afinal, como organizar uma decora\u00e7\u00e3o casamento r\u00fastico?<\/p>\n<p>Se voc\u00ea tem d\u00favidas, ent\u00e3o voc\u00ea est\u00e1 no lugar certo.<\/p>\n<p>Aqui est\u00e3o algumas dicas e ideias que podem ajud\u00e1-lo.<\/p>\n<p>Em primeiro lugar, \u00e9 importante saber que esse estilo est\u00e1 em alta, porque al\u00e9m de ficar lindo, \u00e9 uma op\u00e7\u00e3o onde economizamos dinheiro.<\/p>\n<h2>Decora\u00e7\u00e3o casamento r\u00fastico: dicas para lhe dar ideias.<\/h2>\n<h3>Flores<\/h3>\n<p>Flores e plantas n\u00e3o podem ser usadas para decora\u00e7\u00f5es r\u00fasticas de casamento.<\/p>\n<p>Depois de tudo isso os detalhes s\u00e3o caracter\u00edsticos de uma boa decora\u00e7\u00e3o neste estilo.<\/p>\n<p>Os casamentos country conectam a festa e os convidados com a natureza.<\/p>\n<p>Escolha flores conforme a paleta selecionada.<\/p>\n<h3>Detalhes de madeira<\/h3>\n<p>O uso de detalhes em madeira \u00e9 imprescind\u00edvel. Afinal, essa \u00e9 a maior caracter\u00edstica desse estilo.<\/p>\n<p>Para isso, adicione uma mesa de madeira ou outros detalhes.<\/p>\n<p>As decora\u00e7\u00f5es de casamento no estilo country podem e devem ser criativas.<\/p>\n<p>Ent\u00e3o incorpore o fluxo criativo.<\/p>\n<p>Desta forma, uma decora\u00e7\u00e3o inesquec\u00edvel pode ser criada.<\/p>\n<h3>Op\u00e7\u00e3o barata para decora\u00e7\u00e3o casamento r\u00fastico.<\/h3>\n<p>O estilo r\u00fastico permite que voc\u00ea economize decora\u00e7\u00e3o.<\/p>\n<p>Afinal, voc\u00ea pode escolher decora\u00e7\u00f5es mais em conta.<\/p>\n<p>Outra ideia legal \u00e9 usar uma garrafa de vidro para colocar as flores no centro da mesa.<\/p>\n<h3>Decora\u00e7\u00e3o casamento r\u00fastico ao ar livre ou n\u00e3o?<\/h3>\n<p>A decora\u00e7\u00e3o r\u00fastica do casamento fica linda em um ambiente ao ar livre.<\/p>\n<p>No entanto, tamb\u00e9m pode ser decorado neste estilo em casa.<\/p>\n<p>Para isso, basta adicionar os elementos perfeitos adequados ao estilo r\u00fastico, como: detalhes de madeira, flores e plantas.<\/p>\n<h2>E a\u00ed, gostou das dicas sobre como fazer decora\u00e7\u00e3o casamento r\u00fastico?<\/h2>\n<p>Ent\u00e3o deslize a tela para baixo e<a href=\"https:\/\/br.pinterest.com\/aarquitetapinterest\/_created\/\" target=\"_blank\" rel=\"noopener\"> confira mais dicas<\/a> como esta e n\u00e3o se esque\u00e7a de compartilhar com os amigos!<\/p>\n<p>Quer mais dicas sobre o mundo da Arquitetura e Decora\u00e7\u00e3o, ent\u00e3o confira alguns dos nossos artigos em:<\/p>\n<ul>\n<li><a href=\"https:\/\/www.aarquiteta.com.br\/blog\/paisagismo\/\" target=\"_blank\" rel=\"noopener\">Casa e Jardim<\/a><\/li>\n<li><a href=\"https:\/\/www.aarquiteta.com.br\/blog\/arquitetura\/mundo-arquitetura\/\" target=\"_blank\" rel=\"noopener\">Mundo Arquitetura<\/a><\/li>\n<li><a href=\"https:\/\/www.aarquiteta.com.br\/decoracao\/\" target=\"_blank\" rel=\"noopener\">Decora\u00e7\u00e3o<br \/>\n<\/a><\/li>\n<\/ul>\n","protected":false},"excerpt":{"rendered":"<p>Afinal, como organizar uma decora\u00e7\u00e3o casamento r\u00fastico? Se voc\u00ea tem d\u00favidas, ent\u00e3o voc\u00ea est\u00e1 no lugar certo. Aqui est\u00e3o algumas dicas e ideias que podem ajud\u00e1-lo. Em primeiro lugar, \u00e9 importante saber que esse estilo est\u00e1 em alta, porque al\u00e9m de ficar lindo, \u00e9 uma op\u00e7\u00e3o onde economizamos dinheiro. Decora\u00e7\u00e3o casamento r\u00fastico: dicas para lhe [&hellip;]<\/p>\n","protected":false},"author":102,"featured_media":37399,"comment_status":"closed","ping_status":"closed","sticky":false,"template":"","format":"standard","meta":{"footnotes":""},"categories":[10005,35366,35364,19108],"tags":[9941,1582,9942],"class_list":["post-36873","post","type-post","status-publish","format-standard","has-post-thumbnail","category-casa-e-jardim","category-estilo-rustico-na-decoracao-de-interiores","category-estilos-de-decoracao-de-interiores","category-festas-e-confraternizacoes","tag-decoracao-casamento-rustico","tag-decoracao-rustica","tag-madeira-rustica"],"_wp_attached_file":null,"_wp_attachment_metadata":null,"_wp_attachment_context":null,"_wp_attachment_is_custom_header":null,"geo_longitude":null,"geo_public":null,"geo_latitude":null,"_publicize_done_external":null,"_wpas_done_3897181":null,"publicize_twitter_user":null,"_wpas_done_3897175":null,"_wpas_skip_3897181":null,"_wpas_skip_3897175":null,"_wpas_skip_3924723":null,"_wpas_mess":null,"_wpas_done_3924723":null,"wps_subtitle":"Confira as melhores dicas de Decora\u00e7\u00e3o que separamos para voc\u00ea decorar sua casa e deix\u00e1-la ainda mais aconchegante!","_links":{"self":[{"href":"https:\/\/www.aarquiteta.com.br\/blog\/wp-json\/wp\/v2\/posts\/36873","targetHints":{"allow":["GET"]}}],"collection":[{"href":"https:\/\/www.aarquiteta.com.br\/blog\/wp-json\/wp\/v2\/posts"}],"about":[{"href":"https:\/\/www.aarquiteta.com.br\/blog\/wp-json\/wp\/v2\/types\/post"}],"author":[{"embeddable":true,"href":"https:\/\/www.aarquiteta.com.br\/blog\/wp-json\/wp\/v2\/users\/102"}],"replies":[{"embeddable":true,"href":"https:\/\/www.aarquiteta.com.br\/blog\/wp-json\/wp\/v2\/comments?post=36873"}],"version-history":[{"count":0,"href":"https:\/\/www.aarquiteta.com.br\/blog\/wp-json\/wp\/v2\/posts\/36873\/revisions"}],"wp:featuredmedia":[{"embeddable":true,"href":"https:\/\/www.aarquiteta.com.br\/blog\/wp-json\/wp\/v2\/media\/37399"}],"wp:attachment":[{"href":"https:\/\/www.aarquiteta.com.br\/blog\/wp-json\/wp\/v2\/media?parent=36873"}],"wp:term":[{"taxonomy":"category","embeddable":true,"href":"https:\/\/www.aarquiteta.com.br\/blog\/wp-json\/wp\/v2\/categories?post=36873"},{"taxonomy":"post_tag","embeddable":true,"href":"https:\/\/www.aarquiteta.com.br\/blog\/wp-json\/wp\/v2\/tags?post=36873"}],"curies":[{"name":"wp","href":"https:\/\/api.w.org\/{rel}","templated":true}]}}