{"id":36788,"date":"2021-11-29T13:05:55","date_gmt":"2021-11-29T16:05:55","guid":{"rendered":"http:\/\/aarquiteta.com.br\/?p=36788"},"modified":"2026-09-01T16:01:20","modified_gmt":"2026-09-01T19:01:20","slug":"tendencias-de-decoracao","status":"publish","type":"post","link":"https:\/\/www.aarquiteta.com.br\/blog\/tendencias-de-decoracao\/","title":{"rendered":"Tend\u00eancias de Decora\u00e7\u00e3o para 2022: Confira o que est\u00e1 em alta!"},"content":{"rendered":"<p>Procurando algo novo para decorar? Ent\u00e3o, as tend\u00eancias de decora\u00e7\u00e3o de 2022 podem ajud\u00e1-lo.<\/p>\n<p>Com isso em mente, estamos aqui para separar as ideias emergentes e as t\u00e9cnicas para aplic\u00e1-las em sua casa.<\/p>\n<p>Afinal, qual ser\u00e1 o estilo decorativo atual?<\/p>\n<h2>Tend\u00eancias de decora\u00e7\u00e3o em 2022<\/h2>\n<p>Em primeiro lugar, \u00e9 importante saber que algumas tend\u00eancias v\u00eam e v\u00e3o.<\/p>\n<p>Outros continuaram subindo por muito tempo.<\/p>\n<p>Ent\u00e3o, como saber se a decora\u00e7\u00e3o que escolheu est\u00e1 desatualizada?<\/p>\n<p>Para isso, fique atento \u00e0s novidades.<\/p>\n<h3>Separamos as principais tend\u00eancias de decora\u00e7\u00e3o para 2022 abaixo:<\/h3>\n<p>Desta forma, \u00e9 poss\u00edvel manter o estilo decorativo dominante no pr\u00f3ximo ano.<\/p>\n<h6><em>\u261e Cart\u00e3o de Cr\u00e9dito Santander SX &#8211; O cart\u00e3o do Estudante Universit\u00e1rio do Brasiiil!<\/em><\/h6>\n<p><em>Se voc\u00ea \u00e9 estudante universit\u00e1rio e est\u00e1 precisando de um <strong>cart\u00e3o de cr\u00e9dito<\/strong> voltado para as suas necessidades financeiras, <strong>sem comprova\u00e7\u00e3o de renda<\/strong> e com possibilidade de conseguir <strong>zero de taxa de anuidade<\/strong>, O Banco Santander tem o cart\u00e3o de cr\u00e9dito ideal para voc\u00ea!<\/em><\/p>\n<figure id=\"attachment_52327\" aria-describedby=\"caption-attachment-52327\" style=\"width: 1200px\" class=\"wp-caption aligncenter\"><a href=\"https:\/\/www.aarquiteta.com.br\/blog\/como-solicitar-cartao-de-credito-santander\/\" target=\"_blank\" rel=\"noopener\"><img decoding=\"async\" class=\"wp-image-52327 size-full\" title=\"Cart\u00e3o de Cr\u00e9dito Santander SX - O Cart\u00e3o do Estudante Universit\u00e1rio!\" src=\"https:\/\/www.aarquiteta.com.br\/blog\/wp-content\/uploads\/2022\/04\/cartao-de-credito-santander-sx.jpg\" alt=\"Cart\u00e3o de Cr\u00e9dito Santander SX - O Cart\u00e3o do Estudante Universit\u00e1rio!\" width=\"1200\" height=\"800\" srcset=\"https:\/\/www.aarquiteta.com.br\/blog\/wp-content\/uploads\/2022\/04\/cartao-de-credito-santander-sx.jpg 1200w, https:\/\/www.aarquiteta.com.br\/blog\/wp-content\/uploads\/2022\/04\/cartao-de-credito-santander-sx-1024x683.jpg 1024w, https:\/\/www.aarquiteta.com.br\/blog\/wp-content\/uploads\/2022\/04\/cartao-de-credito-santander-sx-696x464.jpg 696w, https:\/\/www.aarquiteta.com.br\/blog\/wp-content\/uploads\/2022\/04\/cartao-de-credito-santander-sx-150x100.jpg 150w\" sizes=\"(max-width: 1200px) 100vw, 1200px\" \/><\/a><figcaption id=\"caption-attachment-52327\" class=\"wp-caption-text\">Cart\u00e3o de Cr\u00e9dito Santander SX &#8211; O Cart\u00e3o do Estudante Universit\u00e1rio! <a href=\"https:\/\/www.aarquiteta.com.br\/blog\/como-solicitar-cartao-de-credito-santander\/\">Clique para saber mais!\u00a0<\/a> Veja como \u00e9 f\u00e1cil!<\/figcaption><\/figure>\n<p>&nbsp;<\/p>\n<h3>1. O minimalismo ainda est\u00e1 em ascens\u00e3o.<\/h3>\n<p>Al\u00e9m disso, esse estilo decorativo confere eleg\u00e2ncia e organiza\u00e7\u00e3o ao ambiente.<\/p>\n<p>As cores neutras dominam, agregando conforto e simplicidade a este local.<\/p>\n<p>Este esquema tamb\u00e9m \u00e9 conhecido como estilo escandinavo, o que confere fluidez e modernidade ao espa\u00e7o.<\/p>\n<p>Al\u00e9m disso, menos \u00e9 mais.<\/p>\n<p>Por exemplo, linhas retas e formas geom\u00e9tricas s\u00e3o caracter\u00edsticas importantes desse tipo de decora\u00e7\u00e3o.<\/p>\n<h3>2. Confort\u00e1vel e aconchegante.<\/h3>\n<p>Em primeiro lugar, \u00e9 importante saber que o conforto em 2022 est\u00e1 em alta.<\/p>\n<p>Para isso, opte por decora\u00e7\u00f5es que tornem o espa\u00e7o mais confort\u00e1vel, aconchegante e agrad\u00e1vel.<\/p>\n<p>O melhor \u00e9 a ilumina\u00e7\u00e3o natural, janelas grandes e m\u00f3veis elaborados.<\/p>\n<h6><em>\u261e Financiamento Imobili\u00e1rio:<\/em><\/h6>\n<p><em>Casa, apartamento, novo ou usado, a <a href=\"https:\/\/www.caixa.gov.br\/Paginas\/home-caixa.aspx\" target=\"_blank\" rel=\"noopener\">Caixa Econ\u00f4mica<\/a> tem a <strong>linha de cr\u00e9dito<\/strong> ideal para voc\u00ea!\u00a0\u00a0<\/em><em>O Sonho da casa pr\u00f3pria pode estar mais perto de se tornar realidade do que voc\u00ea imagina:<\/em><\/p>\n<figure id=\"attachment_53083\" aria-describedby=\"caption-attachment-53083\" style=\"width: 1920px\" class=\"wp-caption aligncenter\"><a href=\"https:\/\/www.aarquiteta.com.br\/blog\/financiamento-imobiliario-caixa-economica\/\" target=\"_blank\" rel=\"noopener\"><img decoding=\"async\" class=\"wp-image-53083 size-full\" title=\"Financiamento de Im\u00f3vel - Financie sua casa pela Caixa Econ\u00f4mica!\" src=\"https:\/\/www.aarquiteta.com.br\/blog\/wp-content\/uploads\/2022\/04\/financiamento-mobiliario-caixa-economica.jpg\" alt=\"Financiamento de Im\u00f3vel - Financie sua casa pela Caixa Econ\u00f4mica!\" width=\"1920\" height=\"1080\" srcset=\"https:\/\/www.aarquiteta.com.br\/blog\/wp-content\/uploads\/2022\/04\/financiamento-mobiliario-caixa-economica.jpg 1920w, https:\/\/www.aarquiteta.com.br\/blog\/wp-content\/uploads\/2022\/04\/financiamento-mobiliario-caixa-economica-1024x576.jpg 1024w, https:\/\/www.aarquiteta.com.br\/blog\/wp-content\/uploads\/2022\/04\/financiamento-mobiliario-caixa-economica-696x392.jpg 696w, https:\/\/www.aarquiteta.com.br\/blog\/wp-content\/uploads\/2022\/04\/financiamento-mobiliario-caixa-economica-150x84.jpg 150w\" sizes=\"(max-width: 1920px) 100vw, 1920px\" \/><\/a><figcaption id=\"caption-attachment-53083\" class=\"wp-caption-text\"><a href=\"https:\/\/www.aarquiteta.com.br\/blog\/financiamento-imobiliario-caixa-economica\/\" target=\"_blank\" rel=\"noopener\">Financie sua casa pela Caixa Econ\u00f4mica! Clique aqui e veja como \u00e9 f\u00e1cil!<\/a><\/figcaption><\/figure>\n<p>&nbsp;<\/p>\n<h3>3. Cores e tons dourados como tend\u00eancias de decora\u00e7\u00e3o.<\/h3>\n<p>A tonalidade dourada \u00e9 muito popular em outras d\u00e9cadas porque \u00e9 uma tonalidade muito elegante.<\/p>\n<p>Agora, ele est\u00e1 de volta com tudo o que foi reformado em 2022.<\/p>\n<p>A cor dourada confere eleg\u00e2ncia e bom gosto ao ambiente.<\/p>\n<p>Para isso, d\u00ea cor aos detalhes da decora\u00e7\u00e3o.<\/p>\n<p>Afinal, neste caso, menos \u00e9 mais.<\/p>\n<h3>4. R\u00fastico e moderno.<\/h3>\n<p>Estilo country, mas com um estilo moderno, \u00e9 uma decora\u00e7\u00e3o popular em 2022.<\/p>\n<p>Para fazer isso, s\u00f3 precisa combinar antigas decora\u00e7\u00f5es r\u00fasticas com decora\u00e7\u00f5es mais chiques e elegantes.<\/p>\n<p>No estilo r\u00fastico, o uso da madeira \u00e9 uma caracter\u00edstica importante.<\/p>\n<p>Al\u00e9m disso, detalhes naturais como flores e plantas tamb\u00e9m s\u00e3o essenciais.<\/p>\n<h3>5. Ambiente integrado.<\/h3>\n<p>No pr\u00f3ximo ano, o uso de ambientes integrados e abertos tamb\u00e9m aumentar\u00e1.<\/p>\n<p>Afinal, esse conceito consideram a amplitude, pois elimina o particionamento de paredes entre alguns c\u00f4modos.<\/p>\n<p>Esse estilo proporciona aconchego, modernidade e bom gosto.<\/p>\n<h5>Faltou algum ingrediente para a receita?<\/h5>\n<p><em>N\u00e3o se preocupe! Fa\u00e7a suas compras pela internet!<\/em><\/p>\n<p><em>E se voc\u00ea tiver<strong> Cart\u00e3o de Cr\u00e9dito<\/strong> voc\u00ea ainda pode utiliz\u00e1-lo para realizar suas c<strong>ompras pela internet.<\/strong> \u00a0<\/em><\/p>\n<p><em>J\u00e1 conhece o Cart\u00e3o Atacad\u00e3o? Confira o Cart\u00e3o de Cr\u00e9dito da maior rede atacadista de alimentos. Aproveite as<a href=\"https:\/\/www.aarquiteta.com.br\/blog\/como-solicitar-cartao-atacadao\/\" target=\"_blank\" rel=\"noopener\"> vantagens exclusivas<\/a> e pe\u00e7a j\u00e1 o seu!<\/em><\/p>\n<figure id=\"attachment_52493\" aria-describedby=\"caption-attachment-52493\" style=\"width: 1000px\" class=\"wp-caption aligncenter\"><a href=\"https:\/\/www.aarquiteta.com.br\/blog\/como-solicitar-cartao-atacadao\/\" target=\"_blank\" rel=\"noopener\"><img decoding=\"async\" class=\"wp-image-52493 size-full\" title=\"Cart\u00e3o Atacad\u00e3o - Cr\u00e9dito para comprar e prazo para pagar!\" src=\"https:\/\/www.aarquiteta.com.br\/blog\/wp-content\/uploads\/2021\/10\/cartao-atacadao-1.jpg\" alt=\"Cart\u00e3o Atacad\u00e3o - Cr\u00e9dito para comprar e prazo para pagar!\" width=\"1000\" height=\"250\" srcset=\"https:\/\/www.aarquiteta.com.br\/blog\/wp-content\/uploads\/2021\/10\/cartao-atacadao-1.jpg 1000w, https:\/\/www.aarquiteta.com.br\/blog\/wp-content\/uploads\/2021\/10\/cartao-atacadao-1-696x174.jpg 696w, https:\/\/www.aarquiteta.com.br\/blog\/wp-content\/uploads\/2021\/10\/cartao-atacadao-1-150x38.jpg 150w\" sizes=\"(max-width: 1000px) 100vw, 1000px\" \/><\/a><figcaption id=\"caption-attachment-52493\" class=\"wp-caption-text\"><a href=\"https:\/\/www.aarquiteta.com.br\/blog\/como-solicitar-cartao-atacadao\/\" target=\"_blank\" rel=\"noopener\">Cart\u00e3o Atacad\u00e3o &#8211; Cr\u00e9dito para comprar e prazo para pagar! Clique para saber mais!<\/a><\/figcaption><\/figure>\n<p>&nbsp;<\/p>\n<p>E a\u00ed, gostou do artigo?<\/p>\n<p>Ent\u00e3o deslize a tela para baixo e<a href=\"https:\/\/br.pinterest.com\/aarquitetapinterest\/_created\/\" target=\"_blank\" rel=\"noopener\"> confira mais dicas<\/a> como esta e n\u00e3o se esque\u00e7a de compartilhar com os amigos!<\/p>\n<p>Quer mais dicas sobre o mundo da Arquitetura e Decora\u00e7\u00e3o, ent\u00e3o confira alguns dos nossos artigos em:<\/p>\n<ul>\n<li><a href=\"https:\/\/www.aarquiteta.com.br\/blog\/paisagismo\/\" target=\"_blank\" rel=\"noopener\">Casa e Jardim<\/a><\/li>\n<li><a href=\"https:\/\/www.aarquiteta.com.br\/blog\/arquitetura\/mundo-arquitetura\/\" target=\"_blank\" rel=\"noopener\">Mundo Arquitetura<\/a><\/li>\n<li><a href=\"https:\/\/www.aarquiteta.com.br\/decoracao\/\" target=\"_blank\" rel=\"noopener\">Decora\u00e7\u00e3o<br \/>\n<\/a><\/li>\n<\/ul>\n","protected":false},"excerpt":{"rendered":"<p>Procurando algo novo para decorar? Ent\u00e3o, as tend\u00eancias de decora\u00e7\u00e3o de 2022 podem ajud\u00e1-lo. Com isso em mente, estamos aqui para separar as ideias emergentes e as t\u00e9cnicas para aplic\u00e1-las em sua casa. Afinal, qual ser\u00e1 o estilo decorativo atual? Tend\u00eancias de decora\u00e7\u00e3o em 2022 Em primeiro lugar, \u00e9 importante saber que algumas tend\u00eancias v\u00eam [&hellip;]<\/p>\n","protected":false},"author":102,"featured_media":37383,"comment_status":"closed","ping_status":"closed","sticky":false,"template":"","format":"standard","meta":{"footnotes":""},"categories":[1484],"tags":[],"class_list":["post-36788","post","type-post","status-publish","format-standard","has-post-thumbnail","category-decoracao"],"_wp_attached_file":null,"_wp_attachment_metadata":null,"_wp_attachment_context":null,"_wp_attachment_is_custom_header":null,"geo_longitude":null,"geo_public":null,"geo_latitude":null,"_publicize_done_external":null,"_wpas_done_3897181":null,"publicize_twitter_user":null,"_wpas_done_3897175":null,"_wpas_skip_3897181":null,"_wpas_skip_3897175":null,"_wpas_skip_3924723":null,"_wpas_mess":null,"_wpas_done_3924723":null,"wps_subtitle":"Confira as melhores dicas de Decora\u00e7\u00e3o que separamos para voc\u00ea decorar sua casa e deix\u00e1-la ainda mais aconchegante!","_links":{"self":[{"href":"https:\/\/www.aarquiteta.com.br\/blog\/wp-json\/wp\/v2\/posts\/36788","targetHints":{"allow":["GET"]}}],"collection":[{"href":"https:\/\/www.aarquiteta.com.br\/blog\/wp-json\/wp\/v2\/posts"}],"about":[{"href":"https:\/\/www.aarquiteta.com.br\/blog\/wp-json\/wp\/v2\/types\/post"}],"author":[{"embeddable":true,"href":"https:\/\/www.aarquiteta.com.br\/blog\/wp-json\/wp\/v2\/users\/102"}],"replies":[{"embeddable":true,"href":"https:\/\/www.aarquiteta.com.br\/blog\/wp-json\/wp\/v2\/comments?post=36788"}],"version-history":[{"count":2,"href":"https:\/\/www.aarquiteta.com.br\/blog\/wp-json\/wp\/v2\/posts\/36788\/revisions"}],"predecessor-version":[{"id":157905,"href":"https:\/\/www.aarquiteta.com.br\/blog\/wp-json\/wp\/v2\/posts\/36788\/revisions\/157905"}],"wp:featuredmedia":[{"embeddable":true,"href":"https:\/\/www.aarquiteta.com.br\/blog\/wp-json\/wp\/v2\/media\/37383"}],"wp:attachment":[{"href":"https:\/\/www.aarquiteta.com.br\/blog\/wp-json\/wp\/v2\/media?parent=36788"}],"wp:term":[{"taxonomy":"category","embeddable":true,"href":"https:\/\/www.aarquiteta.com.br\/blog\/wp-json\/wp\/v2\/categories?post=36788"},{"taxonomy":"post_tag","embeddable":true,"href":"https:\/\/www.aarquiteta.com.br\/blog\/wp-json\/wp\/v2\/tags?post=36788"}],"curies":[{"name":"wp","href":"https:\/\/api.w.org\/{rel}","templated":true}]}}