{"id":36529,"date":"2021-11-19T13:05:42","date_gmt":"2021-11-19T16:05:42","guid":{"rendered":"http:\/\/aarquiteta.com.br\/?p=36529"},"modified":"2025-02-15T10:54:49","modified_gmt":"2025-02-15T13:54:49","slug":"como-fazer-decoracao-de-arvore-de-natal","status":"publish","type":"post","link":"https:\/\/www.aarquiteta.com.br\/blog\/como-fazer-decoracao-de-arvore-de-natal\/","title":{"rendered":"\u00c1rvore de Natal &#8211; 4 cores na decora\u00e7\u00e3o para voc\u00ea se inspirar!"},"content":{"rendered":"<p>\u00c1rvore de Natal &#8211; 4 <a href=\"https:\/\/www.aarquiteta.com.br\/blog\/?s=CORES\">cores<\/a> na decora\u00e7\u00e3o para voc\u00ea se inspirar!<\/p><p>A hora de montar a <a href=\"https:\/\/www.aarquiteta.com.br\/blog\/?s=ARVORE\">\u00e1rvore<\/a> est\u00e1 chegando e a fam\u00edlia espera ansiosa pela montagem do s\u00edmbolo mais esperado nas Festas de Final de Ano.<\/p><p>A <a href=\"https:\/\/www.aarquiteta.com.br\/blog\/decoracao\/\" class=\"ilj-generated-link\">decora\u00e7\u00e3o<\/a> de Natal \u00e9 um carinho que voc\u00ea faz para a sua fam\u00edlia e eles v\u00e3o ficar encantados.<\/p><p>O Natal est\u00e1 logo ali, ent\u00e3o anote j\u00e1 as dicas de decora\u00e7\u00e3o natalina para este ano! Inspire-se!<\/p><h2>\u00c1rvore de Natal\u00a0 &#8211;\u00a0 Tradi\u00e7\u00e3o e Simbolismo religioso.<\/h2><p>A tradi\u00e7\u00e3o natalina cat\u00f3lica diz que o dia correto para iniciar os preparativos para montar a \u00e1rvore de Natal \u00e9 30 de novembro.<\/p><p>Por que esta data? Poque \u00e9 a data marca in\u00edcio do tempo do advento para a Igreja Cat\u00f3lica.<\/p><div class=\"wWOJcd\" tabindex=\"0\" role=\"button\" aria-controls=\"exacc_KuuTYe72MMvX1sQPsNuvkAs268\" aria-expanded=\"true\" aria-labelledby=\"exacc_KuuTYe72MMvX1sQPsNuvkAs267\"><p><span style=\"font-size: 16px;\">A tradi\u00e7\u00e3o de enfeitar a \u00e1rvore tem mais de 500 anos.<\/span><\/p><\/div><p>Acredita-se que esta tradi\u00e7\u00e3o foi lan\u00e7ada em 1419 pelos padeiros na Alemanha.<\/p><p>Eles come\u00e7aram a decorar uma \u00e1rvore todos os anos com as del\u00edcias de natalinas da \u00e9poca como ma\u00e7\u00e3s, frutas, nozes e frutas para anunciar a chegada da data,<\/p><p>No entanto, apenas no dia de Ano Novo \u00e9 que as crian\u00e7as podiam sacudir a \u00e1rvore para comerem o que caia dela.<\/p><h2>\u00c1rvore de Natal decorada &#8211; 4 cores na decora\u00e7\u00e3o para voc\u00ea se inspirar!<\/h2><h3>\u2014 Cores de \u00c1rvore de Natal de para voc\u00ea se inspirar!<\/h3><p>A \u00e1rvore-de-natal \u00e9 um dos maiores s\u00edmbolos do Natal, e com o passar dos anos novos modelos e enfeites s\u00e3o lan\u00e7ados no com\u00e9rcio.<\/p><p>A cada ano surgem novidades e tend\u00eancias para voc\u00ea inovar na decora\u00e7\u00e3o natalina.<\/p><h3>\u2014\u00a0 Confira ent\u00e3o agora 4 cores de \u00c1rvore de Natal e monte a sua:<\/h3><h3>\u2014 \u00c1rvore Verde:<\/h3><p><a href=\"https:\/\/www.aarquiteta.com.br\/blog\/wp-content\/uploads\/2021\/11\/arvore-verde-tradicional.jpg\"><img decoding=\"async\" class=\"aligncenter wp-image-36540 size-full\" src=\"https:\/\/www.aarquiteta.com.br\/blog\/wp-content\/uploads\/2021\/11\/arvore-verde-tradicional.jpg\" alt=\"\u00c1rvore de Natal - 4 cores na decora\u00e7\u00e3o para voc\u00ea se inspirar!\" width=\"515\" height=\"828\" title=\"\" srcset=\"https:\/\/www.aarquiteta.com.br\/blog\/wp-content\/uploads\/2021\/11\/arvore-verde-tradicional.jpg 515w, https:\/\/www.aarquiteta.com.br\/blog\/wp-content\/uploads\/2021\/11\/arvore-verde-tradicional-150x241.jpg 150w\" sizes=\"(max-width: 515px) 100vw, 515px\" \/><\/a><\/p><h3>\u2014 \u00c1rvore Branca:<\/h3><p><a href=\"https:\/\/www.aarquiteta.com.br\/blog\/wp-content\/uploads\/2021\/11\/arvore-de-natal-branca.jpg\"><img decoding=\"async\" class=\"aligncenter wp-image-36538 size-full\" src=\"https:\/\/www.aarquiteta.com.br\/blog\/wp-content\/uploads\/2021\/11\/arvore-de-natal-branca.jpg\" alt=\"\u00c1rvore de Natal - 4 cores na decora\u00e7\u00e3o para voc\u00ea se inspirar!\" width=\"569\" height=\"761\" title=\"\" srcset=\"https:\/\/www.aarquiteta.com.br\/blog\/wp-content\/uploads\/2021\/11\/arvore-de-natal-branca.jpg 569w, https:\/\/www.aarquiteta.com.br\/blog\/wp-content\/uploads\/2021\/11\/arvore-de-natal-branca-150x201.jpg 150w\" sizes=\"(max-width: 569px) 100vw, 569px\" \/><\/a><\/p><h3>\u2014 \u00c1rvore Rosa:<\/h3><p><a href=\"https:\/\/www.aarquiteta.com.br\/blog\/wp-content\/uploads\/2021\/11\/arvore-de-natal-rosa-1.jpg\"><img decoding=\"async\" class=\"aligncenter size-full wp-image-36542\" src=\"https:\/\/www.aarquiteta.com.br\/blog\/wp-content\/uploads\/2021\/11\/arvore-de-natal-rosa-1.jpg\" alt=\"\" width=\"569\" height=\"761\" title=\"\" srcset=\"https:\/\/www.aarquiteta.com.br\/blog\/wp-content\/uploads\/2021\/11\/arvore-de-natal-rosa-1.jpg 569w, https:\/\/www.aarquiteta.com.br\/blog\/wp-content\/uploads\/2021\/11\/arvore-de-natal-rosa-1-150x201.jpg 150w\" sizes=\"(max-width: 569px) 100vw, 569px\" \/><\/a><\/p><h3>\u2014 \u00c1rvore\u00a0 Azul:<\/h3><p><a href=\"https:\/\/www.aarquiteta.com.br\/blog\/wp-content\/uploads\/2021\/11\/arvore-de-natal-azul.jpg\"><img decoding=\"async\" class=\"aligncenter size-full wp-image-36537\" src=\"https:\/\/www.aarquiteta.com.br\/blog\/wp-content\/uploads\/2021\/11\/arvore-de-natal-azul.jpg\" alt=\"\" width=\"569\" height=\"761\" title=\"\" srcset=\"https:\/\/www.aarquiteta.com.br\/blog\/wp-content\/uploads\/2021\/11\/arvore-de-natal-azul.jpg 569w, https:\/\/www.aarquiteta.com.br\/blog\/wp-content\/uploads\/2021\/11\/arvore-de-natal-azul-150x201.jpg 150w\" sizes=\"(max-width: 569px) 100vw, 569px\" \/><\/a><\/p><h3>\u25ba Rendimento:<\/h3><p>12 por\u00e7\u00f5es<\/p><h3><strong>E a\u00ed, gostou da receita?<\/strong><\/h3><p><strong>Ent\u00e3o compartilhe com os amigos!<\/strong><\/p><p>Quer ver dicas de Decora\u00e7\u00e3o? <a href=\"https:\/\/www.aarquiteta.com.br\/decoracao\" target=\"_blank\" rel=\"noopener\">Basta clicar aqui.<\/a><\/p><p>Em fim, n\u00e3o se esque\u00e7a de me deixar saber nos coment\u00e1rios o que voc\u00ea achou do artigo.<\/p><p>At\u00e9 a pr\u00f3xima dica!<\/p><h3><span id=\"%E2%96%BAVeja_mais_dicas_em\" class=\"ez-toc-section\"><\/span>\u25baVeja mais!<\/h3><p>Quer mais dicas ent\u00e3o confira alguns dos nossos artigos sobre:<\/p><ul><li><a href=\"https:\/\/www.aarquiteta.com.br\/decoracao\/\" target=\"_blank\" rel=\"noopener\">Decora\u00e7\u00e3o<\/a><\/li><li><a href=\"https:\/\/www.aarquiteta.com.br\/blog\/paisagismo\/\" target=\"_blank\" rel=\"noopener\">Casa e Jardim<\/a><\/li><li><a href=\"https:\/\/www.aarquiteta.com.br\/blog\/arquitetura\/mundo-arquitetura\/\" target=\"_blank\" rel=\"noopener\">Mundo Arquitetura<\/a><\/li><\/ul><h3><span id=\"%E2%96%BA_Siga-nos_nas_redes_sociais\" class=\"ez-toc-section\"><\/span>\u25ba Siga-nos nas redes sociais:<\/h3><p>Al\u00e9m disso, confira nossas redes sociais, siga-nos em:<\/p><ul><li><a href=\"https:\/\/br.pinterest.com\/aarquitetapinterest\/_created\/\" target=\"_blank\" rel=\"noopener\">Pinterest<\/a><\/li><li>Facebook<\/li><li><a href=\"https:\/\/www.instagram.com\/aarquitetablog\" target=\"_blank\" rel=\"noopener\">Instagram<\/a><\/li><li><a href=\"https:\/\/www.tiktok.com\/@aarquiteta_oficial?lang=pt-BR\" target=\"_blank\" rel=\"noopener\">Tiktok<\/a><\/li><\/ul><p>&nbsp;<\/p><p>&nbsp;<\/p>","protected":false},"excerpt":{"rendered":"<p>\u00c1rvore de Natal &#8211; 4 cores na decora\u00e7\u00e3o para voc\u00ea se inspirar!A hora de montar a \u00e1rvore est\u00e1 chegando e a fam\u00edlia espera ansiosa pela montagem do s\u00edmbolo mais esperado nas Festas de Final de Ano.A decora\u00e7\u00e3o de Natal \u00e9 um carinho que voc\u00ea faz para a sua fam\u00edlia e eles v\u00e3o ficar encantados.O Natal [&hellip;]<\/p>\n","protected":false},"author":102,"featured_media":36536,"comment_status":"closed","ping_status":"closed","sticky":false,"template":"","format":"standard","meta":{"footnotes":""},"categories":[1484,10005,19112,19108,20353],"tags":[2687,9838,9839,9836,9837,9840,9841,9842],"class_list":["post-36529","post","type-post","status-publish","format-standard","has-post-thumbnail","category-decoracao","category-casa-e-jardim","category-diy","category-festas-e-confraternizacoes","category-home-decor","tag-arvore-de-natal","tag-arvore-de-natal-azul","tag-arvore-de-natal-branca","tag-arvore-de-natal-rosa","tag-arvore-de-natal-tradicional","tag-arvore-de-natal-verde","tag-cores-de-arvore-de-natal","tag-tipos-de-arvore-de-natal"],"_wp_attached_file":null,"_wp_attachment_metadata":null,"_wp_attachment_context":null,"_wp_attachment_is_custom_header":null,"geo_longitude":null,"geo_public":null,"geo_latitude":null,"_publicize_done_external":null,"_wpas_done_3897181":null,"publicize_twitter_user":null,"_wpas_done_3897175":null,"_wpas_skip_3897181":null,"_wpas_skip_3897175":null,"_wpas_skip_3924723":null,"_wpas_mess":null,"_wpas_done_3924723":null,"wps_subtitle":"Est\u00e1 chegando o Natal e voc\u00ea ainda est\u00e1 sem inspira\u00e7\u00e3o? Ent\u00e3o confira as novas cores das arvores de Natal e inove!","_links":{"self":[{"href":"https:\/\/www.aarquiteta.com.br\/blog\/wp-json\/wp\/v2\/posts\/36529","targetHints":{"allow":["GET"]}}],"collection":[{"href":"https:\/\/www.aarquiteta.com.br\/blog\/wp-json\/wp\/v2\/posts"}],"about":[{"href":"https:\/\/www.aarquiteta.com.br\/blog\/wp-json\/wp\/v2\/types\/post"}],"author":[{"embeddable":true,"href":"https:\/\/www.aarquiteta.com.br\/blog\/wp-json\/wp\/v2\/users\/102"}],"replies":[{"embeddable":true,"href":"https:\/\/www.aarquiteta.com.br\/blog\/wp-json\/wp\/v2\/comments?post=36529"}],"version-history":[{"count":0,"href":"https:\/\/www.aarquiteta.com.br\/blog\/wp-json\/wp\/v2\/posts\/36529\/revisions"}],"wp:featuredmedia":[{"embeddable":true,"href":"https:\/\/www.aarquiteta.com.br\/blog\/wp-json\/wp\/v2\/media\/36536"}],"wp:attachment":[{"href":"https:\/\/www.aarquiteta.com.br\/blog\/wp-json\/wp\/v2\/media?parent=36529"}],"wp:term":[{"taxonomy":"category","embeddable":true,"href":"https:\/\/www.aarquiteta.com.br\/blog\/wp-json\/wp\/v2\/categories?post=36529"},{"taxonomy":"post_tag","embeddable":true,"href":"https:\/\/www.aarquiteta.com.br\/blog\/wp-json\/wp\/v2\/tags?post=36529"}],"curies":[{"name":"wp","href":"https:\/\/api.w.org\/{rel}","templated":true}]}}