{"id":36360,"date":"2021-11-18T10:02:20","date_gmt":"2021-11-18T13:02:20","guid":{"rendered":"http:\/\/aarquiteta.com.br\/?p=36360"},"modified":"2024-10-11T14:30:05","modified_gmt":"2024-10-11T17:30:05","slug":"suculentas-de-sombra","status":"publish","type":"post","link":"https:\/\/www.aarquiteta.com.br\/blog\/suculentas-de-sombra\/","title":{"rendered":"Suculentas de Sombra &#8211; 8 plantas para ficar dentro de casa!"},"content":{"rendered":"<p><a href=\"https:\/\/www.aarquiteta.com.br\/blog\/?s=SUCULENTA\">Suculentas<\/a> de Meia Sombra &#8211; 8 plantas para ficar dentro de casa!\u00a0Muitos h\u00e3o de dizer que jardinagem \u00e9 uma t\u00e9cnica de terapia contra o \u2018stress\u2019 dos dias de atuais.\u00a0E eles est\u00e3o errados?<\/p><p>Neste artigo sobre jardinagem contaremos <a href=\"https:\/\/www.aarquiteta.com.br\/blog\/cursos-de-arquitetura-e-decoracao\/curso-de-decoracao-de-interiores\/\">como decorar<\/a> com suculentas.\u00a0Se liga nas dicas e corra para a Leroy Merlin.<\/p><h2>Suculentas de Sombra &#8211; Plantas para ficar dentro de casa!<\/h2><h3>O que s\u00e3o suculentas de meia-sombra?<\/h3><p class=\"co8aDb\" role=\"heading\" aria-level=\"3\">Suculentas de meia-sombra s\u00e3o suculentas que podem ficar em um abrigo longe do sol pleno. Algumas esp\u00e9cies conseguem desenvolver-se bem apenas recebendo luz indireta.\u00a0Entende-se por luz indireta a <a href=\"https:\/\/www.aarquiteta.com.br\/blog\/?s=ILUMINA%C3%87%C3%83O\">ilumina\u00e7\u00e3o<\/a> natural que vem de uma janela, ou mesmo da exposi\u00e7\u00e3o em uma varanda.<\/p><p role=\"heading\" aria-level=\"3\">Suculentas precisam de ilumina\u00e7\u00e3o caso contr\u00e1rio elas v\u00e3o definhando lentamente at\u00e9 morrerem.\u00a0Por isso nunca coloquem uma suculenta no <a href=\"https:\/\/www.aarquiteta.com.br\/blog\/?s=BANHEIRO\">banheiro<\/a>, pois al\u00e9m de der um local \u00famido (suculentas s\u00e3o plantas do deserto), a incid\u00eancia de luz indireta \u00e9 muito pouca para a sua sobreviv\u00eancia.<\/p><p role=\"heading\" aria-level=\"3\">Lavabos ent\u00e3o, nem pensar!\u00a0Coloque as suculentas sempre em frente a uma janela que bata Sol pelo menos por 4 horas do dia, em especial o Sol da manh\u00e3.<\/p><p role=\"heading\" aria-level=\"3\">O termo correto para essas plantas s\u00e3o: plantas de meia-sombra e n\u00e3o plantas de sombra, pois todas as plantas precisam de luz para fazer a fotoss\u00edntese.<\/p><h2 role=\"heading\" aria-level=\"3\">Ent\u00e3o vamos agora a 8 esp\u00e9cies de suculentas plantas de meia-sombra.<\/h2><p role=\"heading\" aria-level=\"3\">Suculentas s\u00e3o plantas que atualmente s\u00e3o muito utilizadas em decora\u00e7\u00e3o.\u00a0Quem disse que n\u00e3o podemos usar suculentas na decora\u00e7\u00e3o interna da nossa casa?\u00a0Olha s\u00f3 as 8 dicas que separamos para voc\u00ea:<\/p><div class=\"RqBzHd\"><h3>1- Crassula Ovata:<\/h3><p>A planta-jade \u00e9 uma esp\u00e9cie <a href=\"https:\/\/www.aarquiteta.com.br\/blog\/?s=SUCULENTA\">suculenta<\/a>, uma das suculentas mais f\u00e1ceis de cultivar.<\/p><p>Seu caule \u00e9 ramificado, verde e suculento quando jovem, e vai gradativamente lignificando, adquirindo uma tonalidade parda.<\/p><figure id=\"attachment_36361\" aria-describedby=\"caption-attachment-36361\" style=\"width: 959px\" class=\"wp-caption aligncenter\"><a href=\"https:\/\/www.aarquiteta.com.br\/blog\/wp-content\/uploads\/2021\/11\/crassula-ovata.jpg\"><img decoding=\"async\" class=\"wp-image-36361\" title=\"Suculentas de Meia Sombra - 8 plantas para ficar dentro de casa!\" src=\"https:\/\/www.aarquiteta.com.br\/blog\/wp-content\/uploads\/2021\/11\/crassula-ovata.jpg\" alt=\"Suculentas de Meia Sombra - 8 plantas para ficar dentro de casa!\" width=\"959\" height=\"1100\" srcset=\"https:\/\/www.aarquiteta.com.br\/blog\/wp-content\/uploads\/2021\/11\/crassula-ovata.jpg 638w, https:\/\/www.aarquiteta.com.br\/blog\/wp-content\/uploads\/2021\/11\/crassula-ovata-150x172.jpg 150w\" sizes=\"(max-width: 959px) 100vw, 959px\" \/><\/a><figcaption id=\"caption-attachment-36361\" class=\"wp-caption-text\">Suculentas de Meia Sombra &#8211; 8 plantas para ficar dentro de casa!<\/figcaption><\/figure><p>Os ramos e o caule s\u00e3o robustos, curtos e retorcidos, conferindo \u00e0 planta um aspecto de bonsai.\u00a0As folhas s\u00e3o ovaladas a el\u00edpticas, opostas, suculentas e de uma bela cor verde-jade.\u00a0Quando a Sob sol pleno, algumas variedades desenvolvem margens avermelhadas.<\/p><p>Floresce no inverno e primavera, despontando infloresc\u00eancias terminais, com numerosas flores estreladas, perfumadas, de cor branca ou rosa.<\/p><p>H\u00e1 diferentes cultivares da planta-jade, as mais populares atualmente s\u00e3o a \u2018Gollun\u2019, de folhas modificadas que lembram as orelhas do Shrek, e a \u2018Hobbit\u2019, com folhas curvas e alongadas, semelhantes a orelhas de coelho ou colheres.<\/p><p>Tenha cuidado, no entanto, de expor gradativamente uma planta que estava na sombra ao sol, para n\u00e3o provocar queimaduras nas folhas.\u00a0No jardim, adapta-se bem a locais bem drenados, podendo formar renques formais ou informais, topiarias, ou grupos com outras plantas.<\/p><h3>2- Haworthiopses:<\/h3><p>Suculenta de crescimento lento, possui folhas verdes pequenas, com menos de 10 cm de comprimento, com a ponta triangular na cor verde e faixas brancas com cristas na parte externa.<\/p><figure id=\"attachment_36362\" aria-describedby=\"caption-attachment-36362\" style=\"width: 1089px\" class=\"wp-caption aligncenter\"><a href=\"https:\/\/www.aarquiteta.com.br\/blog\/wp-content\/uploads\/2021\/11\/Haworthias-faciata.jpg\"><img decoding=\"async\" class=\"wp-image-36362\" title=\"Suculentas de Meia Sombra - 8 plantas para ficar dentro de casa!\" src=\"https:\/\/www.aarquiteta.com.br\/blog\/wp-content\/uploads\/2021\/11\/Haworthias-faciata.jpg\" alt=\"Suculentas de Meia Sombra - 8 plantas para ficar dentro de casa!\" width=\"1089\" height=\"1100\" srcset=\"https:\/\/www.aarquiteta.com.br\/blog\/wp-content\/uploads\/2021\/11\/Haworthias-faciata.jpg 721w, https:\/\/www.aarquiteta.com.br\/blog\/wp-content\/uploads\/2021\/11\/Haworthias-faciata-696x703.jpg 696w, https:\/\/www.aarquiteta.com.br\/blog\/wp-content\/uploads\/2021\/11\/Haworthias-faciata-96x96.jpg 96w, https:\/\/www.aarquiteta.com.br\/blog\/wp-content\/uploads\/2021\/11\/Haworthias-faciata-150x151.jpg 150w\" sizes=\"(max-width: 1089px) 100vw, 1089px\" \/><\/a><figcaption id=\"caption-attachment-36362\" class=\"wp-caption-text\">Suculentas de Meia Sombra &#8211; 8 plantas para ficar dentro de casa!<\/figcaption><\/figure><p>No final da folha existe uma espinha n\u00e3o aguda. As flores de ver\u00e3o aparecem em outubro e novembro, no final de uma infloresc\u00eancia.\u00a0Gosta de boa ilumina\u00e7\u00e3o e sol direto.<\/p><p>Encoste seu dedo na terra para perceber se ela precisa de \u00e1gua, pois o excesso de \u00e1gua pode apodrecer as ra\u00edzes e matar a planta.<\/p><h3>3- Sansevieria:<\/h3><p>A Sansevi\u00e9ria \u00e9 origin\u00e1ria da \u00c1frica e da \u00c1sia, sob os nomes comuns de espada-de-s\u00e3o-jorge, e l\u00edngua-de-sogra.\u00a0Os nomes comuns s\u00e3o uma alus\u00e3o \u00e0s suas folhas estreitas, duras e agu\u00e7adas.<\/p><figure id=\"attachment_36364\" aria-describedby=\"caption-attachment-36364\" style=\"width: 999px\" class=\"wp-caption aligncenter\"><a href=\"https:\/\/www.aarquiteta.com.br\/blog\/wp-content\/uploads\/2021\/11\/Sansevieria.jpg\"><img decoding=\"async\" class=\"wp-image-36364\" title=\"Suculentas de Meia Sombra - 8 plantas para ficar dentro de casa!\" src=\"https:\/\/www.aarquiteta.com.br\/blog\/wp-content\/uploads\/2021\/11\/Sansevieria.jpg\" alt=\"Suculentas de Meia Sombra - 8 plantas para ficar dentro de casa!\" width=\"999\" height=\"1100\" srcset=\"https:\/\/www.aarquiteta.com.br\/blog\/wp-content\/uploads\/2021\/11\/Sansevieria.jpg 721w, https:\/\/www.aarquiteta.com.br\/blog\/wp-content\/uploads\/2021\/11\/Sansevieria-696x766.jpg 696w, https:\/\/www.aarquiteta.com.br\/blog\/wp-content\/uploads\/2021\/11\/Sansevieria-150x165.jpg 150w\" sizes=\"(max-width: 999px) 100vw, 999px\" \/><\/a><figcaption id=\"caption-attachment-36364\" class=\"wp-caption-text\">Suculentas de Meia Sombra &#8211; 8 plantas para ficar dentro de casa!<\/figcaption><\/figure><p>Plantada como uma planta de interior, muito adapt\u00e1vel a ambientes com atmosfera seca e aquecida, luz pobre, falta de rega ou de transplantes.\u00a0Classificada como uma planta purificadora do ar.<\/p><h3>4- Zamioculcas zamiifolia:<\/h3><p>Da fam\u00edlia das Ar\u00e1ceas (popularmente conhecida de <b>Zamioculcas<\/b> ou ZZ) \u00e9 uma planta origin\u00e1ria da Tanz\u00e2nia, na \u00c1frica.\u00a0Ela se adapta bem a ambientes internos, de pouca luz, resistente e dur\u00e1vel. Tamb\u00e9m \u00e9 pouco exigente com as regas.<\/p><figure id=\"attachment_36235\" aria-describedby=\"caption-attachment-36235\" style=\"width: 855px\" class=\"wp-caption aligncenter\"><a href=\"https:\/\/www.aarquiteta.com.br\/blog\/wp-content\/uploads\/2021\/11\/zamioculca.jpg\"><img decoding=\"async\" class=\"wp-image-36235\" title=\"Suculentas de Meia Sombra - 8 plantas para ficar dentro de casa!\" src=\"https:\/\/www.aarquiteta.com.br\/blog\/wp-content\/uploads\/2021\/11\/zamioculca.jpg\" alt=\"Suculentas de Meia Sombra - 8 plantas para ficar dentro de casa!\" width=\"855\" height=\"1100\" \/><\/a><figcaption id=\"caption-attachment-36235\" class=\"wp-caption-text\">Suculentas de Meia Sombra &#8211; 8 plantas para ficar dentro de casa!<\/figcaption><\/figure><p>\u00c9 uma \u00f3tima para prote\u00e7\u00e3o dos ambientes, para absorver energia negativa e elimin\u00e1-las tamb\u00e9m.\u00a0Ela est\u00e1 ligada ao enriquecimento, e as folhas verdes e brilhantes tamb\u00e9m t\u00eam um significado de resist\u00eancia, vida e esperan\u00e7a.<\/p><h3 role=\"heading\" aria-level=\"3\">Suculentas plantas de meia-sombra s\u00e3o lindas e f\u00e1ceis de cuidar!<\/h3><h3>5- Portulacaria afra.<\/h3><p>Traduzido do ingl\u00eas<span class=\"tlSSbb\">&#8211;<\/span>Portulacaria afra \u00e9 uma planta suculenta de pequenas folhas encontrada na \u00c1frica do Sul.<\/p><p>Essas suculentas geralmente t\u00eam um caule avermelhado e folhas verdes, mas tamb\u00e9m um cultivar variegado \u00e9 frequentemente visto em cultivo.\u00a0S\u00e3o simples de cuidar e fazem plantas de interior f\u00e1ceis para um local ensolarado.<\/p><figure id=\"attachment_36365\" aria-describedby=\"caption-attachment-36365\" style=\"width: 824px\" class=\"wp-caption aligncenter\"><a href=\"https:\/\/www.aarquiteta.com.br\/blog\/wp-content\/uploads\/2021\/11\/Portulacaria-afra.jpg\"><img decoding=\"async\" class=\"wp-image-36365\" title=\"Suculentas de Meia Sombra - 8 plantas para ficar dentro de casa!\" src=\"https:\/\/www.aarquiteta.com.br\/blog\/wp-content\/uploads\/2021\/11\/Portulacaria-afra.jpg\" alt=\"Suculentas de Meia Sombra - 8 plantas para ficar dentro de casa!\" width=\"824\" height=\"1100\" srcset=\"https:\/\/www.aarquiteta.com.br\/blog\/wp-content\/uploads\/2021\/11\/Portulacaria-afra.jpg 639w, https:\/\/www.aarquiteta.com.br\/blog\/wp-content\/uploads\/2021\/11\/Portulacaria-afra-150x200.jpg 150w\" sizes=\"(max-width: 824px) 100vw, 824px\" \/><\/a><figcaption id=\"caption-attachment-36365\" class=\"wp-caption-text\">Suculentas de Meia Sombra &#8211; 8 plantas para ficar dentro de casa!<\/figcaption><\/figure><h3>6- Gasteria.<\/h3><p>Gasteria \u00e9 nativa do Sul da \u00c1frica e gostam de crescer em solo arenosos bem drenados.\u00a0S\u00e3o plantas que preferem crescer em meia sombra, devem ser protegidas do sol direto e ventos.<\/p><p>As regas devem ser frequentes na primavera, ver\u00e3o e outono, por\u00e9m sem encharcar.\u00a0Contudo, no inverno, as regas devem ser suspensas, pois, a planta entra em dorm\u00eancia e o excesso de umidade pode ocasionar a mela das folhas e ra\u00edzes.<\/p><figure id=\"attachment_36366\" aria-describedby=\"caption-attachment-36366\" style=\"width: 1100px\" class=\"wp-caption aligncenter\"><a href=\"https:\/\/www.aarquiteta.com.br\/blog\/wp-content\/uploads\/2021\/11\/gasteria.jpg\"><img decoding=\"async\" class=\"wp-image-36366\" title=\"Suculentas de Meia Sombra - 8 plantas para ficar dentro de casa!\" src=\"https:\/\/www.aarquiteta.com.br\/blog\/wp-content\/uploads\/2021\/11\/gasteria.jpg\" alt=\"Suculentas de Meia Sombra - 8 plantas para ficar dentro de casa!\" width=\"1100\" height=\"775\" srcset=\"https:\/\/www.aarquiteta.com.br\/blog\/wp-content\/uploads\/2021\/11\/gasteria.jpg 810w, https:\/\/www.aarquiteta.com.br\/blog\/wp-content\/uploads\/2021\/11\/gasteria-696x491.jpg 696w, https:\/\/www.aarquiteta.com.br\/blog\/wp-content\/uploads\/2021\/11\/gasteria-150x106.jpg 150w\" sizes=\"(max-width: 1100px) 100vw, 1100px\" \/><\/a><figcaption id=\"caption-attachment-36366\" class=\"wp-caption-text\">Suculentas de Meia Sombra &#8211; 8 plantas para ficar dentro de casa!<\/figcaption><\/figure><h3>7 &#8211; Rhipsalis.<\/h3><p>A rhipsalis \u00e9 uma planta de vasos de forma pendente, mas tamb\u00e9m pode se envolver em outras plantas para se sustentar. Dessa forma, consegue obter nutrientes e se proteger de poss\u00edveis predadores e pragas.<\/p><p>\u00c9 capaz de suportar algumas horas de sol pleno ou \u00e1reas que recebem muita luz solar durante o dia.\u00a0No entanto, pode ser cultivada tranquilamente em locais sombreados, como\u00a0ambientes internos,\u00a0salas\u00a0e\u00a0quartos.<\/p><p>Al\u00e9m disso, em algumas \u00e9pocas do ano pode florir e dar pequenos frutos, que servem de alimento para alguns p\u00e1ssaros.<\/p><p>Al\u00e9m da beleza, a rhipsalis pode ser considerada uma planta f\u00e1cil de ser cultivada, j\u00e1 que n\u00e3o exige muitos cuidados, seja em rela\u00e7\u00e3o \u00e0 luminosidade ou \u00e0 frequ\u00eancia de rega.<\/p><figure id=\"attachment_36367\" aria-describedby=\"caption-attachment-36367\" style=\"width: 1100px\" class=\"wp-caption aligncenter\"><a href=\"https:\/\/www.aarquiteta.com.br\/blog\/wp-content\/uploads\/2021\/11\/Rhipsalis.jpg\"><img decoding=\"async\" class=\"wp-image-36367\" src=\"https:\/\/www.aarquiteta.com.br\/blog\/wp-content\/uploads\/2021\/11\/Rhipsalis.jpg\" alt=\"\" width=\"1100\" height=\"775\" title=\"\" srcset=\"https:\/\/www.aarquiteta.com.br\/blog\/wp-content\/uploads\/2021\/11\/Rhipsalis.jpg 810w, https:\/\/www.aarquiteta.com.br\/blog\/wp-content\/uploads\/2021\/11\/Rhipsalis-696x491.jpg 696w, https:\/\/www.aarquiteta.com.br\/blog\/wp-content\/uploads\/2021\/11\/Rhipsalis-150x106.jpg 150w\" sizes=\"(max-width: 1100px) 100vw, 1100px\" \/><\/a><figcaption id=\"caption-attachment-36367\" class=\"wp-caption-text\">Suculentas de Meia Sombra &#8211; 8 plantas para ficar dentro de casa!<\/figcaption><\/figure><p><span style=\"font-size: 22px; font-weight: bold;\">8- Othonna capensis<\/span><\/p><p>A suculenta colar de rubi, apelido pelo qual \u00e9 conhecida a esp\u00e9cie bot\u00e2nica\u00a0<em>Othonna capensis<\/em>, \u00e9 um belo exemplo de planta pendente. <b>Cuidar<\/b> da suculenta colar \u00e9 bastante tranquilo.<\/p><p>\u00c9 uma planta que pode tolerar sol pleno, mas deve ser protegida por uma tela de sombreamento durante os dias mais quentes do ver\u00e3o.<\/p><figure id=\"attachment_36368\" aria-describedby=\"caption-attachment-36368\" style=\"width: 900px\" class=\"wp-caption aligncenter\"><a href=\"https:\/\/www.aarquiteta.com.br\/blog\/wp-content\/uploads\/2021\/11\/Othonna-capensis.jpg\"><img decoding=\"async\" class=\"wp-image-36368\" src=\"https:\/\/www.aarquiteta.com.br\/blog\/wp-content\/uploads\/2021\/11\/Othonna-capensis.jpg\" alt=\"\" width=\"900\" height=\"1100\" title=\"\" srcset=\"https:\/\/www.aarquiteta.com.br\/blog\/wp-content\/uploads\/2021\/11\/Othonna-capensis.jpg 706w, https:\/\/www.aarquiteta.com.br\/blog\/wp-content\/uploads\/2021\/11\/Othonna-capensis-696x851.jpg 696w, https:\/\/www.aarquiteta.com.br\/blog\/wp-content\/uploads\/2021\/11\/Othonna-capensis-150x183.jpg 150w\" sizes=\"(max-width: 900px) 100vw, 900px\" \/><\/a><figcaption id=\"caption-attachment-36368\" class=\"wp-caption-text\">Suculentas de Meia Sombra &#8211; 8 plantas para ficar dentro de casa!<\/figcaption><\/figure><\/div><p>N\u00e3o deixe de visitar a <a href=\"https:\/\/www.aarquiteta.com.br\/blog\/casa-e-jardim\/\" target=\"_blank\" rel=\"noopener\">categoria Casa e Jardim<\/a> e pegue as melhores dicas de jardinagem para alegrar seu voc\u00ea e impressionar sua fam\u00edlia!<\/p><figure id=\"attachment_88605\" aria-describedby=\"caption-attachment-88605\" style=\"width: 1004px\" class=\"wp-caption alignnone\"><img decoding=\"async\" class=\"size-full wp-image-88605\" src=\"https:\/\/www.aarquiteta.com.br\/blog\/wp-content\/uploads\/2023\/09\/Livro-suculenta-2.jpeg\" alt=\"Cole\u00e7\u00e3o Livros Luciana Paix\u00e3o: Vida No Jardim!\" width=\"1004\" height=\"1600\" title=\"\" srcset=\"https:\/\/www.aarquiteta.com.br\/blog\/wp-content\/uploads\/2023\/09\/Livro-suculenta-2.jpeg 1004w, https:\/\/www.aarquiteta.com.br\/blog\/wp-content\/uploads\/2023\/09\/Livro-suculenta-2-643x1024.jpeg 643w, https:\/\/www.aarquiteta.com.br\/blog\/wp-content\/uploads\/2023\/09\/Livro-suculenta-2-696x1109.jpeg 696w, https:\/\/www.aarquiteta.com.br\/blog\/wp-content\/uploads\/2023\/09\/Livro-suculenta-2-150x239.jpeg 150w\" sizes=\"(max-width: 1004px) 100vw, 1004px\" \/><figcaption id=\"caption-attachment-88605\" class=\"wp-caption-text\">E-book:: 80 Plantas Suculentas f\u00e1ceis de cultivar &#8211; Clique para saber mais!<\/figcaption><\/figure><h3><strong>E a\u00ed, gostou das dicas do artigo sobre Suculentas de Meia Sombra?<\/strong><\/h3><p>Ent\u00e3o deslize a tela para baixo e<a href=\"https:\/\/br.pinterest.com\/aarquitetapinterest\/_created\/\" target=\"_blank\" rel=\"noopener\"> confira mais dicas<\/a> como esta e n\u00e3o se esque\u00e7a de compartilhar com os amigos!<\/p><p>Quer mais dicas sobre o mundo da Arquitetura e Decora\u00e7\u00e3o? Ent\u00e3o decore f\u00e1cil sem mist\u00e9rios, confira alguns dos nossos artigos em:<\/p><ul><li style=\"list-style-type: none;\"><ul><li><a href=\"https:\/\/www.aarquiteta.com.br\/blog\/paisagismo\/\" target=\"_blank\" rel=\"noopener\">Casa e Jardim<\/a><\/li><li><a href=\"https:\/\/www.aarquiteta.com.br\/blog\/arquitetura\/mundo-arquitetura\/\" target=\"_blank\" rel=\"noopener\">Mundo Arquitetura<\/a><\/li><li><a href=\"https:\/\/www.aarquiteta.com.br\/decoracao\/\" target=\"_blank\" rel=\"noopener\">Decora\u00e7\u00e3o<br \/>\n<\/a><\/li><\/ul><\/li><\/ul><p>&nbsp;<\/p>","protected":false},"excerpt":{"rendered":"<p>Suculentas de Meia Sombra &#8211; 8 plantas para ficar dentro de casa!\u00a0Muitos h\u00e3o de dizer que jardinagem \u00e9 uma t\u00e9cnica de terapia contra o \u2018stress\u2019 dos dias de atuais.\u00a0E eles est\u00e3o errados?Neste artigo sobre jardinagem contaremos como decorar com suculentas.\u00a0Se liga nas dicas e corra para a Leroy Merlin.Suculentas de Sombra &#8211; Plantas para ficar [&hellip;]<\/p>\n","protected":false},"author":102,"featured_media":42534,"comment_status":"closed","ping_status":"closed","sticky":false,"template":"","format":"standard","meta":{"footnotes":""},"categories":[10005,35393,9612],"tags":[9739,9736,9738,2345,9737],"class_list":["post-36360","post","type-post","status-publish","format-standard","has-post-thumbnail","category-casa-e-jardim","category-cactos-e-suculentas","category-jardinagem","tag-como-decorar-com-suculentas","tag-dicas-de-sulentas-para-dentro-de-casa","tag-suculenta-de-sombra","tag-suculentas","tag-suculentas-meia-sombra"],"_wp_attached_file":null,"_wp_attachment_metadata":null,"_wp_attachment_context":null,"_wp_attachment_is_custom_header":null,"geo_longitude":null,"geo_public":null,"geo_latitude":null,"_publicize_done_external":null,"_wpas_done_3897181":null,"publicize_twitter_user":null,"_wpas_done_3897175":null,"_wpas_skip_3897181":null,"_wpas_skip_3897175":null,"_wpas_skip_3924723":null,"_wpas_mess":null,"_wpas_done_3924723":null,"wps_subtitle":"Confira 8 dicas para o cultivo de plantas suculentas de sombra. Tudo o que voc\u00ea precisa saber para come\u00e7ar a cultivar agora!","_links":{"self":[{"href":"https:\/\/www.aarquiteta.com.br\/blog\/wp-json\/wp\/v2\/posts\/36360","targetHints":{"allow":["GET"]}}],"collection":[{"href":"https:\/\/www.aarquiteta.com.br\/blog\/wp-json\/wp\/v2\/posts"}],"about":[{"href":"https:\/\/www.aarquiteta.com.br\/blog\/wp-json\/wp\/v2\/types\/post"}],"author":[{"embeddable":true,"href":"https:\/\/www.aarquiteta.com.br\/blog\/wp-json\/wp\/v2\/users\/102"}],"replies":[{"embeddable":true,"href":"https:\/\/www.aarquiteta.com.br\/blog\/wp-json\/wp\/v2\/comments?post=36360"}],"version-history":[{"count":0,"href":"https:\/\/www.aarquiteta.com.br\/blog\/wp-json\/wp\/v2\/posts\/36360\/revisions"}],"wp:featuredmedia":[{"embeddable":true,"href":"https:\/\/www.aarquiteta.com.br\/blog\/wp-json\/wp\/v2\/media\/42534"}],"wp:attachment":[{"href":"https:\/\/www.aarquiteta.com.br\/blog\/wp-json\/wp\/v2\/media?parent=36360"}],"wp:term":[{"taxonomy":"category","embeddable":true,"href":"https:\/\/www.aarquiteta.com.br\/blog\/wp-json\/wp\/v2\/categories?post=36360"},{"taxonomy":"post_tag","embeddable":true,"href":"https:\/\/www.aarquiteta.com.br\/blog\/wp-json\/wp\/v2\/tags?post=36360"}],"curies":[{"name":"wp","href":"https:\/\/api.w.org\/{rel}","templated":true}]}}