{"id":36320,"date":"2021-11-17T11:03:47","date_gmt":"2021-11-17T14:03:47","guid":{"rendered":"http:\/\/aarquiteta.com.br\/?p=36320"},"modified":"2024-09-13T17:07:14","modified_gmt":"2024-09-13T20:07:14","slug":"decoracao-de-natal-simples","status":"publish","type":"post","link":"https:\/\/www.aarquiteta.com.br\/blog\/decoracao-de-natal-simples\/","title":{"rendered":"Decora\u00e7\u00e3o de Natal Simples &#8211; 10 Itens que n\u00e3o podem faltar na sua Festa!"},"content":{"rendered":"<p>Decora\u00e7\u00e3o de Natal Simples &#8211; 10 Itens que n\u00e3o podem faltar na sua Festa de Fim de ano!<\/p><p>O Natal est\u00e1 chegando e que tal novas ideias de decora\u00e7\u00e3o para voc\u00ea arrasar com a fam\u00edlia nas Festas de Final de Ano?<\/p><p>Uma linda mesa de Natal \u00e9 um carinho que voc\u00ea faz para a sua fam\u00edlia e eles v\u00e3o ficar encantados.<\/p><p>O Natal est\u00e1 logo ali, ent\u00e3o anote j\u00e1 as dicas de decora\u00e7\u00e3o para este ano! Inspire-se!<\/p><p>A \u00faltima dica \u00e9 a melhor! ;)<\/p><h2>Decora\u00e7\u00e3o de Natal Simples!<\/h2><h3>\u2014 Quando come\u00e7ar a montar a decora\u00e7\u00e3o de Natal?<\/h3><p>A tradi\u00e7\u00e3o natalina cat\u00f3lica diz que o dia correto para iniciar os preparativos para montar a <a href=\"https:\/\/www.aarquiteta.com.br\/blog\/?s=ARVORE\">\u00e1rvore<\/a> de Natal \u00e9 30 de novembro.<\/p><p>Por que esta data? Poque \u00e9 a data marca in\u00edcio do tempo do advento para a Igreja Cat\u00f3lica.<\/p><h3>\u2014 Quando desmontar a decora\u00e7\u00e3o de Natal?<\/h3><p>A decora\u00e7\u00e3o natalina deve ser desmontada no Dia de Reis, em 6 de janeiro.<\/p><div class=\"wWOJcd\" tabindex=\"0\" role=\"button\" aria-controls=\"exacc_MuuTYb_pJ9ap1sQP7J2HSA5\" aria-expanded=\"true\" aria-labelledby=\"exacc_MuuTYb_pJ9ap1sQP7J2HSA4\"><h3 id=\"exacc_MuuTYb_pJ9ap1sQP7J2HSA4\" class=\"iDjcJe IX9Lgd wwB5gf\">\u00a0\u2014 Podemos montar os enfeites de Natal em outubro?<\/h3><div class=\"r21Kzd\" data-hveid=\"CAwQAQ\" data-ved=\"2ahUKEwi_ytb8tJ30AhXWlJUCHezOAQkQuk56BAgMEAE\">O Natal \u00e9 a data mais esperada do ano, ela \u00e9 cheia de simbolismo religioso e isso motiva as pessoas.<\/div><div data-hveid=\"CAwQAQ\" data-ved=\"2ahUKEwi_ytb8tJ30AhXWlJUCHezOAQkQuk56BAgMEAE\"><\/div><div class=\"r21Kzd\" data-hveid=\"CAwQAQ\" data-ved=\"2ahUKEwi_ytb8tJ30AhXWlJUCHezOAQkQuk56BAgMEAE\">Por isso cada vez mais muita gente come\u00e7a a fazer contagem regressiva para o final de ano mais cedo para aproveitar mais o clima de festas.<\/div><\/div><div id=\"exacc_MuuTYb_pJ9ap1sQP7J2HSA5\" class=\"MBtdbb\" data-ved=\"2ahUKEwi_ytb8tJ30AhXWlJUCHezOAQkQ7NUEegQIDBAD\"><div class=\"ymu2Hb\"><div class=\"t0bRye r2fjmd\" data-hveid=\"CAwQBA\" data-ved=\"2ahUKEwi_ytb8tJ30AhXWlJUCHezOAQkQu04oAHoECAwQBA\"><div id=\"WEB_ANSWERS_RESULT_13_MuuTYb_pJ9ap1sQP7J2HSA__13\"><div class=\"wDYxhc\" data-md=\"61\"><div role=\"heading\" data-attrid=\"wa:\/description\" aria-level=\"3\" data-hveid=\"CAoQAA\"><\/div><div class=\"LGOjhe\" role=\"heading\" data-attrid=\"wa:\/description\" aria-level=\"3\" data-hveid=\"CAoQAA\"><span class=\"ILfuVd\"><span class=\"hgKElc\">De forna geral o com\u00e9rcio j\u00e1 come\u00e7a o m\u00eas de outubro com os primeiros enfeites antes de novembro.<\/span><\/span><\/div><\/div><\/div><\/div><\/div><\/div><div class=\"wWOJcd\" tabindex=\"0\" role=\"button\" aria-controls=\"exacc_KuuTYe72MMvX1sQPsNuvkAs268\" aria-expanded=\"true\" aria-labelledby=\"exacc_KuuTYe72MMvX1sQPsNuvkAs267\"><h3>\u2014 De onde surgiu a tradi\u00e7\u00e3o da \u00c1rvore de Natal?<\/h3><\/div><p>A tradi\u00e7\u00e3o de enfeitar a <a href=\"https:\/\/www.aarquiteta.com.br\/blog\/?s=ARVORE\">\u00e1rvore<\/a> de Natal tem mais de 500 anos.<\/p><p>Acredita-se que esta tradi\u00e7\u00e3o foi lan\u00e7ada em 1419 pelos padeiros na Alemanha.<\/p><p>Eles come\u00e7aram a decorar uma \u00e1rvore todos os anos com as del\u00edcias de natalinas da \u00e9poca como ma\u00e7\u00e3s, frutas, nozes e frutas para anunciar a chegada da data,<\/p><p>No entanto, apenas no dia de Ano Novo \u00e9 que as crian\u00e7as podiam sacudir a \u00e1rvore de Natal para comerem o que caia dela.<\/p><div class=\"wWOJcd\" tabindex=\"0\" role=\"button\" aria-controls=\"exacc_KuuTYe72MMvX1sQPsNuvkAs268\" aria-expanded=\"true\" aria-labelledby=\"exacc_KuuTYe72MMvX1sQPsNuvkAs267\"><h3>\u2014 Qual o significado da \u00c1rvore de Natal?<\/h3><p>A \u00e1rvore de\u00a0<b>Natal<\/b> \u00e9 um dos s\u00edmbolos mais importantes nas celebra\u00e7\u00f5es natalinas.<\/p><\/div><h3>\u2014 Como fazer decora\u00e7\u00e3o de Natal gastando pouco dinheiro?<\/h3><div class=\"wWOJcd\" tabindex=\"0\" role=\"button\" aria-controls=\"exacc_KuuTYe72MMvX1sQPsNuvkAs268\" aria-expanded=\"true\" aria-labelledby=\"exacc_KuuTYe72MMvX1sQPsNuvkAs267\"><p class=\"r21Kzd\" data-hveid=\"CGEQAQ\" data-ved=\"2ahUKEwjus_f4tJ30AhXLq5UCHbDtC7IQuk56BAhhEAE\">A maioria das pessoas que gostam das festas de fim de ano, procuram enfeitar suas <a href=\"https:\/\/www.aarquiteta.com.br\/blog\/?s=CASAS\">casas<\/a> com oque elas t\u00eam de mais lindo.<\/p><p class=\"r21Kzd\" data-hveid=\"CGEQAQ\" data-ved=\"2ahUKEwjus_f4tJ30AhXLq5UCHbDtC7IQuk56BAhhEAE\">Contudo, para isso n\u00e3o \u00e9 necess\u00e1rio gastar horrores com objetos natalinos.<\/p><p class=\"r21Kzd\" data-hveid=\"CGEQAQ\" data-ved=\"2ahUKEwjus_f4tJ30AhXLq5UCHbDtC7IQuk56BAhhEAE\">Para ter uma <b>decora\u00e7\u00e3o de natal<\/b> simples e barata invista em objetos de <b>decora\u00e7\u00e3o<\/b> baratinhos:<\/p><p class=\"r21Kzd\" data-hveid=\"CGEQAQ\" data-ved=\"2ahUKEwjus_f4tJ30AhXLq5UCHbDtC7IQuk56BAhhEAE\">Flores artificiais, fitas de cetim vermelha e retalhos de tecidos nas <a href=\"https:\/\/www.aarquiteta.com.br\/blog\/?s=CORES\">cores<\/a> natalinas.<\/p><p class=\"r21Kzd\" data-hveid=\"CGEQAQ\" data-ved=\"2ahUKEwjus_f4tJ30AhXLq5UCHbDtC7IQuk56BAhhEAE\">Coloque sua habilidade artesanal e criar pe\u00e7as totalmente criadas por voc\u00ea!<\/p><h2 data-hveid=\"CGEQAQ\" data-ved=\"2ahUKEwjus_f4tJ30AhXLq5UCHbDtC7IQuk56BAhhEAE\">Decora\u00e7\u00e3o de Natal Simples &#8211; Confira agora os 10 Itens que n\u00e3o podem faltar na sua decora\u00e7\u00e3o de Natal!<\/h2><div class=\"co8aDb\" role=\"heading\" aria-level=\"3\"><div class=\"RqBzHd\"><h3>\u2014 Quais os enfeites de Natal mais usados no Natal?<\/h3><\/div><\/div><p class=\"co8aDb\" role=\"heading\" aria-level=\"3\">Por isso, veja abaixo a lista dos\u00a0enfeites\u00a0natalinos que n\u00e3o podem ficar de fora da sua decora\u00e7\u00e3o.<\/p><div class=\"RqBzHd\"><ul class=\"i8Z77e\"><li>Guirlanda<\/li><li>Pres\u00e9pio<\/li><li>Velas de\u00a0Natal<\/li><li>\u00c1rvore de\u00a0Natal<\/li><li class=\"TrT0Xe\">Enfeites<\/li><li class=\"TrT0Xe\">Bolas natalinas<\/li><li class=\"TrT0Xe\">Pinhas<\/li><li class=\"TrT0Xe\">Estrela de Natal<\/li><li class=\"TrT0Xe\">Papai Noel<\/li><\/ul><h4>1 \u2014 Guirlanda de Porta:<\/h4><\/div><p>A guirlanda de Natal \u00e9 porta de entrada para o natal, pois ela fica pendurada na porta anunciando a vinda do Natal.<\/p><p>Existem v\u00e1rios tipos e modelos de guirlanda no mercado, mas voc\u00ea pode fazer a sua sem gastar quase nada! Use sua criatividade.<\/p><figure id=\"attachment_36321\" aria-describedby=\"caption-attachment-36321\" style=\"width: 810px\" class=\"wp-caption aligncenter\"><a href=\"https:\/\/www.aarquiteta.com.br\/blog\/wp-content\/uploads\/2021\/11\/guirlanda-de-natal.jpg\"><img decoding=\"async\" class=\"wp-image-36321 size-full\" src=\"https:\/\/www.aarquiteta.com.br\/blog\/wp-content\/uploads\/2021\/11\/guirlanda-de-natal.jpg\" alt=\"\" width=\"810\" height=\"571\" title=\"\" srcset=\"https:\/\/www.aarquiteta.com.br\/blog\/wp-content\/uploads\/2021\/11\/guirlanda-de-natal.jpg 810w, https:\/\/www.aarquiteta.com.br\/blog\/wp-content\/uploads\/2021\/11\/guirlanda-de-natal-696x491.jpg 696w, https:\/\/www.aarquiteta.com.br\/blog\/wp-content\/uploads\/2021\/11\/guirlanda-de-natal-150x106.jpg 150w\" sizes=\"(max-width: 810px) 100vw, 810px\" \/><\/a><figcaption id=\"caption-attachment-36321\" class=\"wp-caption-text\">Decora\u00e7\u00e3o de Natal &#8211; 10 Itens que n\u00e3o podem faltar na sua Festa de Fim de ano!<\/figcaption><\/figure><\/div><div class=\"wWOJcd\" tabindex=\"0\" role=\"button\" aria-controls=\"exacc_KuuTYe72MMvX1sQPsNuvkAs268\" aria-expanded=\"true\" aria-labelledby=\"exacc_KuuTYe72MMvX1sQPsNuvkAs267\"><h4>2 \u2014 Pres\u00e9pio Natalino:<\/h4><p>A\u00a0<b>origem<\/b> dos pres\u00e9pios se deu em 1223, atrav\u00e9s de uma prega\u00e7\u00e3o feita por S\u00e3o Francisco de Assis.<\/p><p>Onde o mesmo criou uma forma teatral para mostrar \u00e0s pessoas como teria acontecido o nascimento de Jesus.<\/p><p>Com autoriza\u00e7\u00e3o do papa da \u00e9poca, construiu um cen\u00e1rio vivo, impressionando a todos que viam a cena.<\/p><figure id=\"attachment_36322\" aria-describedby=\"caption-attachment-36322\" style=\"width: 810px\" class=\"wp-caption aligncenter\"><a href=\"https:\/\/www.aarquiteta.com.br\/blog\/wp-content\/uploads\/2021\/11\/presepio.jpg\"><img decoding=\"async\" class=\"wp-image-36322 size-full\" src=\"https:\/\/www.aarquiteta.com.br\/blog\/wp-content\/uploads\/2021\/11\/presepio.jpg\" alt=\"Decora\u00e7\u00e3o de Natal Simples - 10 Itens que n\u00e3o podem faltar na sua Festa de Fim de ano!\" width=\"810\" height=\"571\" title=\"\" srcset=\"https:\/\/www.aarquiteta.com.br\/blog\/wp-content\/uploads\/2021\/11\/presepio.jpg 810w, https:\/\/www.aarquiteta.com.br\/blog\/wp-content\/uploads\/2021\/11\/presepio-696x491.jpg 696w, https:\/\/www.aarquiteta.com.br\/blog\/wp-content\/uploads\/2021\/11\/presepio-150x106.jpg 150w\" sizes=\"(max-width: 810px) 100vw, 810px\" \/><\/a><figcaption id=\"caption-attachment-36322\" class=\"wp-caption-text\">Decora\u00e7\u00e3o de Natal &#8211; 10 Itens que n\u00e3o podem faltar na sua Festa de Fim de ano!<\/figcaption><\/figure><p>&nbsp;<\/p><h4 data-hveid=\"CGEQAQ\" data-ved=\"2ahUKEwjus_f4tJ30AhXLq5UCHbDtC7IQuk56BAhhEAE\">3 \u2014 Velas:<\/h4><p data-hveid=\"CGEQAQ\" data-ved=\"2ahUKEwjus_f4tJ30AhXLq5UCHbDtC7IQuk56BAhhEAE\">Diz-se que, na Alemanha, um senhor costumava colocar\u00a0<b>velas<\/b>\u00a0na sua janela para iluminar o caminho dos viajantes.<\/p><p data-hveid=\"CGEQAQ\" data-ved=\"2ahUKEwjus_f4tJ30AhXLq5UCHbDtC7IQuk56BAhhEAE\">Assim, as\u00a0<b>velas natalinas<\/b> assumem o papel de representar a luz que o nascimento de Jesus traz para a vida das pessoas, porque ele veio para dissipar as trevas, a escurid\u00e3o.<\/p><figure id=\"attachment_36323\" aria-describedby=\"caption-attachment-36323\" style=\"width: 810px\" class=\"wp-caption aligncenter\"><a href=\"https:\/\/www.aarquiteta.com.br\/blog\/wp-content\/uploads\/2021\/11\/velas-natlinas.jpg\"><img decoding=\"async\" class=\"wp-image-36323 size-full\" src=\"https:\/\/www.aarquiteta.com.br\/blog\/wp-content\/uploads\/2021\/11\/velas-natlinas.jpg\" alt=\"\" width=\"810\" height=\"571\" title=\"\" srcset=\"https:\/\/www.aarquiteta.com.br\/blog\/wp-content\/uploads\/2021\/11\/velas-natlinas.jpg 810w, https:\/\/www.aarquiteta.com.br\/blog\/wp-content\/uploads\/2021\/11\/velas-natlinas-696x491.jpg 696w, https:\/\/www.aarquiteta.com.br\/blog\/wp-content\/uploads\/2021\/11\/velas-natlinas-150x106.jpg 150w\" sizes=\"(max-width: 810px) 100vw, 810px\" \/><\/a><figcaption id=\"caption-attachment-36323\" class=\"wp-caption-text\">Decora\u00e7\u00e3o de Natal &#8211; 10 Itens que n\u00e3o podem faltar na sua Festa de Fim de ano!<\/figcaption><\/figure><\/div><h4>4 \u2014 \u00c1rvore de Natal:<\/h4><p>A \u00c1rvore-de-natal\u00a0\u00e9 um s\u00edmbolo natalino que representa agradecimento pela vinda de nosso Senhor Jesus Cristo.<\/p><p>O costume de preparar este belo complemento do pres\u00e9pio foi passando de vizinhan\u00e7a em vizinhan\u00e7a, alcan\u00e7ando hoje at\u00e9 pa\u00edses onde a neve \u00e9 um fen\u00f4meno desconhecido.<\/p><figure id=\"attachment_36324\" aria-describedby=\"caption-attachment-36324\" style=\"width: 810px\" class=\"wp-caption aligncenter\"><a href=\"https:\/\/www.aarquiteta.com.br\/blog\/wp-content\/uploads\/2021\/11\/arvore-de-natal.jpg\"><img decoding=\"async\" class=\"wp-image-36324 size-full\" src=\"https:\/\/www.aarquiteta.com.br\/blog\/wp-content\/uploads\/2021\/11\/arvore-de-natal.jpg\" alt=\"Decora\u00e7\u00e3o de Natal Simples - 10 Itens que n\u00e3o podem faltar na sua Festa de Fim de ano!\" width=\"810\" height=\"571\" title=\"\" srcset=\"https:\/\/www.aarquiteta.com.br\/blog\/wp-content\/uploads\/2021\/11\/arvore-de-natal.jpg 810w, https:\/\/www.aarquiteta.com.br\/blog\/wp-content\/uploads\/2021\/11\/arvore-de-natal-696x491.jpg 696w, https:\/\/www.aarquiteta.com.br\/blog\/wp-content\/uploads\/2021\/11\/arvore-de-natal-150x106.jpg 150w\" sizes=\"(max-width: 810px) 100vw, 810px\" \/><\/a><figcaption id=\"caption-attachment-36324\" class=\"wp-caption-text\">Decora\u00e7\u00e3o de Natal &#8211; 10 Itens que n\u00e3o podem faltar na sua Festa de Fim de ano!<\/figcaption><\/figure><h4>5 \u2014 Enfeites de Natal:<\/h4><p>Os enfeites de Natal deixam a decora\u00e7\u00e3o natalina ainda mais charmosa. Infinitas s\u00e3o as op\u00e7\u00f5es para deixar sua casa no clima do Natal.<\/p><p><a href=\"https:\/\/www.aarquiteta.com.br\/blog\/wp-content\/uploads\/2021\/11\/enfeites-de-ntal.jpg\"><img decoding=\"async\" class=\"aligncenter size-full wp-image-36325\" src=\"https:\/\/www.aarquiteta.com.br\/blog\/wp-content\/uploads\/2021\/11\/enfeites-de-ntal.jpg\" alt=\"\" width=\"810\" height=\"571\" title=\"\" srcset=\"https:\/\/www.aarquiteta.com.br\/blog\/wp-content\/uploads\/2021\/11\/enfeites-de-ntal.jpg 810w, https:\/\/www.aarquiteta.com.br\/blog\/wp-content\/uploads\/2021\/11\/enfeites-de-ntal-696x491.jpg 696w, https:\/\/www.aarquiteta.com.br\/blog\/wp-content\/uploads\/2021\/11\/enfeites-de-ntal-150x106.jpg 150w\" sizes=\"(max-width: 810px) 100vw, 810px\" \/><\/a><\/p><h4>6 \u2014 Bolas de Natal:<\/h4><p>As coloridas bolas de\u00a0Natal, colocadas nas pontas dos galhos dos pinheiros ou \u00e1rvores artificiais, representam os frutos da vida humana e seus desejos, tais como amor, esperan\u00e7a, perd\u00e3o e alegria.<\/p><p>De formas e tamanhos diferentes, os\u00a0enfeites\u00a0tamb\u00e9m representam os gestos concretos de amor entre irm\u00e3os da Terra.<\/p><figure id=\"attachment_36326\" aria-describedby=\"caption-attachment-36326\" style=\"width: 810px\" class=\"wp-caption aligncenter\"><a href=\"https:\/\/www.aarquiteta.com.br\/blog\/wp-content\/uploads\/2021\/11\/bolas-de-natal.jpg\"><img decoding=\"async\" class=\"wp-image-36326 size-full\" src=\"https:\/\/www.aarquiteta.com.br\/blog\/wp-content\/uploads\/2021\/11\/bolas-de-natal.jpg\" alt=\"\" width=\"810\" height=\"571\" title=\"\" srcset=\"https:\/\/www.aarquiteta.com.br\/blog\/wp-content\/uploads\/2021\/11\/bolas-de-natal.jpg 810w, https:\/\/www.aarquiteta.com.br\/blog\/wp-content\/uploads\/2021\/11\/bolas-de-natal-696x491.jpg 696w, https:\/\/www.aarquiteta.com.br\/blog\/wp-content\/uploads\/2021\/11\/bolas-de-natal-150x106.jpg 150w\" sizes=\"(max-width: 810px) 100vw, 810px\" \/><\/a><figcaption id=\"caption-attachment-36326\" class=\"wp-caption-text\">Decora\u00e7\u00e3o de Natal\u00a0 &#8211; 10 Itens que n\u00e3o podem faltar na sua Festa de Fim de ano!<\/figcaption><\/figure><h4>7 \u2014 Pinhas de Natal:<\/h4><p>T\u00e3o comuns no\u00a0<b>Natal<\/b>, as\u00a0<b>pinhas<\/b>\u00a0simbolizam a uni\u00e3o familiar, a esperan\u00e7a e a imortalidade.<\/p><p>Para os povos antigos simbolizam ainda a eleva\u00e7\u00e3o espiritual por isso, s\u00e3o colocadas nas entradas das casas.<\/p><p>Prepare o seu pr\u00f3prio pendente de\u00a0<b>pinhas<\/b>\u00a0com este simples passo a passo!<\/p><figure id=\"attachment_36327\" aria-describedby=\"caption-attachment-36327\" style=\"width: 810px\" class=\"wp-caption aligncenter\"><a href=\"https:\/\/www.aarquiteta.com.br\/blog\/wp-content\/uploads\/2021\/11\/pinha-de-natal.jpg\"><img decoding=\"async\" class=\"wp-image-36327 size-full\" src=\"https:\/\/www.aarquiteta.com.br\/blog\/wp-content\/uploads\/2021\/11\/pinha-de-natal.jpg\" alt=\"\" width=\"810\" height=\"571\" title=\"\" srcset=\"https:\/\/www.aarquiteta.com.br\/blog\/wp-content\/uploads\/2021\/11\/pinha-de-natal.jpg 810w, https:\/\/www.aarquiteta.com.br\/blog\/wp-content\/uploads\/2021\/11\/pinha-de-natal-696x491.jpg 696w, https:\/\/www.aarquiteta.com.br\/blog\/wp-content\/uploads\/2021\/11\/pinha-de-natal-150x106.jpg 150w\" sizes=\"(max-width: 810px) 100vw, 810px\" \/><\/a><figcaption id=\"caption-attachment-36327\" class=\"wp-caption-text\">Decora\u00e7\u00e3o de Natal &#8211; 10 Itens que n\u00e3o podem faltar na sua Festa de Fim de ano!<\/figcaption><\/figure><h4>8 \u2014 Estrela de Natal:<\/h4><p>As\u00a0estrelas\u00a0geralmente aparecem no topo das \u00e1rvores de\u00a0Natal.<\/p><p>Segundo a cren\u00e7a cat\u00f3lica, uma estrela acompanhou e orientou a caminhada dos tr\u00eas reis magos at\u00e9 Bel\u00e9m, onde Jesus nasceu.<\/p><figure id=\"attachment_36328\" aria-describedby=\"caption-attachment-36328\" style=\"width: 810px\" class=\"wp-caption aligncenter\"><a href=\"https:\/\/www.aarquiteta.com.br\/blog\/wp-content\/uploads\/2021\/11\/estrelas-de-natal.jpg\"><img decoding=\"async\" class=\"wp-image-36328 size-full\" src=\"https:\/\/www.aarquiteta.com.br\/blog\/wp-content\/uploads\/2021\/11\/estrelas-de-natal.jpg\" alt=\"Decora\u00e7\u00e3o de Natal Simples - 10 Itens que n\u00e3o podem faltar na sua Festa de Fim de ano!\" width=\"810\" height=\"571\" title=\"\" srcset=\"https:\/\/www.aarquiteta.com.br\/blog\/wp-content\/uploads\/2021\/11\/estrelas-de-natal.jpg 810w, https:\/\/www.aarquiteta.com.br\/blog\/wp-content\/uploads\/2021\/11\/estrelas-de-natal-696x491.jpg 696w, https:\/\/www.aarquiteta.com.br\/blog\/wp-content\/uploads\/2021\/11\/estrelas-de-natal-150x106.jpg 150w\" sizes=\"(max-width: 810px) 100vw, 810px\" \/><\/a><figcaption id=\"caption-attachment-36328\" class=\"wp-caption-text\">Decora\u00e7\u00e3o de Natal\u00a0 &#8211; 10 Itens que n\u00e3o podem faltar na sua Festa de Fim de ano!<\/figcaption><\/figure><h4>9 \u2014 Papai Noel:<\/h4><p>O\u00a0Papai Noel\u00a0\u00e9 uma das figuras que simbolizam o Natal.<\/p><p>Sua origem hist\u00f3rica est\u00e1 relacionada com um santo cat\u00f3lico e com uma divindade que fazia parte do paganismo n\u00f3rdico.<\/p><p>Uma das figuras mais populares do Natal \u00e9 o Papai Noel, um velhinho barbudo e barrigudo que se veste de vermelho.<\/p><figure id=\"attachment_36329\" aria-describedby=\"caption-attachment-36329\" style=\"width: 810px\" class=\"wp-caption aligncenter\"><a href=\"https:\/\/www.aarquiteta.com.br\/blog\/wp-content\/uploads\/2021\/11\/papai-noel.jpg\"><img decoding=\"async\" class=\"wp-image-36329 size-full\" src=\"https:\/\/www.aarquiteta.com.br\/blog\/wp-content\/uploads\/2021\/11\/papai-noel.jpg\" alt=\"Decora\u00e7\u00e3o de Natal Simples - 10 Itens que n\u00e3o podem faltar na sua Festa de Fim de ano!\" width=\"810\" height=\"571\" title=\"\" srcset=\"https:\/\/www.aarquiteta.com.br\/blog\/wp-content\/uploads\/2021\/11\/papai-noel.jpg 810w, https:\/\/www.aarquiteta.com.br\/blog\/wp-content\/uploads\/2021\/11\/papai-noel-696x491.jpg 696w, https:\/\/www.aarquiteta.com.br\/blog\/wp-content\/uploads\/2021\/11\/papai-noel-150x106.jpg 150w\" sizes=\"(max-width: 810px) 100vw, 810px\" \/><\/a><figcaption id=\"caption-attachment-36329\" class=\"wp-caption-text\">Decora\u00e7\u00e3o de Natal\u00a0 &#8211; 10 Itens que n\u00e3o podem faltar na sua Festa de Fim de ano!<\/figcaption><\/figure><p>&nbsp;<\/p><h4>10 \u2014 Fam\u00edlia Unida:<\/h4><p>O item principal para uma ceia de Natal ser completa \u00e9 a uni\u00e3o da fam\u00edlia! Por isso n\u00e3o importa se a sua decora\u00e7\u00e3o de Natal n\u00e3o atingir os seus objetivos decorativos.<\/p><p>Decora\u00e7\u00e3o \u00e9 sempre algo legal, mas sem a presen\u00e7a das pessoas das nossas vidas elas n\u00e3o significam nada!<\/p><p>Ent\u00e3o se ainda existir algo que possa atrapalhar o seu Natal feliz, que tal resolver antes desta data que representa a paz?<\/p><p>O aniversariante ficar\u00e1 orgulhoso de voc\u00ea!<\/p><p>Boas festas!<\/p><h3><span id=\"Confira_receitas\" class=\"ez-toc-section\"><\/span>Confira receitas:<\/h3><ul><li><a href=\"https:\/\/www.aarquiteta.com.br\/blog\/torta-holandesa-tradicional-facil\">Torta Holandesa Tradicional<\/a><\/li><li><a href=\"https:\/\/www.aarquiteta.com.br\/blog\/como-fazer-torta-de-morango\">Torta de Morango Tradicional<\/a><\/li><li><a href=\"https:\/\/www.aarquiteta.com.br\/blog\/torta-de-limao-facil\/\" target=\"_blank\" rel=\"noopener\">Torta de Lim\u00e3o Tradicional<\/a><\/li><li><a href=\"https:\/\/www.aarquiteta.com.br\/blog\/bolo-de-mandioca-fofo\/\" target=\"_blank\" rel=\"noopener\">Bolo de Mandioca Fofinho e Delicioso<\/a><\/li><\/ul><h3><strong>E a\u00ed, gostou das dicas de Decora\u00e7\u00e3o de Natal Simples?<\/strong><\/h3><p>Ent\u00e3o deslize a tela para baixo e<a href=\"https:\/\/br.pinterest.com\/aarquitetapinterest\/_created\/\" target=\"_blank\" rel=\"noopener\"> confira mais dicas<\/a> como esta e n\u00e3o se esque\u00e7a de compartilhar com os amigos!<\/p><p>Quer mais dicas sobre o mundo da <a href=\"https:\/\/www.aarquiteta.com.br\/blog\/?s=ARQUITETURA\">Arquitetura<\/a> e Decora\u00e7\u00e3o? Ent\u00e3o decore f\u00e1cil sem mist\u00e9rios, confira alguns dos nossos artigos em:<\/p><ul><li style=\"list-style-type: none;\"><ul><li><a href=\"https:\/\/www.aarquiteta.com.br\/blog\/paisagismo\/\" target=\"_blank\" rel=\"noopener\">Casa e Jardim<\/a><\/li><li><a href=\"https:\/\/www.aarquiteta.com.br\/blog\/arquitetura\/mundo-arquitetura\/\" target=\"_blank\" rel=\"noopener\">Mundo Arquitetura<\/a><\/li><li><a href=\"https:\/\/www.aarquiteta.com.br\/decoracao\/\" target=\"_blank\" rel=\"noopener\">Decora\u00e7\u00e3o<br \/>\n<\/a><\/li><\/ul><\/li><\/ul><p>&nbsp;<\/p>","protected":false},"excerpt":{"rendered":"<p>Decora\u00e7\u00e3o de Natal Simples &#8211; 10 Itens que n\u00e3o podem faltar na sua Festa de Fim de ano!O Natal est\u00e1 chegando e que tal novas ideias de decora\u00e7\u00e3o para voc\u00ea arrasar com a fam\u00edlia nas Festas de Final de Ano?Uma linda mesa de Natal \u00e9 um carinho que voc\u00ea faz para a sua fam\u00edlia e [&hellip;]<\/p>\n","protected":false},"author":102,"featured_media":36330,"comment_status":"closed","ping_status":"closed","sticky":false,"template":"","format":"standard","meta":{"footnotes":""},"categories":[1484,10005,19112,19108,20353],"tags":[9722,9721,9719,2688,9724,9725,9728,9720,9727,9723,9726],"class_list":["post-36320","post","type-post","status-publish","format-standard","has-post-thumbnail","category-decoracao","category-casa-e-jardim","category-diy","category-festas-e-confraternizacoes","category-home-decor","tag-arvore-de-natal-significado","tag-como-decorar-no-natal","tag-como-fazer-festa-de-natal","tag-decoracao-de-natal","tag-enfeites-de-natal","tag-enfeites-de-natal-simples","tag-guirlanda-de-porta","tag-nao-pode-faltar-no-natal","tag-pinha-de-natal","tag-siginificado-papai-noel","tag-vela-natalina"],"_wp_attached_file":null,"_wp_attachment_metadata":null,"_wp_attachment_context":null,"_wp_attachment_is_custom_header":null,"geo_longitude":null,"geo_public":null,"geo_latitude":null,"_publicize_done_external":null,"_wpas_done_3897181":null,"publicize_twitter_user":null,"_wpas_done_3897175":null,"_wpas_skip_3897181":null,"_wpas_skip_3897175":null,"_wpas_skip_3924723":null,"_wpas_mess":null,"_wpas_done_3924723":null,"wps_subtitle":"Tome nota do que voc\u00ea precisar\u00e1 comprar para deixar a sua decora\u00e7\u00e3o de Natal ainda mais bela!","_links":{"self":[{"href":"https:\/\/www.aarquiteta.com.br\/blog\/wp-json\/wp\/v2\/posts\/36320","targetHints":{"allow":["GET"]}}],"collection":[{"href":"https:\/\/www.aarquiteta.com.br\/blog\/wp-json\/wp\/v2\/posts"}],"about":[{"href":"https:\/\/www.aarquiteta.com.br\/blog\/wp-json\/wp\/v2\/types\/post"}],"author":[{"embeddable":true,"href":"https:\/\/www.aarquiteta.com.br\/blog\/wp-json\/wp\/v2\/users\/102"}],"replies":[{"embeddable":true,"href":"https:\/\/www.aarquiteta.com.br\/blog\/wp-json\/wp\/v2\/comments?post=36320"}],"version-history":[{"count":0,"href":"https:\/\/www.aarquiteta.com.br\/blog\/wp-json\/wp\/v2\/posts\/36320\/revisions"}],"wp:featuredmedia":[{"embeddable":true,"href":"https:\/\/www.aarquiteta.com.br\/blog\/wp-json\/wp\/v2\/media\/36330"}],"wp:attachment":[{"href":"https:\/\/www.aarquiteta.com.br\/blog\/wp-json\/wp\/v2\/media?parent=36320"}],"wp:term":[{"taxonomy":"category","embeddable":true,"href":"https:\/\/www.aarquiteta.com.br\/blog\/wp-json\/wp\/v2\/categories?post=36320"},{"taxonomy":"post_tag","embeddable":true,"href":"https:\/\/www.aarquiteta.com.br\/blog\/wp-json\/wp\/v2\/tags?post=36320"}],"curies":[{"name":"wp","href":"https:\/\/api.w.org\/{rel}","templated":true}]}}