{"id":363,"date":"2013-06-30T23:23:00","date_gmt":"2013-07-01T02:23:00","guid":{"rendered":"http:\/\/aarquitetadicas.wordpress.com\/?p=363"},"modified":"2024-09-11T16:15:18","modified_gmt":"2024-09-11T19:15:18","slug":"livro-de-autocad-2d-avancado","status":"publish","type":"post","link":"https:\/\/www.aarquiteta.com.br\/blog\/livro-de-autocad-2d-avancado\/","title":{"rendered":"Livro de AutoCAD 2D 2012 Avan\u00e7ado e Novidades"},"content":{"rendered":"<p>No artigo de hoje venho com uma dica diferente, uma <a href=\"https:\/\/www.aarquiteta.com.br\/blog\/livros\" target=\"_blank\" rel=\"noopener\">dica de livro<\/a>. Eu sou suspeito para falar, pois eu\u00a0<a href=\"https:\/\/www.aarquiteta.com.br\/blog\/livros\" target=\"_blank\" rel=\"noopener\">AMO livro<\/a>!<\/p><p>Sempre ando carregando um por onde ando, n\u00e3o importa o assunto.<\/p><p>Adoro ter a sensa\u00e7\u00e3o de ter um livro nas m\u00e3os. N\u00e3o tenho mais onde guardar tanto livro, mas ainda bem que agora com a vinda dos <a href=\"https:\/\/www.aarquiteta.com.br\/blog\/livros\" target=\"_blank\" rel=\"noopener\">e-books<\/a> posso guardar digitalmente minhas novas aquisi\u00e7\u00f5es. Uma maravilha, fala a verdade!<\/p><span style=\"font-weight: bold; color: #f00;\">Error, group does not exist! Check your syntax! (ID: 33)<\/span><p>Bom&#8230; para acompanhar na teoria o conte\u00fado das aulas pr\u00e1ticas que ensinamos em nossos v\u00eddeos do curso de <a href=\"https:\/\/www.aarquiteta.com.br\/blog\/cursos-de-arquitetura-e-decoracao\/autocad-cursos\/\">AutoCAD<\/a>, nada como um bom livro.<\/p><p>O livro, voc\u00ea sabe, pode carreg\u00e1-lo com voc\u00ea e lev\u00e1-lo para onde for necess\u00e1rio!<\/p><h2><a href=\"https:\/\/amzn.to\/3OEHHNV\" target=\"_blank\" rel=\"noopener\">Livro de Autocad 2D 2012 Avan\u00e7ado e Novidades<\/a>:<\/h2><p>E o livro que recomendamos hoje \u00e9 o mais recente lan\u00e7amento da editora Viena, o livro da nossa parceira, minha xar\u00e1, a autora Luciana Klein: <a href=\"https:\/\/www.aarquiteta.com.br\/livro-autocad-2012-2d-avancado-e-novidades\/\" target=\"_blank\" rel=\"noopener\">Livro de\u00a0Autocad 2D\u00a02012 Avan\u00e7ado e Novidades<\/a>.<\/p><p><a href=\"https:\/\/www.aarquiteta.com.br\/blog\/wp-content\/uploads\/2013\/06\/image7.jpg\"><img decoding=\"async\" class=\"alignnone size-medium wp-image-374\" src=\"https:\/\/www.aarquiteta.com.br\/blog\/wp-content\/uploads\/2013\/06\/image7.jpg?w=300\" alt=\"image\" width=\"300\" height=\"300\" title=\"\" srcset=\"https:\/\/www.aarquiteta.com.br\/blog\/wp-content\/uploads\/2013\/06\/image7.jpg 500w, https:\/\/www.aarquiteta.com.br\/blog\/wp-content\/uploads\/2013\/06\/image7-96x96.jpg 96w, https:\/\/www.aarquiteta.com.br\/blog\/wp-content\/uploads\/2013\/06\/image7-150x150.jpg 150w\" sizes=\"(max-width: 300px) 100vw, 300px\" \/><\/a><a href=\"https:\/\/www.aarquiteta.com.br\/blog\/wp-content\/uploads\/2013\/06\/image6.jpg\"><img decoding=\"async\" class=\"alignnone size-medium wp-image-373\" src=\"https:\/\/www.aarquiteta.com.br\/blog\/wp-content\/uploads\/2013\/06\/image6.jpg?w=300\" alt=\"image\" width=\"300\" height=\"300\" title=\"\" srcset=\"https:\/\/www.aarquiteta.com.br\/blog\/wp-content\/uploads\/2013\/06\/image6.jpg 500w, https:\/\/www.aarquiteta.com.br\/blog\/wp-content\/uploads\/2013\/06\/image6-96x96.jpg 96w, https:\/\/www.aarquiteta.com.br\/blog\/wp-content\/uploads\/2013\/06\/image6-150x150.jpg 150w\" sizes=\"(max-width: 300px) 100vw, 300px\" \/><\/a><\/p><p>Este Livro aborda conceitos avan\u00e7ados, dicas e novidades da vers\u00e3o<a href=\"https:\/\/www.aarquiteta.com.br\/livro-autocad-2012-2d-avancado-e-novidades\/\" target=\"_blank\" rel=\"noopener\"> AutoCAD 2012<\/a>. No entanto, este Livro poder\u00e1 ser usado para as vers\u00f5es anteriores e posteriores, inclusive para o AutoCAD 2014.<\/p><p>Esse livro foi escrito pensando em voc\u00ea que deseja saber mais do que o B\u00e1sico, que precisa ir al\u00e9m.<\/p><p>O Livro tem 534 p\u00e1ginas, tamanho A5 em tons de cinza.<\/p><p><a href=\"https:\/\/www.aarquiteta.com.br\/blog\/wp-content\/uploads\/2013\/06\/image3.jpg\"><img decoding=\"async\" class=\"alignnone wp-image-370 size-medium\" title=\"Livro de AutoCAD 2D 2012 Avan\u00e7ado e Novidades\" src=\"https:\/\/www.aarquiteta.com.br\/blog\/wp-content\/uploads\/2013\/06\/image3.jpg\" alt=\"Livro de AutoCAD 2D 2012 Avan\u00e7ado e Novidades\" width=\"300\" height=\"300\" srcset=\"https:\/\/www.aarquiteta.com.br\/blog\/wp-content\/uploads\/2013\/06\/image3.jpg 500w, https:\/\/www.aarquiteta.com.br\/blog\/wp-content\/uploads\/2013\/06\/image3-96x96.jpg 96w, https:\/\/www.aarquiteta.com.br\/blog\/wp-content\/uploads\/2013\/06\/image3-150x150.jpg 150w\" sizes=\"(max-width: 300px) 100vw, 300px\" \/><\/a>\u00a0 \u00a0\u00a0<a href=\"https:\/\/www.aarquiteta.com.br\/blog\/wp-content\/uploads\/2013\/06\/image8.jpg\"><img decoding=\"async\" class=\"alignnone wp-image-375 size-medium\" title=\"Livro de AutoCAD 2D 2012 Avan\u00e7ado e Novidades\" src=\"https:\/\/www.aarquiteta.com.br\/blog\/wp-content\/uploads\/2013\/06\/image8.jpg\" alt=\"Livro de AutoCAD 2D 2012 Avan\u00e7ado e Novidades\" width=\"300\" height=\"300\" srcset=\"https:\/\/www.aarquiteta.com.br\/blog\/wp-content\/uploads\/2013\/06\/image8.jpg 500w, https:\/\/www.aarquiteta.com.br\/blog\/wp-content\/uploads\/2013\/06\/image8-96x96.jpg 96w, https:\/\/www.aarquiteta.com.br\/blog\/wp-content\/uploads\/2013\/06\/image8-150x150.jpg 150w\" sizes=\"(max-width: 300px) 100vw, 300px\" \/><\/a><\/p><p>Veja algumas imagens que mostram um pouco do que voc\u00ea aprender\u00e1:<\/p><p><a href=\"https:\/\/www.aarquiteta.com.br\/blog\/wp-content\/uploads\/2013\/06\/image2.jpg\"><img decoding=\"async\" class=\"alignnone size-medium wp-image-369 aligncenter\" src=\"https:\/\/www.aarquiteta.com.br\/blog\/wp-content\/uploads\/2013\/06\/image2.jpg?w=268\" alt=\"image\" width=\"268\" height=\"300\" title=\"\" srcset=\"https:\/\/www.aarquiteta.com.br\/blog\/wp-content\/uploads\/2013\/06\/image2.jpg 768w, https:\/\/www.aarquiteta.com.br\/blog\/wp-content\/uploads\/2013\/06\/image2-696x778.jpg 696w, https:\/\/www.aarquiteta.com.br\/blog\/wp-content\/uploads\/2013\/06\/image2-150x168.jpg 150w\" sizes=\"(max-width: 268px) 100vw, 268px\" \/><\/a><\/p><p><a href=\"https:\/\/www.aarquiteta.com.br\/blog\/wp-content\/uploads\/2013\/06\/image.jpg\"><img decoding=\"async\" class=\"alignnone size-medium wp-image-367 aligncenter\" src=\"https:\/\/www.aarquiteta.com.br\/blog\/wp-content\/uploads\/2013\/06\/image.jpg?w=300\" alt=\"image\" width=\"300\" height=\"295\" title=\"\" srcset=\"https:\/\/www.aarquiteta.com.br\/blog\/wp-content\/uploads\/2013\/06\/image.jpg 767w, https:\/\/www.aarquiteta.com.br\/blog\/wp-content\/uploads\/2013\/06\/image-696x685.jpg 696w, https:\/\/www.aarquiteta.com.br\/blog\/wp-content\/uploads\/2013\/06\/image-150x148.jpg 150w\" sizes=\"(max-width: 300px) 100vw, 300px\" \/><\/a><\/p><p><a href=\"https:\/\/www.aarquiteta.com.br\/blog\/wp-content\/uploads\/2013\/06\/image1.jpg\"><img decoding=\"async\" class=\"alignnone size-medium wp-image-368 aligncenter\" src=\"https:\/\/www.aarquiteta.com.br\/blog\/wp-content\/uploads\/2013\/06\/image1.jpg?w=300\" alt=\"image\" width=\"300\" height=\"188\" title=\"\" srcset=\"https:\/\/www.aarquiteta.com.br\/blog\/wp-content\/uploads\/2013\/06\/image1.jpg 768w, https:\/\/www.aarquiteta.com.br\/blog\/wp-content\/uploads\/2013\/06\/image1-696x437.jpg 696w, https:\/\/www.aarquiteta.com.br\/blog\/wp-content\/uploads\/2013\/06\/image1-150x94.jpg 150w\" sizes=\"(max-width: 300px) 100vw, 300px\" \/><\/a><\/p><p style=\"text-align: left;\">Quer saber mais sobre este livro? Acesse a loja de <a href=\"https:\/\/www.aarquiteta.com.br\/blog\/livros\" target=\"_blank\" rel=\"noopener\">cursos<\/a>!<a href=\"https:\/\/www.aarquiteta.com.br\/decoracao\/\" target=\"_blank\" rel=\"noopener\"><br \/>\n<\/a><\/p>","protected":false},"excerpt":{"rendered":"<p>No artigo de hoje venho com uma dica diferente, uma dica de livro. Eu sou suspeito para falar, pois eu\u00a0AMO livro!Sempre ando carregando um por onde ando, n\u00e3o importa o assunto.Adoro ter a sensa\u00e7\u00e3o de ter um livro nas m\u00e3os. N\u00e3o tenho mais onde guardar tanto livro, mas ainda bem que agora com a vinda [&hellip;]<\/p>\n","protected":false},"author":102,"featured_media":877,"comment_status":"closed","ping_status":"closed","sticky":false,"template":"","format":"standard","meta":{"footnotes":""},"categories":[33404,9],"tags":[88],"class_list":["post-363","post","type-post","status-publish","format-standard","has-post-thumbnail","category-autocad","category-livros-arquitetura","tag-livro-autocad-2012-2d-avancado-e-novidades"],"_wp_attached_file":null,"_wp_attachment_metadata":null,"_wp_attachment_context":null,"_wp_attachment_is_custom_header":null,"geo_longitude":null,"geo_public":null,"geo_latitude":null,"_publicize_done_external":{"facebook":{"758048921":true}},"_wpas_done_3897181":"1","publicize_twitter_user":"A_Arquiteta","_wpas_done_3897175":"1","_wpas_skip_3897181":"1","_wpas_skip_3897175":"1","_wpas_skip_3924723":"1","_wpas_mess":null,"_wpas_done_3924723":"1","wps_subtitle":"Confira as melhores dicas de Arquitetura para voc\u00ea que est\u00e1 iniciando agora na profiss\u00e3o! Saiba tudo!","_links":{"self":[{"href":"https:\/\/www.aarquiteta.com.br\/blog\/wp-json\/wp\/v2\/posts\/363","targetHints":{"allow":["GET"]}}],"collection":[{"href":"https:\/\/www.aarquiteta.com.br\/blog\/wp-json\/wp\/v2\/posts"}],"about":[{"href":"https:\/\/www.aarquiteta.com.br\/blog\/wp-json\/wp\/v2\/types\/post"}],"author":[{"embeddable":true,"href":"https:\/\/www.aarquiteta.com.br\/blog\/wp-json\/wp\/v2\/users\/102"}],"replies":[{"embeddable":true,"href":"https:\/\/www.aarquiteta.com.br\/blog\/wp-json\/wp\/v2\/comments?post=363"}],"version-history":[{"count":0,"href":"https:\/\/www.aarquiteta.com.br\/blog\/wp-json\/wp\/v2\/posts\/363\/revisions"}],"wp:featuredmedia":[{"embeddable":true,"href":"https:\/\/www.aarquiteta.com.br\/blog\/wp-json\/wp\/v2\/media\/877"}],"wp:attachment":[{"href":"https:\/\/www.aarquiteta.com.br\/blog\/wp-json\/wp\/v2\/media?parent=363"}],"wp:term":[{"taxonomy":"category","embeddable":true,"href":"https:\/\/www.aarquiteta.com.br\/blog\/wp-json\/wp\/v2\/categories?post=363"},{"taxonomy":"post_tag","embeddable":true,"href":"https:\/\/www.aarquiteta.com.br\/blog\/wp-json\/wp\/v2\/tags?post=363"}],"curies":[{"name":"wp","href":"https:\/\/api.w.org\/{rel}","templated":true}]}}