{"id":34798,"date":"2022-02-27T19:10:04","date_gmt":"2022-02-27T22:10:04","guid":{"rendered":"http:\/\/aarquiteta.com.br\/?p=34798"},"modified":"2024-07-03T15:50:31","modified_gmt":"2024-07-03T18:50:31","slug":"como-escolher-almofada","status":"publish","type":"post","link":"https:\/\/www.aarquiteta.com.br\/blog\/como-escolher-almofada\/","title":{"rendered":"Almofada &#8211; Dicas de como escolher!"},"content":{"rendered":"<p>Como escolher <a href=\"https:\/\/amzn.to\/351FwT1\" target=\"_blank\" rel=\"noopener\">almofadas<\/a> para sua casa pode parecer uma miss\u00e3o dif\u00edcil, devido \u00e0 diversidade de modelos e estampas existentes no mercado.<\/p>\n<p>Almofadas s\u00e3o elementos de apoio\/suporte podem ser utilizadas nos mais diversos lugares como sof\u00e1, poltronas, cadeiras, bancos e mesmo em composi\u00e7\u00f5es de dormit\u00f3rio e varandas\u2026<\/p>\n<p>Al\u00e9m de serem elementos que desempenham uma fun\u00e7\u00e3o espec\u00edfica de agregar conforto, elas s\u00e3o consideradas essenciais na decora\u00e7\u00e3o.<\/p>\n<p>Devido a sua versatilidade elas s\u00e3o uma \u00f3tima maneira de mudar a decora\u00e7\u00e3o de um ambiente de maneira r\u00e1pida e criativa.<\/p>\n<p><iframe title=\"Decore f\u00e1cil: O que \u00e9 decora\u00e7\u00e3o de ambientes?\" width=\"696\" height=\"392\" src=\"https:\/\/www.youtube.com\/embed\/9PjhGXgCGLU?feature=oembed\" frameborder=\"0\" allow=\"accelerometer; autoplay; clipboard-write; encrypted-media; gyroscope; picture-in-picture; web-share\" referrerpolicy=\"strict-origin-when-cross-origin\" allowfullscreen><\/iframe><\/p>\n<h2>Escolhendo Almofada &#8211; <strong>Como escolher almofadas para sua casa?<\/strong><\/h2>\n<p>As <a href=\"https:\/\/amzn.to\/351FwT1\" target=\"_blank\" rel=\"noopener\">almofadas<\/a> podem dar um toque de personalidade em sua casa, para isso \u00e9 necess\u00e1rio considerar estes 5 elementos b\u00e1sicos na hora de escolher suas almofalas.<\/p>\n<h3>1. Tamanhos e formatos.<\/h3>\n<p>Existem 3 varia\u00e7\u00f5es de tamanhos mais encontradas no mercado: 30 \u00d7 50, 45 \u00d7 45 e 20 \u00d7 30 cm. Investir em tamanhos diversos de almofada ajuda na harmoniza\u00e7\u00e3o dos elementos.<\/p>\n<p>Almofadas maiores chamam mais aten\u00e7\u00e3o, no entanto, \u00e9 necess\u00e1rio buscar equilibrar o tamanho das almofadas com o tamanho do sof\u00e1, por exemplo.<\/p>\n<p>O t<a href=\"https:\/\/amzn.to\/351FwT1\" target=\"_blank\" rel=\"noopener\">amanho ideal das almofadas<\/a> vem conforme o tamanho do encosto do sof\u00e1, quanto menor o encosto do sof\u00e1 mais aten\u00e7\u00e3o as dimens\u00f5es das almofadas voc\u00ea precisar\u00e1 ter.<\/p>\n<figure id=\"attachment_34808\" aria-describedby=\"caption-attachment-34808\" style=\"width: 600px\" class=\"wp-caption aligncenter\"><a href=\"https:\/\/www.aarquiteta.com.br\/blog\/wp-content\/uploads\/2021\/10\/almofada-textura-diferentes.jpg\"><img decoding=\"async\" class=\"wp-image-34808 size-full\" title=\"Almofada - Dicas de como escolher!\" src=\"https:\/\/www.aarquiteta.com.br\/blog\/wp-content\/uploads\/2021\/10\/almofada-textura-diferentes.jpg\" alt=\"Almofada - Dicas de como escolher!\" width=\"600\" height=\"865\" srcset=\"https:\/\/www.aarquiteta.com.br\/blog\/wp-content\/uploads\/2021\/10\/almofada-textura-diferentes.jpg 600w, https:\/\/www.aarquiteta.com.br\/blog\/wp-content\/uploads\/2021\/10\/almofada-textura-diferentes-150x216.jpg 150w\" sizes=\"(max-width: 600px) 100vw, 600px\" \/><\/a><figcaption id=\"caption-attachment-34808\" class=\"wp-caption-text\">Escolhendo Almofada- Dicas de como escolher! Confira! Fonte: decorfacil.com<\/figcaption><\/figure>\n<h3>2. Quantidade.<\/h3>\n<p>Atente-se ao <a href=\"https:\/\/amzn.to\/351FwT1\" target=\"_blank\" rel=\"noopener\">n\u00famero ideal de almofadas<\/a>, almofadas trazem conforto, no entanto, exagerar na quantidade de pe\u00e7as podem pesar no ambiente. Comece com poucas pe\u00e7as e caso ache necess\u00e1rio adicione pe\u00e7as extras conforme a necessidade. Uma dica inicial \u00e9 de 3 a 4 pe\u00e7as para um sof\u00e1 de tamanho m\u00e9dio.<\/p>\n<figure id=\"attachment_34807\" aria-describedby=\"caption-attachment-34807\" style=\"width: 600px\" class=\"wp-caption aligncenter\"><a href=\"https:\/\/www.aarquiteta.com.br\/blog\/wp-content\/uploads\/2021\/10\/almofada-sofa-cinza.jpg\"><img decoding=\"async\" class=\"wp-image-34807 size-full\" title=\"Almofada - Dicas de como escolher!\" src=\"https:\/\/www.aarquiteta.com.br\/blog\/wp-content\/uploads\/2021\/10\/almofada-sofa-cinza.jpg\" alt=\"Almofada - Dicas de como escolher!\" width=\"600\" height=\"885\" srcset=\"https:\/\/www.aarquiteta.com.br\/blog\/wp-content\/uploads\/2021\/10\/almofada-sofa-cinza.jpg 600w, https:\/\/www.aarquiteta.com.br\/blog\/wp-content\/uploads\/2021\/10\/almofada-sofa-cinza-150x221.jpg 150w\" sizes=\"(max-width: 600px) 100vw, 600px\" \/><\/a><figcaption id=\"caption-attachment-34807\" class=\"wp-caption-text\">Escolhendo Almofada &#8211; Dicas de como escolher! Confira! Fonte: decorfacil.com<\/figcaption><\/figure>\n<h3>3. Tecidos e Texturas.<\/h3>\n<p>N\u00e3o h\u00e1 regras na hora de escolher tecidos para as <a href=\"https:\/\/amzn.to\/351FwT1\" target=\"_blank\" rel=\"noopener\">almofadas<\/a>. Na verdade, diversificar os materiais na hora da decora\u00e7\u00e3o pode trazer um efeito visual bem interessante. D\u00ea preferencia aos tecidos naturais, algod\u00e3o, linho, couro, bordados, veludo, suede, patchwork. A associa\u00e7\u00e3o de texturas diferentes agregam muito ao visual do ambiente.<\/p>\n<figure id=\"attachment_34805\" aria-describedby=\"caption-attachment-34805\" style=\"width: 600px\" class=\"wp-caption aligncenter\"><a href=\"https:\/\/www.aarquiteta.com.br\/blog\/wp-content\/uploads\/2021\/10\/almofada-melancia.jpg\"><img decoding=\"async\" class=\"wp-image-34805 size-full\" title=\"Escolhendo Almofadas - Dicas de como escolher! Confira! almofada frutas\" src=\"https:\/\/www.aarquiteta.com.br\/blog\/wp-content\/uploads\/2021\/10\/almofada-melancia.jpg\" alt=\"Escolhendo Almofadas - Dicas de como escolher! Confira!\" width=\"600\" height=\"900\" srcset=\"https:\/\/www.aarquiteta.com.br\/blog\/wp-content\/uploads\/2021\/10\/almofada-melancia.jpg 600w, https:\/\/www.aarquiteta.com.br\/blog\/wp-content\/uploads\/2021\/10\/almofada-melancia-150x225.jpg 150w\" sizes=\"(max-width: 600px) 100vw, 600px\" \/><\/a><figcaption id=\"caption-attachment-34805\" class=\"wp-caption-text\">Escolhendo Almofadas &#8211; Dicas de como escolher! Confira! Fonte: decorfacil.com<\/figcaption><\/figure>\n<h3>Escolhendo Almofada \u2014 Dicas de como escolher!<\/h3>\n<h3>4. Cores e Estampas.<\/h3>\n<p>Se a ideia \u00e9 ousar nada melhor do que utilizar diferentes tipos de estampas com formatos divertidos ou tem\u00e1ticos, para quebrar um visual s\u00e9rio e dar mais descontra\u00e7\u00e3o ao ambiente. Apenas tenha cuidado para n\u00e3o abusar e deixa o ambiente confuso.<\/p>\n<p>Voc\u00ea pode criar uma cartela de cores combinando os elementos ou cores dos sof\u00e1s com outros elementos ou detalhes da decora\u00e7\u00e3o, como quadro ou tapetes.<\/p>\n<figure id=\"attachment_34809\" aria-describedby=\"caption-attachment-34809\" style=\"width: 564px\" class=\"wp-caption aligncenter\"><a href=\"https:\/\/www.aarquiteta.com.br\/blog\/wp-content\/uploads\/2021\/10\/almofadas-para-sofa-marrom_textura.jpg\"><img decoding=\"async\" class=\"wp-image-34809 size-full\" title=\"Escolhendo Almofadas - Dicas de como escolher! Confira! almofada sofa marrom\" src=\"https:\/\/www.aarquiteta.com.br\/blog\/wp-content\/uploads\/2021\/10\/almofadas-para-sofa-marrom_textura.jpg\" alt=\"Escolhendo Almofadas - Dicas de como escolher! Confira!\" width=\"564\" height=\"705\" srcset=\"https:\/\/www.aarquiteta.com.br\/blog\/wp-content\/uploads\/2021\/10\/almofadas-para-sofa-marrom_textura.jpg 564w, https:\/\/www.aarquiteta.com.br\/blog\/wp-content\/uploads\/2021\/10\/almofadas-para-sofa-marrom_textura-150x188.jpg 150w\" sizes=\"(max-width: 564px) 100vw, 564px\" \/><\/a><figcaption id=\"caption-attachment-34809\" class=\"wp-caption-text\">Escolhendo Almofadas &#8211; Dicas de como escolher! Confira! Fonte: decorfacil.com<\/figcaption><\/figure>\n<h3>5. Almofadas Tem\u00e1ticas.<\/h3>\n<p>Podem ser utilizadas na decora\u00e7\u00e3o para express\u00e3o de ideias e preferencias do morador da casa. Hoje em dia existem os mais variados tipos de temas que voc\u00ea pode escolher como, por exemplo, redes sociais, desenho animado, personalidades, frutas, animais, entre tantos outros temas.<\/p>\n<figure id=\"attachment_34806\" aria-describedby=\"caption-attachment-34806\" style=\"width: 600px\" class=\"wp-caption aligncenter\"><a href=\"https:\/\/www.aarquiteta.com.br\/blog\/wp-content\/uploads\/2021\/10\/almofada-bicicleta.jpg\"><img decoding=\"async\" class=\"wp-image-34806 size-full\" title=\"Almofada tem\u00e1tica\" src=\"https:\/\/www.aarquiteta.com.br\/blog\/wp-content\/uploads\/2021\/10\/almofada-bicicleta.jpg\" alt=\"\" width=\"600\" height=\"884\" srcset=\"https:\/\/www.aarquiteta.com.br\/blog\/wp-content\/uploads\/2021\/10\/almofada-bicicleta.jpg 600w, https:\/\/www.aarquiteta.com.br\/blog\/wp-content\/uploads\/2021\/10\/almofada-bicicleta-150x221.jpg 150w\" sizes=\"(max-width: 600px) 100vw, 600px\" \/><\/a><figcaption id=\"caption-attachment-34806\" class=\"wp-caption-text\">Fonte: decorfacil.com<\/figcaption><\/figure>\n<p>&nbsp;<\/p>\n","protected":false},"excerpt":{"rendered":"<p>Como escolher almofadas para sua casa pode parecer uma miss\u00e3o dif\u00edcil, devido \u00e0 diversidade de modelos e estampas existentes no mercado. Almofadas s\u00e3o elementos de apoio\/suporte podem ser utilizadas nos mais diversos lugares como sof\u00e1, poltronas, cadeiras, bancos e mesmo em composi\u00e7\u00f5es de dormit\u00f3rio e varandas\u2026 Al\u00e9m de serem elementos que desempenham uma fun\u00e7\u00e3o espec\u00edfica [&hellip;]<\/p>\n","protected":false},"author":102,"featured_media":44838,"comment_status":"closed","ping_status":"closed","sticky":false,"template":"","format":"standard","meta":{"footnotes":""},"categories":[35402,10005,20353],"tags":[9152,24103,24077,24102,24092,24100,24101,24105,24094,24078,24076,24082,24079,24089,24081,24097,24090,24099,24085,24104,24088,24075,24074,24080,24093,24095,24096,24086,24084,24098,24087,24091,24083,24073,9153,9154,9155],"class_list":["post-34798","post","type-post","status-publish","format-standard","has-post-thumbnail","category-almofadas-e-mantas","category-casa-e-jardim","category-home-decor","tag-almofada","tag-almofada-45x45","tag-almofada-amamentacao","tag-almofada-amarela","tag-almofada-azul","tag-almofada-boho","tag-almofada-branca","tag-almofada-cinza","tag-almofada-croche","tag-almofada-de-banho","tag-almofada-de-croche","tag-almofada-de-natal","tag-almofada-de-no","tag-almofada-decorativa","tag-almofada-futon","tag-almofada-geek","tag-almofada-grande","tag-almofada-grande-para-sofa","tag-almofada-infantil","tag-almofada-macrame","tag-almofada-no","tag-almofada-para-cadeira","tag-almofada-para-sofa","tag-almofada-personalizada","tag-almofada-redonda","tag-almofada-retangular","tag-almofada-rolo","tag-almofada-rosa","tag-almofada-sofa","tag-almofada-terracota","tag-almofada-triangular","tag-almofada-verde","tag-almofadas-de-natal","tag-almofadas-para-sofa","tag-como-escolher-almofada","tag-tamanho-de-almofada","tag-tipos-de-almofada"],"_wp_attached_file":null,"_wp_attachment_metadata":null,"_wp_attachment_context":null,"_wp_attachment_is_custom_header":null,"geo_longitude":null,"geo_public":null,"geo_latitude":null,"_publicize_done_external":null,"_wpas_done_3897181":null,"publicize_twitter_user":null,"_wpas_done_3897175":null,"_wpas_skip_3897181":null,"_wpas_skip_3897175":null,"_wpas_skip_3924723":null,"_wpas_mess":null,"_wpas_done_3924723":null,"wps_subtitle":"Confira as dicas de Decora\u00e7\u00e3o que separamos para os amantes da \u00e1rea da Constru\u00e7\u00e3o Civil mais amada do Brasil!","_links":{"self":[{"href":"https:\/\/www.aarquiteta.com.br\/blog\/wp-json\/wp\/v2\/posts\/34798","targetHints":{"allow":["GET"]}}],"collection":[{"href":"https:\/\/www.aarquiteta.com.br\/blog\/wp-json\/wp\/v2\/posts"}],"about":[{"href":"https:\/\/www.aarquiteta.com.br\/blog\/wp-json\/wp\/v2\/types\/post"}],"author":[{"embeddable":true,"href":"https:\/\/www.aarquiteta.com.br\/blog\/wp-json\/wp\/v2\/users\/102"}],"replies":[{"embeddable":true,"href":"https:\/\/www.aarquiteta.com.br\/blog\/wp-json\/wp\/v2\/comments?post=34798"}],"version-history":[{"count":0,"href":"https:\/\/www.aarquiteta.com.br\/blog\/wp-json\/wp\/v2\/posts\/34798\/revisions"}],"wp:featuredmedia":[{"embeddable":true,"href":"https:\/\/www.aarquiteta.com.br\/blog\/wp-json\/wp\/v2\/media\/44838"}],"wp:attachment":[{"href":"https:\/\/www.aarquiteta.com.br\/blog\/wp-json\/wp\/v2\/media?parent=34798"}],"wp:term":[{"taxonomy":"category","embeddable":true,"href":"https:\/\/www.aarquiteta.com.br\/blog\/wp-json\/wp\/v2\/categories?post=34798"},{"taxonomy":"post_tag","embeddable":true,"href":"https:\/\/www.aarquiteta.com.br\/blog\/wp-json\/wp\/v2\/tags?post=34798"}],"curies":[{"name":"wp","href":"https:\/\/api.w.org\/{rel}","templated":true}]}}