{"id":34768,"date":"2022-05-19T17:00:12","date_gmt":"2022-05-19T20:00:12","guid":{"rendered":"http:\/\/aarquiteta.com.br\/?p=34768"},"modified":"2024-07-03T12:34:17","modified_gmt":"2024-07-03T15:34:17","slug":"poltronas-como-escolher","status":"publish","type":"post","link":"https:\/\/www.aarquiteta.com.br\/blog\/poltronas-como-escolher\/","title":{"rendered":"Poltronas &#8211; Dicas de como acertar na escolha!"},"content":{"rendered":"<figure id=\"attachment_44995\" aria-describedby=\"caption-attachment-44995\" style=\"width: 700px\" class=\"wp-caption aligncenter\"><img decoding=\"async\" class=\"wp-image-44995 size-full\" title=\"Poltronas - Dicas de como acertar na escolha!\" src=\"https:\/\/www.aarquiteta.com.br\/blog\/wp-content\/uploads\/2022\/03\/Dicas-de-poltronas-para-sua-casa3.jpg\" alt=\"Poltronas - Dicas de como acertar na escolha!\" width=\"700\" height=\"400\" srcset=\"https:\/\/www.aarquiteta.com.br\/blog\/wp-content\/uploads\/2022\/03\/Dicas-de-poltronas-para-sua-casa3.jpg 700w, https:\/\/www.aarquiteta.com.br\/blog\/wp-content\/uploads\/2022\/03\/Dicas-de-poltronas-para-sua-casa3-696x398.jpg 696w, https:\/\/www.aarquiteta.com.br\/blog\/wp-content\/uploads\/2022\/03\/Dicas-de-poltronas-para-sua-casa3-150x86.jpg 150w\" sizes=\"(max-width: 700px) 100vw, 700px\" \/><figcaption id=\"caption-attachment-44995\" class=\"wp-caption-text\">Poltronas &#8211; Dicas de como acertar na escolha!<\/figcaption><\/figure>\n<p>Poltronas &#8211; Dicas de como acertar na escolha para a sua casa!<\/p>\n<p>A poltrona \u00e9 uma das pe\u00e7as mais importantes de mobili\u00e1rio dom\u00e9stico, elas\u00a0s\u00e3o \u00f3timas porque fornecem um lugar para sentar e relaxar.<\/p>\n<p>Possuem diferentes tipos e estilos sendo usadas\u00a0em todos os c\u00f4modos da casa para v\u00e1rias finalidades.<\/p>\n<p>Eles podem fornecer assentos em escrit\u00f3rios, quartos e salas de estar.\u00a0A poltrona consegue tornar o ambiente mais confort\u00e1vel e convidativo.<\/p>\n<p>O importante \u00e9 ter uma poltrona robusta, confort\u00e1vel, esteticamente agrad\u00e1vel e funcional.<\/p>\n<h4><a href=\"https:\/\/go.hotmart.com\/L72308754E?dp=1\" target=\"_blank\" rel=\"noopener\">Organiza\u00e7\u00e3o Residencial<\/a>: organize sua casa voc\u00ea mesma!<\/h4>\n<p>Voc\u00ea esta cansada de tentar organizar a casa, mas n\u00e3o conseguir? Quer organizar definitivamente e eficiente, e acabar de vez com a bagun\u00e7a?<\/p>\n<p>Pois \u00e9, com as <a href=\"https:\/\/go.hotmart.com\/L72308754E?dp=1\" target=\"_blank\" rel=\"noopener\">t\u00e9cnicas certas de organiza\u00e7\u00e3o<\/a> voc\u00ea consegue organizar sua casa de uma vez por todas e ter tempo para o que realmente importa!<\/p>\n<p>Se eu te disser que isso \u00e9 poss\u00edvel voc\u00ea acredita? Quer saber mais? Vem comigo, que <a href=\"https:\/\/go.hotmart.com\/L72308754E?dp=1\" target=\"_blank\" rel=\"noopener\">eu te mostro!\u00a0<\/a><\/p>\n<figure id=\"attachment_60332\" aria-describedby=\"caption-attachment-60332\" style=\"width: 700px\" class=\"wp-caption aligncenter\"><a href=\"https:\/\/go.hotmart.com\/L72308754E?dp=1\" target=\"_blank\" rel=\"noopener\"><img decoding=\"async\" class=\"wp-image-60332 size-full\" src=\"https:\/\/www.aarquiteta.com.br\/blog\/wp-content\/uploads\/2022\/06\/curso-de-organizacao-residencial.jpg\" alt=\"curso de organiza\u00e7\u00e3o residencial\" width=\"700\" height=\"400\" title=\"\" srcset=\"https:\/\/www.aarquiteta.com.br\/blog\/wp-content\/uploads\/2022\/06\/curso-de-organizacao-residencial.jpg 700w, https:\/\/www.aarquiteta.com.br\/blog\/wp-content\/uploads\/2022\/06\/curso-de-organizacao-residencial-696x398.jpg 696w, https:\/\/www.aarquiteta.com.br\/blog\/wp-content\/uploads\/2022\/06\/curso-de-organizacao-residencial-150x86.jpg 150w\" sizes=\"(max-width: 700px) 100vw, 700px\" \/><\/a><figcaption id=\"caption-attachment-60332\" class=\"wp-caption-text\"><a href=\"https:\/\/go.hotmart.com\/L72308754E?dp=1\" target=\"_blank\" rel=\"noopener\">Curso de organiza\u00e7\u00e3o residencial para todos por Gabi de Santi &#8211; Personal Organizer<\/a><\/figcaption><\/figure>\n<p>&nbsp;<\/p>\n<h2>Poltronas &#8211; Dicas de como acertar na escolha!<\/h2>\n<p>Considere os seguintes pontos ao escolher uma poltrona confort\u00e1vel para seu escrit\u00f3rio ou casa:<\/p>\n<p>Ao sentar-se na poltrona a pessoa ainda deve ser capaz de se sentir bem. Sentar em uma poltrona muito dura ou muito macia pode ser desconfort\u00e1vel.<\/p>\n<p>Alguns modelos de poltrona podem ser ajustados, neste caso os apoios de bra\u00e7os devem ser ajust\u00e1veis para que seus bra\u00e7os e seus ombros n\u00e3o fiquem desconfort\u00e1veis podendo assim gerar dores com o pouco tempo de uso.<\/p>\n<figure id=\"attachment_33306\" aria-describedby=\"caption-attachment-33306\" style=\"width: 730px\" class=\"wp-caption aligncenter\"><img decoding=\"async\" class=\"wp-image-33306 size-full\" title=\"Poltronas - Dicas de como acertar na escolha!\" src=\"https:\/\/www.aarquiteta.com.br\/blog\/wp-content\/uploads\/2020\/05\/Sala_de_estar_com_duas_poltronas_cinzas.jpg\" alt=\"Poltronas - Dicas de como acertar na escolha!\" width=\"730\" height=\"515\" srcset=\"https:\/\/www.aarquiteta.com.br\/blog\/wp-content\/uploads\/2020\/05\/Sala_de_estar_com_duas_poltronas_cinzas.jpg 730w, https:\/\/www.aarquiteta.com.br\/blog\/wp-content\/uploads\/2020\/05\/Sala_de_estar_com_duas_poltronas_cinzas-696x491.jpg 696w, https:\/\/www.aarquiteta.com.br\/blog\/wp-content\/uploads\/2020\/05\/Sala_de_estar_com_duas_poltronas_cinzas-150x106.jpg 150w\" sizes=\"(max-width: 730px) 100vw, 730px\" \/><figcaption id=\"caption-attachment-33306\" class=\"wp-caption-text\">Poltronas &#8211; Dicas de como acertar na escolha!<\/figcaption><\/figure>\n<h3>Quais os tipos de poltronas?<\/h3>\n<p>Seja para poder esticar-se ap\u00f3s um longo dia de trabalho, sentar-se para jantar em fam\u00edlia ou sacudir seu beb\u00ea para dormir \u00e0 noite.<\/p>\n<p>Talvez este seja apenas um acento decorativo que pode completar a est\u00e9tica da sua sala de estar.<\/p>\n<p>Seja qual for o motivo, uma poltrona nunca \u00e9 apenas uma poltrona.\u00a0\u00c9 a forma. Sua fun\u00e7\u00e3o!<\/p>\n<p>Esta \u00e9 uma necessidade da fam\u00edlia e merece aten\u00e7\u00e3o.\u00a0Existem centenas de op\u00e7\u00f5es para escolher, e o importante \u00e9 estudar antes de investir.<\/p>\n<p>Al\u00e9m disso, comprar conscientemente e avaliar suas prefer\u00eancias pessoais \u00e9 a chave para pesquisar de maneira inteligente.<\/p>\n<p><iframe title=\"Decore f\u00e1cil: O que \u00e9 decora\u00e7\u00e3o de ambientes?\" width=\"696\" height=\"392\" src=\"https:\/\/www.youtube.com\/embed\/9PjhGXgCGLU?feature=oembed\" frameborder=\"0\" allow=\"accelerometer; autoplay; clipboard-write; encrypted-media; gyroscope; picture-in-picture; web-share\" allowfullscreen><\/iframe><\/p>\n<p>&nbsp;<\/p>\n<h2>Confira imagens com exemplos de Poltrona para voc\u00ea se inspirar:<\/h2>\n<p>A <strong>poltrona ARMCHAIR<\/strong> \u00e9 uma cadeira de acento projetada com pain\u00e9is laterais independentes para formar uma estrutura para descansar os bra\u00e7os.<\/p>\n<figure id=\"attachment_34771\" aria-describedby=\"caption-attachment-34771\" style=\"width: 980px\" class=\"wp-caption aligncenter\"><a style=\"font-weight: bold; background-color: transparent;\" href=\"https:\/\/www.aarquiteta.com.br\/blog\/wp-content\/uploads\/2021\/10\/armchair-2-1575574937.jpg\"><img decoding=\"async\" class=\"wp-image-34771 size-full\" src=\"https:\/\/www.aarquiteta.com.br\/blog\/wp-content\/uploads\/2021\/10\/armchair-2-1575574937.jpg\" alt=\"Poltronas - Dicas de como acertar na escolha!\" width=\"980\" height=\"1470\" title=\"\" srcset=\"https:\/\/www.aarquiteta.com.br\/blog\/wp-content\/uploads\/2021\/10\/armchair-2-1575574937.jpg 980w, https:\/\/www.aarquiteta.com.br\/blog\/wp-content\/uploads\/2021\/10\/armchair-2-1575574937-683x1024.jpg 683w, https:\/\/www.aarquiteta.com.br\/blog\/wp-content\/uploads\/2021\/10\/armchair-2-1575574937-696x1044.jpg 696w, https:\/\/www.aarquiteta.com.br\/blog\/wp-content\/uploads\/2021\/10\/armchair-2-1575574937-150x225.jpg 150w\" sizes=\"(max-width: 980px) 100vw, 980px\" \/><\/a><figcaption id=\"caption-attachment-34771\" class=\"wp-caption-text\">Poltronas &#8211; Dicas de como acertar na escolha!<\/figcaption><\/figure>\n<p>O design circular s\u00f3lido da <strong>Cadeira Balde<\/strong> \u00e9 espa\u00e7oso, luxuoso e extremamente confort\u00e1vel e \u00e9 feito de pe\u00e7as grandes. Muitas vers\u00f5es modernas do projeto n\u00e3o t\u00eam pernas, embora as cadeiras baldes venham em v\u00e1rios estilos e estofados.<\/p>\n<figure id=\"attachment_34772\" aria-describedby=\"caption-attachment-34772\" style=\"width: 640px\" class=\"wp-caption alignnone\"><a href=\"https:\/\/www.aarquiteta.com.br\/blog\/wp-content\/uploads\/2021\/10\/barrel-chair-1575497441.jpg\"><img decoding=\"async\" class=\"wp-image-34772 size-large\" title=\"Poltronas - Dicas de como acertar na escolha!\" src=\"https:\/\/www.aarquiteta.com.br\/blog\/wp-content\/uploads\/2021\/10\/barrel-chair-1575497441-683x1024.jpg\" alt=\"Poltronas - Dicas de como acertar na escolha!\" width=\"640\" height=\"960\" srcset=\"https:\/\/www.aarquiteta.com.br\/blog\/wp-content\/uploads\/2021\/10\/barrel-chair-1575497441-683x1024.jpg 683w, https:\/\/www.aarquiteta.com.br\/blog\/wp-content\/uploads\/2021\/10\/barrel-chair-1575497441-696x1044.jpg 696w, https:\/\/www.aarquiteta.com.br\/blog\/wp-content\/uploads\/2021\/10\/barrel-chair-1575497441-150x225.jpg 150w, https:\/\/www.aarquiteta.com.br\/blog\/wp-content\/uploads\/2021\/10\/barrel-chair-1575497441.jpg 980w\" sizes=\"(max-width: 640px) 100vw, 640px\" \/><\/a><figcaption id=\"caption-attachment-34772\" class=\"wp-caption-text\">Poltronas &#8211; Dicas de como acertar na escolha!<\/figcaption><\/figure>\n<p>Confort\u00e1vel, feito sob medida e inegavelmente sexy, diz-se que o estilo Chesterfield <strong>Cadeira Chesterfield<\/strong> foi realizado depois que o quarto conde de Chesterfield encomendou um sof\u00e1 de estilo semelhante no s\u00e9culo XVIII.<\/p>\n<p>As cadeiras que aparecem atr\u00e1s do sof\u00e1 t\u00eam as mesmas caracter\u00edsticas definidoras: apoios de bra\u00e7os enrolados, tufos de bot\u00f5es e acabamento em cabe\u00e7a de prego.<\/p>\n<figure id=\"attachment_34773\" aria-describedby=\"caption-attachment-34773\" style=\"width: 980px\" class=\"wp-caption aligncenter\"><a href=\"https:\/\/www.aarquiteta.com.br\/blog\/wp-content\/uploads\/2021\/10\/chesterfield-chair-1575575117.jpg\"><img decoding=\"async\" class=\"wp-image-34773 size-full\" title=\"Poltronas - Dicas de como acertar na escolha!\" src=\"https:\/\/www.aarquiteta.com.br\/blog\/wp-content\/uploads\/2021\/10\/chesterfield-chair-1575575117.jpg\" alt=\"Poltronas - Dicas de como acertar na escolha!\" width=\"980\" height=\"1470\" srcset=\"https:\/\/www.aarquiteta.com.br\/blog\/wp-content\/uploads\/2021\/10\/chesterfield-chair-1575575117.jpg 980w, https:\/\/www.aarquiteta.com.br\/blog\/wp-content\/uploads\/2021\/10\/chesterfield-chair-1575575117-683x1024.jpg 683w, https:\/\/www.aarquiteta.com.br\/blog\/wp-content\/uploads\/2021\/10\/chesterfield-chair-1575575117-696x1044.jpg 696w, https:\/\/www.aarquiteta.com.br\/blog\/wp-content\/uploads\/2021\/10\/chesterfield-chair-1575575117-150x225.jpg 150w\" sizes=\"(max-width: 980px) 100vw, 980px\" \/><\/a><figcaption id=\"caption-attachment-34773\" class=\"wp-caption-text\">Poltronas &#8211; Dicas de como acertar na escolha!<\/figcaption><\/figure>\n<p><span style=\"color: #2b2b2b; font-size: 16px;\">As <strong>Poltronas Club<\/strong> espa\u00e7osas e luxuosas, geralmente vendidas em couro, s\u00e3o um cl\u00e1ssico mobili\u00e1rio de sala desenhado com curvas arredondadas para otimizar o conforto.<\/span><\/p>\n<figure id=\"attachment_34774\" aria-describedby=\"caption-attachment-34774\" style=\"width: 980px\" class=\"wp-caption aligncenter\"><a href=\"https:\/\/www.aarquiteta.com.br\/blog\/wp-content\/uploads\/2021\/10\/club-chair-2-1575574780.jpg\"><img decoding=\"async\" class=\"wp-image-34774 size-full\" title=\"Poltronas - Dicas de como acertar na escolha!\" src=\"https:\/\/www.aarquiteta.com.br\/blog\/wp-content\/uploads\/2021\/10\/club-chair-2-1575574780.jpg\" alt=\"Poltronas - Dicas de como acertar na escolha!\" width=\"980\" height=\"1473\" srcset=\"https:\/\/www.aarquiteta.com.br\/blog\/wp-content\/uploads\/2021\/10\/club-chair-2-1575574780.jpg 980w, https:\/\/www.aarquiteta.com.br\/blog\/wp-content\/uploads\/2021\/10\/club-chair-2-1575574780-681x1024.jpg 681w, https:\/\/www.aarquiteta.com.br\/blog\/wp-content\/uploads\/2021\/10\/club-chair-2-1575574780-696x1046.jpg 696w, https:\/\/www.aarquiteta.com.br\/blog\/wp-content\/uploads\/2021\/10\/club-chair-2-1575574780-150x225.jpg 150w\" sizes=\"(max-width: 980px) 100vw, 980px\" \/><\/a><figcaption id=\"caption-attachment-34774\" class=\"wp-caption-text\">Poltronas &#8211; Dicas de como acertar na escolha!<\/figcaption><\/figure>\n<p>Embora alguns historiadores afirmem que Napole\u00e3o Bonaparte foi a primeira pessoa a possuir uma poltrona reclin\u00e1vel, esta pe\u00e7a cl\u00e1ssica de mobili\u00e1rio passou por muitas itera\u00e7\u00f5es na hist\u00f3ria. A poltrona reclin\u00e1vel foi projetada para ser inclinada para tr\u00e1s e geralmente possui um apoio para os p\u00e9s que se estende conforme a mesma se inclina.<\/p>\n<h3>Cansado da desordem nos arm\u00e1rios? <a href=\"https:\/\/go.hotmart.com\/L71606651A?dp=1\" target=\"_blank\" rel=\"noopener\">Que tal organizar<\/a>?<\/h3>\n<p>Com este <a href=\"https:\/\/go.hotmart.com\/L71606651A?dp=1\" target=\"_blank\" rel=\"noopener\">passo a passo<\/a> voc\u00ea conseguir\u00e1 organizar o seu ambiente eficazmente, otimizando e deixando os espa\u00e7os funcionais.<\/p>\n<p>Aprender\u00e1 desde o in\u00edcio do processo da organiza\u00e7\u00e3o, passando pela (auto) an\u00e1lise, at\u00e9 o que se deve guardar em gavetas, o que pendurar em cabides, <a href=\"https:\/\/go.hotmart.com\/L71606651A?dp=1\" target=\"_blank\" rel=\"noopener\">como organizar os diversos acess\u00f3rios<\/a>, entre outros.<\/p>\n<p><a style=\"font-weight: bold; background-color: initial;\" href=\"https:\/\/go.hotmart.com\/L71606651A?dp=1\" target=\"_blank\" rel=\"noopener\"><img decoding=\"async\" class=\"wp-image-60349 size-full\" src=\"https:\/\/www.aarquiteta.com.br\/blog\/wp-content\/uploads\/2022\/06\/curso-de-organizacao-closet.jpg\" alt=\"curso de organiza\u00e7\u00e3o closet\" width=\"700\" height=\"400\" title=\"\" srcset=\"https:\/\/www.aarquiteta.com.br\/blog\/wp-content\/uploads\/2022\/06\/curso-de-organizacao-closet.jpg 700w, https:\/\/www.aarquiteta.com.br\/blog\/wp-content\/uploads\/2022\/06\/curso-de-organizacao-closet-696x398.jpg 696w, https:\/\/www.aarquiteta.com.br\/blog\/wp-content\/uploads\/2022\/06\/curso-de-organizacao-closet-150x86.jpg 150w\" sizes=\"(max-width: 700px) 100vw, 700px\" \/><\/a><\/p>\n<p><a href=\"https:\/\/go.hotmart.com\/L71606651A?dp=1\" target=\"_blank\" rel=\"noopener\">Curso de organiza\u00e7\u00e3o closet\u00a0 por HARMONIZATTA<\/a><\/p>\n<p>Inclu\u00edmos fotos para te ajudar em todo o processo da organiza\u00e7\u00e3o, com o uso de organizadores pr\u00f3prios, pois al\u00e9m de deixar tudo em ordem, eles trazem facilidade e otimiza\u00e7\u00e3o para os espa\u00e7os.<\/p>\n<p><a href=\"https:\/\/go.hotmart.com\/L71606651A?dp=1\" target=\"_blank\" rel=\"noopener\">ORGANIZA\u00c7\u00c3O<\/a> n\u00e3o \u00e9 luxo e sim QUALIDADE DE VIDA!<\/p>\n<figure id=\"attachment_34778\" aria-describedby=\"caption-attachment-34778\" style=\"width: 980px\" class=\"wp-caption alignnone\"><a style=\"background-color: transparent; font-weight: bold;\" href=\"https:\/\/www.aarquiteta.com.br\/blog\/wp-content\/uploads\/2021\/10\/recliner-chair-1575497441.jpg\"><img decoding=\"async\" class=\"wp-image-34778 size-full\" title=\"Poltronas - Dicas de como acertar na escolha!\" src=\"https:\/\/www.aarquiteta.com.br\/blog\/wp-content\/uploads\/2021\/10\/recliner-chair-1575497441.jpg\" alt=\"Poltronas - Dicas de como acertar na escolha!\" width=\"980\" height=\"1470\" srcset=\"https:\/\/www.aarquiteta.com.br\/blog\/wp-content\/uploads\/2021\/10\/recliner-chair-1575497441.jpg 980w, https:\/\/www.aarquiteta.com.br\/blog\/wp-content\/uploads\/2021\/10\/recliner-chair-1575497441-683x1024.jpg 683w, https:\/\/www.aarquiteta.com.br\/blog\/wp-content\/uploads\/2021\/10\/recliner-chair-1575497441-696x1044.jpg 696w, https:\/\/www.aarquiteta.com.br\/blog\/wp-content\/uploads\/2021\/10\/recliner-chair-1575497441-150x225.jpg 150w\" sizes=\"(max-width: 980px) 100vw, 980px\" \/><\/a><figcaption id=\"caption-attachment-34778\" class=\"wp-caption-text\">Poltronas &#8211; Dicas de como acertar na escolha!<\/figcaption><\/figure>\n<p>&nbsp;<\/p>\n<p><a style=\"font-weight: bold; background-color: transparent; font-size: 16px;\" href=\"https:\/\/www.aarquiteta.com.br\/blog\/wp-content\/uploads\/2021\/10\/wingback-chair-1575497792.jpg\"><img decoding=\"async\" class=\"wp-image-34782 size-large\" title=\"Cadeira tipo assento asa\" src=\"https:\/\/www.aarquiteta.com.br\/blog\/wp-content\/uploads\/2021\/10\/wingback-chair-1575497792-683x1024.jpg\" alt=\"\" width=\"683\" height=\"1024\" srcset=\"https:\/\/www.aarquiteta.com.br\/blog\/wp-content\/uploads\/2021\/10\/wingback-chair-1575497792-683x1024.jpg 683w, https:\/\/www.aarquiteta.com.br\/blog\/wp-content\/uploads\/2021\/10\/wingback-chair-1575497792-696x1044.jpg 696w, https:\/\/www.aarquiteta.com.br\/blog\/wp-content\/uploads\/2021\/10\/wingback-chair-1575497792-150x225.jpg 150w, https:\/\/www.aarquiteta.com.br\/blog\/wp-content\/uploads\/2021\/10\/wingback-chair-1575497792.jpg 980w\" sizes=\"(max-width: 683px) 100vw, 683px\" \/><\/a><\/p>\n<h3>Confira imagens de ambientes de Salas de Estar decoradas com lindas Poltronas!<\/h3>\n<p>Veja a seguir como voc\u00ea pode se inspirar criando ambienta\u00e7\u00f5es em diferentes estilos de sala de estar:<\/p>\n<p><img decoding=\"async\" class=\"aligncenter wp-image-54282 size-full\" src=\"https:\/\/www.aarquiteta.com.br\/blog\/wp-content\/uploads\/2022\/05\/sala-estar-pequena-7-dicas-decorar-espaco-Mrc-Arq.design.webp\" alt=\"sala de estar\" width=\"1024\" height=\"614\" title=\"\" srcset=\"https:\/\/www.aarquiteta.com.br\/blog\/wp-content\/uploads\/2022\/05\/sala-estar-pequena-7-dicas-decorar-espaco-Mrc-Arq.design.webp 1024w, https:\/\/www.aarquiteta.com.br\/blog\/wp-content\/uploads\/2022\/05\/sala-estar-pequena-7-dicas-decorar-espaco-Mrc-Arq.design-696x417.webp 696w, https:\/\/www.aarquiteta.com.br\/blog\/wp-content\/uploads\/2022\/05\/sala-estar-pequena-7-dicas-decorar-espaco-Mrc-Arq.design-150x90.webp 150w\" sizes=\"(max-width: 1024px) 100vw, 1024px\" \/><\/p>\n<p><img decoding=\"async\" class=\"aligncenter wp-image-48661 size-full\" src=\"https:\/\/www.aarquiteta.com.br\/blog\/wp-content\/uploads\/2022\/03\/piso-para-sala-de-estar-de-madeira.webp\" alt=\"piso para sala de estar de madeira\" width=\"768\" height=\"584\" title=\"\" srcset=\"https:\/\/www.aarquiteta.com.br\/blog\/wp-content\/uploads\/2022\/03\/piso-para-sala-de-estar-de-madeira.webp 768w, https:\/\/www.aarquiteta.com.br\/blog\/wp-content\/uploads\/2022\/03\/piso-para-sala-de-estar-de-madeira-696x529.webp 696w, https:\/\/www.aarquiteta.com.br\/blog\/wp-content\/uploads\/2022\/03\/piso-para-sala-de-estar-de-madeira-150x114.webp 150w\" sizes=\"(max-width: 768px) 100vw, 768px\" \/><\/p>\n<p>&nbsp;<\/p>\n<h3><a href=\"https:\/\/hotmart.com\/pt-br\/marketplace\/produtos\/almofadas-em-patchwork-moderno\/F46516531Q?ref=J71648205N\" target=\"_blank\" rel=\"noopener\">Quer aprender a criar Almofadas em Patchwork Moderno?<\/a><\/h3>\n<p>Aprenda <a href=\"https:\/\/hotmart.com\/pt-br\/marketplace\/produtos\/almofadas-em-patchwork-moderno\/F46516531Q?ref=J71648205N\" target=\"_blank\" rel=\"noopener\">10 projetos diferentes<\/a> repletos de t\u00e9cnicas e dicas para confeccionar almofadas modernas e super comerciais.<\/p>\n<p>Linguagem simples, gr\u00e1ficos de apoio, aula em v\u00eddeo e sugest\u00f5es de finaliza\u00e7\u00e3o. Voc\u00ea amar\u00e1 cada projeto!<\/p>\n<p>As 10 aulas est\u00e3o divididas em 5 m\u00f3dulos.\u00a0Voc\u00ea receber\u00e1:<\/p>\n<ol>\n<li><strong>\u00a010 v\u00eddeos.<\/strong><\/li>\n<li><strong>\u00a010 projetos em PDF.<\/strong><\/li>\n<li><strong>B\u00f4nus:<\/strong><\/li>\n<li><strong>\u00a0Webnair: Aprenda a escolher tecidos como um PRO.<\/strong><\/li>\n<li><strong>\u00a0V\u00eddeo: Como finalizar as suas almofadas.<\/strong><\/li>\n<\/ol>\n<p><a style=\"font-weight: bold; background-color: initial;\" href=\"https:\/\/hotmart.com\/pt-br\/marketplace\/produtos\/almofadas-em-patchwork-moderno\/F46516531Q?ref=J71648205N\" target=\"_blank\" rel=\"noopener\"><img decoding=\"async\" class=\"wp-image-60206 size-full\" title=\"Almofadas em Patchwork Moderno\" src=\"https:\/\/www.aarquiteta.com.br\/blog\/wp-content\/uploads\/2022\/02\/336.png\" alt=\"Almofadas em Patchwork Moderno\" width=\"336\" height=\"280\" srcset=\"https:\/\/www.aarquiteta.com.br\/blog\/wp-content\/uploads\/2022\/02\/336.png 336w, https:\/\/www.aarquiteta.com.br\/blog\/wp-content\/uploads\/2022\/02\/336-150x125.png 150w\" sizes=\"(max-width: 336px) 100vw, 336px\" \/> <\/a><br \/>\n<img decoding=\"async\" class=\"aligncenter wp-image-32338 size-full\" src=\"https:\/\/www.aarquiteta.com.br\/blog\/wp-content\/uploads\/2019\/11\/sala_branca_com_duas_poltronas_azuis_e_dois_sof\u00e1s.jpg\" alt=\"\" width=\"690\" height=\"501\" title=\"\" srcset=\"https:\/\/www.aarquiteta.com.br\/blog\/wp-content\/uploads\/2019\/11\/sala_branca_com_duas_poltronas_azuis_e_dois_sof\u00e1s.jpg 690w, https:\/\/www.aarquiteta.com.br\/blog\/wp-content\/uploads\/2019\/11\/sala_branca_com_duas_poltronas_azuis_e_dois_sof\u00e1s-150x109.jpg 150w\" sizes=\"(max-width: 690px) 100vw, 690px\" \/><\/p>\n<p><img decoding=\"async\" class=\"aligncenter wp-image-31345 size-full\" src=\"https:\/\/www.aarquiteta.com.br\/blog\/wp-content\/uploads\/2019\/09\/sala_cinza_com_poltrona_branca.jpg\" alt=\"\" width=\"1000\" height=\"667\" title=\"\" srcset=\"https:\/\/www.aarquiteta.com.br\/blog\/wp-content\/uploads\/2019\/09\/sala_cinza_com_poltrona_branca.jpg 1000w, https:\/\/www.aarquiteta.com.br\/blog\/wp-content\/uploads\/2019\/09\/sala_cinza_com_poltrona_branca-696x464.jpg 696w, https:\/\/www.aarquiteta.com.br\/blog\/wp-content\/uploads\/2019\/09\/sala_cinza_com_poltrona_branca-150x100.jpg 150w\" sizes=\"(max-width: 1000px) 100vw, 1000px\" \/><\/p>\n<h3>E a\u00ed, gostou do artigo sobre Poltronas?<\/h3>\n<p>Ent\u00e3o deslize a tela para baixo e<a href=\"https:\/\/br.pinterest.com\/aarquitetapinterest\/_created\/\" target=\"_blank\" rel=\"noopener\"> confira mais dicas<\/a> como esta e n\u00e3o se esque\u00e7a de compartilhar com os amigos!<\/p>\n<p>Quer mais dicas sobre o mundo da Arquitetura e Decora\u00e7\u00e3o, ent\u00e3o confira alguns dos nossos artigos em:<\/p>\n<ul>\n<li><a href=\"https:\/\/www.aarquiteta.com.br\/blog\/paisagismo\/\" target=\"_blank\" rel=\"noopener\">Casa e Jardim<\/a><\/li>\n<li><a href=\"https:\/\/www.aarquiteta.com.br\/blog\/arquitetura\/mundo-arquitetura\/\" target=\"_blank\" rel=\"noopener\">Mundo Arquitetura<\/a><\/li>\n<li><a href=\"https:\/\/www.aarquiteta.com.br\/decoracao\/\" target=\"_blank\" rel=\"noopener\">Decora\u00e7\u00e3o<\/a><a href=\"https:\/\/www.aarquiteta.com.br\/decoracao\/\" target=\"_blank\" rel=\"noopener\"><br \/>\n<\/a><\/li>\n<\/ul>\n","protected":false},"excerpt":{"rendered":"<p>Poltronas &#8211; Dicas de como acertar na escolha para a sua casa! A poltrona \u00e9 uma das pe\u00e7as mais importantes de mobili\u00e1rio dom\u00e9stico, elas\u00a0s\u00e3o \u00f3timas porque fornecem um lugar para sentar e relaxar. Possuem diferentes tipos e estilos sendo usadas\u00a0em todos os c\u00f4modos da casa para v\u00e1rias finalidades. Eles podem fornecer assentos em escrit\u00f3rios, quartos [&hellip;]<\/p>\n","protected":false},"author":102,"featured_media":44993,"comment_status":"closed","ping_status":"closed","sticky":false,"template":"","format":"standard","meta":{"footnotes":""},"categories":[10005,35382],"tags":[2097,1681,9149,1666,24362,24340,24352,24363,24347,24344,24343,24359,24339,24361,24349,24338,24346,24337,24342,24356,24354,24355,24341,24336,24353,24364,24350,24365,24357,24360,24345,24348,24358,24351,6380],"class_list":["post-34768","post","type-post","status-publish","format-standard","has-post-thumbnail","category-casa-e-jardim","category-sofas-e-poltronas","tag-cadeira","tag-como-escolher-cadeira","tag-dicas-para-cadeira","tag-poltrona","tag-poltrona-2-lugares","tag-poltrona-amamentacao","tag-poltrona-azul","tag-poltrona-bege","tag-poltrona-cinza","tag-poltrona-com-puff","tag-poltrona-confortavel","tag-poltrona-couro","tag-poltrona-de-amamentacao","tag-poltrona-de-couro","tag-poltrona-de-sala","tag-poltrona-decorativa","tag-poltrona-decorativa-para-sala","tag-poltrona-do-papai","tag-poltrona-giratoria","tag-poltrona-leitura","tag-poltrona-madeira","tag-poltrona-para-leitura","tag-poltrona-para-quarto","tag-poltrona-para-sala","tag-poltrona-para-sala-pequena","tag-poltrona-pequena","tag-poltrona-preta","tag-poltrona-quarto","tag-poltrona-redonda","tag-poltrona-retro","tag-poltrona-rosa","tag-poltrona-sala","tag-poltrona-sala-de-estar","tag-poltrona-verde","tag-poltronas"],"_wp_attached_file":null,"_wp_attachment_metadata":null,"_wp_attachment_context":null,"_wp_attachment_is_custom_header":null,"geo_longitude":null,"geo_public":null,"geo_latitude":null,"_publicize_done_external":null,"_wpas_done_3897181":null,"publicize_twitter_user":null,"_wpas_done_3897175":null,"_wpas_skip_3897181":null,"_wpas_skip_3897175":null,"_wpas_skip_3924723":null,"_wpas_mess":null,"_wpas_done_3924723":null,"wps_subtitle":"Confira as melhores dicas de Decora\u00e7\u00e3o que separamos para voc\u00ea decorar sua casa e deix\u00e1-la ainda mais aconchegante!","_links":{"self":[{"href":"https:\/\/www.aarquiteta.com.br\/blog\/wp-json\/wp\/v2\/posts\/34768","targetHints":{"allow":["GET"]}}],"collection":[{"href":"https:\/\/www.aarquiteta.com.br\/blog\/wp-json\/wp\/v2\/posts"}],"about":[{"href":"https:\/\/www.aarquiteta.com.br\/blog\/wp-json\/wp\/v2\/types\/post"}],"author":[{"embeddable":true,"href":"https:\/\/www.aarquiteta.com.br\/blog\/wp-json\/wp\/v2\/users\/102"}],"replies":[{"embeddable":true,"href":"https:\/\/www.aarquiteta.com.br\/blog\/wp-json\/wp\/v2\/comments?post=34768"}],"version-history":[{"count":0,"href":"https:\/\/www.aarquiteta.com.br\/blog\/wp-json\/wp\/v2\/posts\/34768\/revisions"}],"wp:featuredmedia":[{"embeddable":true,"href":"https:\/\/www.aarquiteta.com.br\/blog\/wp-json\/wp\/v2\/media\/44993"}],"wp:attachment":[{"href":"https:\/\/www.aarquiteta.com.br\/blog\/wp-json\/wp\/v2\/media?parent=34768"}],"wp:term":[{"taxonomy":"category","embeddable":true,"href":"https:\/\/www.aarquiteta.com.br\/blog\/wp-json\/wp\/v2\/categories?post=34768"},{"taxonomy":"post_tag","embeddable":true,"href":"https:\/\/www.aarquiteta.com.br\/blog\/wp-json\/wp\/v2\/tags?post=34768"}],"curies":[{"name":"wp","href":"https:\/\/api.w.org\/{rel}","templated":true}]}}