{"id":3475,"date":"2022-01-27T14:05:48","date_gmt":"2022-01-27T17:05:48","guid":{"rendered":"http:\/\/aarquiteta.com.br\/?p=3475"},"modified":"2024-06-28T12:03:24","modified_gmt":"2024-06-28T15:03:24","slug":"escalas-de-projetos-arquitetonicos","status":"publish","type":"post","link":"https:\/\/www.aarquiteta.com.br\/blog\/escalas-de-projetos-arquitetonicos\/","title":{"rendered":"A import\u00e2ncia da escala na Arquitetura &#8211; Entenda como funciona!"},"content":{"rendered":"<p>A escala \u00e9 um dos aspectos mais importantes na arquitetura. Ela define a rela\u00e7\u00e3o entre os elementos de um projeto arquitet\u00f4nico e determina a propor\u00e7\u00e3o e o equil\u00edbrio visual de um edif\u00edcio.<\/p>\n<p>Al\u00e9m disso, a escala tamb\u00e9m influencia a percep\u00e7\u00e3o do espa\u00e7o por parte dos usu\u00e1rios e \u00e9 fundamental para garantir a funcionalidade e a acessibilidade de um edif\u00edcio.<\/p>\n<h2>O que \u00e9 a escala em arquitetura?<\/h2>\n<p>A escala em arquitetura se refere \u00e0 rela\u00e7\u00e3o entre as dimens\u00f5es dos elementos de um projeto e o tamanho real do edif\u00edcio ou do espa\u00e7o a ser constru\u00eddo. Isso inclui a rela\u00e7\u00e3o entre as paredes, as janelas, as portas, os m\u00f3veis e outros elementos arquitet\u00f4nicos.<\/p>\n<p>A escala \u00e9 expressa em propor\u00e7\u00f5es, como 1:100, onde 1 representa a escala real do edif\u00edcio e 100 representa a escala do modelo ou do desenho.<\/p>\n<h2>Por que \u00e9 importante escolher a escala certa para um projeto arquitet\u00f4nico?<\/h2>\n<p>A escolha da escala correta \u00e9 fundamental para garantir a funcionalidade, a acessibilidade e a est\u00e9tica de um edif\u00edcio.<\/p>\n<p>Se a escala \u00e9 muito pequena, os espa\u00e7os podem parecer apertados e confusos, dificultando a circula\u00e7\u00e3o e a utiliza\u00e7\u00e3o dos ambientes. Por outro lado, se a escala \u00e9 muito grande, os espa\u00e7os podem parecer vazios e sem sentido, prejudicando a percep\u00e7\u00e3o do espa\u00e7o.<\/p>\n<p>A escala tamb\u00e9m influencia a percep\u00e7\u00e3o da altura e da largura dos ambientes, bem como a rela\u00e7\u00e3o entre eles.<\/p>\n<p>Por exemplo, se as paredes s\u00e3o muito altas em rela\u00e7\u00e3o \u00e0s janelas e \u00e0s portas, os ambientes podem parecer sombrios e opressivos.<\/p>\n<p>Por outro lado, se as janelas e as portas s\u00e3o muito grandes em rela\u00e7\u00e3o \u00e0s paredes, os ambientes podem parecer desequilibrados e sem personalidade.<\/p>\n<div class=\"w-full border-b border-black\/10 dark:border-gray-900\/50 text-gray-800 dark:text-gray-100 group bg-gray-50 dark:bg-[#444654]\">\n<div class=\"text-base gap-4 md:gap-6 m-auto md:max-w-2xl lg:max-w-2xl xl:max-w-3xl p-4 md:py-6 flex lg:px-0\">\n<div class=\"relative flex w-[calc(100%-50px)] flex-col gap-1 md:gap-3 lg:w-[calc(100%-115px)]\">\n<div class=\"flex flex-grow flex-col gap-3\">\n<div class=\"min-h-[20px] flex flex-col items-start gap-4 whitespace-pre-wrap\">\n<div class=\"markdown prose w-full break-words dark:prose-invert dark\">\n<h2>Como escolher a escala certa para um projeto arquitet\u00f4nico?<\/h2>\n<p>A escolha da escala certa depende de diversos fatores, como o uso previsto do edif\u00edcio, a localiza\u00e7\u00e3o, a presen\u00e7a de outros edif\u00edcios na vizinhan\u00e7a, entre outros. \u00c9 importante levar em conta tanto as necessidades funcionais quanto as est\u00e9ticas do projeto ao escolher a escala correta.<\/p>\n<div class=\"w-full border-b border-black\/10 dark:border-gray-900\/50 text-gray-800 dark:text-gray-100 group dark:bg-gray-800\">\n<div class=\"text-base gap-4 md:gap-6 m-auto md:max-w-2xl lg:max-w-2xl xl:max-w-3xl p-4 md:py-6 flex lg:px-0\">\n<div class=\"w-[30px] flex flex-col relative items-end\">\n<div class=\"relative flex\">\u00c9 importante considerar a escala humana ao escolher a escala correta para um projeto arquitet\u00f4nico. A escala humana se refere \u00e0 rela\u00e7\u00e3o entre as dimens\u00f5es dos elementos arquitet\u00f4nicos e a estatura m\u00e9dia de uma pessoa.<\/div>\n<div><\/div>\n<div class=\"relative flex\">\u00c9 importante garantir que os elementos arquitet\u00f4nicos, como as ma\u00e7anetas das portas, as tomadas de energia e os interruptores de luz, sejam de tamanho adequado para serem facilmente acess\u00edveis por pessoas de todas as idades e com diferentes capacidades f\u00edsicas.<\/div>\n<div><\/div>\n<\/div>\n<\/div>\n<\/div>\n<div class=\"w-full border-b border-black\/10 dark:border-gray-900\/50 text-gray-800 dark:text-gray-100 group bg-gray-50 dark:bg-[#444654]\">\n<div class=\"text-base gap-4 md:gap-6 m-auto md:max-w-2xl lg:max-w-2xl xl:max-w-3xl p-4 md:py-6 flex lg:px-0\">\n<div class=\"relative flex w-[calc(100%-50px)] flex-col gap-1 md:gap-3 lg:w-[calc(100%-115px)]\">\n<div class=\"flex flex-grow flex-col gap-3\">\n<div class=\"min-h-[20px] flex flex-col items-start gap-4 whitespace-pre-wrap\">\n<div class=\"markdown prose w-full break-words dark:prose-invert dark\">\n<p>Outro aspecto importante a ser considerado na escolha da escala correta \u00e9 o tipo de material a ser utilizado na constru\u00e7\u00e3o.<\/p>\n<p>Alguns materiais, como o vidro, o a\u00e7o e o concreto, tendem a ser mais escuros e pesados visualmente, enquanto outros materiais, como a madeira e a pedra, s\u00e3o mais leves e claros.<\/p>\n<p>\u00c9 importante escolher a escala correta para garantir que a textura e a cor dos materiais sejam adequadas \u00e0 percep\u00e7\u00e3o do espa\u00e7o e ao equil\u00edbrio visual do projeto.<\/p>\n<\/div>\n<\/div>\n<\/div>\n<\/div>\n<\/div>\n<\/div>\n<\/div>\n<\/div>\n<\/div>\n<div class=\"flex justify-between\">\n<div class=\"text-gray-400 flex self-end lg:self-center justify-center mt-2 gap-3 md:gap-4 lg:gap-1 lg:absolute lg:top-0 lg:translate-x-full lg:right-0 lg:mt-0 lg:pl-2 visible\"><span style=\"color: #111111; font-family: Roboto, sans-serif; font-size: 27px;\">Como a escala influencia a funcionalidade de um edif\u00edcio?<\/span><\/div>\n<\/div>\n<\/div>\n<\/div>\n<\/div>\n<div class=\"w-full border-b border-black\/10 dark:border-gray-900\/50 text-gray-800 dark:text-gray-100 group bg-gray-50 dark:bg-[#444654]\">\n<div class=\"text-base gap-4 md:gap-6 m-auto md:max-w-2xl lg:max-w-2xl xl:max-w-3xl p-4 md:py-6 flex lg:px-0\">\n<div class=\"relative flex w-[calc(100%-50px)] flex-col gap-1 md:gap-3 lg:w-[calc(100%-115px)]\">\n<div class=\"flex flex-grow flex-col gap-3\">\n<div class=\"min-h-[20px] flex flex-col items-start gap-4 whitespace-pre-wrap\">\n<div class=\"markdown prose w-full break-words dark:prose-invert dark\">\n<p>A escala \u00e9 um aspecto fundamental para garantir a funcionalidade de um edif\u00edcio. Se a escala \u00e9 inadequada, pode haver problemas de circula\u00e7\u00e3o, de acessibilidade e de utiliza\u00e7\u00e3o dos espa\u00e7os.<\/p>\n<p>Al\u00e9m disso, a escala inadequada tamb\u00e9m pode prejudicar a entrada e a sa\u00edda de luz natural, prejudicando a ilumina\u00e7\u00e3o e a ventila\u00e7\u00e3o dos ambientes.<\/p>\n<p>Por isso, \u00e9 importante garantir que a escala seja adequada \u00e0s necessidades funcionais do projeto ao escolher a escala correta.<\/p>\n<p>\u00c9 preciso levar em conta a largura das portas, a altura das janelas, a presen\u00e7a de corredores, a localiza\u00e7\u00e3o de banheiros e cozinhas, entre outros aspectos, para garantir que a funcionalidade do edif\u00edcio seja adequada.<\/p>\n<p><span style=\"color: #111111; font-family: Roboto, sans-serif; font-size: 27px;\">Como utilizar a escala em projetos arquitet\u00f4nicos?<\/span><\/p>\n<\/div>\n<\/div>\n<\/div>\n<\/div>\n<\/div>\n<\/div>\n<p>A escala pode ser utilizada de diversas maneiras em projetos arquitet\u00f4nicos, dependendo das necessidades e objetivos de cada projeto. Algumas dicas para utilizar a escala de maneira eficaz incluem:<\/p>\n<ul>\n<li>Mantenha a propor\u00e7\u00e3o consistente entre os elementos arquitet\u00f4nicos, como paredes, janelas, portas e m\u00f3veis.<\/li>\n<li>Use a escala para criar um equil\u00edbrio visual entre os elementos arquitet\u00f4nicos e o espa\u00e7o em geral.<\/li>\n<li>Explore diferentes escalas para criar efeitos diferentes, como espa\u00e7os amplos e espa\u00e7os acolhedores.<\/li>\n<li>Considere a escala ao escolher os materiais de constru\u00e7\u00e3o, como azulejos, revestimentos e acabamentos.<\/li>\n<\/ul>\n<h3 style=\"text-align: justify;\">Escalas de Projetos Arquitet\u00f4nicos &#8211; Entenda como funciona!<\/h3>\n<p style=\"text-align: justify;\">Todo aquele que se dedica ao estudo de desenho t\u00e9cnico, seja qual for a especialidade, deve ter amplos conhecimentos sobre escalas de projetos arquitet\u00f4nicos e a pr\u00e1tica no seu emprego.<\/p>\n<p style=\"text-align: justify;\">A necessidade do emprego de escalas de projetos arquitet\u00f4nicos na representa\u00e7\u00e3o gr\u00e1fica surgiu da impossibilidade de representarmos, em muitos casos, em grandeza verdadeira, certos objetos cujas dimens\u00f5es n\u00e3o permitem o uso dos tamanhos de papel recomendados pelas Normas T\u00e9cnicas.<\/p>\n<p style=\"text-align: justify;\">Nesses casos empregados escalas de redu\u00e7\u00e3o; quando necessitamos obter representa\u00e7\u00f5es gr\u00e1ficas maiores que os objetos, utilizamos escalas de amplia\u00e7\u00e3o.<\/p>\n<p style=\"text-align: justify;\">Assim, os objetos podem ser desenhados com suas dimens\u00f5es ampliadas, iguais ou reduzidas.<\/p>\n<p style=\"text-align: justify;\">No desenho de arquitetura geralmente s\u00f3 se usam escalas de redu\u00e7\u00e3o a n\u00e3o ser em detalhes, onde parece algumas vezes a escala real.<\/p>\n<h2 style=\"text-align: justify;\">Escalas de projetos arquitet\u00f4nicos:<\/h2>\n<h3 style=\"text-align: justify;\">A escolha de uma escala deve ter em vista:<\/h3>\n<ul>\n<li style=\"text-align: justify;\">1)\u00a0\u00a0\u00a0\u00a0\u00a0 Tamanho do objeto a representar;<\/li>\n<li style=\"text-align: justify;\">2)\u00a0\u00a0\u00a0\u00a0\u00a0 As dimens\u00f5es do papel;<\/li>\n<li style=\"text-align: justify;\">3)\u00a0\u00a0\u00a0\u00a0\u00a0 A clareza do desenho.<\/li>\n<\/ul>\n<p style=\"text-align: justify;\">Cada uma dessas condi\u00e7\u00f5es deve ser sempre respeitada, pois, tem grande peso na boa apresenta\u00e7\u00e3o do desenho.<\/p>\n<h2 style=\"text-align: justify;\"><a href=\"https:\/\/www.aarquiteta.com.br\/curso-de-arquitetura\/\" target=\"_blank\" rel=\"noopener\">C\u00e1lculo de uma grandeza em escala:<\/a><\/h2>\n<h3 style=\"text-align: justify;\">Escalas gr\u00e1ficas<\/h3>\n<p style=\"text-align: justify;\">Vejamos como representar em escala uma grandeza de 20 metros.<\/p>\n<p style=\"text-align: justify;\">Supomos que possu\u00edmos um papel de formado A3; isso \u00e9, 297 mm x 420 mm; sendo a maior dimens\u00e3o 420 mm e tendo ainda menos 20 mm de margem, teremos somente 400 mm \u00fateis.<\/p>\n<p style=\"text-align: justify;\">Sabemos assim que podemos representar os 20 m por uma grandeza 5, 10, 20, 50 ou 100 vezes menor que a realidade, e que no nosso caso temos um limite que \u00e9 a dimens\u00e3o do papel.<\/p>\n<p style=\"text-align: justify;\">Se a elabor\u00e1ssemos 10 vezes menor, ter\u00edamos 20 m representados por uma dimens\u00e3o 10 vezes menor, ou seja, 2 m, o que n\u00e3o seria poss\u00edvel, pois o papel tem no m\u00e1ximo 400 mm ou 40 cm.<\/p>\n<p style=\"text-align: justify;\">Neste exemplo a escala \u00e9 redu\u00e7\u00e3o sendo representada por uma fra\u00e7\u00e3o ordin\u00e1ria pr\u00f3pria, cujo numerador \u00e9 a unidade e o dominador \u00e9 o n\u00famero de vezes que diminuiremos a grandeza real, isto \u00e9, 10.<\/p>\n<p style=\"text-align: justify;\">Temos assim, 1:10 ou 1\/10.\u00a0 L\u00ea-se escala 1 por 10.<\/p>\n<p style=\"text-align: justify;\">Cada unidade de grandeza real \u00e9 representada por outra dez vezes menor; 20 m ser\u00e3o representados por 2 m, 1 m ou 100 cm por 10 cm.<\/p>\n<p style=\"text-align: justify;\">Na escala de 1:50 (1 por 50) temos 1 m ou 100 cm reduzidos 50 vezes, ou seja, 2 cm; 20 m ser\u00e3o, portanto 40 cm.<\/p>\n<p style=\"text-align: justify;\">Estamos vendo, que, quanto maior for o dominador, menos aparecer\u00e1 a grandeza representada em escala.<\/p>\n<p style=\"text-align: justify;\">\u00a0<i>A escala real \u00e9 representada (1:1), onde se l\u00ea 1 por 1.<\/i><i>\u00a0<\/i><\/p>\n<p style=\"text-align: justify;\">Para evitar constantes c\u00e1lculos na convers\u00e3o de medidas a uma determinada escala, \u00e9 conveniente o uso de escalas gr\u00e1ficas.<\/p>\n<p style=\"text-align: justify;\">A constru\u00e7\u00e3o de uma escala gr\u00e1fica \u00e9 uma coisa fac\u00edlima.<\/p>\n<p style=\"text-align: justify;\">Vejamos:<\/p>\n<p style=\"text-align: justify;\">\u00a0A escala escolhida \u00e9 1:50, muito utilizada nos desenhos de arquitetura.<\/p>\n<p style=\"text-align: justify;\">Temos:<\/p>\n<p style=\"text-align: justify;\">1 m ou 100 cm representados por uma grandeza 50 vezes menor, ou seja, 2 cm.<\/p>\n<p style=\"text-align: justify;\">Obt\u00e9m-se este resultado com facilidade dividindo o numerador da fra\u00e7\u00e3o pelo denominador:<\/p>\n<p style=\"text-align: justify;\">100\/ 50 = 0,02 m<\/p>\n<p style=\"text-align: justify;\">Tra\u00e7a \u2013 se em seguida uma reta qualquer onde se marca um ponto 0 de origem e, a partir de 0 para a direita arca \u2013 se, de 0,02 em 0,02 m, um pequeno tra\u00e7o.<\/p>\n<p style=\"text-align: justify;\"><a href=\"https:\/\/www.aarquiteta.com.br\/blog\/wp-content\/uploads\/2014\/06\/luc1.png\"><img decoding=\"async\" class=\"aligncenter size-full wp-image-3476\" src=\"https:\/\/www.aarquiteta.com.br\/blog\/wp-content\/uploads\/2014\/06\/luc1.png\" alt=\"luc1\" width=\"280\" height=\"70\" title=\"\" srcset=\"https:\/\/www.aarquiteta.com.br\/blog\/wp-content\/uploads\/2014\/06\/luc1.png 280w, https:\/\/www.aarquiteta.com.br\/blog\/wp-content\/uploads\/2014\/06\/luc1-150x38.png 150w\" sizes=\"(max-width: 280px) 100vw, 280px\" \/><\/a><\/p>\n<p style=\"text-align: justify;\">Cada 0,02 m vale 1 m. \u00c0 esquerda da origem marcamos tamb\u00e9m 2 cm e dividimos em 10 partes iguais, ou seja, de 0,002 m.<\/p>\n<p style=\"text-align: justify;\">Como 2 cm valem 1 m, dividimos o metro em dez partes iguais, cada uma dessas partes valer\u00e1 1 dm\u00a0 ou 10 cm; assim, cada 2 mm valer\u00e1 na escala de 1:50, 10 cm<\/p>\n<p style=\"text-align: justify;\">Feita a escala gr\u00e1fica, a sua utiliza\u00e7\u00e3o \u00e9 intuitiva.<\/p>\n<p style=\"text-align: justify;\">Por exemplo:<\/p>\n<p style=\"text-align: justify;\">3,60 na escala de 1:50 s\u00e3o 3 divis\u00f5es de escala iguais a 1 m mais 6 subdivis\u00f5es da parte esquerda.<\/p>\n<h3 style=\"text-align: justify;\">Escalas usadas em desenho arquitet\u00f4nico.<\/h3>\n<p style=\"text-align: justify;\">O desenho de arquitetura, por sua natureza, s\u00f3 utiliza escalas de redu\u00e7\u00e3o.<\/p>\n<p style=\"text-align: justify;\">S\u00e3o as seguintes as escalas m\u00ednimas?<\/p>\n<ul>\n<li style=\"text-align: justify;\">a)\u00a0\u00a0\u00a0\u00a0\u00a0 1:100 para plantas;<\/li>\n<li style=\"text-align: justify;\">b)\u00a0\u00a0\u00a0\u00a0\u00a0 1:200 para coberturas;<\/li>\n<li style=\"text-align: justify;\">c)\u00a0\u00a0\u00a0\u00a0\u00a0\u00a0 1:500 para plantas de situa\u00e7\u00e3o;<\/li>\n<li style=\"text-align: justify;\">d)\u00a0\u00a0\u00a0\u00a0\u00a0 1:50 para as fechadas e cortes ou sec\u00e7\u00f5es.<\/li>\n<li style=\"text-align: justify;\">A indica\u00e7\u00e3o da escala n\u00e3o dispensar\u00e1 a indica\u00e7\u00e3o de cotas.<\/li>\n<\/ul>\n<p style=\"text-align: justify;\">As cotas dever\u00e3o ser escritas em caracteres claros e facilmente leg\u00edveis.<\/p>\n<h3 style=\"text-align: justify;\">R\u00e9guas escalas<\/h3>\n<p style=\"text-align: justify;\">As r\u00e9guas-escalas s\u00e3o de se\u00e7\u00e3o triangular e possuem gravadas em suas faces 6 escalas gr\u00e1ficas para cada caso.<\/p>\n<figure id=\"attachment_3477\" aria-describedby=\"caption-attachment-3477\" style=\"width: 173px\" class=\"wp-caption aligncenter\"><a href=\"https:\/\/www.aarquiteta.com.br\/blog\/wp-content\/uploads\/2014\/06\/luc2.jpg\"><img decoding=\"async\" class=\"wp-image-3477 size-full\" title=\"reguas-escalas\" src=\"https:\/\/www.aarquiteta.com.br\/blog\/wp-content\/uploads\/2014\/06\/luc2.jpg\" alt=\"escalas projetos\" width=\"173\" height=\"173\" srcset=\"https:\/\/www.aarquiteta.com.br\/blog\/wp-content\/uploads\/2014\/06\/luc2.jpg 173w, https:\/\/www.aarquiteta.com.br\/blog\/wp-content\/uploads\/2014\/06\/luc2-96x96.jpg 96w, https:\/\/www.aarquiteta.com.br\/blog\/wp-content\/uploads\/2014\/06\/luc2-150x150.jpg 150w\" sizes=\"(max-width: 173px) 100vw, 173px\" \/><\/a><figcaption id=\"caption-attachment-3477\" class=\"wp-caption-text\">R\u00e9guas-escalas s\u00e3o de grande utilidade para o desenhista.<\/figcaption><\/figure>\n<p style=\"text-align: justify;\" align=\"center\"><span style=\"line-height: 1.5em;\">Devemos observar com cuidado a face da r\u00e9gua antes de utiliz\u00e1-la a fim de que n\u00e3o haja troca de escalas.<\/span><\/p>\n<p style=\"text-align: justify;\">Costumam ser pintadas de cores diferentes as partes indicadas pela seta a fim de que se possa identificar mais facilmente as escalas.<\/p>\n<p style=\"text-align: justify;\"><i>Nota:<\/i>\u00a0As r\u00e9guas-escalas n\u00e3o devem ser usadas no lugar dos esquadros ou das r\u00e9guas comuns.<\/p>\n<h3 style=\"text-align: justify;\">Escalas no sistema ingl\u00eas de medidas.<\/h3>\n<p style=\"text-align: justify;\">No sistema ingl\u00eas de medidas devemos levar em conta o p\u00e9 como unidade ( 1<i> feet = <\/i>1\u2019 = 0,304 8 m) e o seu subm\u00faltiplo, a polegada (1 <i>inch <\/i>= 1\u2019\u2019 = 2,54 cm).<\/p>\n<p style=\"text-align: justify;\">Sabemos que 1 p\u00e9 tem 12 polegadas e que, a polegada por sua vez \u00e9 dividida \u00bd\u2019\u2019, \u00bc\u2019\u2019,\u00a0 1\/8\u2019\u2019,. ., 1\/64\u2019\u2019.<\/p>\n<p style=\"text-align: justify;\">Nos desenhos executados nos pa\u00edses onde \u00e9 adotado o sistema ingl\u00eas de medidas podemos observar que as escalas s\u00e3o designadas da seguinte maneira: \u00bc\u2019\u2019 = 1\u2019\u2019; l\u00ea \u2013se: um quarto de polegada igual a um p\u00e9;\u00a0 1\/8\u2019\u2019 = 1.<\/p>\n<p style=\"text-align: justify;\">Adotando \u2013 se o racioc\u00ednio anterior, verificamos que a medida \u00bc\u2019\u2019, na escala \u00bc\u2019\u2019 = 1\u2019, \u00e9 48 vezes menor por conseguinte, estamos representando a medida real 48 vezes menor.<\/p>\n<p style=\"text-align: justify;\">A escala equivalente em nosso sistema de medidas seria 1:48 ou 1\/48, muito semelhante \u00e0 escala 1:50.<\/p>\n<p style=\"text-align: justify;\">Para a escala 1\/8\u2019\u2019 = 1\u2019\u2019 chegamos a conclus\u00e3o semelhante, racionando assim: 1 p\u00e9 tem 12 polegadas e uma polegada possui 8 oitavos; por seguinte, 1 p\u00e9 possui\u00a0 8&#215;12 = 96 oitavos. Logo, 1\/8\u2019\u2019 da polegada \u00e9 uma medida 96 vezes menor que o p\u00e9.<\/p>\n<p style=\"text-align: justify;\">Ora, se representaremos as medidas de um objeto por outro 96 vezes menor que a realidade, estamos adotando a escala 1:96 (ou 1\/96) que muito se assemelha \u00e0 escala 1:100.<\/p>\n<p style=\"text-align: justify;\"><i>Nota: <\/i>Existem r\u00e9guas-escalas com escalas gr\u00e1ficas no sistema ingl\u00eas de medidas. O aluno deve estudar esse sistema.<\/p>\n<p style=\"text-align: justify;\">O que acima foi dito permite interpretar plantas ou livros de assuntos de desenho escritos em ingl\u00eas e adotem o sistema ingl\u00eas de medidas.<\/p>\n<p style=\"text-align: justify;\"><i>Nota: <\/i>\u00a0Na Inglaterra j\u00e1 est\u00e1 em vigor o sistema decimal de medidas.<b><\/b><\/p>\n<p><iframe src=\"https:\/\/www.youtube.com\/embed\/DMCoXyvsoOg\" width=\"560\" height=\"315\" frameborder=\"0\" allowfullscreen=\"allowfullscreen\"><\/iframe><\/p>\n<h2>Conclus\u00e3o<\/h2>\n<p>Em resumo, a escala \u00e9 um aspecto fundamental na arquitetura, que influencia a percep\u00e7\u00e3o do espa\u00e7o, a funcionalidade e a est\u00e9tica de um edif\u00edcio.<\/p>\n<p>Por isso, \u00e9 importante escolher a escala correta ao projetar um edif\u00edcio, levando em conta as necessidades funcionais, est\u00e9ticas e humanas do projeto.<\/p>\n<p>Ao fazer a escolha certa, \u00e9 poss\u00edvel garantir que o edif\u00edcio seja funcional, acess\u00edvel e esteticamente agrad\u00e1vel para seus usu\u00e1rios.<\/p>\n<p>&nbsp;<\/p>\n","protected":false},"excerpt":{"rendered":"<p>A escala \u00e9 um dos aspectos mais importantes na arquitetura. Ela define a rela\u00e7\u00e3o entre os elementos de um projeto arquitet\u00f4nico e determina a propor\u00e7\u00e3o e o equil\u00edbrio visual de um edif\u00edcio. Al\u00e9m disso, a escala tamb\u00e9m influencia a percep\u00e7\u00e3o do espa\u00e7o por parte dos usu\u00e1rios e \u00e9 fundamental para garantir a funcionalidade e a [&hellip;]<\/p>\n","protected":false},"author":102,"featured_media":41645,"comment_status":"closed","ping_status":"closed","sticky":false,"template":"","format":"standard","meta":{"footnotes":""},"categories":[1507],"tags":[137,12966,12967,12968,12969,12970,12971,758,759,12972,12973],"class_list":["post-3475","post","type-post","status-publish","format-standard","has-post-thumbnail","category-arquitetura","tag-arquitetura","tag-como-medir-escala","tag-escala-na-arquitetura","tag-escalas-de-projetos-arquitetonicos","tag-escalas-graficas","tag-escalas-no-sistema-ingles-de-medidas","tag-escalas-usadas-em-desenho-arquitetonico","tag-projeto-arquitetura","tag-reguas","tag-reguas-arquitetura","tag-reguas-escalas"],"_wp_attached_file":null,"_wp_attachment_metadata":null,"_wp_attachment_context":null,"_wp_attachment_is_custom_header":null,"geo_longitude":null,"geo_public":null,"geo_latitude":null,"_publicize_done_external":null,"_wpas_done_3897181":null,"publicize_twitter_user":null,"_wpas_done_3897175":null,"_wpas_skip_3897181":null,"_wpas_skip_3897175":null,"_wpas_skip_3924723":null,"_wpas_mess":null,"_wpas_done_3924723":null,"wps_subtitle":"Conhe\u00e7a as escalas mais utilizadas nos projetos arquitet\u00f4nicos. Escalas gr\u00e1ficas, sistema ingl\u00eas, r\u00e9guas escalares.","_links":{"self":[{"href":"https:\/\/www.aarquiteta.com.br\/blog\/wp-json\/wp\/v2\/posts\/3475","targetHints":{"allow":["GET"]}}],"collection":[{"href":"https:\/\/www.aarquiteta.com.br\/blog\/wp-json\/wp\/v2\/posts"}],"about":[{"href":"https:\/\/www.aarquiteta.com.br\/blog\/wp-json\/wp\/v2\/types\/post"}],"author":[{"embeddable":true,"href":"https:\/\/www.aarquiteta.com.br\/blog\/wp-json\/wp\/v2\/users\/102"}],"replies":[{"embeddable":true,"href":"https:\/\/www.aarquiteta.com.br\/blog\/wp-json\/wp\/v2\/comments?post=3475"}],"version-history":[{"count":0,"href":"https:\/\/www.aarquiteta.com.br\/blog\/wp-json\/wp\/v2\/posts\/3475\/revisions"}],"wp:featuredmedia":[{"embeddable":true,"href":"https:\/\/www.aarquiteta.com.br\/blog\/wp-json\/wp\/v2\/media\/41645"}],"wp:attachment":[{"href":"https:\/\/www.aarquiteta.com.br\/blog\/wp-json\/wp\/v2\/media?parent=3475"}],"wp:term":[{"taxonomy":"category","embeddable":true,"href":"https:\/\/www.aarquiteta.com.br\/blog\/wp-json\/wp\/v2\/categories?post=3475"},{"taxonomy":"post_tag","embeddable":true,"href":"https:\/\/www.aarquiteta.com.br\/blog\/wp-json\/wp\/v2\/tags?post=3475"}],"curies":[{"name":"wp","href":"https:\/\/api.w.org\/{rel}","templated":true}]}}