{"id":3465,"date":"2014-07-26T11:18:08","date_gmt":"2014-07-26T14:18:08","guid":{"rendered":"http:\/\/aarquiteta.com.br\/?p=3465"},"modified":"2024-08-23T10:59:01","modified_gmt":"2024-08-23T13:59:01","slug":"aprenda-a-criar-estudos-de-caso-arquitetonico","status":"publish","type":"post","link":"https:\/\/www.aarquiteta.com.br\/blog\/aprenda-a-criar-estudos-de-caso-arquitetonico\/","title":{"rendered":"Aprenda a criar estudo de caso arquitet\u00f4nico &#8211; Veja como!"},"content":{"rendered":"<p style=\"text-align: justify;\">Pra quem \u00e9 estudante de arquitetura sabe muito bem que quando estamos iniciando um projeto sempre buscamos estudos de caso de projetos de arquitetura e refer\u00eancias arquitet\u00f4nicas, principalmente as de grande \u00eaxito dos grandes nomes da arquitetura nacional ou internacional.<\/p>\n<p style=\"text-align: justify;\">Durante as aulas de projeto arquitet\u00f4nico os professores sempre nos orientam a elaborar os ESTUDOS DE CASO.<\/p>\n<p style=\"text-align: justify;\">Por\u00e9m voc\u00ea sabe exatamente o que significa um estudo de caso de arquitetura?<\/p>\n<p style=\"text-align: justify;\">Vamos la!<\/p>\n<h2 style=\"text-align: justify;\">Estudos de caso<\/h2>\n<p style=\"text-align: justify;\">Os estudos de caso s\u00e3o refer\u00eancias projetuais, geralmente\u00a0cl\u00e1ssicos da arquitetura, que os alunos\u00a0tomam como refer\u00eancia\u00a0para desenvolver\u00a0 o seu\u00a0projeto.<\/p>\n<p style=\"text-align: justify;\">Ex: Se vou projetar um parque, o professor ou o aluno\u00a0escolhe 3 refer\u00eancias de parques conceituados, estuda e\u00a0toma como partido pro projeto a ser desenvolvido.<\/p>\n<p style=\"text-align: justify;\">E nesse artigo\u00a0vamos falar um pouco sobre alguns estudos de casos que disponibilizei para\u00a0<a href=\"https:\/\/www.dropbox.com\/sh\/taeuwdxid8dsnri\/AACzUi0dIvMEEdFPpabahjN1a?dl=0\" target=\"_blank\" rel=\"noopener noreferrer\">DOWNLOAD GR\u00c1TIS <\/a>para voc\u00eas. Tudo o que voc\u00ea\u00a0precisa fazer \u00e9\u00a0clicar no link!<\/p>\n<h2 style=\"text-align: justify;\">Os estudos de caso dispon\u00edveis para download<\/h2>\n<ul>\n<li style=\"text-align: justify;\">Estudo de caso SESC POMPEIA-SP;<\/li>\n<li style=\"text-align: justify;\">Estudo de caso barao de Itaborai-RJ;<\/li>\n<li style=\"text-align: justify;\">Estudo de caso Centro de Reabilita\u00e7\u00e3o Motora &#8211; Argentina;<\/li>\n<li style=\"text-align: justify;\">Estudo de caso Espa\u00e7o Natura-SP;<\/li>\n<li style=\"text-align: justify;\">Estudo de caso Memorial da Am\u00e9rica Latina-SP;<\/li>\n<li style=\"text-align: justify;\">Estudo de Caso\u00a0Casa Modernista Santa Cruz SP;<\/li>\n<li style=\"text-align: justify;\">Estudo de caso Museu Bilbao;<\/li>\n<li style=\"text-align: justify;\">Estudo de caso Terminal Rodovi\u00e1rio-SP;<\/li>\n<li style=\"text-align: justify;\">Estudo de caso Vila dos Idosos SP;<\/li>\n<li style=\"text-align: justify;\">Estudo de caso de variadas escolas estaduais;<\/li>\n<li style=\"text-align: justify;\">entre outros.<\/li>\n<\/ul>\n<p style=\"text-align: justify;\">Os estudos de caso de arquitetura acima s\u00e3o modelos que voc\u00ea pode utilizar em suas pesquisas e us\u00e1-los como refer\u00eancia ou apoio em seus trabalhos.<\/p>\n<p style=\"text-align: justify;\">Muitos deles eu j\u00e1 publiquei no blog anteriormente, por\u00e9m agora quem deseja adquirir esse material todo de uma vez s\u00f3 \u00e9 fazer o download (link citado acima ) como eu j\u00e1 expliquei anteriormente.<\/p>\n<h2 style=\"text-align: justify;\">Manuais da constru\u00e7\u00e3o civil para download<\/h2>\n<p style=\"text-align: justify;\">Al\u00e9m dos estudos de caso, tamb\u00e9m disponibilizei para voc\u00eas alguns <strong>MANUAIS DA CONSTRU\u00c7\u00c3O CIVIL<\/strong> tais como:<\/p>\n<p><img decoding=\"async\" class=\"alignright wp-image-13762 size-full\" src=\"https:\/\/www.aarquiteta.com.br\/blog\/wp-content\/uploads\/2016\/06\/banner-post-tcc.jpg\" alt=\"\" width=\"300\" height=\"300\" title=\"\" srcset=\"https:\/\/www.aarquiteta.com.br\/blog\/wp-content\/uploads\/2016\/06\/banner-post-tcc.jpg 300w, https:\/\/www.aarquiteta.com.br\/blog\/wp-content\/uploads\/2016\/06\/banner-post-tcc-96x96.jpg 96w, https:\/\/www.aarquiteta.com.br\/blog\/wp-content\/uploads\/2016\/06\/banner-post-tcc-150x150.jpg 150w\" sizes=\"(max-width: 300px) 100vw, 300px\" \/><\/p>\n<ul>\n<li style=\"text-align: justify;\">A execu\u00e7\u00e3o in situ com lajes protendidas;<\/li>\n<li style=\"text-align: justify;\">ABCP-FUNDACOES;<\/li>\n<li style=\"text-align: justify;\">An\u00e1lise e Retro-an\u00e1lise de Vigas de Concreto Armado e Protendido;<\/li>\n<li style=\"text-align: justify;\">Concreto armado;<\/li>\n<li style=\"text-align: justify;\">F\u00d4RMAS;<\/li>\n<li style=\"text-align: justify;\">FUNDA\u00c7\u00d5ES;<\/li>\n<li style=\"text-align: justify;\">Lajes Steel deck;<\/li>\n<li style=\"text-align: justify;\">Manual DO CONCRETO DOSADO CENTRAL;<\/li>\n<li style=\"text-align: justify;\">Protens\u00e3o com bainha;<\/li>\n<li style=\"text-align: justify;\">Protens\u00e3o n\u00e3o aderente;<\/li>\n<li style=\"text-align: justify;\">SERV. PRELIMINARES.<\/li>\n<\/ul>\n<p style=\"text-align: justify;\">Entre os materiais est\u00e3o alguns sobre <strong>MEIO AMBIENTE, PATRIM\u00d4NIO HIST\u00d3RICO E PR\u00c1TICAS PROFISSIONAIS.<\/strong><\/p>\n<p style=\"text-align: justify;\">Junto a esse material todo disponibilizei tamb\u00e9m um <strong>MAPA DO BRASIL em .dwg com divis\u00e3o por Estados<\/strong>.<\/p>\n<p style=\"text-align: justify;\">\u00c9 s\u00f3 pegar e utilizar!<\/p>\n<p style=\"text-align: justify;\">Ent\u00e3o \u00e9 isso ai pessoal&#8230; espero que aproveitem o material. ;)<\/p>\n<h2 style=\"text-align: justify;\">Forma\u00e7\u00e3o Arquitetura<\/h2>\n<p style=\"text-align: justify;\">Aproveitando, conhe\u00e7a o novo\u00a0PACOTE DE CURSOS\u00a0com 8 cursos voltados para\u00a0a Arquitetura. Um pacote com cursos que eu e minha equipe de parceiros criamos\u00a0para voc\u00eas.<\/p>\n<p style=\"text-align: justify;\">S\u00e3o cursos que v\u00e3o desde a representa\u00e7\u00e3o de projetos pra voc\u00ea apresentar para o seu professor na faculdade como cursos para quem j\u00e1 se formou e precisa de algumas orienta\u00e7\u00f5es na \u00e1rea de aprova\u00e7\u00e3o de projetos, principalmente em prefeitura e em condom\u00ednios.<\/p>\n<p style=\"text-align: justify;\" align=\"center\"><img decoding=\"async\" class=\"aligncenter wp-image-9226\" src=\"https:\/\/www.aarquiteta.com.br\/blog\/wp-content\/uploads\/2014\/06\/novo-curso-formacao-arquitetura-premium-a-arquiteta_0_6_650x489_01c5b.png\" alt=\"novo-curso-formacao-arquitetura-premium-a-arquiteta_0_6_650x489_01c5b\" width=\"471\" height=\"353\" title=\"\" srcset=\"https:\/\/www.aarquiteta.com.br\/blog\/wp-content\/uploads\/2014\/06\/novo-curso-formacao-arquitetura-premium-a-arquiteta_0_6_650x489_01c5b.png 650w, https:\/\/www.aarquiteta.com.br\/blog\/wp-content\/uploads\/2014\/06\/novo-curso-formacao-arquitetura-premium-a-arquiteta_0_6_650x489_01c5b-150x113.png 150w\" sizes=\"(max-width: 471px) 100vw, 471px\" \/><\/p>\n<p style=\"text-align: justify;\" align=\"center\">Esse pacote \u00e9 o melhor pacote de todos os pacoes promocionais da loja, isso porque ela conta com\u00a0os\u00a0cursos\u00a0 <strong>MAIS\u00a0UTILIZADOS<\/strong>\u00a0em nossa \u00e1rea.<\/p>\n<p style=\"text-align: justify;\">De presente nesse pacote voc\u00ea tem o meu e-book <a href=\"https:\/\/www.aarquiteta.com.br\/livro-aprovacao-projetos-de-prefeitura\/\" target=\"_blank\" rel=\"noopener noreferrer\"><b>PROJETOS DE PREFEITURA<\/b><\/a><\/p>\n<p style=\"text-align: justify;\">Visite nossa loja e adquira j\u00e1 o seu!<\/p>\n<p style=\"text-align: justify;\">E continue me acompanhando aqui no blog, pois h\u00e1 muita informa\u00e7\u00e3o pra voc\u00ea que quer se manter informado no mundo da Arquitetura.<\/p>\n<p style=\"text-align: justify;\">Aproveite e se inscreva em nosso canal do <a href=\"https:\/\/www.youtube.com\/lucpaixao\" target=\"_blank\" rel=\"noopener\"><b>YOUTUBE<\/b><\/a><b> <\/b>e receba as novidades das aulas gratuitas em primeira m\u00e3o.<\/p>\n<p style=\"text-align: justify;\">Bons estudos, bons projetos e muitos bons neg\u00f3cios!<\/p>\n","protected":false},"excerpt":{"rendered":"<p>Pra quem \u00e9 estudante de arquitetura sabe muito bem que quando estamos iniciando um projeto sempre buscamos estudos de caso de projetos de arquitetura e refer\u00eancias arquitet\u00f4nicas, principalmente as de grande \u00eaxito dos grandes nomes da arquitetura nacional ou internacional. Durante as aulas de projeto arquitet\u00f4nico os professores sempre nos orientam a elaborar os ESTUDOS [&hellip;]<\/p>\n","protected":false},"author":102,"featured_media":8091,"comment_status":"closed","ping_status":"closed","sticky":false,"template":"","format":"standard","meta":{"footnotes":""},"categories":[1507,6],"tags":[735,743,744,742,741,749,753,750,757,751,752,754,748,755,756,740],"class_list":["post-3465","post","type-post","status-publish","format-standard","has-post-thumbnail","category-arquitetura","category-carreira-de-arquitetura","tag-curso-arquitetura-guia-do-estudante","tag-curso-arquitetura-promocional","tag-curso-de-arquitetura-quais-as-materias","tag-cursos-arquitetura-online-gratuito","tag-cursos-complementares-arquitetura","tag-estudo-de-caso-barao-de-itaborai-rj","tag-estudo-de-caso-casa-modernista-santa-cruz-sp","tag-estudo-de-caso-centro-de-reabilitacao-motora-argentina","tag-estudo-de-caso-de-variadas-escolas-estaduais","tag-estudo-de-caso-espaco-natura-sp","tag-estudo-de-caso-memorial-da-america-latina-sp","tag-estudo-de-caso-museu-bilbao","tag-estudo-de-caso-sesc-pompeia-sp","tag-estudo-de-caso-terminal-rodoviario-sp","tag-estudo-de-caso-vila-dos-idosos-sp","tag-estudos-de-caso-nacionais-e-internacionais"],"_wp_attached_file":null,"_wp_attachment_metadata":null,"_wp_attachment_context":null,"_wp_attachment_is_custom_header":null,"geo_longitude":null,"geo_public":null,"geo_latitude":null,"_publicize_done_external":null,"_wpas_done_3897181":null,"publicize_twitter_user":null,"_wpas_done_3897175":null,"_wpas_skip_3897181":null,"_wpas_skip_3897175":null,"_wpas_skip_3924723":null,"_wpas_mess":null,"_wpas_done_3924723":null,"wps_subtitle":"","_links":{"self":[{"href":"https:\/\/www.aarquiteta.com.br\/blog\/wp-json\/wp\/v2\/posts\/3465","targetHints":{"allow":["GET"]}}],"collection":[{"href":"https:\/\/www.aarquiteta.com.br\/blog\/wp-json\/wp\/v2\/posts"}],"about":[{"href":"https:\/\/www.aarquiteta.com.br\/blog\/wp-json\/wp\/v2\/types\/post"}],"author":[{"embeddable":true,"href":"https:\/\/www.aarquiteta.com.br\/blog\/wp-json\/wp\/v2\/users\/102"}],"replies":[{"embeddable":true,"href":"https:\/\/www.aarquiteta.com.br\/blog\/wp-json\/wp\/v2\/comments?post=3465"}],"version-history":[{"count":0,"href":"https:\/\/www.aarquiteta.com.br\/blog\/wp-json\/wp\/v2\/posts\/3465\/revisions"}],"wp:featuredmedia":[{"embeddable":true,"href":"https:\/\/www.aarquiteta.com.br\/blog\/wp-json\/wp\/v2\/media\/8091"}],"wp:attachment":[{"href":"https:\/\/www.aarquiteta.com.br\/blog\/wp-json\/wp\/v2\/media?parent=3465"}],"wp:term":[{"taxonomy":"category","embeddable":true,"href":"https:\/\/www.aarquiteta.com.br\/blog\/wp-json\/wp\/v2\/categories?post=3465"},{"taxonomy":"post_tag","embeddable":true,"href":"https:\/\/www.aarquiteta.com.br\/blog\/wp-json\/wp\/v2\/tags?post=3465"}],"curies":[{"name":"wp","href":"https:\/\/api.w.org\/{rel}","templated":true}]}}