{"id":34537,"date":"2021-07-05T13:14:42","date_gmt":"2021-07-05T16:14:42","guid":{"rendered":"http:\/\/aarquiteta.com.br\/?p=34537"},"modified":"2024-09-11T16:15:46","modified_gmt":"2024-09-11T19:15:46","slug":"lumion-o-que-e","status":"publish","type":"post","link":"https:\/\/www.aarquiteta.com.br\/blog\/lumion-o-que-e\/","title":{"rendered":"O que \u00e9 o Lumion &#8211; Aprenda a criar passeios virtuais de arrasar!"},"content":{"rendered":"<h2>Lumion, para que serve?<\/h2><figure id=\"attachment_34620\" aria-describedby=\"caption-attachment-34620\" style=\"width: 950px\" class=\"wp-caption alignnone\"><a href=\"https:\/\/www.aarquiteta.com.br\/blog\/wp-content\/uploads\/2021\/07\/externa-noturna-lumion.jpg\"><img decoding=\"async\" class=\"wp-image-34620 size-full\" title=\"imagem com chuva em 3D usando o Lumion\" src=\"https:\/\/www.aarquiteta.com.br\/blog\/wp-content\/uploads\/2021\/07\/externa-noturna-lumion.jpg\" alt=\"\" width=\"950\" height=\"776\" srcset=\"https:\/\/www.aarquiteta.com.br\/blog\/wp-content\/uploads\/2021\/07\/externa-noturna-lumion.jpg 950w, https:\/\/www.aarquiteta.com.br\/blog\/wp-content\/uploads\/2021\/07\/externa-noturna-lumion-696x569.jpg 696w, https:\/\/www.aarquiteta.com.br\/blog\/wp-content\/uploads\/2021\/07\/externa-noturna-lumion-150x123.jpg 150w\" sizes=\"(max-width: 950px) 100vw, 950px\" \/><\/a><figcaption id=\"caption-attachment-34620\" class=\"wp-caption-text\">Cena externa noturna usando Lumion<\/figcaption><\/figure><p>Lumion \u00e9 um software de renderiza\u00e7\u00e3o realista em tempo real para edif\u00edcios, produzido pela empresa holandesa ACT3d, ou seja, \u00e9 um programa para computador que ajuda os Arquitetos a capturar a conex\u00e3o profundamente pessoal entre uma casa ou pr\u00e9dio e as pessoas que os habitam.<\/p><p>Ele suporta a importa\u00e7\u00e3o de modelos gerados nos principais softwares de modelagem (<a href=\"https:\/\/www.aarquiteta.com.br\/blog\/cursos-de-arquitetura-e-decoracao\/revit-cursos\/\">REVIT<\/a>, FORMIT, ARCHICAD, AUTOCAD, SKETCHUP, 3DS MAX e RHINOCEROS).<\/p><p>Ap\u00f3s importar o modelo, em lumion, voc\u00ea pode usar ferramentas nativas simples e intuitivas para modelar o terreno.<\/p><p>Com uma enorme biblioteca de projetos, como: vegeta\u00e7\u00e3o de v\u00e1rias esp\u00e9cies (Lumion 10 adiciona vegeta\u00e7\u00e3o muito detalhada), modelos decorativos na cena exterior, ve\u00edculos e pessoas.<\/p><p>O Lumion possui tamb\u00e9m um sistema de efeitos, part\u00edculas e estilo art\u00edstico, e um sistema de materiais, que pode configurar facilmente a textura do <a href=\"https:\/\/www.aarquiteta.com.br\/blog\/?s=PROJETO\">projeto<\/a> em tempo real.<\/p><p>Tudo o que voc\u00ea precisa para dar vida aos seus projetos, gerando imagens de alt\u00edssima resolu\u00e7\u00e3o, v\u00eddeos de at\u00e9 4k e panoramas de 360\u00b0.<\/p><p>Ent\u00e3o, em vez de mostrar apenas quatro <a href=\"https:\/\/www.aarquiteta.com.br\/blog\/?s=PAREDE\">paredes<\/a> e um telhado, voc\u00ea poder\u00e1 desenhar a casa dos sonhos do seu cliente, ou contar uma hist\u00f3ria que inflama as emo\u00e7\u00f5es, e os espa\u00e7os onde a vida acontece.<\/p><p>O Lumion \u00e9 totalmente compat\u00edvel com quase todos os programas 3D e CAD.<\/p><p>A ideia por tr\u00e1s do Lumion \u00e9 a compatibilidade generalizada para garantir que uma visualiza\u00e7\u00e3o arquitet\u00f4nica simples e r\u00e1pida dispon\u00edvel para todos os Arquitetos e designers, independentemente do software de modelagem 3D ou CAD que eles usam.<\/p><p>Tudo foi projetado para economizar tempo.<\/p><h2>Quem usa o Lumion?<\/h2><p>Lumon \u00e9 um software de renderiza\u00e7\u00e3o 3D especialmente desenvolvido para arquitetos que desejam mostrar seus projetos como renderiza\u00e7\u00f5es bonitas e realistas e impress\u00f5es art\u00edsticas de uma forma mais simples e r\u00e1pida.<\/p><p>Lumion \u00e9 compat\u00edvel com todos os programas de modelagem 3D e CAD.<\/p><p>De acordo com um levantamento, 67 das 100 principais empresas de arquitetura do mundo usam o Lumion, enquanto a m\u00e9dia de usu\u00e1rios do Lumion compartilha um <a href=\"https:\/\/www.aarquiteta.com.br\/blog\/?s=ESCRITORIO\">escrit\u00f3rio<\/a> com at\u00e9 10 outras pessoas e constr\u00f3i novas casas unifamiliares e projetos de pequeno e m\u00e9dio porte.<\/p><h2>O Lumion \u00e9 melhor do que o VRay?<\/h2><p>Quanto ao tempo, a luminosidade \u00e9 geralmente mais r\u00e1pida do que Vray.<\/p><p>Uma renderiza\u00e7\u00e3o leva de v\u00e1rios segundos a v\u00e1rios minutos, enquanto Vray leva mais tempo.<\/p><p>Se voc\u00ea quiser uma qualidade mais alta, \u00e9 porque a luminosidade \u00e9 renderizada por padr\u00e3o e \u00e9 baseada no usu\u00e1rio.<\/p><p>Use Vray para personalizar suas necessidades.<\/p><h2>Quanto custa o Lumion?<\/h2><p>Para obter uma vers\u00e3o paga mais completa e funcional, o investimento gira em torno de R$ 8.000 a R$ 17.500 dependendo diretamante do valor do D\u00f3lar.<\/p><p>Portanto, antes de investir no software, \u00e9 recomend\u00e1vel baixar a <a href=\"https:\/\/lumion.com\/free-trial.html\" target=\"_blank\" rel=\"noopener\">vers\u00e3o de teste primeiro<\/a> para entender os recursos que existem no Lumion e o que ele pode fornecer para a renderiza\u00e7\u00e3o de cena.<\/p><h2>Que computador roda o Lumion?<\/h2><div class=\"co8aDb\" role=\"heading\" aria-level=\"3\"><b>Requisitos\u00a0m\u00ednimos<\/b><\/div><div class=\"RqBzHd\"><ul class=\"i8Z77e\"><li class=\"TrT0Xe\">placa de v\u00eddeo de 3GB;<\/li><li class=\"TrT0Xe\">processador AMD ou Intel acima de 2.0GHz;<\/li><li class=\"TrT0Xe\">unidade de armazenamento SATA3 SSD;<\/li><li class=\"TrT0Xe\">windows 10 64bits;<\/li><li class=\"TrT0Xe\">mem\u00f3ria RAM de 16 GB;<\/li><li class=\"TrT0Xe\">espa\u00e7o em disco m\u00ednimo de 30 GB dispon\u00edveis.<\/li><\/ul><\/div><h2>Como baixar o Lumion?<\/h2><p>Para baixar o Lumion, primeiro voc\u00ea precisa visitar o <a href=\"https:\/\/lumion.com\/free-trial.html\" target=\"_blank\" rel=\"noopener\"><strong>site da Lumion e criar um registro.<\/strong><\/a><\/p><p>Ao entrar no site, ele estar\u00e1 em ingl\u00eas, portanto, clique com o bot\u00e3o direito e selecione a op\u00e7\u00e3o &#8220;Traduzir para o portugu\u00eas&#8221;.<\/p><p>Uma vez que o site esteja traduzido, ser\u00e1 mais f\u00e1cil entender o conte\u00fado solicitado.<\/p><p>Na mesma p\u00e1gina, voc\u00ea poder\u00e1 acessar o cadastro do site.<\/p><p>Entre eles, alguns campos s\u00e3o obrigat\u00f3rios e outros opcionais.<\/p><p>Ao se registrar, voc\u00ea deve concordar com o contrato de licen\u00e7a e preencher alguns dados pessoais.<\/p><p>Em seguida receber\u00e1 um e-mail de confirma\u00e7\u00e3o, e ap\u00f3s seguir as instru\u00e7\u00f4es, poder\u00e1 efetuar a instala\u00e7\u00e3o de forma intuitiva e pr\u00e1tica.<\/p><h2>Dicas essenciais para o Lumion<\/h2><p>Como um software de renderiza\u00e7\u00e3o 3D intuitivo e confi\u00e1vel, o Lumion pode dar vida ao seu design com facilidade e rapidez.<\/p><p>Imagine como deseja apresentar o seu projeto e encontrar\u00e1 uma variedade de ferramentas, fun\u00e7\u00f5es e efeitos f\u00e1ceis de aplicar.<\/p><p>No entanto, antes de come\u00e7ar a construir a cena e renderizar, voc\u00ea deve primeiro responder a algumas perguntas:<\/p><p><strong>1) Como voc\u00ea deseja comunicar artisticamente seu modelo e design?<\/strong><\/p><p><strong>2) Como implement\u00e1-lo no Lumion?<\/strong><\/p><p>Construir uma imagem ou anima\u00e7\u00e3o artisticamente atraente para seu projeto requer uma vis\u00e3o do que voc\u00ea deseja alcan\u00e7ar.<\/p><p>Para aprimorar seu pensamento, voc\u00ea pode realizar algumas perguntas, incluindo: que tipo de emo\u00e7\u00e3o voc\u00ea deseja transmitir?<\/p><p>Voc\u00ea quer brilhante e colorido, cinza e escuro ou outra coisa?<\/p><p>A imagem deve parecer realista ou \u00e1spera?<\/p><p>Quais partes do pr\u00e9dio voc\u00ea deseja enfatizar?<\/p><p>Para ajudar a simplificar o desenvolvimento da renderiza\u00e7\u00e3o, fornecemos 5 t\u00e9cnicas comprovadas para transformar modelos 3D em branco em imagens e v\u00eddeos bonitos e atraentes.<\/p><h3>Etapa 1: Encontre o melhor ponto de vista (ou v\u00e1rios pontos) na cena<\/h3><figure id=\"attachment_34614\" aria-describedby=\"caption-attachment-34614\" style=\"width: 960px\" class=\"wp-caption alignnone\"><a href=\"https:\/\/www.aarquiteta.com.br\/blog\/wp-content\/uploads\/2021\/07\/cena-interna-lumion.jpg\"><img decoding=\"async\" class=\"wp-image-34614 size-large\" title=\"Imagem de uma cena interna gerada com o programa Lumion\" src=\"https:\/\/www.aarquiteta.com.br\/blog\/wp-content\/uploads\/2021\/07\/cena-interna-lumion-1024x576.jpg\" alt=\"\" width=\"960\" height=\"540\" srcset=\"https:\/\/www.aarquiteta.com.br\/blog\/wp-content\/uploads\/2021\/07\/cena-interna-lumion-1024x576.jpg 1024w, https:\/\/www.aarquiteta.com.br\/blog\/wp-content\/uploads\/2021\/07\/cena-interna-lumion-696x392.jpg 696w, https:\/\/www.aarquiteta.com.br\/blog\/wp-content\/uploads\/2021\/07\/cena-interna-lumion-150x84.jpg 150w, https:\/\/www.aarquiteta.com.br\/blog\/wp-content\/uploads\/2021\/07\/cena-interna-lumion.jpg 1920w\" sizes=\"(max-width: 960px) 100vw, 960px\" \/><\/a><figcaption id=\"caption-attachment-34614\" class=\"wp-caption-text\">Sala recep\u00e7\u00e3o feita em Lumion por Kamon Tangruen.<\/figcaption><\/figure><p>Pelo menos uma regra de composi\u00e7\u00e3o \u00e9 usada ao enquadrar a imagem e encontrar o \u00e2ngulo da c\u00e2mera para a renderiza\u00e7\u00e3o da imagem.<\/p><p>Algumas dessas regras incluem \u201csimplificar a cena\u201d, usar linhas de orienta\u00e7\u00e3o, \u201cser criativo nas cores\u201d e assim por diante.<\/p><p>Ao criar uma anima\u00e7\u00e3o, defina a altura da c\u00e2mera para a altura do olho humano. O \u00e2ngulo da c\u00e2mera n\u00e3o deve ser muito amplo para evitar distor\u00e7\u00e3o de perspectiva.<\/p><h3>Etapa 2: configurar a ilumina\u00e7\u00e3o da cena<\/h3><figure id=\"attachment_34615\" aria-describedby=\"caption-attachment-34615\" style=\"width: 960px\" class=\"wp-caption alignnone\"><a href=\"https:\/\/www.aarquiteta.com.br\/blog\/wp-content\/uploads\/2021\/07\/Cena-externa-com-lumion.jpg\"><img decoding=\"async\" class=\"wp-image-34615 size-large\" title=\"Projetpo de casa usando o programa Lumion\" src=\"https:\/\/www.aarquiteta.com.br\/blog\/wp-content\/uploads\/2021\/07\/Cena-externa-com-lumion-1024x576.jpg\" alt=\"\" width=\"960\" height=\"540\" srcset=\"https:\/\/www.aarquiteta.com.br\/blog\/wp-content\/uploads\/2021\/07\/Cena-externa-com-lumion-1024x576.jpg 1024w, https:\/\/www.aarquiteta.com.br\/blog\/wp-content\/uploads\/2021\/07\/Cena-externa-com-lumion-696x392.jpg 696w, https:\/\/www.aarquiteta.com.br\/blog\/wp-content\/uploads\/2021\/07\/Cena-externa-com-lumion-150x84.jpg 150w, https:\/\/www.aarquiteta.com.br\/blog\/wp-content\/uploads\/2021\/07\/Cena-externa-com-lumion.jpg 1920w\" sizes=\"(max-width: 960px) 100vw, 960px\" \/><\/a><figcaption id=\"caption-attachment-34615\" class=\"wp-caption-text\">Linda cena externa usando o Lumion por CRIO Design Studio in collaboration with Arch. Alaa Hossari.<\/figcaption><\/figure><p>Encontre a melhor posi\u00e7\u00e3o do sol para chamar a aten\u00e7\u00e3o para a parte do edif\u00edcio que deseja destacar. Voc\u00ea pode usar o efeito \u201cPesquisa Solar\u201d para simular com precis\u00e3o a posi\u00e7\u00e3o do sol em um local, hora e data espec\u00edficos.<\/p><p>Outros efeitos, como o efeito \u201csol\u201d e \u201cc\u00e9u real\u201d, podem ajud\u00e1-lo a controlar a <a href=\"https:\/\/www.aarquiteta.com.br\/blog\/?s=ILUMINA%C3%87%C3%83O\">ilumina\u00e7\u00e3o<\/a> ambiente em seu design. Adicione ilumina\u00e7\u00e3o interna e ambiente.<\/p><p>Mesmo que a cena que voc\u00ea deseja mostrar ocorra durante o dia, a ilumina\u00e7\u00e3o interna e ambiente podem transmitir sutilmente a mensagem de que o pr\u00e9dio est\u00e1 sendo usado.<\/p><p>Voc\u00ea tamb\u00e9m pode usar ilumina\u00e7\u00e3o volum\u00e9trica para criar uma atmosfera extra.<\/p><p>Equilibre o brilho e a cor das sombras com o ambiente ao redor do edif\u00edcio. Por exemplo, sombras externas tendem a ser exibidas em uma cor mais azul.<\/p><p>Evite usar alto contraste em \u00e1reas sem import\u00e2ncia. Isso ocorre porque as \u00e1reas de alto contraste \u00e0s vezes chamam a aten\u00e7\u00e3o para pontos errados no design.<\/p><h3>Etapa 3: fa\u00e7a com que o material pare\u00e7a real com riqueza de detalhes e algumas imperfei\u00e7\u00f5es<\/h3><figure id=\"attachment_34617\" aria-describedby=\"caption-attachment-34617\" style=\"width: 960px\" class=\"wp-caption alignnone\"><a href=\"https:\/\/www.aarquiteta.com.br\/blog\/wp-content\/uploads\/2021\/07\/texturas-lumion.gif\"><img decoding=\"async\" class=\"wp-image-34617 size-large\" title=\"texturas usadas no programa Lumion\" src=\"https:\/\/www.aarquiteta.com.br\/blog\/wp-content\/uploads\/2021\/07\/texturas-lumion-1024x576.gif\" alt=\"\" width=\"960\" height=\"540\" srcset=\"https:\/\/www.aarquiteta.com.br\/blog\/wp-content\/uploads\/2021\/07\/texturas-lumion-1024x576.gif 1024w, https:\/\/www.aarquiteta.com.br\/blog\/wp-content\/uploads\/2021\/07\/texturas-lumion-696x392.gif 696w, https:\/\/www.aarquiteta.com.br\/blog\/wp-content\/uploads\/2021\/07\/texturas-lumion-150x84.gif 150w, https:\/\/www.aarquiteta.com.br\/blog\/wp-content\/uploads\/2021\/07\/texturas-lumion.gif 1920w\" sizes=\"(max-width: 960px) 100vw, 960px\" \/><\/a><figcaption id=\"caption-attachment-34617\" class=\"wp-caption-text\">Uso de texturas da parede padr\u00e3o do Lumion<\/figcaption><\/figure><p>Ao renderizar, ative o Speedray Reflection e coloque o plano de reflex\u00e3o em uma superf\u00edcie grande e plana.<\/p><p>Ajuste o controle deslizante de brilho dos materiais do piso e do teto. Em muitos casos, tornar seu material mais refletivo funcionar\u00e1 melhor do que uma superf\u00edcie n\u00e3o refletiva est\u00e1tica.<\/p><p>N\u00e3o use cores num\u00e9ricas simples, incluindo verde puro, vermelho, azul, roxo e amarelo. Quando aplicadas a materiais, essas cores digitais simples podem parecer feias.<\/p><p>Considere o uso de uma paleta de cores mais natural (mais realista) para toda a cena. \u00c0s vezes \u00e9 melhor substituir a textura difusa por uma cor s\u00f3lida (usando o controle deslizante superior no editor de material) e usar sali\u00eancias, mas sem intensidade m\u00e1xima.<\/p><p>Considere usar o controle deslizante \u201cIntemperismo\u201d localizado no editor de material Lumion para mostrar um pouco de idade e desgaste.<\/p><h3>Etapa 4: adicionar efeitos Use o efeito de &#8220;corre\u00e7\u00e3o de cor&#8221;<\/h3><figure id=\"attachment_34618\" aria-describedby=\"caption-attachment-34618\" style=\"width: 960px\" class=\"wp-caption alignnone\"><a href=\"https:\/\/www.aarquiteta.com.br\/blog\/wp-content\/uploads\/2021\/07\/neve-com-Lumion.jpg\"><img decoding=\"async\" class=\"wp-image-34618 size-large\" title=\"Imagem criado com o Lumion usando neve\" src=\"https:\/\/www.aarquiteta.com.br\/blog\/wp-content\/uploads\/2021\/07\/neve-com-Lumion-1024x640.jpg\" alt=\"\" width=\"960\" height=\"600\" srcset=\"https:\/\/www.aarquiteta.com.br\/blog\/wp-content\/uploads\/2021\/07\/neve-com-Lumion-1024x640.jpg 1024w, https:\/\/www.aarquiteta.com.br\/blog\/wp-content\/uploads\/2021\/07\/neve-com-Lumion-696x435.jpg 696w, https:\/\/www.aarquiteta.com.br\/blog\/wp-content\/uploads\/2021\/07\/neve-com-Lumion-150x94.jpg 150w, https:\/\/www.aarquiteta.com.br\/blog\/wp-content\/uploads\/2021\/07\/neve-com-Lumion.jpg 1728w\" sizes=\"(max-width: 960px) 100vw, 960px\" \/><\/a><figcaption id=\"caption-attachment-34618\" class=\"wp-caption-text\">Lindo projeto \u201cOrganic balance,\u201d rendererizado com Lumion por Suraj Karki<\/figcaption><\/figure><p>(especialmente o primeiro controle deslizante de temperatura) porque ele pode ajustar o tom da imagem e adicionar sombras se necess\u00e1rio.<\/p><p>Adicione um pouco de \u201caberra\u00e7\u00e3o crom\u00e1tica\u201d e um valor de efeito \u201cfisheye\u201d muito pequeno para obter pequenos defeitos \u00f3pticos. Adicione \u201cSkylight\u201d e \u201cSuperlight\u201d as fotos e v\u00eddeos.<\/p><p>Para obter o impacto m\u00e1ximo da claraboia, defina a qualidade de renderiza\u00e7\u00e3o da claraboia para ultra (isso tamb\u00e9m significa \u201cvelocidade de renderiza\u00e7\u00e3o super lenta\u201d).<\/p><p>Use o efeito \u201cNitidez\u201d e defina o controle deslizante para um valor mais baixo para deixar a imagem parecer mais plana, como se tivesse sido impressa em um peda\u00e7o de papel. \u201cProfundidade de campo\u201d (DOF) \u00e9 muito \u00fatil para \u00e2ngulos de c\u00e2mera estreitos.<\/p><p>Geralmente, se o \u00e2ngulo da c\u00e2mera for amplo, voc\u00ea n\u00e3o deve usar este efeito. Sempre adicione reflexos aos planos horizontais e de vidro.<\/p><h3>Etapa 5: detalhes extras &#8211; cada foto precisa deles!<\/h3><figure id=\"attachment_34613\" aria-describedby=\"caption-attachment-34613\" style=\"width: 960px\" class=\"wp-caption alignnone\"><a href=\"https:\/\/www.aarquiteta.com.br\/blog\/wp-content\/uploads\/2021\/07\/cena-urbana-com-Lumion.jpg\"><img decoding=\"async\" class=\"wp-image-34613 size-large\" title=\"Imagem urbana criada com o Lumion\" src=\"https:\/\/www.aarquiteta.com.br\/blog\/wp-content\/uploads\/2021\/07\/cena-urbana-com-Lumion-1024x576.jpg\" alt=\"\" width=\"960\" height=\"540\" srcset=\"https:\/\/www.aarquiteta.com.br\/blog\/wp-content\/uploads\/2021\/07\/cena-urbana-com-Lumion-1024x576.jpg 1024w, https:\/\/www.aarquiteta.com.br\/blog\/wp-content\/uploads\/2021\/07\/cena-urbana-com-Lumion-696x392.jpg 696w, https:\/\/www.aarquiteta.com.br\/blog\/wp-content\/uploads\/2021\/07\/cena-urbana-com-Lumion-150x84.jpg 150w, https:\/\/www.aarquiteta.com.br\/blog\/wp-content\/uploads\/2021\/07\/cena-urbana-com-Lumion.jpg 2048w\" sizes=\"(max-width: 960px) 100vw, 960px\" \/><\/a><figcaption id=\"caption-attachment-34613\" class=\"wp-caption-text\">Imagem criada em Lumion por Edwin Perez Cortez.<\/figcaption><\/figure><p>O mobili\u00e1rio \u00e9 muito importante para interiores e exteriores. Selecione e adicione modelos de m\u00f3veis da biblioteca de objetos Lumion e preencha alguns espa\u00e7os vazios.<\/p><p>A ideia \u00e9 fazer com que o espa\u00e7o pare\u00e7a \u201cvivo\u201d, onde voc\u00ea possa mostrar como as pessoas usam pr\u00e9dios, casas, espa\u00e7os p\u00fablicos, etc.<\/p><p>Os carros s\u00e3o modelos muito eficazes ao formar a \u201c\u00e1rea limite\u201d da renderiza\u00e7\u00e3o est\u00e1tica ou dos quadros do filme. Tente evitar colocar o carro no centro da composi\u00e7\u00e3o. Ao incluir o modelo do personagem na renderiza\u00e7\u00e3o, voc\u00ea pode facilmente mostrar ao p\u00fablico como voc\u00ea visualiza a rela\u00e7\u00e3o entre o personagem e o projeto arquitet\u00f4nico.<\/p><p>No entanto, certifique-se de que seus funcion\u00e1rios n\u00e3o liderem a renderiza\u00e7\u00e3o. Seus rostos n\u00e3o devem ser muito \u00f3bvios, para n\u00e3o distrair o p\u00fablico do design do modelo.<\/p><p>Usar silhuetas na biblioteca \u00e9 uma boa maneira de atingir a neutralidade com o modelo de personagem da cena.<\/p><p>Voc\u00ea pode usar as \u00e1rvores e plantas da biblioteca de conte\u00fado para criar bordas e planos de fundo de imagens com efic\u00e1cia.<\/p><p>Lembre-se de que o plano de fundo da cena tem um grande impacto na apar\u00eancia do projeto arquitet\u00f4nico.<\/p><p>Mesmo se o fundo estiver desfocado, a sensa\u00e7\u00e3o de uma cidade ou floresta real no fundo, pode aumentar o realismo da cena, enquanto torna a renderiza\u00e7\u00e3o inteira mais f\u00e1cil para o p\u00fablico entender e digerir. Embora o \u201cc\u00e9u real\u201d seja bonito e natural, em alguns casos, eles podem distrair o p\u00fablico do pr\u00e9dio.<\/p><p>Se julgar que o c\u00e9u o distrai, voc\u00ea tem algumas op\u00e7\u00f5es.<\/p><p>Por um lado, voc\u00ea pode usar um dos c\u00e9us reais \u201cclaros\u201d ou pode adicionar efeitos de c\u00e9u e nuvem e aumentar o controle deslizante \u201cSuavidade das nuvens\u201d para desfocar as nuvens.<\/p><p>Outra op\u00e7\u00e3o \u00e9 desligar quaisquer efeitos de nuvem e ajustar o controle deslizante \u201cNuvem\u201d no modo de constru\u00e7\u00e3o do Lumion para criar um c\u00e9u claro e discreto.<\/p><p>Abaixo, voc\u00ea pode encontrar uma imagem que mostra a diferen\u00e7a entre \u201csem nuvens\u201d em Lumion e um c\u00e9u claro real.<\/p><h2>Como aprender Lumion?<\/h2><p>Todos sabem que, atualmente, o estudante ou at\u00e9 o profissional inciante das \u00e1reas de Arquitetura ou Interiores n\u00e3o tem recursos financeiros e muito menos tempo para estudar horas a fio cursos com 40 ou 50 aulas.<\/p><div><div><p>No entanto, ele precisa aprender do come\u00e7o ao fim, a utiliza\u00e7\u00e3o do Lumion 10 ou 11 para apresenta\u00e7\u00e3o dos seus trabalhos e projetos.<\/p><p>Por isso, desenvolvemos este <a href=\"https:\/\/www.aarquiteta.com.br\/curso-lumion-3d\/\" target=\"_blank\" rel=\"noopener\"><strong>curso\u00a0R\u00c1PIDO, por\u00e9m AVAN\u00c7ADO<\/strong><\/a>\u00a0com apenas 12 aulas baseadas em um projeto de exterior e interior do ZERO, para quem j\u00e1 necessita por a m\u00e3o na massa e come\u00e7ar a usar as facilidades do Lumion.<\/p><p>Refor\u00e7o, n\u00e3o \u00e9 porque o curso tem apenas 12 aulas, que ele \u00e9 um curso b\u00e1sico:<\/p><\/div><\/div><p><strong>MUITO PELO CONTR\u00c1RIO!<\/strong><\/p><p>Refor\u00e7amos que, o aprendizado de Lumion deste curso, possui conte\u00fados para quem nunca tocou no Lumion, e quer ir at\u00e9 longe com ele, com dicas e efeitos avan\u00e7ados!<\/p><p>E n\u00e3o para por a\u00ed: Veja s\u00f3 os b\u00f4nus criados para voc\u00ea neste curso, al\u00e9m das aulas:<\/p><h3>Presente 1: Presets exclusivos<\/h3><p>Al\u00e9m de aprender como criar os seus presets, voc\u00ea j\u00e1 ter\u00e1 presets prontos para usar em suas cenas!<\/p><p>S\u00e3o presets de cenas noturnas e diurnas, com tempo limpo, nublado e chuvoso.<\/p><p>Basta escolher e usar nas suas cenas, e claro realizar os ajustes necess\u00e1rios caso precise!<\/p><div id='gallery-1' class='gallery galleryid-34537 gallery-columns-6 gallery-size-thumbnail'><figure class='gallery-item'>\t\t\t<div class='gallery-icon landscape'>\t\t\t\t<a href=\"https:\/\/www.aarquiteta.com.br\/blog\/lumion-o-que-e\/lumion-cena-entardecer\/\"><img decoding=\"async\" width=\"128\" height=\"71\" src=\"https:\/\/www.aarquiteta.com.br\/blog\/wp-content\/uploads\/2021\/07\/lumion-cena-Entardecer.jpg\" class=\"attachment-thumbnail size-thumbnail\" alt=\"\" srcset=\"https:\/\/www.aarquiteta.com.br\/blog\/wp-content\/uploads\/2021\/07\/lumion-cena-Entardecer.jpg 1280w, https:\/\/www.aarquiteta.com.br\/blog\/wp-content\/uploads\/2021\/07\/lumion-cena-Entardecer-1024x571.jpg 1024w, https:\/\/www.aarquiteta.com.br\/blog\/wp-content\/uploads\/2021\/07\/lumion-cena-Entardecer-696x388.jpg 696w, https:\/\/www.aarquiteta.com.br\/blog\/wp-content\/uploads\/2021\/07\/lumion-cena-Entardecer-150x84.jpg 150w\" sizes=\"(max-width: 128px) 100vw, 128px\" title=\"\"><\/a>\t\t\t<\/div><\/figure><figure class='gallery-item'>\t\t\t<div class='gallery-icon landscape'>\t\t\t\t<a href=\"https:\/\/www.aarquiteta.com.br\/blog\/lumion-o-que-e\/lumion-cena-noturna\/\"><img decoding=\"async\" width=\"128\" height=\"71\" src=\"https:\/\/www.aarquiteta.com.br\/blog\/wp-content\/uploads\/2021\/07\/lumion-cena-Noturna.jpg\" class=\"attachment-thumbnail size-thumbnail\" alt=\"\" srcset=\"https:\/\/www.aarquiteta.com.br\/blog\/wp-content\/uploads\/2021\/07\/lumion-cena-Noturna.jpg 1280w, https:\/\/www.aarquiteta.com.br\/blog\/wp-content\/uploads\/2021\/07\/lumion-cena-Noturna-1024x571.jpg 1024w, https:\/\/www.aarquiteta.com.br\/blog\/wp-content\/uploads\/2021\/07\/lumion-cena-Noturna-696x388.jpg 696w, https:\/\/www.aarquiteta.com.br\/blog\/wp-content\/uploads\/2021\/07\/lumion-cena-Noturna-150x84.jpg 150w\" sizes=\"(max-width: 128px) 100vw, 128px\" title=\"\"><\/a>\t\t\t<\/div><\/figure><figure class='gallery-item'>\t\t\t<div class='gallery-icon landscape'>\t\t\t\t<a href=\"https:\/\/www.aarquiteta.com.br\/blog\/lumion-o-que-e\/lumion-cena-nublado\/\"><img decoding=\"async\" width=\"128\" height=\"71\" src=\"https:\/\/www.aarquiteta.com.br\/blog\/wp-content\/uploads\/2021\/07\/lumion-cena-Nublado.jpg\" class=\"attachment-thumbnail size-thumbnail\" alt=\"\" srcset=\"https:\/\/www.aarquiteta.com.br\/blog\/wp-content\/uploads\/2021\/07\/lumion-cena-Nublado.jpg 1280w, https:\/\/www.aarquiteta.com.br\/blog\/wp-content\/uploads\/2021\/07\/lumion-cena-Nublado-1024x571.jpg 1024w, https:\/\/www.aarquiteta.com.br\/blog\/wp-content\/uploads\/2021\/07\/lumion-cena-Nublado-696x388.jpg 696w, https:\/\/www.aarquiteta.com.br\/blog\/wp-content\/uploads\/2021\/07\/lumion-cena-Nublado-150x84.jpg 150w\" sizes=\"(max-width: 128px) 100vw, 128px\" title=\"\"><\/a>\t\t\t<\/div><\/figure><figure class='gallery-item'>\t\t\t<div class='gallery-icon landscape'>\t\t\t\t<a href=\"https:\/\/www.aarquiteta.com.br\/blog\/lumion-o-que-e\/noturna\/\"><img decoding=\"async\" width=\"128\" height=\"71\" src=\"https:\/\/www.aarquiteta.com.br\/blog\/wp-content\/uploads\/2021\/07\/Noturna.png\" class=\"attachment-thumbnail size-thumbnail\" alt=\"\" srcset=\"https:\/\/www.aarquiteta.com.br\/blog\/wp-content\/uploads\/2021\/07\/Noturna.png 2000w, https:\/\/www.aarquiteta.com.br\/blog\/wp-content\/uploads\/2021\/07\/Noturna-1024x571.png 1024w, https:\/\/www.aarquiteta.com.br\/blog\/wp-content\/uploads\/2021\/07\/Noturna-696x388.png 696w, https:\/\/www.aarquiteta.com.br\/blog\/wp-content\/uploads\/2021\/07\/Noturna-150x84.png 150w\" sizes=\"(max-width: 128px) 100vw, 128px\" title=\"\"><\/a>\t\t\t<\/div><\/figure><figure class='gallery-item'>\t\t\t<div class='gallery-icon landscape'>\t\t\t\t<a href=\"https:\/\/www.aarquiteta.com.br\/blog\/lumion-o-que-e\/nublado\/\"><img decoding=\"async\" width=\"128\" height=\"71\" src=\"https:\/\/www.aarquiteta.com.br\/blog\/wp-content\/uploads\/2021\/07\/Nublado.png\" class=\"attachment-thumbnail size-thumbnail\" alt=\"\" srcset=\"https:\/\/www.aarquiteta.com.br\/blog\/wp-content\/uploads\/2021\/07\/Nublado.png 2000w, https:\/\/www.aarquiteta.com.br\/blog\/wp-content\/uploads\/2021\/07\/Nublado-1024x571.png 1024w, https:\/\/www.aarquiteta.com.br\/blog\/wp-content\/uploads\/2021\/07\/Nublado-696x388.png 696w, https:\/\/www.aarquiteta.com.br\/blog\/wp-content\/uploads\/2021\/07\/Nublado-150x84.png 150w\" sizes=\"(max-width: 128px) 100vw, 128px\" title=\"\"><\/a>\t\t\t<\/div><\/figure><figure class='gallery-item'>\t\t\t<div class='gallery-icon landscape'>\t\t\t\t<a href=\"https:\/\/www.aarquiteta.com.br\/blog\/lumion-o-que-e\/chuvoso\/\"><img decoding=\"async\" width=\"128\" height=\"71\" src=\"https:\/\/www.aarquiteta.com.br\/blog\/wp-content\/uploads\/2021\/07\/Chuvoso.png\" class=\"attachment-thumbnail size-thumbnail\" alt=\"\" srcset=\"https:\/\/www.aarquiteta.com.br\/blog\/wp-content\/uploads\/2021\/07\/Chuvoso.png 2000w, https:\/\/www.aarquiteta.com.br\/blog\/wp-content\/uploads\/2021\/07\/Chuvoso-1024x571.png 1024w, https:\/\/www.aarquiteta.com.br\/blog\/wp-content\/uploads\/2021\/07\/Chuvoso-696x388.png 696w, https:\/\/www.aarquiteta.com.br\/blog\/wp-content\/uploads\/2021\/07\/Chuvoso-150x84.png 150w\" sizes=\"(max-width: 128px) 100vw, 128px\" title=\"\"><\/a>\t\t\t<\/div><\/figure><figure class='gallery-item'>\t\t\t<div class='gallery-icon landscape'>\t\t\t\t<a href=\"https:\/\/www.aarquiteta.com.br\/blog\/lumion-o-que-e\/diurna-ceu-limpo\/\"><img decoding=\"async\" width=\"128\" height=\"71\" src=\"https:\/\/www.aarquiteta.com.br\/blog\/wp-content\/uploads\/2021\/07\/Diurna-ceu-limpo.png\" class=\"attachment-thumbnail size-thumbnail\" alt=\"\" srcset=\"https:\/\/www.aarquiteta.com.br\/blog\/wp-content\/uploads\/2021\/07\/Diurna-ceu-limpo.png 2000w, https:\/\/www.aarquiteta.com.br\/blog\/wp-content\/uploads\/2021\/07\/Diurna-ceu-limpo-1024x571.png 1024w, https:\/\/www.aarquiteta.com.br\/blog\/wp-content\/uploads\/2021\/07\/Diurna-ceu-limpo-696x388.png 696w, https:\/\/www.aarquiteta.com.br\/blog\/wp-content\/uploads\/2021\/07\/Diurna-ceu-limpo-150x84.png 150w\" sizes=\"(max-width: 128px) 100vw, 128px\" title=\"\"><\/a>\t\t\t<\/div><\/figure><figure class='gallery-item'>\t\t\t<div class='gallery-icon landscape'>\t\t\t\t<a href=\"https:\/\/www.aarquiteta.com.br\/blog\/lumion-o-que-e\/diurno-com-nuvens\/\"><img decoding=\"async\" width=\"128\" height=\"71\" src=\"https:\/\/www.aarquiteta.com.br\/blog\/wp-content\/uploads\/2021\/07\/Diurno-com-nuvens.png\" class=\"attachment-thumbnail size-thumbnail\" alt=\"\" srcset=\"https:\/\/www.aarquiteta.com.br\/blog\/wp-content\/uploads\/2021\/07\/Diurno-com-nuvens.png 2000w, https:\/\/www.aarquiteta.com.br\/blog\/wp-content\/uploads\/2021\/07\/Diurno-com-nuvens-1024x571.png 1024w, https:\/\/www.aarquiteta.com.br\/blog\/wp-content\/uploads\/2021\/07\/Diurno-com-nuvens-696x388.png 696w, https:\/\/www.aarquiteta.com.br\/blog\/wp-content\/uploads\/2021\/07\/Diurno-com-nuvens-150x84.png 150w\" sizes=\"(max-width: 128px) 100vw, 128px\" title=\"\"><\/a>\t\t\t<\/div><\/figure><figure class='gallery-item'>\t\t\t<div class='gallery-icon landscape'>\t\t\t\t<a href=\"https:\/\/www.aarquiteta.com.br\/blog\/lumion-o-que-e\/entardecer\/\"><img decoding=\"async\" width=\"128\" height=\"71\" src=\"https:\/\/www.aarquiteta.com.br\/blog\/wp-content\/uploads\/2021\/07\/Entardecer.png\" class=\"attachment-thumbnail size-thumbnail\" alt=\"\" srcset=\"https:\/\/www.aarquiteta.com.br\/blog\/wp-content\/uploads\/2021\/07\/Entardecer.png 2000w, https:\/\/www.aarquiteta.com.br\/blog\/wp-content\/uploads\/2021\/07\/Entardecer-1024x571.png 1024w, https:\/\/www.aarquiteta.com.br\/blog\/wp-content\/uploads\/2021\/07\/Entardecer-696x388.png 696w, https:\/\/www.aarquiteta.com.br\/blog\/wp-content\/uploads\/2021\/07\/Entardecer-150x84.png 150w\" sizes=\"(max-width: 128px) 100vw, 128px\" title=\"\"><\/a>\t\t\t<\/div><\/figure><figure class='gallery-item'>\t\t\t<div class='gallery-icon landscape'>\t\t\t\t<a href=\"https:\/\/www.aarquiteta.com.br\/blog\/lumion-o-que-e\/lumion-cena-chuvoso\/\"><img decoding=\"async\" width=\"128\" height=\"71\" src=\"https:\/\/www.aarquiteta.com.br\/blog\/wp-content\/uploads\/2021\/07\/lumion-cena-Chuvoso.jpg\" class=\"attachment-thumbnail size-thumbnail\" alt=\"\" srcset=\"https:\/\/www.aarquiteta.com.br\/blog\/wp-content\/uploads\/2021\/07\/lumion-cena-Chuvoso.jpg 1280w, https:\/\/www.aarquiteta.com.br\/blog\/wp-content\/uploads\/2021\/07\/lumion-cena-Chuvoso-1024x571.jpg 1024w, https:\/\/www.aarquiteta.com.br\/blog\/wp-content\/uploads\/2021\/07\/lumion-cena-Chuvoso-696x388.jpg 696w, https:\/\/www.aarquiteta.com.br\/blog\/wp-content\/uploads\/2021\/07\/lumion-cena-Chuvoso-150x84.jpg 150w\" sizes=\"(max-width: 128px) 100vw, 128px\" title=\"\"><\/a>\t\t\t<\/div><\/figure><figure class='gallery-item'>\t\t\t<div class='gallery-icon landscape'>\t\t\t\t<a href=\"https:\/\/www.aarquiteta.com.br\/blog\/lumion-o-que-e\/lumion-cena-diurna-ceu-limpo\/\"><img decoding=\"async\" width=\"128\" height=\"71\" src=\"https:\/\/www.aarquiteta.com.br\/blog\/wp-content\/uploads\/2021\/07\/lumion-cena-Diurna-ceu-limpo.jpg\" class=\"attachment-thumbnail size-thumbnail\" alt=\"\" srcset=\"https:\/\/www.aarquiteta.com.br\/blog\/wp-content\/uploads\/2021\/07\/lumion-cena-Diurna-ceu-limpo.jpg 1280w, https:\/\/www.aarquiteta.com.br\/blog\/wp-content\/uploads\/2021\/07\/lumion-cena-Diurna-ceu-limpo-1024x571.jpg 1024w, https:\/\/www.aarquiteta.com.br\/blog\/wp-content\/uploads\/2021\/07\/lumion-cena-Diurna-ceu-limpo-696x388.jpg 696w, https:\/\/www.aarquiteta.com.br\/blog\/wp-content\/uploads\/2021\/07\/lumion-cena-Diurna-ceu-limpo-150x84.jpg 150w\" sizes=\"(max-width: 128px) 100vw, 128px\" title=\"\"><\/a>\t\t\t<\/div><\/figure><figure class='gallery-item'>\t\t\t<div class='gallery-icon landscape'>\t\t\t\t<a href=\"https:\/\/www.aarquiteta.com.br\/blog\/lumion-o-que-e\/lumion-cena-diurna-com-nuvens\/\"><img decoding=\"async\" width=\"128\" height=\"71\" src=\"https:\/\/www.aarquiteta.com.br\/blog\/wp-content\/uploads\/2021\/07\/lumion-cena-Diurna-com-nuvens.jpg\" class=\"attachment-thumbnail size-thumbnail\" alt=\"\" srcset=\"https:\/\/www.aarquiteta.com.br\/blog\/wp-content\/uploads\/2021\/07\/lumion-cena-Diurna-com-nuvens.jpg 1280w, https:\/\/www.aarquiteta.com.br\/blog\/wp-content\/uploads\/2021\/07\/lumion-cena-Diurna-com-nuvens-1024x571.jpg 1024w, https:\/\/www.aarquiteta.com.br\/blog\/wp-content\/uploads\/2021\/07\/lumion-cena-Diurna-com-nuvens-696x388.jpg 696w, https:\/\/www.aarquiteta.com.br\/blog\/wp-content\/uploads\/2021\/07\/lumion-cena-Diurna-com-nuvens-150x84.jpg 150w\" sizes=\"(max-width: 128px) 100vw, 128px\" title=\"\"><\/a>\t\t\t<\/div><\/figure>\t\t<\/div><div id=\"gallery-5\" class=\"gallery galleryid-256166 gallery-columns-6 gallery-size-thumbnail\"><\/div><h3>Presente 2: Apostila de apoio de Lumion<\/h3><p><img decoding=\"async\" class=\"alignnone size-full wp-image-256258\" src=\"https:\/\/www.aarquiteta.com.br\/wp-content\/uploads\/2021\/06\/capa-da-apostila-de-lumion.jpg\" sizes=\"(max-width: 640px) 100vw, 640px\" srcset=\"https:\/\/www.aarquiteta.com.br\/wp-content\/uploads\/2021\/06\/capa-da-apostila-de-lumion.jpg 640w, https:\/\/www.aarquiteta.com.br\/wp-content\/uploads\/2021\/06\/capa-da-apostila-de-lumion-211x300.jpg 211w, https:\/\/www.aarquiteta.com.br\/wp-content\/uploads\/2021\/06\/capa-da-apostila-de-lumion-60x85.jpg 60w, https:\/\/www.aarquiteta.com.br\/wp-content\/uploads\/2021\/06\/capa-da-apostila-de-lumion-110x157.jpg 110w, https:\/\/www.aarquiteta.com.br\/wp-content\/uploads\/2021\/06\/capa-da-apostila-de-lumion-600x854.jpg 600w\" alt=\"\" width=\"640\" height=\"911\" title=\"\"><\/p><p>Al\u00e9m das aulas do curso, disponibilizaremos aos alunos esta apostila no formato PDF para voc\u00ea poder usar como aux\u00edlio e refor\u00e7o durante o aprendizado do curso.<\/p><p>A apostila \u00e9 baseada no projeto do curso!<\/p><h3>Presente 3: Blocos brasileirando o Lumion<\/h3><div id='gallery-2' class='gallery galleryid-34537 gallery-columns-3 gallery-size-thumbnail'><figure class='gallery-item'>\t\t\t<div class='gallery-icon landscape'>\t\t\t\t<a href=\"https:\/\/www.aarquiteta.com.br\/blog\/lumion-o-que-e\/blocos-lumion-carro-audi-q7\/\"><img decoding=\"async\" width=\"96\" height=\"96\" src=\"https:\/\/www.aarquiteta.com.br\/blog\/wp-content\/uploads\/2021\/07\/blocos-lumion-Carro-Audi-Q7.png\" class=\"attachment-thumbnail size-thumbnail\" alt=\"\" srcset=\"https:\/\/www.aarquiteta.com.br\/blog\/wp-content\/uploads\/2021\/07\/blocos-lumion-Carro-Audi-Q7.png 1080w, https:\/\/www.aarquiteta.com.br\/blog\/wp-content\/uploads\/2021\/07\/blocos-lumion-Carro-Audi-Q7-1024x1024.png 1024w, https:\/\/www.aarquiteta.com.br\/blog\/wp-content\/uploads\/2021\/07\/blocos-lumion-Carro-Audi-Q7-696x696.png 696w, https:\/\/www.aarquiteta.com.br\/blog\/wp-content\/uploads\/2021\/07\/blocos-lumion-Carro-Audi-Q7-96x96.png 96w, https:\/\/www.aarquiteta.com.br\/blog\/wp-content\/uploads\/2021\/07\/blocos-lumion-Carro-Audi-Q7-150x150.png 150w\" sizes=\"(max-width: 96px) 100vw, 96px\" title=\"\"><\/a>\t\t\t<\/div><\/figure><figure class='gallery-item'>\t\t\t<div class='gallery-icon landscape'>\t\t\t\t<a href=\"https:\/\/www.aarquiteta.com.br\/blog\/lumion-o-que-e\/blocos-lumion-carro-bmw-i8\/\"><img decoding=\"async\" width=\"96\" height=\"96\" src=\"https:\/\/www.aarquiteta.com.br\/blog\/wp-content\/uploads\/2021\/07\/blocos-lumion-Carro-Bmw-i8.png\" class=\"attachment-thumbnail size-thumbnail\" alt=\"\" srcset=\"https:\/\/www.aarquiteta.com.br\/blog\/wp-content\/uploads\/2021\/07\/blocos-lumion-Carro-Bmw-i8.png 1080w, https:\/\/www.aarquiteta.com.br\/blog\/wp-content\/uploads\/2021\/07\/blocos-lumion-Carro-Bmw-i8-1024x1024.png 1024w, https:\/\/www.aarquiteta.com.br\/blog\/wp-content\/uploads\/2021\/07\/blocos-lumion-Carro-Bmw-i8-696x696.png 696w, https:\/\/www.aarquiteta.com.br\/blog\/wp-content\/uploads\/2021\/07\/blocos-lumion-Carro-Bmw-i8-96x96.png 96w, https:\/\/www.aarquiteta.com.br\/blog\/wp-content\/uploads\/2021\/07\/blocos-lumion-Carro-Bmw-i8-150x150.png 150w\" sizes=\"(max-width: 96px) 100vw, 96px\" title=\"\"><\/a>\t\t\t<\/div><\/figure><figure class='gallery-item'>\t\t\t<div class='gallery-icon landscape'>\t\t\t\t<a href=\"https:\/\/www.aarquiteta.com.br\/blog\/lumion-o-que-e\/blocos-lumion-carro-evoque\/\"><img decoding=\"async\" width=\"96\" height=\"96\" src=\"https:\/\/www.aarquiteta.com.br\/blog\/wp-content\/uploads\/2021\/07\/blocos-lumion-Carro-Evoque.png\" class=\"attachment-thumbnail size-thumbnail\" alt=\"\" srcset=\"https:\/\/www.aarquiteta.com.br\/blog\/wp-content\/uploads\/2021\/07\/blocos-lumion-Carro-Evoque.png 1080w, https:\/\/www.aarquiteta.com.br\/blog\/wp-content\/uploads\/2021\/07\/blocos-lumion-Carro-Evoque-1024x1024.png 1024w, https:\/\/www.aarquiteta.com.br\/blog\/wp-content\/uploads\/2021\/07\/blocos-lumion-Carro-Evoque-696x696.png 696w, https:\/\/www.aarquiteta.com.br\/blog\/wp-content\/uploads\/2021\/07\/blocos-lumion-Carro-Evoque-96x96.png 96w, https:\/\/www.aarquiteta.com.br\/blog\/wp-content\/uploads\/2021\/07\/blocos-lumion-Carro-Evoque-150x150.png 150w\" sizes=\"(max-width: 96px) 100vw, 96px\" title=\"\"><\/a>\t\t\t<\/div><\/figure><figure class='gallery-item'>\t\t\t<div class='gallery-icon landscape'>\t\t\t\t<a href=\"https:\/\/www.aarquiteta.com.br\/blog\/lumion-o-que-e\/blocos-lumion-carro-maverick\/\"><img decoding=\"async\" width=\"96\" height=\"96\" src=\"https:\/\/www.aarquiteta.com.br\/blog\/wp-content\/uploads\/2021\/07\/blocos-lumion-Carro-Maverick.jpg\" class=\"attachment-thumbnail size-thumbnail\" alt=\"\" srcset=\"https:\/\/www.aarquiteta.com.br\/blog\/wp-content\/uploads\/2021\/07\/blocos-lumion-Carro-Maverick.jpg 1080w, https:\/\/www.aarquiteta.com.br\/blog\/wp-content\/uploads\/2021\/07\/blocos-lumion-Carro-Maverick-1024x1024.jpg 1024w, https:\/\/www.aarquiteta.com.br\/blog\/wp-content\/uploads\/2021\/07\/blocos-lumion-Carro-Maverick-696x696.jpg 696w, https:\/\/www.aarquiteta.com.br\/blog\/wp-content\/uploads\/2021\/07\/blocos-lumion-Carro-Maverick-96x96.jpg 96w, https:\/\/www.aarquiteta.com.br\/blog\/wp-content\/uploads\/2021\/07\/blocos-lumion-Carro-Maverick-150x150.jpg 150w\" sizes=\"(max-width: 96px) 100vw, 96px\" title=\"\"><\/a>\t\t\t<\/div><\/figure><figure class='gallery-item'>\t\t\t<div class='gallery-icon landscape'>\t\t\t\t<a href=\"https:\/\/www.aarquiteta.com.br\/blog\/lumion-o-que-e\/blocos-lumion-casa8\/\"><img decoding=\"async\" width=\"96\" height=\"96\" src=\"https:\/\/www.aarquiteta.com.br\/blog\/wp-content\/uploads\/2021\/07\/blocos-lumion-Casa8.jpg\" class=\"attachment-thumbnail size-thumbnail\" alt=\"\" srcset=\"https:\/\/www.aarquiteta.com.br\/blog\/wp-content\/uploads\/2021\/07\/blocos-lumion-Casa8.jpg 1080w, https:\/\/www.aarquiteta.com.br\/blog\/wp-content\/uploads\/2021\/07\/blocos-lumion-Casa8-1024x1024.jpg 1024w, https:\/\/www.aarquiteta.com.br\/blog\/wp-content\/uploads\/2021\/07\/blocos-lumion-Casa8-696x696.jpg 696w, https:\/\/www.aarquiteta.com.br\/blog\/wp-content\/uploads\/2021\/07\/blocos-lumion-Casa8-96x96.jpg 96w, https:\/\/www.aarquiteta.com.br\/blog\/wp-content\/uploads\/2021\/07\/blocos-lumion-Casa8-150x150.jpg 150w\" sizes=\"(max-width: 96px) 100vw, 96px\" title=\"\"><\/a>\t\t\t<\/div><\/figure><figure class='gallery-item'>\t\t\t<div class='gallery-icon landscape'>\t\t\t\t<a href=\"https:\/\/www.aarquiteta.com.br\/blog\/lumion-o-que-e\/blocos-lumion-casa21\/\"><img decoding=\"async\" width=\"96\" height=\"96\" src=\"https:\/\/www.aarquiteta.com.br\/blog\/wp-content\/uploads\/2021\/07\/blocos-lumion-Casa21.jpg\" class=\"attachment-thumbnail size-thumbnail\" alt=\"\" srcset=\"https:\/\/www.aarquiteta.com.br\/blog\/wp-content\/uploads\/2021\/07\/blocos-lumion-Casa21.jpg 1080w, https:\/\/www.aarquiteta.com.br\/blog\/wp-content\/uploads\/2021\/07\/blocos-lumion-Casa21-1024x1024.jpg 1024w, https:\/\/www.aarquiteta.com.br\/blog\/wp-content\/uploads\/2021\/07\/blocos-lumion-Casa21-696x696.jpg 696w, https:\/\/www.aarquiteta.com.br\/blog\/wp-content\/uploads\/2021\/07\/blocos-lumion-Casa21-96x96.jpg 96w, https:\/\/www.aarquiteta.com.br\/blog\/wp-content\/uploads\/2021\/07\/blocos-lumion-Casa21-150x150.jpg 150w\" sizes=\"(max-width: 96px) 100vw, 96px\" title=\"\"><\/a>\t\t\t<\/div><\/figure><figure class='gallery-item'>\t\t\t<div class='gallery-icon landscape'>\t\t\t\t<a href=\"https:\/\/www.aarquiteta.com.br\/blog\/lumion-o-que-e\/blocos-lumion-casa21-2\/\"><img decoding=\"async\" width=\"96\" height=\"96\" src=\"https:\/\/www.aarquiteta.com.br\/blog\/wp-content\/uploads\/2021\/07\/blocos-lumion-Casa21-2.jpg\" class=\"attachment-thumbnail size-thumbnail\" alt=\"\" srcset=\"https:\/\/www.aarquiteta.com.br\/blog\/wp-content\/uploads\/2021\/07\/blocos-lumion-Casa21-2.jpg 1080w, https:\/\/www.aarquiteta.com.br\/blog\/wp-content\/uploads\/2021\/07\/blocos-lumion-Casa21-2-1024x1024.jpg 1024w, https:\/\/www.aarquiteta.com.br\/blog\/wp-content\/uploads\/2021\/07\/blocos-lumion-Casa21-2-696x696.jpg 696w, https:\/\/www.aarquiteta.com.br\/blog\/wp-content\/uploads\/2021\/07\/blocos-lumion-Casa21-2-96x96.jpg 96w, https:\/\/www.aarquiteta.com.br\/blog\/wp-content\/uploads\/2021\/07\/blocos-lumion-Casa21-2-150x150.jpg 150w\" sizes=\"(max-width: 96px) 100vw, 96px\" title=\"\"><\/a>\t\t\t<\/div><\/figure><figure class='gallery-item'>\t\t\t<div class='gallery-icon landscape'>\t\t\t\t<a href=\"https:\/\/www.aarquiteta.com.br\/blog\/lumion-o-que-e\/blocos-lumion-cmoto-cb1000\/\"><img decoding=\"async\" width=\"96\" height=\"96\" src=\"https:\/\/www.aarquiteta.com.br\/blog\/wp-content\/uploads\/2021\/07\/blocos-lumion-cMoto-CB1000.png\" class=\"attachment-thumbnail size-thumbnail\" alt=\"\" srcset=\"https:\/\/www.aarquiteta.com.br\/blog\/wp-content\/uploads\/2021\/07\/blocos-lumion-cMoto-CB1000.png 1080w, https:\/\/www.aarquiteta.com.br\/blog\/wp-content\/uploads\/2021\/07\/blocos-lumion-cMoto-CB1000-1024x1024.png 1024w, https:\/\/www.aarquiteta.com.br\/blog\/wp-content\/uploads\/2021\/07\/blocos-lumion-cMoto-CB1000-696x696.png 696w, https:\/\/www.aarquiteta.com.br\/blog\/wp-content\/uploads\/2021\/07\/blocos-lumion-cMoto-CB1000-96x96.png 96w, https:\/\/www.aarquiteta.com.br\/blog\/wp-content\/uploads\/2021\/07\/blocos-lumion-cMoto-CB1000-150x150.png 150w\" sizes=\"(max-width: 96px) 100vw, 96px\" title=\"\"><\/a>\t\t\t<\/div><\/figure><figure class='gallery-item'>\t\t\t<div class='gallery-icon landscape'>\t\t\t\t<a href=\"https:\/\/www.aarquiteta.com.br\/blog\/lumion-o-que-e\/blocos-lumion-poste-de-luz-1\/\"><img decoding=\"async\" width=\"96\" height=\"96\" src=\"https:\/\/www.aarquiteta.com.br\/blog\/wp-content\/uploads\/2021\/07\/blocos-lumion-Poste-de-luz-1.png\" class=\"attachment-thumbnail size-thumbnail\" alt=\"\" srcset=\"https:\/\/www.aarquiteta.com.br\/blog\/wp-content\/uploads\/2021\/07\/blocos-lumion-Poste-de-luz-1.png 1080w, https:\/\/www.aarquiteta.com.br\/blog\/wp-content\/uploads\/2021\/07\/blocos-lumion-Poste-de-luz-1-1024x1024.png 1024w, https:\/\/www.aarquiteta.com.br\/blog\/wp-content\/uploads\/2021\/07\/blocos-lumion-Poste-de-luz-1-696x696.png 696w, https:\/\/www.aarquiteta.com.br\/blog\/wp-content\/uploads\/2021\/07\/blocos-lumion-Poste-de-luz-1-96x96.png 96w, https:\/\/www.aarquiteta.com.br\/blog\/wp-content\/uploads\/2021\/07\/blocos-lumion-Poste-de-luz-1-150x150.png 150w\" sizes=\"(max-width: 96px) 100vw, 96px\" title=\"\"><\/a>\t\t\t<\/div><\/figure><figure class='gallery-item'>\t\t\t<div class='gallery-icon landscape'>\t\t\t\t<a href=\"https:\/\/www.aarquiteta.com.br\/blog\/lumion-o-que-e\/blocos-lumion-predio7\/\"><img decoding=\"async\" width=\"96\" height=\"96\" src=\"https:\/\/www.aarquiteta.com.br\/blog\/wp-content\/uploads\/2021\/07\/blocos-lumion-Predio7.png\" class=\"attachment-thumbnail size-thumbnail\" alt=\"\" srcset=\"https:\/\/www.aarquiteta.com.br\/blog\/wp-content\/uploads\/2021\/07\/blocos-lumion-Predio7.png 1080w, https:\/\/www.aarquiteta.com.br\/blog\/wp-content\/uploads\/2021\/07\/blocos-lumion-Predio7-1024x1024.png 1024w, https:\/\/www.aarquiteta.com.br\/blog\/wp-content\/uploads\/2021\/07\/blocos-lumion-Predio7-696x696.png 696w, https:\/\/www.aarquiteta.com.br\/blog\/wp-content\/uploads\/2021\/07\/blocos-lumion-Predio7-96x96.png 96w, https:\/\/www.aarquiteta.com.br\/blog\/wp-content\/uploads\/2021\/07\/blocos-lumion-Predio7-150x150.png 150w\" sizes=\"(max-width: 96px) 100vw, 96px\" title=\"\"><\/a>\t\t\t<\/div><\/figure><figure class='gallery-item'>\t\t\t<div class='gallery-icon landscape'>\t\t\t\t<a href=\"https:\/\/www.aarquiteta.com.br\/blog\/lumion-o-que-e\/blocos-lumion-predio7_\/\"><img decoding=\"async\" width=\"96\" height=\"96\" src=\"https:\/\/www.aarquiteta.com.br\/blog\/wp-content\/uploads\/2021\/07\/blocos-lumion-Predio7_.png\" class=\"attachment-thumbnail size-thumbnail\" alt=\"\" srcset=\"https:\/\/www.aarquiteta.com.br\/blog\/wp-content\/uploads\/2021\/07\/blocos-lumion-Predio7_.png 1080w, https:\/\/www.aarquiteta.com.br\/blog\/wp-content\/uploads\/2021\/07\/blocos-lumion-Predio7_-1024x1024.png 1024w, https:\/\/www.aarquiteta.com.br\/blog\/wp-content\/uploads\/2021\/07\/blocos-lumion-Predio7_-696x696.png 696w, https:\/\/www.aarquiteta.com.br\/blog\/wp-content\/uploads\/2021\/07\/blocos-lumion-Predio7_-96x96.png 96w, https:\/\/www.aarquiteta.com.br\/blog\/wp-content\/uploads\/2021\/07\/blocos-lumion-Predio7_-150x150.png 150w\" sizes=\"(max-width: 96px) 100vw, 96px\" title=\"\"><\/a>\t\t\t<\/div><\/figure><figure class='gallery-item'>\t\t\t<div class='gallery-icon landscape'>\t\t\t\t<a href=\"https:\/\/www.aarquiteta.com.br\/blog\/lumion-o-que-e\/blocos-lumion-predio33\/\"><img decoding=\"async\" width=\"96\" height=\"96\" src=\"https:\/\/www.aarquiteta.com.br\/blog\/wp-content\/uploads\/2021\/07\/blocos-lumion-Predio33.png\" class=\"attachment-thumbnail size-thumbnail\" alt=\"\" srcset=\"https:\/\/www.aarquiteta.com.br\/blog\/wp-content\/uploads\/2021\/07\/blocos-lumion-Predio33.png 1075w, https:\/\/www.aarquiteta.com.br\/blog\/wp-content\/uploads\/2021\/07\/blocos-lumion-Predio33-1024x1024.png 1024w, https:\/\/www.aarquiteta.com.br\/blog\/wp-content\/uploads\/2021\/07\/blocos-lumion-Predio33-696x696.png 696w, https:\/\/www.aarquiteta.com.br\/blog\/wp-content\/uploads\/2021\/07\/blocos-lumion-Predio33-96x96.png 96w, https:\/\/www.aarquiteta.com.br\/blog\/wp-content\/uploads\/2021\/07\/blocos-lumion-Predio33-150x150.png 150w\" sizes=\"(max-width: 96px) 100vw, 96px\" title=\"\"><\/a>\t\t\t<\/div><\/figure><figure class='gallery-item'>\t\t\t<div class='gallery-icon landscape'>\t\t\t\t<a href=\"https:\/\/www.aarquiteta.com.br\/blog\/lumion-o-que-e\/blocos-lumion-predio33_\/\"><img decoding=\"async\" width=\"96\" height=\"96\" src=\"https:\/\/www.aarquiteta.com.br\/blog\/wp-content\/uploads\/2021\/07\/blocos-lumion-Predio33_.png\" class=\"attachment-thumbnail size-thumbnail\" alt=\"\" srcset=\"https:\/\/www.aarquiteta.com.br\/blog\/wp-content\/uploads\/2021\/07\/blocos-lumion-Predio33_.png 1075w, https:\/\/www.aarquiteta.com.br\/blog\/wp-content\/uploads\/2021\/07\/blocos-lumion-Predio33_-1024x1024.png 1024w, https:\/\/www.aarquiteta.com.br\/blog\/wp-content\/uploads\/2021\/07\/blocos-lumion-Predio33_-696x696.png 696w, https:\/\/www.aarquiteta.com.br\/blog\/wp-content\/uploads\/2021\/07\/blocos-lumion-Predio33_-96x96.png 96w, https:\/\/www.aarquiteta.com.br\/blog\/wp-content\/uploads\/2021\/07\/blocos-lumion-Predio33_-150x150.png 150w\" sizes=\"(max-width: 96px) 100vw, 96px\" title=\"\"><\/a>\t\t\t<\/div><\/figure>\t\t<\/div><p>Al\u00e9m do curso completo, n\u00f3s daremos de brinde estes 12 blocos da biblioteca de Lumion:<\/p><p>E SIM! Se voc\u00ea for aluno do nosso curso, ter\u00e1 um\u00a0<strong>DESCONTO<\/strong>\u00a0na compra do pacote de blocos completo!<\/p><h2>Sobre o curso de Lumion<\/h2><p><img decoding=\"async\" class=\"alignnone size-large wp-image-256265\" src=\"https:\/\/www.aarquiteta.com.br\/wp-content\/uploads\/2021\/06\/antes-x-depois-922x1024.png\" sizes=\"(max-width: 640px) 100vw, 640px\" srcset=\"https:\/\/www.aarquiteta.com.br\/wp-content\/uploads\/2021\/06\/antes-x-depois-922x1024.png 922w, https:\/\/www.aarquiteta.com.br\/wp-content\/uploads\/2021\/06\/antes-x-depois-270x300.png 270w, https:\/\/www.aarquiteta.com.br\/wp-content\/uploads\/2021\/06\/antes-x-depois-768x853.png 768w, https:\/\/www.aarquiteta.com.br\/wp-content\/uploads\/2021\/06\/antes-x-depois-60x67.png 60w, https:\/\/www.aarquiteta.com.br\/wp-content\/uploads\/2021\/06\/antes-x-depois-110x122.png 110w, https:\/\/www.aarquiteta.com.br\/wp-content\/uploads\/2021\/06\/antes-x-depois-600x667.png 600w, https:\/\/www.aarquiteta.com.br\/wp-content\/uploads\/2021\/06\/antes-x-depois.png 1080w\" alt=\"\" width=\"640\" height=\"711\" title=\"\"><\/p><p>Os valores s\u00e3o \u00fanicos e os cursos s\u00e3o vital\u00edcios, ou seja, o curso de Lumion \u00e9 seu para sempre!<\/p><p>Voc\u00ea ter\u00e1 tamb\u00e9m sempre que precisar o Professor a sua disposi\u00e7\u00e3o por e-mail e\/ou Telegram.<\/p><p>Nossos cursos possuem tamb\u00e9m Certifica\u00e7\u00e3o, atrav\u00e9s de um exerc\u00edcio prova a n\u00f3s enviado quando estiver preparado para realizar a mesma.<\/p><p>A certifica\u00e7\u00e3o vale como horas de est\u00e1gio em institui\u00e7\u00f5es de ensino ou para apresenta\u00e7\u00e3o em empresas.<\/p><h3>Aulas do curso de Lumion<\/h3><p>01 \u2013 Conhecendo o Lumion e importando seu projeto 3D<\/p><p>02 \u2013 Defini\u00e7\u00f5es de camera e cria\u00e7\u00e3o de efeitos basicos<\/p><p>03 \u2013 Constru\u00e7\u00e3o dos Presets de luzes<\/p><p>04 \u2013 Materiais e textura dena externa<\/p><p>05 \u2013 Humaniza\u00e7\u00e3o de cenarios e layers<\/p><p>06 \u2013 Ilumina\u00e7\u00e3o externa e de apoio<\/p><p>07 \u2013 Ajustes e revis\u00f5es para o render final<\/p><p>08 \u2013 Constru\u00e7\u00e3o de presstes para a cena interna<\/p><p>09 \u2013 Ilumina\u00e7\u00e3o render interno e ajustes complementares<\/p><p>10 \u2013 Renderiza\u00e7\u00e3o 360<\/p><p>11 \u2013 Anima\u00e7\u00f5es e movimenta\u00e7\u00e3o de cameras<\/p><p>12 \u2013 Efeitos para anima\u00e7\u00f5es<\/p><p><img decoding=\"async\" class=\"alignnone size-large wp-image-256266\" src=\"https:\/\/www.aarquiteta.com.br\/wp-content\/uploads\/2021\/06\/antes-x-depois2-922x1024.png\" sizes=\"(max-width: 640px) 100vw, 640px\" srcset=\"https:\/\/www.aarquiteta.com.br\/wp-content\/uploads\/2021\/06\/antes-x-depois2-922x1024.png 922w, https:\/\/www.aarquiteta.com.br\/wp-content\/uploads\/2021\/06\/antes-x-depois2-270x300.png 270w, https:\/\/www.aarquiteta.com.br\/wp-content\/uploads\/2021\/06\/antes-x-depois2-768x853.png 768w, https:\/\/www.aarquiteta.com.br\/wp-content\/uploads\/2021\/06\/antes-x-depois2-60x67.png 60w, https:\/\/www.aarquiteta.com.br\/wp-content\/uploads\/2021\/06\/antes-x-depois2-110x122.png 110w, https:\/\/www.aarquiteta.com.br\/wp-content\/uploads\/2021\/06\/antes-x-depois2-600x667.png 600w, https:\/\/www.aarquiteta.com.br\/wp-content\/uploads\/2021\/06\/antes-x-depois2.png 1080w\" alt=\"\" width=\"640\" height=\"711\" title=\"\"><\/p><p>Aprenda com qualidade, n\u00e3o se frustre parando no meio de um curso e sinta-se realizado por conseguir expressar suas ideias e projetos do come\u00e7o ao fim, usando o nosso curso!<\/p><p><strong>ACESSE O CURSO DE LUMION <a href=\"https:\/\/www.aarquiteta.com.br\/curso-de-lumion\/\">NESTE LINK AQUI<\/a><\/strong><\/p><h5>Faltou algum ingrediente para a receita?<\/h5><p><em>N\u00e3o se preocupe! Fa\u00e7a suas compras pela internet!<\/em><\/p><p><em>E se voc\u00ea tiver<strong> Cart\u00e3o de Cr\u00e9dito<\/strong> voc\u00ea ainda pode utiliz\u00e1-lo para realizar suas c<strong>ompras pela internet.<\/strong> \u00a0<\/em><\/p><p><em>J\u00e1 conhece o Cart\u00e3o Atacad\u00e3o? Confira o Cart\u00e3o de Cr\u00e9dito da maior rede atacadista de alimentos. Aproveite as<a href=\"https:\/\/www.aarquiteta.com.br\/blog\/como-solicitar-cartao-atacadao\/\" target=\"_blank\" rel=\"noopener\"> vantagens exclusivas<\/a> e pe\u00e7a j\u00e1 o seu!<\/em><\/p><figure id=\"attachment_52493\" aria-describedby=\"caption-attachment-52493\" style=\"width: 1000px\" class=\"wp-caption aligncenter\"><a href=\"https:\/\/www.aarquiteta.com.br\/blog\/como-solicitar-cartao-atacadao\/\" target=\"_blank\" rel=\"noopener\"><img decoding=\"async\" class=\"wp-image-52493 size-full\" title=\"Cart\u00e3o Atacad\u00e3o - Cr\u00e9dito para comprar e prazo para pagar!\" src=\"https:\/\/www.aarquiteta.com.br\/blog\/wp-content\/uploads\/2021\/10\/cartao-atacadao-1.jpg\" alt=\"Cart\u00e3o Atacad\u00e3o - Cr\u00e9dito para comprar e prazo para pagar!\" width=\"1000\" height=\"250\" srcset=\"https:\/\/www.aarquiteta.com.br\/blog\/wp-content\/uploads\/2021\/10\/cartao-atacadao-1.jpg 1000w, https:\/\/www.aarquiteta.com.br\/blog\/wp-content\/uploads\/2021\/10\/cartao-atacadao-1-696x174.jpg 696w, https:\/\/www.aarquiteta.com.br\/blog\/wp-content\/uploads\/2021\/10\/cartao-atacadao-1-150x38.jpg 150w\" sizes=\"(max-width: 1000px) 100vw, 1000px\" \/><\/a><figcaption id=\"caption-attachment-52493\" class=\"wp-caption-text\"><a href=\"https:\/\/www.aarquiteta.com.br\/blog\/como-solicitar-cartao-atacadao\/\" target=\"_blank\" rel=\"noopener\">Cart\u00e3o Atacad\u00e3o &#8211; Cr\u00e9dito para comprar e prazo para pagar! Clique para saber mais!<\/a><\/figcaption><\/figure><p>&nbsp;<\/p><h2><em>Veja tamb\u00e9m:<\/em><\/h2><h3>Vai se formar em Arquitetura? Confira mais dicas:<\/h3><ul><li>O que esperar de uma <a href=\"https:\/\/www.aarquiteta.com.br\/blog\/faculdade-de-arquitetura\/\">Faculdade de Arquitetura<\/a>? Esteja preparado!<\/li><li>Quais s\u00e3o as <a href=\"https:\/\/www.aarquiteta.com.br\/blog\/carreira-e-arquitetura\/\">10 poss\u00edveis carreiras<\/a> para trabalhar na \u00e1rea de Arquitetura?<\/li><li>Quais s\u00e3o os <a href=\"https:\/\/www.aarquiteta.com.br\/blog\/programas-mais-usados-arquitetura\/\">programas de Arquitetura<\/a> mais usados em nosso mercado?<\/li><li><a href=\"https:\/\/www.aarquiteta.com.br\/blog\/quanto-ganha-um-arquiteto\/\">Quanto ganha um arquiteto<\/a>? Confira o sal\u00e1rio no Brasil e quanto ganha um aut\u00f4nomo<\/li><\/ul><p>Para ver mais exemplo do material <a href=\"https:\/\/br.pinterest.com\/search\/pins\/?q=madeira%20demolicao&amp;rs=typed&amp;term_meta[]=madeira%7Ctyped&amp;term_meta[]=demolicao%7Ctyped\" target=\"_blank\" rel=\"noopener\">acesse aqui:<\/a><\/p><p>E ai, gostou dessas inspira\u00e7\u00f5es que trouxemos para voc\u00ea?<\/p><p>Ent\u00e3o deslize a tela para baixo e<a href=\"https:\/\/br.pinterest.com\/aarquitetapinterest\/_created\/\" target=\"_blank\" rel=\"noopener\"> confira mais dicas<\/a> como esta e n\u00e3o se esque\u00e7a de compartilhar com os amigos!<\/p><p>Quer mais dicas sobre o mundo da Arquitetura e Decora\u00e7\u00e3o, ent\u00e3o confira alguns dos nossos artigos em:<\/p><ul><li><a href=\"https:\/\/www.aarquiteta.com.br\/blog\/paisagismo\/\" target=\"_blank\" rel=\"noopener\">Casa e Jardim<\/a><\/li><li><a href=\"https:\/\/www.aarquiteta.com.br\/blog\/arquitetura\/mundo-arquitetura\/\" target=\"_blank\" rel=\"noopener\">Mundo Arquitetura<\/a><\/li><li><a href=\"https:\/\/www.aarquiteta.com.br\/decoracao\/\" target=\"_blank\" rel=\"noopener\">Decora\u00e7\u00e3o<br \/>\n<\/a><\/li><\/ul>","protected":false},"excerpt":{"rendered":"<p>Lumion, para que serve?Lumion \u00e9 um software de renderiza\u00e7\u00e3o realista em tempo real para edif\u00edcios, produzido pela empresa holandesa ACT3d, ou seja, \u00e9 um programa para computador que ajuda os Arquitetos a capturar a conex\u00e3o profundamente pessoal entre uma casa ou pr\u00e9dio e as pessoas que os habitam.Ele suporta a importa\u00e7\u00e3o de modelos gerados nos [&hellip;]<\/p>\n","protected":false},"author":20,"featured_media":34538,"comment_status":"closed","ping_status":"closed","sticky":false,"template":"","format":"standard","meta":{"footnotes":""},"categories":[10005,33397,33407],"tags":[9232,9231],"class_list":["post-34537","post","type-post","status-publish","format-standard","has-post-thumbnail","category-casa-e-jardim","category-cursos-de-arquitetura-e-decoracao","category-lumion-cursos","tag-maquete-eletronica-lumion","tag-render-tempo-real"],"_wp_attached_file":null,"_wp_attachment_metadata":null,"_wp_attachment_context":null,"_wp_attachment_is_custom_header":null,"geo_longitude":null,"geo_public":null,"geo_latitude":null,"_publicize_done_external":null,"_wpas_done_3897181":null,"publicize_twitter_user":null,"_wpas_done_3897175":null,"_wpas_skip_3897181":null,"_wpas_skip_3897175":null,"_wpas_skip_3924723":null,"_wpas_mess":null,"_wpas_done_3924723":null,"wps_subtitle":"Confira neste artigo as dicas sobre o programa mais querido dos Arquitetos nos escrit\u00f3rios de arquitetura!","_links":{"self":[{"href":"https:\/\/www.aarquiteta.com.br\/blog\/wp-json\/wp\/v2\/posts\/34537","targetHints":{"allow":["GET"]}}],"collection":[{"href":"https:\/\/www.aarquiteta.com.br\/blog\/wp-json\/wp\/v2\/posts"}],"about":[{"href":"https:\/\/www.aarquiteta.com.br\/blog\/wp-json\/wp\/v2\/types\/post"}],"author":[{"embeddable":true,"href":"https:\/\/www.aarquiteta.com.br\/blog\/wp-json\/wp\/v2\/users\/20"}],"replies":[{"embeddable":true,"href":"https:\/\/www.aarquiteta.com.br\/blog\/wp-json\/wp\/v2\/comments?post=34537"}],"version-history":[{"count":0,"href":"https:\/\/www.aarquiteta.com.br\/blog\/wp-json\/wp\/v2\/posts\/34537\/revisions"}],"wp:featuredmedia":[{"embeddable":true,"href":"https:\/\/www.aarquiteta.com.br\/blog\/wp-json\/wp\/v2\/media\/34538"}],"wp:attachment":[{"href":"https:\/\/www.aarquiteta.com.br\/blog\/wp-json\/wp\/v2\/media?parent=34537"}],"wp:term":[{"taxonomy":"category","embeddable":true,"href":"https:\/\/www.aarquiteta.com.br\/blog\/wp-json\/wp\/v2\/categories?post=34537"},{"taxonomy":"post_tag","embeddable":true,"href":"https:\/\/www.aarquiteta.com.br\/blog\/wp-json\/wp\/v2\/tags?post=34537"}],"curies":[{"name":"wp","href":"https:\/\/api.w.org\/{rel}","templated":true}]}}